{"id":4858,"date":"2019-08-31T08:00:57","date_gmt":"2019-08-31T07:00:57","guid":{"rendered":"https:\/\/www.welovecycling.com\/hu\/?p=4858"},"modified":"2019-08-30T12:28:24","modified_gmt":"2019-08-30T11:28:24","slug":"friss-kutatas-a-porgos-zenetol-konnyebbnek-tunik-az-edzes","status":"publish","type":"post","link":"https:\/\/www.welovecycling.com\/hu\/edzes-es-eletmod\/friss-kutatas-a-porgos-zenetol-konnyebbnek-tunik-az-edzes\/","title":{"rendered":"Friss kutat\u00e1s: a p\u00f6rg\u0151s zen\u00e9t\u0151l k\u00f6nnyebbnek t\u0171nik az edz\u00e9s"},"content":{"rendered":"<p><strong>Abban nincs semmi \u00fajdons\u00e1g, hogy bring\u00e1z\u00e1s k\u00f6zben a kedvenc zen\u00e9det hallgatod, nagyon sok ker\u00e9kp\u00e1ros tesz \u00edgy. Tudtad viszont, hogy a zenev\u00e1laszt\u00e1sod hat\u00e1ssal lehet r\u00e1, mennyire \u00e9lvezed a teker\u00e9st?\u00a0 Egy \u00faj kutat\u00e1s bemutatja, mi\u00e9rt a p\u00f6rg\u0151s zen\u00e9k a legjobbak. L\u00e1ssuk h\u00e1t!<\/strong><!--more--><\/p>\n<h2><strong>A megfelel\u0151 zen\u00e9k<\/strong><\/h2>\n<p>A Psychology of Sport and Exercise nev\u0171 foly\u00f3iratban nemr\u00e9g megjelent \u00faj tanulm\u00e1ny azt pr\u00f3b\u00e1lta megfejteni, hogy milyen pszichol\u00f3giai \u00e9s fiziol\u00f3giai hat\u00e1sai vannak a motiv\u00e1ci\u00f3s zen\u00e9nek, a sprint intervallum edz\u00e9s (SIT) k\u00f6zben. A kutat\u00f3k els\u0151 k\u00f6rben kiv\u00e1lasztottak egy csoport feln\u0151ttet, hogy \u00e9rt\u00e9kelj\u00e9k 16 gyors temp\u00f3j\u00fa dal motiv\u00e1ci\u00f3s \u00e9rt\u00e9k\u00e9t. A 3 legmagasabb \u00e9rt\u00e9kel\u00e9st kapott dalt haszn\u00e1lt\u00e1k fel a tanulm\u00e1nyhoz.<\/p>\n<figure id=\"attachment_4859\" aria-describedby=\"caption-attachment-4859\" style=\"width: 1250px\" class=\"wp-caption alignnone\"><a href=\"https:\/\/d2p6e6u75xmxt8.cloudfront.net\/12\/2019\/08\/profimedia-0457244193.jpg\"><img loading=\"lazy\" decoding=\"async\" class=\"size-full wp-image-4859\" src=\"https:\/\/d2p6e6u75xmxt8.cloudfront.net\/12\/2019\/08\/profimedia-0457244193.jpg\" alt=\"\" width=\"1250\" height=\"833\" srcset=\"https:\/\/d2p6e6u75xmxt8.cloudfront.net\/12\/2019\/08\/profimedia-0457244193.jpg 1250w, https:\/\/d2p6e6u75xmxt8.cloudfront.net\/12\/2019\/08\/profimedia-0457244193-300x200.jpg 300w, https:\/\/d2p6e6u75xmxt8.cloudfront.net\/12\/2019\/08\/profimedia-0457244193-768x512.jpg 768w, https:\/\/d2p6e6u75xmxt8.cloudfront.net\/12\/2019\/08\/profimedia-0457244193-1024x682.jpg 1024w, https:\/\/d2p6e6u75xmxt8.cloudfront.net\/12\/2019\/08\/profimedia-0457244193-272x182.jpg 272w\" sizes=\"auto, (max-width: 1250px) 100vw, 1250px\" \/><\/a><figcaption id=\"caption-attachment-4859\" class=\"wp-caption-text\">\u00a9\u00a0Profimedia, Stock Budget<\/figcaption><\/figure>\n<p>\u201eA zen\u00e9t tipikusan disszoci\u00e1ci\u00f3s strat\u00e9giak\u00e9nt szokt\u00e1k alkalmazni. Ez azt jelenti, hogy el tudja terelni a figyelmedet a tested mozg\u00e1sra adott fiziol\u00f3giai v\u00e1laszair\u00f3l, mint p\u00e9ld\u00e1ul a magasabb sz\u00edvver\u00e9s vagy az izoml\u00e1z\u201d &#8211; mondja Matthew Stork, a Kanad\u00e1ban tal\u00e1lhat\u00f3 University of British Columbia egyetem eg\u00e9szs\u00e9g- \u00e9s mozg\u00e1studom\u00e1nyi int\u00e9zet\u00e9nek PhD-kutat\u00f3ja. \u201e\u00c1m magas intenzit\u00e1s\u00fa mozg\u00e1s eset\u00e9n \u00fagy t\u0171nik, hogy akkor a leghat\u00e1sosabb a zene, ha p\u00f6rg\u0151s a temp\u00f3ja \u00e9s nagyon motiv\u00e1l\u00f3.\u201d<\/p>\n<h2><strong>H\u00e1romszor h\u00fasz m\u00e1sodperc sprint<\/strong><\/h2>\n<p>A tanulm\u00e1ny alanyainak 24 olyan feln\u0151ttet v\u00e1lasztottak, akik nem sportolnak. Ebb\u0151l 12 n\u0151 \u00e9s 12 f\u00e9rfi, akik kor\u00e1bban m\u00e9g sosem pr\u00f3b\u00e1lt\u00e1k a sprint intervallum edz\u00e9st. Azt a feladatot kapt\u00e1k, hogy teljes\u00edtsenek 3 SIT pr\u00f3b\u00e1t, k\u00fcl\u00f6nb\u00f6z\u0151 k\u00f6r\u00fclm\u00e9nyek k\u00f6z\u00f6tt; motiv\u00e1ci\u00f3s zen\u00e9vel, (f\u0151leg besz\u00e9lget\u00e9st tartalmaz\u00f3) podcasttal zene n\u00e9lk\u00fcl, illetve \u00fagy, hogy nem hallgatnak semmit. A SIT h\u00e1romszor 20 m\u00e1sodperces, er\u0151teljes sprintekb\u0151l \u00e1ll, amelyek kieg\u00e9sz\u00fclnek r\u00f6videbb pihen\u00e9sekkel, illetve bemeleg\u00edt\u0151 \u00e9s levezet\u0151 r\u00e9szekkel, az \u00f6sszesen 10 perces gyakorlat sor\u00e1n.<\/p>\n<h2><strong>Zen\u00e9vel jobban \u00e9lvezt\u00e9k az edz\u00e9st<\/strong><\/h2>\n<p>A r\u00e9sztvev\u0151k arr\u00f3l sz\u00e1moltak be, hogy zen\u00e9vel jobban \u00e9lvezt\u00e9k a magas intenzit\u00e1s\u00fa edz\u00e9st. Emellett zen\u00e9vel magasabb sz\u00edvver\u00e9st \u00e9s er\u0151kifejt\u00e9st tapasztaltak, mint amikor nem hallgattak semmit.<\/p>\n<p><a href=\"https:\/\/d2p6e6u75xmxt8.cloudfront.net\/12\/2019\/07\/Training-Road-Pexels-CVR.jpg\"><img loading=\"lazy\" decoding=\"async\" class=\"alignnone size-full wp-image-4610\" src=\"https:\/\/d2p6e6u75xmxt8.cloudfront.net\/12\/2019\/07\/Training-Road-Pexels-CVR.jpg\" alt=\"\" width=\"1366\" height=\"600\" srcset=\"https:\/\/d2p6e6u75xmxt8.cloudfront.net\/12\/2019\/07\/Training-Road-Pexels-CVR.jpg 1366w, https:\/\/d2p6e6u75xmxt8.cloudfront.net\/12\/2019\/07\/Training-Road-Pexels-CVR-300x132.jpg 300w, https:\/\/d2p6e6u75xmxt8.cloudfront.net\/12\/2019\/07\/Training-Road-Pexels-CVR-768x337.jpg 768w, https:\/\/d2p6e6u75xmxt8.cloudfront.net\/12\/2019\/07\/Training-Road-Pexels-CVR-1024x450.jpg 1024w\" sizes=\"auto, (max-width: 1366px) 100vw, 1366px\" \/><\/a><\/p>\n<p>\u201eUgyan a magas intenzit\u00e1s\u00fa intervallum edz\u00e9s id\u0151takar\u00e9kos \u00e9s jelent\u0151s pozit\u00edv eg\u00e9szs\u00e9g\u00fcgyi hat\u00e1sai vannak azokn\u00e1l a feln\u0151ttekn\u00e9l, akik nem mozognak rendszeresen, viszont nagy h\u00e1tr\u00e1nya, hogy sokak sz\u00e1m\u00e1ra el\u00e9g kellemetlennek bizonyulhat. Emiatt nagy az es\u00e9ly r\u00e1, hogy nem akarj\u00e1k majd folytatni\u201d &#8211; mondja Stork. \u201eTudtuk, hogy a motiv\u00e1ci\u00f3s zene seg\u00edteni fog abban, hogy jobban \u00e9lvezz\u00e9k az edz\u00e9st, de a magasabb pulzussz\u00e1m minket is meglepett. Ez egy teljesen \u00faj felfedez\u00e9s volt.\u201d<\/p>\n<p>A szerz\u0151 azon elm\u00e9lkedik, hogy vajon a magasabb pulzussz\u00e1mot lehet-e magyar\u00e1zni a h\u00faz\u00f3er\u0151 jelens\u00e9g\u00e9vel, amely azt jelenti, hogy az embereknek velesz\u00fcletett adotts\u00e1guk, hogy a biol\u00f3giai ritmusukat a zene ritmus\u00e1hoz igaz\u00edts\u00e1k.<\/p>\n<h2><strong>A zene seg\u00edt a kev\u00e9sb\u00e9 akt\u00edv embereknek t\u00f6bbet kihozni az edz\u00e9sb\u0151l<\/strong><\/h2>\n<p>Ez a kutat\u00e1s nagyszer\u0171 h\u00edrekkel szolg\u00e1l azoknak, akik nem sportolnak eleget. A megfelel\u0151 zenev\u00e1laszt\u00e1s hat\u00e9konyabb edz\u00e9sre sarkallhatja \u0151ket \u00e9s \u00e9lvezni is jobban fogj\u00e1k azt. Lehet, hogy ett\u0151l fognak r\u00e1kattanni a rendszeres HIIT edz\u00e9sekre.<\/p>\n","protected":false},"excerpt":{"rendered":"<p>Abban nincs semmi \u00fajdons\u00e1g, hogy bring\u00e1z\u00e1s k\u00f6zben a kedvenc zen\u00e9det hallgatod, nagyon sok ker\u00e9kp\u00e1ros tesz \u00edgy. Tudtad viszont, hogy a [&hellip;]<\/p>\n","protected":false},"author":71,"featured_media":4861,"comment_status":"open","ping_status":"open","sticky":false,"template":"","format":"standard","meta":{"footnotes":""},"categories":[6],"tags":[],"global-categories":[],"class_list":["post-4858","post","type-post","status-publish","format-standard","has-post-thumbnail","hentry","category-edzes-es-eletmod"],"yoast_head":"<!-- This site is optimized with the Yoast SEO Premium plugin v25.3 (Yoast SEO v25.9) - https:\/\/yoast.com\/wordpress\/plugins\/seo\/ -->\n<title>Friss kutat\u00e1s: a p\u00f6rg\u0151s zen\u00e9t\u0151l k\u00f6nnyebbnek t\u0171nik az edz\u00e9s - \u0160koda We Love Cycling - Magyarorsz\u00e1g<\/title>\n<meta name=\"robots\" content=\"index, follow, max-snippet:-1, max-image-preview:large, max-video-preview:-1\" \/>\n<link rel=\"canonical\" href=\"https:\/\/www.welovecycling.com\/hu\/edzes-es-eletmod\/friss-kutatas-a-porgos-zenetol-konnyebbnek-tunik-az-edzes\/\" \/>\n<meta property=\"og:locale\" content=\"hu_HU\" \/>\n<meta property=\"og:type\" content=\"article\" \/>\n<meta property=\"og:title\" content=\"Friss kutat\u00e1s: a p\u00f6rg\u0151s zen\u00e9t\u0151l k\u00f6nnyebbnek t\u0171nik az edz\u00e9s\" \/>\n<meta property=\"og:description\" content=\"Abban nincs semmi \u00fajdons\u00e1g, hogy bring\u00e1z\u00e1s k\u00f6zben a kedvenc zen\u00e9det hallgatod, nagyon sok ker\u00e9kp\u00e1ros tesz \u00edgy. Tudtad viszont, hogy a [&hellip;]\" \/>\n<meta property=\"og:url\" content=\"https:\/\/www.welovecycling.com\/hu\/edzes-es-eletmod\/friss-kutatas-a-porgos-zenetol-konnyebbnek-tunik-az-edzes\/\" \/>\n<meta property=\"og:site_name\" content=\"\u0160koda We Love Cycling - Magyarorsz\u00e1g\" \/>\n<meta property=\"article:publisher\" content=\"https:\/\/www.facebook.com\/WeLoveCyclingHungary\/\" \/>\n<meta property=\"article:published_time\" content=\"2019-08-31T07:00:57+00:00\" \/>\n<meta property=\"og:image\" content=\"https:\/\/d2p6e6u75xmxt8.cloudfront.net\/12\/2019\/08\/spinning-class-CVR-profimedia-0461662011.jpg\" \/>\n\t<meta property=\"og:image:width\" content=\"1366\" \/>\n\t<meta property=\"og:image:height\" content=\"600\" \/>\n\t<meta property=\"og:image:type\" content=\"image\/jpeg\" \/>\n<meta name=\"author\" content=\"hegyizs\" \/>\n<meta name=\"twitter:card\" content=\"summary_large_image\" \/>\n<meta name=\"twitter:label1\" content=\"Written by\" \/>\n\t<meta name=\"twitter:data1\" content=\"Jiri Kaloc\" \/>\n\t<meta name=\"twitter:label2\" content=\"Est. reading time\" \/>\n\t<meta name=\"twitter:data2\" content=\"5\" \/>\n<script type=\"application\/ld+json\" class=\"yoast-schema-graph\">{\"@context\":\"https:\/\/schema.org\",\"@graph\":[{\"@type\":\"WebPage\",\"@id\":\"https:\/\/www.welovecycling.com\/hu\/edzes-es-eletmod\/friss-kutatas-a-porgos-zenetol-konnyebbnek-tunik-az-edzes\/\",\"url\":\"https:\/\/www.welovecycling.com\/hu\/edzes-es-eletmod\/friss-kutatas-a-porgos-zenetol-konnyebbnek-tunik-az-edzes\/\",\"name\":\"Friss kutat\u00e1s: a p\u00f6rg\u0151s zen\u00e9t\u0151l k\u00f6nnyebbnek t\u0171nik az edz\u00e9s - \u0160koda We Love Cycling - Magyarorsz\u00e1g\",\"isPartOf\":{\"@id\":\"https:\/\/www.welovecycling.com\/hu\/#website\"},\"primaryImageOfPage\":{\"@id\":\"https:\/\/www.welovecycling.com\/hu\/edzes-es-eletmod\/friss-kutatas-a-porgos-zenetol-konnyebbnek-tunik-az-edzes\/#primaryimage\"},\"image\":{\"@id\":\"https:\/\/www.welovecycling.com\/hu\/edzes-es-eletmod\/friss-kutatas-a-porgos-zenetol-konnyebbnek-tunik-az-edzes\/#primaryimage\"},\"thumbnailUrl\":\"https:\/\/d2p6e6u75xmxt8.cloudfront.net\/12\/2019\/08\/spinning-class-CVR-profimedia-0461662011.jpg\",\"datePublished\":\"2019-08-31T07:00:57+00:00\",\"author\":{\"@id\":\"https:\/\/www.welovecycling.com\/hu\/#\/schema\/person\/414a2aebf1801691a5320edb6468e194\"},\"breadcrumb\":{\"@id\":\"https:\/\/www.welovecycling.com\/hu\/edzes-es-eletmod\/friss-kutatas-a-porgos-zenetol-konnyebbnek-tunik-az-edzes\/#breadcrumb\"},\"inLanguage\":\"hu\",\"potentialAction\":[{\"@type\":\"ReadAction\",\"target\":[\"https:\/\/www.welovecycling.com\/hu\/edzes-es-eletmod\/friss-kutatas-a-porgos-zenetol-konnyebbnek-tunik-az-edzes\/\"]}]},{\"@type\":\"ImageObject\",\"inLanguage\":\"hu\",\"@id\":\"https:\/\/www.welovecycling.com\/hu\/edzes-es-eletmod\/friss-kutatas-a-porgos-zenetol-konnyebbnek-tunik-az-edzes\/#primaryimage\",\"url\":\"https:\/\/d2p6e6u75xmxt8.cloudfront.net\/12\/2019\/08\/spinning-class-CVR-profimedia-0461662011.jpg\",\"contentUrl\":\"https:\/\/d2p6e6u75xmxt8.cloudfront.net\/12\/2019\/08\/spinning-class-CVR-profimedia-0461662011.jpg\",\"width\":1366,\"height\":600},{\"@type\":\"BreadcrumbList\",\"@id\":\"https:\/\/www.welovecycling.com\/hu\/edzes-es-eletmod\/friss-kutatas-a-porgos-zenetol-konnyebbnek-tunik-az-edzes\/#breadcrumb\",\"itemListElement\":[{\"@type\":\"ListItem\",\"position\":1,\"name\":\"Home\",\"item\":\"https:\/\/www.welovecycling.com\/hu\/\"},{\"@type\":\"ListItem\",\"position\":2,\"name\":\"Friss kutat\u00e1s: a p\u00f6rg\u0151s zen\u00e9t\u0151l k\u00f6nnyebbnek t\u0171nik az edz\u00e9s\"}]},{\"@type\":\"WebSite\",\"@id\":\"https:\/\/www.welovecycling.com\/hu\/#website\",\"url\":\"https:\/\/www.welovecycling.com\/hu\/\",\"name\":\"\u0160koda We Love Cycling - Magyarorsz\u00e1g\",\"description\":\"\u0160koda WeLoveCycling\",\"potentialAction\":[{\"@type\":\"SearchAction\",\"target\":{\"@type\":\"EntryPoint\",\"urlTemplate\":\"https:\/\/www.welovecycling.com\/hu\/?s={search_term_string}\"},\"query-input\":{\"@type\":\"PropertyValueSpecification\",\"valueRequired\":true,\"valueName\":\"search_term_string\"}}],\"inLanguage\":\"hu\"},{\"@type\":\"Person\",\"@id\":\"https:\/\/www.welovecycling.com\/hu\/#\/schema\/person\/414a2aebf1801691a5320edb6468e194\",\"name\":\"hegyizs\",\"image\":{\"@type\":\"ImageObject\",\"inLanguage\":\"hu\",\"@id\":\"https:\/\/www.welovecycling.com\/hu\/#\/schema\/person\/image\/\",\"url\":\"https:\/\/secure.gravatar.com\/avatar\/02cf8a7906b8cf90cecb4679defac7cfd33a1c2e3b88e4903d947f3bb58eedd3?s=96&d=mm&r=g\",\"contentUrl\":\"https:\/\/secure.gravatar.com\/avatar\/02cf8a7906b8cf90cecb4679defac7cfd33a1c2e3b88e4903d947f3bb58eedd3?s=96&d=mm&r=g\",\"caption\":\"hegyizs\"},\"url\":\"https:\/\/www.welovecycling.com\/hu\/author\/hegyizs\/\"}]}<\/script>\n<!-- \/ Yoast SEO Premium plugin. -->","yoast_head_json":{"title":"Friss kutat\u00e1s: a p\u00f6rg\u0151s zen\u00e9t\u0151l k\u00f6nnyebbnek t\u0171nik az edz\u00e9s - \u0160koda We Love Cycling - Magyarorsz\u00e1g","robots":{"index":"index","follow":"follow","max-snippet":"max-snippet:-1","max-image-preview":"max-image-preview:large","max-video-preview":"max-video-preview:-1"},"canonical":"https:\/\/www.welovecycling.com\/hu\/edzes-es-eletmod\/friss-kutatas-a-porgos-zenetol-konnyebbnek-tunik-az-edzes\/","og_locale":"hu_HU","og_type":"article","og_title":"Friss kutat\u00e1s: a p\u00f6rg\u0151s zen\u00e9t\u0151l k\u00f6nnyebbnek t\u0171nik az edz\u00e9s","og_description":"Abban nincs semmi \u00fajdons\u00e1g, hogy bring\u00e1z\u00e1s k\u00f6zben a kedvenc zen\u00e9det hallgatod, nagyon sok ker\u00e9kp\u00e1ros tesz \u00edgy. Tudtad viszont, hogy a [&hellip;]","og_url":"https:\/\/www.welovecycling.com\/hu\/edzes-es-eletmod\/friss-kutatas-a-porgos-zenetol-konnyebbnek-tunik-az-edzes\/","og_site_name":"\u0160koda We Love Cycling - Magyarorsz\u00e1g","article_publisher":"https:\/\/www.facebook.com\/WeLoveCyclingHungary\/","article_published_time":"2019-08-31T07:00:57+00:00","og_image":[{"width":1366,"height":600,"url":"https:\/\/d2p6e6u75xmxt8.cloudfront.net\/12\/2019\/08\/spinning-class-CVR-profimedia-0461662011.jpg","type":"image\/jpeg"}],"author":"hegyizs","twitter_card":"summary_large_image","twitter_misc":{"Written by":"Jiri Kaloc","Est. reading time":"5"},"schema":{"@context":"https:\/\/schema.org","@graph":[{"@type":"WebPage","@id":"https:\/\/www.welovecycling.com\/hu\/edzes-es-eletmod\/friss-kutatas-a-porgos-zenetol-konnyebbnek-tunik-az-edzes\/","url":"https:\/\/www.welovecycling.com\/hu\/edzes-es-eletmod\/friss-kutatas-a-porgos-zenetol-konnyebbnek-tunik-az-edzes\/","name":"Friss kutat\u00e1s: a p\u00f6rg\u0151s zen\u00e9t\u0151l k\u00f6nnyebbnek t\u0171nik az edz\u00e9s - \u0160koda We Love Cycling - Magyarorsz\u00e1g","isPartOf":{"@id":"https:\/\/www.welovecycling.com\/hu\/#website"},"primaryImageOfPage":{"@id":"https:\/\/www.welovecycling.com\/hu\/edzes-es-eletmod\/friss-kutatas-a-porgos-zenetol-konnyebbnek-tunik-az-edzes\/#primaryimage"},"image":{"@id":"https:\/\/www.welovecycling.com\/hu\/edzes-es-eletmod\/friss-kutatas-a-porgos-zenetol-konnyebbnek-tunik-az-edzes\/#primaryimage"},"thumbnailUrl":"https:\/\/d2p6e6u75xmxt8.cloudfront.net\/12\/2019\/08\/spinning-class-CVR-profimedia-0461662011.jpg","datePublished":"2019-08-31T07:00:57+00:00","author":{"@id":"https:\/\/www.welovecycling.com\/hu\/#\/schema\/person\/414a2aebf1801691a5320edb6468e194"},"breadcrumb":{"@id":"https:\/\/www.welovecycling.com\/hu\/edzes-es-eletmod\/friss-kutatas-a-porgos-zenetol-konnyebbnek-tunik-az-edzes\/#breadcrumb"},"inLanguage":"hu","potentialAction":[{"@type":"ReadAction","target":["https:\/\/www.welovecycling.com\/hu\/edzes-es-eletmod\/friss-kutatas-a-porgos-zenetol-konnyebbnek-tunik-az-edzes\/"]}]},{"@type":"ImageObject","inLanguage":"hu","@id":"https:\/\/www.welovecycling.com\/hu\/edzes-es-eletmod\/friss-kutatas-a-porgos-zenetol-konnyebbnek-tunik-az-edzes\/#primaryimage","url":"https:\/\/d2p6e6u75xmxt8.cloudfront.net\/12\/2019\/08\/spinning-class-CVR-profimedia-0461662011.jpg","contentUrl":"https:\/\/d2p6e6u75xmxt8.cloudfront.net\/12\/2019\/08\/spinning-class-CVR-profimedia-0461662011.jpg","width":1366,"height":600},{"@type":"BreadcrumbList","@id":"https:\/\/www.welovecycling.com\/hu\/edzes-es-eletmod\/friss-kutatas-a-porgos-zenetol-konnyebbnek-tunik-az-edzes\/#breadcrumb","itemListElement":[{"@type":"ListItem","position":1,"name":"Home","item":"https:\/\/www.welovecycling.com\/hu\/"},{"@type":"ListItem","position":2,"name":"Friss kutat\u00e1s: a p\u00f6rg\u0151s zen\u00e9t\u0151l k\u00f6nnyebbnek t\u0171nik az edz\u00e9s"}]},{"@type":"WebSite","@id":"https:\/\/www.welovecycling.com\/hu\/#website","url":"https:\/\/www.welovecycling.com\/hu\/","name":"\u0160koda We Love Cycling - Magyarorsz\u00e1g","description":"\u0160koda WeLoveCycling","potentialAction":[{"@type":"SearchAction","target":{"@type":"EntryPoint","urlTemplate":"https:\/\/www.welovecycling.com\/hu\/?s={search_term_string}"},"query-input":{"@type":"PropertyValueSpecification","valueRequired":true,"valueName":"search_term_string"}}],"inLanguage":"hu"},{"@type":"Person","@id":"https:\/\/www.welovecycling.com\/hu\/#\/schema\/person\/414a2aebf1801691a5320edb6468e194","name":"hegyizs","image":{"@type":"ImageObject","inLanguage":"hu","@id":"https:\/\/www.welovecycling.com\/hu\/#\/schema\/person\/image\/","url":"https:\/\/secure.gravatar.com\/avatar\/02cf8a7906b8cf90cecb4679defac7cfd33a1c2e3b88e4903d947f3bb58eedd3?s=96&d=mm&r=g","contentUrl":"https:\/\/secure.gravatar.com\/avatar\/02cf8a7906b8cf90cecb4679defac7cfd33a1c2e3b88e4903d947f3bb58eedd3?s=96&d=mm&r=g","caption":"hegyizs"},"url":"https:\/\/www.welovecycling.com\/hu\/author\/hegyizs\/"}]}},"_links":{"self":[{"href":"https:\/\/www.welovecycling.com\/hu\/wp-json\/wp\/v2\/posts\/4858","targetHints":{"allow":["GET"]}}],"collection":[{"href":"https:\/\/www.welovecycling.com\/hu\/wp-json\/wp\/v2\/posts"}],"about":[{"href":"https:\/\/www.welovecycling.com\/hu\/wp-json\/wp\/v2\/types\/post"}],"author":[{"embeddable":true,"href":"https:\/\/www.welovecycling.com\/hu\/wp-json\/wp\/v2\/users\/71"}],"replies":[{"embeddable":true,"href":"https:\/\/www.welovecycling.com\/hu\/wp-json\/wp\/v2\/comments?post=4858"}],"version-history":[{"count":2,"href":"https:\/\/www.welovecycling.com\/hu\/wp-json\/wp\/v2\/posts\/4858\/revisions"}],"predecessor-version":[{"id":4864,"href":"https:\/\/www.welovecycling.com\/hu\/wp-json\/wp\/v2\/posts\/4858\/revisions\/4864"}],"wp:featuredmedia":[{"embeddable":true,"href":"https:\/\/www.welovecycling.com\/hu\/wp-json\/wp\/v2\/media\/4861"}],"wp:attachment":[{"href":"https:\/\/www.welovecycling.com\/hu\/wp-json\/wp\/v2\/media?parent=4858"}],"wp:term":[{"taxonomy":"category","embeddable":true,"href":"https:\/\/www.welovecycling.com\/hu\/wp-json\/wp\/v2\/categories?post=4858"},{"taxonomy":"post_tag","embeddable":true,"href":"https:\/\/www.welovecycling.com\/hu\/wp-json\/wp\/v2\/tags?post=4858"},{"taxonomy":"global-categories","embeddable":true,"href":"https:\/\/www.welovecycling.com\/hu\/wp-json\/wp\/v2\/global-categories?post=4858"}],"curies":[{"name":"wp","href":"https:\/\/api.w.org\/{rel}","templated":true}]}}