{"id":4853,"date":"2019-09-01T08:00:27","date_gmt":"2019-09-01T07:00:27","guid":{"rendered":"https:\/\/www.welovecycling.com\/hu\/?p=4853"},"modified":"2019-08-30T12:27:20","modified_gmt":"2019-08-30T11:27:20","slug":"rakkutato-az-elso-no-aki-megnyerte-a-4000-kilometeres-transzkontinentalis-versenyt","status":"publish","type":"post","link":"https:\/\/www.welovecycling.com\/hu\/kozosseg-es-kultura\/rakkutato-az-elso-no-aki-megnyerte-a-4000-kilometeres-transzkontinentalis-versenyt\/","title":{"rendered":"R\u00e1kkutat\u00f3 az els\u0151 n\u0151, aki megnyerte a 4000 kilom\u00e9teres Transzkontinent\u00e1lis Versenyt"},"content":{"rendered":"<p><strong>A 24 \u00e9ves Fiona Kolbinger megnyerte az els\u0151 ultraker\u00e9kp\u00e1r versenyt, amelyen elindult. Burgaszb\u00f3l indulva tekert v\u00e9gig Bulg\u00e1ria keleti partj\u00e1n a franciaorsz\u00e1gi Brest v\u00e1ros\u00e1ig 10 nap 2 \u00f3ra \u00e9s 48 perc alatt.<\/strong><\/p>\n<p><!--more--><\/p>\n<p>A 265 indul\u00f3b\u00f3l \u00e1ll\u00f3 mez\u0151nyben Kolbinger volt az egyik a 40 n\u0151 k\u00f6z\u00fcl, akik nekiv\u00e1gtak a versenynek. Ez volt a brit hossz\u00fat\u00e1v bring\u00e1s, Mike Hall \u00e1ltal \u00e9letre h\u00edvott verseny hetedik kiad\u00e1sa. A versenyz\u0151k szabadon megv\u00e1laszthatj\u00e1k az \u00fatvonalukat, de 4 ellen\u0151rz\u0151 ponton k\u00f6telez\u0151en \u00e1t kell haladniuk. Minden ponthoz egy konkr\u00e9t kih\u00edv\u00e1s tartozik, mint p\u00e9ld\u00e1ul magaslati teker\u00e9s vagy kavicsos \u00fatszakasz. Az egyik ilyen kih\u00edv\u00e1s a Col du Galibier h\u00e1g\u00f3 volt, amely a Tour de France programj\u00e1ban is szerepelt id\u00e9n.<\/p>\n<figure id=\"attachment_4855\" aria-describedby=\"caption-attachment-4855\" style=\"width: 1250px\" class=\"wp-caption alignnone\"><a href=\"https:\/\/d2p6e6u75xmxt8.cloudfront.net\/12\/2019\/08\/Fiona-kolbinger-profimedia-0462615615.jpg\"><img loading=\"lazy\" decoding=\"async\" class=\"wp-image-4855 size-full\" src=\"https:\/\/d2p6e6u75xmxt8.cloudfront.net\/12\/2019\/08\/Fiona-kolbinger-profimedia-0462615615.jpg\" alt=\"\" width=\"1250\" height=\"781\" srcset=\"https:\/\/d2p6e6u75xmxt8.cloudfront.net\/12\/2019\/08\/Fiona-kolbinger-profimedia-0462615615.jpg 1250w, https:\/\/d2p6e6u75xmxt8.cloudfront.net\/12\/2019\/08\/Fiona-kolbinger-profimedia-0462615615-300x187.jpg 300w, https:\/\/d2p6e6u75xmxt8.cloudfront.net\/12\/2019\/08\/Fiona-kolbinger-profimedia-0462615615-768x480.jpg 768w, https:\/\/d2p6e6u75xmxt8.cloudfront.net\/12\/2019\/08\/Fiona-kolbinger-profimedia-0462615615-1024x640.jpg 1024w\" sizes=\"auto, (max-width: 1250px) 100vw, 1250px\" \/><\/a><figcaption id=\"caption-attachment-4855\" class=\"wp-caption-text\">Fiona Kolbinger \u00e1thalad a c\u00e9lvonalon \u00e9s megnyeri a Transzkontinent\u00e1lis Versenyt. \u00a9 Profimedia, AFP<\/figcaption><\/figure>\n<p>\u201eA verseny el\u0151tt az volt a fejemben, hogy tal\u00e1n a n\u0151i dobog\u00f3ra fel\u00e1llhatok majd, de sosem gondoltam, hogy megnyerhetem az eg\u00e9szet\u201d &#8211; mondta kedden Kolbinger a c\u00e9lvonaln\u00e1l. \u201eAzt hiszem, tekerhettem volna kem\u00e9nyebben. Aludhattam volna kevesebbet.\u201d<\/p>\n<p>A versenyz\u0151k nem kaphatnak semmilyen seg\u00edts\u00e9get, sem a bar\u00e1taikt\u00f3l, sem b\u00e1rki m\u00e1st\u00f3l, \u00e9s csak olyan felszerel\u00e9st haszn\u00e1lhatnak, amit \u0151k vittek magukkal, vagy az \u00fatvonalon l\u00e9v\u0151 szervizekben be tudnak szerezni.<\/p>\n<div class=\"embed-controller-wrapper\">\n<blockquote class=\"twitter-tweet\" data-width=\"500\" data-dnt=\"true\">\n<p lang=\"en\" dir=\"ltr\">Fiona Kolbinger has won <a href=\"https:\/\/twitter.com\/hashtag\/TCRNo7?src=hash&amp;ref_src=twsrc%5Etfw\">#TCRNo7<\/a> in a time of 10 days, 2 hours and 48 minutes. <a href=\"https:\/\/t.co\/w82QnWvi9e\">pic.twitter.com\/w82QnWvi9e<\/a><\/p>\n<p>&mdash; The Transcontinental (@transconrace) <a href=\"https:\/\/twitter.com\/transconrace\/status\/1158628298303377408?ref_src=twsrc%5Etfw\">August 6, 2019<\/a><\/p><\/blockquote>\n<p><script async data-src=\"https:\/\/platform.twitter.com\/widgets.js\" charset=\"utf-8\"><\/script><\/div>\n<p>Az id\u0151j\u00e1r\u00e1s id\u00e9n nagyon k\u00f6ny\u00f6rtelen volt vel\u00fck. Ahogy a szervez\u0151k fogalmaztak: \u201eA verseny teljes\u00edt\u00e9se sor\u00e1n a versenyz\u0151knek kijutott a 37 fokos melegt\u0151l eg\u00e9szen az alig 4 fokkal a fagypont feletti h\u0151m\u00e9rs\u00e9kletekig. Szenvedtek a perzsel\u0151 napt\u00f3l, jeges es\u0151t\u0151l, tekertek mennyd\u00f6rg\u00e9sben \u00e9s vill\u00e1ml\u00e1sban.\u201d<\/p>\n<p>A heidelbergi N\u00e9met R\u00e1kkutat\u00f3-k\u00f6zpont gyermek onkol\u00f3giai r\u00e9szleg\u00e9nek hallgat\u00f3ja 7 \u00f3r\u00e1val v\u00e9gzett legnagyobb riv\u00e1lisa, Ben Davies el\u0151tt. Rekordot viszont nem tudott d\u00f6nteni az id\u0151eredm\u00e9ny\u00e9vel. Tavaly James Hayden b\u00e1mulatos id\u0151vel, 8 nap 23 \u00f3ra \u00e9s 59 perc alatt teljes\u00edtette a t\u00e1vot.<\/p>\n","protected":false},"excerpt":{"rendered":"<p>A 24 \u00e9ves Fiona Kolbinger megnyerte az els\u0151 ultraker\u00e9kp\u00e1r versenyt, amelyen elindult. Burgaszb\u00f3l indulva tekert v\u00e9gig Bulg\u00e1ria keleti partj\u00e1n a [&hellip;]<\/p>\n","protected":false},"author":71,"featured_media":4857,"comment_status":"open","ping_status":"open","sticky":false,"template":"","format":"standard","meta":{"footnotes":""},"categories":[12],"tags":[],"global-categories":[],"class_list":["post-4853","post","type-post","status-publish","format-standard","has-post-thumbnail","hentry","category-kozosseg-es-kultura"],"yoast_head":"<!-- This site is optimized with the Yoast SEO Premium plugin v25.3 (Yoast SEO v25.9) - https:\/\/yoast.com\/wordpress\/plugins\/seo\/ -->\n<title>R\u00e1kkutat\u00f3 az els\u0151 n\u0151, aki megnyerte a 4000 kilom\u00e9teres Transzkontinent\u00e1lis Versenyt - \u0160koda We Love Cycling - Magyarorsz\u00e1g<\/title>\n<meta name=\"robots\" content=\"index, follow, max-snippet:-1, max-image-preview:large, max-video-preview:-1\" \/>\n<link rel=\"canonical\" href=\"https:\/\/www.welovecycling.com\/hu\/kozosseg-es-kultura\/rakkutato-az-elso-no-aki-megnyerte-a-4000-kilometeres-transzkontinentalis-versenyt\/\" \/>\n<meta property=\"og:locale\" content=\"hu_HU\" \/>\n<meta property=\"og:type\" content=\"article\" \/>\n<meta property=\"og:title\" content=\"R\u00e1kkutat\u00f3 az els\u0151 n\u0151, aki megnyerte a 4000 kilom\u00e9teres Transzkontinent\u00e1lis Versenyt\" \/>\n<meta property=\"og:description\" content=\"A 24 \u00e9ves Fiona Kolbinger megnyerte az els\u0151 ultraker\u00e9kp\u00e1r versenyt, amelyen elindult. Burgaszb\u00f3l indulva tekert v\u00e9gig Bulg\u00e1ria keleti partj\u00e1n a [&hellip;]\" \/>\n<meta property=\"og:url\" content=\"https:\/\/www.welovecycling.com\/hu\/kozosseg-es-kultura\/rakkutato-az-elso-no-aki-megnyerte-a-4000-kilometeres-transzkontinentalis-versenyt\/\" \/>\n<meta property=\"og:site_name\" content=\"\u0160koda We Love Cycling - Magyarorsz\u00e1g\" \/>\n<meta property=\"article:publisher\" content=\"https:\/\/www.facebook.com\/WeLoveCyclingHungary\/\" \/>\n<meta property=\"article:published_time\" content=\"2019-09-01T07:00:27+00:00\" \/>\n<meta property=\"og:image\" content=\"https:\/\/d2p6e6u75xmxt8.cloudfront.net\/12\/2019\/08\/Fiona-Kolbinger-CVR-profimedia-0462551705-1.jpg\" \/>\n\t<meta property=\"og:image:width\" content=\"1366\" \/>\n\t<meta property=\"og:image:height\" content=\"600\" \/>\n\t<meta property=\"og:image:type\" content=\"image\/jpeg\" \/>\n<meta name=\"author\" content=\"hegyizs\" \/>\n<meta name=\"twitter:card\" content=\"summary_large_image\" \/>\n<meta name=\"twitter:label1\" content=\"Written by\" \/>\n\t<meta name=\"twitter:data1\" content=\"Monica Buck\" \/>\n\t<meta name=\"twitter:label2\" content=\"Est. reading time\" \/>\n\t<meta name=\"twitter:data2\" content=\"4\" \/>\n<script type=\"application\/ld+json\" class=\"yoast-schema-graph\">{\"@context\":\"https:\/\/schema.org\",\"@graph\":[{\"@type\":\"WebPage\",\"@id\":\"https:\/\/www.welovecycling.com\/hu\/kozosseg-es-kultura\/rakkutato-az-elso-no-aki-megnyerte-a-4000-kilometeres-transzkontinentalis-versenyt\/\",\"url\":\"https:\/\/www.welovecycling.com\/hu\/kozosseg-es-kultura\/rakkutato-az-elso-no-aki-megnyerte-a-4000-kilometeres-transzkontinentalis-versenyt\/\",\"name\":\"R\u00e1kkutat\u00f3 az els\u0151 n\u0151, aki megnyerte a 4000 kilom\u00e9teres Transzkontinent\u00e1lis Versenyt - \u0160koda We Love Cycling - Magyarorsz\u00e1g\",\"isPartOf\":{\"@id\":\"https:\/\/www.welovecycling.com\/hu\/#website\"},\"primaryImageOfPage\":{\"@id\":\"https:\/\/www.welovecycling.com\/hu\/kozosseg-es-kultura\/rakkutato-az-elso-no-aki-megnyerte-a-4000-kilometeres-transzkontinentalis-versenyt\/#primaryimage\"},\"image\":{\"@id\":\"https:\/\/www.welovecycling.com\/hu\/kozosseg-es-kultura\/rakkutato-az-elso-no-aki-megnyerte-a-4000-kilometeres-transzkontinentalis-versenyt\/#primaryimage\"},\"thumbnailUrl\":\"https:\/\/d2p6e6u75xmxt8.cloudfront.net\/12\/2019\/08\/Fiona-Kolbinger-CVR-profimedia-0462551705-1.jpg\",\"datePublished\":\"2019-09-01T07:00:27+00:00\",\"author\":{\"@id\":\"https:\/\/www.welovecycling.com\/hu\/#\/schema\/person\/414a2aebf1801691a5320edb6468e194\"},\"breadcrumb\":{\"@id\":\"https:\/\/www.welovecycling.com\/hu\/kozosseg-es-kultura\/rakkutato-az-elso-no-aki-megnyerte-a-4000-kilometeres-transzkontinentalis-versenyt\/#breadcrumb\"},\"inLanguage\":\"hu\",\"potentialAction\":[{\"@type\":\"ReadAction\",\"target\":[\"https:\/\/www.welovecycling.com\/hu\/kozosseg-es-kultura\/rakkutato-az-elso-no-aki-megnyerte-a-4000-kilometeres-transzkontinentalis-versenyt\/\"]}]},{\"@type\":\"ImageObject\",\"inLanguage\":\"hu\",\"@id\":\"https:\/\/www.welovecycling.com\/hu\/kozosseg-es-kultura\/rakkutato-az-elso-no-aki-megnyerte-a-4000-kilometeres-transzkontinentalis-versenyt\/#primaryimage\",\"url\":\"https:\/\/d2p6e6u75xmxt8.cloudfront.net\/12\/2019\/08\/Fiona-Kolbinger-CVR-profimedia-0462551705-1.jpg\",\"contentUrl\":\"https:\/\/d2p6e6u75xmxt8.cloudfront.net\/12\/2019\/08\/Fiona-Kolbinger-CVR-profimedia-0462551705-1.jpg\",\"width\":1366,\"height\":600},{\"@type\":\"BreadcrumbList\",\"@id\":\"https:\/\/www.welovecycling.com\/hu\/kozosseg-es-kultura\/rakkutato-az-elso-no-aki-megnyerte-a-4000-kilometeres-transzkontinentalis-versenyt\/#breadcrumb\",\"itemListElement\":[{\"@type\":\"ListItem\",\"position\":1,\"name\":\"Home\",\"item\":\"https:\/\/www.welovecycling.com\/hu\/\"},{\"@type\":\"ListItem\",\"position\":2,\"name\":\"R\u00e1kkutat\u00f3 az els\u0151 n\u0151, aki megnyerte a 4000 kilom\u00e9teres Transzkontinent\u00e1lis Versenyt\"}]},{\"@type\":\"WebSite\",\"@id\":\"https:\/\/www.welovecycling.com\/hu\/#website\",\"url\":\"https:\/\/www.welovecycling.com\/hu\/\",\"name\":\"\u0160koda We Love Cycling - Magyarorsz\u00e1g\",\"description\":\"\u0160koda WeLoveCycling\",\"potentialAction\":[{\"@type\":\"SearchAction\",\"target\":{\"@type\":\"EntryPoint\",\"urlTemplate\":\"https:\/\/www.welovecycling.com\/hu\/?s={search_term_string}\"},\"query-input\":{\"@type\":\"PropertyValueSpecification\",\"valueRequired\":true,\"valueName\":\"search_term_string\"}}],\"inLanguage\":\"hu\"},{\"@type\":\"Person\",\"@id\":\"https:\/\/www.welovecycling.com\/hu\/#\/schema\/person\/414a2aebf1801691a5320edb6468e194\",\"name\":\"hegyizs\",\"image\":{\"@type\":\"ImageObject\",\"inLanguage\":\"hu\",\"@id\":\"https:\/\/www.welovecycling.com\/hu\/#\/schema\/person\/image\/\",\"url\":\"https:\/\/secure.gravatar.com\/avatar\/02cf8a7906b8cf90cecb4679defac7cfd33a1c2e3b88e4903d947f3bb58eedd3?s=96&d=mm&r=g\",\"contentUrl\":\"https:\/\/secure.gravatar.com\/avatar\/02cf8a7906b8cf90cecb4679defac7cfd33a1c2e3b88e4903d947f3bb58eedd3?s=96&d=mm&r=g\",\"caption\":\"hegyizs\"},\"url\":\"https:\/\/www.welovecycling.com\/hu\/author\/hegyizs\/\"}]}<\/script>\n<!-- \/ Yoast SEO Premium plugin. -->","yoast_head_json":{"title":"R\u00e1kkutat\u00f3 az els\u0151 n\u0151, aki megnyerte a 4000 kilom\u00e9teres Transzkontinent\u00e1lis Versenyt - \u0160koda We Love Cycling - Magyarorsz\u00e1g","robots":{"index":"index","follow":"follow","max-snippet":"max-snippet:-1","max-image-preview":"max-image-preview:large","max-video-preview":"max-video-preview:-1"},"canonical":"https:\/\/www.welovecycling.com\/hu\/kozosseg-es-kultura\/rakkutato-az-elso-no-aki-megnyerte-a-4000-kilometeres-transzkontinentalis-versenyt\/","og_locale":"hu_HU","og_type":"article","og_title":"R\u00e1kkutat\u00f3 az els\u0151 n\u0151, aki megnyerte a 4000 kilom\u00e9teres Transzkontinent\u00e1lis Versenyt","og_description":"A 24 \u00e9ves Fiona Kolbinger megnyerte az els\u0151 ultraker\u00e9kp\u00e1r versenyt, amelyen elindult. Burgaszb\u00f3l indulva tekert v\u00e9gig Bulg\u00e1ria keleti partj\u00e1n a [&hellip;]","og_url":"https:\/\/www.welovecycling.com\/hu\/kozosseg-es-kultura\/rakkutato-az-elso-no-aki-megnyerte-a-4000-kilometeres-transzkontinentalis-versenyt\/","og_site_name":"\u0160koda We Love Cycling - Magyarorsz\u00e1g","article_publisher":"https:\/\/www.facebook.com\/WeLoveCyclingHungary\/","article_published_time":"2019-09-01T07:00:27+00:00","og_image":[{"width":1366,"height":600,"url":"https:\/\/d2p6e6u75xmxt8.cloudfront.net\/12\/2019\/08\/Fiona-Kolbinger-CVR-profimedia-0462551705-1.jpg","type":"image\/jpeg"}],"author":"hegyizs","twitter_card":"summary_large_image","twitter_misc":{"Written by":"Monica Buck","Est. reading time":"4"},"schema":{"@context":"https:\/\/schema.org","@graph":[{"@type":"WebPage","@id":"https:\/\/www.welovecycling.com\/hu\/kozosseg-es-kultura\/rakkutato-az-elso-no-aki-megnyerte-a-4000-kilometeres-transzkontinentalis-versenyt\/","url":"https:\/\/www.welovecycling.com\/hu\/kozosseg-es-kultura\/rakkutato-az-elso-no-aki-megnyerte-a-4000-kilometeres-transzkontinentalis-versenyt\/","name":"R\u00e1kkutat\u00f3 az els\u0151 n\u0151, aki megnyerte a 4000 kilom\u00e9teres Transzkontinent\u00e1lis Versenyt - \u0160koda We Love Cycling - Magyarorsz\u00e1g","isPartOf":{"@id":"https:\/\/www.welovecycling.com\/hu\/#website"},"primaryImageOfPage":{"@id":"https:\/\/www.welovecycling.com\/hu\/kozosseg-es-kultura\/rakkutato-az-elso-no-aki-megnyerte-a-4000-kilometeres-transzkontinentalis-versenyt\/#primaryimage"},"image":{"@id":"https:\/\/www.welovecycling.com\/hu\/kozosseg-es-kultura\/rakkutato-az-elso-no-aki-megnyerte-a-4000-kilometeres-transzkontinentalis-versenyt\/#primaryimage"},"thumbnailUrl":"https:\/\/d2p6e6u75xmxt8.cloudfront.net\/12\/2019\/08\/Fiona-Kolbinger-CVR-profimedia-0462551705-1.jpg","datePublished":"2019-09-01T07:00:27+00:00","author":{"@id":"https:\/\/www.welovecycling.com\/hu\/#\/schema\/person\/414a2aebf1801691a5320edb6468e194"},"breadcrumb":{"@id":"https:\/\/www.welovecycling.com\/hu\/kozosseg-es-kultura\/rakkutato-az-elso-no-aki-megnyerte-a-4000-kilometeres-transzkontinentalis-versenyt\/#breadcrumb"},"inLanguage":"hu","potentialAction":[{"@type":"ReadAction","target":["https:\/\/www.welovecycling.com\/hu\/kozosseg-es-kultura\/rakkutato-az-elso-no-aki-megnyerte-a-4000-kilometeres-transzkontinentalis-versenyt\/"]}]},{"@type":"ImageObject","inLanguage":"hu","@id":"https:\/\/www.welovecycling.com\/hu\/kozosseg-es-kultura\/rakkutato-az-elso-no-aki-megnyerte-a-4000-kilometeres-transzkontinentalis-versenyt\/#primaryimage","url":"https:\/\/d2p6e6u75xmxt8.cloudfront.net\/12\/2019\/08\/Fiona-Kolbinger-CVR-profimedia-0462551705-1.jpg","contentUrl":"https:\/\/d2p6e6u75xmxt8.cloudfront.net\/12\/2019\/08\/Fiona-Kolbinger-CVR-profimedia-0462551705-1.jpg","width":1366,"height":600},{"@type":"BreadcrumbList","@id":"https:\/\/www.welovecycling.com\/hu\/kozosseg-es-kultura\/rakkutato-az-elso-no-aki-megnyerte-a-4000-kilometeres-transzkontinentalis-versenyt\/#breadcrumb","itemListElement":[{"@type":"ListItem","position":1,"name":"Home","item":"https:\/\/www.welovecycling.com\/hu\/"},{"@type":"ListItem","position":2,"name":"R\u00e1kkutat\u00f3 az els\u0151 n\u0151, aki megnyerte a 4000 kilom\u00e9teres Transzkontinent\u00e1lis Versenyt"}]},{"@type":"WebSite","@id":"https:\/\/www.welovecycling.com\/hu\/#website","url":"https:\/\/www.welovecycling.com\/hu\/","name":"\u0160koda We Love Cycling - Magyarorsz\u00e1g","description":"\u0160koda WeLoveCycling","potentialAction":[{"@type":"SearchAction","target":{"@type":"EntryPoint","urlTemplate":"https:\/\/www.welovecycling.com\/hu\/?s={search_term_string}"},"query-input":{"@type":"PropertyValueSpecification","valueRequired":true,"valueName":"search_term_string"}}],"inLanguage":"hu"},{"@type":"Person","@id":"https:\/\/www.welovecycling.com\/hu\/#\/schema\/person\/414a2aebf1801691a5320edb6468e194","name":"hegyizs","image":{"@type":"ImageObject","inLanguage":"hu","@id":"https:\/\/www.welovecycling.com\/hu\/#\/schema\/person\/image\/","url":"https:\/\/secure.gravatar.com\/avatar\/02cf8a7906b8cf90cecb4679defac7cfd33a1c2e3b88e4903d947f3bb58eedd3?s=96&d=mm&r=g","contentUrl":"https:\/\/secure.gravatar.com\/avatar\/02cf8a7906b8cf90cecb4679defac7cfd33a1c2e3b88e4903d947f3bb58eedd3?s=96&d=mm&r=g","caption":"hegyizs"},"url":"https:\/\/www.welovecycling.com\/hu\/author\/hegyizs\/"}]}},"_links":{"self":[{"href":"https:\/\/www.welovecycling.com\/hu\/wp-json\/wp\/v2\/posts\/4853","targetHints":{"allow":["GET"]}}],"collection":[{"href":"https:\/\/www.welovecycling.com\/hu\/wp-json\/wp\/v2\/posts"}],"about":[{"href":"https:\/\/www.welovecycling.com\/hu\/wp-json\/wp\/v2\/types\/post"}],"author":[{"embeddable":true,"href":"https:\/\/www.welovecycling.com\/hu\/wp-json\/wp\/v2\/users\/71"}],"replies":[{"embeddable":true,"href":"https:\/\/www.welovecycling.com\/hu\/wp-json\/wp\/v2\/comments?post=4853"}],"version-history":[{"count":2,"href":"https:\/\/www.welovecycling.com\/hu\/wp-json\/wp\/v2\/posts\/4853\/revisions"}],"predecessor-version":[{"id":4865,"href":"https:\/\/www.welovecycling.com\/hu\/wp-json\/wp\/v2\/posts\/4853\/revisions\/4865"}],"wp:featuredmedia":[{"embeddable":true,"href":"https:\/\/www.welovecycling.com\/hu\/wp-json\/wp\/v2\/media\/4857"}],"wp:attachment":[{"href":"https:\/\/www.welovecycling.com\/hu\/wp-json\/wp\/v2\/media?parent=4853"}],"wp:term":[{"taxonomy":"category","embeddable":true,"href":"https:\/\/www.welovecycling.com\/hu\/wp-json\/wp\/v2\/categories?post=4853"},{"taxonomy":"post_tag","embeddable":true,"href":"https:\/\/www.welovecycling.com\/hu\/wp-json\/wp\/v2\/tags?post=4853"},{"taxonomy":"global-categories","embeddable":true,"href":"https:\/\/www.welovecycling.com\/hu\/wp-json\/wp\/v2\/global-categories?post=4853"}],"curies":[{"name":"wp","href":"https:\/\/api.w.org\/{rel}","templated":true}]}}