{"id":4849,"date":"2019-08-30T12:21:14","date_gmt":"2019-08-30T11:21:14","guid":{"rendered":"https:\/\/www.welovecycling.com\/hu\/?p=4849"},"modified":"2019-08-30T12:21:14","modified_gmt":"2019-08-30T11:21:14","slug":"50-km-es-edzesterv-kezdoknek-hatodik-het","status":"publish","type":"post","link":"https:\/\/www.welovecycling.com\/hu\/edzes-es-eletmod\/50-km-es-edzesterv-kezdoknek-hatodik-het\/","title":{"rendered":"50 km-es edz\u00e9sterv kezd\u0151knek \u2013 hatodik h\u00e9t"},"content":{"rendered":"<p><strong>Teljesen kiheverted a m\u00falt hetet, \u00e9s ism\u00e9t k\u00e9szen \u00e1llsz kicsit m\u00e9g jobban fokozni a dolgot ezen a h\u00e9ten. Ez nagyon j\u00f3, mivel egy valami eddig hi\u00e1nyzott az edz\u00e9stervedb\u0151l, \u00e9s ez nem m\u00e1s, mint a dombok. El\u0151bb-ut\u00f3bb ennek is el kellett j\u00f6nnie, hiszen az emelked\u0151k \u00e9s a lejt\u0151k is hozz\u00e1tartoznak a bring\u00e1z\u00e1shoz, \u00e9s ett\u0151l a h\u00e9tt\u0151l kezdve te is elkezdhetsz hozz\u00e1szokni.<\/strong><!--more--><\/p>\n<h2><strong> 6. h\u00e9t &#8211; Ismerked\u00e9s az emelked\u0151kkel<\/strong><\/h2>\n<p>Ezen a h\u00e9ten ism\u00e9t neki\u00e1llsz feszegetni a saj\u00e1t hat\u00e1raidat. A keddi, 60 perces teker\u00e9st \u00fagy tervezd meg, hogy mindenk\u00e9pp legyen benne emelked\u0151. Nem kell nagyon meredeknek lennie, de \u00fagy v\u00e1lassz, hogy mindenk\u00e9pp beleteljen p\u00e1r percbe, mire fel\u00e9rsz a tetej\u00e9re mikor kem\u00e9ny temp\u00f3ban (KT) nekiveselkedsz. Cs\u00fct\u00f6rt\u00f6k\u00f6n a szok\u00e1sos 60 perc j\u00f6n besz\u00e9lget\u0151 temp\u00f3ban (BT), egy 20 perces m\u00e9rs\u00e9kelt temp\u00f3j\u00fa (MT) r\u00e9sz beiktat\u00e1s\u00e1val. Vas\u00e1rnap pedig ism\u00e9t hosszabb teker\u00e9s van tervben. V\u00e1laszd ugyanazt az emelked\u0151t, mint amit kedden tett\u00e9l meg, de ez\u00fattal pr\u00f3b\u00e1lj m\u00e9rs\u00e9kelt temp\u00f3t (MT) tartani felfel\u00e9 menet.<\/p>\n<p><strong>50 KM EDZ\u00c9STERV KEZD\u0150KNEK<\/strong><\/p>\n<p><img loading=\"lazy\" decoding=\"async\" class=\"alignnone size-full wp-image-4862\" src=\"https:\/\/d2p6e6u75xmxt8.cloudfront.net\/12\/2019\/08\/edzesterv.jpg\" alt=\"\" width=\"1102\" height=\"695\" srcset=\"https:\/\/d2p6e6u75xmxt8.cloudfront.net\/12\/2019\/08\/edzesterv.jpg 1102w, https:\/\/d2p6e6u75xmxt8.cloudfront.net\/12\/2019\/08\/edzesterv-300x189.jpg 300w, https:\/\/d2p6e6u75xmxt8.cloudfront.net\/12\/2019\/08\/edzesterv-768x484.jpg 768w, https:\/\/d2p6e6u75xmxt8.cloudfront.net\/12\/2019\/08\/edzesterv-1024x646.jpg 1024w\" sizes=\"auto, (max-width: 1102px) 100vw, 1102px\" \/><\/p>\n<p><span style=\"font-size: 10pt;\">Besz\u00e9d temp\u00f3 (BT) \u2013 K\u00f6nny\u0171 temp\u00f3, k\u00e9nyelmes folyamatos besz\u00e9lget\u00e9shez.<\/span><br \/>\n<span style=\"font-size: 10pt;\">M\u00e9rs\u00e9kelt temp\u00f3 (MT) \u2013 Fokozott er\u0151kifejt\u00e9s, szapor\u00e1bb l\u00e9gz\u00e9s, folyamatos besz\u00e9lget\u00e9s nem fenntarthat\u00f3, kb. 60 percen kereszt\u00fcl.<\/span><br \/>\n<span style=\"font-size: 10pt;\">Kem\u00e9ny temp\u00f3 (KT) \u2013 Er\u0151ltetett menet, er\u0151teljes l\u00e9gz\u00e9s, besz\u00e9lgetni nem tudsz, csak p\u00e1r percig fenntarthat\u00f3.<\/span><br \/>\n<span style=\"font-size: 10pt;\">Keresztedz\u00e9s: \u00dasz\u00e1s, er\u0151edz\u00e9s. Fut\u00e1s, j\u00f3ga, stb.<\/span><\/p>\n<h2><strong>Technika emelked\u0151n \u00e9s lejt\u0151n<\/strong><\/h2>\n<p>Amikor lejt\u0151h\u00f6z \u00e9rkezel, fontos p\u00e1r dolgot \u00e9szben tartanod. Dikt\u00e1lj nagyobb \u00fctemet, maradj laza \u00e9s maradj a nyeregben. Alkalmank\u00e9nt felemelkedhetsz a nyeregb\u0151l r\u00f6videbb, gyorsabb szakaszok erej\u00e9ig, de most nem erre kell f\u00f3kusz\u00e1lnod.<\/p>\n<p>Amikor lefel\u00e9 m\u00e9sz, mindig tartsd a szemed az \u00faton \u00e9s f\u00e9kezz miel\u0151tt kanyarhoz \u00e9rn\u00e9l. Haszn\u00e1lhatsz orsz\u00e1g\u00fati korm\u00e1nyt is a nagyobb aerodinamika \u00e9s az egyenletesebb s\u00falyeloszl\u00e1s \u00e9rdek\u00e9ben, illetve a nagyobb lend\u00fclet \u00e9s kontroll miatt is.<\/p>\n<p><a href=\"https:\/\/d2p6e6u75xmxt8.cloudfront.net\/12\/2019\/08\/wwrseries.jpg\"><img loading=\"lazy\" decoding=\"async\" class=\"alignnone size-full wp-image-4850\" src=\"https:\/\/d2p6e6u75xmxt8.cloudfront.net\/12\/2019\/08\/wwrseries.jpg\" alt=\"\" width=\"1366\" height=\"600\" srcset=\"https:\/\/d2p6e6u75xmxt8.cloudfront.net\/12\/2019\/08\/wwrseries.jpg 1366w, https:\/\/d2p6e6u75xmxt8.cloudfront.net\/12\/2019\/08\/wwrseries-300x132.jpg 300w, https:\/\/d2p6e6u75xmxt8.cloudfront.net\/12\/2019\/08\/wwrseries-768x337.jpg 768w, https:\/\/d2p6e6u75xmxt8.cloudfront.net\/12\/2019\/08\/wwrseries-1024x450.jpg 1024w\" sizes=\"auto, (max-width: 1366px) 100vw, 1366px\" \/><\/a><\/p>\n<h2><strong>Csoportos teker\u00e9s<\/strong><\/h2>\n<p>Ahogy m\u00e1r az elej\u00e9n eml\u00edtett\u00fck, a bring\u00e1z\u00e1s nagyon szuper tud lenni csoportban is. Pr\u00f3b\u00e1lj meg tal\u00e1lni valakit, akivel legal\u00e1bb alkalmank\u00e9nt el tudsz menni bring\u00e1zni, k\u00fcl\u00f6n\u00f6sen most, hogy m\u00e1r 2 \u00f3r\u00e1s teker\u00e9seket nyomsz h\u00e9tv\u00e9genk\u00e9nt. T\u00e1rsas\u00e1gban gyorsabban telik az id\u0151 \u00e9s amikor besz\u00e9lget\u0151 temp\u00f3ban m\u00e9sz, legal\u00e1bb t\u00e9nyleg tudsz besz\u00e9lgetni is. S\u0151t, nagyon j\u00f3 edz\u00e9s egy verseny el\u0151tt, ahol szint\u00e9n m\u00e1sokkal tekersz majd.<\/p>\n<p>&nbsp;<\/p>\n","protected":false},"excerpt":{"rendered":"<p>Teljesen kiheverted a m\u00falt hetet, \u00e9s ism\u00e9t k\u00e9szen \u00e1llsz kicsit m\u00e9g jobban fokozni a dolgot ezen a h\u00e9ten. Ez nagyon [&hellip;]<\/p>\n","protected":false},"author":71,"featured_media":4852,"comment_status":"open","ping_status":"open","sticky":false,"template":"","format":"standard","meta":{"footnotes":""},"categories":[6],"tags":[],"global-categories":[],"class_list":["post-4849","post","type-post","status-publish","format-standard","has-post-thumbnail","hentry","category-edzes-es-eletmod"],"yoast_head":"<!-- This site is optimized with the Yoast SEO Premium plugin v25.3 (Yoast SEO v25.9) - https:\/\/yoast.com\/wordpress\/plugins\/seo\/ -->\n<title>50 km-es edz\u00e9sterv kezd\u0151knek \u2013 hatodik h\u00e9t - \u0160koda We Love Cycling - Magyarorsz\u00e1g<\/title>\n<meta name=\"robots\" content=\"index, follow, max-snippet:-1, max-image-preview:large, max-video-preview:-1\" \/>\n<link rel=\"canonical\" href=\"https:\/\/www.welovecycling.com\/hu\/edzes-es-eletmod\/50-km-es-edzesterv-kezdoknek-hatodik-het\/\" \/>\n<meta property=\"og:locale\" content=\"hu_HU\" \/>\n<meta property=\"og:type\" content=\"article\" \/>\n<meta property=\"og:title\" content=\"50 km-es edz\u00e9sterv kezd\u0151knek \u2013 hatodik h\u00e9t\" \/>\n<meta property=\"og:description\" content=\"Teljesen kiheverted a m\u00falt hetet, \u00e9s ism\u00e9t k\u00e9szen \u00e1llsz kicsit m\u00e9g jobban fokozni a dolgot ezen a h\u00e9ten. Ez nagyon [&hellip;]\" \/>\n<meta property=\"og:url\" content=\"https:\/\/www.welovecycling.com\/hu\/edzes-es-eletmod\/50-km-es-edzesterv-kezdoknek-hatodik-het\/\" \/>\n<meta property=\"og:site_name\" content=\"\u0160koda We Love Cycling - Magyarorsz\u00e1g\" \/>\n<meta property=\"article:publisher\" content=\"https:\/\/www.facebook.com\/WeLoveCyclingHungary\/\" \/>\n<meta property=\"article:published_time\" content=\"2019-08-30T11:21:14+00:00\" \/>\n<meta property=\"og:image\" content=\"https:\/\/d2p6e6u75xmxt8.cloudfront.net\/12\/2019\/08\/descent_cover1.jpg\" \/>\n\t<meta property=\"og:image:width\" content=\"1800\" \/>\n\t<meta property=\"og:image:height\" content=\"785\" \/>\n\t<meta property=\"og:image:type\" content=\"image\/jpeg\" \/>\n<meta name=\"author\" content=\"hegyizs\" \/>\n<meta name=\"twitter:card\" content=\"summary_large_image\" \/>\n<meta name=\"twitter:label1\" content=\"Written by\" \/>\n\t<meta name=\"twitter:data1\" content=\"Jiri Kaloc\" \/>\n\t<meta name=\"twitter:label2\" content=\"Est. reading time\" \/>\n\t<meta name=\"twitter:data2\" content=\"4\" \/>\n<script type=\"application\/ld+json\" class=\"yoast-schema-graph\">{\"@context\":\"https:\/\/schema.org\",\"@graph\":[{\"@type\":\"WebPage\",\"@id\":\"https:\/\/www.welovecycling.com\/hu\/edzes-es-eletmod\/50-km-es-edzesterv-kezdoknek-hatodik-het\/\",\"url\":\"https:\/\/www.welovecycling.com\/hu\/edzes-es-eletmod\/50-km-es-edzesterv-kezdoknek-hatodik-het\/\",\"name\":\"50 km-es edz\u00e9sterv kezd\u0151knek \u2013 hatodik h\u00e9t - \u0160koda We Love Cycling - Magyarorsz\u00e1g\",\"isPartOf\":{\"@id\":\"https:\/\/www.welovecycling.com\/hu\/#website\"},\"primaryImageOfPage\":{\"@id\":\"https:\/\/www.welovecycling.com\/hu\/edzes-es-eletmod\/50-km-es-edzesterv-kezdoknek-hatodik-het\/#primaryimage\"},\"image\":{\"@id\":\"https:\/\/www.welovecycling.com\/hu\/edzes-es-eletmod\/50-km-es-edzesterv-kezdoknek-hatodik-het\/#primaryimage\"},\"thumbnailUrl\":\"https:\/\/d2p6e6u75xmxt8.cloudfront.net\/12\/2019\/08\/descent_cover1.jpg\",\"datePublished\":\"2019-08-30T11:21:14+00:00\",\"author\":{\"@id\":\"https:\/\/www.welovecycling.com\/hu\/#\/schema\/person\/414a2aebf1801691a5320edb6468e194\"},\"breadcrumb\":{\"@id\":\"https:\/\/www.welovecycling.com\/hu\/edzes-es-eletmod\/50-km-es-edzesterv-kezdoknek-hatodik-het\/#breadcrumb\"},\"inLanguage\":\"hu\",\"potentialAction\":[{\"@type\":\"ReadAction\",\"target\":[\"https:\/\/www.welovecycling.com\/hu\/edzes-es-eletmod\/50-km-es-edzesterv-kezdoknek-hatodik-het\/\"]}]},{\"@type\":\"ImageObject\",\"inLanguage\":\"hu\",\"@id\":\"https:\/\/www.welovecycling.com\/hu\/edzes-es-eletmod\/50-km-es-edzesterv-kezdoknek-hatodik-het\/#primaryimage\",\"url\":\"https:\/\/d2p6e6u75xmxt8.cloudfront.net\/12\/2019\/08\/descent_cover1.jpg\",\"contentUrl\":\"https:\/\/d2p6e6u75xmxt8.cloudfront.net\/12\/2019\/08\/descent_cover1.jpg\",\"width\":1800,\"height\":785},{\"@type\":\"BreadcrumbList\",\"@id\":\"https:\/\/www.welovecycling.com\/hu\/edzes-es-eletmod\/50-km-es-edzesterv-kezdoknek-hatodik-het\/#breadcrumb\",\"itemListElement\":[{\"@type\":\"ListItem\",\"position\":1,\"name\":\"Home\",\"item\":\"https:\/\/www.welovecycling.com\/hu\/\"},{\"@type\":\"ListItem\",\"position\":2,\"name\":\"50 km-es edz\u00e9sterv kezd\u0151knek \u2013 hatodik h\u00e9t\"}]},{\"@type\":\"WebSite\",\"@id\":\"https:\/\/www.welovecycling.com\/hu\/#website\",\"url\":\"https:\/\/www.welovecycling.com\/hu\/\",\"name\":\"\u0160koda We Love Cycling - Magyarorsz\u00e1g\",\"description\":\"\u0160koda WeLoveCycling\",\"potentialAction\":[{\"@type\":\"SearchAction\",\"target\":{\"@type\":\"EntryPoint\",\"urlTemplate\":\"https:\/\/www.welovecycling.com\/hu\/?s={search_term_string}\"},\"query-input\":{\"@type\":\"PropertyValueSpecification\",\"valueRequired\":true,\"valueName\":\"search_term_string\"}}],\"inLanguage\":\"hu\"},{\"@type\":\"Person\",\"@id\":\"https:\/\/www.welovecycling.com\/hu\/#\/schema\/person\/414a2aebf1801691a5320edb6468e194\",\"name\":\"hegyizs\",\"image\":{\"@type\":\"ImageObject\",\"inLanguage\":\"hu\",\"@id\":\"https:\/\/www.welovecycling.com\/hu\/#\/schema\/person\/image\/\",\"url\":\"https:\/\/secure.gravatar.com\/avatar\/02cf8a7906b8cf90cecb4679defac7cfd33a1c2e3b88e4903d947f3bb58eedd3?s=96&d=mm&r=g\",\"contentUrl\":\"https:\/\/secure.gravatar.com\/avatar\/02cf8a7906b8cf90cecb4679defac7cfd33a1c2e3b88e4903d947f3bb58eedd3?s=96&d=mm&r=g\",\"caption\":\"hegyizs\"},\"url\":\"https:\/\/www.welovecycling.com\/hu\/author\/hegyizs\/\"}]}<\/script>\n<!-- \/ Yoast SEO Premium plugin. -->","yoast_head_json":{"title":"50 km-es edz\u00e9sterv kezd\u0151knek \u2013 hatodik h\u00e9t - \u0160koda We Love Cycling - Magyarorsz\u00e1g","robots":{"index":"index","follow":"follow","max-snippet":"max-snippet:-1","max-image-preview":"max-image-preview:large","max-video-preview":"max-video-preview:-1"},"canonical":"https:\/\/www.welovecycling.com\/hu\/edzes-es-eletmod\/50-km-es-edzesterv-kezdoknek-hatodik-het\/","og_locale":"hu_HU","og_type":"article","og_title":"50 km-es edz\u00e9sterv kezd\u0151knek \u2013 hatodik h\u00e9t","og_description":"Teljesen kiheverted a m\u00falt hetet, \u00e9s ism\u00e9t k\u00e9szen \u00e1llsz kicsit m\u00e9g jobban fokozni a dolgot ezen a h\u00e9ten. Ez nagyon [&hellip;]","og_url":"https:\/\/www.welovecycling.com\/hu\/edzes-es-eletmod\/50-km-es-edzesterv-kezdoknek-hatodik-het\/","og_site_name":"\u0160koda We Love Cycling - Magyarorsz\u00e1g","article_publisher":"https:\/\/www.facebook.com\/WeLoveCyclingHungary\/","article_published_time":"2019-08-30T11:21:14+00:00","og_image":[{"width":1800,"height":785,"url":"https:\/\/d2p6e6u75xmxt8.cloudfront.net\/12\/2019\/08\/descent_cover1.jpg","type":"image\/jpeg"}],"author":"hegyizs","twitter_card":"summary_large_image","twitter_misc":{"Written by":"Jiri Kaloc","Est. reading time":"4"},"schema":{"@context":"https:\/\/schema.org","@graph":[{"@type":"WebPage","@id":"https:\/\/www.welovecycling.com\/hu\/edzes-es-eletmod\/50-km-es-edzesterv-kezdoknek-hatodik-het\/","url":"https:\/\/www.welovecycling.com\/hu\/edzes-es-eletmod\/50-km-es-edzesterv-kezdoknek-hatodik-het\/","name":"50 km-es edz\u00e9sterv kezd\u0151knek \u2013 hatodik h\u00e9t - \u0160koda We Love Cycling - Magyarorsz\u00e1g","isPartOf":{"@id":"https:\/\/www.welovecycling.com\/hu\/#website"},"primaryImageOfPage":{"@id":"https:\/\/www.welovecycling.com\/hu\/edzes-es-eletmod\/50-km-es-edzesterv-kezdoknek-hatodik-het\/#primaryimage"},"image":{"@id":"https:\/\/www.welovecycling.com\/hu\/edzes-es-eletmod\/50-km-es-edzesterv-kezdoknek-hatodik-het\/#primaryimage"},"thumbnailUrl":"https:\/\/d2p6e6u75xmxt8.cloudfront.net\/12\/2019\/08\/descent_cover1.jpg","datePublished":"2019-08-30T11:21:14+00:00","author":{"@id":"https:\/\/www.welovecycling.com\/hu\/#\/schema\/person\/414a2aebf1801691a5320edb6468e194"},"breadcrumb":{"@id":"https:\/\/www.welovecycling.com\/hu\/edzes-es-eletmod\/50-km-es-edzesterv-kezdoknek-hatodik-het\/#breadcrumb"},"inLanguage":"hu","potentialAction":[{"@type":"ReadAction","target":["https:\/\/www.welovecycling.com\/hu\/edzes-es-eletmod\/50-km-es-edzesterv-kezdoknek-hatodik-het\/"]}]},{"@type":"ImageObject","inLanguage":"hu","@id":"https:\/\/www.welovecycling.com\/hu\/edzes-es-eletmod\/50-km-es-edzesterv-kezdoknek-hatodik-het\/#primaryimage","url":"https:\/\/d2p6e6u75xmxt8.cloudfront.net\/12\/2019\/08\/descent_cover1.jpg","contentUrl":"https:\/\/d2p6e6u75xmxt8.cloudfront.net\/12\/2019\/08\/descent_cover1.jpg","width":1800,"height":785},{"@type":"BreadcrumbList","@id":"https:\/\/www.welovecycling.com\/hu\/edzes-es-eletmod\/50-km-es-edzesterv-kezdoknek-hatodik-het\/#breadcrumb","itemListElement":[{"@type":"ListItem","position":1,"name":"Home","item":"https:\/\/www.welovecycling.com\/hu\/"},{"@type":"ListItem","position":2,"name":"50 km-es edz\u00e9sterv kezd\u0151knek \u2013 hatodik h\u00e9t"}]},{"@type":"WebSite","@id":"https:\/\/www.welovecycling.com\/hu\/#website","url":"https:\/\/www.welovecycling.com\/hu\/","name":"\u0160koda We Love Cycling - Magyarorsz\u00e1g","description":"\u0160koda WeLoveCycling","potentialAction":[{"@type":"SearchAction","target":{"@type":"EntryPoint","urlTemplate":"https:\/\/www.welovecycling.com\/hu\/?s={search_term_string}"},"query-input":{"@type":"PropertyValueSpecification","valueRequired":true,"valueName":"search_term_string"}}],"inLanguage":"hu"},{"@type":"Person","@id":"https:\/\/www.welovecycling.com\/hu\/#\/schema\/person\/414a2aebf1801691a5320edb6468e194","name":"hegyizs","image":{"@type":"ImageObject","inLanguage":"hu","@id":"https:\/\/www.welovecycling.com\/hu\/#\/schema\/person\/image\/","url":"https:\/\/secure.gravatar.com\/avatar\/02cf8a7906b8cf90cecb4679defac7cfd33a1c2e3b88e4903d947f3bb58eedd3?s=96&d=mm&r=g","contentUrl":"https:\/\/secure.gravatar.com\/avatar\/02cf8a7906b8cf90cecb4679defac7cfd33a1c2e3b88e4903d947f3bb58eedd3?s=96&d=mm&r=g","caption":"hegyizs"},"url":"https:\/\/www.welovecycling.com\/hu\/author\/hegyizs\/"}]}},"_links":{"self":[{"href":"https:\/\/www.welovecycling.com\/hu\/wp-json\/wp\/v2\/posts\/4849","targetHints":{"allow":["GET"]}}],"collection":[{"href":"https:\/\/www.welovecycling.com\/hu\/wp-json\/wp\/v2\/posts"}],"about":[{"href":"https:\/\/www.welovecycling.com\/hu\/wp-json\/wp\/v2\/types\/post"}],"author":[{"embeddable":true,"href":"https:\/\/www.welovecycling.com\/hu\/wp-json\/wp\/v2\/users\/71"}],"replies":[{"embeddable":true,"href":"https:\/\/www.welovecycling.com\/hu\/wp-json\/wp\/v2\/comments?post=4849"}],"version-history":[{"count":2,"href":"https:\/\/www.welovecycling.com\/hu\/wp-json\/wp\/v2\/posts\/4849\/revisions"}],"predecessor-version":[{"id":4863,"href":"https:\/\/www.welovecycling.com\/hu\/wp-json\/wp\/v2\/posts\/4849\/revisions\/4863"}],"wp:featuredmedia":[{"embeddable":true,"href":"https:\/\/www.welovecycling.com\/hu\/wp-json\/wp\/v2\/media\/4852"}],"wp:attachment":[{"href":"https:\/\/www.welovecycling.com\/hu\/wp-json\/wp\/v2\/media?parent=4849"}],"wp:term":[{"taxonomy":"category","embeddable":true,"href":"https:\/\/www.welovecycling.com\/hu\/wp-json\/wp\/v2\/categories?post=4849"},{"taxonomy":"post_tag","embeddable":true,"href":"https:\/\/www.welovecycling.com\/hu\/wp-json\/wp\/v2\/tags?post=4849"},{"taxonomy":"global-categories","embeddable":true,"href":"https:\/\/www.welovecycling.com\/hu\/wp-json\/wp\/v2\/global-categories?post=4849"}],"curies":[{"name":"wp","href":"https:\/\/api.w.org\/{rel}","templated":true}]}}