{"id":484,"date":"2018-04-09T15:45:17","date_gmt":"2018-04-09T15:45:17","guid":{"rendered":"https:\/\/www.welovecycling.com\/hu\/?p=484"},"modified":"2018-04-09T15:45:17","modified_gmt":"2018-04-09T15:45:17","slug":"tavaszi-bringazas-31-dolog-amire-figyelj-ha-ujra-beuzemeled-bringad","status":"publish","type":"post","link":"https:\/\/www.welovecycling.com\/hu\/biztonsag\/tavaszi-bringazas-31-dolog-amire-figyelj-ha-ujra-beuzemeled-bringad\/","title":{"rendered":"Tavaszi bring\u00e1z\u00e1s: 3+1 dolog, amire figyelj, ha \u00fajra be\u00fczemeled a bring\u00e1d!"},"content":{"rendered":"<p><strong>B\u00e1r sokan t\u00e9len sem pihentetik a ker\u00e9kp\u00e1rokat, tavasszal indul az igazi bringaszezon. \u00d6sszegy\u0171jt\u00f6tt\u00fck neked, hogy mire \u00e9rdemes figyelni, ha m\u00e1r h\u00f3napok \u00f3ta nem \u00fclt\u00e9l nyeregbe!<\/strong><\/p>\n<p><!--more--><\/p>\n<p><strong>1.Ellen\u0151rizd a guminyom\u00e1st<\/strong><\/p>\n<p>Szinte biztos, hogy a t\u00e9li \u00e1lom k\u00f6zben leeresztett a gumid, ez\u00e9rt ellen\u0151rizd a nyom\u00e1st, \u00e9s f\u00fajd fel \u00fajra a kerekeket. A h\u00f3napokig leeresztett gumi k\u00e1rosodhat, ez\u00e9rt az els\u0151 napokban \u00e9rdemes fokozottan figyelni. Ha p\u00e1r nap alatt \u00fajra leereszt a kereked, akkor azt bizony cser\u00e9lni kell!<\/p>\n<p><a href=\"https:\/\/d2p6e6u75xmxt8.cloudfront.net\/12\/2018\/04\/wlc_1-1.jpg\"><img loading=\"lazy\" decoding=\"async\" class=\"alignnone size-full wp-image-487\" src=\"https:\/\/d2p6e6u75xmxt8.cloudfront.net\/12\/2018\/04\/wlc_1-1.jpg\" alt=\"\" width=\"1073\" height=\"715\" srcset=\"https:\/\/d2p6e6u75xmxt8.cloudfront.net\/12\/2018\/04\/wlc_1-1.jpg 1073w, https:\/\/d2p6e6u75xmxt8.cloudfront.net\/12\/2018\/04\/wlc_1-1-300x200.jpg 300w, https:\/\/d2p6e6u75xmxt8.cloudfront.net\/12\/2018\/04\/wlc_1-1-768x512.jpg 768w, https:\/\/d2p6e6u75xmxt8.cloudfront.net\/12\/2018\/04\/wlc_1-1-1024x682.jpg 1024w, https:\/\/d2p6e6u75xmxt8.cloudfront.net\/12\/2018\/04\/wlc_1-1-272x182.jpg 272w\" sizes=\"auto, (max-width: 1073px) 100vw, 1073px\" \/><\/a><\/p>\n<p><strong>2.\u00c1ll\u00edtsd be \u00fajra a f\u00e9keket<\/strong><\/p>\n<p>Miel\u0151tt akci\u00f3ba \u00e1ll\u00edtod k\u00e9tkerek\u0171d, \u00e9rdemes minden be\u00e1ll\u00edt\u00e1st ellen\u0151rizni, de kiemelked\u0151en fontos, hogy teszteld a f\u00e9keket. Valljuk be, egy nem m\u0171k\u00f6d\u0151 f\u00e9knek te sem \u00f6r\u00fcln\u00e9l!<\/p>\n<p><a href=\"https:\/\/d2p6e6u75xmxt8.cloudfront.net\/12\/2018\/04\/Scared-Slow-Down-GIF-by-@SummerBreak-source.gif\"><img loading=\"lazy\" decoding=\"async\" class=\"alignnone size-full wp-image-494\" src=\"https:\/\/d2p6e6u75xmxt8.cloudfront.net\/12\/2018\/04\/Scared-Slow-Down-GIF-by-@SummerBreak-source.gif\" alt=\"\" width=\"500\" height=\"281\" \/><\/a><\/p>\n<p><strong>3.Egy mos\u00e1st is meg\u00e9rdemel<\/strong><\/p>\n<p>A tiszt\u00edt\u00e1snak nem csak eszt\u00e9tikai okai vannak, ilyenkor tudjuk megtiszt\u00edtani p\u00e9ld\u00e1ul a csap\u00e1gyakat. Ha gondosan \u00e1tmostad a bring\u00e1t, ne feledkezz meg a l\u00e1nc olajoz\u00e1s\u00e1r\u00f3l sem! Hogy pontosan mennyi olajra van sz\u00fcks\u00e9g, azt onnan fogod tudni, hogy a h\u00e1trafel\u00e9 forg\u00f3 l\u00e1nc hangja finomabbra v\u00e1ltozik a megfelel\u0151 olajmennyis\u00e9gn\u00e9l.<\/p>\n<p><a href=\"https:\/\/d2p6e6u75xmxt8.cloudfront.net\/12\/2018\/04\/Shiny-GIF-source.gif\"><img loading=\"lazy\" decoding=\"async\" class=\"alignnone size-full wp-image-493\" src=\"https:\/\/d2p6e6u75xmxt8.cloudfront.net\/12\/2018\/04\/Shiny-GIF-source.gif\" alt=\"\" width=\"500\" height=\"285\" \/><\/a><\/p>\n<p><strong>+1 Nem musz\u00e1j mindenhez \u00e9rteni<\/strong><\/p>\n<p>Ha valamelyik l\u00e9p\u00e9sben nem vagy biztos, akkor az a legbiztons\u00e1gosabb, ha ink\u00e1bb szakemberre b\u00edzod a tavaszi fel\u00faj\u00edt\u00e1st! Vidd el egy teljes k\u00f6r\u0171 szervizre a bring\u00e1d, \u00edgy minden apr\u00f3 hib\u00e1t kik\u00fcsz\u00f6b\u00f6lhetsz.<\/p>\n<p><a href=\"https:\/\/d2p6e6u75xmxt8.cloudfront.net\/12\/2018\/04\/wlc_2-1.jpg\"><img loading=\"lazy\" decoding=\"async\" class=\"alignnone size-full wp-image-488\" src=\"https:\/\/d2p6e6u75xmxt8.cloudfront.net\/12\/2018\/04\/wlc_2-1.jpg\" alt=\"\" width=\"1095\" height=\"730\" srcset=\"https:\/\/d2p6e6u75xmxt8.cloudfront.net\/12\/2018\/04\/wlc_2-1.jpg 1095w, https:\/\/d2p6e6u75xmxt8.cloudfront.net\/12\/2018\/04\/wlc_2-1-300x200.jpg 300w, https:\/\/d2p6e6u75xmxt8.cloudfront.net\/12\/2018\/04\/wlc_2-1-768x512.jpg 768w, https:\/\/d2p6e6u75xmxt8.cloudfront.net\/12\/2018\/04\/wlc_2-1-1024x683.jpg 1024w, https:\/\/d2p6e6u75xmxt8.cloudfront.net\/12\/2018\/04\/wlc_2-1-272x182.jpg 272w\" sizes=\"auto, (max-width: 1095px) 100vw, 1095px\" \/><\/a><\/p>\n","protected":false},"excerpt":{"rendered":"<p>B\u00e1r sokan t\u00e9len sem pihentetik a ker\u00e9kp\u00e1rokat, tavasszal indul az igazi bringaszezon. \u00d6sszegy\u0171jt\u00f6tt\u00fck neked, hogy mire \u00e9rdemes figyelni, ha m\u00e1r [&hellip;]<\/p>\n","protected":false},"author":71,"featured_media":487,"comment_status":"open","ping_status":"open","sticky":false,"template":"","format":"standard","meta":{"footnotes":""},"categories":[10],"tags":[],"global-categories":[],"class_list":["post-484","post","type-post","status-publish","format-standard","has-post-thumbnail","hentry","category-biztonsag"],"yoast_head":"<!-- This site is optimized with the Yoast SEO Premium plugin v25.3 (Yoast SEO v25.9) - https:\/\/yoast.com\/wordpress\/plugins\/seo\/ -->\n<title>Tavaszi bring\u00e1z\u00e1s: 3+1 dolog, amire figyelj, ha \u00fajra be\u00fczemeled a bring\u00e1d! - \u0160koda We Love Cycling - Magyarorsz\u00e1g<\/title>\n<meta name=\"robots\" content=\"index, follow, max-snippet:-1, max-image-preview:large, max-video-preview:-1\" \/>\n<link rel=\"canonical\" href=\"https:\/\/www.welovecycling.com\/hu\/biztonsag\/tavaszi-bringazas-31-dolog-amire-figyelj-ha-ujra-beuzemeled-bringad\/\" \/>\n<meta property=\"og:locale\" content=\"hu_HU\" \/>\n<meta property=\"og:type\" content=\"article\" \/>\n<meta property=\"og:title\" content=\"Tavaszi bring\u00e1z\u00e1s: 3+1 dolog, amire figyelj, ha \u00fajra be\u00fczemeled a bring\u00e1d!\" \/>\n<meta property=\"og:description\" content=\"B\u00e1r sokan t\u00e9len sem pihentetik a ker\u00e9kp\u00e1rokat, tavasszal indul az igazi bringaszezon. \u00d6sszegy\u0171jt\u00f6tt\u00fck neked, hogy mire \u00e9rdemes figyelni, ha m\u00e1r [&hellip;]\" \/>\n<meta property=\"og:url\" content=\"https:\/\/www.welovecycling.com\/hu\/biztonsag\/tavaszi-bringazas-31-dolog-amire-figyelj-ha-ujra-beuzemeled-bringad\/\" \/>\n<meta property=\"og:site_name\" content=\"\u0160koda We Love Cycling - Magyarorsz\u00e1g\" \/>\n<meta property=\"article:publisher\" content=\"https:\/\/www.facebook.com\/WeLoveCyclingHungary\/\" \/>\n<meta property=\"article:published_time\" content=\"2018-04-09T15:45:17+00:00\" \/>\n<meta property=\"og:image\" content=\"https:\/\/d2p6e6u75xmxt8.cloudfront.net\/12\/2018\/04\/wlc_1-1.jpg\" \/>\n\t<meta property=\"og:image:width\" content=\"1073\" \/>\n\t<meta property=\"og:image:height\" content=\"715\" \/>\n\t<meta property=\"og:image:type\" content=\"image\/jpeg\" \/>\n<meta name=\"author\" content=\"hegyizs\" \/>\n<meta name=\"twitter:card\" content=\"summary_large_image\" \/>\n<meta name=\"twitter:label1\" content=\"Written by\" \/>\n\t<meta name=\"twitter:data1\" content=\"hegyizs\" \/>\n\t<meta name=\"twitter:label2\" content=\"Est. reading time\" \/>\n\t<meta name=\"twitter:data2\" content=\"1 minute\" \/>\n<script type=\"application\/ld+json\" class=\"yoast-schema-graph\">{\"@context\":\"https:\/\/schema.org\",\"@graph\":[{\"@type\":\"WebPage\",\"@id\":\"https:\/\/www.welovecycling.com\/hu\/biztonsag\/tavaszi-bringazas-31-dolog-amire-figyelj-ha-ujra-beuzemeled-bringad\/\",\"url\":\"https:\/\/www.welovecycling.com\/hu\/biztonsag\/tavaszi-bringazas-31-dolog-amire-figyelj-ha-ujra-beuzemeled-bringad\/\",\"name\":\"Tavaszi bring\u00e1z\u00e1s: 3+1 dolog, amire figyelj, ha \u00fajra be\u00fczemeled a bring\u00e1d! - \u0160koda We Love Cycling - Magyarorsz\u00e1g\",\"isPartOf\":{\"@id\":\"https:\/\/www.welovecycling.com\/hu\/#website\"},\"primaryImageOfPage\":{\"@id\":\"https:\/\/www.welovecycling.com\/hu\/biztonsag\/tavaszi-bringazas-31-dolog-amire-figyelj-ha-ujra-beuzemeled-bringad\/#primaryimage\"},\"image\":{\"@id\":\"https:\/\/www.welovecycling.com\/hu\/biztonsag\/tavaszi-bringazas-31-dolog-amire-figyelj-ha-ujra-beuzemeled-bringad\/#primaryimage\"},\"thumbnailUrl\":\"https:\/\/d2p6e6u75xmxt8.cloudfront.net\/12\/2018\/04\/wlc_1-1.jpg\",\"datePublished\":\"2018-04-09T15:45:17+00:00\",\"author\":{\"@id\":\"https:\/\/www.welovecycling.com\/hu\/#\/schema\/person\/414a2aebf1801691a5320edb6468e194\"},\"breadcrumb\":{\"@id\":\"https:\/\/www.welovecycling.com\/hu\/biztonsag\/tavaszi-bringazas-31-dolog-amire-figyelj-ha-ujra-beuzemeled-bringad\/#breadcrumb\"},\"inLanguage\":\"hu\",\"potentialAction\":[{\"@type\":\"ReadAction\",\"target\":[\"https:\/\/www.welovecycling.com\/hu\/biztonsag\/tavaszi-bringazas-31-dolog-amire-figyelj-ha-ujra-beuzemeled-bringad\/\"]}]},{\"@type\":\"ImageObject\",\"inLanguage\":\"hu\",\"@id\":\"https:\/\/www.welovecycling.com\/hu\/biztonsag\/tavaszi-bringazas-31-dolog-amire-figyelj-ha-ujra-beuzemeled-bringad\/#primaryimage\",\"url\":\"https:\/\/d2p6e6u75xmxt8.cloudfront.net\/12\/2018\/04\/wlc_1-1.jpg\",\"contentUrl\":\"https:\/\/d2p6e6u75xmxt8.cloudfront.net\/12\/2018\/04\/wlc_1-1.jpg\",\"width\":1073,\"height\":715,\"caption\":\"tavaszi_bringazas_4\"},{\"@type\":\"BreadcrumbList\",\"@id\":\"https:\/\/www.welovecycling.com\/hu\/biztonsag\/tavaszi-bringazas-31-dolog-amire-figyelj-ha-ujra-beuzemeled-bringad\/#breadcrumb\",\"itemListElement\":[{\"@type\":\"ListItem\",\"position\":1,\"name\":\"Home\",\"item\":\"https:\/\/www.welovecycling.com\/hu\/\"},{\"@type\":\"ListItem\",\"position\":2,\"name\":\"Tavaszi bring\u00e1z\u00e1s: 3+1 dolog, amire figyelj, ha \u00fajra be\u00fczemeled a bring\u00e1d!\"}]},{\"@type\":\"WebSite\",\"@id\":\"https:\/\/www.welovecycling.com\/hu\/#website\",\"url\":\"https:\/\/www.welovecycling.com\/hu\/\",\"name\":\"\u0160koda We Love Cycling - Magyarorsz\u00e1g\",\"description\":\"\u0160koda WeLoveCycling\",\"potentialAction\":[{\"@type\":\"SearchAction\",\"target\":{\"@type\":\"EntryPoint\",\"urlTemplate\":\"https:\/\/www.welovecycling.com\/hu\/?s={search_term_string}\"},\"query-input\":{\"@type\":\"PropertyValueSpecification\",\"valueRequired\":true,\"valueName\":\"search_term_string\"}}],\"inLanguage\":\"hu\"},{\"@type\":\"Person\",\"@id\":\"https:\/\/www.welovecycling.com\/hu\/#\/schema\/person\/414a2aebf1801691a5320edb6468e194\",\"name\":\"hegyizs\",\"image\":{\"@type\":\"ImageObject\",\"inLanguage\":\"hu\",\"@id\":\"https:\/\/www.welovecycling.com\/hu\/#\/schema\/person\/image\/\",\"url\":\"https:\/\/secure.gravatar.com\/avatar\/02cf8a7906b8cf90cecb4679defac7cfd33a1c2e3b88e4903d947f3bb58eedd3?s=96&d=mm&r=g\",\"contentUrl\":\"https:\/\/secure.gravatar.com\/avatar\/02cf8a7906b8cf90cecb4679defac7cfd33a1c2e3b88e4903d947f3bb58eedd3?s=96&d=mm&r=g\",\"caption\":\"hegyizs\"},\"url\":\"https:\/\/www.welovecycling.com\/hu\/author\/hegyizs\/\"}]}<\/script>\n<!-- \/ Yoast SEO Premium plugin. -->","yoast_head_json":{"title":"Tavaszi bring\u00e1z\u00e1s: 3+1 dolog, amire figyelj, ha \u00fajra be\u00fczemeled a bring\u00e1d! - \u0160koda We Love Cycling - Magyarorsz\u00e1g","robots":{"index":"index","follow":"follow","max-snippet":"max-snippet:-1","max-image-preview":"max-image-preview:large","max-video-preview":"max-video-preview:-1"},"canonical":"https:\/\/www.welovecycling.com\/hu\/biztonsag\/tavaszi-bringazas-31-dolog-amire-figyelj-ha-ujra-beuzemeled-bringad\/","og_locale":"hu_HU","og_type":"article","og_title":"Tavaszi bring\u00e1z\u00e1s: 3+1 dolog, amire figyelj, ha \u00fajra be\u00fczemeled a bring\u00e1d!","og_description":"B\u00e1r sokan t\u00e9len sem pihentetik a ker\u00e9kp\u00e1rokat, tavasszal indul az igazi bringaszezon. \u00d6sszegy\u0171jt\u00f6tt\u00fck neked, hogy mire \u00e9rdemes figyelni, ha m\u00e1r [&hellip;]","og_url":"https:\/\/www.welovecycling.com\/hu\/biztonsag\/tavaszi-bringazas-31-dolog-amire-figyelj-ha-ujra-beuzemeled-bringad\/","og_site_name":"\u0160koda We Love Cycling - Magyarorsz\u00e1g","article_publisher":"https:\/\/www.facebook.com\/WeLoveCyclingHungary\/","article_published_time":"2018-04-09T15:45:17+00:00","og_image":[{"width":1073,"height":715,"url":"https:\/\/d2p6e6u75xmxt8.cloudfront.net\/12\/2018\/04\/wlc_1-1.jpg","type":"image\/jpeg"}],"author":"hegyizs","twitter_card":"summary_large_image","twitter_misc":{"Written by":"hegyizs","Est. reading time":"1 minute"},"schema":{"@context":"https:\/\/schema.org","@graph":[{"@type":"WebPage","@id":"https:\/\/www.welovecycling.com\/hu\/biztonsag\/tavaszi-bringazas-31-dolog-amire-figyelj-ha-ujra-beuzemeled-bringad\/","url":"https:\/\/www.welovecycling.com\/hu\/biztonsag\/tavaszi-bringazas-31-dolog-amire-figyelj-ha-ujra-beuzemeled-bringad\/","name":"Tavaszi bring\u00e1z\u00e1s: 3+1 dolog, amire figyelj, ha \u00fajra be\u00fczemeled a bring\u00e1d! - \u0160koda We Love Cycling - Magyarorsz\u00e1g","isPartOf":{"@id":"https:\/\/www.welovecycling.com\/hu\/#website"},"primaryImageOfPage":{"@id":"https:\/\/www.welovecycling.com\/hu\/biztonsag\/tavaszi-bringazas-31-dolog-amire-figyelj-ha-ujra-beuzemeled-bringad\/#primaryimage"},"image":{"@id":"https:\/\/www.welovecycling.com\/hu\/biztonsag\/tavaszi-bringazas-31-dolog-amire-figyelj-ha-ujra-beuzemeled-bringad\/#primaryimage"},"thumbnailUrl":"https:\/\/d2p6e6u75xmxt8.cloudfront.net\/12\/2018\/04\/wlc_1-1.jpg","datePublished":"2018-04-09T15:45:17+00:00","author":{"@id":"https:\/\/www.welovecycling.com\/hu\/#\/schema\/person\/414a2aebf1801691a5320edb6468e194"},"breadcrumb":{"@id":"https:\/\/www.welovecycling.com\/hu\/biztonsag\/tavaszi-bringazas-31-dolog-amire-figyelj-ha-ujra-beuzemeled-bringad\/#breadcrumb"},"inLanguage":"hu","potentialAction":[{"@type":"ReadAction","target":["https:\/\/www.welovecycling.com\/hu\/biztonsag\/tavaszi-bringazas-31-dolog-amire-figyelj-ha-ujra-beuzemeled-bringad\/"]}]},{"@type":"ImageObject","inLanguage":"hu","@id":"https:\/\/www.welovecycling.com\/hu\/biztonsag\/tavaszi-bringazas-31-dolog-amire-figyelj-ha-ujra-beuzemeled-bringad\/#primaryimage","url":"https:\/\/d2p6e6u75xmxt8.cloudfront.net\/12\/2018\/04\/wlc_1-1.jpg","contentUrl":"https:\/\/d2p6e6u75xmxt8.cloudfront.net\/12\/2018\/04\/wlc_1-1.jpg","width":1073,"height":715,"caption":"tavaszi_bringazas_4"},{"@type":"BreadcrumbList","@id":"https:\/\/www.welovecycling.com\/hu\/biztonsag\/tavaszi-bringazas-31-dolog-amire-figyelj-ha-ujra-beuzemeled-bringad\/#breadcrumb","itemListElement":[{"@type":"ListItem","position":1,"name":"Home","item":"https:\/\/www.welovecycling.com\/hu\/"},{"@type":"ListItem","position":2,"name":"Tavaszi bring\u00e1z\u00e1s: 3+1 dolog, amire figyelj, ha \u00fajra be\u00fczemeled a bring\u00e1d!"}]},{"@type":"WebSite","@id":"https:\/\/www.welovecycling.com\/hu\/#website","url":"https:\/\/www.welovecycling.com\/hu\/","name":"\u0160koda We Love Cycling - Magyarorsz\u00e1g","description":"\u0160koda WeLoveCycling","potentialAction":[{"@type":"SearchAction","target":{"@type":"EntryPoint","urlTemplate":"https:\/\/www.welovecycling.com\/hu\/?s={search_term_string}"},"query-input":{"@type":"PropertyValueSpecification","valueRequired":true,"valueName":"search_term_string"}}],"inLanguage":"hu"},{"@type":"Person","@id":"https:\/\/www.welovecycling.com\/hu\/#\/schema\/person\/414a2aebf1801691a5320edb6468e194","name":"hegyizs","image":{"@type":"ImageObject","inLanguage":"hu","@id":"https:\/\/www.welovecycling.com\/hu\/#\/schema\/person\/image\/","url":"https:\/\/secure.gravatar.com\/avatar\/02cf8a7906b8cf90cecb4679defac7cfd33a1c2e3b88e4903d947f3bb58eedd3?s=96&d=mm&r=g","contentUrl":"https:\/\/secure.gravatar.com\/avatar\/02cf8a7906b8cf90cecb4679defac7cfd33a1c2e3b88e4903d947f3bb58eedd3?s=96&d=mm&r=g","caption":"hegyizs"},"url":"https:\/\/www.welovecycling.com\/hu\/author\/hegyizs\/"}]}},"_links":{"self":[{"href":"https:\/\/www.welovecycling.com\/hu\/wp-json\/wp\/v2\/posts\/484","targetHints":{"allow":["GET"]}}],"collection":[{"href":"https:\/\/www.welovecycling.com\/hu\/wp-json\/wp\/v2\/posts"}],"about":[{"href":"https:\/\/www.welovecycling.com\/hu\/wp-json\/wp\/v2\/types\/post"}],"author":[{"embeddable":true,"href":"https:\/\/www.welovecycling.com\/hu\/wp-json\/wp\/v2\/users\/71"}],"replies":[{"embeddable":true,"href":"https:\/\/www.welovecycling.com\/hu\/wp-json\/wp\/v2\/comments?post=484"}],"version-history":[{"count":2,"href":"https:\/\/www.welovecycling.com\/hu\/wp-json\/wp\/v2\/posts\/484\/revisions"}],"predecessor-version":[{"id":497,"href":"https:\/\/www.welovecycling.com\/hu\/wp-json\/wp\/v2\/posts\/484\/revisions\/497"}],"wp:featuredmedia":[{"embeddable":true,"href":"https:\/\/www.welovecycling.com\/hu\/wp-json\/wp\/v2\/media\/487"}],"wp:attachment":[{"href":"https:\/\/www.welovecycling.com\/hu\/wp-json\/wp\/v2\/media?parent=484"}],"wp:term":[{"taxonomy":"category","embeddable":true,"href":"https:\/\/www.welovecycling.com\/hu\/wp-json\/wp\/v2\/categories?post=484"},{"taxonomy":"post_tag","embeddable":true,"href":"https:\/\/www.welovecycling.com\/hu\/wp-json\/wp\/v2\/tags?post=484"},{"taxonomy":"global-categories","embeddable":true,"href":"https:\/\/www.welovecycling.com\/hu\/wp-json\/wp\/v2\/global-categories?post=484"}],"curies":[{"name":"wp","href":"https:\/\/api.w.org\/{rel}","templated":true}]}}