{"id":4834,"date":"2019-08-29T13:00:31","date_gmt":"2019-08-29T12:00:31","guid":{"rendered":"https:\/\/www.welovecycling.com\/hu\/?p=4834"},"modified":"2019-08-29T19:23:36","modified_gmt":"2019-08-29T18:23:36","slug":"mentsenek-e-allatokat-a-bringasok","status":"publish","type":"post","link":"https:\/\/www.welovecycling.com\/hu\/kozosseg-es-kultura\/mentsenek-e-allatokat-a-bringasok\/","title":{"rendered":"Mentsenek-e \u00e1llatokat a bring\u00e1sok?"},"content":{"rendered":"<p><strong>A ker\u00e9kp\u00e1roz\u00e1s \u00e1ltal t\u00f6bbet l\u00e1thatsz a vil\u00e1gb\u00f3l, mintha csak s\u00e9t\u00e1ln\u00e1l, \u00e1m nagy sebess\u00e9gn\u00e9l t\u00fal k\u00f6nnyen suhansz el az \u00fat ment\u00e9n vagy a vadonban l\u00e9v\u0151 apr\u00f3, eldugott r\u00e9szletek mellett. K\u00e9sz\u00fclj fel, mert n\u00e9h\u00e1ny sz\u00edvszor\u00edt\u00f3 pillanat k\u00f6vetkezik, viszont minden t\u00f6rt\u00e9net happy enddel v\u00e9gz\u0151dik.<\/strong><!--more--><\/p>\n<h2><strong>Tal\u00e1lt macska utazna<\/strong><\/h2>\n<p>A vil\u00e1got k\u00f6rbe tekerni olyan \u00e9lm\u00e9ny lenne legt\u00f6bb\u00fcnknek, ami az \u00e9letben csak egyszer adatik meg. Dean Nicholsonnak, aki kor\u00e1bban hegeszt\u0151k\u00e9nt dolgozott, ez az \u00e9lm\u00e9ny m\u00e9g nagyszer\u0171bb volt, miut\u00e1n megmentett egy elk\u00f3borolt, lesov\u00e1nyodott cic\u00e1t, akit Nal\u00e1nak nevezett el.<\/p>\n<lite-youtube videoid=CEkwCkQ43X0 params=\"enablejsapi=1\" style=\"background-image: url('https:\/\/i.ytimg.com\/vi_webp\/CEkwCkQ43X0\/maxresdefault.webp');\"><\/lite-youtube>\n<p>Deannek szerencs\u00e9je volt Nal\u00e1val \u00e9s nem sokkal k\u00e9s\u0151bb, ez \u00e9v elej\u00e9n, a ker\u00e9kp\u00e1rossal szerelembe esett macska t\u00f6rt\u00e9nete v\u00e9gig s\u00f6p\u00f6rt az interneten. Akaratlanul is a saj\u00e1t macsk\u00e1mra t\u00e9ved a tekintetem, aki \u00e9pp a kertben van, \u00e9s arra gondolok, hogy hal\u00e1lra r\u00e9m\u00fclne, ha megpr\u00f3b\u00e1ln\u00e1m feltenni a biciklimre. Dean \u00e9s Nala eset\u00e9ben ezt a sors is \u00edgy akarta.<\/p>\n<h2><strong>Ellen\u00e1llhatatlan cicus<\/strong><\/h2>\n<p>Dean nem az els\u0151 ker\u00e9kp\u00e1ros volt, aki macsk\u00e1ra lelt teker\u00e9s k\u00f6zben. 2017-ben Viitor Fonseca vett \u00e9szre egy \u00e1rva cirmost az \u00fat ment\u00e9n \u00e9s gy\u00f6m\u00f6sz\u00f6lte be a fels\u0151j\u00e9be. A cica nem csak hogy nem b\u00e1nta, hanem l\u00e1that\u00f3an azonnal megkedvelte Fonsecat \u00e9s folyamatosan d\u00f6rg\u00f6l\u0151z\u00f6tt hozz\u00e1.<\/p>\n<lite-youtube videoid=HNnUWSHLvwI params=\"enablejsapi=1\" style=\"background-image: url('https:\/\/i.ytimg.com\/vi_webp\/HNnUWSHLvwI\/maxresdefault.webp');\"><\/lite-youtube>\n<p>Ha felmer\u00fcl a k\u00e9rd\u00e9s, hogy vajon a bring\u00e1soknak feladatuk-e az \u00e1llatok megment\u00e9se, csup\u00e1n Viitor arc\u00e1ra kell n\u00e9zni. Tipikus bring\u00e1s, aki m\u00e9g jobban im\u00e1dja a teker\u00e9st, ha megoszthatja m\u00e1ssal is az \u00e9lm\u00e9nyt. M\u00e9g akkor is, ha ez t\u00f6rt\u00e9netesen nem egy ember, hanem egy \u00e1llat.<\/p>\n<h2><strong>A mag\u00e1nyos kutyus<\/strong><\/h2>\n<p>Ha let\u00e9rsz a megszokott \u00fatr\u00f3l, k\u00f6nnyen tal\u00e1lhatod magad olyan helyen, ahol senki sem keresne. A kitaposott \u00f6sv\u00e9nyt\u0151l j\u00f3 messze, Portug\u00e1lia \u00e9szaki r\u00e9sz\u00e9n, Sierra de Pias-ban egy csapat montis egy mag\u00e1nyos kutyusra bukkant. \u00c9n sz\u00f3ltam, hogy sz\u00edvszor\u00edt\u00f3 felv\u00e9telek k\u00f6vetkeznek, sz\u00f3val tess\u00e9k.<\/p>\n<lite-youtube videoid=Q6BfQ4CpIrc params=\"enablejsapi=1\" style=\"background-image: url('https:\/\/i.ytimg.com\/vi_webp\/Q6BfQ4CpIrc\/maxresdefault.webp');\"><\/lite-youtube>\n<p>Ha azon elm\u00e9lkedsz, vajon mi t\u00f6rt\u00e9nhetett ezut\u00e1n, most elmondjuk. A kutyus evett m\u00e9g egy kicsit \u00e9s eliszkolt, de a ker\u00e9kp\u00e1rosok m\u00e1snap visszat\u00e9rtek, hogy megkeress\u00e9k \u0151t \u00e9s a n\u00e9gyl\u00e1b\u00fa is ugyan\u00edgy tett. A kutyust begy\u0171jt\u00f6tt\u00e9k a helyi t\u0171zolt\u00f3s\u00e1g ki\u00e9rkez\u0151 emberei, majd \u00f6r\u00f6kbefogadta egy aranysz\u00edv\u0171 mag\u00e1nember, aki anonimit\u00e1sba burkol\u00f3zott.<\/p>\n<h2><strong>A bring\u00e1s megment\u00e9s\u00e9re siet\u0151 kutyus<\/strong><\/h2>\n<p>Mi, bring\u00e1sok, mindent megtesz\u00fcnk, hogy megel\u0151zz\u00fck a baleseteket, \u00e1m alkalmank\u00e9nt szeretj\u00fck feszegetni a hat\u00e1rokat. Sokan szeretnek k\u00f6z\u00fcl\u00fcnk hosszabb teker\u00e9seket nyomni vagy kitekerni az ismeretlenbe, \u00e9s abban is biztos vagyok, hogy mind elj\u00e1tszottunk m\u00e1r a gondolattal, hogy mi van, ha be\u00fct a balszerencse a semmi k\u00f6zep\u00e9n. Pontosan ez t\u00f6rt\u00e9nt meg egy negyven \u00e9ves rom\u00e1niai bring\u00e1ssal.<\/p>\n<p><a href=\"https:\/\/d2p6e6u75xmxt8.cloudfront.net\/12\/2019\/08\/roma1.jpg\"><img loading=\"lazy\" decoding=\"async\" class=\"alignnone size-full wp-image-4838\" src=\"https:\/\/d2p6e6u75xmxt8.cloudfront.net\/12\/2019\/08\/roma1.jpg\" alt=\"\" width=\"640\" height=\"480\" srcset=\"https:\/\/d2p6e6u75xmxt8.cloudfront.net\/12\/2019\/08\/roma1.jpg 640w, https:\/\/d2p6e6u75xmxt8.cloudfront.net\/12\/2019\/08\/roma1-300x225.jpg 300w\" sizes=\"auto, (max-width: 640px) 100vw, 640px\" \/><\/a><\/p>\n<p>Amikor r\u00e1tal\u00e1ltak, a bring\u00e1snak el volt t\u00f6rve az egyik v\u00e1lla \u00e9s m\u00e1r enyhe kih\u0171l\u00e9s is jelentkezett n\u00e1la. Ha nem tal\u00e1lja meg egy arra t\u00e9vedt kutya, \u00e9s nem kuporodik mell\u00e9 \u00e9jszak\u00e1ra, hogy melegen tartsa, lehet, hogy m\u00e1r nem \u00e9lne.<\/p>\n<p><a href=\"https:\/\/d2p6e6u75xmxt8.cloudfront.net\/12\/2019\/08\/roma2.jpg\"><img loading=\"lazy\" decoding=\"async\" class=\"alignnone size-full wp-image-4839\" src=\"https:\/\/d2p6e6u75xmxt8.cloudfront.net\/12\/2019\/08\/roma2.jpg\" alt=\"\" width=\"640\" height=\"480\" srcset=\"https:\/\/d2p6e6u75xmxt8.cloudfront.net\/12\/2019\/08\/roma2.jpg 640w, https:\/\/d2p6e6u75xmxt8.cloudfront.net\/12\/2019\/08\/roma2-300x225.jpg 300w\" sizes=\"auto, (max-width: 640px) 100vw, 640px\" \/><\/a><\/p>\n<p>A seg\u00edts\u00e9g\u00e9re \u00e9rkez\u0151 csapat egyb\u0151l ell\u00e1tta a ker\u00e9kp\u00e1rost, \u00f6sszeszedt\u00e9k a Bianchi bring\u00e1j\u00e1t \u00e9s a Saviour (Megment\u0151) nevet adt\u00e1k a kutyusnak. P\u00e1r napon bel\u00fcl a csal\u00e1d \u00f6r\u00f6kbefogadta a k\u00f3bor ebet, hogy k\u00e9nyelemben t\u00f6lthesse el \u00e9lete h\u00e1tral\u00e9v\u0151 r\u00e9sz\u00e9t. V\u00e9g\u00fclis Saviour \u00e9lete nagy r\u00e9sz\u00e9t a hegyekben t\u00f6lt\u00f6tte, elt\u00e9vedt bring\u00e1sokra vigy\u00e1zva. Azt hiszem, ezt h\u00edvj\u00e1k karm\u00e1nak, ezek a dolgok oda-vissza m\u0171k\u00f6dnek.<\/p>\n","protected":false},"excerpt":{"rendered":"<p>A ker\u00e9kp\u00e1roz\u00e1s \u00e1ltal t\u00f6bbet l\u00e1thatsz a vil\u00e1gb\u00f3l, mintha csak s\u00e9t\u00e1ln\u00e1l, \u00e1m nagy sebess\u00e9gn\u00e9l t\u00fal k\u00f6nnyen suhansz el az \u00fat ment\u00e9n [&hellip;]<\/p>\n","protected":false},"author":71,"featured_media":4841,"comment_status":"open","ping_status":"open","sticky":false,"template":"","format":"standard","meta":{"footnotes":""},"categories":[12],"tags":[],"global-categories":[],"class_list":["post-4834","post","type-post","status-publish","format-standard","has-post-thumbnail","hentry","category-kozosseg-es-kultura"],"yoast_head":"<!-- This site is optimized with the Yoast SEO Premium plugin v25.3 (Yoast SEO v25.9) - https:\/\/yoast.com\/wordpress\/plugins\/seo\/ -->\n<title>Mentsenek-e \u00e1llatokat a bring\u00e1sok? - \u0160koda We Love Cycling - Magyarorsz\u00e1g<\/title>\n<meta name=\"robots\" content=\"index, follow, max-snippet:-1, max-image-preview:large, max-video-preview:-1\" \/>\n<link rel=\"canonical\" href=\"https:\/\/www.welovecycling.com\/hu\/kozosseg-es-kultura\/mentsenek-e-allatokat-a-bringasok\/\" \/>\n<meta property=\"og:locale\" content=\"hu_HU\" \/>\n<meta property=\"og:type\" content=\"article\" \/>\n<meta property=\"og:title\" content=\"Mentsenek-e \u00e1llatokat a bring\u00e1sok?\" \/>\n<meta property=\"og:description\" content=\"A ker\u00e9kp\u00e1roz\u00e1s \u00e1ltal t\u00f6bbet l\u00e1thatsz a vil\u00e1gb\u00f3l, mintha csak s\u00e9t\u00e1ln\u00e1l, \u00e1m nagy sebess\u00e9gn\u00e9l t\u00fal k\u00f6nnyen suhansz el az \u00fat ment\u00e9n [&hellip;]\" \/>\n<meta property=\"og:url\" content=\"https:\/\/www.welovecycling.com\/hu\/kozosseg-es-kultura\/mentsenek-e-allatokat-a-bringasok\/\" \/>\n<meta property=\"og:site_name\" content=\"\u0160koda We Love Cycling - Magyarorsz\u00e1g\" \/>\n<meta property=\"article:publisher\" content=\"https:\/\/www.facebook.com\/WeLoveCyclingHungary\/\" \/>\n<meta property=\"article:published_time\" content=\"2019-08-29T12:00:31+00:00\" \/>\n<meta property=\"article:modified_time\" content=\"2019-08-29T18:23:36+00:00\" \/>\n<meta property=\"og:image\" content=\"https:\/\/d2p6e6u75xmxt8.cloudfront.net\/12\/2019\/08\/Animals-CVR.jpg\" \/>\n\t<meta property=\"og:image:width\" content=\"1366\" \/>\n\t<meta property=\"og:image:height\" content=\"600\" \/>\n\t<meta property=\"og:image:type\" content=\"image\/jpeg\" \/>\n<meta name=\"author\" content=\"hegyizs\" \/>\n<meta name=\"twitter:card\" content=\"summary_large_image\" \/>\n<meta name=\"twitter:label1\" content=\"Written by\" \/>\n\t<meta name=\"twitter:data1\" content=\"Christopher Ashley\" \/>\n\t<meta name=\"twitter:label2\" content=\"Est. reading time\" \/>\n\t<meta name=\"twitter:data2\" content=\"7\" \/>\n<script type=\"application\/ld+json\" class=\"yoast-schema-graph\">{\"@context\":\"https:\/\/schema.org\",\"@graph\":[{\"@type\":\"WebPage\",\"@id\":\"https:\/\/www.welovecycling.com\/hu\/kozosseg-es-kultura\/mentsenek-e-allatokat-a-bringasok\/\",\"url\":\"https:\/\/www.welovecycling.com\/hu\/kozosseg-es-kultura\/mentsenek-e-allatokat-a-bringasok\/\",\"name\":\"Mentsenek-e \u00e1llatokat a bring\u00e1sok? - \u0160koda We Love Cycling - Magyarorsz\u00e1g\",\"isPartOf\":{\"@id\":\"https:\/\/www.welovecycling.com\/hu\/#website\"},\"primaryImageOfPage\":{\"@id\":\"https:\/\/www.welovecycling.com\/hu\/kozosseg-es-kultura\/mentsenek-e-allatokat-a-bringasok\/#primaryimage\"},\"image\":{\"@id\":\"https:\/\/www.welovecycling.com\/hu\/kozosseg-es-kultura\/mentsenek-e-allatokat-a-bringasok\/#primaryimage\"},\"thumbnailUrl\":\"https:\/\/d2p6e6u75xmxt8.cloudfront.net\/12\/2019\/08\/Animals-CVR.jpg\",\"datePublished\":\"2019-08-29T12:00:31+00:00\",\"dateModified\":\"2019-08-29T18:23:36+00:00\",\"author\":{\"@id\":\"https:\/\/www.welovecycling.com\/hu\/#\/schema\/person\/414a2aebf1801691a5320edb6468e194\"},\"breadcrumb\":{\"@id\":\"https:\/\/www.welovecycling.com\/hu\/kozosseg-es-kultura\/mentsenek-e-allatokat-a-bringasok\/#breadcrumb\"},\"inLanguage\":\"hu\",\"potentialAction\":[{\"@type\":\"ReadAction\",\"target\":[\"https:\/\/www.welovecycling.com\/hu\/kozosseg-es-kultura\/mentsenek-e-allatokat-a-bringasok\/\"]}]},{\"@type\":\"ImageObject\",\"inLanguage\":\"hu\",\"@id\":\"https:\/\/www.welovecycling.com\/hu\/kozosseg-es-kultura\/mentsenek-e-allatokat-a-bringasok\/#primaryimage\",\"url\":\"https:\/\/d2p6e6u75xmxt8.cloudfront.net\/12\/2019\/08\/Animals-CVR.jpg\",\"contentUrl\":\"https:\/\/d2p6e6u75xmxt8.cloudfront.net\/12\/2019\/08\/Animals-CVR.jpg\",\"width\":1366,\"height\":600},{\"@type\":\"BreadcrumbList\",\"@id\":\"https:\/\/www.welovecycling.com\/hu\/kozosseg-es-kultura\/mentsenek-e-allatokat-a-bringasok\/#breadcrumb\",\"itemListElement\":[{\"@type\":\"ListItem\",\"position\":1,\"name\":\"Home\",\"item\":\"https:\/\/www.welovecycling.com\/hu\/\"},{\"@type\":\"ListItem\",\"position\":2,\"name\":\"Mentsenek-e \u00e1llatokat a bring\u00e1sok?\"}]},{\"@type\":\"WebSite\",\"@id\":\"https:\/\/www.welovecycling.com\/hu\/#website\",\"url\":\"https:\/\/www.welovecycling.com\/hu\/\",\"name\":\"\u0160koda We Love Cycling - Magyarorsz\u00e1g\",\"description\":\"\u0160koda WeLoveCycling\",\"potentialAction\":[{\"@type\":\"SearchAction\",\"target\":{\"@type\":\"EntryPoint\",\"urlTemplate\":\"https:\/\/www.welovecycling.com\/hu\/?s={search_term_string}\"},\"query-input\":{\"@type\":\"PropertyValueSpecification\",\"valueRequired\":true,\"valueName\":\"search_term_string\"}}],\"inLanguage\":\"hu\"},{\"@type\":\"Person\",\"@id\":\"https:\/\/www.welovecycling.com\/hu\/#\/schema\/person\/414a2aebf1801691a5320edb6468e194\",\"name\":\"hegyizs\",\"image\":{\"@type\":\"ImageObject\",\"inLanguage\":\"hu\",\"@id\":\"https:\/\/www.welovecycling.com\/hu\/#\/schema\/person\/image\/\",\"url\":\"https:\/\/secure.gravatar.com\/avatar\/02cf8a7906b8cf90cecb4679defac7cfd33a1c2e3b88e4903d947f3bb58eedd3?s=96&d=mm&r=g\",\"contentUrl\":\"https:\/\/secure.gravatar.com\/avatar\/02cf8a7906b8cf90cecb4679defac7cfd33a1c2e3b88e4903d947f3bb58eedd3?s=96&d=mm&r=g\",\"caption\":\"hegyizs\"},\"url\":\"https:\/\/www.welovecycling.com\/hu\/author\/hegyizs\/\"}]}<\/script>\n<!-- \/ Yoast SEO Premium plugin. -->","yoast_head_json":{"title":"Mentsenek-e \u00e1llatokat a bring\u00e1sok? - \u0160koda We Love Cycling - Magyarorsz\u00e1g","robots":{"index":"index","follow":"follow","max-snippet":"max-snippet:-1","max-image-preview":"max-image-preview:large","max-video-preview":"max-video-preview:-1"},"canonical":"https:\/\/www.welovecycling.com\/hu\/kozosseg-es-kultura\/mentsenek-e-allatokat-a-bringasok\/","og_locale":"hu_HU","og_type":"article","og_title":"Mentsenek-e \u00e1llatokat a bring\u00e1sok?","og_description":"A ker\u00e9kp\u00e1roz\u00e1s \u00e1ltal t\u00f6bbet l\u00e1thatsz a vil\u00e1gb\u00f3l, mintha csak s\u00e9t\u00e1ln\u00e1l, \u00e1m nagy sebess\u00e9gn\u00e9l t\u00fal k\u00f6nnyen suhansz el az \u00fat ment\u00e9n [&hellip;]","og_url":"https:\/\/www.welovecycling.com\/hu\/kozosseg-es-kultura\/mentsenek-e-allatokat-a-bringasok\/","og_site_name":"\u0160koda We Love Cycling - Magyarorsz\u00e1g","article_publisher":"https:\/\/www.facebook.com\/WeLoveCyclingHungary\/","article_published_time":"2019-08-29T12:00:31+00:00","article_modified_time":"2019-08-29T18:23:36+00:00","og_image":[{"width":1366,"height":600,"url":"https:\/\/d2p6e6u75xmxt8.cloudfront.net\/12\/2019\/08\/Animals-CVR.jpg","type":"image\/jpeg"}],"author":"hegyizs","twitter_card":"summary_large_image","twitter_misc":{"Written by":"Christopher Ashley","Est. reading time":"7"},"schema":{"@context":"https:\/\/schema.org","@graph":[{"@type":"WebPage","@id":"https:\/\/www.welovecycling.com\/hu\/kozosseg-es-kultura\/mentsenek-e-allatokat-a-bringasok\/","url":"https:\/\/www.welovecycling.com\/hu\/kozosseg-es-kultura\/mentsenek-e-allatokat-a-bringasok\/","name":"Mentsenek-e \u00e1llatokat a bring\u00e1sok? - \u0160koda We Love Cycling - Magyarorsz\u00e1g","isPartOf":{"@id":"https:\/\/www.welovecycling.com\/hu\/#website"},"primaryImageOfPage":{"@id":"https:\/\/www.welovecycling.com\/hu\/kozosseg-es-kultura\/mentsenek-e-allatokat-a-bringasok\/#primaryimage"},"image":{"@id":"https:\/\/www.welovecycling.com\/hu\/kozosseg-es-kultura\/mentsenek-e-allatokat-a-bringasok\/#primaryimage"},"thumbnailUrl":"https:\/\/d2p6e6u75xmxt8.cloudfront.net\/12\/2019\/08\/Animals-CVR.jpg","datePublished":"2019-08-29T12:00:31+00:00","dateModified":"2019-08-29T18:23:36+00:00","author":{"@id":"https:\/\/www.welovecycling.com\/hu\/#\/schema\/person\/414a2aebf1801691a5320edb6468e194"},"breadcrumb":{"@id":"https:\/\/www.welovecycling.com\/hu\/kozosseg-es-kultura\/mentsenek-e-allatokat-a-bringasok\/#breadcrumb"},"inLanguage":"hu","potentialAction":[{"@type":"ReadAction","target":["https:\/\/www.welovecycling.com\/hu\/kozosseg-es-kultura\/mentsenek-e-allatokat-a-bringasok\/"]}]},{"@type":"ImageObject","inLanguage":"hu","@id":"https:\/\/www.welovecycling.com\/hu\/kozosseg-es-kultura\/mentsenek-e-allatokat-a-bringasok\/#primaryimage","url":"https:\/\/d2p6e6u75xmxt8.cloudfront.net\/12\/2019\/08\/Animals-CVR.jpg","contentUrl":"https:\/\/d2p6e6u75xmxt8.cloudfront.net\/12\/2019\/08\/Animals-CVR.jpg","width":1366,"height":600},{"@type":"BreadcrumbList","@id":"https:\/\/www.welovecycling.com\/hu\/kozosseg-es-kultura\/mentsenek-e-allatokat-a-bringasok\/#breadcrumb","itemListElement":[{"@type":"ListItem","position":1,"name":"Home","item":"https:\/\/www.welovecycling.com\/hu\/"},{"@type":"ListItem","position":2,"name":"Mentsenek-e \u00e1llatokat a bring\u00e1sok?"}]},{"@type":"WebSite","@id":"https:\/\/www.welovecycling.com\/hu\/#website","url":"https:\/\/www.welovecycling.com\/hu\/","name":"\u0160koda We Love Cycling - Magyarorsz\u00e1g","description":"\u0160koda WeLoveCycling","potentialAction":[{"@type":"SearchAction","target":{"@type":"EntryPoint","urlTemplate":"https:\/\/www.welovecycling.com\/hu\/?s={search_term_string}"},"query-input":{"@type":"PropertyValueSpecification","valueRequired":true,"valueName":"search_term_string"}}],"inLanguage":"hu"},{"@type":"Person","@id":"https:\/\/www.welovecycling.com\/hu\/#\/schema\/person\/414a2aebf1801691a5320edb6468e194","name":"hegyizs","image":{"@type":"ImageObject","inLanguage":"hu","@id":"https:\/\/www.welovecycling.com\/hu\/#\/schema\/person\/image\/","url":"https:\/\/secure.gravatar.com\/avatar\/02cf8a7906b8cf90cecb4679defac7cfd33a1c2e3b88e4903d947f3bb58eedd3?s=96&d=mm&r=g","contentUrl":"https:\/\/secure.gravatar.com\/avatar\/02cf8a7906b8cf90cecb4679defac7cfd33a1c2e3b88e4903d947f3bb58eedd3?s=96&d=mm&r=g","caption":"hegyizs"},"url":"https:\/\/www.welovecycling.com\/hu\/author\/hegyizs\/"}]}},"_links":{"self":[{"href":"https:\/\/www.welovecycling.com\/hu\/wp-json\/wp\/v2\/posts\/4834","targetHints":{"allow":["GET"]}}],"collection":[{"href":"https:\/\/www.welovecycling.com\/hu\/wp-json\/wp\/v2\/posts"}],"about":[{"href":"https:\/\/www.welovecycling.com\/hu\/wp-json\/wp\/v2\/types\/post"}],"author":[{"embeddable":true,"href":"https:\/\/www.welovecycling.com\/hu\/wp-json\/wp\/v2\/users\/71"}],"replies":[{"embeddable":true,"href":"https:\/\/www.welovecycling.com\/hu\/wp-json\/wp\/v2\/comments?post=4834"}],"version-history":[{"count":2,"href":"https:\/\/www.welovecycling.com\/hu\/wp-json\/wp\/v2\/posts\/4834\/revisions"}],"predecessor-version":[{"id":4847,"href":"https:\/\/www.welovecycling.com\/hu\/wp-json\/wp\/v2\/posts\/4834\/revisions\/4847"}],"wp:featuredmedia":[{"embeddable":true,"href":"https:\/\/www.welovecycling.com\/hu\/wp-json\/wp\/v2\/media\/4841"}],"wp:attachment":[{"href":"https:\/\/www.welovecycling.com\/hu\/wp-json\/wp\/v2\/media?parent=4834"}],"wp:term":[{"taxonomy":"category","embeddable":true,"href":"https:\/\/www.welovecycling.com\/hu\/wp-json\/wp\/v2\/categories?post=4834"},{"taxonomy":"post_tag","embeddable":true,"href":"https:\/\/www.welovecycling.com\/hu\/wp-json\/wp\/v2\/tags?post=4834"},{"taxonomy":"global-categories","embeddable":true,"href":"https:\/\/www.welovecycling.com\/hu\/wp-json\/wp\/v2\/global-categories?post=4834"}],"curies":[{"name":"wp","href":"https:\/\/api.w.org\/{rel}","templated":true}]}}