{"id":4826,"date":"2019-08-29T08:00:04","date_gmt":"2019-08-29T07:00:04","guid":{"rendered":"https:\/\/www.welovecycling.com\/hu\/?p=4826"},"modified":"2019-08-28T12:29:04","modified_gmt":"2019-08-28T11:29:04","slug":"te-minek-tamasztod-a-bringadat","status":"publish","type":"post","link":"https:\/\/www.welovecycling.com\/hu\/kozosseg-es-kultura\/te-minek-tamasztod-a-bringadat\/","title":{"rendered":"Te minek t\u00e1masztod a bring\u00e1dat?"},"content":{"rendered":"<p><strong>H\u00e1rom oka lehet annak, hogy lefot\u00f3zod a bic\u00f3d. K\u00e9sz\u00fclsz \u00e9pp eladni, esetleg egy eml\u00e9kezetes teker\u00e9s k\u00f6zben el\u00e9rted a ker\u00e9kp\u00e1ros nirv\u00e1n\u00e1t, vagy csak \u00e9pp eszedbe jutott, mennyire szereted \u0151t.<\/strong><\/p>\n<p><!--more--><\/p>\n<p>Persze azt nem akarod, hogy valaki m\u00e1s p\u00f3zoljon vele, de akkor minek fogod nekit\u00e1masztani? A k\u00e9peket v\u00e1rjuk a kommentek k\u00f6z\u00f6tt!<\/p>\n<h2><strong>Ker\u00edt\u00e9snek a csatorn\u00e1n\u00e1l<\/strong><\/h2>\n<p>Nem j\u00e1r \u00e9rte semmi, ha kital\u00e1lod, hol csin\u00e1ltam ezt a k\u00e9pet. Egy vil\u00e1gh\u00edr\u0171 nevezetess\u00e9g nagyszer\u0171 h\u00e1tteret tud ny\u00fajtani a bring\u00e1nak, felt\u00e9ve, ha a bringa szebb, mint maga a h\u00e1tt\u00e9r. Persze mindenki tudja, hogy egy amszterdami kiruccan\u00e1s igazi vonzerej\u00e9t az egyedi v\u00e1zmegold\u00e1sok jelentik.<\/p>\n<p>https:\/\/www.instagram.com\/p\/B1B72DfHuc-\/?utm_source=ig_web_button_share_sheet<\/p>\n<h2><strong>Egy kapunak<\/strong><\/h2>\n<p>A kapuknak t\u00e1masztott bring\u00e1k egy saj\u00e1tos, nagyon k\u00fcl\u00f6nleges alm\u0171fajt k\u00e9peznek\u2026 Mire tudatosul benned, hogy akarsz egy fot\u00f3t a bring\u00e1dr\u00f3l egy kapu el\u0151tt, tekerned kell tov\u00e1bb, hogy tal\u00e1lj is egyet. Ne felejtsd el, hogy a kapu el\u0151tt elhaladva is kell egy k\u00e9p. Sz\u00e1m\u00edt egy\u00e1ltal\u00e1n a Strava appban a KOM (\u201ekir\u00e1lyi\u201d) c\u00edm, ha nem egy kapus k\u00e9ppel \u00fcnnepled meg?<\/p>\n<p>https:\/\/www.instagram.com\/p\/Bl_a4bmhnus\/?utm_source=ig_web_button_share_sheet<\/p>\n<h2><strong>Medv\u00e9s szobroknak<\/strong><\/h2>\n<p>N\u00e9h\u00e1nyan \u00fagy \u00e1ll\u00edtj\u00e1k be, mintha ez olyan egyszer\u0171 lenne. Medv\u00e9s szobor? Pipa! T\u00f6k\u00e9letesen be\u00e1ll\u00edtott fot\u00f3? Pipa! Id\u0151z\u00edt\u0151 megfelel\u0151en be\u00e1ll\u00edtva? Pipa! A gy\u0151zedelmes p\u00f3z a medve tetej\u00e9n st\u00edlusos kontrasztban van a Rapha m\u00e1rk\u00e1j\u00fa bring\u00e1s szerk\u00f3n l\u00e9v\u0151 cs\u00edkkal, ami passzol a Specilalized bringa sz\u00ednes f\u00e9nyvisszaver\u0151j\u00e9vel. \u0150 lenne h\u00e1t @soma_ride az Inst\u00e1r\u00f3l, aki kem\u00e9nyen megdolgozik a p\u00f3zai\u00e9rt. Tarts vele, ha mersz!<\/p>\n<p>https:\/\/www.instagram.com\/p\/BvA1CRoACJT\/?utm_source=ig_web_button_share_sheet<\/p>\n<h2><strong>Egy szikl\u00e1nak<\/strong><\/h2>\n<p>A kietlen t\u00e1j nagyszer\u0171 h\u00e1tteret biztos\u00edt, egy\u00e9bk\u00e9nt pedig el tudsz k\u00e9pzelni jobb k\u00e1rp\u00f3tl\u00e1st egy reggeli hegymenet ut\u00e1n, mint az arizonai Granite Dells szakad\u00e9kainak l\u00e1tv\u00e1nya? Nem mintha lenne b\u00e1rmi jelent\u0151s\u00e9ge, de a kommentel\u0151ket jobban \u00e9rdekli, hogy hogyan szuper\u00e1lnak a DVO vill\u00e1k. Azt hiszem @mtb.247 m\u00e1r tud nyilatkozni err\u0151l.<\/p>\n<p>https:\/\/www.instagram.com\/p\/BoZ9neVhGTm\/?utm_source=ig_web_button_share_sheet<\/p>\n<h2><strong>Laz\u00e1n, aut\u00f3nak d\u00f6ntve<\/strong><\/h2>\n<p>K\u00f6ztudott a karbonr\u00f3l, hogy k\u00e9ptelen lenne b\u00e1rmely m\u00e1s t\u00e1rgyban k\u00e1rt ejteni, sz\u00f3val mi\u00e9rt is ne t\u00e1masszuk egy aut\u00f3nak? Ezt a bring\u00e1t ak\u00e1r neki is dobhatn\u00e1d egy kocsinak, k\u00f6r\u00fclbel\u00fcl akkora k\u00e1rt okozna benne, mint egy mad\u00e1rtoll \u00e9s nagyj\u00e1b\u00f3l s\u00falyra is annyit nyom. Sean Kelly szavaival \u00e9lve \u201ea bringa az els\u0151\u201d. Azt hozz\u00e1 kell az\u00e9rt tennem, hogy mi m\u00e9lyen el\u00edt\u00e9lj\u00fck a bring\u00e1k aut\u00f3nak hajig\u00e1l\u00e1s\u00e1t.<\/p>\n<p>&nbsp;<\/p>\n<p>https:\/\/www.instagram.com\/p\/Bxus3XThNAi\/?utm_source=ig_web_button_share_sheet<\/p>\n<h2><strong>Egy m\u00e1sik bring\u00e1nak a faln\u00e1l<\/strong><\/h2>\n<p>Eml\u00e9kszel m\u00e9g, amikor gyerekk\u00e9nt arra k\u00e9rted apuk\u00e1dat, hogy ugyanolyan bring\u00e1t vegyen, mint a legjobb bar\u00e1tod\u00e9? Szerintem t\u00f6k men\u0151 volt \u00e9s feln\u0151ttk\u00e9nt is minden gond n\u00e9lk\u00fcl bevezethetn\u00e9nk ezt. Milyen j\u00f3 is lenne ugyanolyan cang\u00e1val egy\u00fctt r\u00f3ni a v\u00e1ros utc\u00e1it \u00e9s parkjait Ferivel, a k\u00f6nyvel\u00e9si oszt\u00e1lyr\u00f3l. Azt\u00e1n le\u00fcln\u00e9tek, hogy ugyanazt az \u00fcccsit igy\u00e1tok, majd felpillantan\u00e1l a t\u00f6k\u00e9letesen harmoniz\u00e1l\u00f3 arany v\u00e1zas BMX bring\u00e1itokra \u00e9s katt. K\u00e9sz is a k\u00e9p!<\/p>\n<p>&nbsp;<\/p>\n<p>https:\/\/www.instagram.com\/p\/B1BW9gRlf1e\/?utm_source=ig_web_button_share_sheet<\/p>\n","protected":false},"excerpt":{"rendered":"<p>H\u00e1rom oka lehet annak, hogy lefot\u00f3zod a bic\u00f3d. K\u00e9sz\u00fclsz \u00e9pp eladni, esetleg egy eml\u00e9kezetes teker\u00e9s k\u00f6zben el\u00e9rted a ker\u00e9kp\u00e1ros nirv\u00e1n\u00e1t, [&hellip;]<\/p>\n","protected":false},"author":71,"featured_media":4833,"comment_status":"open","ping_status":"open","sticky":false,"template":"","format":"standard","meta":{"footnotes":""},"categories":[12],"tags":[],"global-categories":[],"class_list":["post-4826","post","type-post","status-publish","format-standard","has-post-thumbnail","hentry","category-kozosseg-es-kultura"],"yoast_head":"<!-- This site is optimized with the Yoast SEO Premium plugin v25.3 (Yoast SEO v25.9) - https:\/\/yoast.com\/wordpress\/plugins\/seo\/ -->\n<title>Te minek t\u00e1masztod a bring\u00e1dat? - \u0160koda We Love Cycling - Magyarorsz\u00e1g<\/title>\n<meta name=\"robots\" content=\"index, follow, max-snippet:-1, max-image-preview:large, max-video-preview:-1\" \/>\n<link rel=\"canonical\" href=\"https:\/\/www.welovecycling.com\/hu\/kozosseg-es-kultura\/te-minek-tamasztod-a-bringadat\/\" \/>\n<meta property=\"og:locale\" content=\"hu_HU\" \/>\n<meta property=\"og:type\" content=\"article\" \/>\n<meta property=\"og:title\" content=\"Te minek t\u00e1masztod a bring\u00e1dat?\" \/>\n<meta property=\"og:description\" content=\"H\u00e1rom oka lehet annak, hogy lefot\u00f3zod a bic\u00f3d. K\u00e9sz\u00fclsz \u00e9pp eladni, esetleg egy eml\u00e9kezetes teker\u00e9s k\u00f6zben el\u00e9rted a ker\u00e9kp\u00e1ros nirv\u00e1n\u00e1t, [&hellip;]\" \/>\n<meta property=\"og:url\" content=\"https:\/\/www.welovecycling.com\/hu\/kozosseg-es-kultura\/te-minek-tamasztod-a-bringadat\/\" \/>\n<meta property=\"og:site_name\" content=\"\u0160koda We Love Cycling - Magyarorsz\u00e1g\" \/>\n<meta property=\"article:publisher\" content=\"https:\/\/www.facebook.com\/WeLoveCyclingHungary\/\" \/>\n<meta property=\"article:published_time\" content=\"2019-08-29T07:00:04+00:00\" \/>\n<meta property=\"og:image\" content=\"https:\/\/d2p6e6u75xmxt8.cloudfront.net\/12\/2019\/08\/Bicycle-CVR-profimedia-0316784081.jpg\" \/>\n\t<meta property=\"og:image:width\" content=\"1366\" \/>\n\t<meta property=\"og:image:height\" content=\"600\" \/>\n\t<meta property=\"og:image:type\" content=\"image\/jpeg\" \/>\n<meta name=\"author\" content=\"hegyizs\" \/>\n<meta name=\"twitter:card\" content=\"summary_large_image\" \/>\n<meta name=\"twitter:label1\" content=\"Written by\" \/>\n\t<meta name=\"twitter:data1\" content=\"Christopher Ashley\" \/>\n\t<meta name=\"twitter:label2\" content=\"Est. reading time\" \/>\n\t<meta name=\"twitter:data2\" content=\"4\" \/>\n<script type=\"application\/ld+json\" class=\"yoast-schema-graph\">{\"@context\":\"https:\/\/schema.org\",\"@graph\":[{\"@type\":\"WebPage\",\"@id\":\"https:\/\/www.welovecycling.com\/hu\/kozosseg-es-kultura\/te-minek-tamasztod-a-bringadat\/\",\"url\":\"https:\/\/www.welovecycling.com\/hu\/kozosseg-es-kultura\/te-minek-tamasztod-a-bringadat\/\",\"name\":\"Te minek t\u00e1masztod a bring\u00e1dat? - \u0160koda We Love Cycling - Magyarorsz\u00e1g\",\"isPartOf\":{\"@id\":\"https:\/\/www.welovecycling.com\/hu\/#website\"},\"primaryImageOfPage\":{\"@id\":\"https:\/\/www.welovecycling.com\/hu\/kozosseg-es-kultura\/te-minek-tamasztod-a-bringadat\/#primaryimage\"},\"image\":{\"@id\":\"https:\/\/www.welovecycling.com\/hu\/kozosseg-es-kultura\/te-minek-tamasztod-a-bringadat\/#primaryimage\"},\"thumbnailUrl\":\"https:\/\/d2p6e6u75xmxt8.cloudfront.net\/12\/2019\/08\/Bicycle-CVR-profimedia-0316784081.jpg\",\"datePublished\":\"2019-08-29T07:00:04+00:00\",\"author\":{\"@id\":\"https:\/\/www.welovecycling.com\/hu\/#\/schema\/person\/414a2aebf1801691a5320edb6468e194\"},\"breadcrumb\":{\"@id\":\"https:\/\/www.welovecycling.com\/hu\/kozosseg-es-kultura\/te-minek-tamasztod-a-bringadat\/#breadcrumb\"},\"inLanguage\":\"hu\",\"potentialAction\":[{\"@type\":\"ReadAction\",\"target\":[\"https:\/\/www.welovecycling.com\/hu\/kozosseg-es-kultura\/te-minek-tamasztod-a-bringadat\/\"]}]},{\"@type\":\"ImageObject\",\"inLanguage\":\"hu\",\"@id\":\"https:\/\/www.welovecycling.com\/hu\/kozosseg-es-kultura\/te-minek-tamasztod-a-bringadat\/#primaryimage\",\"url\":\"https:\/\/d2p6e6u75xmxt8.cloudfront.net\/12\/2019\/08\/Bicycle-CVR-profimedia-0316784081.jpg\",\"contentUrl\":\"https:\/\/d2p6e6u75xmxt8.cloudfront.net\/12\/2019\/08\/Bicycle-CVR-profimedia-0316784081.jpg\",\"width\":1366,\"height\":600},{\"@type\":\"BreadcrumbList\",\"@id\":\"https:\/\/www.welovecycling.com\/hu\/kozosseg-es-kultura\/te-minek-tamasztod-a-bringadat\/#breadcrumb\",\"itemListElement\":[{\"@type\":\"ListItem\",\"position\":1,\"name\":\"Home\",\"item\":\"https:\/\/www.welovecycling.com\/hu\/\"},{\"@type\":\"ListItem\",\"position\":2,\"name\":\"Te minek t\u00e1masztod a bring\u00e1dat?\"}]},{\"@type\":\"WebSite\",\"@id\":\"https:\/\/www.welovecycling.com\/hu\/#website\",\"url\":\"https:\/\/www.welovecycling.com\/hu\/\",\"name\":\"\u0160koda We Love Cycling - Magyarorsz\u00e1g\",\"description\":\"\u0160koda WeLoveCycling\",\"potentialAction\":[{\"@type\":\"SearchAction\",\"target\":{\"@type\":\"EntryPoint\",\"urlTemplate\":\"https:\/\/www.welovecycling.com\/hu\/?s={search_term_string}\"},\"query-input\":{\"@type\":\"PropertyValueSpecification\",\"valueRequired\":true,\"valueName\":\"search_term_string\"}}],\"inLanguage\":\"hu\"},{\"@type\":\"Person\",\"@id\":\"https:\/\/www.welovecycling.com\/hu\/#\/schema\/person\/414a2aebf1801691a5320edb6468e194\",\"name\":\"hegyizs\",\"image\":{\"@type\":\"ImageObject\",\"inLanguage\":\"hu\",\"@id\":\"https:\/\/www.welovecycling.com\/hu\/#\/schema\/person\/image\/\",\"url\":\"https:\/\/secure.gravatar.com\/avatar\/02cf8a7906b8cf90cecb4679defac7cfd33a1c2e3b88e4903d947f3bb58eedd3?s=96&d=mm&r=g\",\"contentUrl\":\"https:\/\/secure.gravatar.com\/avatar\/02cf8a7906b8cf90cecb4679defac7cfd33a1c2e3b88e4903d947f3bb58eedd3?s=96&d=mm&r=g\",\"caption\":\"hegyizs\"},\"url\":\"https:\/\/www.welovecycling.com\/hu\/author\/hegyizs\/\"}]}<\/script>\n<!-- \/ Yoast SEO Premium plugin. -->","yoast_head_json":{"title":"Te minek t\u00e1masztod a bring\u00e1dat? - \u0160koda We Love Cycling - Magyarorsz\u00e1g","robots":{"index":"index","follow":"follow","max-snippet":"max-snippet:-1","max-image-preview":"max-image-preview:large","max-video-preview":"max-video-preview:-1"},"canonical":"https:\/\/www.welovecycling.com\/hu\/kozosseg-es-kultura\/te-minek-tamasztod-a-bringadat\/","og_locale":"hu_HU","og_type":"article","og_title":"Te minek t\u00e1masztod a bring\u00e1dat?","og_description":"H\u00e1rom oka lehet annak, hogy lefot\u00f3zod a bic\u00f3d. K\u00e9sz\u00fclsz \u00e9pp eladni, esetleg egy eml\u00e9kezetes teker\u00e9s k\u00f6zben el\u00e9rted a ker\u00e9kp\u00e1ros nirv\u00e1n\u00e1t, [&hellip;]","og_url":"https:\/\/www.welovecycling.com\/hu\/kozosseg-es-kultura\/te-minek-tamasztod-a-bringadat\/","og_site_name":"\u0160koda We Love Cycling - Magyarorsz\u00e1g","article_publisher":"https:\/\/www.facebook.com\/WeLoveCyclingHungary\/","article_published_time":"2019-08-29T07:00:04+00:00","og_image":[{"width":1366,"height":600,"url":"https:\/\/d2p6e6u75xmxt8.cloudfront.net\/12\/2019\/08\/Bicycle-CVR-profimedia-0316784081.jpg","type":"image\/jpeg"}],"author":"hegyizs","twitter_card":"summary_large_image","twitter_misc":{"Written by":"Christopher Ashley","Est. reading time":"4"},"schema":{"@context":"https:\/\/schema.org","@graph":[{"@type":"WebPage","@id":"https:\/\/www.welovecycling.com\/hu\/kozosseg-es-kultura\/te-minek-tamasztod-a-bringadat\/","url":"https:\/\/www.welovecycling.com\/hu\/kozosseg-es-kultura\/te-minek-tamasztod-a-bringadat\/","name":"Te minek t\u00e1masztod a bring\u00e1dat? - \u0160koda We Love Cycling - Magyarorsz\u00e1g","isPartOf":{"@id":"https:\/\/www.welovecycling.com\/hu\/#website"},"primaryImageOfPage":{"@id":"https:\/\/www.welovecycling.com\/hu\/kozosseg-es-kultura\/te-minek-tamasztod-a-bringadat\/#primaryimage"},"image":{"@id":"https:\/\/www.welovecycling.com\/hu\/kozosseg-es-kultura\/te-minek-tamasztod-a-bringadat\/#primaryimage"},"thumbnailUrl":"https:\/\/d2p6e6u75xmxt8.cloudfront.net\/12\/2019\/08\/Bicycle-CVR-profimedia-0316784081.jpg","datePublished":"2019-08-29T07:00:04+00:00","author":{"@id":"https:\/\/www.welovecycling.com\/hu\/#\/schema\/person\/414a2aebf1801691a5320edb6468e194"},"breadcrumb":{"@id":"https:\/\/www.welovecycling.com\/hu\/kozosseg-es-kultura\/te-minek-tamasztod-a-bringadat\/#breadcrumb"},"inLanguage":"hu","potentialAction":[{"@type":"ReadAction","target":["https:\/\/www.welovecycling.com\/hu\/kozosseg-es-kultura\/te-minek-tamasztod-a-bringadat\/"]}]},{"@type":"ImageObject","inLanguage":"hu","@id":"https:\/\/www.welovecycling.com\/hu\/kozosseg-es-kultura\/te-minek-tamasztod-a-bringadat\/#primaryimage","url":"https:\/\/d2p6e6u75xmxt8.cloudfront.net\/12\/2019\/08\/Bicycle-CVR-profimedia-0316784081.jpg","contentUrl":"https:\/\/d2p6e6u75xmxt8.cloudfront.net\/12\/2019\/08\/Bicycle-CVR-profimedia-0316784081.jpg","width":1366,"height":600},{"@type":"BreadcrumbList","@id":"https:\/\/www.welovecycling.com\/hu\/kozosseg-es-kultura\/te-minek-tamasztod-a-bringadat\/#breadcrumb","itemListElement":[{"@type":"ListItem","position":1,"name":"Home","item":"https:\/\/www.welovecycling.com\/hu\/"},{"@type":"ListItem","position":2,"name":"Te minek t\u00e1masztod a bring\u00e1dat?"}]},{"@type":"WebSite","@id":"https:\/\/www.welovecycling.com\/hu\/#website","url":"https:\/\/www.welovecycling.com\/hu\/","name":"\u0160koda We Love Cycling - Magyarorsz\u00e1g","description":"\u0160koda WeLoveCycling","potentialAction":[{"@type":"SearchAction","target":{"@type":"EntryPoint","urlTemplate":"https:\/\/www.welovecycling.com\/hu\/?s={search_term_string}"},"query-input":{"@type":"PropertyValueSpecification","valueRequired":true,"valueName":"search_term_string"}}],"inLanguage":"hu"},{"@type":"Person","@id":"https:\/\/www.welovecycling.com\/hu\/#\/schema\/person\/414a2aebf1801691a5320edb6468e194","name":"hegyizs","image":{"@type":"ImageObject","inLanguage":"hu","@id":"https:\/\/www.welovecycling.com\/hu\/#\/schema\/person\/image\/","url":"https:\/\/secure.gravatar.com\/avatar\/02cf8a7906b8cf90cecb4679defac7cfd33a1c2e3b88e4903d947f3bb58eedd3?s=96&d=mm&r=g","contentUrl":"https:\/\/secure.gravatar.com\/avatar\/02cf8a7906b8cf90cecb4679defac7cfd33a1c2e3b88e4903d947f3bb58eedd3?s=96&d=mm&r=g","caption":"hegyizs"},"url":"https:\/\/www.welovecycling.com\/hu\/author\/hegyizs\/"}]}},"_links":{"self":[{"href":"https:\/\/www.welovecycling.com\/hu\/wp-json\/wp\/v2\/posts\/4826","targetHints":{"allow":["GET"]}}],"collection":[{"href":"https:\/\/www.welovecycling.com\/hu\/wp-json\/wp\/v2\/posts"}],"about":[{"href":"https:\/\/www.welovecycling.com\/hu\/wp-json\/wp\/v2\/types\/post"}],"author":[{"embeddable":true,"href":"https:\/\/www.welovecycling.com\/hu\/wp-json\/wp\/v2\/users\/71"}],"replies":[{"embeddable":true,"href":"https:\/\/www.welovecycling.com\/hu\/wp-json\/wp\/v2\/comments?post=4826"}],"version-history":[{"count":2,"href":"https:\/\/www.welovecycling.com\/hu\/wp-json\/wp\/v2\/posts\/4826\/revisions"}],"predecessor-version":[{"id":4844,"href":"https:\/\/www.welovecycling.com\/hu\/wp-json\/wp\/v2\/posts\/4826\/revisions\/4844"}],"wp:featuredmedia":[{"embeddable":true,"href":"https:\/\/www.welovecycling.com\/hu\/wp-json\/wp\/v2\/media\/4833"}],"wp:attachment":[{"href":"https:\/\/www.welovecycling.com\/hu\/wp-json\/wp\/v2\/media?parent=4826"}],"wp:term":[{"taxonomy":"category","embeddable":true,"href":"https:\/\/www.welovecycling.com\/hu\/wp-json\/wp\/v2\/categories?post=4826"},{"taxonomy":"post_tag","embeddable":true,"href":"https:\/\/www.welovecycling.com\/hu\/wp-json\/wp\/v2\/tags?post=4826"},{"taxonomy":"global-categories","embeddable":true,"href":"https:\/\/www.welovecycling.com\/hu\/wp-json\/wp\/v2\/global-categories?post=4826"}],"curies":[{"name":"wp","href":"https:\/\/api.w.org\/{rel}","templated":true}]}}