{"id":4816,"date":"2019-08-28T12:09:04","date_gmt":"2019-08-28T11:09:04","guid":{"rendered":"https:\/\/www.welovecycling.com\/hu\/?p=4816"},"modified":"2019-08-28T12:09:04","modified_gmt":"2019-08-28T11:09:04","slug":"ime-a-ferfi-aki-nyugdijas-eveit-a-leheto-legextremebb-helyen-tolti","status":"publish","type":"post","link":"https:\/\/www.welovecycling.com\/hu\/kozosseg-es-kultura\/ime-a-ferfi-aki-nyugdijas-eveit-a-leheto-legextremebb-helyen-tolti\/","title":{"rendered":"\u00cdme a f\u00e9rfi, aki nyugd\u00edjas \u00e9veit a lehet\u0151 legextr\u00e9mebb helyen t\u00f6lti"},"content":{"rendered":"<p><strong>Al Newman sz\u00e1m\u00e1ra nem a sz\u00e9pkor nem egyenl\u0151 a lass\u00edt\u00e1ssal. S\u0151t.<\/strong><!--more--><\/p>\n<p>Ez az eg\u00e9sz v\u00e1llalkoz\u00e1s egy \u0151r\u00fclts\u00e9g. De t\u00e9nyleg, teljesen \u0151r\u00fclts\u00e9g.<\/p>\n<p>Mi visz arra egy 73 \u00e9ves, \u00e1tlagos michigani f\u00e9rfit, hogy lemondjon a k\u00e9nyelmesnek \u00e9s pihentet\u0151nek \u00edg\u00e9rkez\u0151 nyugd\u00edjas \u00e9vekr\u0151l \u00e9s ink\u00e1bb nekiv\u00e1gjon a jeges tundr\u00e1nak a vil\u00e1g m\u00e1sik v\u00e9g\u00e9n? Biciklivel.<\/p>\n<p><img loading=\"lazy\" decoding=\"async\" class=\"alignnone size-full wp-image-4817\" src=\"https:\/\/d2p6e6u75xmxt8.cloudfront.net\/12\/2019\/08\/wlc_ant2.jpg\" alt=\"\" width=\"600\" height=\"490\" srcset=\"https:\/\/d2p6e6u75xmxt8.cloudfront.net\/12\/2019\/08\/wlc_ant2.jpg 600w, https:\/\/d2p6e6u75xmxt8.cloudfront.net\/12\/2019\/08\/wlc_ant2-300x245.jpg 300w\" sizes=\"auto, (max-width: 600px) 100vw, 600px\" \/><\/p>\n<p>Val\u00f3sz\u00edn\u0171leg a m\u00falni nem akar\u00f3 vakmer\u0151s\u00e9ggel teli lelk\u00e9t hib\u00e1ztathatjuk.<\/p>\n<p>Ha teh\u00e1t az Antarktiszon szeretn\u00e9d t\u00f6lteni a szilvesztert, sz\u00e1mon vesz\u00e9llyel kell sz\u00e1molnod, hiszen ebben az id\u0151szakban egyik utaz\u00e1si iroda sem v\u00e1llalja a kock\u00e1zatot \u00e9s bizony mindannyian elutas\u00edtott\u00e1k Al Newman megkeres\u00e9s\u00e9t. Az Antarktiszon janu\u00e1rban van ny\u00e1r, ilyenkor a leggyakoribbak a puszt\u00edt\u00f3 h\u00f3viharok, melyek lehetletlenn\u00e9 teszik a l\u00e9gi k\u00f6zleked\u00e9st \u00e9s hetekre csapd\u00e1ba z\u00e1rhatj\u00e1k az embert.<\/p>\n<p>Pontosan ezek a vesz\u00e9lyek azok, melyek izgalommal t\u00f6ltik el Newmant. Meg\u0151rj\u00edtik. Arra k\u00e9sztetik, hogy gy\u00f6kerest\u00fcl felford\u00edtsa az \u00e9let\u00e9t \u00e9s \u00fatra keljen, hogy a lehet\u0151 legfurcs\u00e1bb \u00f6tletekt\u0151l vez\u00e9relve, a lehet\u0151 legt\u00f6bb er\u0151forr\u00e1s\u00e1t felhaszn\u00e1lja, hiszen a siker mit sem \u00e9r a katasztr\u00f3fa vesz\u00e9lye n\u00e9lk\u00fcl. Mi\u00e9rt ne tett volna ez\u00fattal is \u00edgy?<\/p>\n<p>Vagy meg\u00e9rted \u0151t, vagy nem.<\/p>\n<p><em>\u201eHa valaki megk\u00e9rdezi, mi\u00e9rt csin\u00e1lom ezt, egyszer\u0171en nem v\u00e1laszolok neki. Ha meg kell k\u00e9rdeznie, akkor \u00fagysem \u00e9rten\u00e9 meg a v\u00e1laszt.\u201d<\/em> \u2013 magyar\u00e1zza Newman.<\/p>\n<p><img loading=\"lazy\" decoding=\"async\" class=\"alignnone size-full wp-image-4818\" src=\"https:\/\/d2p6e6u75xmxt8.cloudfront.net\/12\/2019\/08\/wlc_ant3.jpg\" alt=\"\" width=\"768\" height=\"807\" srcset=\"https:\/\/d2p6e6u75xmxt8.cloudfront.net\/12\/2019\/08\/wlc_ant3.jpg 768w, https:\/\/d2p6e6u75xmxt8.cloudfront.net\/12\/2019\/08\/wlc_ant3-286x300.jpg 286w\" sizes=\"auto, (max-width: 768px) 100vw, 768px\" \/><\/p>\n<p>Mint minden gyerek, kisfi\u00fak\u00e9nt m\u00e9g Newman is bring\u00e1zott a v\u00e1rosban, de ahogy n\u0151tt, egyre ink\u00e1bb elvesz\u00edtette \u00e9rdekl\u0151d\u00e9s\u00e9t \u00e9s m\u00e1s sportok fel\u00e9 fordult. M\u00e9gcsak saj\u00e1t biciklije sem volt, amikor egy bar\u00e1tja elh\u00edvta K\u00edn\u00e1ba egy biciklit\u00far\u00e1ra az 1980-as \u00e9vek elej\u00e9n, amikor kezdett megny\u00edlni az orsz\u00e1g kapuja az amerikai turist\u00e1k el\u0151tt.<\/p>\n<p>A t\u00fara sor\u00e1n nemcsak a vil\u00e1g ny\u00edlt ki el\u0151tte, hanem egy szem\u00e9lyes k\u00fcldet\u00e9s kezdet\u00e9t is jelentette \u2013 m\u00e9g ha Newman erre \u00e9vtizedekkel k\u00e9s\u0151bb is j\u00f6tt r\u00e1.<\/p>\n<p><img loading=\"lazy\" decoding=\"async\" class=\"alignnone size-full wp-image-4819\" src=\"https:\/\/d2p6e6u75xmxt8.cloudfront.net\/12\/2019\/08\/wlc_ant4.jpg\" alt=\"\" width=\"768\" height=\"576\" srcset=\"https:\/\/d2p6e6u75xmxt8.cloudfront.net\/12\/2019\/08\/wlc_ant4.jpg 768w, https:\/\/d2p6e6u75xmxt8.cloudfront.net\/12\/2019\/08\/wlc_ant4-300x225.jpg 300w\" sizes=\"auto, (max-width: 768px) 100vw, 768px\" \/><\/p>\n<p><em>Hi\u00e1ba a nyugd\u00edjas kor, Newman m\u00e9g most is igyekszik k\u00f6rbetekerni a vil\u00e1got. Itt p\u00e9ld\u00e1ul Afrik\u00e1ban bring\u00e1zik, 2017-ben.<\/em><\/p>\n<p>A legt\u00f6bb ember sz\u00e1m\u00e1ra nem j\u00f6n el az a nap, amikor felkel az \u00e1gyb\u00f3l \u00e9s eld\u00f6nti, hogy betekeri a vil\u00e1got. Newman azonban nem olyan, mint a legt\u00f6bb ember. Egy random 2009-es reggelen, egy \u00e1tlagos hobbibring\u00e1sk\u00e9nt \u00e9bredve \u00edgy sz\u00f3lt a feles\u00e9g\u00e9hez: <em>\u201eIstenem, de szeretn\u00e9m biciklivel bej\u00e1rni az orsz\u00e1got!\u201d<\/em><\/p>\n<p>Hogy tesztelje mag\u00e1t gyorsan fel is kerekedett \u00e9s lenyomott egy 50 m\u00e9rf\u00f6ldes t\u00far\u00e1t, hogy meg\u00e1llap\u00edtsa: nem, ez nem fog menni.<\/p>\n<p>Ez a kis kudarc azonban nem \u00e1ll\u00edtotta meg: p\u00e1r h\u00f3napon kereszt\u00fcl rendszeresen edzett, m\u00e1jusban pedig csatlakozott egy 49 napos biciklit\u00far\u00e1hoz. A 25 indul\u00f3 l\u00e9tsz\u00e1m a t\u00fara v\u00e9g\u00e9re 9-re cs\u00f6kkent \u2013 de Newman k\u00f6zt\u00fck volt. Ez alatt az id\u0151 alatt 14 \u00e1llamot j\u00e1rt be, \u00e9s ez nem volt neki el\u00e9g. Nekiugrott h\u00e1t a marad\u00e9k 36-nak.<\/p>\n<p><img loading=\"lazy\" decoding=\"async\" class=\"alignnone size-full wp-image-4820\" src=\"https:\/\/d2p6e6u75xmxt8.cloudfront.net\/12\/2019\/08\/wlc_ant5.gif\" alt=\"\" width=\"480\" height=\"330\" \/><\/p>\n<p>Innent\u0151l kezdve minden lehet\u0151s\u00e9get megragadott, hogy bring\u00e1zhasson azokban az \u00e1llamokban, amik m\u00e9g h\u00e1travoltak. Nem sz\u00e1m\u00edtott, ha ehhez b\u00e9k\u00e9s vak\u00e1ci\u00f3z\u00e1st vagy egy hegyi t\u00far\u00e1t kellett megszak\u00edtania.<\/p>\n<p>2017-ben v\u00e9g\u00fcl minden \u00e1llammal v\u00e9gzett: <em>\u201emi legyen h\u00e1t a k\u00f6vetkez\u0151 idi\u00f3ta terv?\u201d<\/em> \u2013 k\u00e9rdezte mag\u00e1t\u00f3l.<\/p>\n<p>J\u00f6hettek h\u00e1t m\u00e1s kontinensek: 2017-ben m\u00e1r t\u00fal volt K\u00edn\u00e1n, bej\u00e1rta Amszterdamot, tekert Ausztr\u00e1li\u00e1ban, az Andokban \u00e9s persze kipip\u00e1lta Amerik\u00e1t. Afrika volt soron. A t\u00fara h\u00e1rom \u00e9s f\u00e9l h\u00e9ten \u00e1t tartott, 9 m\u00e1sik biciklissel v\u00e1gott neki \u00e9s j\u00f3p\u00e1r kellemetlens\u00e9ggel szemben\u00e9zett: \u00e9get\u0151 h\u0151s\u00e9g, fogvacogtat\u00f3 hideg, k\u00f6ny\u00f6rtelen viharok \u00e9s egy k\u00e9nyelmetlen tal\u00e1lkoz\u00e1s egy fekete mamb\u00e1val.<\/p>\n<p><em>\u201eHa egy ilyen megharap, 30 perced van, miel\u0151tt belehalsz. Felemelkedett a f\u00f6ldr\u0151l \u00e9s t\u00e1madni k\u00e9sz\u00fclt. Nagyj\u00e1b\u00f3l 15 centim\u00e9terrel hib\u00e1zta el.\u201d<\/em><\/p>\n<p>V\u00e9g\u00fcl egy darabban visszat\u00e9rt Afrik\u00e1b\u00f3l, \u00e9s m\u00e1r csak egy kontinens maradt a list\u00e1n. Oda m\u00e1rpedig t\u00e9nyleg nem mehet.<\/p>\n<p>Antarktika a legelszigeteltebb f\u00f6ldr\u00e9sz, m\u00e9ghozz\u00e1 nem is kicsi: 5,4 milli\u00e1rd n\u00e9gyzetm\u00e9teres \u00e9s borzaszt\u00f3 mag\u00e1nyos hely. A hatalmas j\u00e9gt\u00f6mb m\u00e9rs\u00e9kelten el\u00e9rhet\u0151 a turist\u00e1k sz\u00e1m\u00e1ra, \u00e9s az a n\u00e9h\u00e1ny iroda, akik exped\u00edci\u00f3kat szerveznek a kontinensen, nem v\u00e1llal biciklit\u00far\u00e1kat. Newman m\u00e1rcsak tudja. Mindegyiket megk\u00e9rdezte.<\/p>\n<p><img loading=\"lazy\" decoding=\"async\" class=\"alignnone size-full wp-image-4821\" src=\"https:\/\/d2p6e6u75xmxt8.cloudfront.net\/12\/2019\/08\/wlc_ant6.jpg\" alt=\"\" width=\"618\" height=\"201\" srcset=\"https:\/\/d2p6e6u75xmxt8.cloudfront.net\/12\/2019\/08\/wlc_ant6.jpg 618w, https:\/\/d2p6e6u75xmxt8.cloudfront.net\/12\/2019\/08\/wlc_ant6-300x98.jpg 300w\" sizes=\"auto, (max-width: 618px) 100vw, 618px\" \/><\/p>\n<p><em>A felszerel\u00e9s\u00e9t sz\u00e1nk\u00f3n h\u00fazta maga ut\u00e1n.<\/em><\/p>\n<p><em>\u201eMinden lehets\u00e9ges utat megpr\u00f3b\u00e1ltam, hogy valaki enged\u00e9lyezze az utat,\u201d <\/em>\u2013 mes\u00e9lte \u2013<em> \u201ede mindenhol azt a v\u00e1laszt kaptam, hogy ezt lehetetlen megcsin\u00e1lni. Hivatalos enged\u00e9lyre volt sz\u00fcks\u00e9gem, \u00e9s senki nem adott.\u201d<\/em><\/p>\n<p>\u00dagy t\u0171nt, hogy lassan kifogy a lehet\u0151s\u00e9gekb\u0151l \u00e9s a nagy kih\u00edv\u00e1s elbukni l\u00e1tszott. Ekkor j\u00f6tt a k\u00e9pbe az ALE (Antarctic Logistics &amp; Expeditions) szervezet, akik t\u00far\u00e1k szervez\u00e9s\u00e9vel foglalkoztak. Newman meglepet\u00e9s\u00e9re, a c\u00e9g igent mondott. <em>\u201eCsak tudd: egyed\u00fcl fogsz tekerni odakint\u201d <\/em>\u2013 tett\u00e9k hozz\u00e1.<\/p>\n<p>Neki azonban nem is volt sz\u00fcks\u00e9ge t\u00e1rsra: a terv \u00fajra s\u00ednen volt! Cikk\u00fcnk k\u00f6vetkez\u0151 r\u00e9sz\u00e9ben elmes\u00e9lj\u00fck siker\u00fclt-e v\u00e9grehajtani.<strong>\u00a0<\/strong><\/p>\n","protected":false},"excerpt":{"rendered":"<p>Al Newman sz\u00e1m\u00e1ra nem a sz\u00e9pkor nem egyenl\u0151 a lass\u00edt\u00e1ssal. S\u0151t.<\/p>\n","protected":false},"author":71,"featured_media":4822,"comment_status":"open","ping_status":"open","sticky":false,"template":"","format":"standard","meta":{"footnotes":""},"categories":[12],"tags":[434,435],"global-categories":[],"class_list":["post-4816","post","type-post","status-publish","format-standard","has-post-thumbnail","hentry","category-kozosseg-es-kultura","tag-al-newman","tag-antarktisz"],"yoast_head":"<!-- This site is optimized with the Yoast SEO Premium plugin v25.3 (Yoast SEO v25.9) - https:\/\/yoast.com\/wordpress\/plugins\/seo\/ -->\n<title>\u00cdme a f\u00e9rfi, aki nyugd\u00edjas \u00e9veit a lehet\u0151 legextr\u00e9mebb helyen t\u00f6lti - \u0160koda We Love Cycling - Magyarorsz\u00e1g<\/title>\n<meta name=\"robots\" content=\"index, follow, max-snippet:-1, max-image-preview:large, max-video-preview:-1\" \/>\n<link rel=\"canonical\" href=\"https:\/\/www.welovecycling.com\/hu\/kozosseg-es-kultura\/ime-a-ferfi-aki-nyugdijas-eveit-a-leheto-legextremebb-helyen-tolti\/\" \/>\n<meta property=\"og:locale\" content=\"hu_HU\" \/>\n<meta property=\"og:type\" content=\"article\" \/>\n<meta property=\"og:title\" content=\"\u00cdme a f\u00e9rfi, aki nyugd\u00edjas \u00e9veit a lehet\u0151 legextr\u00e9mebb helyen t\u00f6lti\" \/>\n<meta property=\"og:description\" content=\"Al Newman sz\u00e1m\u00e1ra nem a sz\u00e9pkor nem egyenl\u0151 a lass\u00edt\u00e1ssal. S\u0151t.\" \/>\n<meta property=\"og:url\" content=\"https:\/\/www.welovecycling.com\/hu\/kozosseg-es-kultura\/ime-a-ferfi-aki-nyugdijas-eveit-a-leheto-legextremebb-helyen-tolti\/\" \/>\n<meta property=\"og:site_name\" content=\"\u0160koda We Love Cycling - Magyarorsz\u00e1g\" \/>\n<meta property=\"article:publisher\" content=\"https:\/\/www.facebook.com\/WeLoveCyclingHungary\/\" \/>\n<meta property=\"article:published_time\" content=\"2019-08-28T11:09:04+00:00\" \/>\n<meta property=\"og:image\" content=\"https:\/\/d2p6e6u75xmxt8.cloudfront.net\/12\/2019\/08\/wlc_antartica_main.jpg\" \/>\n\t<meta property=\"og:image:width\" content=\"1024\" \/>\n\t<meta property=\"og:image:height\" content=\"415\" \/>\n\t<meta property=\"og:image:type\" content=\"image\/jpeg\" \/>\n<meta name=\"author\" content=\"hegyizs\" \/>\n<meta name=\"twitter:card\" content=\"summary_large_image\" \/>\n<meta name=\"twitter:label1\" content=\"Written by\" \/>\n\t<meta name=\"twitter:data1\" content=\"WLC\" \/>\n\t<meta name=\"twitter:label2\" content=\"Est. reading time\" \/>\n\t<meta name=\"twitter:data2\" content=\"5 minutes\" \/>\n<script type=\"application\/ld+json\" class=\"yoast-schema-graph\">{\"@context\":\"https:\/\/schema.org\",\"@graph\":[{\"@type\":\"WebPage\",\"@id\":\"https:\/\/www.welovecycling.com\/hu\/kozosseg-es-kultura\/ime-a-ferfi-aki-nyugdijas-eveit-a-leheto-legextremebb-helyen-tolti\/\",\"url\":\"https:\/\/www.welovecycling.com\/hu\/kozosseg-es-kultura\/ime-a-ferfi-aki-nyugdijas-eveit-a-leheto-legextremebb-helyen-tolti\/\",\"name\":\"\u00cdme a f\u00e9rfi, aki nyugd\u00edjas \u00e9veit a lehet\u0151 legextr\u00e9mebb helyen t\u00f6lti - \u0160koda We Love Cycling - Magyarorsz\u00e1g\",\"isPartOf\":{\"@id\":\"https:\/\/www.welovecycling.com\/hu\/#website\"},\"primaryImageOfPage\":{\"@id\":\"https:\/\/www.welovecycling.com\/hu\/kozosseg-es-kultura\/ime-a-ferfi-aki-nyugdijas-eveit-a-leheto-legextremebb-helyen-tolti\/#primaryimage\"},\"image\":{\"@id\":\"https:\/\/www.welovecycling.com\/hu\/kozosseg-es-kultura\/ime-a-ferfi-aki-nyugdijas-eveit-a-leheto-legextremebb-helyen-tolti\/#primaryimage\"},\"thumbnailUrl\":\"https:\/\/d2p6e6u75xmxt8.cloudfront.net\/12\/2019\/08\/wlc_antartica_main.jpg\",\"datePublished\":\"2019-08-28T11:09:04+00:00\",\"author\":{\"@id\":\"https:\/\/www.welovecycling.com\/hu\/#\/schema\/person\/414a2aebf1801691a5320edb6468e194\"},\"breadcrumb\":{\"@id\":\"https:\/\/www.welovecycling.com\/hu\/kozosseg-es-kultura\/ime-a-ferfi-aki-nyugdijas-eveit-a-leheto-legextremebb-helyen-tolti\/#breadcrumb\"},\"inLanguage\":\"hu\",\"potentialAction\":[{\"@type\":\"ReadAction\",\"target\":[\"https:\/\/www.welovecycling.com\/hu\/kozosseg-es-kultura\/ime-a-ferfi-aki-nyugdijas-eveit-a-leheto-legextremebb-helyen-tolti\/\"]}]},{\"@type\":\"ImageObject\",\"inLanguage\":\"hu\",\"@id\":\"https:\/\/www.welovecycling.com\/hu\/kozosseg-es-kultura\/ime-a-ferfi-aki-nyugdijas-eveit-a-leheto-legextremebb-helyen-tolti\/#primaryimage\",\"url\":\"https:\/\/d2p6e6u75xmxt8.cloudfront.net\/12\/2019\/08\/wlc_antartica_main.jpg\",\"contentUrl\":\"https:\/\/d2p6e6u75xmxt8.cloudfront.net\/12\/2019\/08\/wlc_antartica_main.jpg\",\"width\":1024,\"height\":415},{\"@type\":\"BreadcrumbList\",\"@id\":\"https:\/\/www.welovecycling.com\/hu\/kozosseg-es-kultura\/ime-a-ferfi-aki-nyugdijas-eveit-a-leheto-legextremebb-helyen-tolti\/#breadcrumb\",\"itemListElement\":[{\"@type\":\"ListItem\",\"position\":1,\"name\":\"Home\",\"item\":\"https:\/\/www.welovecycling.com\/hu\/\"},{\"@type\":\"ListItem\",\"position\":2,\"name\":\"\u00cdme a f\u00e9rfi, aki nyugd\u00edjas \u00e9veit a lehet\u0151 legextr\u00e9mebb helyen t\u00f6lti\"}]},{\"@type\":\"WebSite\",\"@id\":\"https:\/\/www.welovecycling.com\/hu\/#website\",\"url\":\"https:\/\/www.welovecycling.com\/hu\/\",\"name\":\"\u0160koda We Love Cycling - Magyarorsz\u00e1g\",\"description\":\"\u0160koda WeLoveCycling\",\"potentialAction\":[{\"@type\":\"SearchAction\",\"target\":{\"@type\":\"EntryPoint\",\"urlTemplate\":\"https:\/\/www.welovecycling.com\/hu\/?s={search_term_string}\"},\"query-input\":{\"@type\":\"PropertyValueSpecification\",\"valueRequired\":true,\"valueName\":\"search_term_string\"}}],\"inLanguage\":\"hu\"},{\"@type\":\"Person\",\"@id\":\"https:\/\/www.welovecycling.com\/hu\/#\/schema\/person\/414a2aebf1801691a5320edb6468e194\",\"name\":\"hegyizs\",\"image\":{\"@type\":\"ImageObject\",\"inLanguage\":\"hu\",\"@id\":\"https:\/\/www.welovecycling.com\/hu\/#\/schema\/person\/image\/\",\"url\":\"https:\/\/secure.gravatar.com\/avatar\/02cf8a7906b8cf90cecb4679defac7cfd33a1c2e3b88e4903d947f3bb58eedd3?s=96&d=mm&r=g\",\"contentUrl\":\"https:\/\/secure.gravatar.com\/avatar\/02cf8a7906b8cf90cecb4679defac7cfd33a1c2e3b88e4903d947f3bb58eedd3?s=96&d=mm&r=g\",\"caption\":\"hegyizs\"},\"url\":\"https:\/\/www.welovecycling.com\/hu\/author\/hegyizs\/\"}]}<\/script>\n<!-- \/ Yoast SEO Premium plugin. -->","yoast_head_json":{"title":"\u00cdme a f\u00e9rfi, aki nyugd\u00edjas \u00e9veit a lehet\u0151 legextr\u00e9mebb helyen t\u00f6lti - \u0160koda We Love Cycling - Magyarorsz\u00e1g","robots":{"index":"index","follow":"follow","max-snippet":"max-snippet:-1","max-image-preview":"max-image-preview:large","max-video-preview":"max-video-preview:-1"},"canonical":"https:\/\/www.welovecycling.com\/hu\/kozosseg-es-kultura\/ime-a-ferfi-aki-nyugdijas-eveit-a-leheto-legextremebb-helyen-tolti\/","og_locale":"hu_HU","og_type":"article","og_title":"\u00cdme a f\u00e9rfi, aki nyugd\u00edjas \u00e9veit a lehet\u0151 legextr\u00e9mebb helyen t\u00f6lti","og_description":"Al Newman sz\u00e1m\u00e1ra nem a sz\u00e9pkor nem egyenl\u0151 a lass\u00edt\u00e1ssal. S\u0151t.","og_url":"https:\/\/www.welovecycling.com\/hu\/kozosseg-es-kultura\/ime-a-ferfi-aki-nyugdijas-eveit-a-leheto-legextremebb-helyen-tolti\/","og_site_name":"\u0160koda We Love Cycling - Magyarorsz\u00e1g","article_publisher":"https:\/\/www.facebook.com\/WeLoveCyclingHungary\/","article_published_time":"2019-08-28T11:09:04+00:00","og_image":[{"width":1024,"height":415,"url":"https:\/\/d2p6e6u75xmxt8.cloudfront.net\/12\/2019\/08\/wlc_antartica_main.jpg","type":"image\/jpeg"}],"author":"hegyizs","twitter_card":"summary_large_image","twitter_misc":{"Written by":"WLC","Est. reading time":"5 minutes"},"schema":{"@context":"https:\/\/schema.org","@graph":[{"@type":"WebPage","@id":"https:\/\/www.welovecycling.com\/hu\/kozosseg-es-kultura\/ime-a-ferfi-aki-nyugdijas-eveit-a-leheto-legextremebb-helyen-tolti\/","url":"https:\/\/www.welovecycling.com\/hu\/kozosseg-es-kultura\/ime-a-ferfi-aki-nyugdijas-eveit-a-leheto-legextremebb-helyen-tolti\/","name":"\u00cdme a f\u00e9rfi, aki nyugd\u00edjas \u00e9veit a lehet\u0151 legextr\u00e9mebb helyen t\u00f6lti - \u0160koda We Love Cycling - Magyarorsz\u00e1g","isPartOf":{"@id":"https:\/\/www.welovecycling.com\/hu\/#website"},"primaryImageOfPage":{"@id":"https:\/\/www.welovecycling.com\/hu\/kozosseg-es-kultura\/ime-a-ferfi-aki-nyugdijas-eveit-a-leheto-legextremebb-helyen-tolti\/#primaryimage"},"image":{"@id":"https:\/\/www.welovecycling.com\/hu\/kozosseg-es-kultura\/ime-a-ferfi-aki-nyugdijas-eveit-a-leheto-legextremebb-helyen-tolti\/#primaryimage"},"thumbnailUrl":"https:\/\/d2p6e6u75xmxt8.cloudfront.net\/12\/2019\/08\/wlc_antartica_main.jpg","datePublished":"2019-08-28T11:09:04+00:00","author":{"@id":"https:\/\/www.welovecycling.com\/hu\/#\/schema\/person\/414a2aebf1801691a5320edb6468e194"},"breadcrumb":{"@id":"https:\/\/www.welovecycling.com\/hu\/kozosseg-es-kultura\/ime-a-ferfi-aki-nyugdijas-eveit-a-leheto-legextremebb-helyen-tolti\/#breadcrumb"},"inLanguage":"hu","potentialAction":[{"@type":"ReadAction","target":["https:\/\/www.welovecycling.com\/hu\/kozosseg-es-kultura\/ime-a-ferfi-aki-nyugdijas-eveit-a-leheto-legextremebb-helyen-tolti\/"]}]},{"@type":"ImageObject","inLanguage":"hu","@id":"https:\/\/www.welovecycling.com\/hu\/kozosseg-es-kultura\/ime-a-ferfi-aki-nyugdijas-eveit-a-leheto-legextremebb-helyen-tolti\/#primaryimage","url":"https:\/\/d2p6e6u75xmxt8.cloudfront.net\/12\/2019\/08\/wlc_antartica_main.jpg","contentUrl":"https:\/\/d2p6e6u75xmxt8.cloudfront.net\/12\/2019\/08\/wlc_antartica_main.jpg","width":1024,"height":415},{"@type":"BreadcrumbList","@id":"https:\/\/www.welovecycling.com\/hu\/kozosseg-es-kultura\/ime-a-ferfi-aki-nyugdijas-eveit-a-leheto-legextremebb-helyen-tolti\/#breadcrumb","itemListElement":[{"@type":"ListItem","position":1,"name":"Home","item":"https:\/\/www.welovecycling.com\/hu\/"},{"@type":"ListItem","position":2,"name":"\u00cdme a f\u00e9rfi, aki nyugd\u00edjas \u00e9veit a lehet\u0151 legextr\u00e9mebb helyen t\u00f6lti"}]},{"@type":"WebSite","@id":"https:\/\/www.welovecycling.com\/hu\/#website","url":"https:\/\/www.welovecycling.com\/hu\/","name":"\u0160koda We Love Cycling - Magyarorsz\u00e1g","description":"\u0160koda WeLoveCycling","potentialAction":[{"@type":"SearchAction","target":{"@type":"EntryPoint","urlTemplate":"https:\/\/www.welovecycling.com\/hu\/?s={search_term_string}"},"query-input":{"@type":"PropertyValueSpecification","valueRequired":true,"valueName":"search_term_string"}}],"inLanguage":"hu"},{"@type":"Person","@id":"https:\/\/www.welovecycling.com\/hu\/#\/schema\/person\/414a2aebf1801691a5320edb6468e194","name":"hegyizs","image":{"@type":"ImageObject","inLanguage":"hu","@id":"https:\/\/www.welovecycling.com\/hu\/#\/schema\/person\/image\/","url":"https:\/\/secure.gravatar.com\/avatar\/02cf8a7906b8cf90cecb4679defac7cfd33a1c2e3b88e4903d947f3bb58eedd3?s=96&d=mm&r=g","contentUrl":"https:\/\/secure.gravatar.com\/avatar\/02cf8a7906b8cf90cecb4679defac7cfd33a1c2e3b88e4903d947f3bb58eedd3?s=96&d=mm&r=g","caption":"hegyizs"},"url":"https:\/\/www.welovecycling.com\/hu\/author\/hegyizs\/"}]}},"_links":{"self":[{"href":"https:\/\/www.welovecycling.com\/hu\/wp-json\/wp\/v2\/posts\/4816","targetHints":{"allow":["GET"]}}],"collection":[{"href":"https:\/\/www.welovecycling.com\/hu\/wp-json\/wp\/v2\/posts"}],"about":[{"href":"https:\/\/www.welovecycling.com\/hu\/wp-json\/wp\/v2\/types\/post"}],"author":[{"embeddable":true,"href":"https:\/\/www.welovecycling.com\/hu\/wp-json\/wp\/v2\/users\/71"}],"replies":[{"embeddable":true,"href":"https:\/\/www.welovecycling.com\/hu\/wp-json\/wp\/v2\/comments?post=4816"}],"version-history":[{"count":2,"href":"https:\/\/www.welovecycling.com\/hu\/wp-json\/wp\/v2\/posts\/4816\/revisions"}],"predecessor-version":[{"id":4825,"href":"https:\/\/www.welovecycling.com\/hu\/wp-json\/wp\/v2\/posts\/4816\/revisions\/4825"}],"wp:featuredmedia":[{"embeddable":true,"href":"https:\/\/www.welovecycling.com\/hu\/wp-json\/wp\/v2\/media\/4822"}],"wp:attachment":[{"href":"https:\/\/www.welovecycling.com\/hu\/wp-json\/wp\/v2\/media?parent=4816"}],"wp:term":[{"taxonomy":"category","embeddable":true,"href":"https:\/\/www.welovecycling.com\/hu\/wp-json\/wp\/v2\/categories?post=4816"},{"taxonomy":"post_tag","embeddable":true,"href":"https:\/\/www.welovecycling.com\/hu\/wp-json\/wp\/v2\/tags?post=4816"},{"taxonomy":"global-categories","embeddable":true,"href":"https:\/\/www.welovecycling.com\/hu\/wp-json\/wp\/v2\/global-categories?post=4816"}],"curies":[{"name":"wp","href":"https:\/\/api.w.org\/{rel}","templated":true}]}}