{"id":4804,"date":"2019-08-22T08:00:48","date_gmt":"2019-08-22T07:00:48","guid":{"rendered":"https:\/\/www.welovecycling.com\/hu\/?p=4804"},"modified":"2019-08-16T15:27:28","modified_gmt":"2019-08-16T14:27:28","slug":"a-fold-lapos-de-mi-az-a-flatland","status":"publish","type":"post","link":"https:\/\/www.welovecycling.com\/hu\/bmx\/a-fold-lapos-de-mi-az-a-flatland\/","title":{"rendered":"A f\u00f6ld lapos \u2013 de mi az a flatland?"},"content":{"rendered":"<p><strong>A BMX sport k\u00e9t f\u0151 vonalra oszthat\u00f3: az egyik a versenyz\u00e9s, ahol d\u00f6ng\u00f6lt, ugrat\u00f3kkal \u00e9s d\u00f6nt\u00f6tt kanyarokkal megsz\u00f3rt p\u00e1ly\u00e1n megy a test-test elleni k\u00fczdelem. A m\u00e1sik a freestyle, ahov\u00e1 t\u00f6bb szak\u00e1g tartozik p\u00e9ld\u00e1ul a <em>dirt<\/em> vagy a <em>street<\/em>. Amikor egy besz\u00e9lget\u00e9s sor\u00e1n az ut\u00f3bbira terel\u0151dik a t\u00e9ma, mindenki a leveg\u0151ben tr\u00fckk\u00f6z\u0151, vagy korl\u00e1tokon cs\u00faszk\u00e1l\u00f3 arcokra gondol. Pedig a flatlandnek is itt a helye.\u00a0 <\/strong><!--more--><\/p>\n<p>A flatland a freestyle egyik kev\u00e9sb\u00e9 elterjedt szak\u00e1ga, ami az\u00e9rt furcsa, mert ennek van a legkev\u00e9sb\u00e9 komoly infrastrukt\u00far\u00e1ra ig\u00e9nye: ahogy a neve is sejteti, a flatlandhez csak egy sima betonfel\u00fclet kell. Ez egyfajta t\u00e1nc a biciklivel, a bemutatott elemek sokszor m\u0171v\u00e9sziek, amikor a bring\u00e1s igaz\u00e1n \u00fcgyes, olyan, mintha a gyakorlatok egym\u00e1sba folyn\u00e1nak. A flatlendes ritk\u00e1n emelkedik el a f\u00f6ldt\u0151l, nincsenek ugrat\u00f3k, sem m\u00e1s elemek, itt t\u00e9nyleg csak a kreativit\u00e1s, az egyens\u00faly\u00e9rz\u00e9k, \u00e9s a bringakezel\u00e9s sz\u00e1m\u00edt. Valahogy \u00edgy:<\/p>\n<p><img loading=\"lazy\" decoding=\"async\" class=\"alignnone size-full wp-image-4805\" src=\"https:\/\/d2p6e6u75xmxt8.cloudfront.net\/12\/2019\/08\/fl2.jpg\" alt=\"\" width=\"612\" height=\"960\" srcset=\"https:\/\/d2p6e6u75xmxt8.cloudfront.net\/12\/2019\/08\/fl2.jpg 612w, https:\/\/d2p6e6u75xmxt8.cloudfront.net\/12\/2019\/08\/fl2-191x300.jpg 191w\" sizes=\"auto, (max-width: 612px) 100vw, 612px\" \/><\/p>\n<p>Jelleg\u00e9b\u0151l ad\u00f3d\u00f3an a flatland nem m\u00e9rhet\u0151 stopperrel, itt is egy zs\u0171ri d\u00f6nt, melyik versenyz\u0151 gyakorlatsora \u00e9r t\u00f6bb pontot. Vannak hibapontok, ez akkor j\u00e1r, ha az adott gyakorlatot nem fejezi be a versenyz\u0151, vagy akkor, ha leteszi a l\u00e1b\u00e1t, mik\u00f6zben bemutat egy tr\u00fckk\u00f6t. Ugyan\u00edgy szempont az, h\u00e1ny gyakorlatot mutat be, \u00e9s az is sz\u00e1m\u00edt, mennyire bonyolult elemeket v\u00e1llal be a versenyz\u0151. Szempont lehet m\u00e9g a tr\u00fckk\u00f6k eredetis\u00e9ge, \u00e9s az is, hogy mennyire folyamatos, mennyire akad\u00e1smentes a bemutatott gyakorlatsor. \u00c9s persze az sem mindegy, hogy mekkora a show, amit a bring\u00e1s el\u0151ad.<\/p>\n<p>A flatland bringa els\u0151 r\u00e1n\u00e9z\u00e9sre eml\u00e9keztet a hagyom\u00e1nyos BMX-ekre, pedig komolyan elt\u00e9r azokt\u00f3l. F\u0151 k\u00fcl\u00f6nbs\u00e9g a l\u00e9nyegesen r\u00f6videbb tengelyt\u00e1v, hiszen egy kompakt bring\u00e1t l\u00e9nyegesen k\u00f6nnyebb mozgatni. Jellemz\u0151 m\u00e9g a szabadonfut\u00f3s (freecoaster) ker\u00e9kagy, amellyel \u00fagy lehet h\u00e1trafel\u00e9 gurulni, hogy nem forgatja a ped\u00e1lt. B\u00e1r egyes versenyz\u0151k f\u00e9k n\u00e9lk\u00fcl mennek, sokan haszn\u00e1lnak rotort. Ez egy olyan, a homlokcs\u0151re \u00e9p\u00edtett mechanika, amellyel \u00fagy is \u00e1tvihet\u0151 a f\u00e9ker\u0151, hogy a korm\u00e1ny folyamatosan p\u00f6r\u00f6g, nem akadnak \u00f6ssze a bovdenek.<\/p>\n<p><img loading=\"lazy\" decoding=\"async\" class=\"alignnone size-full wp-image-4806\" src=\"https:\/\/d2p6e6u75xmxt8.cloudfront.net\/12\/2019\/08\/fl3.jpg\" alt=\"\" width=\"1200\" height=\"800\" srcset=\"https:\/\/d2p6e6u75xmxt8.cloudfront.net\/12\/2019\/08\/fl3.jpg 1200w, https:\/\/d2p6e6u75xmxt8.cloudfront.net\/12\/2019\/08\/fl3-300x200.jpg 300w, https:\/\/d2p6e6u75xmxt8.cloudfront.net\/12\/2019\/08\/fl3-768x512.jpg 768w, https:\/\/d2p6e6u75xmxt8.cloudfront.net\/12\/2019\/08\/fl3-1024x683.jpg 1024w, https:\/\/d2p6e6u75xmxt8.cloudfront.net\/12\/2019\/08\/fl3-272x182.jpg 272w\" sizes=\"auto, (max-width: 1200px) 100vw, 1200px\" \/><\/p>\n<p>Fontos k\u00fcl\u00f6nbs\u00e9g m\u00e9g az is, hogy az els\u0151 tengely a nyakcs\u0151 s\u00edkj\u00e1ba esik, hiszen a j\u00f3 egyenesfut\u00e1sn\u00e1l fontosabb az agilit\u00e1s. A tengelyek v\u00e9g\u00e9re pegeket szerelnek, ezek bord\u00e1s alum\u00ednium cs\u00f6vek, melyekre a bring\u00e1s r\u00e1\u00e1ll, \u00edgy m\u00e9g t\u00f6bb lehet\u0151s\u00e9ge van tr\u00fckk\u00f6zni.<\/p>\n<p>A sport h\u00e1rom keresztapj\u00e1nak R. L. Osbornt, Bob Har\u00f3t \u00e9s Bob Moralest tekintik. Osbornra komoly hat\u00e1ssal volt, hogy az apja volt a BMX Action magazin szerkeszt\u0151je, 1978-ban \u0151 \u00e9s Haro megalap\u00edtotta az els\u0151 BMX csapatot, Amerika-szerte tartottak bemutat\u00f3kat. H\u00e1rom \u00e9vvel k\u00e9s\u0151bb csatlakozott Morales a csapathoz, a BMX sport n\u00e9pszer\u0171s\u00e9ge pedig egyre n\u0151tt, igaz, akkor m\u00e9g nem voltak ennyire \u00e9lesek a hat\u00e1rok a freeestyle szak\u00e1gak k\u00f6z\u00f6tt. Haro m\u00e9g Steven Spielberg l\u00e1t\u00f3k\u00f6r\u00e9be is beker\u00fclt, a rendez\u0151 az E. T. bring\u00e1s kaszkad\u0151rjeleneteit is r\u00e1osztotta.<\/p>\n<p><img loading=\"lazy\" decoding=\"async\" class=\"alignnone size-full wp-image-4807\" src=\"https:\/\/d2p6e6u75xmxt8.cloudfront.net\/12\/2019\/08\/fl4.jpg\" alt=\"\" width=\"1200\" height=\"821\" srcset=\"https:\/\/d2p6e6u75xmxt8.cloudfront.net\/12\/2019\/08\/fl4.jpg 1200w, https:\/\/d2p6e6u75xmxt8.cloudfront.net\/12\/2019\/08\/fl4-300x205.jpg 300w, https:\/\/d2p6e6u75xmxt8.cloudfront.net\/12\/2019\/08\/fl4-768x525.jpg 768w, https:\/\/d2p6e6u75xmxt8.cloudfront.net\/12\/2019\/08\/fl4-1024x701.jpg 1024w\" sizes=\"auto, (max-width: 1200px) 100vw, 1200px\" \/><\/p>\n<p>A flatland a freestyle-on bel\u00fcl is r\u00e9tegsportnak sz\u00e1m\u00edt, j\u00f3val kisebb k\u00f6zfigyelem jut neki, mint m\u00e1s BMX-es szak\u00e1gaknak. Ett\u0151l f\u00fcggetlen\u00fcl tal\u00e1n m\u00e9gis a legt\u00f6bb kreativit\u00e1st ig\u00e9nyl\u0151 BMX-es sport, hiszen sem ugrat\u00f3k, sem betonelemek, sem f\u00e9lcs\u00f6vek nem seg\u00edtik a bring\u00e1st, csak a sima placc \u00e1ll rendelkez\u00e9sre. Tal\u00e1n pont emiatt megkap\u00f3 annyira a flatland m\u00e9g egy k\u00edv\u00fcl\u00e1ll\u00f3nak is.<\/p>\n","protected":false},"excerpt":{"rendered":"<p>A BMX sport k\u00e9t f\u0151 vonalra oszthat\u00f3: az egyik a versenyz\u00e9s, ahol d\u00f6ng\u00f6lt, ugrat\u00f3kkal \u00e9s d\u00f6nt\u00f6tt kanyarokkal megsz\u00f3rt p\u00e1ly\u00e1n megy [&hellip;]<\/p>\n","protected":false},"author":71,"featured_media":4808,"comment_status":"open","ping_status":"open","sticky":false,"template":"","format":"standard","meta":{"footnotes":""},"categories":[66],"tags":[71,73],"global-categories":[],"class_list":["post-4804","post","type-post","status-publish","format-standard","has-post-thumbnail","hentry","category-bmx","tag-bmx","tag-flatland"],"yoast_head":"<!-- This site is optimized with the Yoast SEO Premium plugin v25.3 (Yoast SEO v25.9) - https:\/\/yoast.com\/wordpress\/plugins\/seo\/ -->\n<title>A f\u00f6ld lapos \u2013 de mi az a flatland? - \u0160koda We Love Cycling - Magyarorsz\u00e1g<\/title>\n<meta name=\"robots\" content=\"index, follow, max-snippet:-1, max-image-preview:large, max-video-preview:-1\" \/>\n<link rel=\"canonical\" href=\"https:\/\/www.welovecycling.com\/hu\/bmx\/a-fold-lapos-de-mi-az-a-flatland\/\" \/>\n<meta property=\"og:locale\" content=\"hu_HU\" \/>\n<meta property=\"og:type\" content=\"article\" \/>\n<meta property=\"og:title\" content=\"A f\u00f6ld lapos \u2013 de mi az a flatland?\" \/>\n<meta property=\"og:description\" content=\"A BMX sport k\u00e9t f\u0151 vonalra oszthat\u00f3: az egyik a versenyz\u00e9s, ahol d\u00f6ng\u00f6lt, ugrat\u00f3kkal \u00e9s d\u00f6nt\u00f6tt kanyarokkal megsz\u00f3rt p\u00e1ly\u00e1n megy [&hellip;]\" \/>\n<meta property=\"og:url\" content=\"https:\/\/www.welovecycling.com\/hu\/bmx\/a-fold-lapos-de-mi-az-a-flatland\/\" \/>\n<meta property=\"og:site_name\" content=\"\u0160koda We Love Cycling - Magyarorsz\u00e1g\" \/>\n<meta property=\"article:publisher\" content=\"https:\/\/www.facebook.com\/WeLoveCyclingHungary\/\" \/>\n<meta property=\"article:published_time\" content=\"2019-08-22T07:00:48+00:00\" \/>\n<meta property=\"og:image\" content=\"https:\/\/d2p6e6u75xmxt8.cloudfront.net\/12\/2019\/08\/fll1.jpg\" \/>\n\t<meta property=\"og:image:width\" content=\"1200\" \/>\n\t<meta property=\"og:image:height\" content=\"799\" \/>\n\t<meta property=\"og:image:type\" content=\"image\/jpeg\" \/>\n<meta name=\"author\" content=\"hegyizs\" \/>\n<meta name=\"twitter:card\" content=\"summary_large_image\" \/>\n<meta name=\"twitter:label1\" content=\"Written by\" \/>\n\t<meta name=\"twitter:data1\" content=\"WLC\" \/>\n\t<meta name=\"twitter:label2\" content=\"Est. reading time\" \/>\n\t<meta name=\"twitter:data2\" content=\"3 minutes\" \/>\n<script type=\"application\/ld+json\" class=\"yoast-schema-graph\">{\"@context\":\"https:\/\/schema.org\",\"@graph\":[{\"@type\":\"WebPage\",\"@id\":\"https:\/\/www.welovecycling.com\/hu\/bmx\/a-fold-lapos-de-mi-az-a-flatland\/\",\"url\":\"https:\/\/www.welovecycling.com\/hu\/bmx\/a-fold-lapos-de-mi-az-a-flatland\/\",\"name\":\"A f\u00f6ld lapos \u2013 de mi az a flatland? - \u0160koda We Love Cycling - Magyarorsz\u00e1g\",\"isPartOf\":{\"@id\":\"https:\/\/www.welovecycling.com\/hu\/#website\"},\"primaryImageOfPage\":{\"@id\":\"https:\/\/www.welovecycling.com\/hu\/bmx\/a-fold-lapos-de-mi-az-a-flatland\/#primaryimage\"},\"image\":{\"@id\":\"https:\/\/www.welovecycling.com\/hu\/bmx\/a-fold-lapos-de-mi-az-a-flatland\/#primaryimage\"},\"thumbnailUrl\":\"https:\/\/d2p6e6u75xmxt8.cloudfront.net\/12\/2019\/08\/fll1.jpg\",\"datePublished\":\"2019-08-22T07:00:48+00:00\",\"author\":{\"@id\":\"https:\/\/www.welovecycling.com\/hu\/#\/schema\/person\/414a2aebf1801691a5320edb6468e194\"},\"breadcrumb\":{\"@id\":\"https:\/\/www.welovecycling.com\/hu\/bmx\/a-fold-lapos-de-mi-az-a-flatland\/#breadcrumb\"},\"inLanguage\":\"hu\",\"potentialAction\":[{\"@type\":\"ReadAction\",\"target\":[\"https:\/\/www.welovecycling.com\/hu\/bmx\/a-fold-lapos-de-mi-az-a-flatland\/\"]}]},{\"@type\":\"ImageObject\",\"inLanguage\":\"hu\",\"@id\":\"https:\/\/www.welovecycling.com\/hu\/bmx\/a-fold-lapos-de-mi-az-a-flatland\/#primaryimage\",\"url\":\"https:\/\/d2p6e6u75xmxt8.cloudfront.net\/12\/2019\/08\/fll1.jpg\",\"contentUrl\":\"https:\/\/d2p6e6u75xmxt8.cloudfront.net\/12\/2019\/08\/fll1.jpg\",\"width\":1200,\"height\":799},{\"@type\":\"BreadcrumbList\",\"@id\":\"https:\/\/www.welovecycling.com\/hu\/bmx\/a-fold-lapos-de-mi-az-a-flatland\/#breadcrumb\",\"itemListElement\":[{\"@type\":\"ListItem\",\"position\":1,\"name\":\"Home\",\"item\":\"https:\/\/www.welovecycling.com\/hu\/\"},{\"@type\":\"ListItem\",\"position\":2,\"name\":\"A f\u00f6ld lapos \u2013 de mi az a flatland?\"}]},{\"@type\":\"WebSite\",\"@id\":\"https:\/\/www.welovecycling.com\/hu\/#website\",\"url\":\"https:\/\/www.welovecycling.com\/hu\/\",\"name\":\"\u0160koda We Love Cycling - Magyarorsz\u00e1g\",\"description\":\"\u0160koda WeLoveCycling\",\"potentialAction\":[{\"@type\":\"SearchAction\",\"target\":{\"@type\":\"EntryPoint\",\"urlTemplate\":\"https:\/\/www.welovecycling.com\/hu\/?s={search_term_string}\"},\"query-input\":{\"@type\":\"PropertyValueSpecification\",\"valueRequired\":true,\"valueName\":\"search_term_string\"}}],\"inLanguage\":\"hu\"},{\"@type\":\"Person\",\"@id\":\"https:\/\/www.welovecycling.com\/hu\/#\/schema\/person\/414a2aebf1801691a5320edb6468e194\",\"name\":\"hegyizs\",\"image\":{\"@type\":\"ImageObject\",\"inLanguage\":\"hu\",\"@id\":\"https:\/\/www.welovecycling.com\/hu\/#\/schema\/person\/image\/\",\"url\":\"https:\/\/secure.gravatar.com\/avatar\/02cf8a7906b8cf90cecb4679defac7cfd33a1c2e3b88e4903d947f3bb58eedd3?s=96&d=mm&r=g\",\"contentUrl\":\"https:\/\/secure.gravatar.com\/avatar\/02cf8a7906b8cf90cecb4679defac7cfd33a1c2e3b88e4903d947f3bb58eedd3?s=96&d=mm&r=g\",\"caption\":\"hegyizs\"},\"url\":\"https:\/\/www.welovecycling.com\/hu\/author\/hegyizs\/\"}]}<\/script>\n<!-- \/ Yoast SEO Premium plugin. -->","yoast_head_json":{"title":"A f\u00f6ld lapos \u2013 de mi az a flatland? - \u0160koda We Love Cycling - Magyarorsz\u00e1g","robots":{"index":"index","follow":"follow","max-snippet":"max-snippet:-1","max-image-preview":"max-image-preview:large","max-video-preview":"max-video-preview:-1"},"canonical":"https:\/\/www.welovecycling.com\/hu\/bmx\/a-fold-lapos-de-mi-az-a-flatland\/","og_locale":"hu_HU","og_type":"article","og_title":"A f\u00f6ld lapos \u2013 de mi az a flatland?","og_description":"A BMX sport k\u00e9t f\u0151 vonalra oszthat\u00f3: az egyik a versenyz\u00e9s, ahol d\u00f6ng\u00f6lt, ugrat\u00f3kkal \u00e9s d\u00f6nt\u00f6tt kanyarokkal megsz\u00f3rt p\u00e1ly\u00e1n megy [&hellip;]","og_url":"https:\/\/www.welovecycling.com\/hu\/bmx\/a-fold-lapos-de-mi-az-a-flatland\/","og_site_name":"\u0160koda We Love Cycling - Magyarorsz\u00e1g","article_publisher":"https:\/\/www.facebook.com\/WeLoveCyclingHungary\/","article_published_time":"2019-08-22T07:00:48+00:00","og_image":[{"width":1200,"height":799,"url":"https:\/\/d2p6e6u75xmxt8.cloudfront.net\/12\/2019\/08\/fll1.jpg","type":"image\/jpeg"}],"author":"hegyizs","twitter_card":"summary_large_image","twitter_misc":{"Written by":"WLC","Est. reading time":"3 minutes"},"schema":{"@context":"https:\/\/schema.org","@graph":[{"@type":"WebPage","@id":"https:\/\/www.welovecycling.com\/hu\/bmx\/a-fold-lapos-de-mi-az-a-flatland\/","url":"https:\/\/www.welovecycling.com\/hu\/bmx\/a-fold-lapos-de-mi-az-a-flatland\/","name":"A f\u00f6ld lapos \u2013 de mi az a flatland? - \u0160koda We Love Cycling - Magyarorsz\u00e1g","isPartOf":{"@id":"https:\/\/www.welovecycling.com\/hu\/#website"},"primaryImageOfPage":{"@id":"https:\/\/www.welovecycling.com\/hu\/bmx\/a-fold-lapos-de-mi-az-a-flatland\/#primaryimage"},"image":{"@id":"https:\/\/www.welovecycling.com\/hu\/bmx\/a-fold-lapos-de-mi-az-a-flatland\/#primaryimage"},"thumbnailUrl":"https:\/\/d2p6e6u75xmxt8.cloudfront.net\/12\/2019\/08\/fll1.jpg","datePublished":"2019-08-22T07:00:48+00:00","author":{"@id":"https:\/\/www.welovecycling.com\/hu\/#\/schema\/person\/414a2aebf1801691a5320edb6468e194"},"breadcrumb":{"@id":"https:\/\/www.welovecycling.com\/hu\/bmx\/a-fold-lapos-de-mi-az-a-flatland\/#breadcrumb"},"inLanguage":"hu","potentialAction":[{"@type":"ReadAction","target":["https:\/\/www.welovecycling.com\/hu\/bmx\/a-fold-lapos-de-mi-az-a-flatland\/"]}]},{"@type":"ImageObject","inLanguage":"hu","@id":"https:\/\/www.welovecycling.com\/hu\/bmx\/a-fold-lapos-de-mi-az-a-flatland\/#primaryimage","url":"https:\/\/d2p6e6u75xmxt8.cloudfront.net\/12\/2019\/08\/fll1.jpg","contentUrl":"https:\/\/d2p6e6u75xmxt8.cloudfront.net\/12\/2019\/08\/fll1.jpg","width":1200,"height":799},{"@type":"BreadcrumbList","@id":"https:\/\/www.welovecycling.com\/hu\/bmx\/a-fold-lapos-de-mi-az-a-flatland\/#breadcrumb","itemListElement":[{"@type":"ListItem","position":1,"name":"Home","item":"https:\/\/www.welovecycling.com\/hu\/"},{"@type":"ListItem","position":2,"name":"A f\u00f6ld lapos \u2013 de mi az a flatland?"}]},{"@type":"WebSite","@id":"https:\/\/www.welovecycling.com\/hu\/#website","url":"https:\/\/www.welovecycling.com\/hu\/","name":"\u0160koda We Love Cycling - Magyarorsz\u00e1g","description":"\u0160koda WeLoveCycling","potentialAction":[{"@type":"SearchAction","target":{"@type":"EntryPoint","urlTemplate":"https:\/\/www.welovecycling.com\/hu\/?s={search_term_string}"},"query-input":{"@type":"PropertyValueSpecification","valueRequired":true,"valueName":"search_term_string"}}],"inLanguage":"hu"},{"@type":"Person","@id":"https:\/\/www.welovecycling.com\/hu\/#\/schema\/person\/414a2aebf1801691a5320edb6468e194","name":"hegyizs","image":{"@type":"ImageObject","inLanguage":"hu","@id":"https:\/\/www.welovecycling.com\/hu\/#\/schema\/person\/image\/","url":"https:\/\/secure.gravatar.com\/avatar\/02cf8a7906b8cf90cecb4679defac7cfd33a1c2e3b88e4903d947f3bb58eedd3?s=96&d=mm&r=g","contentUrl":"https:\/\/secure.gravatar.com\/avatar\/02cf8a7906b8cf90cecb4679defac7cfd33a1c2e3b88e4903d947f3bb58eedd3?s=96&d=mm&r=g","caption":"hegyizs"},"url":"https:\/\/www.welovecycling.com\/hu\/author\/hegyizs\/"}]}},"_links":{"self":[{"href":"https:\/\/www.welovecycling.com\/hu\/wp-json\/wp\/v2\/posts\/4804","targetHints":{"allow":["GET"]}}],"collection":[{"href":"https:\/\/www.welovecycling.com\/hu\/wp-json\/wp\/v2\/posts"}],"about":[{"href":"https:\/\/www.welovecycling.com\/hu\/wp-json\/wp\/v2\/types\/post"}],"author":[{"embeddable":true,"href":"https:\/\/www.welovecycling.com\/hu\/wp-json\/wp\/v2\/users\/71"}],"replies":[{"embeddable":true,"href":"https:\/\/www.welovecycling.com\/hu\/wp-json\/wp\/v2\/comments?post=4804"}],"version-history":[{"count":2,"href":"https:\/\/www.welovecycling.com\/hu\/wp-json\/wp\/v2\/posts\/4804\/revisions"}],"predecessor-version":[{"id":4811,"href":"https:\/\/www.welovecycling.com\/hu\/wp-json\/wp\/v2\/posts\/4804\/revisions\/4811"}],"wp:featuredmedia":[{"embeddable":true,"href":"https:\/\/www.welovecycling.com\/hu\/wp-json\/wp\/v2\/media\/4808"}],"wp:attachment":[{"href":"https:\/\/www.welovecycling.com\/hu\/wp-json\/wp\/v2\/media?parent=4804"}],"wp:term":[{"taxonomy":"category","embeddable":true,"href":"https:\/\/www.welovecycling.com\/hu\/wp-json\/wp\/v2\/categories?post=4804"},{"taxonomy":"post_tag","embeddable":true,"href":"https:\/\/www.welovecycling.com\/hu\/wp-json\/wp\/v2\/tags?post=4804"},{"taxonomy":"global-categories","embeddable":true,"href":"https:\/\/www.welovecycling.com\/hu\/wp-json\/wp\/v2\/global-categories?post=4804"}],"curies":[{"name":"wp","href":"https:\/\/api.w.org\/{rel}","templated":true}]}}