{"id":4775,"date":"2019-08-22T08:00:46","date_gmt":"2019-08-22T07:00:46","guid":{"rendered":"https:\/\/www.welovecycling.com\/hu\/?p=4775"},"modified":"2019-08-16T15:28:48","modified_gmt":"2019-08-16T14:28:48","slug":"a-tour-de-france-legorultebb-szurkoloi","status":"publish","type":"post","link":"https:\/\/www.welovecycling.com\/hu\/orszaguti-kerekpar\/a-tour-de-france-legorultebb-szurkoloi\/","title":{"rendered":"A Tour de France leg\u0151r\u00fcltebb szurkol\u00f3i"},"content":{"rendered":"<p><strong>Minden csal\u00e1dban van egy olyan fekete b\u00e1r\u00e1ny, akin a f\u00e9l szemed rajta kell tartanod, mert nem lehet kisz\u00e1m\u00edtani, mire k\u00e9sz\u00fcl. Nos, a bring\u00e1sok nagy csal\u00e1dja sem kiv\u00e9tel. S\u0151t, itt t\u00f6bb ilyen fekete b\u00e1r\u00e1ny is van. \u00c9s \u00fagy vonzza \u0151ket a Tour de France, mint az \u00e9rett barack a legyeket. \u00cdme, k\u00f6z\u00fcl\u00fck n\u00e9h\u00e1ny, akit nem szabad szem el\u0151tt t\u00e9veszteni.<\/strong><!--more--><\/p>\n<h2><strong>El Diablo<\/strong><\/h2>\n<p>A Tour egyik koron\u00e1zatlan kir\u00e1lya N\u00e9metorsz\u00e1gb\u00f3l val\u00f3. Az igazi neve: Didi Senft.<\/p>\n<p>https:\/\/www.instagram.com\/p\/BHkduMqApTU\/?utm_source=ig_embed<\/p>\n<h2><strong>A kotr\u00f3g\u00e9pes rajong\u00f3k<\/strong><\/h2>\n<p>Van tandemker\u00e9kp\u00e1rjuk, rengeteg f\u00fcstj\u00fck&#8230; meg egy hatalmas kotr\u00f3g\u00e9p\u00fck is.<\/p>\n<p>&nbsp;<\/p>\n<p><a href=\"https:\/\/d2p6e6u75xmxt8.cloudfront.net\/12\/2019\/08\/44848744754554.JPG.jpg\"><img loading=\"lazy\" decoding=\"async\" class=\"alignnone size-full wp-image-4779\" src=\"https:\/\/d2p6e6u75xmxt8.cloudfront.net\/12\/2019\/08\/44848744754554.JPG.jpg\" alt=\"\" width=\"1016\" height=\"658\" srcset=\"https:\/\/d2p6e6u75xmxt8.cloudfront.net\/12\/2019\/08\/44848744754554.JPG.jpg 1016w, https:\/\/d2p6e6u75xmxt8.cloudfront.net\/12\/2019\/08\/44848744754554.JPG-300x194.jpg 300w, https:\/\/d2p6e6u75xmxt8.cloudfront.net\/12\/2019\/08\/44848744754554.JPG-768x497.jpg 768w\" sizes=\"auto, (max-width: 1016px) 100vw, 1016px\" \/><\/a><\/p>\n<h2><strong>A csirk\u00e9k<\/strong><\/h2>\n<p>Hogy mi\u00e9rt mentek \u00e1t a&#8230; csirk\u00e9k az \u00faton? Az biztos, hogy \u00e1tmentek.<\/p>\n<div id='gallery-1' class='gallery galleryid-4775 gallery-columns-2 gallery-size-large'><figure class='gallery-item'>\n\t\t\t<div class='gallery-icon landscape'>\n\t\t\t\t<a href='https:\/\/d2p6e6u75xmxt8.cloudfront.net\/12\/2019\/08\/Screen-Shot-2016-07-07-at-23.27.17-1024x676.png'><img loading=\"lazy\" decoding=\"async\" width=\"1024\" height=\"676\" src=\"https:\/\/d2p6e6u75xmxt8.cloudfront.net\/12\/2019\/08\/Screen-Shot-2016-07-07-at-23.27.17-1024x676-1024x676.png\" class=\"attachment-large size-large\" alt=\"\" srcset=\"https:\/\/d2p6e6u75xmxt8.cloudfront.net\/12\/2019\/08\/Screen-Shot-2016-07-07-at-23.27.17-1024x676.png 1024w, https:\/\/d2p6e6u75xmxt8.cloudfront.net\/12\/2019\/08\/Screen-Shot-2016-07-07-at-23.27.17-1024x676-300x198.png 300w, https:\/\/d2p6e6u75xmxt8.cloudfront.net\/12\/2019\/08\/Screen-Shot-2016-07-07-at-23.27.17-1024x676-768x507.png 768w\" sizes=\"auto, (max-width: 1024px) 100vw, 1024px\" \/><\/a>\n\t\t\t<\/div><\/figure><figure class='gallery-item'>\n\t\t\t<div class='gallery-icon landscape'>\n\t\t\t\t<a href='https:\/\/d2p6e6u75xmxt8.cloudfront.net\/12\/2019\/08\/Screen-Shot-2016-07-07-at-23.17.22-1024x680.png'><img loading=\"lazy\" decoding=\"async\" width=\"1024\" height=\"680\" src=\"https:\/\/d2p6e6u75xmxt8.cloudfront.net\/12\/2019\/08\/Screen-Shot-2016-07-07-at-23.17.22-1024x680-1024x680.png\" class=\"attachment-large size-large\" alt=\"\" srcset=\"https:\/\/d2p6e6u75xmxt8.cloudfront.net\/12\/2019\/08\/Screen-Shot-2016-07-07-at-23.17.22-1024x680.png 1024w, https:\/\/d2p6e6u75xmxt8.cloudfront.net\/12\/2019\/08\/Screen-Shot-2016-07-07-at-23.17.22-1024x680-300x199.png 300w, https:\/\/d2p6e6u75xmxt8.cloudfront.net\/12\/2019\/08\/Screen-Shot-2016-07-07-at-23.17.22-1024x680-768x510.png 768w, https:\/\/d2p6e6u75xmxt8.cloudfront.net\/12\/2019\/08\/Screen-Shot-2016-07-07-at-23.17.22-1024x680-272x182.png 272w\" sizes=\"auto, (max-width: 1024px) 100vw, 1024px\" \/><\/a>\n\t\t\t<\/div><\/figure>\n\t\t<\/div>\n\n<h2><strong>A nudist\u00e1k<\/strong><\/h2>\n<p>Nincs.\u00a0 Rajtuk.\u00a0 Semmi.<\/p>\n<p><a href=\"https:\/\/d2p6e6u75xmxt8.cloudfront.net\/12\/2019\/08\/b1d775edd5c7b5952b19f474f598eb7a-portrait-ideas-waves.jpg\"><img loading=\"lazy\" decoding=\"async\" class=\"alignnone size-full wp-image-4780\" src=\"https:\/\/d2p6e6u75xmxt8.cloudfront.net\/12\/2019\/08\/b1d775edd5c7b5952b19f474f598eb7a-portrait-ideas-waves.jpg\" alt=\"\" width=\"697\" height=\"540\" srcset=\"https:\/\/d2p6e6u75xmxt8.cloudfront.net\/12\/2019\/08\/b1d775edd5c7b5952b19f474f598eb7a-portrait-ideas-waves.jpg 697w, https:\/\/d2p6e6u75xmxt8.cloudfront.net\/12\/2019\/08\/b1d775edd5c7b5952b19f474f598eb7a-portrait-ideas-waves-300x232.jpg 300w\" sizes=\"auto, (max-width: 697px) 100vw, 697px\" \/><\/a><\/p>\n<h2><strong>A Forrest Gump ut\u00e1nz\u00f3k<\/strong><\/h2>\n<p>T\u00e9nyleg k\u00edv\u00e1ncsi vagy r\u00e1, hogy egy profi ker\u00e9kp\u00e1ros gyorsabb-e, mint egy k\u00f6z\u00e9pkor\u00fa f\u00e9rfi, aki \u00e9ppen fut, \u00e9s szelfi m\u00f3dban tartja maga el\u0151tt a telefonj\u00e1t? Akkor gratul\u00e1lunk, val\u00f3sz\u00edn\u0171leg te is k\u00f6z\u00e9j\u00fck tartozol!<\/p>\n<p><a href=\"https:\/\/d2p6e6u75xmxt8.cloudfront.net\/12\/2019\/08\/Tour256.jpg\"><img loading=\"lazy\" decoding=\"async\" class=\"alignnone size-full wp-image-4781\" src=\"https:\/\/d2p6e6u75xmxt8.cloudfront.net\/12\/2019\/08\/Tour256.jpg\" alt=\"\" width=\"611\" height=\"404\" srcset=\"https:\/\/d2p6e6u75xmxt8.cloudfront.net\/12\/2019\/08\/Tour256.jpg 611w, https:\/\/d2p6e6u75xmxt8.cloudfront.net\/12\/2019\/08\/Tour256-300x198.jpg 300w\" sizes=\"auto, (max-width: 611px) 100vw, 611px\" \/><\/a><\/p>\n<h2><strong>A m\u0171v\u00e9szlelkek<\/strong><\/h2>\n<p>Ak\u00e1r egy b\u00fazamez\u0151re rajzolt \u00f3ri\u00e1si bicikli, ak\u00e1r egy kis traktorbalett &#8211; ezek az arcok mindig magukra vonj\u00e1k a figyelmet.<\/p>\n<lite-youtube videoid=XCXqyrZcUWQ params=\"enablejsapi=1\" style=\"background-image: url('https:\/\/i.ytimg.com\/vi_webp\/XCXqyrZcUWQ\/maxresdefault.webp');\"><\/lite-youtube>\n<h2><strong>A tapiz\u00f3sok<\/strong><\/h2>\n<p>Annyira im\u00e1dod \u0151ket, hogy nem tudod t\u00fcrt\u0151ztetni magad? Akkor is, l\u00e9gyszi ne legy\u00e9l ilyen. Tartsd tiszteletben a profikat!<\/p>\n<p>https:\/\/www.youtube.com\/watch?v=O0W__FNIGwA<\/p>\n","protected":false},"excerpt":{"rendered":"<p>Minden csal\u00e1dban van egy olyan fekete b\u00e1r\u00e1ny, akin a f\u00e9l szemed rajta kell tartanod, mert nem lehet kisz\u00e1m\u00edtani, mire k\u00e9sz\u00fcl. [&hellip;]<\/p>\n","protected":false},"author":71,"featured_media":4783,"comment_status":"open","ping_status":"open","sticky":false,"template":"","format":"standard","meta":{"footnotes":""},"categories":[8],"tags":[],"global-categories":[],"class_list":["post-4775","post","type-post","status-publish","format-standard","has-post-thumbnail","hentry","category-orszaguti-kerekpar"],"yoast_head":"<!-- This site is optimized with the Yoast SEO Premium plugin v25.3 (Yoast SEO v25.9) - https:\/\/yoast.com\/wordpress\/plugins\/seo\/ -->\n<title>A Tour de France leg\u0151r\u00fcltebb szurkol\u00f3i - \u0160koda We Love Cycling - Magyarorsz\u00e1g<\/title>\n<meta name=\"robots\" content=\"index, follow, max-snippet:-1, max-image-preview:large, max-video-preview:-1\" \/>\n<link rel=\"canonical\" href=\"https:\/\/www.welovecycling.com\/hu\/orszaguti-kerekpar\/a-tour-de-france-legorultebb-szurkoloi\/\" \/>\n<meta property=\"og:locale\" content=\"hu_HU\" \/>\n<meta property=\"og:type\" content=\"article\" \/>\n<meta property=\"og:title\" content=\"A Tour de France leg\u0151r\u00fcltebb szurkol\u00f3i\" \/>\n<meta property=\"og:description\" content=\"Minden csal\u00e1dban van egy olyan fekete b\u00e1r\u00e1ny, akin a f\u00e9l szemed rajta kell tartanod, mert nem lehet kisz\u00e1m\u00edtani, mire k\u00e9sz\u00fcl. [&hellip;]\" \/>\n<meta property=\"og:url\" content=\"https:\/\/www.welovecycling.com\/hu\/orszaguti-kerekpar\/a-tour-de-france-legorultebb-szurkoloi\/\" \/>\n<meta property=\"og:site_name\" content=\"\u0160koda We Love Cycling - Magyarorsz\u00e1g\" \/>\n<meta property=\"article:publisher\" content=\"https:\/\/www.facebook.com\/WeLoveCyclingHungary\/\" \/>\n<meta property=\"article:published_time\" content=\"2019-08-22T07:00:46+00:00\" \/>\n<meta property=\"og:image\" content=\"https:\/\/d2p6e6u75xmxt8.cloudfront.net\/12\/2019\/08\/El-Diablo-CVR-profimedia-0003504691.jpg\" \/>\n\t<meta property=\"og:image:width\" content=\"1367\" \/>\n\t<meta property=\"og:image:height\" content=\"600\" \/>\n\t<meta property=\"og:image:type\" content=\"image\/jpeg\" \/>\n<meta name=\"author\" content=\"hegyizs\" \/>\n<meta name=\"twitter:card\" content=\"summary_large_image\" \/>\n<meta name=\"twitter:label1\" content=\"Written by\" \/>\n\t<meta name=\"twitter:data1\" content=\"WeLoveCycling\" \/>\n\t<meta name=\"twitter:label2\" content=\"Est. reading time\" \/>\n\t<meta name=\"twitter:data2\" content=\"4\" \/>\n<script type=\"application\/ld+json\" class=\"yoast-schema-graph\">{\"@context\":\"https:\/\/schema.org\",\"@graph\":[{\"@type\":\"WebPage\",\"@id\":\"https:\/\/www.welovecycling.com\/hu\/orszaguti-kerekpar\/a-tour-de-france-legorultebb-szurkoloi\/\",\"url\":\"https:\/\/www.welovecycling.com\/hu\/orszaguti-kerekpar\/a-tour-de-france-legorultebb-szurkoloi\/\",\"name\":\"A Tour de France leg\u0151r\u00fcltebb szurkol\u00f3i - \u0160koda We Love Cycling - Magyarorsz\u00e1g\",\"isPartOf\":{\"@id\":\"https:\/\/www.welovecycling.com\/hu\/#website\"},\"primaryImageOfPage\":{\"@id\":\"https:\/\/www.welovecycling.com\/hu\/orszaguti-kerekpar\/a-tour-de-france-legorultebb-szurkoloi\/#primaryimage\"},\"image\":{\"@id\":\"https:\/\/www.welovecycling.com\/hu\/orszaguti-kerekpar\/a-tour-de-france-legorultebb-szurkoloi\/#primaryimage\"},\"thumbnailUrl\":\"https:\/\/d2p6e6u75xmxt8.cloudfront.net\/12\/2019\/08\/El-Diablo-CVR-profimedia-0003504691.jpg\",\"datePublished\":\"2019-08-22T07:00:46+00:00\",\"author\":{\"@id\":\"https:\/\/www.welovecycling.com\/hu\/#\/schema\/person\/414a2aebf1801691a5320edb6468e194\"},\"breadcrumb\":{\"@id\":\"https:\/\/www.welovecycling.com\/hu\/orszaguti-kerekpar\/a-tour-de-france-legorultebb-szurkoloi\/#breadcrumb\"},\"inLanguage\":\"hu\",\"potentialAction\":[{\"@type\":\"ReadAction\",\"target\":[\"https:\/\/www.welovecycling.com\/hu\/orszaguti-kerekpar\/a-tour-de-france-legorultebb-szurkoloi\/\"]}]},{\"@type\":\"ImageObject\",\"inLanguage\":\"hu\",\"@id\":\"https:\/\/www.welovecycling.com\/hu\/orszaguti-kerekpar\/a-tour-de-france-legorultebb-szurkoloi\/#primaryimage\",\"url\":\"https:\/\/d2p6e6u75xmxt8.cloudfront.net\/12\/2019\/08\/El-Diablo-CVR-profimedia-0003504691.jpg\",\"contentUrl\":\"https:\/\/d2p6e6u75xmxt8.cloudfront.net\/12\/2019\/08\/El-Diablo-CVR-profimedia-0003504691.jpg\",\"width\":1367,\"height\":600},{\"@type\":\"BreadcrumbList\",\"@id\":\"https:\/\/www.welovecycling.com\/hu\/orszaguti-kerekpar\/a-tour-de-france-legorultebb-szurkoloi\/#breadcrumb\",\"itemListElement\":[{\"@type\":\"ListItem\",\"position\":1,\"name\":\"Home\",\"item\":\"https:\/\/www.welovecycling.com\/hu\/\"},{\"@type\":\"ListItem\",\"position\":2,\"name\":\"A Tour de France leg\u0151r\u00fcltebb szurkol\u00f3i\"}]},{\"@type\":\"WebSite\",\"@id\":\"https:\/\/www.welovecycling.com\/hu\/#website\",\"url\":\"https:\/\/www.welovecycling.com\/hu\/\",\"name\":\"\u0160koda We Love Cycling - Magyarorsz\u00e1g\",\"description\":\"\u0160koda WeLoveCycling\",\"potentialAction\":[{\"@type\":\"SearchAction\",\"target\":{\"@type\":\"EntryPoint\",\"urlTemplate\":\"https:\/\/www.welovecycling.com\/hu\/?s={search_term_string}\"},\"query-input\":{\"@type\":\"PropertyValueSpecification\",\"valueRequired\":true,\"valueName\":\"search_term_string\"}}],\"inLanguage\":\"hu\"},{\"@type\":\"Person\",\"@id\":\"https:\/\/www.welovecycling.com\/hu\/#\/schema\/person\/414a2aebf1801691a5320edb6468e194\",\"name\":\"hegyizs\",\"image\":{\"@type\":\"ImageObject\",\"inLanguage\":\"hu\",\"@id\":\"https:\/\/www.welovecycling.com\/hu\/#\/schema\/person\/image\/\",\"url\":\"https:\/\/secure.gravatar.com\/avatar\/02cf8a7906b8cf90cecb4679defac7cfd33a1c2e3b88e4903d947f3bb58eedd3?s=96&d=mm&r=g\",\"contentUrl\":\"https:\/\/secure.gravatar.com\/avatar\/02cf8a7906b8cf90cecb4679defac7cfd33a1c2e3b88e4903d947f3bb58eedd3?s=96&d=mm&r=g\",\"caption\":\"hegyizs\"},\"url\":\"https:\/\/www.welovecycling.com\/hu\/author\/hegyizs\/\"}]}<\/script>\n<!-- \/ Yoast SEO Premium plugin. -->","yoast_head_json":{"title":"A Tour de France leg\u0151r\u00fcltebb szurkol\u00f3i - \u0160koda We Love Cycling - Magyarorsz\u00e1g","robots":{"index":"index","follow":"follow","max-snippet":"max-snippet:-1","max-image-preview":"max-image-preview:large","max-video-preview":"max-video-preview:-1"},"canonical":"https:\/\/www.welovecycling.com\/hu\/orszaguti-kerekpar\/a-tour-de-france-legorultebb-szurkoloi\/","og_locale":"hu_HU","og_type":"article","og_title":"A Tour de France leg\u0151r\u00fcltebb szurkol\u00f3i","og_description":"Minden csal\u00e1dban van egy olyan fekete b\u00e1r\u00e1ny, akin a f\u00e9l szemed rajta kell tartanod, mert nem lehet kisz\u00e1m\u00edtani, mire k\u00e9sz\u00fcl. [&hellip;]","og_url":"https:\/\/www.welovecycling.com\/hu\/orszaguti-kerekpar\/a-tour-de-france-legorultebb-szurkoloi\/","og_site_name":"\u0160koda We Love Cycling - Magyarorsz\u00e1g","article_publisher":"https:\/\/www.facebook.com\/WeLoveCyclingHungary\/","article_published_time":"2019-08-22T07:00:46+00:00","og_image":[{"width":1367,"height":600,"url":"https:\/\/d2p6e6u75xmxt8.cloudfront.net\/12\/2019\/08\/El-Diablo-CVR-profimedia-0003504691.jpg","type":"image\/jpeg"}],"author":"hegyizs","twitter_card":"summary_large_image","twitter_misc":{"Written by":"WeLoveCycling","Est. reading time":"4"},"schema":{"@context":"https:\/\/schema.org","@graph":[{"@type":"WebPage","@id":"https:\/\/www.welovecycling.com\/hu\/orszaguti-kerekpar\/a-tour-de-france-legorultebb-szurkoloi\/","url":"https:\/\/www.welovecycling.com\/hu\/orszaguti-kerekpar\/a-tour-de-france-legorultebb-szurkoloi\/","name":"A Tour de France leg\u0151r\u00fcltebb szurkol\u00f3i - \u0160koda We Love Cycling - Magyarorsz\u00e1g","isPartOf":{"@id":"https:\/\/www.welovecycling.com\/hu\/#website"},"primaryImageOfPage":{"@id":"https:\/\/www.welovecycling.com\/hu\/orszaguti-kerekpar\/a-tour-de-france-legorultebb-szurkoloi\/#primaryimage"},"image":{"@id":"https:\/\/www.welovecycling.com\/hu\/orszaguti-kerekpar\/a-tour-de-france-legorultebb-szurkoloi\/#primaryimage"},"thumbnailUrl":"https:\/\/d2p6e6u75xmxt8.cloudfront.net\/12\/2019\/08\/El-Diablo-CVR-profimedia-0003504691.jpg","datePublished":"2019-08-22T07:00:46+00:00","author":{"@id":"https:\/\/www.welovecycling.com\/hu\/#\/schema\/person\/414a2aebf1801691a5320edb6468e194"},"breadcrumb":{"@id":"https:\/\/www.welovecycling.com\/hu\/orszaguti-kerekpar\/a-tour-de-france-legorultebb-szurkoloi\/#breadcrumb"},"inLanguage":"hu","potentialAction":[{"@type":"ReadAction","target":["https:\/\/www.welovecycling.com\/hu\/orszaguti-kerekpar\/a-tour-de-france-legorultebb-szurkoloi\/"]}]},{"@type":"ImageObject","inLanguage":"hu","@id":"https:\/\/www.welovecycling.com\/hu\/orszaguti-kerekpar\/a-tour-de-france-legorultebb-szurkoloi\/#primaryimage","url":"https:\/\/d2p6e6u75xmxt8.cloudfront.net\/12\/2019\/08\/El-Diablo-CVR-profimedia-0003504691.jpg","contentUrl":"https:\/\/d2p6e6u75xmxt8.cloudfront.net\/12\/2019\/08\/El-Diablo-CVR-profimedia-0003504691.jpg","width":1367,"height":600},{"@type":"BreadcrumbList","@id":"https:\/\/www.welovecycling.com\/hu\/orszaguti-kerekpar\/a-tour-de-france-legorultebb-szurkoloi\/#breadcrumb","itemListElement":[{"@type":"ListItem","position":1,"name":"Home","item":"https:\/\/www.welovecycling.com\/hu\/"},{"@type":"ListItem","position":2,"name":"A Tour de France leg\u0151r\u00fcltebb szurkol\u00f3i"}]},{"@type":"WebSite","@id":"https:\/\/www.welovecycling.com\/hu\/#website","url":"https:\/\/www.welovecycling.com\/hu\/","name":"\u0160koda We Love Cycling - Magyarorsz\u00e1g","description":"\u0160koda WeLoveCycling","potentialAction":[{"@type":"SearchAction","target":{"@type":"EntryPoint","urlTemplate":"https:\/\/www.welovecycling.com\/hu\/?s={search_term_string}"},"query-input":{"@type":"PropertyValueSpecification","valueRequired":true,"valueName":"search_term_string"}}],"inLanguage":"hu"},{"@type":"Person","@id":"https:\/\/www.welovecycling.com\/hu\/#\/schema\/person\/414a2aebf1801691a5320edb6468e194","name":"hegyizs","image":{"@type":"ImageObject","inLanguage":"hu","@id":"https:\/\/www.welovecycling.com\/hu\/#\/schema\/person\/image\/","url":"https:\/\/secure.gravatar.com\/avatar\/02cf8a7906b8cf90cecb4679defac7cfd33a1c2e3b88e4903d947f3bb58eedd3?s=96&d=mm&r=g","contentUrl":"https:\/\/secure.gravatar.com\/avatar\/02cf8a7906b8cf90cecb4679defac7cfd33a1c2e3b88e4903d947f3bb58eedd3?s=96&d=mm&r=g","caption":"hegyizs"},"url":"https:\/\/www.welovecycling.com\/hu\/author\/hegyizs\/"}]}},"_links":{"self":[{"href":"https:\/\/www.welovecycling.com\/hu\/wp-json\/wp\/v2\/posts\/4775","targetHints":{"allow":["GET"]}}],"collection":[{"href":"https:\/\/www.welovecycling.com\/hu\/wp-json\/wp\/v2\/posts"}],"about":[{"href":"https:\/\/www.welovecycling.com\/hu\/wp-json\/wp\/v2\/types\/post"}],"author":[{"embeddable":true,"href":"https:\/\/www.welovecycling.com\/hu\/wp-json\/wp\/v2\/users\/71"}],"replies":[{"embeddable":true,"href":"https:\/\/www.welovecycling.com\/hu\/wp-json\/wp\/v2\/comments?post=4775"}],"version-history":[{"count":2,"href":"https:\/\/www.welovecycling.com\/hu\/wp-json\/wp\/v2\/posts\/4775\/revisions"}],"predecessor-version":[{"id":4799,"href":"https:\/\/www.welovecycling.com\/hu\/wp-json\/wp\/v2\/posts\/4775\/revisions\/4799"}],"wp:featuredmedia":[{"embeddable":true,"href":"https:\/\/www.welovecycling.com\/hu\/wp-json\/wp\/v2\/media\/4783"}],"wp:attachment":[{"href":"https:\/\/www.welovecycling.com\/hu\/wp-json\/wp\/v2\/media?parent=4775"}],"wp:term":[{"taxonomy":"category","embeddable":true,"href":"https:\/\/www.welovecycling.com\/hu\/wp-json\/wp\/v2\/categories?post=4775"},{"taxonomy":"post_tag","embeddable":true,"href":"https:\/\/www.welovecycling.com\/hu\/wp-json\/wp\/v2\/tags?post=4775"},{"taxonomy":"global-categories","embeddable":true,"href":"https:\/\/www.welovecycling.com\/hu\/wp-json\/wp\/v2\/global-categories?post=4775"}],"curies":[{"name":"wp","href":"https:\/\/api.w.org\/{rel}","templated":true}]}}