{"id":4768,"date":"2019-08-21T08:00:36","date_gmt":"2019-08-21T07:00:36","guid":{"rendered":"https:\/\/www.welovecycling.com\/hu\/?p=4768"},"modified":"2019-08-16T15:26:33","modified_gmt":"2019-08-16T14:26:33","slug":"melyik-biciklis-gyerekules-a-kicsik-kedvence","status":"publish","type":"post","link":"https:\/\/www.welovecycling.com\/hu\/edzes-es-eletmod\/melyik-biciklis-gyerekules-a-kicsik-kedvence\/","title":{"rendered":"Melyik biciklis gyerek\u00fcl\u00e9s a kicsik kedvence?"},"content":{"rendered":"<p><strong>A gyerekek egyszer\u0171en im\u00e1dnak gyorsan menni, f\u00fcggetlen\u00fcl att\u00f3l, merre vagy mi\u00e9rt teszik azt. A bring\u00e1z\u00e1s szuper lehet\u0151s\u00e9get k\u00edn\u00e1l, hogy megkaphass\u00e1k ezt a j\u00f3l meg\u00e9rdemelt \u00f6r\u00f6m\u00f6t. Miel\u0151tt el\u00e9rik azt a kort, hogy elkezdhetn\u00e9k magukt\u00f3l, adhatsz nekik n\u00e9mi \u00edzel\u00edt\u0151t egy gyerek\u00fcl\u00e9s vagy egy ut\u00e1nfut\u00f3 seg\u00edts\u00e9g\u00e9vel. Letesztelt\u00fck, melyik fajt\u00e1t szeretik jobban a kicsik.<\/strong><\/p>\n<p><!--more--><\/p>\n<h2><strong>H\u00e1tulra szerelt gyerek\u00fcl\u00e9s<\/strong><\/h2>\n<p>K\u00e9pzeld el, milyen lehet egy feln\u0151tt h\u00e1ts\u00f3j\u00e1t k\u00f6zelr\u0151l b\u00e1mulni \u00f3r\u00e1kon kereszt\u00fcl \u2013 pontosan ez az, amire a gyereket \u00edt\u00e9led, amikor a h\u00e1ts\u00f3 \u00fcl\u00e9st v\u00e1lasztod sz\u00e1m\u00e1ra. Nemcsak a gyereknek van korl\u00e1tozott l\u00e1t\u00f3tere \u00e9s kell forgatnia a fej\u00e9t, hogy l\u00e1sson valamit, de ez a megold\u00e1s neked is a legel\u0151nytelenebb kontrollt biztos\u00edtja, mivel minden s\u00faly h\u00e1tra nehezedik, amit\u0151l a bringa kiegyens\u00falyozatlan lesz, \u00e9s nehezen lehet majd ir\u00e1ny\u00edtani. Ha ugyanezt az \u00fcl\u00e9st er\u0151s\u00edted a fels\u0151 v\u00e1zcs\u0151re, az lehet\u0151s\u00e9get ad a lurk\u00f3nak, hogy el\u0151tted \u00fclj\u00f6n \u00e9s megtartsa az egyens\u00faly\u00e1t, mik\u00f6zben a korm\u00e1nyba kapaszkodik. Ez\u00e1ltal biztons\u00e1gban \u00e9s folyamatosan ellen\u0151rz\u00e9s alatt tudhatod a kisembert \u00e9s \u00edgy \u0151t is \u00e9lvezni tudja majd az eg\u00e9szet.<\/p>\n<p><a href=\"https:\/\/d2p6e6u75xmxt8.cloudfront.net\/12\/2019\/08\/Baby-Seat-CVR.jpg\"><img loading=\"lazy\" decoding=\"async\" class=\"alignnone size-full wp-image-4769\" src=\"https:\/\/d2p6e6u75xmxt8.cloudfront.net\/12\/2019\/08\/Baby-Seat-CVR.jpg\" alt=\"\" width=\"1366\" height=\"600\" srcset=\"https:\/\/d2p6e6u75xmxt8.cloudfront.net\/12\/2019\/08\/Baby-Seat-CVR.jpg 1366w, https:\/\/d2p6e6u75xmxt8.cloudfront.net\/12\/2019\/08\/Baby-Seat-CVR-300x132.jpg 300w, https:\/\/d2p6e6u75xmxt8.cloudfront.net\/12\/2019\/08\/Baby-Seat-CVR-768x337.jpg 768w, https:\/\/d2p6e6u75xmxt8.cloudfront.net\/12\/2019\/08\/Baby-Seat-CVR-1024x450.jpg 1024w\" sizes=\"auto, (max-width: 1366px) 100vw, 1366px\" \/><\/a><\/p>\n<div id='gallery-1' class='gallery galleryid-4768 gallery-columns-2 gallery-size-large'><figure class='gallery-item'>\n\t\t\t<div class='gallery-icon landscape'>\n\t\t\t\t<a href='https:\/\/d2p6e6u75xmxt8.cloudfront.net\/12\/2019\/08\/Baby-Seat-2.jpg'><img loading=\"lazy\" decoding=\"async\" width=\"1024\" height=\"768\" src=\"https:\/\/d2p6e6u75xmxt8.cloudfront.net\/12\/2019\/08\/Baby-Seat-2-1024x768.jpg\" class=\"attachment-large size-large\" alt=\"\" srcset=\"https:\/\/d2p6e6u75xmxt8.cloudfront.net\/12\/2019\/08\/Baby-Seat-2-1024x768.jpg 1024w, https:\/\/d2p6e6u75xmxt8.cloudfront.net\/12\/2019\/08\/Baby-Seat-2-300x225.jpg 300w, https:\/\/d2p6e6u75xmxt8.cloudfront.net\/12\/2019\/08\/Baby-Seat-2-768x576.jpg 768w, https:\/\/d2p6e6u75xmxt8.cloudfront.net\/12\/2019\/08\/Baby-Seat-2.jpg 1224w\" sizes=\"auto, (max-width: 1024px) 100vw, 1024px\" \/><\/a>\n\t\t\t<\/div><\/figure><figure class='gallery-item'>\n\t\t\t<div class='gallery-icon landscape'>\n\t\t\t\t<a href='https:\/\/d2p6e6u75xmxt8.cloudfront.net\/12\/2019\/08\/Baby-Seat-1.jpg'><img loading=\"lazy\" decoding=\"async\" width=\"1024\" height=\"768\" src=\"https:\/\/d2p6e6u75xmxt8.cloudfront.net\/12\/2019\/08\/Baby-Seat-1-1024x768.jpg\" class=\"attachment-large size-large\" alt=\"\" srcset=\"https:\/\/d2p6e6u75xmxt8.cloudfront.net\/12\/2019\/08\/Baby-Seat-1-1024x768.jpg 1024w, https:\/\/d2p6e6u75xmxt8.cloudfront.net\/12\/2019\/08\/Baby-Seat-1-300x225.jpg 300w, https:\/\/d2p6e6u75xmxt8.cloudfront.net\/12\/2019\/08\/Baby-Seat-1-768x576.jpg 768w, https:\/\/d2p6e6u75xmxt8.cloudfront.net\/12\/2019\/08\/Baby-Seat-1.jpg 1224w\" sizes=\"auto, (max-width: 1024px) 100vw, 1024px\" \/><\/a>\n\t\t\t<\/div><\/figure>\n\t\t<\/div>\n\n<h2><strong>El\u0151re szerelt gyerek\u00fcl\u00e9s<\/strong><\/h2>\n<p>Ugyan a lurk\u00f3d vagy sz\u00e1zszor l\u00e1tta m\u00e1r a Verd\u00e1k m\u00e1sodik r\u00e9sz\u00e9t, de biztosan tudja, hogy a bringa elej\u00e9n \u00fclve sokkal izgalmasabb a kil\u00e1t\u00e1s, mint a t\u00e9v\u00e9ben. A t\u00f6k\u00e9letes kil\u00e1t\u00e1s miatt lehet az els\u0151 \u00fcl\u00e9s a legjobb v\u00e1laszt\u00e1s sz\u00e1mukra, ugyanakkor a gyerek biztosan be fog nyelni egy-k\u00e9t legyet vagy bogarat. Emellett a legnagyobb vesz\u00e9lyeknek is itt vannak kit\u00e9ve, hiszen egy baleset eset\u00e9n a gyerek fog el\u0151sz\u00f6r lepottyanni a bring\u00e1r\u00f3l. Ezen k\u00edv\u00fcl a r\u00e9gebbi t\u00edpus\u00fa els\u0151 \u00fcl\u00e9sek eset\u00e9ben el\u0151fordul, hogy a gyerekek berakj\u00e1k a l\u00e1bukat a k\u00fcll\u0151k k\u00f6z\u00e9, ami \u00f3hatatlanul es\u00e9shez \u00e9s s\u00edpcsontt\u00f6r\u00e9shez vezet. \u00cdgy h\u00e1t mindig bizonyosodj meg r\u00f3la, hogy a l\u00e1baik megfelel\u0151en r\u00f6gz\u00edtve vannak az \u00f6vvel.<\/p>\n<h2><strong>Az ut\u00e1nfut\u00f3<\/strong><\/h2>\n<p>Az ut\u00e1nfut\u00f3s megold\u00e1s n\u00e9z ki a legk\u00e9nyelmesebbnek mind k\u00f6z\u00fcl. Ez \u00edgy is van, \u00e1m az \u00fat minden pora \u00e9s a kosza is pontosan ebben landol majd, ahogy tekersz. Amikor a v\u00e1rosban bring\u00e1zol, neh\u00e9z felm\u00e9rni a j\u00e1rm\u0171vek t\u00e1vols\u00e1g\u00e1t, \u00edgy el\u0151fordulhat, hogy nekim\u00e9sz a j\u00e1rdaszeg\u00e9lynek vagy m\u00e1s t\u00e1rgyaknak, j\u00e1rm\u0171veknek. Ha menet k\u00f6zben pr\u00f3b\u00e1lod min\u00e9l nagyobb t\u00e1vols\u00e1gra tartani a gyerk\u0151c\u00f6t mindent\u0151l, az k\u00f6nnyen torkollhat r\u00e9m\u00e1lomba.<\/p>\n<p><a href=\"https:\/\/d2p6e6u75xmxt8.cloudfront.net\/12\/2019\/08\/The-Chariot.jpeg\"><img loading=\"lazy\" decoding=\"async\" class=\"alignnone size-full wp-image-4770\" src=\"https:\/\/d2p6e6u75xmxt8.cloudfront.net\/12\/2019\/08\/The-Chariot.jpeg\" alt=\"\" width=\"960\" height=\"870\" srcset=\"https:\/\/d2p6e6u75xmxt8.cloudfront.net\/12\/2019\/08\/The-Chariot.jpeg 960w, https:\/\/d2p6e6u75xmxt8.cloudfront.net\/12\/2019\/08\/The-Chariot-300x272.jpeg 300w, https:\/\/d2p6e6u75xmxt8.cloudfront.net\/12\/2019\/08\/The-Chariot-768x696.jpeg 768w\" sizes=\"auto, (max-width: 960px) 100vw, 960px\" \/><\/a><\/p>\n","protected":false},"excerpt":{"rendered":"<p>A gyerekek egyszer\u0171en im\u00e1dnak gyorsan menni, f\u00fcggetlen\u00fcl att\u00f3l, merre vagy mi\u00e9rt teszik azt. A bring\u00e1z\u00e1s szuper lehet\u0151s\u00e9get k\u00edn\u00e1l, hogy megkaphass\u00e1k [&hellip;]<\/p>\n","protected":false},"author":71,"featured_media":4772,"comment_status":"open","ping_status":"open","sticky":false,"template":"","format":"standard","meta":{"footnotes":""},"categories":[6],"tags":[],"global-categories":[],"class_list":["post-4768","post","type-post","status-publish","format-standard","has-post-thumbnail","hentry","category-edzes-es-eletmod"],"yoast_head":"<!-- This site is optimized with the Yoast SEO Premium plugin v25.3 (Yoast SEO v25.9) - https:\/\/yoast.com\/wordpress\/plugins\/seo\/ -->\n<title>Melyik biciklis gyerek\u00fcl\u00e9s a kicsik kedvence? - \u0160koda We Love Cycling - Magyarorsz\u00e1g<\/title>\n<meta name=\"robots\" content=\"index, follow, max-snippet:-1, max-image-preview:large, max-video-preview:-1\" \/>\n<link rel=\"canonical\" href=\"https:\/\/www.welovecycling.com\/hu\/edzes-es-eletmod\/melyik-biciklis-gyerekules-a-kicsik-kedvence\/\" \/>\n<meta property=\"og:locale\" content=\"hu_HU\" \/>\n<meta property=\"og:type\" content=\"article\" \/>\n<meta property=\"og:title\" content=\"Melyik biciklis gyerek\u00fcl\u00e9s a kicsik kedvence?\" \/>\n<meta property=\"og:description\" content=\"A gyerekek egyszer\u0171en im\u00e1dnak gyorsan menni, f\u00fcggetlen\u00fcl att\u00f3l, merre vagy mi\u00e9rt teszik azt. A bring\u00e1z\u00e1s szuper lehet\u0151s\u00e9get k\u00edn\u00e1l, hogy megkaphass\u00e1k [&hellip;]\" \/>\n<meta property=\"og:url\" content=\"https:\/\/www.welovecycling.com\/hu\/edzes-es-eletmod\/melyik-biciklis-gyerekules-a-kicsik-kedvence\/\" \/>\n<meta property=\"og:site_name\" content=\"\u0160koda We Love Cycling - Magyarorsz\u00e1g\" \/>\n<meta property=\"article:publisher\" content=\"https:\/\/www.facebook.com\/WeLoveCyclingHungary\/\" \/>\n<meta property=\"article:published_time\" content=\"2019-08-21T07:00:36+00:00\" \/>\n<meta property=\"og:image\" content=\"https:\/\/d2p6e6u75xmxt8.cloudfront.net\/12\/2019\/08\/Children-Seat-CVR-profimedia-0405746810.jpg\" \/>\n\t<meta property=\"og:image:width\" content=\"1366\" \/>\n\t<meta property=\"og:image:height\" content=\"600\" \/>\n\t<meta property=\"og:image:type\" content=\"image\/jpeg\" \/>\n<meta name=\"author\" content=\"hegyizs\" \/>\n<meta name=\"twitter:card\" content=\"summary_large_image\" \/>\n<meta name=\"twitter:label1\" content=\"Written by\" \/>\n\t<meta name=\"twitter:data1\" content=\"Adam Marsal\" \/>\n\t<meta name=\"twitter:label2\" content=\"Est. reading time\" \/>\n\t<meta name=\"twitter:data2\" content=\"4\" \/>\n<script type=\"application\/ld+json\" class=\"yoast-schema-graph\">{\"@context\":\"https:\/\/schema.org\",\"@graph\":[{\"@type\":\"WebPage\",\"@id\":\"https:\/\/www.welovecycling.com\/hu\/edzes-es-eletmod\/melyik-biciklis-gyerekules-a-kicsik-kedvence\/\",\"url\":\"https:\/\/www.welovecycling.com\/hu\/edzes-es-eletmod\/melyik-biciklis-gyerekules-a-kicsik-kedvence\/\",\"name\":\"Melyik biciklis gyerek\u00fcl\u00e9s a kicsik kedvence? - \u0160koda We Love Cycling - Magyarorsz\u00e1g\",\"isPartOf\":{\"@id\":\"https:\/\/www.welovecycling.com\/hu\/#website\"},\"primaryImageOfPage\":{\"@id\":\"https:\/\/www.welovecycling.com\/hu\/edzes-es-eletmod\/melyik-biciklis-gyerekules-a-kicsik-kedvence\/#primaryimage\"},\"image\":{\"@id\":\"https:\/\/www.welovecycling.com\/hu\/edzes-es-eletmod\/melyik-biciklis-gyerekules-a-kicsik-kedvence\/#primaryimage\"},\"thumbnailUrl\":\"https:\/\/d2p6e6u75xmxt8.cloudfront.net\/12\/2019\/08\/Children-Seat-CVR-profimedia-0405746810.jpg\",\"datePublished\":\"2019-08-21T07:00:36+00:00\",\"author\":{\"@id\":\"https:\/\/www.welovecycling.com\/hu\/#\/schema\/person\/414a2aebf1801691a5320edb6468e194\"},\"breadcrumb\":{\"@id\":\"https:\/\/www.welovecycling.com\/hu\/edzes-es-eletmod\/melyik-biciklis-gyerekules-a-kicsik-kedvence\/#breadcrumb\"},\"inLanguage\":\"hu\",\"potentialAction\":[{\"@type\":\"ReadAction\",\"target\":[\"https:\/\/www.welovecycling.com\/hu\/edzes-es-eletmod\/melyik-biciklis-gyerekules-a-kicsik-kedvence\/\"]}]},{\"@type\":\"ImageObject\",\"inLanguage\":\"hu\",\"@id\":\"https:\/\/www.welovecycling.com\/hu\/edzes-es-eletmod\/melyik-biciklis-gyerekules-a-kicsik-kedvence\/#primaryimage\",\"url\":\"https:\/\/d2p6e6u75xmxt8.cloudfront.net\/12\/2019\/08\/Children-Seat-CVR-profimedia-0405746810.jpg\",\"contentUrl\":\"https:\/\/d2p6e6u75xmxt8.cloudfront.net\/12\/2019\/08\/Children-Seat-CVR-profimedia-0405746810.jpg\",\"width\":1366,\"height\":600},{\"@type\":\"BreadcrumbList\",\"@id\":\"https:\/\/www.welovecycling.com\/hu\/edzes-es-eletmod\/melyik-biciklis-gyerekules-a-kicsik-kedvence\/#breadcrumb\",\"itemListElement\":[{\"@type\":\"ListItem\",\"position\":1,\"name\":\"Home\",\"item\":\"https:\/\/www.welovecycling.com\/hu\/\"},{\"@type\":\"ListItem\",\"position\":2,\"name\":\"Melyik biciklis gyerek\u00fcl\u00e9s a kicsik kedvence?\"}]},{\"@type\":\"WebSite\",\"@id\":\"https:\/\/www.welovecycling.com\/hu\/#website\",\"url\":\"https:\/\/www.welovecycling.com\/hu\/\",\"name\":\"\u0160koda We Love Cycling - Magyarorsz\u00e1g\",\"description\":\"\u0160koda WeLoveCycling\",\"potentialAction\":[{\"@type\":\"SearchAction\",\"target\":{\"@type\":\"EntryPoint\",\"urlTemplate\":\"https:\/\/www.welovecycling.com\/hu\/?s={search_term_string}\"},\"query-input\":{\"@type\":\"PropertyValueSpecification\",\"valueRequired\":true,\"valueName\":\"search_term_string\"}}],\"inLanguage\":\"hu\"},{\"@type\":\"Person\",\"@id\":\"https:\/\/www.welovecycling.com\/hu\/#\/schema\/person\/414a2aebf1801691a5320edb6468e194\",\"name\":\"hegyizs\",\"image\":{\"@type\":\"ImageObject\",\"inLanguage\":\"hu\",\"@id\":\"https:\/\/www.welovecycling.com\/hu\/#\/schema\/person\/image\/\",\"url\":\"https:\/\/secure.gravatar.com\/avatar\/02cf8a7906b8cf90cecb4679defac7cfd33a1c2e3b88e4903d947f3bb58eedd3?s=96&d=mm&r=g\",\"contentUrl\":\"https:\/\/secure.gravatar.com\/avatar\/02cf8a7906b8cf90cecb4679defac7cfd33a1c2e3b88e4903d947f3bb58eedd3?s=96&d=mm&r=g\",\"caption\":\"hegyizs\"},\"url\":\"https:\/\/www.welovecycling.com\/hu\/author\/hegyizs\/\"}]}<\/script>\n<!-- \/ Yoast SEO Premium plugin. -->","yoast_head_json":{"title":"Melyik biciklis gyerek\u00fcl\u00e9s a kicsik kedvence? - \u0160koda We Love Cycling - Magyarorsz\u00e1g","robots":{"index":"index","follow":"follow","max-snippet":"max-snippet:-1","max-image-preview":"max-image-preview:large","max-video-preview":"max-video-preview:-1"},"canonical":"https:\/\/www.welovecycling.com\/hu\/edzes-es-eletmod\/melyik-biciklis-gyerekules-a-kicsik-kedvence\/","og_locale":"hu_HU","og_type":"article","og_title":"Melyik biciklis gyerek\u00fcl\u00e9s a kicsik kedvence?","og_description":"A gyerekek egyszer\u0171en im\u00e1dnak gyorsan menni, f\u00fcggetlen\u00fcl att\u00f3l, merre vagy mi\u00e9rt teszik azt. A bring\u00e1z\u00e1s szuper lehet\u0151s\u00e9get k\u00edn\u00e1l, hogy megkaphass\u00e1k [&hellip;]","og_url":"https:\/\/www.welovecycling.com\/hu\/edzes-es-eletmod\/melyik-biciklis-gyerekules-a-kicsik-kedvence\/","og_site_name":"\u0160koda We Love Cycling - Magyarorsz\u00e1g","article_publisher":"https:\/\/www.facebook.com\/WeLoveCyclingHungary\/","article_published_time":"2019-08-21T07:00:36+00:00","og_image":[{"width":1366,"height":600,"url":"https:\/\/d2p6e6u75xmxt8.cloudfront.net\/12\/2019\/08\/Children-Seat-CVR-profimedia-0405746810.jpg","type":"image\/jpeg"}],"author":"hegyizs","twitter_card":"summary_large_image","twitter_misc":{"Written by":"Adam Marsal","Est. reading time":"4"},"schema":{"@context":"https:\/\/schema.org","@graph":[{"@type":"WebPage","@id":"https:\/\/www.welovecycling.com\/hu\/edzes-es-eletmod\/melyik-biciklis-gyerekules-a-kicsik-kedvence\/","url":"https:\/\/www.welovecycling.com\/hu\/edzes-es-eletmod\/melyik-biciklis-gyerekules-a-kicsik-kedvence\/","name":"Melyik biciklis gyerek\u00fcl\u00e9s a kicsik kedvence? - \u0160koda We Love Cycling - Magyarorsz\u00e1g","isPartOf":{"@id":"https:\/\/www.welovecycling.com\/hu\/#website"},"primaryImageOfPage":{"@id":"https:\/\/www.welovecycling.com\/hu\/edzes-es-eletmod\/melyik-biciklis-gyerekules-a-kicsik-kedvence\/#primaryimage"},"image":{"@id":"https:\/\/www.welovecycling.com\/hu\/edzes-es-eletmod\/melyik-biciklis-gyerekules-a-kicsik-kedvence\/#primaryimage"},"thumbnailUrl":"https:\/\/d2p6e6u75xmxt8.cloudfront.net\/12\/2019\/08\/Children-Seat-CVR-profimedia-0405746810.jpg","datePublished":"2019-08-21T07:00:36+00:00","author":{"@id":"https:\/\/www.welovecycling.com\/hu\/#\/schema\/person\/414a2aebf1801691a5320edb6468e194"},"breadcrumb":{"@id":"https:\/\/www.welovecycling.com\/hu\/edzes-es-eletmod\/melyik-biciklis-gyerekules-a-kicsik-kedvence\/#breadcrumb"},"inLanguage":"hu","potentialAction":[{"@type":"ReadAction","target":["https:\/\/www.welovecycling.com\/hu\/edzes-es-eletmod\/melyik-biciklis-gyerekules-a-kicsik-kedvence\/"]}]},{"@type":"ImageObject","inLanguage":"hu","@id":"https:\/\/www.welovecycling.com\/hu\/edzes-es-eletmod\/melyik-biciklis-gyerekules-a-kicsik-kedvence\/#primaryimage","url":"https:\/\/d2p6e6u75xmxt8.cloudfront.net\/12\/2019\/08\/Children-Seat-CVR-profimedia-0405746810.jpg","contentUrl":"https:\/\/d2p6e6u75xmxt8.cloudfront.net\/12\/2019\/08\/Children-Seat-CVR-profimedia-0405746810.jpg","width":1366,"height":600},{"@type":"BreadcrumbList","@id":"https:\/\/www.welovecycling.com\/hu\/edzes-es-eletmod\/melyik-biciklis-gyerekules-a-kicsik-kedvence\/#breadcrumb","itemListElement":[{"@type":"ListItem","position":1,"name":"Home","item":"https:\/\/www.welovecycling.com\/hu\/"},{"@type":"ListItem","position":2,"name":"Melyik biciklis gyerek\u00fcl\u00e9s a kicsik kedvence?"}]},{"@type":"WebSite","@id":"https:\/\/www.welovecycling.com\/hu\/#website","url":"https:\/\/www.welovecycling.com\/hu\/","name":"\u0160koda We Love Cycling - Magyarorsz\u00e1g","description":"\u0160koda WeLoveCycling","potentialAction":[{"@type":"SearchAction","target":{"@type":"EntryPoint","urlTemplate":"https:\/\/www.welovecycling.com\/hu\/?s={search_term_string}"},"query-input":{"@type":"PropertyValueSpecification","valueRequired":true,"valueName":"search_term_string"}}],"inLanguage":"hu"},{"@type":"Person","@id":"https:\/\/www.welovecycling.com\/hu\/#\/schema\/person\/414a2aebf1801691a5320edb6468e194","name":"hegyizs","image":{"@type":"ImageObject","inLanguage":"hu","@id":"https:\/\/www.welovecycling.com\/hu\/#\/schema\/person\/image\/","url":"https:\/\/secure.gravatar.com\/avatar\/02cf8a7906b8cf90cecb4679defac7cfd33a1c2e3b88e4903d947f3bb58eedd3?s=96&d=mm&r=g","contentUrl":"https:\/\/secure.gravatar.com\/avatar\/02cf8a7906b8cf90cecb4679defac7cfd33a1c2e3b88e4903d947f3bb58eedd3?s=96&d=mm&r=g","caption":"hegyizs"},"url":"https:\/\/www.welovecycling.com\/hu\/author\/hegyizs\/"}]}},"_links":{"self":[{"href":"https:\/\/www.welovecycling.com\/hu\/wp-json\/wp\/v2\/posts\/4768","targetHints":{"allow":["GET"]}}],"collection":[{"href":"https:\/\/www.welovecycling.com\/hu\/wp-json\/wp\/v2\/posts"}],"about":[{"href":"https:\/\/www.welovecycling.com\/hu\/wp-json\/wp\/v2\/types\/post"}],"author":[{"embeddable":true,"href":"https:\/\/www.welovecycling.com\/hu\/wp-json\/wp\/v2\/users\/71"}],"replies":[{"embeddable":true,"href":"https:\/\/www.welovecycling.com\/hu\/wp-json\/wp\/v2\/comments?post=4768"}],"version-history":[{"count":2,"href":"https:\/\/www.welovecycling.com\/hu\/wp-json\/wp\/v2\/posts\/4768\/revisions"}],"predecessor-version":[{"id":4796,"href":"https:\/\/www.welovecycling.com\/hu\/wp-json\/wp\/v2\/posts\/4768\/revisions\/4796"}],"wp:featuredmedia":[{"embeddable":true,"href":"https:\/\/www.welovecycling.com\/hu\/wp-json\/wp\/v2\/media\/4772"}],"wp:attachment":[{"href":"https:\/\/www.welovecycling.com\/hu\/wp-json\/wp\/v2\/media?parent=4768"}],"wp:term":[{"taxonomy":"category","embeddable":true,"href":"https:\/\/www.welovecycling.com\/hu\/wp-json\/wp\/v2\/categories?post=4768"},{"taxonomy":"post_tag","embeddable":true,"href":"https:\/\/www.welovecycling.com\/hu\/wp-json\/wp\/v2\/tags?post=4768"},{"taxonomy":"global-categories","embeddable":true,"href":"https:\/\/www.welovecycling.com\/hu\/wp-json\/wp\/v2\/global-categories?post=4768"}],"curies":[{"name":"wp","href":"https:\/\/api.w.org\/{rel}","templated":true}]}}