{"id":4757,"date":"2019-08-24T07:00:48","date_gmt":"2019-08-24T06:00:48","guid":{"rendered":"https:\/\/www.welovecycling.com\/hu\/?p=4757"},"modified":"2019-08-16T15:29:34","modified_gmt":"2019-08-16T14:29:34","slug":"a-2019-es-tour-de-france-5-tanulsaga","status":"publish","type":"post","link":"https:\/\/www.welovecycling.com\/hu\/orszaguti-kerekpar\/a-2019-es-tour-de-france-5-tanulsaga\/","title":{"rendered":"A 2019-es Tour de France 5 tanuls\u00e1ga"},"content":{"rendered":"<p><strong>Ahogy az \u00e9lboly a finis 72-es kilom\u00e9terk\u00f6v\u00e9hez k\u00f6zel\u00edtett P\u00e1rizsban, Kolumbia rangid\u0151se \u00f6sszeh\u00edvta a fot\u00f3sokat egy pillanat meg\u00f6r\u00f6k\u00edt\u00e9s\u00e9re.<\/strong><\/p>\n<p><!--more--><\/p>\n<div class=\"embed-controller-wrapper\">\n<blockquote class=\"twitter-tweet\" data-width=\"500\" data-dnt=\"true\">\n<p lang=\"es\" dir=\"ltr\">Colombia mijitos \ud83d\ude4f\ud83d\ude4f\ud83d\ude4f <a href=\"https:\/\/t.co\/OPVkClPJRV\">pic.twitter.com\/OPVkClPJRV<\/a><\/p>\n<p>&mdash; Rigoberto Ur\u00e1n \u042fU (@UranRigoberto) <a href=\"https:\/\/twitter.com\/UranRigoberto\/status\/1155572313326309377?ref_src=twsrc%5Etfw\">July 28, 2019<\/a><\/p><\/blockquote>\n<p><script async data-src=\"https:\/\/platform.twitter.com\/widgets.js\" charset=\"utf-8\"><\/script><\/div>\n<p>Quintana kitart\u00f3an gesztikul\u00e1lt \u00e9s kiab\u00e1lt, am\u00edg a fot\u00f3sok el nem helyezkedtek, hogy meg\u00f6r\u00f6k\u00edts\u00e9k az \u00f6r\u00f6kk\u00e9val\u00f3s\u00e1gnak ezt a pillanatot. De mi\u00e9rt ment el\u00f6l Egan Bernal, Rigoberto Ur\u00e1n, Sergio Henao \u00e9s Nairo Quintana? \u00c9s mi m\u00e1st tanulhatunk m\u00e9g az idei Tourb\u00f3l?<\/p>\n<h2><strong>Kolumbia \u00e9s Franciaorsz\u00e1g csapatai nagyobbak, mint b\u00e1rmelyik csapat<\/strong><\/h2>\n<p>Term\u00e9szetesen lehet kedvenc csapatod, de \u00e1ltal\u00e1ban maga a ker\u00e9kp\u00e1ros miatt szurkolsz egy adott egys\u00e9gnek. Quintana nagy b\u00fcszkes\u00e9ggel besz\u00e9lt Kolumbia els\u0151 Tour de France gy\u0151zelm\u00e9r\u0151l \u00e9s h\u00e1t ki is hib\u00e1ztathatn\u00e1 ez\u00e9rt? Ugyan a 19-es szakasz sajnos ler\u00f6vid\u00fclt, de \u00edgy is el\u00e9g hossz\u00fanak bizonyult Bernal sz\u00e1m\u00e1ra, hogy sorsd\u00f6nt\u0151 gy\u0151zelmet zsebeljen be mag\u00e1nak. Ezt k\u00f6vet\u0151en az \u00e9lmez\u0151nyt v\u00e9gigkis\u00e9rt\u00e9k a kolumbiai z\u00e1szl\u00f3t lenget\u0151 szurkol\u00f3k.<\/p>\n<lite-youtube videoid=LmbAqQTx2hk params=\"enablejsapi=1\" style=\"background-image: url('https:\/\/i.ytimg.com\/vi_webp\/LmbAqQTx2hk\/maxresdefault.webp');\"><\/lite-youtube>\n<p>Quintana is magasba emelte a z\u00e1szl\u00f3t miut\u00e1n hihetetlen diadalt aratott a Col de Galibiert felett a 18. szakaszban, \u00f6sszess\u00e9g\u00e9ben csup\u00e1n 5:30-cal elmaradva Bernal gy\u0151ztes idej\u00e9t\u0151l. A francia versenyz\u0151k is lehagyt\u00e1k a csapataikat, j\u00f3val azel\u0151tt a sz\u00edvszor\u00edt\u00f3 pillanat el\u0151tt, hogy Pinot-nak be kellett \u00e1ldoznia mag\u00e1t.<\/p>\n<lite-youtube videoid=jtbCP7Eh3kQ params=\"enablejsapi=1\" style=\"background-image: url('https:\/\/i.ytimg.com\/vi_webp\/jtbCP7Eh3kQ\/maxresdefault.webp');\"><\/lite-youtube>\n<h2><strong>Az Ineos rajong Brailsford\u00e9rt \u00e9s ford\u00edtva<\/strong><\/h2>\n<p>A versenyz\u0151knek komoly lehet\u0151s\u00e9get jelent megnyerni a Tourt, ha j\u00f3 kapcsolatot \u00e1polnak David Brailsforddal. \u00dagy t\u0171nik, Brailsford nyugodt sz\u00edvvel hagyja gy\u0151zni a leger\u0151sebb versenyz\u0151t minden \u00e9vben, \u00e1m azt k\u00e9tlem, hogy a tiszteletet \u00e9s a bajt\u00e1rsias szellemis\u00e9get k\u00f6nny\u0171 volt kiv\u00edvni.<\/p>\n<lite-youtube videoid=dA4uIG5dWp8 params=\"enablejsapi=1\" style=\"background-image: url('https:\/\/i.ytimg.com\/vi_webp\/dA4uIG5dWp8\/maxresdefault.webp');\"><\/lite-youtube>\n<p>Geraint Thomas r\u00e9sz\u00e9r\u0151l furcs\u00e1n j\u00f6tt volna le, ha a hierarchia miatt mag\u00e1t helyezte volna el\u0151re, l\u00e1tva Bernal form\u00e1j\u00e1t, de a 15. szakaszhoz \u00e9rve Alaphilippe \u00e9s Thomas is kezdtek elf\u00e1radni, ami arra engedett k\u00f6vetkeztetni, hogy Thomas feladata volt a korai er\u0151ltetett teker\u00e9s, amely Bernalnak t\u00f6bb id\u0151t biztos\u00edtott r\u00e1, hogy elkapja a form\u00e1t.<\/p>\n<lite-youtube videoid=3RA35rmnYMY params=\"enablejsapi=1\" style=\"background-image: url('https:\/\/i.ytimg.com\/vi_webp\/3RA35rmnYMY\/maxresdefault.webp');\"><\/lite-youtube>\n<p>Nem t\u00fal meglep\u0151 m\u00f3don, az Ineos csapata folyamatosan biztos\u00edtotta a lehet\u0151s\u00e9get Brailsford csapat\u00e1nak, hogy tov\u00e1bbra is szabadosan \u00e9rtelmezze a Tourhoz val\u00f3 hozz\u00e1\u00e1ll\u00e1s\u00e1t. Brailsford nyer\u0151 sz\u00e9ri\u00e1ja kitart majd mindaddig, am\u00edg az \u00e9lmez\u0151ny t\u00f6bbi r\u00e9sze is alkalmazkodik a t\u00fcrelmes, taktikus st\u00edlus\u00e1hoz \u00e9s ahhoz, ahogyan k\u00e9pes a legt\u00f6bbet kihozni a k\u00e9pess\u00e9geib\u0151l.<\/p>\n<h2><strong>Az \u00e9lmez\u0151ny gyorsabb volt<\/strong><\/h2>\n<p>Bernal ideje \u00e1tlagban 40.5 km\/\u00f3ra volt a teljes verseny alatt, ami 0,3 km\/\u00f3r\u00e1val volt gyorsabb, mint Thomas nyertes ideje 2018-ban. Ez nagyban k\u00f6sz\u00f6nhet\u0151 a francia versenyz\u0151 korai agressz\u00edv temp\u00f3j\u00e1nak a Touron, \u00edgy joggal \u00e9rdemelte ki Alaphilippe a s\u00e1rga trik\u00f3t.<\/p>\n<lite-youtube videoid=mWju5CbWELk params=\"enablejsapi=1\" style=\"background-image: url('https:\/\/i.ytimg.com\/vi_webp\/mWju5CbWELk\/maxresdefault.webp');\"><\/lite-youtube>\n<p>Ugyan a Tourr\u00f3l mindig sokkal t\u00f6bb anyag k\u00e9sz\u00fcl, mint ami megjelenik, \u00e1m rem\u00e9nykedem benne, hogy el\u0151ker\u00fcl majd valami Nils Politt hajmereszt\u0151 ereszked\u00e9s\u00e9r\u0151l a 18. szakaszn\u00e1l. A Katusha-Alpecin versenyz\u0151je volt az els\u0151, aki hivatalosan is megd\u00f6nt\u00f6tte a 100 km\/\u00f3r\u00e1s rekordot el\u00e9rve a 101,5 km\/\u00f3r\u00e1s sebess\u00e9get az \u00fat egy olyan szakasz\u00e1n, ahol a lejt\u0151 -7% volt.<\/p>\n<h2><strong>Sagan m\u00e1r szeniornak sz\u00e1m\u00edt<\/strong><\/h2>\n<p>A Cyclistes Professionnels Associ\u00e9s-t (CPA) olyan non-profit szervezetk\u00e9nt ismeri el az UCI, amely a versenyz\u0151i \u00e9rdekeit k\u00e9pviseli. Sagan alig pal\u00e1stoltan kritiz\u00e1lta a CPA nyilv\u00e1nval\u00f3 t\u00e9tlens\u00e9g\u00e9t, amely oda vezetett, hogy a verseny szab\u00e1lyai szokatlanul fellazultak. \u00c1m ezt k\u00f6vet\u0151en ez m\u00e1r nem szokv\u00e1nyos verseny volt.<\/p>\n<lite-youtube videoid=bYEUh2KOr0A params=\"enablejsapi=1\" style=\"background-image: url('https:\/\/i.ytimg.com\/vi_webp\/bYEUh2KOr0A\/maxresdefault.webp');\"><\/lite-youtube>\n<p>A UCI-nek meg kellett k\u00fczdenie a rekord h\u0151s\u00e9ggel, f\u00f6ldcsuszaml\u00e1sokkal, j\u00e9ges\u0151vel \u00e9s egy h\u00f3ek\u00e9vel is, ezt mind csup\u00e1n 4 szakaszon bel\u00fcl. Tal\u00e1n joggal \u00e1ll\u00edthat\u00f3, hogy Sagan mindenki \u00e9rdekeit v\u00e9dve sz\u00f3lalt fel \u00e9s mutatott olyan felel\u0151ss\u00e9gtudatot, mint egy igazi rangid\u0151s versenyz\u0151.<\/p>\n","protected":false},"excerpt":{"rendered":"<p>Ahogy az \u00e9lboly a finis 72-es kilom\u00e9terk\u00f6v\u00e9hez k\u00f6zel\u00edtett P\u00e1rizsban, Kolumbia rangid\u0151se \u00f6sszeh\u00edvta a fot\u00f3sokat egy pillanat meg\u00f6r\u00f6k\u00edt\u00e9s\u00e9re.<\/p>\n","protected":false},"author":71,"featured_media":4765,"comment_status":"open","ping_status":"open","sticky":false,"template":"","format":"standard","meta":{"footnotes":""},"categories":[8],"tags":[],"global-categories":[],"class_list":["post-4757","post","type-post","status-publish","format-standard","has-post-thumbnail","hentry","category-orszaguti-kerekpar"],"yoast_head":"<!-- This site is optimized with the Yoast SEO Premium plugin v25.3 (Yoast SEO v25.9) - https:\/\/yoast.com\/wordpress\/plugins\/seo\/ -->\n<title>A 2019-es Tour de France 5 tanuls\u00e1ga - \u0160koda We Love Cycling - Magyarorsz\u00e1g<\/title>\n<meta name=\"robots\" content=\"index, follow, max-snippet:-1, max-image-preview:large, max-video-preview:-1\" \/>\n<link rel=\"canonical\" href=\"https:\/\/www.welovecycling.com\/hu\/orszaguti-kerekpar\/a-2019-es-tour-de-france-5-tanulsaga\/\" \/>\n<meta property=\"og:locale\" content=\"hu_HU\" \/>\n<meta property=\"og:type\" content=\"article\" \/>\n<meta property=\"og:title\" content=\"A 2019-es Tour de France 5 tanuls\u00e1ga\" \/>\n<meta property=\"og:description\" content=\"Ahogy az \u00e9lboly a finis 72-es kilom\u00e9terk\u00f6v\u00e9hez k\u00f6zel\u00edtett P\u00e1rizsban, Kolumbia rangid\u0151se \u00f6sszeh\u00edvta a fot\u00f3sokat egy pillanat meg\u00f6r\u00f6k\u00edt\u00e9s\u00e9re.\" \/>\n<meta property=\"og:url\" content=\"https:\/\/www.welovecycling.com\/hu\/orszaguti-kerekpar\/a-2019-es-tour-de-france-5-tanulsaga\/\" \/>\n<meta property=\"og:site_name\" content=\"\u0160koda We Love Cycling - Magyarorsz\u00e1g\" \/>\n<meta property=\"article:publisher\" content=\"https:\/\/www.facebook.com\/WeLoveCyclingHungary\/\" \/>\n<meta property=\"article:published_time\" content=\"2019-08-24T06:00:48+00:00\" \/>\n<meta property=\"og:image\" content=\"https:\/\/d2p6e6u75xmxt8.cloudfront.net\/12\/2019\/08\/Tour-de-France-2019-CVR-profimedia-0461581564.jpg\" \/>\n\t<meta property=\"og:image:width\" content=\"1366\" \/>\n\t<meta property=\"og:image:height\" content=\"600\" \/>\n\t<meta property=\"og:image:type\" content=\"image\/jpeg\" \/>\n<meta name=\"author\" content=\"hegyizs\" \/>\n<meta name=\"twitter:card\" content=\"summary_large_image\" \/>\n<meta name=\"twitter:label1\" content=\"Written by\" \/>\n\t<meta name=\"twitter:data1\" content=\"Christopher Ashley\" \/>\n\t<meta name=\"twitter:label2\" content=\"Est. reading time\" \/>\n\t<meta name=\"twitter:data2\" content=\"7\" \/>\n<script type=\"application\/ld+json\" class=\"yoast-schema-graph\">{\"@context\":\"https:\/\/schema.org\",\"@graph\":[{\"@type\":\"WebPage\",\"@id\":\"https:\/\/www.welovecycling.com\/hu\/orszaguti-kerekpar\/a-2019-es-tour-de-france-5-tanulsaga\/\",\"url\":\"https:\/\/www.welovecycling.com\/hu\/orszaguti-kerekpar\/a-2019-es-tour-de-france-5-tanulsaga\/\",\"name\":\"A 2019-es Tour de France 5 tanuls\u00e1ga - \u0160koda We Love Cycling - Magyarorsz\u00e1g\",\"isPartOf\":{\"@id\":\"https:\/\/www.welovecycling.com\/hu\/#website\"},\"primaryImageOfPage\":{\"@id\":\"https:\/\/www.welovecycling.com\/hu\/orszaguti-kerekpar\/a-2019-es-tour-de-france-5-tanulsaga\/#primaryimage\"},\"image\":{\"@id\":\"https:\/\/www.welovecycling.com\/hu\/orszaguti-kerekpar\/a-2019-es-tour-de-france-5-tanulsaga\/#primaryimage\"},\"thumbnailUrl\":\"https:\/\/d2p6e6u75xmxt8.cloudfront.net\/12\/2019\/08\/Tour-de-France-2019-CVR-profimedia-0461581564.jpg\",\"datePublished\":\"2019-08-24T06:00:48+00:00\",\"author\":{\"@id\":\"https:\/\/www.welovecycling.com\/hu\/#\/schema\/person\/414a2aebf1801691a5320edb6468e194\"},\"breadcrumb\":{\"@id\":\"https:\/\/www.welovecycling.com\/hu\/orszaguti-kerekpar\/a-2019-es-tour-de-france-5-tanulsaga\/#breadcrumb\"},\"inLanguage\":\"hu\",\"potentialAction\":[{\"@type\":\"ReadAction\",\"target\":[\"https:\/\/www.welovecycling.com\/hu\/orszaguti-kerekpar\/a-2019-es-tour-de-france-5-tanulsaga\/\"]}]},{\"@type\":\"ImageObject\",\"inLanguage\":\"hu\",\"@id\":\"https:\/\/www.welovecycling.com\/hu\/orszaguti-kerekpar\/a-2019-es-tour-de-france-5-tanulsaga\/#primaryimage\",\"url\":\"https:\/\/d2p6e6u75xmxt8.cloudfront.net\/12\/2019\/08\/Tour-de-France-2019-CVR-profimedia-0461581564.jpg\",\"contentUrl\":\"https:\/\/d2p6e6u75xmxt8.cloudfront.net\/12\/2019\/08\/Tour-de-France-2019-CVR-profimedia-0461581564.jpg\",\"width\":1366,\"height\":600},{\"@type\":\"BreadcrumbList\",\"@id\":\"https:\/\/www.welovecycling.com\/hu\/orszaguti-kerekpar\/a-2019-es-tour-de-france-5-tanulsaga\/#breadcrumb\",\"itemListElement\":[{\"@type\":\"ListItem\",\"position\":1,\"name\":\"Home\",\"item\":\"https:\/\/www.welovecycling.com\/hu\/\"},{\"@type\":\"ListItem\",\"position\":2,\"name\":\"A 2019-es Tour de France 5 tanuls\u00e1ga\"}]},{\"@type\":\"WebSite\",\"@id\":\"https:\/\/www.welovecycling.com\/hu\/#website\",\"url\":\"https:\/\/www.welovecycling.com\/hu\/\",\"name\":\"\u0160koda We Love Cycling - Magyarorsz\u00e1g\",\"description\":\"\u0160koda WeLoveCycling\",\"potentialAction\":[{\"@type\":\"SearchAction\",\"target\":{\"@type\":\"EntryPoint\",\"urlTemplate\":\"https:\/\/www.welovecycling.com\/hu\/?s={search_term_string}\"},\"query-input\":{\"@type\":\"PropertyValueSpecification\",\"valueRequired\":true,\"valueName\":\"search_term_string\"}}],\"inLanguage\":\"hu\"},{\"@type\":\"Person\",\"@id\":\"https:\/\/www.welovecycling.com\/hu\/#\/schema\/person\/414a2aebf1801691a5320edb6468e194\",\"name\":\"hegyizs\",\"image\":{\"@type\":\"ImageObject\",\"inLanguage\":\"hu\",\"@id\":\"https:\/\/www.welovecycling.com\/hu\/#\/schema\/person\/image\/\",\"url\":\"https:\/\/secure.gravatar.com\/avatar\/02cf8a7906b8cf90cecb4679defac7cfd33a1c2e3b88e4903d947f3bb58eedd3?s=96&d=mm&r=g\",\"contentUrl\":\"https:\/\/secure.gravatar.com\/avatar\/02cf8a7906b8cf90cecb4679defac7cfd33a1c2e3b88e4903d947f3bb58eedd3?s=96&d=mm&r=g\",\"caption\":\"hegyizs\"},\"url\":\"https:\/\/www.welovecycling.com\/hu\/author\/hegyizs\/\"}]}<\/script>\n<!-- \/ Yoast SEO Premium plugin. -->","yoast_head_json":{"title":"A 2019-es Tour de France 5 tanuls\u00e1ga - \u0160koda We Love Cycling - Magyarorsz\u00e1g","robots":{"index":"index","follow":"follow","max-snippet":"max-snippet:-1","max-image-preview":"max-image-preview:large","max-video-preview":"max-video-preview:-1"},"canonical":"https:\/\/www.welovecycling.com\/hu\/orszaguti-kerekpar\/a-2019-es-tour-de-france-5-tanulsaga\/","og_locale":"hu_HU","og_type":"article","og_title":"A 2019-es Tour de France 5 tanuls\u00e1ga","og_description":"Ahogy az \u00e9lboly a finis 72-es kilom\u00e9terk\u00f6v\u00e9hez k\u00f6zel\u00edtett P\u00e1rizsban, Kolumbia rangid\u0151se \u00f6sszeh\u00edvta a fot\u00f3sokat egy pillanat meg\u00f6r\u00f6k\u00edt\u00e9s\u00e9re.","og_url":"https:\/\/www.welovecycling.com\/hu\/orszaguti-kerekpar\/a-2019-es-tour-de-france-5-tanulsaga\/","og_site_name":"\u0160koda We Love Cycling - Magyarorsz\u00e1g","article_publisher":"https:\/\/www.facebook.com\/WeLoveCyclingHungary\/","article_published_time":"2019-08-24T06:00:48+00:00","og_image":[{"width":1366,"height":600,"url":"https:\/\/d2p6e6u75xmxt8.cloudfront.net\/12\/2019\/08\/Tour-de-France-2019-CVR-profimedia-0461581564.jpg","type":"image\/jpeg"}],"author":"hegyizs","twitter_card":"summary_large_image","twitter_misc":{"Written by":"Christopher Ashley","Est. reading time":"7"},"schema":{"@context":"https:\/\/schema.org","@graph":[{"@type":"WebPage","@id":"https:\/\/www.welovecycling.com\/hu\/orszaguti-kerekpar\/a-2019-es-tour-de-france-5-tanulsaga\/","url":"https:\/\/www.welovecycling.com\/hu\/orszaguti-kerekpar\/a-2019-es-tour-de-france-5-tanulsaga\/","name":"A 2019-es Tour de France 5 tanuls\u00e1ga - \u0160koda We Love Cycling - Magyarorsz\u00e1g","isPartOf":{"@id":"https:\/\/www.welovecycling.com\/hu\/#website"},"primaryImageOfPage":{"@id":"https:\/\/www.welovecycling.com\/hu\/orszaguti-kerekpar\/a-2019-es-tour-de-france-5-tanulsaga\/#primaryimage"},"image":{"@id":"https:\/\/www.welovecycling.com\/hu\/orszaguti-kerekpar\/a-2019-es-tour-de-france-5-tanulsaga\/#primaryimage"},"thumbnailUrl":"https:\/\/d2p6e6u75xmxt8.cloudfront.net\/12\/2019\/08\/Tour-de-France-2019-CVR-profimedia-0461581564.jpg","datePublished":"2019-08-24T06:00:48+00:00","author":{"@id":"https:\/\/www.welovecycling.com\/hu\/#\/schema\/person\/414a2aebf1801691a5320edb6468e194"},"breadcrumb":{"@id":"https:\/\/www.welovecycling.com\/hu\/orszaguti-kerekpar\/a-2019-es-tour-de-france-5-tanulsaga\/#breadcrumb"},"inLanguage":"hu","potentialAction":[{"@type":"ReadAction","target":["https:\/\/www.welovecycling.com\/hu\/orszaguti-kerekpar\/a-2019-es-tour-de-france-5-tanulsaga\/"]}]},{"@type":"ImageObject","inLanguage":"hu","@id":"https:\/\/www.welovecycling.com\/hu\/orszaguti-kerekpar\/a-2019-es-tour-de-france-5-tanulsaga\/#primaryimage","url":"https:\/\/d2p6e6u75xmxt8.cloudfront.net\/12\/2019\/08\/Tour-de-France-2019-CVR-profimedia-0461581564.jpg","contentUrl":"https:\/\/d2p6e6u75xmxt8.cloudfront.net\/12\/2019\/08\/Tour-de-France-2019-CVR-profimedia-0461581564.jpg","width":1366,"height":600},{"@type":"BreadcrumbList","@id":"https:\/\/www.welovecycling.com\/hu\/orszaguti-kerekpar\/a-2019-es-tour-de-france-5-tanulsaga\/#breadcrumb","itemListElement":[{"@type":"ListItem","position":1,"name":"Home","item":"https:\/\/www.welovecycling.com\/hu\/"},{"@type":"ListItem","position":2,"name":"A 2019-es Tour de France 5 tanuls\u00e1ga"}]},{"@type":"WebSite","@id":"https:\/\/www.welovecycling.com\/hu\/#website","url":"https:\/\/www.welovecycling.com\/hu\/","name":"\u0160koda We Love Cycling - Magyarorsz\u00e1g","description":"\u0160koda WeLoveCycling","potentialAction":[{"@type":"SearchAction","target":{"@type":"EntryPoint","urlTemplate":"https:\/\/www.welovecycling.com\/hu\/?s={search_term_string}"},"query-input":{"@type":"PropertyValueSpecification","valueRequired":true,"valueName":"search_term_string"}}],"inLanguage":"hu"},{"@type":"Person","@id":"https:\/\/www.welovecycling.com\/hu\/#\/schema\/person\/414a2aebf1801691a5320edb6468e194","name":"hegyizs","image":{"@type":"ImageObject","inLanguage":"hu","@id":"https:\/\/www.welovecycling.com\/hu\/#\/schema\/person\/image\/","url":"https:\/\/secure.gravatar.com\/avatar\/02cf8a7906b8cf90cecb4679defac7cfd33a1c2e3b88e4903d947f3bb58eedd3?s=96&d=mm&r=g","contentUrl":"https:\/\/secure.gravatar.com\/avatar\/02cf8a7906b8cf90cecb4679defac7cfd33a1c2e3b88e4903d947f3bb58eedd3?s=96&d=mm&r=g","caption":"hegyizs"},"url":"https:\/\/www.welovecycling.com\/hu\/author\/hegyizs\/"}]}},"_links":{"self":[{"href":"https:\/\/www.welovecycling.com\/hu\/wp-json\/wp\/v2\/posts\/4757","targetHints":{"allow":["GET"]}}],"collection":[{"href":"https:\/\/www.welovecycling.com\/hu\/wp-json\/wp\/v2\/posts"}],"about":[{"href":"https:\/\/www.welovecycling.com\/hu\/wp-json\/wp\/v2\/types\/post"}],"author":[{"embeddable":true,"href":"https:\/\/www.welovecycling.com\/hu\/wp-json\/wp\/v2\/users\/71"}],"replies":[{"embeddable":true,"href":"https:\/\/www.welovecycling.com\/hu\/wp-json\/wp\/v2\/comments?post=4757"}],"version-history":[{"count":2,"href":"https:\/\/www.welovecycling.com\/hu\/wp-json\/wp\/v2\/posts\/4757\/revisions"}],"predecessor-version":[{"id":4793,"href":"https:\/\/www.welovecycling.com\/hu\/wp-json\/wp\/v2\/posts\/4757\/revisions\/4793"}],"wp:featuredmedia":[{"embeddable":true,"href":"https:\/\/www.welovecycling.com\/hu\/wp-json\/wp\/v2\/media\/4765"}],"wp:attachment":[{"href":"https:\/\/www.welovecycling.com\/hu\/wp-json\/wp\/v2\/media?parent=4757"}],"wp:term":[{"taxonomy":"category","embeddable":true,"href":"https:\/\/www.welovecycling.com\/hu\/wp-json\/wp\/v2\/categories?post=4757"},{"taxonomy":"post_tag","embeddable":true,"href":"https:\/\/www.welovecycling.com\/hu\/wp-json\/wp\/v2\/tags?post=4757"},{"taxonomy":"global-categories","embeddable":true,"href":"https:\/\/www.welovecycling.com\/hu\/wp-json\/wp\/v2\/global-categories?post=4757"}],"curies":[{"name":"wp","href":"https:\/\/api.w.org\/{rel}","templated":true}]}}