{"id":4750,"date":"2019-08-25T08:00:30","date_gmt":"2019-08-25T07:00:30","guid":{"rendered":"https:\/\/www.welovecycling.com\/hu\/?p=4750"},"modified":"2019-08-16T15:30:45","modified_gmt":"2019-08-16T14:30:45","slug":"fel-tudjuk-venni-a-harcot-a-csalas-ellen","status":"publish","type":"post","link":"https:\/\/www.welovecycling.com\/hu\/orszaguti-kerekpar\/fel-tudjuk-venni-a-harcot-a-csalas-ellen\/","title":{"rendered":"Fel tudjuk venni a harcot a csal\u00e1s ellen?"},"content":{"rendered":"<p><strong>A ker\u00e9kp\u00e1ros vil\u00e1g sajt\u00f3ja \u00e9s &#8211; ami m\u00e9g fontosabb &#8211; a Tour rajong\u00f3i egyre ink\u00e1bb agg\u00f3dnak a csal\u00e1sok miatt. Annak ellen\u00e9re is, hogy a bring\u00e1sok mint\u00e1i soha nem l\u00e1tott ellen\u0151rz\u00e9seknek vannak kit\u00e9ve, teh\u00e1t \u00fagy l\u00e1tszik, a vegyi anyagokkal val\u00f3 doppingol\u00e1s sz\u00e1m\u00edt a sport probl\u00e9m\u00e1i k\u00f6z\u00fcl a legkisebbnek.<\/strong><!--more--><\/p>\n<h2><strong>K\u00f6ny\u00f6kl\u00e9s<\/strong><\/h2>\n<p>2017-ben Sagant kiz\u00e1rt\u00e1k a Tourr\u00f3l miut\u00e1n a versenyzs\u0171ri alkalmazta a 12.104 sz\u00e1m\u00fa cikkelyt, mivel szerint\u00fck Sagan jobb k\u00f6ny\u00f6ke &#8211; ak\u00e1r sz\u00e1nd\u00e9kosan, ak\u00e1r nem &#8211; okozta Mark Cavendish es\u00e9s\u00e9t, amely momentumot azt\u00e1n v\u00e9gtelen sz\u00e1m\u00fa szak\u00e9rt\u0151i \u00e9s egy\u00e9b elemz\u00e9s k\u00f6vetett.<\/p>\n<lite-youtube videoid=ci6P69_T4p8 params=\"enablejsapi=1\" style=\"background-image: url('https:\/\/i.ytimg.com\/vi_webp\/ci6P69_T4p8\/maxresdefault.webp');\"><\/lite-youtube>\n<p>Ami viszont ebb\u0151l a kock\u00e1r\u00f3l-kock\u00e1ra t\u00f6rt\u00e9n\u0151 elemz\u00e9sb\u0151l nem der\u00fcl ki, az az, hogy vajon Sagan tiszt\u00e1ban volt-e Cavendish helyzet\u00e9vel \u00e9s hogy a k\u00e9t versenyz\u0151t milyen kapcsolat f\u0171zte egym\u00e1shoz. Illetve az sem tiszt\u00e1zott, hogy vajon komolyan vitathat\u00f3-e, hogy a profi ker\u00e9kp\u00e1rosok sz\u00e1nd\u00e9kosan pr\u00f3b\u00e1ln\u00e1nak ki\u00fctni m\u00e1sokat a versenyb\u0151l.<\/p>\n<lite-youtube videoid=Ya5wNG2ELzg params=\"enablejsapi=1\" style=\"background-image: url('https:\/\/i.ytimg.com\/vi_webp\/Ya5wNG2ELzg\/maxresdefault.webp');\"><\/lite-youtube>\n<h2><strong>K\u00e9nyszer\u00edt\u0151<\/strong><\/h2>\n<p>A 2010-es Le Tour alatt a szakmai zs\u0171ri kiz\u00e1rta Mark Renshaw-t a versenyb\u0151l, miut\u00e1n lefejelte Julian Deant, aki k\u00e9ts\u00e9gk\u00edv\u00fcl j\u00f3 helyzetben volt, hogy vesz\u00e9lyt jelenthessen a 11. szakasz gy\u0151ztes\u00e9re, Mark Canvendish-re. Renshaw volt Cavendish felvezet\u0151 embere, teh\u00e1t legal\u00e1bb az igaz, hogy n\u00e9ha a profik gy\u0151zelem hajszol\u00e1sa \u00edgy is el tud s\u00fclni.<\/p>\n<lite-youtube videoid=xz4oc7H1hKc params=\"enablejsapi=1\" style=\"background-image: url('https:\/\/i.ytimg.com\/vi_webp\/xz4oc7H1hKc\/maxresdefault.webp');\"><\/lite-youtube>\n<p>Kicsit el\u0151re ugrunk az id\u0151ben a 2019-es Le Tourhoz, ahol a szakmai zs\u0171ri kiz\u00e1rta Luke Rowe-t \u00e9s Tony Martint. A fenti vide\u00f3b\u00f3l j\u00f3l l\u00e1tszik, hogy mi\u00e9rt d\u00f6nt\u00f6ttek \u00edgy, de ez a vide\u00f3 mindenek el\u0151tt azt mutatja be nagyon j\u00f3l, hogy a seg\u00edt\u0151k mennyire versenyellenes szellemben tudnak viselkedni \u00e9s sok rajong\u00f3 szerint ez m\u00e1r csal\u00e1snak tekinthet\u0151.<\/p>\n<h2><strong>K\u00e9mked\u00e9s az igazs\u00e1gon t\u00fali vil\u00e1gban<\/strong><\/h2>\n<p>Bryan Fogel nagyszer\u0171 dokumentumfilmje, az Icarus h\u00edvta fel a figyelmet azokra a s\u00f6t\u00e9t nemzetk\u00f6zi er\u0151kre, amelyek t\u00f6nkretett\u00e9k a ker\u00e9kp\u00e1roz\u00e1st, m\u00e1r azel\u0151tt, hogy a doppingol\u00e1ssal kapcsolatos probl\u00e9m\u00e1k megjelentek volna, amelyek m\u00e1r messze t\u00falmutatnak mag\u00e1n a sporton. A hidegh\u00e1bor\u00fas k\u00e9mked\u00e9si technik\u00e1kat haszn\u00e1lt\u00e1k a mint\u00e1kkal val\u00f3 babr\u00e1l\u00e1sra &#8211; m\u00e9g azokn\u00e1l a mint\u00e1kn\u00e1l is, amelyekr\u0151l azt hitt\u00e9k, hogy olyan k\u00f6r\u00fclm\u00e9nyek k\u00f6z\u00f6tt vannak t\u00e1rolva, hogy ez a vesz\u00e9ly nem \u00e1llhat fent.<\/p>\n<lite-youtube videoid=OkKqMhdnZRo params=\"enablejsapi=1\" style=\"background-image: url('https:\/\/i.ytimg.com\/vi_webp\/OkKqMhdnZRo\/maxresdefault.webp');\"><\/lite-youtube>\n<p>Sz\u00e1mos politikai szak\u00e9rt\u0151 szerint elj\u00f6tt az \u201eigazs\u00e1gon t\u00fali vil\u00e1g\u201d kora, \u00edgy lehets\u00e9ges, hogy a tesztel\u00e9snek nincs is akkora jelent\u0151s\u00e9ge. Mindazon\u00e1ltal, ha nem hiszel a teszteknek, akkor teljesen mindegy, hogy az eredm\u00e9ny pozit\u00edv vagy sem.<\/p>\n<h2><strong>Tudom\u00e1nyelleness\u00e9g<\/strong><\/h2>\n<p>Ha k\u00edv\u00e1ncsi vagy a TEDtalk vide\u00f3ra, amely arr\u00f3l sz\u00f3l, hogyan vezetik meg a statisztik\u00e1k a zs\u0171rit, akkor kattints <a href=\"https:\/\/www.youtube.com\/watch?v=kLmzxmRcUTo&amp;feature=youtu.be\">erre a linkre<\/a>. Itt elmagyar\u00e1zz\u00e1k, hogy milyen sokan \u00e9rtj\u00fck f\u00e9lre az alapvet\u0151 statisztikai probl\u00e9m\u00e1kat, nem besz\u00e9lve az \u00f6sszetett orvostudom\u00e1nyr\u00f3l. Ha a doppingellenes \u00fcgyn\u00f6ks\u00e9gek \u00e9s hat\u00f3s\u00e1gok garant\u00e1ltan kisz\u00farnak b\u00e1rmilyen tiltott szert egy mint\u00e1ban, akkor mi\u00e9rt vannak m\u00e9g mindig k\u00e9tes dopping \u00fcgyek?<\/p>\n<lite-youtube videoid=2Z9Z83GbQN0 params=\"enablejsapi=1\" style=\"background-image: url('https:\/\/i.ytimg.com\/vi_webp\/2Z9Z83GbQN0\/maxresdefault.webp');\"><\/lite-youtube>\n<p>\u00c9n egyet\u00e9rtek Wiggins els\u0151 \u00e1ll\u00edt\u00e1s\u00e1val a vide\u00f3 elej\u00e9n: Teljesen megrend\u00edt, hogy az \u00fagynevezett sport rajong\u00f3k, akik nem akarj\u00e1k, hogy Froome versenyezzen, l\u00e1tsz\u00f3lag nem tudj\u00e1k \u00e9rtelmezni a Nemzetk\u00f6zi Ker\u00e9kp\u00e1ros Sz\u00f6vets\u00e9g (UCI) szab\u00e1lyait. Emellett a WADA tudom\u00e1nyos \u00e1ll\u00e1sfoglal\u00e1s\u00e1ban is k\u00e9telkednek. Mindenkinek aj\u00e1nlom olvas\u00e1sra <a href=\"https:\/\/www.cyclist.co.uk\/in-depth\/3924\/into-the-detail-looking-deeper-into-the-froome-salbutamol-case\">ezt a nagyszer\u0171 cikket<\/a>, hogy a doppingellenes szak\u00e9rt\u0151k seg\u00edts\u00e9g\u00e9vel k\u00f6nnyebben meg\u00e9rts\u00e9k az UCI \u00f6sszetett szab\u00e1lyrendszer\u00e9t.<\/p>\n","protected":false},"excerpt":{"rendered":"<p>A ker\u00e9kp\u00e1ros vil\u00e1g sajt\u00f3ja \u00e9s &#8211; ami m\u00e9g fontosabb &#8211; a Tour rajong\u00f3i egyre ink\u00e1bb agg\u00f3dnak a csal\u00e1sok miatt. Annak [&hellip;]<\/p>\n","protected":false},"author":71,"featured_media":4756,"comment_status":"open","ping_status":"open","sticky":false,"template":"","format":"standard","meta":{"footnotes":""},"categories":[8],"tags":[],"global-categories":[],"class_list":["post-4750","post","type-post","status-publish","format-standard","has-post-thumbnail","hentry","category-orszaguti-kerekpar"],"yoast_head":"<!-- This site is optimized with the Yoast SEO Premium plugin v25.3 (Yoast SEO v25.9) - https:\/\/yoast.com\/wordpress\/plugins\/seo\/ -->\n<title>Fel tudjuk venni a harcot a csal\u00e1s ellen? - \u0160koda We Love Cycling - Magyarorsz\u00e1g<\/title>\n<meta name=\"robots\" content=\"index, follow, max-snippet:-1, max-image-preview:large, max-video-preview:-1\" \/>\n<link rel=\"canonical\" href=\"https:\/\/www.welovecycling.com\/hu\/orszaguti-kerekpar\/fel-tudjuk-venni-a-harcot-a-csalas-ellen\/\" \/>\n<meta property=\"og:locale\" content=\"hu_HU\" \/>\n<meta property=\"og:type\" content=\"article\" \/>\n<meta property=\"og:title\" content=\"Fel tudjuk venni a harcot a csal\u00e1s ellen?\" \/>\n<meta property=\"og:description\" content=\"A ker\u00e9kp\u00e1ros vil\u00e1g sajt\u00f3ja \u00e9s &#8211; ami m\u00e9g fontosabb &#8211; a Tour rajong\u00f3i egyre ink\u00e1bb agg\u00f3dnak a csal\u00e1sok miatt. Annak [&hellip;]\" \/>\n<meta property=\"og:url\" content=\"https:\/\/www.welovecycling.com\/hu\/orszaguti-kerekpar\/fel-tudjuk-venni-a-harcot-a-csalas-ellen\/\" \/>\n<meta property=\"og:site_name\" content=\"\u0160koda We Love Cycling - Magyarorsz\u00e1g\" \/>\n<meta property=\"article:publisher\" content=\"https:\/\/www.facebook.com\/WeLoveCyclingHungary\/\" \/>\n<meta property=\"article:published_time\" content=\"2019-08-25T07:00:30+00:00\" \/>\n<meta property=\"og:image\" content=\"https:\/\/d2p6e6u75xmxt8.cloudfront.net\/12\/2019\/08\/Peter-Sagan-Mark-Cavendish-CVR-profimedia-0340747368-1.jpg\" \/>\n\t<meta property=\"og:image:width\" content=\"1366\" \/>\n\t<meta property=\"og:image:height\" content=\"600\" \/>\n\t<meta property=\"og:image:type\" content=\"image\/jpeg\" \/>\n<meta name=\"author\" content=\"hegyizs\" \/>\n<meta name=\"twitter:card\" content=\"summary_large_image\" \/>\n<meta name=\"twitter:label1\" content=\"Written by\" \/>\n\t<meta name=\"twitter:data1\" content=\"Christopher Ashley\" \/>\n\t<meta name=\"twitter:label2\" content=\"Est. reading time\" \/>\n\t<meta name=\"twitter:data2\" content=\"7\" \/>\n<script type=\"application\/ld+json\" class=\"yoast-schema-graph\">{\"@context\":\"https:\/\/schema.org\",\"@graph\":[{\"@type\":\"WebPage\",\"@id\":\"https:\/\/www.welovecycling.com\/hu\/orszaguti-kerekpar\/fel-tudjuk-venni-a-harcot-a-csalas-ellen\/\",\"url\":\"https:\/\/www.welovecycling.com\/hu\/orszaguti-kerekpar\/fel-tudjuk-venni-a-harcot-a-csalas-ellen\/\",\"name\":\"Fel tudjuk venni a harcot a csal\u00e1s ellen? - \u0160koda We Love Cycling - Magyarorsz\u00e1g\",\"isPartOf\":{\"@id\":\"https:\/\/www.welovecycling.com\/hu\/#website\"},\"primaryImageOfPage\":{\"@id\":\"https:\/\/www.welovecycling.com\/hu\/orszaguti-kerekpar\/fel-tudjuk-venni-a-harcot-a-csalas-ellen\/#primaryimage\"},\"image\":{\"@id\":\"https:\/\/www.welovecycling.com\/hu\/orszaguti-kerekpar\/fel-tudjuk-venni-a-harcot-a-csalas-ellen\/#primaryimage\"},\"thumbnailUrl\":\"https:\/\/d2p6e6u75xmxt8.cloudfront.net\/12\/2019\/08\/Peter-Sagan-Mark-Cavendish-CVR-profimedia-0340747368-1.jpg\",\"datePublished\":\"2019-08-25T07:00:30+00:00\",\"author\":{\"@id\":\"https:\/\/www.welovecycling.com\/hu\/#\/schema\/person\/414a2aebf1801691a5320edb6468e194\"},\"breadcrumb\":{\"@id\":\"https:\/\/www.welovecycling.com\/hu\/orszaguti-kerekpar\/fel-tudjuk-venni-a-harcot-a-csalas-ellen\/#breadcrumb\"},\"inLanguage\":\"hu\",\"potentialAction\":[{\"@type\":\"ReadAction\",\"target\":[\"https:\/\/www.welovecycling.com\/hu\/orszaguti-kerekpar\/fel-tudjuk-venni-a-harcot-a-csalas-ellen\/\"]}]},{\"@type\":\"ImageObject\",\"inLanguage\":\"hu\",\"@id\":\"https:\/\/www.welovecycling.com\/hu\/orszaguti-kerekpar\/fel-tudjuk-venni-a-harcot-a-csalas-ellen\/#primaryimage\",\"url\":\"https:\/\/d2p6e6u75xmxt8.cloudfront.net\/12\/2019\/08\/Peter-Sagan-Mark-Cavendish-CVR-profimedia-0340747368-1.jpg\",\"contentUrl\":\"https:\/\/d2p6e6u75xmxt8.cloudfront.net\/12\/2019\/08\/Peter-Sagan-Mark-Cavendish-CVR-profimedia-0340747368-1.jpg\",\"width\":1366,\"height\":600},{\"@type\":\"BreadcrumbList\",\"@id\":\"https:\/\/www.welovecycling.com\/hu\/orszaguti-kerekpar\/fel-tudjuk-venni-a-harcot-a-csalas-ellen\/#breadcrumb\",\"itemListElement\":[{\"@type\":\"ListItem\",\"position\":1,\"name\":\"Home\",\"item\":\"https:\/\/www.welovecycling.com\/hu\/\"},{\"@type\":\"ListItem\",\"position\":2,\"name\":\"Fel tudjuk venni a harcot a csal\u00e1s ellen?\"}]},{\"@type\":\"WebSite\",\"@id\":\"https:\/\/www.welovecycling.com\/hu\/#website\",\"url\":\"https:\/\/www.welovecycling.com\/hu\/\",\"name\":\"\u0160koda We Love Cycling - Magyarorsz\u00e1g\",\"description\":\"\u0160koda WeLoveCycling\",\"potentialAction\":[{\"@type\":\"SearchAction\",\"target\":{\"@type\":\"EntryPoint\",\"urlTemplate\":\"https:\/\/www.welovecycling.com\/hu\/?s={search_term_string}\"},\"query-input\":{\"@type\":\"PropertyValueSpecification\",\"valueRequired\":true,\"valueName\":\"search_term_string\"}}],\"inLanguage\":\"hu\"},{\"@type\":\"Person\",\"@id\":\"https:\/\/www.welovecycling.com\/hu\/#\/schema\/person\/414a2aebf1801691a5320edb6468e194\",\"name\":\"hegyizs\",\"image\":{\"@type\":\"ImageObject\",\"inLanguage\":\"hu\",\"@id\":\"https:\/\/www.welovecycling.com\/hu\/#\/schema\/person\/image\/\",\"url\":\"https:\/\/secure.gravatar.com\/avatar\/02cf8a7906b8cf90cecb4679defac7cfd33a1c2e3b88e4903d947f3bb58eedd3?s=96&d=mm&r=g\",\"contentUrl\":\"https:\/\/secure.gravatar.com\/avatar\/02cf8a7906b8cf90cecb4679defac7cfd33a1c2e3b88e4903d947f3bb58eedd3?s=96&d=mm&r=g\",\"caption\":\"hegyizs\"},\"url\":\"https:\/\/www.welovecycling.com\/hu\/author\/hegyizs\/\"}]}<\/script>\n<!-- \/ Yoast SEO Premium plugin. -->","yoast_head_json":{"title":"Fel tudjuk venni a harcot a csal\u00e1s ellen? - \u0160koda We Love Cycling - Magyarorsz\u00e1g","robots":{"index":"index","follow":"follow","max-snippet":"max-snippet:-1","max-image-preview":"max-image-preview:large","max-video-preview":"max-video-preview:-1"},"canonical":"https:\/\/www.welovecycling.com\/hu\/orszaguti-kerekpar\/fel-tudjuk-venni-a-harcot-a-csalas-ellen\/","og_locale":"hu_HU","og_type":"article","og_title":"Fel tudjuk venni a harcot a csal\u00e1s ellen?","og_description":"A ker\u00e9kp\u00e1ros vil\u00e1g sajt\u00f3ja \u00e9s &#8211; ami m\u00e9g fontosabb &#8211; a Tour rajong\u00f3i egyre ink\u00e1bb agg\u00f3dnak a csal\u00e1sok miatt. Annak [&hellip;]","og_url":"https:\/\/www.welovecycling.com\/hu\/orszaguti-kerekpar\/fel-tudjuk-venni-a-harcot-a-csalas-ellen\/","og_site_name":"\u0160koda We Love Cycling - Magyarorsz\u00e1g","article_publisher":"https:\/\/www.facebook.com\/WeLoveCyclingHungary\/","article_published_time":"2019-08-25T07:00:30+00:00","og_image":[{"width":1366,"height":600,"url":"https:\/\/d2p6e6u75xmxt8.cloudfront.net\/12\/2019\/08\/Peter-Sagan-Mark-Cavendish-CVR-profimedia-0340747368-1.jpg","type":"image\/jpeg"}],"author":"hegyizs","twitter_card":"summary_large_image","twitter_misc":{"Written by":"Christopher Ashley","Est. reading time":"7"},"schema":{"@context":"https:\/\/schema.org","@graph":[{"@type":"WebPage","@id":"https:\/\/www.welovecycling.com\/hu\/orszaguti-kerekpar\/fel-tudjuk-venni-a-harcot-a-csalas-ellen\/","url":"https:\/\/www.welovecycling.com\/hu\/orszaguti-kerekpar\/fel-tudjuk-venni-a-harcot-a-csalas-ellen\/","name":"Fel tudjuk venni a harcot a csal\u00e1s ellen? - \u0160koda We Love Cycling - Magyarorsz\u00e1g","isPartOf":{"@id":"https:\/\/www.welovecycling.com\/hu\/#website"},"primaryImageOfPage":{"@id":"https:\/\/www.welovecycling.com\/hu\/orszaguti-kerekpar\/fel-tudjuk-venni-a-harcot-a-csalas-ellen\/#primaryimage"},"image":{"@id":"https:\/\/www.welovecycling.com\/hu\/orszaguti-kerekpar\/fel-tudjuk-venni-a-harcot-a-csalas-ellen\/#primaryimage"},"thumbnailUrl":"https:\/\/d2p6e6u75xmxt8.cloudfront.net\/12\/2019\/08\/Peter-Sagan-Mark-Cavendish-CVR-profimedia-0340747368-1.jpg","datePublished":"2019-08-25T07:00:30+00:00","author":{"@id":"https:\/\/www.welovecycling.com\/hu\/#\/schema\/person\/414a2aebf1801691a5320edb6468e194"},"breadcrumb":{"@id":"https:\/\/www.welovecycling.com\/hu\/orszaguti-kerekpar\/fel-tudjuk-venni-a-harcot-a-csalas-ellen\/#breadcrumb"},"inLanguage":"hu","potentialAction":[{"@type":"ReadAction","target":["https:\/\/www.welovecycling.com\/hu\/orszaguti-kerekpar\/fel-tudjuk-venni-a-harcot-a-csalas-ellen\/"]}]},{"@type":"ImageObject","inLanguage":"hu","@id":"https:\/\/www.welovecycling.com\/hu\/orszaguti-kerekpar\/fel-tudjuk-venni-a-harcot-a-csalas-ellen\/#primaryimage","url":"https:\/\/d2p6e6u75xmxt8.cloudfront.net\/12\/2019\/08\/Peter-Sagan-Mark-Cavendish-CVR-profimedia-0340747368-1.jpg","contentUrl":"https:\/\/d2p6e6u75xmxt8.cloudfront.net\/12\/2019\/08\/Peter-Sagan-Mark-Cavendish-CVR-profimedia-0340747368-1.jpg","width":1366,"height":600},{"@type":"BreadcrumbList","@id":"https:\/\/www.welovecycling.com\/hu\/orszaguti-kerekpar\/fel-tudjuk-venni-a-harcot-a-csalas-ellen\/#breadcrumb","itemListElement":[{"@type":"ListItem","position":1,"name":"Home","item":"https:\/\/www.welovecycling.com\/hu\/"},{"@type":"ListItem","position":2,"name":"Fel tudjuk venni a harcot a csal\u00e1s ellen?"}]},{"@type":"WebSite","@id":"https:\/\/www.welovecycling.com\/hu\/#website","url":"https:\/\/www.welovecycling.com\/hu\/","name":"\u0160koda We Love Cycling - Magyarorsz\u00e1g","description":"\u0160koda WeLoveCycling","potentialAction":[{"@type":"SearchAction","target":{"@type":"EntryPoint","urlTemplate":"https:\/\/www.welovecycling.com\/hu\/?s={search_term_string}"},"query-input":{"@type":"PropertyValueSpecification","valueRequired":true,"valueName":"search_term_string"}}],"inLanguage":"hu"},{"@type":"Person","@id":"https:\/\/www.welovecycling.com\/hu\/#\/schema\/person\/414a2aebf1801691a5320edb6468e194","name":"hegyizs","image":{"@type":"ImageObject","inLanguage":"hu","@id":"https:\/\/www.welovecycling.com\/hu\/#\/schema\/person\/image\/","url":"https:\/\/secure.gravatar.com\/avatar\/02cf8a7906b8cf90cecb4679defac7cfd33a1c2e3b88e4903d947f3bb58eedd3?s=96&d=mm&r=g","contentUrl":"https:\/\/secure.gravatar.com\/avatar\/02cf8a7906b8cf90cecb4679defac7cfd33a1c2e3b88e4903d947f3bb58eedd3?s=96&d=mm&r=g","caption":"hegyizs"},"url":"https:\/\/www.welovecycling.com\/hu\/author\/hegyizs\/"}]}},"_links":{"self":[{"href":"https:\/\/www.welovecycling.com\/hu\/wp-json\/wp\/v2\/posts\/4750","targetHints":{"allow":["GET"]}}],"collection":[{"href":"https:\/\/www.welovecycling.com\/hu\/wp-json\/wp\/v2\/posts"}],"about":[{"href":"https:\/\/www.welovecycling.com\/hu\/wp-json\/wp\/v2\/types\/post"}],"author":[{"embeddable":true,"href":"https:\/\/www.welovecycling.com\/hu\/wp-json\/wp\/v2\/users\/71"}],"replies":[{"embeddable":true,"href":"https:\/\/www.welovecycling.com\/hu\/wp-json\/wp\/v2\/comments?post=4750"}],"version-history":[{"count":2,"href":"https:\/\/www.welovecycling.com\/hu\/wp-json\/wp\/v2\/posts\/4750\/revisions"}],"predecessor-version":[{"id":4790,"href":"https:\/\/www.welovecycling.com\/hu\/wp-json\/wp\/v2\/posts\/4750\/revisions\/4790"}],"wp:featuredmedia":[{"embeddable":true,"href":"https:\/\/www.welovecycling.com\/hu\/wp-json\/wp\/v2\/media\/4756"}],"wp:attachment":[{"href":"https:\/\/www.welovecycling.com\/hu\/wp-json\/wp\/v2\/media?parent=4750"}],"wp:term":[{"taxonomy":"category","embeddable":true,"href":"https:\/\/www.welovecycling.com\/hu\/wp-json\/wp\/v2\/categories?post=4750"},{"taxonomy":"post_tag","embeddable":true,"href":"https:\/\/www.welovecycling.com\/hu\/wp-json\/wp\/v2\/tags?post=4750"},{"taxonomy":"global-categories","embeddable":true,"href":"https:\/\/www.welovecycling.com\/hu\/wp-json\/wp\/v2\/global-categories?post=4750"}],"curies":[{"name":"wp","href":"https:\/\/api.w.org\/{rel}","templated":true}]}}