{"id":4744,"date":"2019-08-20T08:00:48","date_gmt":"2019-08-20T07:00:48","guid":{"rendered":"https:\/\/www.welovecycling.com\/hu\/?p=4744"},"modified":"2019-08-16T15:23:14","modified_gmt":"2019-08-16T14:23:14","slug":"legyoztek-a-leukemiat-most-attekernek-amerikan-hogy-masok-is-legyozhessek","status":"publish","type":"post","link":"https:\/\/www.welovecycling.com\/hu\/kozosseg-es-kultura\/legyoztek-a-leukemiat-most-attekernek-amerikan-hogy-masok-is-legyozhessek\/","title":{"rendered":"Legy\u0151zt\u00e9k a leuk\u00e9mi\u00e1t, most \u00e1ttekernek Amerik\u00e1n, hogy m\u00e1sok is legy\u0151zhess\u00e9k"},"content":{"rendered":"<p><strong>Annie Lipsitz \u00e9s Bob Falkenberg\u00a0a csontvel\u0151 \u00e1t\u00fcltet\u00e9s\u00fcknek k\u00f6sz\u00f6nhet\u0151en felgy\u00f3gyultak a r\u00e1kb\u00f3l. Ez azonban nem biztos, hogy a Nemzeti Csontvel\u0151 Donor Program \u00e9s \u201eBe The Match\u201d szervezetek n\u00e9lk\u00fcl is siker\u00fclt volna. K\u00f6sz\u00f6netk\u00e9pp \u00e9rt\u00fck tekernek.<\/strong><!--more--><\/p>\n<p>2010-ben az akkor 33 \u00e9ves Annie k\u00e9t sorsd\u00f6nt\u0151 h\u00edrt kapott: leuk\u00e9mi\u00e1s \u00e9s csontvel\u0151 \u00e1t\u00fcltet\u00e9sre van sz\u00fcks\u00e9ge \u2013 de egyik testv\u00e9re sem tud neki adni.<\/p>\n<p>A csontvel\u0151 \u00e1t\u00fcltet\u00e9s sor\u00e1n a donor eg\u00e9szs\u00e9ges csontvel\u0151j\u00e9t \u00e1thelyezik a beteg v\u00e9r\u00e1ramlat\u00e1ba, hogy eg\u00e9szs\u00e9ges v\u00e9rsejteket tudjon termelni. Ez val\u00f3sz\u00edn\u0171leg a legfontosabb a v\u00e9rr\u00e1kosok ter\u00e1pi\u00e1ja sor\u00e1n. Azonban, ahhoz, hogy a beteg teste befogadja az \u00faj csontvel\u0151t, a donornak \u00e9s a betegnek speci\u00e1lis biol\u00f3giai felt\u00e9telek ment\u00e9n meg kell egyezni\u00fck.<\/p>\n<p>Ilyenkor els\u0151 l\u00e9p\u00e9sk\u00e9nt a betegek a csal\u00e1dtagjaikhoz fordulnak seg\u00edts\u00e9g\u00e9rt: azonban m\u00e9g ugyanazon a v\u00e9rvonalon is puszt\u00e1n 30% az es\u00e9ly arra, hogy donort tal\u00e1l \u2013 \u00e1ll\u00edtja a Thomas Jefferson Egyetem kutat\u00e1sa.<\/p>\n<p>Itt j\u00f6n k\u00e9pbe a Nemzetk\u00f6zi Csontvel\u0151 Donor Program, azon bel\u00fcl is a <em>\u201eBe The Match\u201d<\/em> szervezet, ami donorokat toboroz, biztos\u00edtja a kezel\u00e9s alatt \u00e1ll\u00f3k sz\u00e1m\u00e1ra azokat a kiad\u00e1sokat, amiket nem fedez az eg\u00e9szs\u00e9gbiztos\u00edt\u00e1s, \u00e9s kutat\u00e1si programokra gy\u0171jt. Lipsitz orvosa ezen a szervezeten kereszt\u00fcl tal\u00e1lt megfelel\u0151 donort Annie sz\u00e1m\u00e1ra.<\/p>\n<p>\u201e\u0150 volt az egyetlen, aki teljesen megfelelt\u201d \u2013 mes\u00e9lte Lipsitz. Ha nemet mond, \u2013 ami gyakran megt\u00f6rt\u00e9nik \u2013 m\u00e1sik megold\u00e1st kellett volna keresnem.\u201d<\/p>\n<p>De nem mondott nemet \u2013 seg\u00edtett Annie-nak 2010-ban, majd ism\u00e9t donor lett 2011-ben is.<\/p>\n<p>Bob Falkenberget 2009-ben diagnosztiz\u00e1lt\u00e1k leuk\u00e9mi\u00e1val. A jelenleg 63 \u00e9ves f\u00e9rfi szint\u00e9n a szervezetnek k\u00f6sz\u00f6nheti azt, hogy meggy\u00f3gyult. Miut\u00e1n mindketten legy\u0151zt\u00e9k a r\u00e1kot, \u00f6sszefogtak, hogy most \u0151k seg\u00edtsenek. J\u00falius 30-\u00e1n 4000 m\u00e9rf\u00f6ldnyi bicikliz\u00e9ssel a h\u00e1tuk m\u00f6g\u00f6tt sikeresen z\u00e1rhatt\u00e1k a t\u00far\u00e1t, melynek c\u00e9lja az adom\u00e1nygy\u0171jt\u00e9s \u00e9s a don\u00e1ci\u00f3 fontoss\u00e1g\u00e1ra val\u00f3 figyelemfelh\u00edv\u00e1s volt.<\/p>\n<p>A szervezeten kereszt\u00fcl don\u00e1ci\u00f3 sor\u00e1n egy donor 100 doll\u00e1ros k\u00f6lts\u00e9get jelent. Az \u00e1ltaluk alap\u00edtott, k\u00f6z\u00f6ss\u00e9gi finansz\u00edroz\u00e1s\u00fa <a href=\"http:\/\/www.bethematchfoundation.org\/site\/TR?team_id=49121&amp;fr_id=4265&amp;pg=team\">Team Lifeblood<\/a> csoport csak ebben az \u00e9vben 24.000 doll\u00e1rt gy\u0171jt\u00f6tt \u00f6ssze! \u00c9s persze folytatj\u00e1k: egyre t\u00f6bb taggal, egyre t\u00f6bb kilom\u00e9tert tekernek, hogy min\u00e9l t\u00f6bb \u00e9letet menthessenek meg.<\/p>\n<p>&nbsp;<\/p>\n<p><img loading=\"lazy\" decoding=\"async\" class=\"alignnone size-full wp-image-4745\" src=\"https:\/\/d2p6e6u75xmxt8.cloudfront.net\/12\/2019\/08\/annie-and-bob-south-dakota-1564673979.jpg\" alt=\"\" width=\"768\" height=\"512\" srcset=\"https:\/\/d2p6e6u75xmxt8.cloudfront.net\/12\/2019\/08\/annie-and-bob-south-dakota-1564673979.jpg 768w, https:\/\/d2p6e6u75xmxt8.cloudfront.net\/12\/2019\/08\/annie-and-bob-south-dakota-1564673979-300x200.jpg 300w, https:\/\/d2p6e6u75xmxt8.cloudfront.net\/12\/2019\/08\/annie-and-bob-south-dakota-1564673979-272x182.jpg 272w\" sizes=\"auto, (max-width: 768px) 100vw, 768px\" \/><\/p>\n<p>A bring\u00e1z\u00e1s mindkettej\u00fck \u00e9let\u00e9ben szerepet j\u00e1tszott fiatalabb \u00e9veik sor\u00e1n. Azonban Falkenberg m\u00e1r 1995 \u00f3ta nem edzett: amikor megkapta a diagn\u00f3zist egy bar\u00e1tj\u00e1val megfogadt\u00e1k, hogy ha fel\u00e9p\u00fcl, \u00fajra nyeregbe \u00fclnek \u00e9s az egyik leghosszabb utat, a Savannak Centuryt h\u00f3d\u00edtj\u00e1k meg. T\u00edz h\u00f3nappal k\u00e9s\u0151bb meg is tett\u00e9k.<\/p>\n<p><em>\u201e\u00c9letem legnagyobb\u00a0 kih\u00edv\u00e1sa volt ez \u2013 egy\u00e1ltal\u00e1n nem voltam edz\u00e9sben.\u201d <\/em>\u2013 mes\u00e9lte Bob.<\/p>\n<p>Lipsticz ezzel szemben biciklivel ing\u00e1zott \u00e9s h\u00e9tv\u00e9gente is tekert. A kezel\u00e9se ut\u00e1n orvosa javaslat\u00e1ra szobabiciklire \u00fclt, azonban ezt egy\u00e1ltal\u00e1n nem \u00e9lvezte. \u00cdgy h\u00e1t k\u00e9sz\u00edtett egy prezent\u00e1ci\u00f3t, amivel sikeresen meggy\u0151zte az orvost, hogy a szabadban biciklizhessen \u2013 persze betartva az el\u0151\u00edrt lass\u00fa temp\u00f3t. Az els\u0151 100 m\u00e9rf\u00f6ld ut\u00e1n egy bar\u00e1tja \u00edgy nyugtatta az anyuk\u00e1j\u00e1t: \u201e<em>Azt hiszem, ha le tud tekerni ekkora t\u00e1vot, m\u00e1r teljesen meggy\u00f3gyult!\u201d<\/em><\/p>\n<p>Innen jutottak h\u00e1t el a 4000 m\u00e9rf\u00f6ldes t\u00far\u00e1ig, 120.000 l\u00e1b szintk\u00fcl\u00f6nbs\u00e9ggel \u00e9s k\u00f6r\u00fclbel\u00fcl 76 m\u00e9rf\u00f6ldes napi \u00e1tlaggal. \u00datk\u00f6zben megl\u00e1togatt\u00e1k a \u201eBe The Match\u201d minneapolisi k\u00f6zpontj\u00e1t, egy leuk\u00e9mi\u00e1s bar\u00e1tot \u00e9s Falkensberg donorj\u00e1t. Atlant\u00e1ban pedig donorokra v\u00e1r\u00f3 betegekkel besz\u00e9lgettek.<\/p>\n<p>Falkenberg szerint az egyik legfontosabb c\u00e9l az volt, hogy rem\u00e9nyt adjanak ezeknek a betegeknek: Ha t\u00fallesznek ezen az eg\u00e9szen, \u00fajra \u00e9lvezhetik az \u00e9letet.<\/p>\n<p><img loading=\"lazy\" decoding=\"async\" class=\"alignnone size-full wp-image-4748\" src=\"https:\/\/d2p6e6u75xmxt8.cloudfront.net\/12\/2019\/08\/wlc_190816.jpg\" alt=\"\" width=\"600\" height=\"463\" srcset=\"https:\/\/d2p6e6u75xmxt8.cloudfront.net\/12\/2019\/08\/wlc_190816.jpg 600w, https:\/\/d2p6e6u75xmxt8.cloudfront.net\/12\/2019\/08\/wlc_190816-300x232.jpg 300w\" sizes=\"auto, (max-width: 600px) 100vw, 600px\" \/><\/p>\n<p>A sikeres kezel\u00e9shez azonban donor kell \u2013 \u00e9s ezt nem k\u00f6nny\u0171 tal\u00e1lni. Szint\u00e9n c\u00e9lul t\u0171zt\u00e9k ki maguk el\u00e9, hogy felh\u00edvj\u00e1k a figyelmet arra, hogy sz\u00fcks\u00e9g van r\u00e1juk, kiemelve azokat az etnikumokat akik kifejezetten alulreprezent\u00e1ltak a donorok k\u00f6z\u00f6tt: egy afrikai betegnek p\u00e9ld\u00e1ul mind\u00f6ssze 23% es\u00e9lye van arra, hogy megfelel\u0151 donort tal\u00e1ljon, egy \u00e1tlagos eur\u00f3pain\u00e1l ez a sz\u00e1m 77%. Ez\u00e9rt \u00f6szt\u00f6n\u00f6znek mindenkit, aki megteheti, hogy jelentkezzen donornak!<\/p>\n<p><img loading=\"lazy\" decoding=\"async\" class=\"alignnone size-full wp-image-4746\" src=\"https:\/\/d2p6e6u75xmxt8.cloudfront.net\/12\/2019\/08\/annie-and-bob-finish-1564673469.jpg\" alt=\"\" width=\"960\" height=\"718\" srcset=\"https:\/\/d2p6e6u75xmxt8.cloudfront.net\/12\/2019\/08\/annie-and-bob-finish-1564673469.jpg 960w, https:\/\/d2p6e6u75xmxt8.cloudfront.net\/12\/2019\/08\/annie-and-bob-finish-1564673469-300x224.jpg 300w, https:\/\/d2p6e6u75xmxt8.cloudfront.net\/12\/2019\/08\/annie-and-bob-finish-1564673469-768x574.jpg 768w\" sizes=\"auto, (max-width: 960px) 100vw, 960px\" \/><\/p>\n<p>Maga a transzplant\u00e1ci\u00f3 k\u00f6zel sem annyira f\u00e1jdalmas, mint ahogy az elterjedt r\u00f3la. Ugyan sok\u00e1ig tart a m\u0171t\u00e9t, k\u00f6r\u00fclbel\u00fcl 8 \u00f3r\u00e1n \u00e1t, de \u00e1ltal\u00e1ban szinte f\u00e1jdalommentes. F\u00e9l nap l\u00e1badoz\u00e1si id\u0151 \u00e9s m\u00e1r mehetsz is a dolgodra. Neked f\u00e9l nap, neki pedig az \u00e9lete.<\/p>\n","protected":false},"excerpt":{"rendered":"<p>Annie Lipsitz \u00e9s Bob Falkenberg\u00a0a csontvel\u0151 \u00e1t\u00fcltet\u00e9s\u00fcknek k\u00f6sz\u00f6nhet\u0151en felgy\u00f3gyultak a r\u00e1kb\u00f3l. Ez azonban nem biztos, hogy a Nemzeti Csontvel\u0151 Donor [&hellip;]<\/p>\n","protected":false},"author":71,"featured_media":4747,"comment_status":"open","ping_status":"open","sticky":false,"template":"","format":"standard","meta":{"footnotes":""},"categories":[12],"tags":[],"global-categories":[],"class_list":["post-4744","post","type-post","status-publish","format-standard","has-post-thumbnail","hentry","category-kozosseg-es-kultura"],"yoast_head":"<!-- This site is optimized with the Yoast SEO Premium plugin v25.3 (Yoast SEO v25.9) - https:\/\/yoast.com\/wordpress\/plugins\/seo\/ -->\n<title>Legy\u0151zt\u00e9k a leuk\u00e9mi\u00e1t, most \u00e1ttekernek Amerik\u00e1n, hogy m\u00e1sok is legy\u0151zhess\u00e9k - \u0160koda We Love Cycling - Magyarorsz\u00e1g<\/title>\n<meta name=\"robots\" content=\"index, follow, max-snippet:-1, max-image-preview:large, max-video-preview:-1\" \/>\n<link rel=\"canonical\" href=\"https:\/\/www.welovecycling.com\/hu\/kozosseg-es-kultura\/legyoztek-a-leukemiat-most-attekernek-amerikan-hogy-masok-is-legyozhessek\/\" \/>\n<meta property=\"og:locale\" content=\"hu_HU\" \/>\n<meta property=\"og:type\" content=\"article\" \/>\n<meta property=\"og:title\" content=\"Legy\u0151zt\u00e9k a leuk\u00e9mi\u00e1t, most \u00e1ttekernek Amerik\u00e1n, hogy m\u00e1sok is legy\u0151zhess\u00e9k\" \/>\n<meta property=\"og:description\" content=\"Annie Lipsitz \u00e9s Bob Falkenberg\u00a0a csontvel\u0151 \u00e1t\u00fcltet\u00e9s\u00fcknek k\u00f6sz\u00f6nhet\u0151en felgy\u00f3gyultak a r\u00e1kb\u00f3l. Ez azonban nem biztos, hogy a Nemzeti Csontvel\u0151 Donor [&hellip;]\" \/>\n<meta property=\"og:url\" content=\"https:\/\/www.welovecycling.com\/hu\/kozosseg-es-kultura\/legyoztek-a-leukemiat-most-attekernek-amerikan-hogy-masok-is-legyozhessek\/\" \/>\n<meta property=\"og:site_name\" content=\"\u0160koda We Love Cycling - Magyarorsz\u00e1g\" \/>\n<meta property=\"article:publisher\" content=\"https:\/\/www.facebook.com\/WeLoveCyclingHungary\/\" \/>\n<meta property=\"article:published_time\" content=\"2019-08-20T07:00:48+00:00\" \/>\n<meta property=\"og:image\" content=\"https:\/\/d2p6e6u75xmxt8.cloudfront.net\/12\/2019\/08\/annie-and-bob-rogers-pass-1564672306.jpg\" \/>\n\t<meta property=\"og:image:width\" content=\"1728\" \/>\n\t<meta property=\"og:image:height\" content=\"1152\" \/>\n\t<meta property=\"og:image:type\" content=\"image\/jpeg\" \/>\n<meta name=\"author\" content=\"hegyizs\" \/>\n<meta name=\"twitter:card\" content=\"summary_large_image\" \/>\n<meta name=\"twitter:label1\" content=\"Written by\" \/>\n\t<meta name=\"twitter:data1\" content=\"WLC\" \/>\n\t<meta name=\"twitter:label2\" content=\"Est. reading time\" \/>\n\t<meta name=\"twitter:data2\" content=\"4 minutes\" \/>\n<script type=\"application\/ld+json\" class=\"yoast-schema-graph\">{\"@context\":\"https:\/\/schema.org\",\"@graph\":[{\"@type\":\"WebPage\",\"@id\":\"https:\/\/www.welovecycling.com\/hu\/kozosseg-es-kultura\/legyoztek-a-leukemiat-most-attekernek-amerikan-hogy-masok-is-legyozhessek\/\",\"url\":\"https:\/\/www.welovecycling.com\/hu\/kozosseg-es-kultura\/legyoztek-a-leukemiat-most-attekernek-amerikan-hogy-masok-is-legyozhessek\/\",\"name\":\"Legy\u0151zt\u00e9k a leuk\u00e9mi\u00e1t, most \u00e1ttekernek Amerik\u00e1n, hogy m\u00e1sok is legy\u0151zhess\u00e9k - \u0160koda We Love Cycling - Magyarorsz\u00e1g\",\"isPartOf\":{\"@id\":\"https:\/\/www.welovecycling.com\/hu\/#website\"},\"primaryImageOfPage\":{\"@id\":\"https:\/\/www.welovecycling.com\/hu\/kozosseg-es-kultura\/legyoztek-a-leukemiat-most-attekernek-amerikan-hogy-masok-is-legyozhessek\/#primaryimage\"},\"image\":{\"@id\":\"https:\/\/www.welovecycling.com\/hu\/kozosseg-es-kultura\/legyoztek-a-leukemiat-most-attekernek-amerikan-hogy-masok-is-legyozhessek\/#primaryimage\"},\"thumbnailUrl\":\"https:\/\/d2p6e6u75xmxt8.cloudfront.net\/12\/2019\/08\/annie-and-bob-rogers-pass-1564672306.jpg\",\"datePublished\":\"2019-08-20T07:00:48+00:00\",\"author\":{\"@id\":\"https:\/\/www.welovecycling.com\/hu\/#\/schema\/person\/414a2aebf1801691a5320edb6468e194\"},\"breadcrumb\":{\"@id\":\"https:\/\/www.welovecycling.com\/hu\/kozosseg-es-kultura\/legyoztek-a-leukemiat-most-attekernek-amerikan-hogy-masok-is-legyozhessek\/#breadcrumb\"},\"inLanguage\":\"hu\",\"potentialAction\":[{\"@type\":\"ReadAction\",\"target\":[\"https:\/\/www.welovecycling.com\/hu\/kozosseg-es-kultura\/legyoztek-a-leukemiat-most-attekernek-amerikan-hogy-masok-is-legyozhessek\/\"]}]},{\"@type\":\"ImageObject\",\"inLanguage\":\"hu\",\"@id\":\"https:\/\/www.welovecycling.com\/hu\/kozosseg-es-kultura\/legyoztek-a-leukemiat-most-attekernek-amerikan-hogy-masok-is-legyozhessek\/#primaryimage\",\"url\":\"https:\/\/d2p6e6u75xmxt8.cloudfront.net\/12\/2019\/08\/annie-and-bob-rogers-pass-1564672306.jpg\",\"contentUrl\":\"https:\/\/d2p6e6u75xmxt8.cloudfront.net\/12\/2019\/08\/annie-and-bob-rogers-pass-1564672306.jpg\",\"width\":1728,\"height\":1152},{\"@type\":\"BreadcrumbList\",\"@id\":\"https:\/\/www.welovecycling.com\/hu\/kozosseg-es-kultura\/legyoztek-a-leukemiat-most-attekernek-amerikan-hogy-masok-is-legyozhessek\/#breadcrumb\",\"itemListElement\":[{\"@type\":\"ListItem\",\"position\":1,\"name\":\"Home\",\"item\":\"https:\/\/www.welovecycling.com\/hu\/\"},{\"@type\":\"ListItem\",\"position\":2,\"name\":\"Legy\u0151zt\u00e9k a leuk\u00e9mi\u00e1t, most \u00e1ttekernek Amerik\u00e1n, hogy m\u00e1sok is legy\u0151zhess\u00e9k\"}]},{\"@type\":\"WebSite\",\"@id\":\"https:\/\/www.welovecycling.com\/hu\/#website\",\"url\":\"https:\/\/www.welovecycling.com\/hu\/\",\"name\":\"\u0160koda We Love Cycling - Magyarorsz\u00e1g\",\"description\":\"\u0160koda WeLoveCycling\",\"potentialAction\":[{\"@type\":\"SearchAction\",\"target\":{\"@type\":\"EntryPoint\",\"urlTemplate\":\"https:\/\/www.welovecycling.com\/hu\/?s={search_term_string}\"},\"query-input\":{\"@type\":\"PropertyValueSpecification\",\"valueRequired\":true,\"valueName\":\"search_term_string\"}}],\"inLanguage\":\"hu\"},{\"@type\":\"Person\",\"@id\":\"https:\/\/www.welovecycling.com\/hu\/#\/schema\/person\/414a2aebf1801691a5320edb6468e194\",\"name\":\"hegyizs\",\"image\":{\"@type\":\"ImageObject\",\"inLanguage\":\"hu\",\"@id\":\"https:\/\/www.welovecycling.com\/hu\/#\/schema\/person\/image\/\",\"url\":\"https:\/\/secure.gravatar.com\/avatar\/02cf8a7906b8cf90cecb4679defac7cfd33a1c2e3b88e4903d947f3bb58eedd3?s=96&d=mm&r=g\",\"contentUrl\":\"https:\/\/secure.gravatar.com\/avatar\/02cf8a7906b8cf90cecb4679defac7cfd33a1c2e3b88e4903d947f3bb58eedd3?s=96&d=mm&r=g\",\"caption\":\"hegyizs\"},\"url\":\"https:\/\/www.welovecycling.com\/hu\/author\/hegyizs\/\"}]}<\/script>\n<!-- \/ Yoast SEO Premium plugin. -->","yoast_head_json":{"title":"Legy\u0151zt\u00e9k a leuk\u00e9mi\u00e1t, most \u00e1ttekernek Amerik\u00e1n, hogy m\u00e1sok is legy\u0151zhess\u00e9k - \u0160koda We Love Cycling - Magyarorsz\u00e1g","robots":{"index":"index","follow":"follow","max-snippet":"max-snippet:-1","max-image-preview":"max-image-preview:large","max-video-preview":"max-video-preview:-1"},"canonical":"https:\/\/www.welovecycling.com\/hu\/kozosseg-es-kultura\/legyoztek-a-leukemiat-most-attekernek-amerikan-hogy-masok-is-legyozhessek\/","og_locale":"hu_HU","og_type":"article","og_title":"Legy\u0151zt\u00e9k a leuk\u00e9mi\u00e1t, most \u00e1ttekernek Amerik\u00e1n, hogy m\u00e1sok is legy\u0151zhess\u00e9k","og_description":"Annie Lipsitz \u00e9s Bob Falkenberg\u00a0a csontvel\u0151 \u00e1t\u00fcltet\u00e9s\u00fcknek k\u00f6sz\u00f6nhet\u0151en felgy\u00f3gyultak a r\u00e1kb\u00f3l. Ez azonban nem biztos, hogy a Nemzeti Csontvel\u0151 Donor [&hellip;]","og_url":"https:\/\/www.welovecycling.com\/hu\/kozosseg-es-kultura\/legyoztek-a-leukemiat-most-attekernek-amerikan-hogy-masok-is-legyozhessek\/","og_site_name":"\u0160koda We Love Cycling - Magyarorsz\u00e1g","article_publisher":"https:\/\/www.facebook.com\/WeLoveCyclingHungary\/","article_published_time":"2019-08-20T07:00:48+00:00","og_image":[{"width":1728,"height":1152,"url":"https:\/\/d2p6e6u75xmxt8.cloudfront.net\/12\/2019\/08\/annie-and-bob-rogers-pass-1564672306.jpg","type":"image\/jpeg"}],"author":"hegyizs","twitter_card":"summary_large_image","twitter_misc":{"Written by":"WLC","Est. reading time":"4 minutes"},"schema":{"@context":"https:\/\/schema.org","@graph":[{"@type":"WebPage","@id":"https:\/\/www.welovecycling.com\/hu\/kozosseg-es-kultura\/legyoztek-a-leukemiat-most-attekernek-amerikan-hogy-masok-is-legyozhessek\/","url":"https:\/\/www.welovecycling.com\/hu\/kozosseg-es-kultura\/legyoztek-a-leukemiat-most-attekernek-amerikan-hogy-masok-is-legyozhessek\/","name":"Legy\u0151zt\u00e9k a leuk\u00e9mi\u00e1t, most \u00e1ttekernek Amerik\u00e1n, hogy m\u00e1sok is legy\u0151zhess\u00e9k - \u0160koda We Love Cycling - Magyarorsz\u00e1g","isPartOf":{"@id":"https:\/\/www.welovecycling.com\/hu\/#website"},"primaryImageOfPage":{"@id":"https:\/\/www.welovecycling.com\/hu\/kozosseg-es-kultura\/legyoztek-a-leukemiat-most-attekernek-amerikan-hogy-masok-is-legyozhessek\/#primaryimage"},"image":{"@id":"https:\/\/www.welovecycling.com\/hu\/kozosseg-es-kultura\/legyoztek-a-leukemiat-most-attekernek-amerikan-hogy-masok-is-legyozhessek\/#primaryimage"},"thumbnailUrl":"https:\/\/d2p6e6u75xmxt8.cloudfront.net\/12\/2019\/08\/annie-and-bob-rogers-pass-1564672306.jpg","datePublished":"2019-08-20T07:00:48+00:00","author":{"@id":"https:\/\/www.welovecycling.com\/hu\/#\/schema\/person\/414a2aebf1801691a5320edb6468e194"},"breadcrumb":{"@id":"https:\/\/www.welovecycling.com\/hu\/kozosseg-es-kultura\/legyoztek-a-leukemiat-most-attekernek-amerikan-hogy-masok-is-legyozhessek\/#breadcrumb"},"inLanguage":"hu","potentialAction":[{"@type":"ReadAction","target":["https:\/\/www.welovecycling.com\/hu\/kozosseg-es-kultura\/legyoztek-a-leukemiat-most-attekernek-amerikan-hogy-masok-is-legyozhessek\/"]}]},{"@type":"ImageObject","inLanguage":"hu","@id":"https:\/\/www.welovecycling.com\/hu\/kozosseg-es-kultura\/legyoztek-a-leukemiat-most-attekernek-amerikan-hogy-masok-is-legyozhessek\/#primaryimage","url":"https:\/\/d2p6e6u75xmxt8.cloudfront.net\/12\/2019\/08\/annie-and-bob-rogers-pass-1564672306.jpg","contentUrl":"https:\/\/d2p6e6u75xmxt8.cloudfront.net\/12\/2019\/08\/annie-and-bob-rogers-pass-1564672306.jpg","width":1728,"height":1152},{"@type":"BreadcrumbList","@id":"https:\/\/www.welovecycling.com\/hu\/kozosseg-es-kultura\/legyoztek-a-leukemiat-most-attekernek-amerikan-hogy-masok-is-legyozhessek\/#breadcrumb","itemListElement":[{"@type":"ListItem","position":1,"name":"Home","item":"https:\/\/www.welovecycling.com\/hu\/"},{"@type":"ListItem","position":2,"name":"Legy\u0151zt\u00e9k a leuk\u00e9mi\u00e1t, most \u00e1ttekernek Amerik\u00e1n, hogy m\u00e1sok is legy\u0151zhess\u00e9k"}]},{"@type":"WebSite","@id":"https:\/\/www.welovecycling.com\/hu\/#website","url":"https:\/\/www.welovecycling.com\/hu\/","name":"\u0160koda We Love Cycling - Magyarorsz\u00e1g","description":"\u0160koda WeLoveCycling","potentialAction":[{"@type":"SearchAction","target":{"@type":"EntryPoint","urlTemplate":"https:\/\/www.welovecycling.com\/hu\/?s={search_term_string}"},"query-input":{"@type":"PropertyValueSpecification","valueRequired":true,"valueName":"search_term_string"}}],"inLanguage":"hu"},{"@type":"Person","@id":"https:\/\/www.welovecycling.com\/hu\/#\/schema\/person\/414a2aebf1801691a5320edb6468e194","name":"hegyizs","image":{"@type":"ImageObject","inLanguage":"hu","@id":"https:\/\/www.welovecycling.com\/hu\/#\/schema\/person\/image\/","url":"https:\/\/secure.gravatar.com\/avatar\/02cf8a7906b8cf90cecb4679defac7cfd33a1c2e3b88e4903d947f3bb58eedd3?s=96&d=mm&r=g","contentUrl":"https:\/\/secure.gravatar.com\/avatar\/02cf8a7906b8cf90cecb4679defac7cfd33a1c2e3b88e4903d947f3bb58eedd3?s=96&d=mm&r=g","caption":"hegyizs"},"url":"https:\/\/www.welovecycling.com\/hu\/author\/hegyizs\/"}]}},"_links":{"self":[{"href":"https:\/\/www.welovecycling.com\/hu\/wp-json\/wp\/v2\/posts\/4744","targetHints":{"allow":["GET"]}}],"collection":[{"href":"https:\/\/www.welovecycling.com\/hu\/wp-json\/wp\/v2\/posts"}],"about":[{"href":"https:\/\/www.welovecycling.com\/hu\/wp-json\/wp\/v2\/types\/post"}],"author":[{"embeddable":true,"href":"https:\/\/www.welovecycling.com\/hu\/wp-json\/wp\/v2\/users\/71"}],"replies":[{"embeddable":true,"href":"https:\/\/www.welovecycling.com\/hu\/wp-json\/wp\/v2\/comments?post=4744"}],"version-history":[{"count":1,"href":"https:\/\/www.welovecycling.com\/hu\/wp-json\/wp\/v2\/posts\/4744\/revisions"}],"predecessor-version":[{"id":4749,"href":"https:\/\/www.welovecycling.com\/hu\/wp-json\/wp\/v2\/posts\/4744\/revisions\/4749"}],"wp:featuredmedia":[{"embeddable":true,"href":"https:\/\/www.welovecycling.com\/hu\/wp-json\/wp\/v2\/media\/4747"}],"wp:attachment":[{"href":"https:\/\/www.welovecycling.com\/hu\/wp-json\/wp\/v2\/media?parent=4744"}],"wp:term":[{"taxonomy":"category","embeddable":true,"href":"https:\/\/www.welovecycling.com\/hu\/wp-json\/wp\/v2\/categories?post=4744"},{"taxonomy":"post_tag","embeddable":true,"href":"https:\/\/www.welovecycling.com\/hu\/wp-json\/wp\/v2\/tags?post=4744"},{"taxonomy":"global-categories","embeddable":true,"href":"https:\/\/www.welovecycling.com\/hu\/wp-json\/wp\/v2\/global-categories?post=4744"}],"curies":[{"name":"wp","href":"https:\/\/api.w.org\/{rel}","templated":true}]}}