{"id":4736,"date":"2019-08-18T08:00:42","date_gmt":"2019-08-18T07:00:42","guid":{"rendered":"https:\/\/www.welovecycling.com\/hu\/?p=4736"},"modified":"2019-08-22T10:08:57","modified_gmt":"2019-08-22T09:08:57","slug":"a-tokeletes-osveny-letezik","status":"publish","type":"post","link":"https:\/\/www.welovecycling.com\/hu\/edzes-es-eletmod\/a-tokeletes-osveny-letezik\/","title":{"rendered":"A t\u00f6k\u00e9letes \u00f6sv\u00e9ny l\u00e9tezik?"},"content":{"rendered":"<p><strong>A bring\u00e1z\u00e1s legjobb r\u00e9sze a gurul\u00e1s. Viszont gurulni csak lefel\u00e9 lehet, ami mag\u00e1val hozza, hogy felfel\u00e9 is kell tekerni. Ez lehet egy unalmas m\u00e1sz\u00e1s egy hosszan tekerg\u0151 aszfalt\u00faton, vagy valami erdei sirat\u00f3fal is, alapvet\u0151en mindegy, ritk\u00e1n kellemes. Viszont ha a megfelel\u0151 kih\u00edv\u00e1s \u00e9s a sz\u00e9p t\u00e1j tal\u00e1lkozik, egyb\u0151l kev\u00e9sb\u00e9 f\u00e1j a m\u00f3kusker\u00e9k. <\/strong><!--more--><\/p>\n<p>Sokadszor j\u00e1rok a <a href=\"https:\/\/www.wexltrails.at\/\" target=\"_blank\" rel=\"noopener\">Wexl Trailen<\/a>, de m\u00e9g mindig meg tudok d\u00f6bbenni a profizmuson, amivel megcsin\u00e1lt\u00e1k. Ez egy <em>trail park, <\/em>azaz egy olyan j\u00f3l behat\u00e1rolhat\u00f3 ter\u00fclet az erd\u0151ben, ahol a ker\u00e9kp\u00e1roz\u00e1s nem csak leg\u00e1lis, de er\u0151sen t\u00e1mogatott tev\u00e9kenys\u00e9g is. St. Korona am Wechsel id\u00e9n m\u00e1sodik \u00e9ve fogadja a bring\u00e1sokat, 2017 nyara \u00f3ta enged\u00e9lyezett a bicikliz\u00e9s. Nem csak \u0151k, de a k\u00f6rny\u00e9kbeli gazd\u00e1k, \u00e1llattart\u00f3k is \u00f6r\u00fcltek a meg\u00e1llapod\u00e1snak, hiszen \u00edgy a bring\u00e1sok behat\u00e1rolt vonalakon mozoghatnak, nem zavarj\u00e1k a gazd\u00e1lkod\u00e1st.<\/p>\n<figure id=\"attachment_4738\" aria-describedby=\"caption-attachment-4738\" style=\"width: 1200px\" class=\"wp-caption alignnone\"><img loading=\"lazy\" decoding=\"async\" class=\"wp-image-4738 size-full\" src=\"https:\/\/d2p6e6u75xmxt8.cloudfront.net\/12\/2019\/08\/wlc_tol_02.jpg\" alt=\"\" width=\"1200\" height=\"770\" srcset=\"https:\/\/d2p6e6u75xmxt8.cloudfront.net\/12\/2019\/08\/wlc_tol_02.jpg 1200w, https:\/\/d2p6e6u75xmxt8.cloudfront.net\/12\/2019\/08\/wlc_tol_02-300x193.jpg 300w, https:\/\/d2p6e6u75xmxt8.cloudfront.net\/12\/2019\/08\/wlc_tol_02-768x493.jpg 768w, https:\/\/d2p6e6u75xmxt8.cloudfront.net\/12\/2019\/08\/wlc_tol_02-1024x657.jpg 1024w\" sizes=\"auto, (max-width: 1200px) 100vw, 1200px\" \/><figcaption id=\"caption-attachment-4738\" class=\"wp-caption-text\">\u00a9Wexl Trails, St. Corona am Wechsel<\/figcaption><\/figure>\n<p>Wexl, mint a legt\u00f6bb trail park igyekszik a bring\u00e1sok lehet\u0151 legsz\u00e9lesebb k\u00f6r\u00e9t kiszolg\u00e1lni, \u00e9rezze j\u00f3l mag\u00e1t a gyerek, akinek \u00e9pp csak leszerelt\u00e9k a t\u00e1maszt\u00f3kerek\u00e9t, de tal\u00e1ljon kih\u00edv\u00e1st egy profi atl\u00e9ta is. Akad itt <em>flow trail, <\/em>ahol a lend\u00fclet meg\u0151rz\u00e9se, \u00e9s a bringa min\u00e9l szebb v\u00e9gigfolyat\u00e1sa a c\u00e9l, de van <em>single trail<\/em> \u00e9s k\u00f6vekkel, gy\u00f6kerekkel \u00e9s ugrat\u00f3kkal rendesen megsz\u00f3rt egynyomos p\u00e1lya is. Akinek ahhoz van kedve, a p\u00e1ly\u00e1k startj\u00e1ig egy direkt erre a c\u00e9lra \u00e9p\u00edtett \u00f6sv\u00e9nyen tekerhet fel, ezt \u00fagy jel\u00f6lt\u00e9k ki, hogy sz\u00f3rakoztat\u00f3 legyen a felfel\u00e9 vezet\u0151 \u00fat is.<\/p>\n<figure id=\"attachment_4739\" aria-describedby=\"caption-attachment-4739\" style=\"width: 1200px\" class=\"wp-caption alignnone\"><img loading=\"lazy\" decoding=\"async\" class=\"wp-image-4739 size-full\" src=\"https:\/\/d2p6e6u75xmxt8.cloudfront.net\/12\/2019\/08\/wlc_tol_03.jpg\" alt=\"\" width=\"1200\" height=\"800\" srcset=\"https:\/\/d2p6e6u75xmxt8.cloudfront.net\/12\/2019\/08\/wlc_tol_03.jpg 1200w, https:\/\/d2p6e6u75xmxt8.cloudfront.net\/12\/2019\/08\/wlc_tol_03-300x200.jpg 300w, https:\/\/d2p6e6u75xmxt8.cloudfront.net\/12\/2019\/08\/wlc_tol_03-768x512.jpg 768w, https:\/\/d2p6e6u75xmxt8.cloudfront.net\/12\/2019\/08\/wlc_tol_03-1024x683.jpg 1024w, https:\/\/d2p6e6u75xmxt8.cloudfront.net\/12\/2019\/08\/wlc_tol_03-272x182.jpg 272w\" sizes=\"auto, (max-width: 1200px) 100vw, 1200px\" \/><figcaption id=\"caption-attachment-4739\" class=\"wp-caption-text\">\u00a9Wexl Trails, St. Corona am Wechsel<\/figcaption><\/figure>\n<p>Term\u00e9szetesen minden egy\u00e9rtelm\u0171en kit\u00e1bl\u00e1zott, helyenk\u00e9nt kihelyezett szervizpontokkal, ahol szersz\u00e1mok sz\u00e9les v\u00e1laszt\u00e9ka \u00e9rhet\u0151 el. Itt \u00e9rezni, hogy sem p\u00e9nzt, sem id\u0151t nem sp\u00f3roltak az \u00e9p\u00edt\u00e9sn\u00e9l, t\u00e9nyleg az volt a c\u00e9l, hogy a bring\u00e1s ne is akarjon m\u00e1sfel\u00e9 tekerni, mint a kijel\u00f6lt \u00f6sv\u00e9nyek. Van felsz\u00e1ll\u00edt\u00e1s is, ez a flow \u00e9s a single trail elej\u00e9re visz fel, de az igazi \u00e9lm\u00e9ny val\u00f3j\u00e1ban itt kezd\u0151dik, m\u00e1r ha az embernek van ind\u00edttat\u00e1sa tov\u00e1bb tekerni.<\/p>\n<p>A Hochwechsel 1743 m\u00e9ter magas, ide j\u00f3l kit\u00e1bl\u00e1zott 13 kilom\u00e9ternyi \u00f6sv\u00e9ny visz fel, a felsz\u00e1ll\u00edt\u00e1s fels\u0151 \u00e1llom\u00e1s\u00e1t\u00f3l b\u0151 700 m\u00e9ternyi szinttel. A <em>Panor\u00e1ma \u00fat<\/em> t\u00f6bbnyire erd\u00e9szeti nyomokon megy, m\u00e9gsem unalmas, mert a t\u00e1j fantasztikus. Az alpesi hangulatnak csak al\u00e1festenek a l\u00e9pten-nyomon el\u00e9nk s\u00e9t\u00e1l\u00f3 tehenek, v\u00e9gtelen mez\u0151k \u00e9s fenyvesek v\u00e1ltj\u00e1k egym\u00e1st, viszont az \u00e9lvezetes halad\u00e1shoz nem \u00e1rt az \u00e1tlagn\u00e1l jobb kond\u00edci\u00f3val rendelkezni.<\/p>\n<figure id=\"attachment_4740\" aria-describedby=\"caption-attachment-4740\" style=\"width: 1200px\" class=\"wp-caption alignnone\"><img loading=\"lazy\" decoding=\"async\" class=\"wp-image-4740 size-full\" src=\"https:\/\/d2p6e6u75xmxt8.cloudfront.net\/12\/2019\/08\/wlc_tol_04.jpg\" alt=\"\" width=\"1200\" height=\"800\" srcset=\"https:\/\/d2p6e6u75xmxt8.cloudfront.net\/12\/2019\/08\/wlc_tol_04.jpg 1200w, https:\/\/d2p6e6u75xmxt8.cloudfront.net\/12\/2019\/08\/wlc_tol_04-300x200.jpg 300w, https:\/\/d2p6e6u75xmxt8.cloudfront.net\/12\/2019\/08\/wlc_tol_04-768x512.jpg 768w, https:\/\/d2p6e6u75xmxt8.cloudfront.net\/12\/2019\/08\/wlc_tol_04-1024x683.jpg 1024w, https:\/\/d2p6e6u75xmxt8.cloudfront.net\/12\/2019\/08\/wlc_tol_04-272x182.jpg 272w\" sizes=\"auto, (max-width: 1200px) 100vw, 1200px\" \/><figcaption id=\"caption-attachment-4740\" class=\"wp-caption-text\">\u00a9Wexl Trails, St. Corona am Wechsel<\/figcaption><\/figure>\n<p>A cs\u00facsig k\u00e9t h\u00fctt\u00e9ben is f\u00e9lre lehet \u00e1llni k\u00e1v\u00e9ra, s\u00f6rre, vagy s\u00fctire, m\u00e9g ezekkel a meg\u00e1ll\u00f3kkal is le lehet nyomni a t\u00e1vot h\u00e1rom \u00f3ra alatt. A m\u00e1sz\u00e1s akkor v\u00e1lik igaz\u00e1n \u00e9rdekess\u00e9, amikor az \u00e9p\u00edtett m\u00e1sz\u00f3\u00f6sv\u00e9nyhez \u00e9r\u00fcnk, hiszen ez egy technik\u00e1s \u00f6sv\u00e9ny, ami hi\u00e1ba emelkedik, a kanyarok kialak\u00edt\u00e1sa \u00e9s a nyomvonal miatt nem szenved\u00e9s, hanem kih\u00edv\u00e1s haladni rajta. \u00c9rdemes viszont ruh\u00e1val k\u00e9sz\u00fclni, mi kellemes 21-22 fokban indultunk a bej\u00e1ratt\u00f3l, fent viszont 10 fok, ork\u00e1n erej\u0171 sz\u00e9l, \u00e9s es\u0151 v\u00e1rt. Az utols\u00f3 kilom\u00e9tereken r\u00e1ad\u00e1sul m\u00e1r erd\u0151 sincs, amely valamelyest v\u00e9dene az elemekt\u0151l, ezt le kellett nyelni.<\/p>\n<p>Viszont, ha az ember egyszer fel\u00e9r, nagyj\u00e1b\u00f3l a t\u00f6k\u00e9letes bring\u00e1s \u00e9lm\u00e9nyben van r\u00e9sze: a kil\u00e1t\u00e1s epikus, v\u00e1r a mened\u00e9kh\u00e1z, \u00e9s persze t\u00f6bb \u00f6sv\u00e9nyen lehet legurulni. Mi a <em>Wu trail<\/em>-t v\u00e1lasztottuk, amin\u00e9l jobban szerintem m\u00e9g sosem mentem. Ez egy 2,7 kilom\u00e9teres, 350 m\u00e9tert es\u0151 \u00f6sv\u00e9ny. Ha mindenk\u00e9ppen be k\u00e9ne sorolni, flow trailnek mondan\u00e1m, hiszen a lend\u00fclet meg\u0151rz\u00e9se \u00e9s a temp\u00f3s halad\u00e1s a c\u00e9l, viszont nem d\u00f6ng\u00f6lt a talaj, hanem tele van szikl\u00e1kkal, alkalmank\u00e9nt hatalmas gy\u00f6kerekkel. Ahogy a helyenk\u00e9nt szinte downhilles lejt\u0151 tal\u00e1lkozik a bar\u00e1ts\u00e1gos vonalvezet\u00e9ssel, olyan \u00f6nfeledt \u00e9lm\u00e9nyt ad, mint semmi. R\u00e1ad\u00e1sul eg\u00e9szen \u00e9rdekes megold\u00e1sokat is \u00f6sszehoztak az \u00e9p\u00edt\u0151k: vannak ugrat\u00f3k, melyeknek az eldob\u00f3 \u00e9s \u00e9rkez\u0151 \u00edve is egy-egy lapos szikla, de d\u00f6nt\u00f6tt kanyart is raktak ki k\u00f6vekb\u0151l.<\/p>\n<lite-youtube videoid=zTT08SkykUU params=\"enablejsapi=1\" style=\"background-image: url('https:\/\/i.ytimg.com\/vi_webp\/zTT08SkykUU\/maxresdefault.webp');\"><\/lite-youtube>\n<p>Viszont itt m\u00e1r nem \u00e1rt, ha az ember nem \u00e9let\u00e9ben el\u0151sz\u00f6r \u00fcl bring\u00e1n, a temp\u00f3 \u00e9s a technik\u00e1s szakaszok minket is megvicceltek p\u00e1rszor. Ennek ellen\u00e9re m\u00e9gis az eddigi \u00e9v bring\u00e1s \u00e9lm\u00e9nye volt a Wu, csak a helyenk\u00e9nt a p\u00e1ly\u00e1ra s\u00e9t\u00e1l\u00f3 tehenekkel \u00e9s az ipari mennyis\u00e9g\u0171 teh\u00e9ntr\u00e1gy\u00e1val kell vigy\u00e1zni.<\/p>\n<figure id=\"attachment_4741\" aria-describedby=\"caption-attachment-4741\" style=\"width: 1200px\" class=\"wp-caption alignnone\"><img loading=\"lazy\" decoding=\"async\" class=\"wp-image-4741 size-full\" src=\"https:\/\/d2p6e6u75xmxt8.cloudfront.net\/12\/2019\/08\/wlc_tol_05.jpg\" alt=\"\" width=\"1200\" height=\"899\" srcset=\"https:\/\/d2p6e6u75xmxt8.cloudfront.net\/12\/2019\/08\/wlc_tol_05.jpg 1200w, https:\/\/d2p6e6u75xmxt8.cloudfront.net\/12\/2019\/08\/wlc_tol_05-300x225.jpg 300w, https:\/\/d2p6e6u75xmxt8.cloudfront.net\/12\/2019\/08\/wlc_tol_05-768x575.jpg 768w, https:\/\/d2p6e6u75xmxt8.cloudfront.net\/12\/2019\/08\/wlc_tol_05-1024x767.jpg 1024w\" sizes=\"auto, (max-width: 1200px) 100vw, 1200px\" \/><figcaption id=\"caption-attachment-4741\" class=\"wp-caption-text\">\u00a9Wexl Trails, St. Corona am Wechsel<\/figcaption><\/figure>\n<p>Ha valaki nekiv\u00e1gna a Panor\u00e1ma \u00faton a Hocwechselnek, nyugodtan sz\u00e1moljon r\u00e1 egy teljes d\u00e9lut\u00e1nt. Ugyan mind\u00f6ssze negyven perc alatt le lehet \u00e9rni, de mi elt\u00e9vedt\u00fcnk, rossz v\u00f6lgybe \u00e9rkezt\u00fcnk, \u00edgy az eleve h\u00faz\u00f3s napra r\u00e1dobtunk m\u00e9g 400 m\u00e9ternyi visszam\u00e1sz\u00e1st. Feln\u0151tteknek 9 eur\u00f3 a napi jegy a p\u00e1lyahaszn\u00e1lathoz, ha az aut\u00f3s felsz\u00e1ll\u00edt\u00e1st is ig\u00e9nybe venn\u00e9nk, hat k\u00f6rt 37,5 eur\u00f3\u00e9rt m\u00e9rnek. \u00c9s am\u00edg a csal\u00e1d bring\u00e1sabb fele teker, addig a t\u00f6bbieknek ott a Motorik park, a zseni\u00e1lisan kreat\u00edv j\u00e1tsz\u00f3t\u00e9r a kicsiknek, illetve a t\u00f6bbf\u00e9le edz\u0151p\u00e1lya, a bringa n\u00e9lk\u00fcl \u00e9rkez\u0151k pedig b\u00e9relhetnek kedv\u00fckre hagyom\u00e1nyos, vagy r\u00e1seg\u00edt\u0151s bring\u00e1kat. A Wexl mind\u00f6ssze h\u00e1rom \u00f3ra Budapestt\u0151l, \u00edgy mindenk\u00e9pp meg\u00e9r egy napot, unni senki sem fogja.<\/p>\n","protected":false},"excerpt":{"rendered":"<p>A bring\u00e1z\u00e1s legjobb r\u00e9sze a gurul\u00e1s. Viszont gurulni csak lefel\u00e9 lehet, ami mag\u00e1val hozza, hogy felfel\u00e9 is kell tekerni. Ez [&hellip;]<\/p>\n","protected":false},"author":71,"featured_media":4737,"comment_status":"open","ping_status":"open","sticky":false,"template":"","format":"standard","meta":{"footnotes":""},"categories":[6],"tags":[],"global-categories":[],"class_list":["post-4736","post","type-post","status-publish","format-standard","has-post-thumbnail","hentry","category-edzes-es-eletmod"],"yoast_head":"<!-- This site is optimized with the Yoast SEO Premium plugin v25.3 (Yoast SEO v25.9) - https:\/\/yoast.com\/wordpress\/plugins\/seo\/ -->\n<title>A t\u00f6k\u00e9letes \u00f6sv\u00e9ny l\u00e9tezik? - \u0160koda We Love Cycling - Magyarorsz\u00e1g<\/title>\n<meta name=\"robots\" content=\"index, follow, max-snippet:-1, max-image-preview:large, max-video-preview:-1\" \/>\n<link rel=\"canonical\" href=\"https:\/\/www.welovecycling.com\/hu\/edzes-es-eletmod\/a-tokeletes-osveny-letezik\/\" \/>\n<meta property=\"og:locale\" content=\"hu_HU\" \/>\n<meta property=\"og:type\" content=\"article\" \/>\n<meta property=\"og:title\" content=\"A t\u00f6k\u00e9letes \u00f6sv\u00e9ny l\u00e9tezik?\" \/>\n<meta property=\"og:description\" content=\"A bring\u00e1z\u00e1s legjobb r\u00e9sze a gurul\u00e1s. Viszont gurulni csak lefel\u00e9 lehet, ami mag\u00e1val hozza, hogy felfel\u00e9 is kell tekerni. Ez [&hellip;]\" \/>\n<meta property=\"og:url\" content=\"https:\/\/www.welovecycling.com\/hu\/edzes-es-eletmod\/a-tokeletes-osveny-letezik\/\" \/>\n<meta property=\"og:site_name\" content=\"\u0160koda We Love Cycling - Magyarorsz\u00e1g\" \/>\n<meta property=\"article:publisher\" content=\"https:\/\/www.facebook.com\/WeLoveCyclingHungary\/\" \/>\n<meta property=\"article:published_time\" content=\"2019-08-18T07:00:42+00:00\" \/>\n<meta property=\"article:modified_time\" content=\"2019-08-22T09:08:57+00:00\" \/>\n<meta property=\"og:image\" content=\"https:\/\/d2p6e6u75xmxt8.cloudfront.net\/12\/2019\/08\/wlc_tol_01.jpg\" \/>\n\t<meta property=\"og:image:width\" content=\"1200\" \/>\n\t<meta property=\"og:image:height\" content=\"799\" \/>\n\t<meta property=\"og:image:type\" content=\"image\/jpeg\" \/>\n<meta name=\"author\" content=\"hegyizs\" \/>\n<meta name=\"twitter:card\" content=\"summary_large_image\" \/>\n<meta name=\"twitter:label1\" content=\"Written by\" \/>\n\t<meta name=\"twitter:data1\" content=\"WLC\" \/>\n\t<meta name=\"twitter:label2\" content=\"Est. reading time\" \/>\n\t<meta name=\"twitter:data2\" content=\"6 minutes\" \/>\n<script type=\"application\/ld+json\" class=\"yoast-schema-graph\">{\"@context\":\"https:\/\/schema.org\",\"@graph\":[{\"@type\":\"WebPage\",\"@id\":\"https:\/\/www.welovecycling.com\/hu\/edzes-es-eletmod\/a-tokeletes-osveny-letezik\/\",\"url\":\"https:\/\/www.welovecycling.com\/hu\/edzes-es-eletmod\/a-tokeletes-osveny-letezik\/\",\"name\":\"A t\u00f6k\u00e9letes \u00f6sv\u00e9ny l\u00e9tezik? - \u0160koda We Love Cycling - Magyarorsz\u00e1g\",\"isPartOf\":{\"@id\":\"https:\/\/www.welovecycling.com\/hu\/#website\"},\"primaryImageOfPage\":{\"@id\":\"https:\/\/www.welovecycling.com\/hu\/edzes-es-eletmod\/a-tokeletes-osveny-letezik\/#primaryimage\"},\"image\":{\"@id\":\"https:\/\/www.welovecycling.com\/hu\/edzes-es-eletmod\/a-tokeletes-osveny-letezik\/#primaryimage\"},\"thumbnailUrl\":\"https:\/\/d2p6e6u75xmxt8.cloudfront.net\/12\/2019\/08\/wlc_tol_01.jpg\",\"datePublished\":\"2019-08-18T07:00:42+00:00\",\"dateModified\":\"2019-08-22T09:08:57+00:00\",\"author\":{\"@id\":\"https:\/\/www.welovecycling.com\/hu\/#\/schema\/person\/414a2aebf1801691a5320edb6468e194\"},\"breadcrumb\":{\"@id\":\"https:\/\/www.welovecycling.com\/hu\/edzes-es-eletmod\/a-tokeletes-osveny-letezik\/#breadcrumb\"},\"inLanguage\":\"hu\",\"potentialAction\":[{\"@type\":\"ReadAction\",\"target\":[\"https:\/\/www.welovecycling.com\/hu\/edzes-es-eletmod\/a-tokeletes-osveny-letezik\/\"]}]},{\"@type\":\"ImageObject\",\"inLanguage\":\"hu\",\"@id\":\"https:\/\/www.welovecycling.com\/hu\/edzes-es-eletmod\/a-tokeletes-osveny-letezik\/#primaryimage\",\"url\":\"https:\/\/d2p6e6u75xmxt8.cloudfront.net\/12\/2019\/08\/wlc_tol_01.jpg\",\"contentUrl\":\"https:\/\/d2p6e6u75xmxt8.cloudfront.net\/12\/2019\/08\/wlc_tol_01.jpg\",\"width\":1200,\"height\":799},{\"@type\":\"BreadcrumbList\",\"@id\":\"https:\/\/www.welovecycling.com\/hu\/edzes-es-eletmod\/a-tokeletes-osveny-letezik\/#breadcrumb\",\"itemListElement\":[{\"@type\":\"ListItem\",\"position\":1,\"name\":\"Home\",\"item\":\"https:\/\/www.welovecycling.com\/hu\/\"},{\"@type\":\"ListItem\",\"position\":2,\"name\":\"A t\u00f6k\u00e9letes \u00f6sv\u00e9ny l\u00e9tezik?\"}]},{\"@type\":\"WebSite\",\"@id\":\"https:\/\/www.welovecycling.com\/hu\/#website\",\"url\":\"https:\/\/www.welovecycling.com\/hu\/\",\"name\":\"\u0160koda We Love Cycling - Magyarorsz\u00e1g\",\"description\":\"\u0160koda WeLoveCycling\",\"potentialAction\":[{\"@type\":\"SearchAction\",\"target\":{\"@type\":\"EntryPoint\",\"urlTemplate\":\"https:\/\/www.welovecycling.com\/hu\/?s={search_term_string}\"},\"query-input\":{\"@type\":\"PropertyValueSpecification\",\"valueRequired\":true,\"valueName\":\"search_term_string\"}}],\"inLanguage\":\"hu\"},{\"@type\":\"Person\",\"@id\":\"https:\/\/www.welovecycling.com\/hu\/#\/schema\/person\/414a2aebf1801691a5320edb6468e194\",\"name\":\"hegyizs\",\"image\":{\"@type\":\"ImageObject\",\"inLanguage\":\"hu\",\"@id\":\"https:\/\/www.welovecycling.com\/hu\/#\/schema\/person\/image\/\",\"url\":\"https:\/\/secure.gravatar.com\/avatar\/02cf8a7906b8cf90cecb4679defac7cfd33a1c2e3b88e4903d947f3bb58eedd3?s=96&d=mm&r=g\",\"contentUrl\":\"https:\/\/secure.gravatar.com\/avatar\/02cf8a7906b8cf90cecb4679defac7cfd33a1c2e3b88e4903d947f3bb58eedd3?s=96&d=mm&r=g\",\"caption\":\"hegyizs\"},\"url\":\"https:\/\/www.welovecycling.com\/hu\/author\/hegyizs\/\"}]}<\/script>\n<!-- \/ Yoast SEO Premium plugin. -->","yoast_head_json":{"title":"A t\u00f6k\u00e9letes \u00f6sv\u00e9ny l\u00e9tezik? - \u0160koda We Love Cycling - Magyarorsz\u00e1g","robots":{"index":"index","follow":"follow","max-snippet":"max-snippet:-1","max-image-preview":"max-image-preview:large","max-video-preview":"max-video-preview:-1"},"canonical":"https:\/\/www.welovecycling.com\/hu\/edzes-es-eletmod\/a-tokeletes-osveny-letezik\/","og_locale":"hu_HU","og_type":"article","og_title":"A t\u00f6k\u00e9letes \u00f6sv\u00e9ny l\u00e9tezik?","og_description":"A bring\u00e1z\u00e1s legjobb r\u00e9sze a gurul\u00e1s. Viszont gurulni csak lefel\u00e9 lehet, ami mag\u00e1val hozza, hogy felfel\u00e9 is kell tekerni. Ez [&hellip;]","og_url":"https:\/\/www.welovecycling.com\/hu\/edzes-es-eletmod\/a-tokeletes-osveny-letezik\/","og_site_name":"\u0160koda We Love Cycling - Magyarorsz\u00e1g","article_publisher":"https:\/\/www.facebook.com\/WeLoveCyclingHungary\/","article_published_time":"2019-08-18T07:00:42+00:00","article_modified_time":"2019-08-22T09:08:57+00:00","og_image":[{"width":1200,"height":799,"url":"https:\/\/d2p6e6u75xmxt8.cloudfront.net\/12\/2019\/08\/wlc_tol_01.jpg","type":"image\/jpeg"}],"author":"hegyizs","twitter_card":"summary_large_image","twitter_misc":{"Written by":"WLC","Est. reading time":"6 minutes"},"schema":{"@context":"https:\/\/schema.org","@graph":[{"@type":"WebPage","@id":"https:\/\/www.welovecycling.com\/hu\/edzes-es-eletmod\/a-tokeletes-osveny-letezik\/","url":"https:\/\/www.welovecycling.com\/hu\/edzes-es-eletmod\/a-tokeletes-osveny-letezik\/","name":"A t\u00f6k\u00e9letes \u00f6sv\u00e9ny l\u00e9tezik? - \u0160koda We Love Cycling - Magyarorsz\u00e1g","isPartOf":{"@id":"https:\/\/www.welovecycling.com\/hu\/#website"},"primaryImageOfPage":{"@id":"https:\/\/www.welovecycling.com\/hu\/edzes-es-eletmod\/a-tokeletes-osveny-letezik\/#primaryimage"},"image":{"@id":"https:\/\/www.welovecycling.com\/hu\/edzes-es-eletmod\/a-tokeletes-osveny-letezik\/#primaryimage"},"thumbnailUrl":"https:\/\/d2p6e6u75xmxt8.cloudfront.net\/12\/2019\/08\/wlc_tol_01.jpg","datePublished":"2019-08-18T07:00:42+00:00","dateModified":"2019-08-22T09:08:57+00:00","author":{"@id":"https:\/\/www.welovecycling.com\/hu\/#\/schema\/person\/414a2aebf1801691a5320edb6468e194"},"breadcrumb":{"@id":"https:\/\/www.welovecycling.com\/hu\/edzes-es-eletmod\/a-tokeletes-osveny-letezik\/#breadcrumb"},"inLanguage":"hu","potentialAction":[{"@type":"ReadAction","target":["https:\/\/www.welovecycling.com\/hu\/edzes-es-eletmod\/a-tokeletes-osveny-letezik\/"]}]},{"@type":"ImageObject","inLanguage":"hu","@id":"https:\/\/www.welovecycling.com\/hu\/edzes-es-eletmod\/a-tokeletes-osveny-letezik\/#primaryimage","url":"https:\/\/d2p6e6u75xmxt8.cloudfront.net\/12\/2019\/08\/wlc_tol_01.jpg","contentUrl":"https:\/\/d2p6e6u75xmxt8.cloudfront.net\/12\/2019\/08\/wlc_tol_01.jpg","width":1200,"height":799},{"@type":"BreadcrumbList","@id":"https:\/\/www.welovecycling.com\/hu\/edzes-es-eletmod\/a-tokeletes-osveny-letezik\/#breadcrumb","itemListElement":[{"@type":"ListItem","position":1,"name":"Home","item":"https:\/\/www.welovecycling.com\/hu\/"},{"@type":"ListItem","position":2,"name":"A t\u00f6k\u00e9letes \u00f6sv\u00e9ny l\u00e9tezik?"}]},{"@type":"WebSite","@id":"https:\/\/www.welovecycling.com\/hu\/#website","url":"https:\/\/www.welovecycling.com\/hu\/","name":"\u0160koda We Love Cycling - Magyarorsz\u00e1g","description":"\u0160koda WeLoveCycling","potentialAction":[{"@type":"SearchAction","target":{"@type":"EntryPoint","urlTemplate":"https:\/\/www.welovecycling.com\/hu\/?s={search_term_string}"},"query-input":{"@type":"PropertyValueSpecification","valueRequired":true,"valueName":"search_term_string"}}],"inLanguage":"hu"},{"@type":"Person","@id":"https:\/\/www.welovecycling.com\/hu\/#\/schema\/person\/414a2aebf1801691a5320edb6468e194","name":"hegyizs","image":{"@type":"ImageObject","inLanguage":"hu","@id":"https:\/\/www.welovecycling.com\/hu\/#\/schema\/person\/image\/","url":"https:\/\/secure.gravatar.com\/avatar\/02cf8a7906b8cf90cecb4679defac7cfd33a1c2e3b88e4903d947f3bb58eedd3?s=96&d=mm&r=g","contentUrl":"https:\/\/secure.gravatar.com\/avatar\/02cf8a7906b8cf90cecb4679defac7cfd33a1c2e3b88e4903d947f3bb58eedd3?s=96&d=mm&r=g","caption":"hegyizs"},"url":"https:\/\/www.welovecycling.com\/hu\/author\/hegyizs\/"}]}},"_links":{"self":[{"href":"https:\/\/www.welovecycling.com\/hu\/wp-json\/wp\/v2\/posts\/4736","targetHints":{"allow":["GET"]}}],"collection":[{"href":"https:\/\/www.welovecycling.com\/hu\/wp-json\/wp\/v2\/posts"}],"about":[{"href":"https:\/\/www.welovecycling.com\/hu\/wp-json\/wp\/v2\/types\/post"}],"author":[{"embeddable":true,"href":"https:\/\/www.welovecycling.com\/hu\/wp-json\/wp\/v2\/users\/71"}],"replies":[{"embeddable":true,"href":"https:\/\/www.welovecycling.com\/hu\/wp-json\/wp\/v2\/comments?post=4736"}],"version-history":[{"count":2,"href":"https:\/\/www.welovecycling.com\/hu\/wp-json\/wp\/v2\/posts\/4736\/revisions"}],"predecessor-version":[{"id":4815,"href":"https:\/\/www.welovecycling.com\/hu\/wp-json\/wp\/v2\/posts\/4736\/revisions\/4815"}],"wp:featuredmedia":[{"embeddable":true,"href":"https:\/\/www.welovecycling.com\/hu\/wp-json\/wp\/v2\/media\/4737"}],"wp:attachment":[{"href":"https:\/\/www.welovecycling.com\/hu\/wp-json\/wp\/v2\/media?parent=4736"}],"wp:term":[{"taxonomy":"category","embeddable":true,"href":"https:\/\/www.welovecycling.com\/hu\/wp-json\/wp\/v2\/categories?post=4736"},{"taxonomy":"post_tag","embeddable":true,"href":"https:\/\/www.welovecycling.com\/hu\/wp-json\/wp\/v2\/tags?post=4736"},{"taxonomy":"global-categories","embeddable":true,"href":"https:\/\/www.welovecycling.com\/hu\/wp-json\/wp\/v2\/global-categories?post=4736"}],"curies":[{"name":"wp","href":"https:\/\/api.w.org\/{rel}","templated":true}]}}