{"id":4716,"date":"2019-08-14T09:00:50","date_gmt":"2019-08-14T08:00:50","guid":{"rendered":"https:\/\/www.welovecycling.com\/hu\/?p=4716"},"modified":"2019-08-12T11:44:23","modified_gmt":"2019-08-12T10:44:23","slug":"mennyi-az-uj-bringad-valodi-varhato-elettartama","status":"publish","type":"post","link":"https:\/\/www.welovecycling.com\/hu\/blog\/mennyi-az-uj-bringad-valodi-varhato-elettartama\/","title":{"rendered":"Mennyi az \u00faj bring\u00e1d val\u00f3di v\u00e1rhat\u00f3 \u00e9lettartama?"},"content":{"rendered":"<p><strong>Nem \u00e9rdekel, mennyibe ker\u00fcl a bicikli \u2013 csak azt akarom tudni, meddig b\u00edrja majd.<\/strong><!--more--><\/p>\n<h2><strong>Futott kilom\u00e9terek<\/strong><\/h2>\n<p>Ne \u00e9vekben m\u00e9rve \u00e9rtsd az id\u0151tartamot. Ak\u00e1rcsak egy aut\u00f3 eset\u00e9ben, a ker\u00e9kp\u00e1r is a haszn\u00e1latban l\u00e9v\u0151 r\u00e9szek ig\u00e9nybev\u00e9tel\u00e9t\u0151l fog elhaszn\u00e1l\u00f3dni. Ha megfelel\u0151en van t\u00e1rolva, b\u00e1rmelyik bringa kib\u00edr p\u00e1r \u00e9vtizedet is, de vidd el egy menetre \u00e9s egyb\u0151l elkezdenek amortiz\u00e1l\u00f3dni a mozg\u00e1sban l\u00e9v\u0151 r\u00e9szei.<\/p>\n<lite-youtube videoid=g5uqTNmikro params=\"enablejsapi=1\" style=\"background-image: url('https:\/\/i.ytimg.com\/vi_webp\/g5uqTNmikro\/maxresdefault.webp');\"><\/lite-youtube>\n<p>Egy j\u00f3 \u00e1llapotban l\u00e9v\u0151 aut\u00f3 k\u00f6nnyed\u00e9n elmegy t\u00f6bb mint 150 000 kilom\u00e9tert \u00e9s ugyanez igaz a biciklidre is. Viszont ak\u00e1rcsak az aut\u00f3dn\u00e1l, a bring\u00e1dn\u00e1l is fel kell k\u00e9sz\u00fcln\u00f6d r\u00e1, hogy t\u00f6bb mindent le kell majd cser\u00e9lni vagy meg kell jav\u00edtani a p\u00e1lyafut\u00e1sa sor\u00e1n.<\/p>\n<h2><strong>Alkatr\u00e9szek rozsd\u00e1sod\u00e1sa<\/strong><\/h2>\n<p>Tegy\u00fck fel, hogy k\u00f6r\u00fclbel\u00fcl 150 kilom\u00e9tert tekersz egy h\u00e9ten, \u00edgy a f\u00e9kbet\u00e9teket p\u00e1r havonta rendszeresen cser\u00e9lned kell. Ha hegyvid\u00e9ken laksz, m\u00e9g gyakrabban. Viszont ha sov\u00e1ny vagy, akkor nem kell majd olyan gyakran cser\u00e9lned \u0151ket, mint azoknak, akik t\u00fals\u00falyosabbak.<\/p>\n<p>Val\u00f3sz\u00edn\u0171leg a l\u00e1ncodat is p\u00e1r havonta le kell majd cser\u00e9lned, de ez att\u00f3l is f\u00fcgg, hogy jellemz\u0151en s\u00f3sabb utakon j\u00e1rsz vagy \u00e1sv\u00e1nyokkal kirakott \u00f6sv\u00e9nyeken tekersz \u2013 mindkett\u0151n sokkal hamarabb elhaszn\u00e1l\u00f3dik a l\u00e1nc, a kazett\u00e1k \u00e9s az els\u0151 csillagkerekek. SickBiker bemutatja, mire kell odafigyelni a legdurv\u00e1bb k\u00f6r\u00fclm\u00e9nyek k\u00f6z\u00f6tt:<\/p>\n<lite-youtube videoid=0c63GKNMaE8 params=\"enablejsapi=1\" style=\"background-image: url('https:\/\/i.ytimg.com\/vi_webp\/0c63GKNMaE8\/maxresdefault.webp');\"><\/lite-youtube>\n<h2><strong>Legyen t\u00f6bb biciklid<\/strong><\/h2>\n<p>Ha ker\u00e9kp\u00e1rral j\u00e1rsz dolgozni, praktikus okokb\u00f3l egyszer\u0171en nem tudsz egy \u00e1tfog\u00f3 takar\u00edt\u00e1st megejteni minden egyes teker\u00e9s ut\u00e1n. A megold\u00e1s erre egy \u201ees\u0151bringa\u201d. Tavasszal vagy ny\u00e1ron, amikor egy szem felh\u0151 sincs az \u00e9gen, ir\u00e1ny egy j\u00f3 kis teker\u00e9s az irod\u00e1ba a full karbon versenybring\u00e1don.<\/p>\n<p>Semmi sem fogja jobban megk\u00edm\u00e9lni az \u00faj bring\u00e1dat, mint az, hogy ha a r\u00e9git haszn\u00e1lod t\u00e9len, vagy amikor esik. Az \u201ees\u0151bring\u00e1d\u201d legyen egy olcs\u00f3bb darab, amit nem f\u00e9ltesz elkoptatni. Ne felejtsd el, hogy egy olcs\u00f3bb l\u00e1ncot ak\u00e1r h\u00e1romszor annyiszor lehet cser\u00e9lni, mint egy dr\u00e1g\u00e1t!<\/p>\n<h2><strong>Versenyz\u00e9s \u00e9s kock\u00e1zat<\/strong><\/h2>\n<p>A bring\u00e1d bizonyosan hosszabb \u00e9let\u0171 lesz, ha nem v\u00e1llalsz semmilyen kock\u00e1zatot. Karbonsz\u00e1las bicajjal versenyezni a ny\u00edlt \u00faton igencsak megn\u00f6veli a m\u00e1s j\u00e1rm\u0171vekkel val\u00f3 \u00fctk\u00f6z\u00e9s kock\u00e1zat\u00e1t. \u00c1m m\u00e9gis, a harminc \u00e9vem alatt, amit leh\u00faztam a bar\u00e1ts\u00e1gtalannak b\u00e9lyegzett angliai utakon, sosem \u00fctk\u00f6ztem vagy ker\u00fcltem \u00f6sszet\u0171z\u00e9sbe egyetlen aut\u00f3ssal sem.<\/p>\n<lite-youtube videoid=vu9IN8X0JOU params=\"enablejsapi=1\" style=\"background-image: url('https:\/\/i.ytimg.com\/vi_webp\/vu9IN8X0JOU\/maxresdefault.webp');\"><\/lite-youtube>\n<p>Ha nem akarod kock\u00e1ztatni, hogy t\u00f6nkrev\u00e1god a teljes felf\u00fcggeszt\u00e9ses downhill MTB v\u00e1zadat, akkor sose menj vele nehezebb lejt\u0151s utakon! \u00c9s pont ez a l\u00e9nyeg; a bring\u00e1d \u00e9lettartama nagyban f\u00fcgg att\u00f3l, hogy milyen kock\u00e1zatokat v\u00e1llalsz be a megv\u00e9tel\u00e9vel.<\/p>\n<h2><strong>Az ac\u00e9l tov\u00e1bb b\u00edrja, mint a karbonsz\u00e1las?<\/strong><\/h2>\n<p>A rendelkez\u00e9sre \u00e1ll\u00f3 bizony\u00edt\u00e9kok alapj\u00e1n, igen. Onnan tudjuk ezt, hogy nem ismer\u00fcnk egyetlen karbonsz\u00e1las biciklit sem, amely a hetvenes \u00e9vekb\u0151l maradt volna fent, \u00e1m m\u00e9g mindig tal\u00e1lkozunk sz\u00e1mtalan elad\u00e1sra k\u00edn\u00e1lt, klasszikus ac\u00e9lv\u00e1zas bring\u00e1val\u2026 Persze ez csak a vicc r\u00e9sze a dolognak, viszont \u00e9rthet\u0151, hogy mi\u00e9rt \u00f3dzkodnak az emberek a karbonsz\u00e1last\u00f3l, ismerve a gy\u00e1rt\u00f3k \u00e1ll\u00e1spontj\u00e1t a karbantart\u00e1s\u00e1r\u00f3l.<\/p>\n<p>Az igazs\u00e1g az, hogy b\u00e1rmilyen v\u00e1z kitart, ha megfelel\u0151en gondoskodnak r\u00f3la. A val\u00f3s\u00e1gban a k\u00eds\u00e9rt\u00e9s, hogy \u00faj biciklit vegy\u00e9l az, ami meghosszabb\u00edtja a bring\u00e1d \u00e9lettartam\u00e1t, hiszen \u00edgy k\u00edm\u00e9led meg a haszn\u00e1latt\u00f3l.<\/p>\n","protected":false},"excerpt":{"rendered":"<p>Nem \u00e9rdekel, mennyibe ker\u00fcl a bicikli \u2013 csak azt akarom tudni, meddig b\u00edrja majd.<\/p>\n","protected":false},"author":71,"featured_media":4720,"comment_status":"open","ping_status":"open","sticky":false,"template":"","format":"standard","meta":{"footnotes":""},"categories":[13],"tags":[],"global-categories":[],"class_list":["post-4716","post","type-post","status-publish","format-standard","has-post-thumbnail","hentry","category-blog"],"yoast_head":"<!-- This site is optimized with the Yoast SEO Premium plugin v25.3 (Yoast SEO v25.9) - https:\/\/yoast.com\/wordpress\/plugins\/seo\/ -->\n<title>Mennyi az \u00faj bring\u00e1d val\u00f3di v\u00e1rhat\u00f3 \u00e9lettartama? - \u0160koda We Love Cycling - Magyarorsz\u00e1g<\/title>\n<meta name=\"robots\" content=\"index, follow, max-snippet:-1, max-image-preview:large, max-video-preview:-1\" \/>\n<link rel=\"canonical\" href=\"https:\/\/www.welovecycling.com\/hu\/blog\/mennyi-az-uj-bringad-valodi-varhato-elettartama\/\" \/>\n<meta property=\"og:locale\" content=\"hu_HU\" \/>\n<meta property=\"og:type\" content=\"article\" \/>\n<meta property=\"og:title\" content=\"Mennyi az \u00faj bring\u00e1d val\u00f3di v\u00e1rhat\u00f3 \u00e9lettartama?\" \/>\n<meta property=\"og:description\" content=\"Nem \u00e9rdekel, mennyibe ker\u00fcl a bicikli \u2013 csak azt akarom tudni, meddig b\u00edrja majd.\" \/>\n<meta property=\"og:url\" content=\"https:\/\/www.welovecycling.com\/hu\/blog\/mennyi-az-uj-bringad-valodi-varhato-elettartama\/\" \/>\n<meta property=\"og:site_name\" content=\"\u0160koda We Love Cycling - Magyarorsz\u00e1g\" \/>\n<meta property=\"article:publisher\" content=\"https:\/\/www.facebook.com\/WeLoveCyclingHungary\/\" \/>\n<meta property=\"article:published_time\" content=\"2019-08-14T08:00:50+00:00\" \/>\n<meta property=\"og:image\" content=\"https:\/\/d2p6e6u75xmxt8.cloudfront.net\/12\/2019\/08\/lolacvr.jpg\" \/>\n\t<meta property=\"og:image:width\" content=\"1366\" \/>\n\t<meta property=\"og:image:height\" content=\"600\" \/>\n\t<meta property=\"og:image:type\" content=\"image\/jpeg\" \/>\n<meta name=\"author\" content=\"hegyizs\" \/>\n<meta name=\"twitter:card\" content=\"summary_large_image\" \/>\n<meta name=\"twitter:label1\" content=\"Written by\" \/>\n\t<meta name=\"twitter:data1\" content=\"Christopher Ashley\" \/>\n\t<meta name=\"twitter:label2\" content=\"Est. reading time\" \/>\n\t<meta name=\"twitter:data2\" content=\"6\" \/>\n<script type=\"application\/ld+json\" class=\"yoast-schema-graph\">{\"@context\":\"https:\/\/schema.org\",\"@graph\":[{\"@type\":\"WebPage\",\"@id\":\"https:\/\/www.welovecycling.com\/hu\/blog\/mennyi-az-uj-bringad-valodi-varhato-elettartama\/\",\"url\":\"https:\/\/www.welovecycling.com\/hu\/blog\/mennyi-az-uj-bringad-valodi-varhato-elettartama\/\",\"name\":\"Mennyi az \u00faj bring\u00e1d val\u00f3di v\u00e1rhat\u00f3 \u00e9lettartama? - \u0160koda We Love Cycling - Magyarorsz\u00e1g\",\"isPartOf\":{\"@id\":\"https:\/\/www.welovecycling.com\/hu\/#website\"},\"primaryImageOfPage\":{\"@id\":\"https:\/\/www.welovecycling.com\/hu\/blog\/mennyi-az-uj-bringad-valodi-varhato-elettartama\/#primaryimage\"},\"image\":{\"@id\":\"https:\/\/www.welovecycling.com\/hu\/blog\/mennyi-az-uj-bringad-valodi-varhato-elettartama\/#primaryimage\"},\"thumbnailUrl\":\"https:\/\/d2p6e6u75xmxt8.cloudfront.net\/12\/2019\/08\/lolacvr.jpg\",\"datePublished\":\"2019-08-14T08:00:50+00:00\",\"author\":{\"@id\":\"https:\/\/www.welovecycling.com\/hu\/#\/schema\/person\/414a2aebf1801691a5320edb6468e194\"},\"breadcrumb\":{\"@id\":\"https:\/\/www.welovecycling.com\/hu\/blog\/mennyi-az-uj-bringad-valodi-varhato-elettartama\/#breadcrumb\"},\"inLanguage\":\"hu\",\"potentialAction\":[{\"@type\":\"ReadAction\",\"target\":[\"https:\/\/www.welovecycling.com\/hu\/blog\/mennyi-az-uj-bringad-valodi-varhato-elettartama\/\"]}]},{\"@type\":\"ImageObject\",\"inLanguage\":\"hu\",\"@id\":\"https:\/\/www.welovecycling.com\/hu\/blog\/mennyi-az-uj-bringad-valodi-varhato-elettartama\/#primaryimage\",\"url\":\"https:\/\/d2p6e6u75xmxt8.cloudfront.net\/12\/2019\/08\/lolacvr.jpg\",\"contentUrl\":\"https:\/\/d2p6e6u75xmxt8.cloudfront.net\/12\/2019\/08\/lolacvr.jpg\",\"width\":1366,\"height\":600},{\"@type\":\"BreadcrumbList\",\"@id\":\"https:\/\/www.welovecycling.com\/hu\/blog\/mennyi-az-uj-bringad-valodi-varhato-elettartama\/#breadcrumb\",\"itemListElement\":[{\"@type\":\"ListItem\",\"position\":1,\"name\":\"Home\",\"item\":\"https:\/\/www.welovecycling.com\/hu\/\"},{\"@type\":\"ListItem\",\"position\":2,\"name\":\"Mennyi az \u00faj bring\u00e1d val\u00f3di v\u00e1rhat\u00f3 \u00e9lettartama?\"}]},{\"@type\":\"WebSite\",\"@id\":\"https:\/\/www.welovecycling.com\/hu\/#website\",\"url\":\"https:\/\/www.welovecycling.com\/hu\/\",\"name\":\"\u0160koda We Love Cycling - Magyarorsz\u00e1g\",\"description\":\"\u0160koda WeLoveCycling\",\"potentialAction\":[{\"@type\":\"SearchAction\",\"target\":{\"@type\":\"EntryPoint\",\"urlTemplate\":\"https:\/\/www.welovecycling.com\/hu\/?s={search_term_string}\"},\"query-input\":{\"@type\":\"PropertyValueSpecification\",\"valueRequired\":true,\"valueName\":\"search_term_string\"}}],\"inLanguage\":\"hu\"},{\"@type\":\"Person\",\"@id\":\"https:\/\/www.welovecycling.com\/hu\/#\/schema\/person\/414a2aebf1801691a5320edb6468e194\",\"name\":\"hegyizs\",\"image\":{\"@type\":\"ImageObject\",\"inLanguage\":\"hu\",\"@id\":\"https:\/\/www.welovecycling.com\/hu\/#\/schema\/person\/image\/\",\"url\":\"https:\/\/secure.gravatar.com\/avatar\/02cf8a7906b8cf90cecb4679defac7cfd33a1c2e3b88e4903d947f3bb58eedd3?s=96&d=mm&r=g\",\"contentUrl\":\"https:\/\/secure.gravatar.com\/avatar\/02cf8a7906b8cf90cecb4679defac7cfd33a1c2e3b88e4903d947f3bb58eedd3?s=96&d=mm&r=g\",\"caption\":\"hegyizs\"},\"url\":\"https:\/\/www.welovecycling.com\/hu\/author\/hegyizs\/\"}]}<\/script>\n<!-- \/ Yoast SEO Premium plugin. -->","yoast_head_json":{"title":"Mennyi az \u00faj bring\u00e1d val\u00f3di v\u00e1rhat\u00f3 \u00e9lettartama? - \u0160koda We Love Cycling - Magyarorsz\u00e1g","robots":{"index":"index","follow":"follow","max-snippet":"max-snippet:-1","max-image-preview":"max-image-preview:large","max-video-preview":"max-video-preview:-1"},"canonical":"https:\/\/www.welovecycling.com\/hu\/blog\/mennyi-az-uj-bringad-valodi-varhato-elettartama\/","og_locale":"hu_HU","og_type":"article","og_title":"Mennyi az \u00faj bring\u00e1d val\u00f3di v\u00e1rhat\u00f3 \u00e9lettartama?","og_description":"Nem \u00e9rdekel, mennyibe ker\u00fcl a bicikli \u2013 csak azt akarom tudni, meddig b\u00edrja majd.","og_url":"https:\/\/www.welovecycling.com\/hu\/blog\/mennyi-az-uj-bringad-valodi-varhato-elettartama\/","og_site_name":"\u0160koda We Love Cycling - Magyarorsz\u00e1g","article_publisher":"https:\/\/www.facebook.com\/WeLoveCyclingHungary\/","article_published_time":"2019-08-14T08:00:50+00:00","og_image":[{"width":1366,"height":600,"url":"https:\/\/d2p6e6u75xmxt8.cloudfront.net\/12\/2019\/08\/lolacvr.jpg","type":"image\/jpeg"}],"author":"hegyizs","twitter_card":"summary_large_image","twitter_misc":{"Written by":"Christopher Ashley","Est. reading time":"6"},"schema":{"@context":"https:\/\/schema.org","@graph":[{"@type":"WebPage","@id":"https:\/\/www.welovecycling.com\/hu\/blog\/mennyi-az-uj-bringad-valodi-varhato-elettartama\/","url":"https:\/\/www.welovecycling.com\/hu\/blog\/mennyi-az-uj-bringad-valodi-varhato-elettartama\/","name":"Mennyi az \u00faj bring\u00e1d val\u00f3di v\u00e1rhat\u00f3 \u00e9lettartama? - \u0160koda We Love Cycling - Magyarorsz\u00e1g","isPartOf":{"@id":"https:\/\/www.welovecycling.com\/hu\/#website"},"primaryImageOfPage":{"@id":"https:\/\/www.welovecycling.com\/hu\/blog\/mennyi-az-uj-bringad-valodi-varhato-elettartama\/#primaryimage"},"image":{"@id":"https:\/\/www.welovecycling.com\/hu\/blog\/mennyi-az-uj-bringad-valodi-varhato-elettartama\/#primaryimage"},"thumbnailUrl":"https:\/\/d2p6e6u75xmxt8.cloudfront.net\/12\/2019\/08\/lolacvr.jpg","datePublished":"2019-08-14T08:00:50+00:00","author":{"@id":"https:\/\/www.welovecycling.com\/hu\/#\/schema\/person\/414a2aebf1801691a5320edb6468e194"},"breadcrumb":{"@id":"https:\/\/www.welovecycling.com\/hu\/blog\/mennyi-az-uj-bringad-valodi-varhato-elettartama\/#breadcrumb"},"inLanguage":"hu","potentialAction":[{"@type":"ReadAction","target":["https:\/\/www.welovecycling.com\/hu\/blog\/mennyi-az-uj-bringad-valodi-varhato-elettartama\/"]}]},{"@type":"ImageObject","inLanguage":"hu","@id":"https:\/\/www.welovecycling.com\/hu\/blog\/mennyi-az-uj-bringad-valodi-varhato-elettartama\/#primaryimage","url":"https:\/\/d2p6e6u75xmxt8.cloudfront.net\/12\/2019\/08\/lolacvr.jpg","contentUrl":"https:\/\/d2p6e6u75xmxt8.cloudfront.net\/12\/2019\/08\/lolacvr.jpg","width":1366,"height":600},{"@type":"BreadcrumbList","@id":"https:\/\/www.welovecycling.com\/hu\/blog\/mennyi-az-uj-bringad-valodi-varhato-elettartama\/#breadcrumb","itemListElement":[{"@type":"ListItem","position":1,"name":"Home","item":"https:\/\/www.welovecycling.com\/hu\/"},{"@type":"ListItem","position":2,"name":"Mennyi az \u00faj bring\u00e1d val\u00f3di v\u00e1rhat\u00f3 \u00e9lettartama?"}]},{"@type":"WebSite","@id":"https:\/\/www.welovecycling.com\/hu\/#website","url":"https:\/\/www.welovecycling.com\/hu\/","name":"\u0160koda We Love Cycling - Magyarorsz\u00e1g","description":"\u0160koda WeLoveCycling","potentialAction":[{"@type":"SearchAction","target":{"@type":"EntryPoint","urlTemplate":"https:\/\/www.welovecycling.com\/hu\/?s={search_term_string}"},"query-input":{"@type":"PropertyValueSpecification","valueRequired":true,"valueName":"search_term_string"}}],"inLanguage":"hu"},{"@type":"Person","@id":"https:\/\/www.welovecycling.com\/hu\/#\/schema\/person\/414a2aebf1801691a5320edb6468e194","name":"hegyizs","image":{"@type":"ImageObject","inLanguage":"hu","@id":"https:\/\/www.welovecycling.com\/hu\/#\/schema\/person\/image\/","url":"https:\/\/secure.gravatar.com\/avatar\/02cf8a7906b8cf90cecb4679defac7cfd33a1c2e3b88e4903d947f3bb58eedd3?s=96&d=mm&r=g","contentUrl":"https:\/\/secure.gravatar.com\/avatar\/02cf8a7906b8cf90cecb4679defac7cfd33a1c2e3b88e4903d947f3bb58eedd3?s=96&d=mm&r=g","caption":"hegyizs"},"url":"https:\/\/www.welovecycling.com\/hu\/author\/hegyizs\/"}]}},"_links":{"self":[{"href":"https:\/\/www.welovecycling.com\/hu\/wp-json\/wp\/v2\/posts\/4716","targetHints":{"allow":["GET"]}}],"collection":[{"href":"https:\/\/www.welovecycling.com\/hu\/wp-json\/wp\/v2\/posts"}],"about":[{"href":"https:\/\/www.welovecycling.com\/hu\/wp-json\/wp\/v2\/types\/post"}],"author":[{"embeddable":true,"href":"https:\/\/www.welovecycling.com\/hu\/wp-json\/wp\/v2\/users\/71"}],"replies":[{"embeddable":true,"href":"https:\/\/www.welovecycling.com\/hu\/wp-json\/wp\/v2\/comments?post=4716"}],"version-history":[{"count":2,"href":"https:\/\/www.welovecycling.com\/hu\/wp-json\/wp\/v2\/posts\/4716\/revisions"}],"predecessor-version":[{"id":4733,"href":"https:\/\/www.welovecycling.com\/hu\/wp-json\/wp\/v2\/posts\/4716\/revisions\/4733"}],"wp:featuredmedia":[{"embeddable":true,"href":"https:\/\/www.welovecycling.com\/hu\/wp-json\/wp\/v2\/media\/4720"}],"wp:attachment":[{"href":"https:\/\/www.welovecycling.com\/hu\/wp-json\/wp\/v2\/media?parent=4716"}],"wp:term":[{"taxonomy":"category","embeddable":true,"href":"https:\/\/www.welovecycling.com\/hu\/wp-json\/wp\/v2\/categories?post=4716"},{"taxonomy":"post_tag","embeddable":true,"href":"https:\/\/www.welovecycling.com\/hu\/wp-json\/wp\/v2\/tags?post=4716"},{"taxonomy":"global-categories","embeddable":true,"href":"https:\/\/www.welovecycling.com\/hu\/wp-json\/wp\/v2\/global-categories?post=4716"}],"curies":[{"name":"wp","href":"https:\/\/api.w.org\/{rel}","templated":true}]}}