{"id":4701,"date":"2019-08-14T08:00:38","date_gmt":"2019-08-14T07:00:38","guid":{"rendered":"https:\/\/www.welovecycling.com\/hu\/?p=4701"},"modified":"2019-08-12T11:45:44","modified_gmt":"2019-08-12T10:45:44","slug":"az-evelyn-hamilton-rejtely","status":"publish","type":"post","link":"https:\/\/www.welovecycling.com\/hu\/kozosseg-es-kultura\/az-evelyn-hamilton-rejtely\/","title":{"rendered":"Az Evelyn Hamilton-rejt\u00e9ly"},"content":{"rendered":"<p><strong>Ahogy ez m\u00e1s legend\u00e1kn\u00e1l is van, tucatnyi megv\u00e1laszolatlan k\u00e9rd\u00e9s mer\u00fcl fel ennek a kiv\u00e1l\u00f3 h\u00f6lgynek az \u00e9let\u00e9vel kapcsolatban. K\u00e9m lehetett? A francia ellen\u00e1ll\u00e1s r\u00e9sztvev\u0151je, vagy csak egy tehets\u00e9ges ker\u00e9kp\u00e1ros, bringabolt-tulajdonos \u00e9s sz\u00ednes k\u00e9pzel\u0151er\u0151vel meg\u00e1ldott t\u00f6rt\u00e9netmes\u00e9l\u0151? Nem tudhatjuk biztosan, de l\u00e1ssuk be, a m\u00edtoszok gyakran sokkal izgalmasabbak, mint a sz\u00e1raz t\u00e9nyek.<\/strong><!--more--><\/p>\n<p>T\u00f6bb verzi\u00f3 is l\u00e9tezik r\u00e1, hogyan ismerkedett meg a brit sz\u00fclet\u00e9s\u0171 Eveline Alice Alexandra Bayliss, majd k\u00e9s\u0151bb Evelyn Hamilton n\u00e9ven ismert h\u00f6lgy a ker\u00e9kp\u00e1roz\u00e1ssal. Vannak, akik szerint lelkes biciklis f\u00e9rje, John Hamilton vezette be a sport rejtelmeibe. M\u00e1sok szerint Tour de France gy\u0151ztes unokatestv\u00e9re keltette fel az \u00e9rdekl\u0151d\u00e9s\u00e9t, de annak nincs nyoma, pontosan ki lehetett ez a rokon. B\u00e1rmi legyen is az igazs\u00e1g, Evelyn 1931-ben el\u00e9rte az \u00e1tt\u00f6r\u00e9st \u00e9s megnyerte az els\u0151 n\u0151i 8 kilom\u00e9teres sprint el\u0151nyoszt\u00f3t, \u00e9s megszerezte a Sporting Life tr\u00f3fe\u00e1t a r\u00e9gi Stamford Bridge salakp\u00e1ly\u00e1n.<\/p>\n<lite-youtube videoid=b8CPzXqpSpE params=\"enablejsapi=1\" style=\"background-image: url('https:\/\/i.ytimg.com\/vi_webp\/b8CPzXqpSpE\/maxresdefault.webp');\"><\/lite-youtube>\n<p>Hamilton 1934-ben kicsit t\u00f6bb, mint 1600 kilom\u00e9tert tekert 7 nap alatt egy Claud Butler bring\u00e1n, amely arra \u00f6szt\u00f6n\u00f6zte a gy\u00e1rt\u00f3t, hogy p\u00e1r \u00e9vvel k\u00e9s\u0151bb megalkosson egy n\u0151i, speci\u00e1lisan k\u00f6nnyebb s\u00faly\u00fa verseny v\u00e1zat, amelyet Miss Modern n\u00e9vre kereszteltek. Evelyn 1935-ben 1100 kilom\u00e9tert tekert 4 \u00e9s f\u00e9l nap alatt Londonb\u00f3l a sk\u00f3ciai John O\u2019Groats faluj\u00e1ig. Ezt k\u00f6vet\u0151en, 1938-ban azzal ny\u0171g\u00f6zte le a k\u00f6zv\u00e9lem\u00e9nyt, hogy 100 nap alatt 16 ezer kilom\u00e9tert tett meg.<\/p>\n<p>Ugyanebben az \u00e9vben Hamilton \u00e9s a f\u00e9rje, John \u2013 akit Jackk\u00e9nt is ismertek \u2013 ker\u00e9kp\u00e1rboltot nyitottak Londonban \u00e9s hamar kider\u00fclt, hogy Evelynnek az \u00fczlethez is igen j\u00f3 \u00e9rz\u00e9ke volt. Amellett, hogy \u0151 inspir\u00e1lta a \u201eMiss Modern\u201d megsz\u00fclet\u00e9s\u00e9t, m\u00e1s gy\u00e1rt\u00f3k ker\u00e9kp\u00e1rjait is n\u00e9pszer\u0171s\u00edtette, ak\u00e1rcsak a h\u00e1ziasszonyok sz\u00e1m\u00e1ra kital\u00e1lt otthoni g\u00e9peket. Mi sem j\u00f6vedelmez jobban, mint arra inspir\u00e1lni a n\u0151ket, hogy fittek \u00e9s csinosak maradjanak, nem igaz?<\/p>\n<p>A m\u00e1sodik vil\u00e1gh\u00e1bor\u00fa kit\u00f6r\u00e9s\u00e9vel a dolgok kiss\u00e9 bonyolultabb\u00e1 v\u00e1ltak. Ismeretlen okokb\u00f3l, Evelyn pont P\u00e1rizsban tart\u00f3zkodott, amikor a n\u00e9met hadsereg elfoglalta Franciaorsz\u00e1got. Annak idej\u00e9n \u00e1ll\u00edt\u00f3lag egy k\u00e1v\u00e9z\u00f3ban dolgozott, amelyet gyakran l\u00e1togattak a Gestapo tisztjei. \u00c1m ez nem t\u00e1ntor\u00edtotta \u0151t el att\u00f3l, hogy csatlakozzon a francia ellen\u00e1ll\u00e1shoz \u00e9s titokban tandemen sz\u00e1ll\u00edtsa az ellen\u00e1ll\u00e1s r\u00e9sztvev\u0151it P\u00e1rizs egyik pontj\u00e1r\u00f3l a m\u00e1sikra. A londoni ker\u00e9kp\u00e1rboltja a harcos ellen\u00e1ll\u00f3k k\u00e9mh\u00e1l\u00f3zat\u00e1nak f\u0151hadisz\u00e1ll\u00e1s\u00e1v\u00e1 v\u00e1lt, amint azt a h\u00e1bor\u00fa ut\u00e1ni interj\u00faiban mes\u00e9lte. Mikor \u00e9s hogyan \u2013 k\u00e9rdezhetn\u00e9d, hiszen a h\u00e1bor\u00fat nagyr\u00e9szt Franciaorsz\u00e1gban v\u00e9szelte \u00e1t. J\u00f3 k\u00e9rd\u00e9s! A v\u00e1lasz viszont mindannyiunk sz\u00e1m\u00e1ra rejt\u00e9ly marad.<\/p>\n<div id='gallery-1' class='gallery galleryid-4701 gallery-columns-2 gallery-size-large'><figure class='gallery-item'>\n\t\t\t<div class='gallery-icon landscape'>\n\t\t\t\t<a href='https:\/\/d2p6e6u75xmxt8.cloudfront.net\/12\/2019\/08\/evelyn-hamilton-builders6.jpg'><img loading=\"lazy\" decoding=\"async\" width=\"450\" height=\"329\" src=\"https:\/\/d2p6e6u75xmxt8.cloudfront.net\/12\/2019\/08\/evelyn-hamilton-builders6.jpg\" class=\"attachment-large size-large\" alt=\"\" srcset=\"https:\/\/d2p6e6u75xmxt8.cloudfront.net\/12\/2019\/08\/evelyn-hamilton-builders6.jpg 450w, https:\/\/d2p6e6u75xmxt8.cloudfront.net\/12\/2019\/08\/evelyn-hamilton-builders6-300x219.jpg 300w\" sizes=\"auto, (max-width: 450px) 100vw, 450px\" \/><\/a>\n\t\t\t<\/div><\/figure><figure class='gallery-item'>\n\t\t\t<div class='gallery-icon landscape'>\n\t\t\t\t<a href='https:\/\/d2p6e6u75xmxt8.cloudfront.net\/12\/2019\/08\/64df85315b367b89876e33360c6dbbd9.jpg'><img loading=\"lazy\" decoding=\"async\" width=\"460\" height=\"354\" src=\"https:\/\/d2p6e6u75xmxt8.cloudfront.net\/12\/2019\/08\/64df85315b367b89876e33360c6dbbd9.jpg\" class=\"attachment-large size-large\" alt=\"\" srcset=\"https:\/\/d2p6e6u75xmxt8.cloudfront.net\/12\/2019\/08\/64df85315b367b89876e33360c6dbbd9.jpg 460w, https:\/\/d2p6e6u75xmxt8.cloudfront.net\/12\/2019\/08\/64df85315b367b89876e33360c6dbbd9-300x231.jpg 300w\" sizes=\"auto, (max-width: 460px) 100vw, 460px\" \/><\/a>\n\t\t\t<\/div><\/figure>\n\t\t<\/div>\n\n<p>Evelyn egy halott francia n\u0151 szem\u00e9lyazonoss\u00e1g\u00e1t is felvette, mivel a neve felker\u00fclt a n\u00e1cik fekete list\u00e1j\u00e1ra. \u00c1ll\u00edt\u00e1sa szerint megh\u00e1zasodott, \u00e9s egy Fernand Maurice Helsen nev\u0171 f\u00e9rfivel \u00e9lt. Mi t\u00f6rt\u00e9nt kor\u00e1bbi f\u00e9rj\u00e9vel, Jack Hamiltonnal? Nem tudjuk. \u00c1m azt tudjuk, hogy a rejt\u00e9lyes h\u00f6lgyet Evelyn Helsenk\u00e9nt temett\u00e9k el, mivel ez a n\u00e9v szerepel a s\u00edrk\u00f6v\u00e9n \u00e9s a halotti bizony\u00edtv\u00e1ny\u00e1ban is.<\/p>\n<p>Vajon Evelynnek t\u00e9nyleg siker\u00fclt lel\u0151nie a n\u00e9met emberrabl\u00f3t a konty\u00e1ba rejtett minifegyverrel \u00e9s elmenek\u00fclnie vissza az Egyes\u00fclt Kir\u00e1lys\u00e1gba? \u00c9s mi a helyzet a fi\u00e1val, akit elfogtak a n\u00e9metek \u00e9s sosem l\u00e1tott senki t\u00f6bb\u00e9? V\u00e9g\u00fcl pedig, h\u00e1bor\u00fas h\u0151snek nevezhetj\u00fck-e Evelynt?<\/p>\n<p>\u00dagy t\u0171nik, sosem lesz\u00fcnk k\u00e9pesek a fikci\u00f3t \u00e9s a t\u00e9nyeket sz\u00e9tv\u00e1lasztani. Hamiltonnak meg kellett volna kapnia a Lorraine (vagy lotaringiai) keresztet, amelyet a francia h\u00e1bor\u00fas h\u0151s\u00f6knek adom\u00e1nyoztak. Erre viszont semmif\u00e9le jel nem utal, hogy megt\u00f6rt\u00e9nt, de Evelyn k\u00e9ts\u00e9gtelen\u00fcl felhaszn\u00e1lta a szimb\u00f3lumot a Lorraine Cycles n\u00e9vre keresztelt bring\u00e1in.<\/p>\n<lite-youtube videoid=FsEKPHFoIp0 params=\"enablejsapi=1\" style=\"background-image: url('https:\/\/i.ytimg.com\/vi_webp\/FsEKPHFoIp0\/maxresdefault.webp');\"><\/lite-youtube>\n<p>1947-ben Evelyn \u00fajra ker\u00e9kp\u00e1rra \u00fclt, hogy megd\u00f6ntse a saj\u00e1t rekordj\u00e1t \u00e9s ism\u00e9t sikerrel j\u00e1rt, hiszen letekert t\u00f6bb, mint 19000 kilom\u00e9tert 100 nap alatt. Mindezt csup\u00e1n az\u00e9rt, hogy bebizony\u00edtsa, hogy a n\u0151k is k\u00e9pesek l\u00e9p\u00e9st tartani a f\u00e9rfiakkal. A hatvanas \u00e9vekben felhagyott a hossz\u00fat\u00e1v teker\u00e9ssel \u00e9s a N\u0151i Versenyker\u00e9kp\u00e1ros Sz\u00f6vets\u00e9g eln\u00f6ke lett.<\/p>\n<p>Evelyn 99 \u00e9ves kor\u00e1ban, 2005-ben hunyt el. Foglaljuk \u00f6ssze \u00fagy a t\u00f6rt\u00e9net\u00e9t, hogy egy leny\u0171g\u00f6z\u0151 h\u00f6lgy volt, aki \u00fagy m\u00falt el, hogy m\u00e9g mai napig is siker\u00fcl k\u00edv\u00e1ncsis\u00e1got \u00e9bresztenie.<\/p>\n","protected":false},"excerpt":{"rendered":"<p>Ahogy ez m\u00e1s legend\u00e1kn\u00e1l is van, tucatnyi megv\u00e1laszolatlan k\u00e9rd\u00e9s mer\u00fcl fel ennek a kiv\u00e1l\u00f3 h\u00f6lgynek az \u00e9let\u00e9vel kapcsolatban. K\u00e9m lehetett? [&hellip;]<\/p>\n","protected":false},"author":71,"featured_media":4704,"comment_status":"open","ping_status":"open","sticky":false,"template":"","format":"standard","meta":{"footnotes":""},"categories":[12],"tags":[],"global-categories":[],"class_list":["post-4701","post","type-post","status-publish","format-standard","has-post-thumbnail","hentry","category-kozosseg-es-kultura"],"yoast_head":"<!-- This site is optimized with the Yoast SEO Premium plugin v25.3 (Yoast SEO v25.9) - https:\/\/yoast.com\/wordpress\/plugins\/seo\/ -->\n<title>Az Evelyn Hamilton-rejt\u00e9ly - \u0160koda We Love Cycling - Magyarorsz\u00e1g<\/title>\n<meta name=\"robots\" content=\"index, follow, max-snippet:-1, max-image-preview:large, max-video-preview:-1\" \/>\n<link rel=\"canonical\" href=\"https:\/\/www.welovecycling.com\/hu\/kozosseg-es-kultura\/az-evelyn-hamilton-rejtely\/\" \/>\n<meta property=\"og:locale\" content=\"hu_HU\" \/>\n<meta property=\"og:type\" content=\"article\" \/>\n<meta property=\"og:title\" content=\"Az Evelyn Hamilton-rejt\u00e9ly\" \/>\n<meta property=\"og:description\" content=\"Ahogy ez m\u00e1s legend\u00e1kn\u00e1l is van, tucatnyi megv\u00e1laszolatlan k\u00e9rd\u00e9s mer\u00fcl fel ennek a kiv\u00e1l\u00f3 h\u00f6lgynek az \u00e9let\u00e9vel kapcsolatban. K\u00e9m lehetett? [&hellip;]\" \/>\n<meta property=\"og:url\" content=\"https:\/\/www.welovecycling.com\/hu\/kozosseg-es-kultura\/az-evelyn-hamilton-rejtely\/\" \/>\n<meta property=\"og:site_name\" content=\"\u0160koda We Love Cycling - Magyarorsz\u00e1g\" \/>\n<meta property=\"article:publisher\" content=\"https:\/\/www.facebook.com\/WeLoveCyclingHungary\/\" \/>\n<meta property=\"article:published_time\" content=\"2019-08-14T07:00:38+00:00\" \/>\n<meta property=\"og:image\" content=\"https:\/\/d2p6e6u75xmxt8.cloudfront.net\/12\/2019\/08\/Evelyn-Hamilton-CVR-profimedia-0198398020.jpg\" \/>\n\t<meta property=\"og:image:width\" content=\"1366\" \/>\n\t<meta property=\"og:image:height\" content=\"600\" \/>\n\t<meta property=\"og:image:type\" content=\"image\/jpeg\" \/>\n<meta name=\"author\" content=\"hegyizs\" \/>\n<meta name=\"twitter:card\" content=\"summary_large_image\" \/>\n<meta name=\"twitter:label1\" content=\"Written by\" \/>\n\t<meta name=\"twitter:data1\" content=\"Tereza Antonova\" \/>\n\t<meta name=\"twitter:label2\" content=\"Est. reading time\" \/>\n\t<meta name=\"twitter:data2\" content=\"5\" \/>\n<script type=\"application\/ld+json\" class=\"yoast-schema-graph\">{\"@context\":\"https:\/\/schema.org\",\"@graph\":[{\"@type\":\"WebPage\",\"@id\":\"https:\/\/www.welovecycling.com\/hu\/kozosseg-es-kultura\/az-evelyn-hamilton-rejtely\/\",\"url\":\"https:\/\/www.welovecycling.com\/hu\/kozosseg-es-kultura\/az-evelyn-hamilton-rejtely\/\",\"name\":\"Az Evelyn Hamilton-rejt\u00e9ly - \u0160koda We Love Cycling - Magyarorsz\u00e1g\",\"isPartOf\":{\"@id\":\"https:\/\/www.welovecycling.com\/hu\/#website\"},\"primaryImageOfPage\":{\"@id\":\"https:\/\/www.welovecycling.com\/hu\/kozosseg-es-kultura\/az-evelyn-hamilton-rejtely\/#primaryimage\"},\"image\":{\"@id\":\"https:\/\/www.welovecycling.com\/hu\/kozosseg-es-kultura\/az-evelyn-hamilton-rejtely\/#primaryimage\"},\"thumbnailUrl\":\"https:\/\/d2p6e6u75xmxt8.cloudfront.net\/12\/2019\/08\/Evelyn-Hamilton-CVR-profimedia-0198398020.jpg\",\"datePublished\":\"2019-08-14T07:00:38+00:00\",\"author\":{\"@id\":\"https:\/\/www.welovecycling.com\/hu\/#\/schema\/person\/414a2aebf1801691a5320edb6468e194\"},\"breadcrumb\":{\"@id\":\"https:\/\/www.welovecycling.com\/hu\/kozosseg-es-kultura\/az-evelyn-hamilton-rejtely\/#breadcrumb\"},\"inLanguage\":\"hu\",\"potentialAction\":[{\"@type\":\"ReadAction\",\"target\":[\"https:\/\/www.welovecycling.com\/hu\/kozosseg-es-kultura\/az-evelyn-hamilton-rejtely\/\"]}]},{\"@type\":\"ImageObject\",\"inLanguage\":\"hu\",\"@id\":\"https:\/\/www.welovecycling.com\/hu\/kozosseg-es-kultura\/az-evelyn-hamilton-rejtely\/#primaryimage\",\"url\":\"https:\/\/d2p6e6u75xmxt8.cloudfront.net\/12\/2019\/08\/Evelyn-Hamilton-CVR-profimedia-0198398020.jpg\",\"contentUrl\":\"https:\/\/d2p6e6u75xmxt8.cloudfront.net\/12\/2019\/08\/Evelyn-Hamilton-CVR-profimedia-0198398020.jpg\",\"width\":1366,\"height\":600},{\"@type\":\"BreadcrumbList\",\"@id\":\"https:\/\/www.welovecycling.com\/hu\/kozosseg-es-kultura\/az-evelyn-hamilton-rejtely\/#breadcrumb\",\"itemListElement\":[{\"@type\":\"ListItem\",\"position\":1,\"name\":\"Home\",\"item\":\"https:\/\/www.welovecycling.com\/hu\/\"},{\"@type\":\"ListItem\",\"position\":2,\"name\":\"Az Evelyn Hamilton-rejt\u00e9ly\"}]},{\"@type\":\"WebSite\",\"@id\":\"https:\/\/www.welovecycling.com\/hu\/#website\",\"url\":\"https:\/\/www.welovecycling.com\/hu\/\",\"name\":\"\u0160koda We Love Cycling - Magyarorsz\u00e1g\",\"description\":\"\u0160koda WeLoveCycling\",\"potentialAction\":[{\"@type\":\"SearchAction\",\"target\":{\"@type\":\"EntryPoint\",\"urlTemplate\":\"https:\/\/www.welovecycling.com\/hu\/?s={search_term_string}\"},\"query-input\":{\"@type\":\"PropertyValueSpecification\",\"valueRequired\":true,\"valueName\":\"search_term_string\"}}],\"inLanguage\":\"hu\"},{\"@type\":\"Person\",\"@id\":\"https:\/\/www.welovecycling.com\/hu\/#\/schema\/person\/414a2aebf1801691a5320edb6468e194\",\"name\":\"hegyizs\",\"image\":{\"@type\":\"ImageObject\",\"inLanguage\":\"hu\",\"@id\":\"https:\/\/www.welovecycling.com\/hu\/#\/schema\/person\/image\/\",\"url\":\"https:\/\/secure.gravatar.com\/avatar\/02cf8a7906b8cf90cecb4679defac7cfd33a1c2e3b88e4903d947f3bb58eedd3?s=96&d=mm&r=g\",\"contentUrl\":\"https:\/\/secure.gravatar.com\/avatar\/02cf8a7906b8cf90cecb4679defac7cfd33a1c2e3b88e4903d947f3bb58eedd3?s=96&d=mm&r=g\",\"caption\":\"hegyizs\"},\"url\":\"https:\/\/www.welovecycling.com\/hu\/author\/hegyizs\/\"}]}<\/script>\n<!-- \/ Yoast SEO Premium plugin. -->","yoast_head_json":{"title":"Az Evelyn Hamilton-rejt\u00e9ly - \u0160koda We Love Cycling - Magyarorsz\u00e1g","robots":{"index":"index","follow":"follow","max-snippet":"max-snippet:-1","max-image-preview":"max-image-preview:large","max-video-preview":"max-video-preview:-1"},"canonical":"https:\/\/www.welovecycling.com\/hu\/kozosseg-es-kultura\/az-evelyn-hamilton-rejtely\/","og_locale":"hu_HU","og_type":"article","og_title":"Az Evelyn Hamilton-rejt\u00e9ly","og_description":"Ahogy ez m\u00e1s legend\u00e1kn\u00e1l is van, tucatnyi megv\u00e1laszolatlan k\u00e9rd\u00e9s mer\u00fcl fel ennek a kiv\u00e1l\u00f3 h\u00f6lgynek az \u00e9let\u00e9vel kapcsolatban. K\u00e9m lehetett? [&hellip;]","og_url":"https:\/\/www.welovecycling.com\/hu\/kozosseg-es-kultura\/az-evelyn-hamilton-rejtely\/","og_site_name":"\u0160koda We Love Cycling - Magyarorsz\u00e1g","article_publisher":"https:\/\/www.facebook.com\/WeLoveCyclingHungary\/","article_published_time":"2019-08-14T07:00:38+00:00","og_image":[{"width":1366,"height":600,"url":"https:\/\/d2p6e6u75xmxt8.cloudfront.net\/12\/2019\/08\/Evelyn-Hamilton-CVR-profimedia-0198398020.jpg","type":"image\/jpeg"}],"author":"hegyizs","twitter_card":"summary_large_image","twitter_misc":{"Written by":"Tereza Antonova","Est. reading time":"5"},"schema":{"@context":"https:\/\/schema.org","@graph":[{"@type":"WebPage","@id":"https:\/\/www.welovecycling.com\/hu\/kozosseg-es-kultura\/az-evelyn-hamilton-rejtely\/","url":"https:\/\/www.welovecycling.com\/hu\/kozosseg-es-kultura\/az-evelyn-hamilton-rejtely\/","name":"Az Evelyn Hamilton-rejt\u00e9ly - \u0160koda We Love Cycling - Magyarorsz\u00e1g","isPartOf":{"@id":"https:\/\/www.welovecycling.com\/hu\/#website"},"primaryImageOfPage":{"@id":"https:\/\/www.welovecycling.com\/hu\/kozosseg-es-kultura\/az-evelyn-hamilton-rejtely\/#primaryimage"},"image":{"@id":"https:\/\/www.welovecycling.com\/hu\/kozosseg-es-kultura\/az-evelyn-hamilton-rejtely\/#primaryimage"},"thumbnailUrl":"https:\/\/d2p6e6u75xmxt8.cloudfront.net\/12\/2019\/08\/Evelyn-Hamilton-CVR-profimedia-0198398020.jpg","datePublished":"2019-08-14T07:00:38+00:00","author":{"@id":"https:\/\/www.welovecycling.com\/hu\/#\/schema\/person\/414a2aebf1801691a5320edb6468e194"},"breadcrumb":{"@id":"https:\/\/www.welovecycling.com\/hu\/kozosseg-es-kultura\/az-evelyn-hamilton-rejtely\/#breadcrumb"},"inLanguage":"hu","potentialAction":[{"@type":"ReadAction","target":["https:\/\/www.welovecycling.com\/hu\/kozosseg-es-kultura\/az-evelyn-hamilton-rejtely\/"]}]},{"@type":"ImageObject","inLanguage":"hu","@id":"https:\/\/www.welovecycling.com\/hu\/kozosseg-es-kultura\/az-evelyn-hamilton-rejtely\/#primaryimage","url":"https:\/\/d2p6e6u75xmxt8.cloudfront.net\/12\/2019\/08\/Evelyn-Hamilton-CVR-profimedia-0198398020.jpg","contentUrl":"https:\/\/d2p6e6u75xmxt8.cloudfront.net\/12\/2019\/08\/Evelyn-Hamilton-CVR-profimedia-0198398020.jpg","width":1366,"height":600},{"@type":"BreadcrumbList","@id":"https:\/\/www.welovecycling.com\/hu\/kozosseg-es-kultura\/az-evelyn-hamilton-rejtely\/#breadcrumb","itemListElement":[{"@type":"ListItem","position":1,"name":"Home","item":"https:\/\/www.welovecycling.com\/hu\/"},{"@type":"ListItem","position":2,"name":"Az Evelyn Hamilton-rejt\u00e9ly"}]},{"@type":"WebSite","@id":"https:\/\/www.welovecycling.com\/hu\/#website","url":"https:\/\/www.welovecycling.com\/hu\/","name":"\u0160koda We Love Cycling - Magyarorsz\u00e1g","description":"\u0160koda WeLoveCycling","potentialAction":[{"@type":"SearchAction","target":{"@type":"EntryPoint","urlTemplate":"https:\/\/www.welovecycling.com\/hu\/?s={search_term_string}"},"query-input":{"@type":"PropertyValueSpecification","valueRequired":true,"valueName":"search_term_string"}}],"inLanguage":"hu"},{"@type":"Person","@id":"https:\/\/www.welovecycling.com\/hu\/#\/schema\/person\/414a2aebf1801691a5320edb6468e194","name":"hegyizs","image":{"@type":"ImageObject","inLanguage":"hu","@id":"https:\/\/www.welovecycling.com\/hu\/#\/schema\/person\/image\/","url":"https:\/\/secure.gravatar.com\/avatar\/02cf8a7906b8cf90cecb4679defac7cfd33a1c2e3b88e4903d947f3bb58eedd3?s=96&d=mm&r=g","contentUrl":"https:\/\/secure.gravatar.com\/avatar\/02cf8a7906b8cf90cecb4679defac7cfd33a1c2e3b88e4903d947f3bb58eedd3?s=96&d=mm&r=g","caption":"hegyizs"},"url":"https:\/\/www.welovecycling.com\/hu\/author\/hegyizs\/"}]}},"_links":{"self":[{"href":"https:\/\/www.welovecycling.com\/hu\/wp-json\/wp\/v2\/posts\/4701","targetHints":{"allow":["GET"]}}],"collection":[{"href":"https:\/\/www.welovecycling.com\/hu\/wp-json\/wp\/v2\/posts"}],"about":[{"href":"https:\/\/www.welovecycling.com\/hu\/wp-json\/wp\/v2\/types\/post"}],"author":[{"embeddable":true,"href":"https:\/\/www.welovecycling.com\/hu\/wp-json\/wp\/v2\/users\/71"}],"replies":[{"embeddable":true,"href":"https:\/\/www.welovecycling.com\/hu\/wp-json\/wp\/v2\/comments?post=4701"}],"version-history":[{"count":2,"href":"https:\/\/www.welovecycling.com\/hu\/wp-json\/wp\/v2\/posts\/4701\/revisions"}],"predecessor-version":[{"id":4710,"href":"https:\/\/www.welovecycling.com\/hu\/wp-json\/wp\/v2\/posts\/4701\/revisions\/4710"}],"wp:featuredmedia":[{"embeddable":true,"href":"https:\/\/www.welovecycling.com\/hu\/wp-json\/wp\/v2\/media\/4704"}],"wp:attachment":[{"href":"https:\/\/www.welovecycling.com\/hu\/wp-json\/wp\/v2\/media?parent=4701"}],"wp:term":[{"taxonomy":"category","embeddable":true,"href":"https:\/\/www.welovecycling.com\/hu\/wp-json\/wp\/v2\/categories?post=4701"},{"taxonomy":"post_tag","embeddable":true,"href":"https:\/\/www.welovecycling.com\/hu\/wp-json\/wp\/v2\/tags?post=4701"},{"taxonomy":"global-categories","embeddable":true,"href":"https:\/\/www.welovecycling.com\/hu\/wp-json\/wp\/v2\/global-categories?post=4701"}],"curies":[{"name":"wp","href":"https:\/\/api.w.org\/{rel}","templated":true}]}}