{"id":4693,"date":"2019-08-13T08:00:28","date_gmt":"2019-08-13T07:00:28","guid":{"rendered":"https:\/\/www.welovecycling.com\/hu\/?p=4693"},"modified":"2019-08-12T11:43:16","modified_gmt":"2019-08-12T10:43:16","slug":"ismered-ezeket-a-befolyasos-kerekpar-nagykoveteket","status":"publish","type":"post","link":"https:\/\/www.welovecycling.com\/hu\/kozosseg-es-kultura\/ismered-ezeket-a-befolyasos-kerekpar-nagykoveteket\/","title":{"rendered":"Ismered ezeket a befoly\u00e1sos ker\u00e9kp\u00e1r nagyk\u00f6veteket?"},"content":{"rendered":"<p><strong>T\u00fal a Ker\u00e9kp\u00e1roz\u00e1s Vil\u00e1gnapj\u00e1n, lehet\u0151s\u00e9g\u00fcnk ny\u00edlt megeml\u00e9kezni Leszek Sibilski, amerikai professzorr\u00f3l, aki a ker\u00e9kp\u00e1roz\u00e1s napj\u00e1nak kiki\u00e1lt\u00e1s\u00e1\u00e9rt meghirdetett kamp\u00e1ny vez\u00e9re volt \u00e9s siker\u00fclt neki el\u00e9rnie, hogy az ENSZ hat\u00e1rozatban nyilv\u00e1n\u00edtsa j\u00fanius harmadik\u00e1t a ker\u00e9kp\u00e1roz\u00e1s napj\u00e1nak. Persze rajta k\u00edv\u00fcl m\u00e9g sokan m\u00e1sok is hozz\u00e1j\u00e1rultak, hogy a ker\u00e9kp\u00e1roz\u00e1s eljusson arra a szintre, ahol ma van. \u0150ket nevezz\u00fck a ker\u00e9kp\u00e1roz\u00e1s nagyk\u00f6veteinek.<\/strong><!--more--><\/p>\n<p>A ker\u00e9kp\u00e1roz\u00e1s, mint az egyik legfontosabb v\u00e1rosi k\u00f6zleked\u00e9si m\u00f3d n\u00e9pszer\u0171s\u00edt\u00e9se \u00e9s a megfelel\u0151 biciklis infrastrukt\u00fara ki\u00e9p\u00edt\u00e9s\u00e9\u00e9rt val\u00f3 lobbiz\u00e1s csak egy r\u00e9sze a dolognak. Sz\u00e1mos befoly\u00e1sos szem\u00e9lyis\u00e9g \u00e9s v\u00e9lem\u00e9nyvez\u00e9r sz\u00f3lalt fel a ker\u00e9kp\u00e1rosok jogait korl\u00e1toz\u00f3 vagy diszkriminat\u00edv szab\u00e1lyoz\u00e1sok ellen, t\u00f6bb eur\u00f3pai \u00e9s \u00e9szak-amerikai nagyv\u00e1rosban, a 70-es \u00e9vekt\u0151l kezdve napjainkig. H\u00e1l\u00e1val tartozunk nekik, hiszen a v\u00e1rosi ker\u00e9kp\u00e1roz\u00e1s sosem volt olyan biztons\u00e1gos, mint ma.<\/p>\n<h2><strong>Richard Ballantine<\/strong><\/h2>\n<figure id=\"attachment_4694\" aria-describedby=\"caption-attachment-4694\" style=\"width: 590px\" class=\"wp-caption alignnone\"><a href=\"https:\/\/d2p6e6u75xmxt8.cloudfront.net\/12\/2019\/08\/ballantine-405908.jpg\"><img loading=\"lazy\" decoding=\"async\" class=\"size-full wp-image-4694\" src=\"https:\/\/d2p6e6u75xmxt8.cloudfront.net\/12\/2019\/08\/ballantine-405908.jpg\" alt=\"\" width=\"590\" height=\"350\" srcset=\"https:\/\/d2p6e6u75xmxt8.cloudfront.net\/12\/2019\/08\/ballantine-405908.jpg 590w, https:\/\/d2p6e6u75xmxt8.cloudfront.net\/12\/2019\/08\/ballantine-405908-300x178.jpg 300w\" sizes=\"auto, (max-width: 590px) 100vw, 590px\" \/><\/a><figcaption id=\"caption-attachment-4694\" class=\"wp-caption-text\"><em>A bring\u00e1z\u00e1s \u201ekeresztap\u00e1jak\u00e9nt\u201d is emlegetett Richard Ballantine nagyon befoly\u00e1sos figur\u00e1ja lett a sportnak miut\u00e1n 1972-ben megjelent Richard\u2019s Bicycle Book c\u00edm\u0171 k\u00f6nyve (ennek folytat\u00e1sa jelent meg magyar nyelven, Mindentud\u00f3 biciklik\u00f6nyv c\u00edmmel).<\/em><\/figcaption><\/figure>\n<p>Amikor Ballatine el\u0151sz\u00f6r, m\u00e9g 1972-ben megjelentette a Richard\u2019s Bicycle Book c\u00edm\u0171 k\u00f6nyv\u00e9t, a n\u00e9zetei forradalminak sz\u00e1m\u00edtottak. 1940-ben sz\u00fcletett, majd miut\u00e1n a hetvenes \u00e9vek elej\u00e9n be\u00fct\u00f6tt az els\u0151 olaj v\u00e1ls\u00e1g, fontos \u00fatt\u00f6r\u0151je lett a ker\u00e9kp\u00e1ros ing\u00e1z\u00e1snak. K\u00f6nyve nem csup\u00e1n az \u00f6sszes t\u00edpus\u00fa ker\u00e9kp\u00e1r teljes le\u00edr\u00e1s\u00e1t \u00e9s elt\u00e9r\u00e9seit tartalmazta, hanem hasznos inform\u00e1ci\u00f3t is k\u00edn\u00e1lt a biciklik karbantart\u00e1s\u00e1r\u00f3l \u00e9s be\u00e1ll\u00edt\u00e1s\u00e1r\u00f3l. Ezen k\u00edv\u00fcl azt is lefektette, hogy a ker\u00e9kp\u00e1rosok elidegen\u00edthetetlen joga minden megl\u00e9v\u0151 \u00fat haszn\u00e1lata. Hogy el\u0151seg\u00edtse a ker\u00e9kp\u00e1roz\u00e1s biztons\u00e1gosabb\u00e1 t\u00e9tel\u00e9t, Ballantine javaslatot tett \u00faj strukt\u00far\u00e1j\u00fa utc\u00e1k \u00e9s ker\u00e9kp\u00e1ros \u00e1thajt\u00f3k ki\u00e9p\u00edt\u00e9s\u00e9re is. Hab\u00e1r ma m\u00e1r nincs k\u00f6zt\u00fcnk, semmi k\u00e9ts\u00e9g nem f\u00e9r hozz\u00e1, hogy boldog lenne, ha l\u00e1tn\u00e1, mennyit fejl\u0151d\u00f6tt a ker\u00e9kp\u00e1roz\u00e1s az olyan helyeken, mint D\u00e1nia vagy Hollandia.<\/p>\n<h2><strong>David Byrne<\/strong><\/h2>\n<figure id=\"attachment_4695\" aria-describedby=\"caption-attachment-4695\" style=\"width: 1221px\" class=\"wp-caption alignnone\"><a href=\"https:\/\/d2p6e6u75xmxt8.cloudfront.net\/12\/2019\/08\/David-Byrne-profimedia-0008307179.jpg\"><img loading=\"lazy\" decoding=\"async\" class=\"size-full wp-image-4695\" src=\"https:\/\/d2p6e6u75xmxt8.cloudfront.net\/12\/2019\/08\/David-Byrne-profimedia-0008307179.jpg\" alt=\"\" width=\"1221\" height=\"1250\" srcset=\"https:\/\/d2p6e6u75xmxt8.cloudfront.net\/12\/2019\/08\/David-Byrne-profimedia-0008307179.jpg 1221w, https:\/\/d2p6e6u75xmxt8.cloudfront.net\/12\/2019\/08\/David-Byrne-profimedia-0008307179-293x300.jpg 293w, https:\/\/d2p6e6u75xmxt8.cloudfront.net\/12\/2019\/08\/David-Byrne-profimedia-0008307179-768x786.jpg 768w, https:\/\/d2p6e6u75xmxt8.cloudfront.net\/12\/2019\/08\/David-Byrne-profimedia-0008307179-1000x1024.jpg 1000w\" sizes=\"auto, (max-width: 1221px) 100vw, 1221px\" \/><\/a><figcaption id=\"caption-attachment-4695\" class=\"wp-caption-text\"><em>Byrne kedveli a szabads\u00e1got \u00e9s az \u00e9letkedvet, amit a ker\u00e9kp\u00e1roz\u00e1s ny\u00fajt sz\u00e1m\u00e1ra. Rengeteget \u00edrt a ker\u00e9kp\u00e1roz\u00e1s t\u00e9m\u00e1j\u00e1ban, t\u00f6bbek k\u00f6z\u00f6tt 2009-ben megjelent k\u00f6nyv\u00e9ben, a Bicycle Diaries-ben (\u201eBiciklis Napl\u00f3\u201d).\u00a0 \u00a9 Profimedia, Alamy<\/em><\/figcaption><\/figure>\n<p>A sk\u00f3t-amerikai dalszerz\u0151, zeneszerz\u0151, \u00edr\u00f3, sz\u00edn\u00e9sz \u00e9s az \u00fajhull\u00e1mos Talking Head nev\u0171 banda vezet\u0151 \u00e9nekese illetve git\u00e1rosa, David Byrne ker\u00e9kp\u00e1ros aktivista is volt. Amikor New Yorkban \u00e9lt, a ker\u00e9kp\u00e1r mindig az els\u0151 sz\u00e1m\u00fa k\u00f6zleked\u00e9si eszk\u00f6z volt sz\u00e1m\u00e1ra. Byrne \u00fagy n\u00e9pszer\u0171s\u00edtette a ker\u00e9kp\u00e1roz\u00e1st, hogy a szabads\u00e1gr\u00f3l \u00e9s a boldogs\u00e1gr\u00f3l \u00e1radozott, amit a bicikli adott neki. 2009-ben adta ki Bycicle Diaries c\u00edm\u0171 k\u00f6nyv\u00e9t \u00e9s m\u00e9g ugyanebben az \u00e9vben \u00e1rver\u00e9sre bocs\u00e1totta \u00f6sszecsukhat\u00f3 bring\u00e1j\u00e1t, hogy p\u00e9nzt gy\u0171jts\u00f6n a londoni ker\u00e9kp\u00e1ros kamp\u00e1ny t\u00e1mogat\u00e1s\u00e1ra, amely 1978 \u00f3ta k\u00fczd\u00f6tt a jobb biciklis k\u00f6r\u00fclm\u00e9nyek\u00e9rt a brit f\u0151v\u00e1rosban. Byrne arr\u00f3l is h\u00edres, hogy ker\u00e9kp\u00e1rtart\u00f3kat tervez, m\u00e9ghozz\u00e1 olyan form\u00e1j\u00faakat, amelyek passzolnak az adott helyhez, mint p\u00e9ld\u00e1ul a doll\u00e1rjel alak\u00fa a Wall Streeten vagy az elektromos git\u00e1r alak\u00fa Brooklynban.<\/p>\n<h2><strong>Mikael Colville-Andersen<\/strong><\/h2>\n<figure id=\"attachment_4696\" aria-describedby=\"caption-attachment-4696\" style=\"width: 1250px\" class=\"wp-caption alignnone\"><a href=\"https:\/\/d2p6e6u75xmxt8.cloudfront.net\/12\/2019\/08\/Mikael-Colville-Andersen-profimedia-0431237568.jpg\"><img loading=\"lazy\" decoding=\"async\" class=\"size-full wp-image-4696\" src=\"https:\/\/d2p6e6u75xmxt8.cloudfront.net\/12\/2019\/08\/Mikael-Colville-Andersen-profimedia-0431237568.jpg\" alt=\"\" width=\"1250\" height=\"903\" srcset=\"https:\/\/d2p6e6u75xmxt8.cloudfront.net\/12\/2019\/08\/Mikael-Colville-Andersen-profimedia-0431237568.jpg 1250w, https:\/\/d2p6e6u75xmxt8.cloudfront.net\/12\/2019\/08\/Mikael-Colville-Andersen-profimedia-0431237568-300x217.jpg 300w, https:\/\/d2p6e6u75xmxt8.cloudfront.net\/12\/2019\/08\/Mikael-Colville-Andersen-profimedia-0431237568-768x555.jpg 768w, https:\/\/d2p6e6u75xmxt8.cloudfront.net\/12\/2019\/08\/Mikael-Colville-Andersen-profimedia-0431237568-1024x740.jpg 1024w\" sizes=\"auto, (max-width: 1250px) 100vw, 1250px\" \/><\/a><figcaption id=\"caption-attachment-4696\" class=\"wp-caption-text\"><em>Mikael Colville-Andersen el\u0151ad\u00e1sa a re:publica internetes konferenci\u00e1n. \u00a9 Profimedia, AFP<\/em><\/figcaption><\/figure>\n<p>Ha meg kellene nevezn\u00fcnk egy embert, aki a legf\u0151bb k\u00f6zleked\u00e9si eszk\u00f6zk\u00e9nt n\u00e9pszer\u0171s\u00edtette a ker\u00e9kp\u00e1roz\u00e1st t\u00f6bb eur\u00f3pai nagyv\u00e1rosban is, akkor a kanadai \u00e9s d\u00e1n felmen\u0151kkel rendelkez\u0151 urb\u00e1nus tervez\u0151re, Mikael Colville-Andersenre esne a v\u00e1laszt\u00e1sunk. 2009-ben alap\u00edtotta meg Koppenh\u00e1g\u00e1ban a Copenhagenize Desing Company nev\u0171 c\u00e9g\u00e9t, amely \u00faj j\u00f6v\u0151k\u00e9pet alkotott a 21. sz\u00e1zad v\u00e1rosi ker\u00e9kp\u00e1roz\u00e1sa sz\u00e1m\u00e1ra. Colville-Andersen h\u00edres a kifinomult megfigyel\u00e9si technik\u00e1ir\u00f3l, amelyeken kereszt\u00fcl siker\u00fcl meg\u00e9rteni, mire vagy milyen biciklis utakra van sz\u00fcks\u00e9g\u00fck a koppenh\u00e1gai ker\u00e9kp\u00e1rosoknak. Tudom\u00e1nyos m\u00f3dszerek alkalmaz\u00e1s\u00e1val egy \u00fatt\u00f6r\u0151 k\u00f6nyvet jelentetett meg The Choreography of an Urban Intersection (\u201eA v\u00e1rosi keresztez\u0151d\u00e9s koreogr\u00e1fi\u00e1ja) c\u00edmmel. Az \u00fajs\u00e1g\u00edr\u00f3k el is nevezt\u00e9k a v\u00e1rosi bring\u00e1z\u00e1s p\u00e1p\u00e1j\u00e1nak vagy Justin Bieber\u00e9nek. Az ing\u00e1z\u00f3 ker\u00e9kp\u00e1roz\u00e1s elhivatott nagyk\u00f6vetek\u00e9nt Colville-Andersent tekintik a \u201ebicikli-sikk\u201d sz\u00f3 kital\u00e1l\u00f3j\u00e1nak, amely a speci\u00e1lis, de cs\u00fanya biciklis szerel\u00e9sek helyett a h\u00e9tk\u00f6znapi divatnak megfelel\u0151 szerel\u00e9sben val\u00f3 teker\u00e9st r\u00e9szes\u00edti el\u0151nyben. El\u0151dje, Jan Gehl ideol\u00f3giai \u00f6r\u00f6ks\u00e9g\u00e9t folytatva, ma a legbefoly\u00e1sosabb v\u00e1rostervez\u0151k k\u00f6zt tartj\u00e1k sz\u00e1mon. Colville-Andersen t\u00f6bbek k\u00f6z\u00f6tt amellett a n\u00e9zet mellett is ki\u00e1llt, hogy a t\u00f6meges ker\u00e9kp\u00e1roz\u00e1s jav\u00edtana a nagyv\u00e1rosi \u00e9letmin\u0151s\u00e9gen. Szerencs\u00e9snek mondhatjuk magunkat, hogy szemtan\u00fai lehet\u00fcnk annak, ahogy val\u00f3ra v\u00e1lik, amiben hitt.<\/p>\n","protected":false},"excerpt":{"rendered":"<p>T\u00fal a Ker\u00e9kp\u00e1roz\u00e1s Vil\u00e1gnapj\u00e1n, lehet\u0151s\u00e9g\u00fcnk ny\u00edlt megeml\u00e9kezni Leszek Sibilski, amerikai professzorr\u00f3l, aki a ker\u00e9kp\u00e1roz\u00e1s napj\u00e1nak kiki\u00e1lt\u00e1s\u00e1\u00e9rt meghirdetett kamp\u00e1ny vez\u00e9re volt [&hellip;]<\/p>\n","protected":false},"author":71,"featured_media":4698,"comment_status":"open","ping_status":"open","sticky":false,"template":"","format":"standard","meta":{"footnotes":""},"categories":[12],"tags":[],"global-categories":[],"class_list":["post-4693","post","type-post","status-publish","format-standard","has-post-thumbnail","hentry","category-kozosseg-es-kultura"],"yoast_head":"<!-- This site is optimized with the Yoast SEO Premium plugin v25.3 (Yoast SEO v25.9) - https:\/\/yoast.com\/wordpress\/plugins\/seo\/ -->\n<title>Ismered ezeket a befoly\u00e1sos ker\u00e9kp\u00e1r nagyk\u00f6veteket? - \u0160koda We Love Cycling - Magyarorsz\u00e1g<\/title>\n<meta name=\"robots\" content=\"index, follow, max-snippet:-1, max-image-preview:large, max-video-preview:-1\" \/>\n<link rel=\"canonical\" href=\"https:\/\/www.welovecycling.com\/hu\/kozosseg-es-kultura\/ismered-ezeket-a-befolyasos-kerekpar-nagykoveteket\/\" \/>\n<meta property=\"og:locale\" content=\"hu_HU\" \/>\n<meta property=\"og:type\" content=\"article\" \/>\n<meta property=\"og:title\" content=\"Ismered ezeket a befoly\u00e1sos ker\u00e9kp\u00e1r nagyk\u00f6veteket?\" \/>\n<meta property=\"og:description\" content=\"T\u00fal a Ker\u00e9kp\u00e1roz\u00e1s Vil\u00e1gnapj\u00e1n, lehet\u0151s\u00e9g\u00fcnk ny\u00edlt megeml\u00e9kezni Leszek Sibilski, amerikai professzorr\u00f3l, aki a ker\u00e9kp\u00e1roz\u00e1s napj\u00e1nak kiki\u00e1lt\u00e1s\u00e1\u00e9rt meghirdetett kamp\u00e1ny vez\u00e9re volt [&hellip;]\" \/>\n<meta property=\"og:url\" content=\"https:\/\/www.welovecycling.com\/hu\/kozosseg-es-kultura\/ismered-ezeket-a-befolyasos-kerekpar-nagykoveteket\/\" \/>\n<meta property=\"og:site_name\" content=\"\u0160koda We Love Cycling - Magyarorsz\u00e1g\" \/>\n<meta property=\"article:publisher\" content=\"https:\/\/www.facebook.com\/WeLoveCyclingHungary\/\" \/>\n<meta property=\"article:published_time\" content=\"2019-08-13T07:00:28+00:00\" \/>\n<meta property=\"og:image\" content=\"https:\/\/d2p6e6u75xmxt8.cloudfront.net\/12\/2019\/08\/David-Byrne-profimedia-0419217063.jpg\" \/>\n\t<meta property=\"og:image:width\" content=\"1366\" \/>\n\t<meta property=\"og:image:height\" content=\"600\" \/>\n\t<meta property=\"og:image:type\" content=\"image\/jpeg\" \/>\n<meta name=\"author\" content=\"hegyizs\" \/>\n<meta name=\"twitter:card\" content=\"summary_large_image\" \/>\n<meta name=\"twitter:label1\" content=\"Written by\" \/>\n\t<meta name=\"twitter:data1\" content=\"Adam Marsal\" \/>\n\t<meta name=\"twitter:label2\" content=\"Est. reading time\" \/>\n\t<meta name=\"twitter:data2\" content=\"5\" \/>\n<script type=\"application\/ld+json\" class=\"yoast-schema-graph\">{\"@context\":\"https:\/\/schema.org\",\"@graph\":[{\"@type\":\"WebPage\",\"@id\":\"https:\/\/www.welovecycling.com\/hu\/kozosseg-es-kultura\/ismered-ezeket-a-befolyasos-kerekpar-nagykoveteket\/\",\"url\":\"https:\/\/www.welovecycling.com\/hu\/kozosseg-es-kultura\/ismered-ezeket-a-befolyasos-kerekpar-nagykoveteket\/\",\"name\":\"Ismered ezeket a befoly\u00e1sos ker\u00e9kp\u00e1r nagyk\u00f6veteket? - \u0160koda We Love Cycling - Magyarorsz\u00e1g\",\"isPartOf\":{\"@id\":\"https:\/\/www.welovecycling.com\/hu\/#website\"},\"primaryImageOfPage\":{\"@id\":\"https:\/\/www.welovecycling.com\/hu\/kozosseg-es-kultura\/ismered-ezeket-a-befolyasos-kerekpar-nagykoveteket\/#primaryimage\"},\"image\":{\"@id\":\"https:\/\/www.welovecycling.com\/hu\/kozosseg-es-kultura\/ismered-ezeket-a-befolyasos-kerekpar-nagykoveteket\/#primaryimage\"},\"thumbnailUrl\":\"https:\/\/d2p6e6u75xmxt8.cloudfront.net\/12\/2019\/08\/David-Byrne-profimedia-0419217063.jpg\",\"datePublished\":\"2019-08-13T07:00:28+00:00\",\"author\":{\"@id\":\"https:\/\/www.welovecycling.com\/hu\/#\/schema\/person\/414a2aebf1801691a5320edb6468e194\"},\"breadcrumb\":{\"@id\":\"https:\/\/www.welovecycling.com\/hu\/kozosseg-es-kultura\/ismered-ezeket-a-befolyasos-kerekpar-nagykoveteket\/#breadcrumb\"},\"inLanguage\":\"hu\",\"potentialAction\":[{\"@type\":\"ReadAction\",\"target\":[\"https:\/\/www.welovecycling.com\/hu\/kozosseg-es-kultura\/ismered-ezeket-a-befolyasos-kerekpar-nagykoveteket\/\"]}]},{\"@type\":\"ImageObject\",\"inLanguage\":\"hu\",\"@id\":\"https:\/\/www.welovecycling.com\/hu\/kozosseg-es-kultura\/ismered-ezeket-a-befolyasos-kerekpar-nagykoveteket\/#primaryimage\",\"url\":\"https:\/\/d2p6e6u75xmxt8.cloudfront.net\/12\/2019\/08\/David-Byrne-profimedia-0419217063.jpg\",\"contentUrl\":\"https:\/\/d2p6e6u75xmxt8.cloudfront.net\/12\/2019\/08\/David-Byrne-profimedia-0419217063.jpg\",\"width\":1366,\"height\":600},{\"@type\":\"BreadcrumbList\",\"@id\":\"https:\/\/www.welovecycling.com\/hu\/kozosseg-es-kultura\/ismered-ezeket-a-befolyasos-kerekpar-nagykoveteket\/#breadcrumb\",\"itemListElement\":[{\"@type\":\"ListItem\",\"position\":1,\"name\":\"Home\",\"item\":\"https:\/\/www.welovecycling.com\/hu\/\"},{\"@type\":\"ListItem\",\"position\":2,\"name\":\"Ismered ezeket a befoly\u00e1sos ker\u00e9kp\u00e1r nagyk\u00f6veteket?\"}]},{\"@type\":\"WebSite\",\"@id\":\"https:\/\/www.welovecycling.com\/hu\/#website\",\"url\":\"https:\/\/www.welovecycling.com\/hu\/\",\"name\":\"\u0160koda We Love Cycling - Magyarorsz\u00e1g\",\"description\":\"\u0160koda WeLoveCycling\",\"potentialAction\":[{\"@type\":\"SearchAction\",\"target\":{\"@type\":\"EntryPoint\",\"urlTemplate\":\"https:\/\/www.welovecycling.com\/hu\/?s={search_term_string}\"},\"query-input\":{\"@type\":\"PropertyValueSpecification\",\"valueRequired\":true,\"valueName\":\"search_term_string\"}}],\"inLanguage\":\"hu\"},{\"@type\":\"Person\",\"@id\":\"https:\/\/www.welovecycling.com\/hu\/#\/schema\/person\/414a2aebf1801691a5320edb6468e194\",\"name\":\"hegyizs\",\"image\":{\"@type\":\"ImageObject\",\"inLanguage\":\"hu\",\"@id\":\"https:\/\/www.welovecycling.com\/hu\/#\/schema\/person\/image\/\",\"url\":\"https:\/\/secure.gravatar.com\/avatar\/02cf8a7906b8cf90cecb4679defac7cfd33a1c2e3b88e4903d947f3bb58eedd3?s=96&d=mm&r=g\",\"contentUrl\":\"https:\/\/secure.gravatar.com\/avatar\/02cf8a7906b8cf90cecb4679defac7cfd33a1c2e3b88e4903d947f3bb58eedd3?s=96&d=mm&r=g\",\"caption\":\"hegyizs\"},\"url\":\"https:\/\/www.welovecycling.com\/hu\/author\/hegyizs\/\"}]}<\/script>\n<!-- \/ Yoast SEO Premium plugin. -->","yoast_head_json":{"title":"Ismered ezeket a befoly\u00e1sos ker\u00e9kp\u00e1r nagyk\u00f6veteket? - \u0160koda We Love Cycling - Magyarorsz\u00e1g","robots":{"index":"index","follow":"follow","max-snippet":"max-snippet:-1","max-image-preview":"max-image-preview:large","max-video-preview":"max-video-preview:-1"},"canonical":"https:\/\/www.welovecycling.com\/hu\/kozosseg-es-kultura\/ismered-ezeket-a-befolyasos-kerekpar-nagykoveteket\/","og_locale":"hu_HU","og_type":"article","og_title":"Ismered ezeket a befoly\u00e1sos ker\u00e9kp\u00e1r nagyk\u00f6veteket?","og_description":"T\u00fal a Ker\u00e9kp\u00e1roz\u00e1s Vil\u00e1gnapj\u00e1n, lehet\u0151s\u00e9g\u00fcnk ny\u00edlt megeml\u00e9kezni Leszek Sibilski, amerikai professzorr\u00f3l, aki a ker\u00e9kp\u00e1roz\u00e1s napj\u00e1nak kiki\u00e1lt\u00e1s\u00e1\u00e9rt meghirdetett kamp\u00e1ny vez\u00e9re volt [&hellip;]","og_url":"https:\/\/www.welovecycling.com\/hu\/kozosseg-es-kultura\/ismered-ezeket-a-befolyasos-kerekpar-nagykoveteket\/","og_site_name":"\u0160koda We Love Cycling - Magyarorsz\u00e1g","article_publisher":"https:\/\/www.facebook.com\/WeLoveCyclingHungary\/","article_published_time":"2019-08-13T07:00:28+00:00","og_image":[{"width":1366,"height":600,"url":"https:\/\/d2p6e6u75xmxt8.cloudfront.net\/12\/2019\/08\/David-Byrne-profimedia-0419217063.jpg","type":"image\/jpeg"}],"author":"hegyizs","twitter_card":"summary_large_image","twitter_misc":{"Written by":"Adam Marsal","Est. reading time":"5"},"schema":{"@context":"https:\/\/schema.org","@graph":[{"@type":"WebPage","@id":"https:\/\/www.welovecycling.com\/hu\/kozosseg-es-kultura\/ismered-ezeket-a-befolyasos-kerekpar-nagykoveteket\/","url":"https:\/\/www.welovecycling.com\/hu\/kozosseg-es-kultura\/ismered-ezeket-a-befolyasos-kerekpar-nagykoveteket\/","name":"Ismered ezeket a befoly\u00e1sos ker\u00e9kp\u00e1r nagyk\u00f6veteket? - \u0160koda We Love Cycling - Magyarorsz\u00e1g","isPartOf":{"@id":"https:\/\/www.welovecycling.com\/hu\/#website"},"primaryImageOfPage":{"@id":"https:\/\/www.welovecycling.com\/hu\/kozosseg-es-kultura\/ismered-ezeket-a-befolyasos-kerekpar-nagykoveteket\/#primaryimage"},"image":{"@id":"https:\/\/www.welovecycling.com\/hu\/kozosseg-es-kultura\/ismered-ezeket-a-befolyasos-kerekpar-nagykoveteket\/#primaryimage"},"thumbnailUrl":"https:\/\/d2p6e6u75xmxt8.cloudfront.net\/12\/2019\/08\/David-Byrne-profimedia-0419217063.jpg","datePublished":"2019-08-13T07:00:28+00:00","author":{"@id":"https:\/\/www.welovecycling.com\/hu\/#\/schema\/person\/414a2aebf1801691a5320edb6468e194"},"breadcrumb":{"@id":"https:\/\/www.welovecycling.com\/hu\/kozosseg-es-kultura\/ismered-ezeket-a-befolyasos-kerekpar-nagykoveteket\/#breadcrumb"},"inLanguage":"hu","potentialAction":[{"@type":"ReadAction","target":["https:\/\/www.welovecycling.com\/hu\/kozosseg-es-kultura\/ismered-ezeket-a-befolyasos-kerekpar-nagykoveteket\/"]}]},{"@type":"ImageObject","inLanguage":"hu","@id":"https:\/\/www.welovecycling.com\/hu\/kozosseg-es-kultura\/ismered-ezeket-a-befolyasos-kerekpar-nagykoveteket\/#primaryimage","url":"https:\/\/d2p6e6u75xmxt8.cloudfront.net\/12\/2019\/08\/David-Byrne-profimedia-0419217063.jpg","contentUrl":"https:\/\/d2p6e6u75xmxt8.cloudfront.net\/12\/2019\/08\/David-Byrne-profimedia-0419217063.jpg","width":1366,"height":600},{"@type":"BreadcrumbList","@id":"https:\/\/www.welovecycling.com\/hu\/kozosseg-es-kultura\/ismered-ezeket-a-befolyasos-kerekpar-nagykoveteket\/#breadcrumb","itemListElement":[{"@type":"ListItem","position":1,"name":"Home","item":"https:\/\/www.welovecycling.com\/hu\/"},{"@type":"ListItem","position":2,"name":"Ismered ezeket a befoly\u00e1sos ker\u00e9kp\u00e1r nagyk\u00f6veteket?"}]},{"@type":"WebSite","@id":"https:\/\/www.welovecycling.com\/hu\/#website","url":"https:\/\/www.welovecycling.com\/hu\/","name":"\u0160koda We Love Cycling - Magyarorsz\u00e1g","description":"\u0160koda WeLoveCycling","potentialAction":[{"@type":"SearchAction","target":{"@type":"EntryPoint","urlTemplate":"https:\/\/www.welovecycling.com\/hu\/?s={search_term_string}"},"query-input":{"@type":"PropertyValueSpecification","valueRequired":true,"valueName":"search_term_string"}}],"inLanguage":"hu"},{"@type":"Person","@id":"https:\/\/www.welovecycling.com\/hu\/#\/schema\/person\/414a2aebf1801691a5320edb6468e194","name":"hegyizs","image":{"@type":"ImageObject","inLanguage":"hu","@id":"https:\/\/www.welovecycling.com\/hu\/#\/schema\/person\/image\/","url":"https:\/\/secure.gravatar.com\/avatar\/02cf8a7906b8cf90cecb4679defac7cfd33a1c2e3b88e4903d947f3bb58eedd3?s=96&d=mm&r=g","contentUrl":"https:\/\/secure.gravatar.com\/avatar\/02cf8a7906b8cf90cecb4679defac7cfd33a1c2e3b88e4903d947f3bb58eedd3?s=96&d=mm&r=g","caption":"hegyizs"},"url":"https:\/\/www.welovecycling.com\/hu\/author\/hegyizs\/"}]}},"_links":{"self":[{"href":"https:\/\/www.welovecycling.com\/hu\/wp-json\/wp\/v2\/posts\/4693","targetHints":{"allow":["GET"]}}],"collection":[{"href":"https:\/\/www.welovecycling.com\/hu\/wp-json\/wp\/v2\/posts"}],"about":[{"href":"https:\/\/www.welovecycling.com\/hu\/wp-json\/wp\/v2\/types\/post"}],"author":[{"embeddable":true,"href":"https:\/\/www.welovecycling.com\/hu\/wp-json\/wp\/v2\/users\/71"}],"replies":[{"embeddable":true,"href":"https:\/\/www.welovecycling.com\/hu\/wp-json\/wp\/v2\/comments?post=4693"}],"version-history":[{"count":2,"href":"https:\/\/www.welovecycling.com\/hu\/wp-json\/wp\/v2\/posts\/4693\/revisions"}],"predecessor-version":[{"id":4707,"href":"https:\/\/www.welovecycling.com\/hu\/wp-json\/wp\/v2\/posts\/4693\/revisions\/4707"}],"wp:featuredmedia":[{"embeddable":true,"href":"https:\/\/www.welovecycling.com\/hu\/wp-json\/wp\/v2\/media\/4698"}],"wp:attachment":[{"href":"https:\/\/www.welovecycling.com\/hu\/wp-json\/wp\/v2\/media?parent=4693"}],"wp:term":[{"taxonomy":"category","embeddable":true,"href":"https:\/\/www.welovecycling.com\/hu\/wp-json\/wp\/v2\/categories?post=4693"},{"taxonomy":"post_tag","embeddable":true,"href":"https:\/\/www.welovecycling.com\/hu\/wp-json\/wp\/v2\/tags?post=4693"},{"taxonomy":"global-categories","embeddable":true,"href":"https:\/\/www.welovecycling.com\/hu\/wp-json\/wp\/v2\/global-categories?post=4693"}],"curies":[{"name":"wp","href":"https:\/\/api.w.org\/{rel}","templated":true}]}}