{"id":4674,"date":"2019-08-12T08:00:44","date_gmt":"2019-08-12T07:00:44","guid":{"rendered":"https:\/\/www.welovecycling.com\/hu\/?p=4674"},"modified":"2019-08-09T15:56:31","modified_gmt":"2019-08-09T14:56:31","slug":"a-pozitiv-kerekparkultura-kiepitese-lepesrol-lepesre","status":"publish","type":"post","link":"https:\/\/www.welovecycling.com\/hu\/kozosseg-es-kultura\/a-pozitiv-kerekparkultura-kiepitese-lepesrol-lepesre\/","title":{"rendered":"A pozit\u00edv ker\u00e9kp\u00e1rkult\u00fara ki\u00e9p\u00edt\u00e9se l\u00e9p\u00e9sr\u0151l-l\u00e9p\u00e9sre"},"content":{"rendered":"<p><strong>Nagyon sokat lehet hallani a nagyv\u00e1rosi vagy gazdag biciklis kult\u00far\u00e1val rendelkez\u0151 v\u00e1rosok ker\u00e9kp\u00e1rosaiknak sz\u00f3l\u00f3 innovat\u00edv programokr\u00f3l, de mi a helyzet azokkal a helyekkel, ahol a ker\u00e9kp\u00e1roz\u00e1s \u00f6tlet\u00e9re m\u00e9g mindig vannak, akik felh\u00fazz\u00e1k a szem\u00f6ld\u00f6k\u00fcket?<\/strong><\/p>\n<p><!--more--><\/p>\n<p>Amikor Margot Gough visszak\u00f6lt\u00f6z\u00f6tt Saskatoonba, a kanadai pr\u00e9ri egyik v\u00e1ros\u00e1ba, nem tudta, hogyan fog alakulni a ker\u00e9kp\u00e1roz\u00e1shoz val\u00f3 viszonya. Ugyan gyerekkor\u00e1ban m\u00e1r j\u00e1rt ker\u00e9kp\u00e1rral Saskatchewanban, m\u00e9gis Montreal \u2013 Kanada legnagyobb ker\u00e9kp\u00e1ros v\u00e1rosa \u2013 volt az a hely, ahol lehet\u0151s\u00e9ge volt workshopokra elj\u00e1rni \u00e9s megismerkedni a ker\u00e9kp\u00e1rja fel\u00e9p\u00edt\u00e9s\u00e9vel, majd elk\u00f6telezett bring\u00e1ss\u00e1 v\u00e1lni.<\/p>\n<figure id=\"attachment_4675\" aria-describedby=\"caption-attachment-4675\" style=\"width: 798px\" class=\"wp-caption alignnone\"><a href=\"https:\/\/d2p6e6u75xmxt8.cloudfront.net\/12\/2019\/08\/sasketoon.jpg\"><img loading=\"lazy\" decoding=\"async\" class=\"size-full wp-image-4675\" src=\"https:\/\/d2p6e6u75xmxt8.cloudfront.net\/12\/2019\/08\/sasketoon.jpg\" alt=\"\" width=\"798\" height=\"280\" srcset=\"https:\/\/d2p6e6u75xmxt8.cloudfront.net\/12\/2019\/08\/sasketoon.jpg 798w, https:\/\/d2p6e6u75xmxt8.cloudfront.net\/12\/2019\/08\/sasketoon-300x105.jpg 300w, https:\/\/d2p6e6u75xmxt8.cloudfront.net\/12\/2019\/08\/sasketoon-768x269.jpg 768w\" sizes=\"auto, (max-width: 798px) 100vw, 798px\" \/><\/a><figcaption id=\"caption-attachment-4675\" class=\"wp-caption-text\"><em>Saskatoon a kanadai Saskatchewan tartom\u00e1ny legnagyobb v\u00e1rosa.<\/em><\/figcaption><\/figure>\n<p>Visszat\u00e9r\u00e9s\u00e9t k\u00f6vet\u0151en elt\u00f6k\u00e9lte, hogy tov\u00e1bbra is ker\u00e9kp\u00e1ron j\u00e1r majd mindenhova \u00e9s valamit vissza is akart adni abb\u00f3l, amit kapott, m\u00e9ghozz\u00e1 \u00fagy, hogy tov\u00e1bbadja a tud\u00e1st, amelyet m\u00e1s bring\u00e1s workshopokon saj\u00e1t\u00edtott el. Nagy lelkesed\u00e9ssel csatlakozott a helyi Bride City Bicycle Co-op-hoz, amely szervezet elk\u00f6telezetten seg\u00edtett b\u00e1rkinek, akinek meg kellett szerelnie vagy helyreraknia a biciklij\u00e9t, illetve hamar besz\u00e1llt a Pedal Wenches-be is, amely egy n\u0151i ker\u00e9kp\u00e1ros csoport.<\/p>\n<p>Pozit\u00edv p\u00e9ldak\u00e9nt arra, mik\u00e9nt is fejl\u0151dik a ker\u00e9kp\u00e1r kult\u00fara teljesen v\u00e1ratlan helyeken, k\u00f6sz\u00f6nhet\u0151en azoknak a szenved\u00e9lyes bring\u00e1soknak, akik im\u00e1dj\u00e1k a biciklit, a We Love Cycling Margot-val besz\u00e9lgetett t\u00f6bbek k\u00f6z\u00f6tt a k\u00f6z\u00f6ss\u00e9g jelent\u0151s\u00e9g\u00e9r\u0151l, a kih\u00edv\u00e1sokr\u00f3l, amelyekkel az akt\u00edv n\u0151knek szembes\u00fclni\u00fck kell, \u00e9s hogy szerinte mit\u0151l kezden\u00e9nek el m\u00e9g t\u00f6bben bring\u00e1zni.<\/p>\n<p><strong><em>Nem sokat hallunk a bring\u00e1s kult\u00far\u00e1r\u00f3l a kisebb v\u00e1rosokban. Mi a k\u00fcl\u00f6nbs\u00e9g Saskatoon \u00e9s Montreal k\u00f6z\u00f6tt?<\/em><\/strong><\/p>\n<p>Montrealban mindenki biciklivel j\u00e1r, b\u00e1rmilyen is az id\u0151j\u00e1r\u00e1s \u00e9s azon sem lep\u0151dik meg senki, ha h\u00f3ban is bring\u00e1ra \u00fclsz, vagy az aut\u00f3p\u00e1ly\u00e1n tekersz. Saskatoonban a ker\u00e9kp\u00e1ros kult\u00fara m\u00e9g mindig gyerekcip\u0151ben j\u00e1r. Sokan egy nagyon sz\u0171k r\u00e9teg \u00e1ltal \u0171z\u00f6tt dolognak tartj\u00e1k az eg\u00e9szet. Ez abb\u00f3l is fakad, hogy a vid\u00e9ki k\u00f6zs\u00e9gekt\u0151l nem sok t\u00e1mogat\u00e1s jut, \u00e9s nagyobb teret kapnak azok, akik hangosan ki\u00e1llnak a biciklisekkel szemben.<\/p>\n<figure id=\"attachment_4676\" aria-describedby=\"caption-attachment-4676\" style=\"width: 1422px\" class=\"wp-caption alignnone\"><a href=\"https:\/\/d2p6e6u75xmxt8.cloudfront.net\/12\/2019\/08\/Margot-Gough.JPG.jpg\"><img loading=\"lazy\" decoding=\"async\" class=\"size-full wp-image-4676\" src=\"https:\/\/d2p6e6u75xmxt8.cloudfront.net\/12\/2019\/08\/Margot-Gough.JPG.jpg\" alt=\"\" width=\"1422\" height=\"1422\" srcset=\"https:\/\/d2p6e6u75xmxt8.cloudfront.net\/12\/2019\/08\/Margot-Gough.JPG.jpg 1422w, https:\/\/d2p6e6u75xmxt8.cloudfront.net\/12\/2019\/08\/Margot-Gough.JPG-150x150.jpg 150w, https:\/\/d2p6e6u75xmxt8.cloudfront.net\/12\/2019\/08\/Margot-Gough.JPG-300x300.jpg 300w, https:\/\/d2p6e6u75xmxt8.cloudfront.net\/12\/2019\/08\/Margot-Gough.JPG-768x768.jpg 768w, https:\/\/d2p6e6u75xmxt8.cloudfront.net\/12\/2019\/08\/Margot-Gough.JPG-1024x1024.jpg 1024w\" sizes=\"auto, (max-width: 1422px) 100vw, 1422px\" \/><\/a><figcaption id=\"caption-attachment-4676\" class=\"wp-caption-text\"><em>Margot Gough \u00e9s az \u0151 Peugeot-ja<\/em><\/figcaption><\/figure>\n<p><strong><em>Ennek ellen\u00e9re neked m\u00e9gis siker\u00fclt a bring\u00e1z\u00e1st egy \u00faj szinte emelned mi\u00f3ta visszat\u00e9rt\u00e9l Saskatoonba \u00e9s bel\u00e9pt\u00e9l egy n\u0151i ker\u00e9kp\u00e1ros klubba. Milyen \u00e9lm\u00e9ny volt az els\u0151 teker\u00e9sed a Pedal Wenches csapat\u00e1val?<\/em><\/strong><\/p>\n<p>\u00c9n teljesen j\u00f3l elvoltam az ing\u00e1z\u00e1ssal, viszont nagyon izgatott egy kiz\u00e1r\u00f3lagosan n\u0151i csapat gondolata is. Hamar lehengerelt a laza hozz\u00e1\u00e1ll\u00e1suk \u00e9s a t\u00e1mogat\u00f3 k\u00f6zeg. K\u00fcl\u00f6nb\u00f6z\u0151 szint\u0171 teker\u00e9si lehet\u0151s\u00e9gekb\u0151l v\u00e1laszthatsz n\u00e1luk. Att\u00f3l f\u00fcgg\u0151en, az adott napon \u00e9ppen hogy \u00e9rzed magad, magasabb vagy alacsonyabb szint\u0171 csoportot is v\u00e1laszthatsz. L\u00e9tezik, egy \u201enem adom fel\u201d szab\u00e1ly, \u00e9s ugyan egy\u00e9rtelm\u0171en van lehet\u0151s\u00e9g, hogy hajtsd magad \u00e9s fejl\u0151dj, a legfontosabb m\u00e9gis az, hogy \u00e9lvezd a teker\u00e9st \u00e9s j\u00f3l \u00e9rezd magad. Be kell vallanom, hogy a log\u00f3 egy kicsit elbizonytalan\u00edtott az elej\u00e9n, amelyen egy bringa \u00e9s egy magassark\u00fa cip\u0151 l\u00e1that\u00f3, de hamar r\u00e1j\u00f6ttem, hogy ebben a csoportban nem sok van meg azokb\u00f3l az akad\u00e1lyokb\u00f3l, amikkel m\u00e1s, n\u0151knek sz\u00f3l\u00f3 fitnesz programokn\u00e1l tal\u00e1lkoztam.<\/p>\n<p><strong><em>K\u00e9ts\u00e9gtelen\u00fcl kih\u00edv\u00e1st jelenthet kialak\u00edtani egy kiz\u00e1r\u00f3lag n\u0151knek sz\u00f3l\u00f3 dolgot, an\u00e9lk\u00fcl, hogy a megszokott sztereot\u00edpi\u00e1k vagy nemi szimb\u00f3lumok a k\u00e9pbe ker\u00fcln\u00e9nek. Milyen kih\u00edv\u00e1sokkal kellett szemben\u00e9zned akt\u00edv n\u0151k\u00e9nt?<\/em><\/strong><\/p>\n<p>Igaz\u00e1b\u00f3l rengeteg olyan embert l\u00e1ttam, akik \u00e1ltal\u00e1nos\u00edtanak azzal kapcsolatban, milyen motiv\u00e1ci\u00f3ja van egy n\u0151nek a mozg\u00e1sra, ezek pedig t\u00e9vesek vagy \u00e1ltal\u00e1ban sim\u00e1n baroms\u00e1gok. Nagyon sok a p\u00e9lda a testsz\u00e9gyen\u00edt\u00e9sre, \u00e9s arra, hogy azt gondolj\u00e1k, az\u00e9rt csin\u00e1lsz valamit, mert nem tetszik a k\u00fcls\u0151d magadnak.\u00a0 Kor\u00e1bban voltam olyan spinning \u00f3r\u00e1kon, ahol a sz\u00e9gyen lek\u00fczd\u00e9s\u00e9re \u00f6szt\u00f6k\u00e9ltek, amit az ev\u00e9s miatt \u00e9rezt\u00e9l vagy m\u00e1s b\u0171ntudat alap\u00fa taktik\u00e1t alkalmaztak. Nagyon \u00f6r\u00fcltem, hogy r\u00e1tal\u00e1ltam a Pedal Wenches csapat\u00e1ra, mert ugyan kem\u00e9nyen dolgozunk mind, de nem reduk\u00e1ljuk le az \u00e9lm\u00e9nyt egyetlen c\u00e9lra, amelynek mindent al\u00e1rendel\u00fcnk. Rengeteget viccel\u0151d\u00fcnk \u00e9s nevet\u00fcnk, de k\u00f6zben elhivatottak vagyunk, hogy egy olyan k\u00f6z\u00f6ss\u00e9get \u00e9p\u00edts\u00fcnk, ahol az emberek \u00fagy \u00e9rzik, t\u00e1mogatj\u00e1k \u0151ket abban, hogy a legt\u00f6bbet kihozz\u00e1k magukb\u00f3l, t\u00e1j\u00e9koz\u00f3djanak a biztons\u00e1gos ker\u00e9kp\u00e1roz\u00e1sr\u00f3l \u00e9s odafigyeljenek egym\u00e1sra.<\/p>\n<figure id=\"attachment_4677\" aria-describedby=\"caption-attachment-4677\" style=\"width: 1080px\" class=\"wp-caption alignnone\"><a href=\"https:\/\/d2p6e6u75xmxt8.cloudfront.net\/12\/2019\/08\/Margot-Gough-1.JPG.jpg\"><img loading=\"lazy\" decoding=\"async\" class=\"size-full wp-image-4677\" src=\"https:\/\/d2p6e6u75xmxt8.cloudfront.net\/12\/2019\/08\/Margot-Gough-1.JPG.jpg\" alt=\"\" width=\"1080\" height=\"1080\" srcset=\"https:\/\/d2p6e6u75xmxt8.cloudfront.net\/12\/2019\/08\/Margot-Gough-1.JPG.jpg 1080w, https:\/\/d2p6e6u75xmxt8.cloudfront.net\/12\/2019\/08\/Margot-Gough-1.JPG-150x150.jpg 150w, https:\/\/d2p6e6u75xmxt8.cloudfront.net\/12\/2019\/08\/Margot-Gough-1.JPG-300x300.jpg 300w, https:\/\/d2p6e6u75xmxt8.cloudfront.net\/12\/2019\/08\/Margot-Gough-1.JPG-768x768.jpg 768w, https:\/\/d2p6e6u75xmxt8.cloudfront.net\/12\/2019\/08\/Margot-Gough-1.JPG-1024x1024.jpg 1024w\" sizes=\"auto, (max-width: 1080px) 100vw, 1080px\" \/><\/a><figcaption id=\"caption-attachment-4677\" class=\"wp-caption-text\"><em>A Pedal Wenches teker\u00e9s k\u00f6zben<\/em><\/figcaption><\/figure>\n<p><strong><em>\u00dagy t\u0171nik, a k\u00f6z\u00f6ss\u00e9g nagyon fontos r\u00e9sz\u00e9t k\u00e9pezi sz\u00e1modra az eg\u00e9sznek. A bike co-opos munk\u00e1d hogyan j\u00e1rul ehhez hozz\u00e1?<\/em><\/strong><\/p>\n<p>Nagyon h\u00e1l\u00e1s voltam a bike co-opnak, hogy r\u00e9szese lehettem Montrealban. Ez egy nagyon kicsi \u00e9s stressz mentes k\u00f6z\u00f6ss\u00e9g volt. Miut\u00e1n r\u00e1j\u00f6ttem, hogy nem fogok semmit t\u00f6nkretenni \u00e9s elkezdtem k\u00e9nyelmesen \u00e9rezni magam, sokkal jobb lett a kapcsolatom a bring\u00e1mmal. Visszat\u00e9rve Saskatchewanba, term\u00e9szetesnek \u00e9reztem, hogy valami hasonl\u00f3t keressek.<\/p>\n<p>A BCBC el\u00e9rhet\u0151 b\u00e1rki sz\u00e1m\u00e1ra, de el\u00e9g egyedi szerepet t\u00f6lt be Saskatoonban. Azon a k\u00f6rny\u00e9ken helyezkedik el, ahol a bring\u00e1hoz val\u00f3 hozz\u00e1f\u00e9r\u00e9snek nagy hat\u00e1sa lehet az egy\u00e9n mobilit\u00e1s\u00e1ra \u00e9s az \u00e1ltal\u00e1nos \u00e9letmin\u0151s\u00e9g\u00e9re. \u00d6nk\u00e9ntesek m\u0171k\u00f6dtetik \u00e9s korl\u00e1tozottak a forr\u00e1sok, sz\u00f3val \u00e1ltal\u00e1ban hossz\u00fa sorok k\u00edgy\u00f3znak, amikor nyitva vagyunk. Van egy hihetetlen \u00f6nk\u00e9ntesekb\u0151l \u00e1ll\u00f3 csapat, \u00edgy a program egyre jobban b\u0151v\u00fcl \u00e9s terjeszkedik. P\u00e9ld\u00e1ul most m\u00e1r van havonta egyszer n\u0151i \u00e9s melegeknek sz\u00f3l\u00f3 workshopunk is.<\/p>\n<p><strong><em>Milyen volt a reakci\u00f3?<\/em><\/strong><\/p>\n<p>Mindenk\u00e9pp v\u00e1ltozatosabb volt a k\u00f6z\u00f6ns\u00e9g, mint a hagyom\u00e1nyos alkalmakon. Sokakt\u00f3l hallottam, hogy j\u00e1rtak m\u00e1r n\u00e1lunk, de \u00fagy \u00e9rezt\u00e9k, nem tudtak kibontakozni, viszont ez az este olyan atmoszf\u00e9r\u00e1t teremtett, ahol k\u00e9nyelmesen \u00e9rezt\u00e9k magukat. El\u00e9g vil\u00e1goss\u00e1 tett\u00fck, hogy mi\u00e9rt van legitimit\u00e1sa egy ilyen esem\u00e9ny megszervez\u00e9s\u00e9nek. M\u00e9g azok is nagyon meg\u00e9rt\u0151ek \u00e1ltal\u00e1ban, akik nem kifejezetten tartoznak a c\u00e9lcsoportba, miut\u00e1n elmagyar\u00e1zzuk az okokat. A szervezeten bel\u00fcl is rengeteg n\u0151nek biztos\u00edtott lehet\u0151s\u00e9get arra, hogy fejlessz\u00e9k a mechanikai k\u00e9pess\u00e9geiket \u00e9s egy k\u00f6zvetlenebb vezet\u0151i szerepet t\u00f6lthessenek be.<\/p>\n<p><a href=\"https:\/\/d2p6e6u75xmxt8.cloudfront.net\/12\/2019\/08\/Margot-Gough-1.jpg\"><img loading=\"lazy\" decoding=\"async\" class=\"alignnone size-full wp-image-4678\" src=\"https:\/\/d2p6e6u75xmxt8.cloudfront.net\/12\/2019\/08\/Margot-Gough-1.jpg\" alt=\"\" width=\"918\" height=\"918\" srcset=\"https:\/\/d2p6e6u75xmxt8.cloudfront.net\/12\/2019\/08\/Margot-Gough-1.jpg 918w, https:\/\/d2p6e6u75xmxt8.cloudfront.net\/12\/2019\/08\/Margot-Gough-1-150x150.jpg 150w, https:\/\/d2p6e6u75xmxt8.cloudfront.net\/12\/2019\/08\/Margot-Gough-1-300x300.jpg 300w, https:\/\/d2p6e6u75xmxt8.cloudfront.net\/12\/2019\/08\/Margot-Gough-1-768x768.jpg 768w\" sizes=\"auto, (max-width: 918px) 100vw, 918px\" \/><\/a><\/p>\n<p><strong><em>Nagyszer\u0171 l\u00e1tni, hogy egyre t\u00f6bb n\u0151 tanulja meg n\u0151t\u00e1rsait\u00f3l, hogyan kell rendben tartani a bring\u00e1j\u00e1t. A workshopjaidon mi a legfontosabb \u00fczenet, amit \u00e1t szeretn\u00e9l adni?<\/em><\/strong><\/p>\n<p>Nagyon igyekszem szembemenni azzal az el\u0151\u00edt\u00e9lettel, hogy a bicikliz\u00e9s valami nagyon speci\u00e1lis vagy exkluz\u00edv dolog lenne. Sokan \u00e9lnek abban a hitben, hogy a bring\u00e1z\u00e1s nagyon intenz\u00edv \u00e9s mi ezt pr\u00f3b\u00e1ljuk tiszt\u00e1zni. El szoktam magyar\u00e1zni, hogy k\u00fcl\u00f6n\u00f6sen n\u0151k\u00e9nt, sz\u00e1momra is szokatlanok voltak anno ezek a dolgok. A fiataloknak sz\u00f3l\u00f3 workshopjaink sor\u00e1n mindig azt mondom, hogy \u201eHa nem vagy biztos valamiben, akkor k\u00e9rdezz! Senki sem tudhat mindent\u201d. Mindig kihangs\u00falyozom, hogy nem vagyok profi szerel\u0151, de siker\u00fclt \u00f6sszeszednem annyi tud\u00e1st, hogy seg\u00edteni tudjak m\u00e1soknak. Nem vagyok elismert orsz\u00e1g\u00fati ker\u00e9kp\u00e1ros sem, de minden h\u00e9ten tekerek, \u00e9s j\u00f3l \u00e9rzem magma. Ez az, ami sz\u00e1m\u00edt, \u00e9s ez\u00e1ltal tudunk m\u00e9g t\u00f6bbeket r\u00e1venni a bring\u00e1z\u00e1sra.<\/p>\n","protected":false},"excerpt":{"rendered":"<p>Nagyon sokat lehet hallani a nagyv\u00e1rosi vagy gazdag biciklis kult\u00far\u00e1val rendelkez\u0151 v\u00e1rosok ker\u00e9kp\u00e1rosaiknak sz\u00f3l\u00f3 innovat\u00edv programokr\u00f3l, de mi a helyzet [&hellip;]<\/p>\n","protected":false},"author":71,"featured_media":4680,"comment_status":"open","ping_status":"open","sticky":false,"template":"","format":"standard","meta":{"footnotes":""},"categories":[12],"tags":[],"global-categories":[],"class_list":["post-4674","post","type-post","status-publish","format-standard","has-post-thumbnail","hentry","category-kozosseg-es-kultura"],"yoast_head":"<!-- This site is optimized with the Yoast SEO Premium plugin v25.3 (Yoast SEO v25.9) - https:\/\/yoast.com\/wordpress\/plugins\/seo\/ -->\n<title>A pozit\u00edv ker\u00e9kp\u00e1rkult\u00fara ki\u00e9p\u00edt\u00e9se l\u00e9p\u00e9sr\u0151l-l\u00e9p\u00e9sre - \u0160koda We Love Cycling - Magyarorsz\u00e1g<\/title>\n<meta name=\"robots\" content=\"index, follow, max-snippet:-1, max-image-preview:large, max-video-preview:-1\" \/>\n<link rel=\"canonical\" href=\"https:\/\/www.welovecycling.com\/hu\/kozosseg-es-kultura\/a-pozitiv-kerekparkultura-kiepitese-lepesrol-lepesre\/\" \/>\n<meta property=\"og:locale\" content=\"hu_HU\" \/>\n<meta property=\"og:type\" content=\"article\" \/>\n<meta property=\"og:title\" content=\"A pozit\u00edv ker\u00e9kp\u00e1rkult\u00fara ki\u00e9p\u00edt\u00e9se l\u00e9p\u00e9sr\u0151l-l\u00e9p\u00e9sre\" \/>\n<meta property=\"og:description\" content=\"Nagyon sokat lehet hallani a nagyv\u00e1rosi vagy gazdag biciklis kult\u00far\u00e1val rendelkez\u0151 v\u00e1rosok ker\u00e9kp\u00e1rosaiknak sz\u00f3l\u00f3 innovat\u00edv programokr\u00f3l, de mi a helyzet [&hellip;]\" \/>\n<meta property=\"og:url\" content=\"https:\/\/www.welovecycling.com\/hu\/kozosseg-es-kultura\/a-pozitiv-kerekparkultura-kiepitese-lepesrol-lepesre\/\" \/>\n<meta property=\"og:site_name\" content=\"\u0160koda We Love Cycling - Magyarorsz\u00e1g\" \/>\n<meta property=\"article:publisher\" content=\"https:\/\/www.facebook.com\/WeLoveCyclingHungary\/\" \/>\n<meta property=\"article:published_time\" content=\"2019-08-12T07:00:44+00:00\" \/>\n<meta property=\"og:image\" content=\"https:\/\/d2p6e6u75xmxt8.cloudfront.net\/12\/2019\/08\/Margot-Gough-CVR.jpg\" \/>\n\t<meta property=\"og:image:width\" content=\"1366\" \/>\n\t<meta property=\"og:image:height\" content=\"600\" \/>\n\t<meta property=\"og:image:type\" content=\"image\/jpeg\" \/>\n<meta name=\"author\" content=\"hegyizs\" \/>\n<meta name=\"twitter:card\" content=\"summary_large_image\" \/>\n<meta name=\"twitter:label1\" content=\"Written by\" \/>\n\t<meta name=\"twitter:data1\" content=\"Megan Flottorp\" \/>\n\t<meta name=\"twitter:label2\" content=\"Est. reading time\" \/>\n\t<meta name=\"twitter:data2\" content=\"7\" \/>\n<script type=\"application\/ld+json\" class=\"yoast-schema-graph\">{\"@context\":\"https:\/\/schema.org\",\"@graph\":[{\"@type\":\"WebPage\",\"@id\":\"https:\/\/www.welovecycling.com\/hu\/kozosseg-es-kultura\/a-pozitiv-kerekparkultura-kiepitese-lepesrol-lepesre\/\",\"url\":\"https:\/\/www.welovecycling.com\/hu\/kozosseg-es-kultura\/a-pozitiv-kerekparkultura-kiepitese-lepesrol-lepesre\/\",\"name\":\"A pozit\u00edv ker\u00e9kp\u00e1rkult\u00fara ki\u00e9p\u00edt\u00e9se l\u00e9p\u00e9sr\u0151l-l\u00e9p\u00e9sre - \u0160koda We Love Cycling - Magyarorsz\u00e1g\",\"isPartOf\":{\"@id\":\"https:\/\/www.welovecycling.com\/hu\/#website\"},\"primaryImageOfPage\":{\"@id\":\"https:\/\/www.welovecycling.com\/hu\/kozosseg-es-kultura\/a-pozitiv-kerekparkultura-kiepitese-lepesrol-lepesre\/#primaryimage\"},\"image\":{\"@id\":\"https:\/\/www.welovecycling.com\/hu\/kozosseg-es-kultura\/a-pozitiv-kerekparkultura-kiepitese-lepesrol-lepesre\/#primaryimage\"},\"thumbnailUrl\":\"https:\/\/d2p6e6u75xmxt8.cloudfront.net\/12\/2019\/08\/Margot-Gough-CVR.jpg\",\"datePublished\":\"2019-08-12T07:00:44+00:00\",\"author\":{\"@id\":\"https:\/\/www.welovecycling.com\/hu\/#\/schema\/person\/414a2aebf1801691a5320edb6468e194\"},\"breadcrumb\":{\"@id\":\"https:\/\/www.welovecycling.com\/hu\/kozosseg-es-kultura\/a-pozitiv-kerekparkultura-kiepitese-lepesrol-lepesre\/#breadcrumb\"},\"inLanguage\":\"hu\",\"potentialAction\":[{\"@type\":\"ReadAction\",\"target\":[\"https:\/\/www.welovecycling.com\/hu\/kozosseg-es-kultura\/a-pozitiv-kerekparkultura-kiepitese-lepesrol-lepesre\/\"]}]},{\"@type\":\"ImageObject\",\"inLanguage\":\"hu\",\"@id\":\"https:\/\/www.welovecycling.com\/hu\/kozosseg-es-kultura\/a-pozitiv-kerekparkultura-kiepitese-lepesrol-lepesre\/#primaryimage\",\"url\":\"https:\/\/d2p6e6u75xmxt8.cloudfront.net\/12\/2019\/08\/Margot-Gough-CVR.jpg\",\"contentUrl\":\"https:\/\/d2p6e6u75xmxt8.cloudfront.net\/12\/2019\/08\/Margot-Gough-CVR.jpg\",\"width\":1366,\"height\":600},{\"@type\":\"BreadcrumbList\",\"@id\":\"https:\/\/www.welovecycling.com\/hu\/kozosseg-es-kultura\/a-pozitiv-kerekparkultura-kiepitese-lepesrol-lepesre\/#breadcrumb\",\"itemListElement\":[{\"@type\":\"ListItem\",\"position\":1,\"name\":\"Home\",\"item\":\"https:\/\/www.welovecycling.com\/hu\/\"},{\"@type\":\"ListItem\",\"position\":2,\"name\":\"A pozit\u00edv ker\u00e9kp\u00e1rkult\u00fara ki\u00e9p\u00edt\u00e9se l\u00e9p\u00e9sr\u0151l-l\u00e9p\u00e9sre\"}]},{\"@type\":\"WebSite\",\"@id\":\"https:\/\/www.welovecycling.com\/hu\/#website\",\"url\":\"https:\/\/www.welovecycling.com\/hu\/\",\"name\":\"\u0160koda We Love Cycling - Magyarorsz\u00e1g\",\"description\":\"\u0160koda WeLoveCycling\",\"potentialAction\":[{\"@type\":\"SearchAction\",\"target\":{\"@type\":\"EntryPoint\",\"urlTemplate\":\"https:\/\/www.welovecycling.com\/hu\/?s={search_term_string}\"},\"query-input\":{\"@type\":\"PropertyValueSpecification\",\"valueRequired\":true,\"valueName\":\"search_term_string\"}}],\"inLanguage\":\"hu\"},{\"@type\":\"Person\",\"@id\":\"https:\/\/www.welovecycling.com\/hu\/#\/schema\/person\/414a2aebf1801691a5320edb6468e194\",\"name\":\"hegyizs\",\"image\":{\"@type\":\"ImageObject\",\"inLanguage\":\"hu\",\"@id\":\"https:\/\/www.welovecycling.com\/hu\/#\/schema\/person\/image\/\",\"url\":\"https:\/\/secure.gravatar.com\/avatar\/02cf8a7906b8cf90cecb4679defac7cfd33a1c2e3b88e4903d947f3bb58eedd3?s=96&d=mm&r=g\",\"contentUrl\":\"https:\/\/secure.gravatar.com\/avatar\/02cf8a7906b8cf90cecb4679defac7cfd33a1c2e3b88e4903d947f3bb58eedd3?s=96&d=mm&r=g\",\"caption\":\"hegyizs\"},\"url\":\"https:\/\/www.welovecycling.com\/hu\/author\/hegyizs\/\"}]}<\/script>\n<!-- \/ Yoast SEO Premium plugin. -->","yoast_head_json":{"title":"A pozit\u00edv ker\u00e9kp\u00e1rkult\u00fara ki\u00e9p\u00edt\u00e9se l\u00e9p\u00e9sr\u0151l-l\u00e9p\u00e9sre - \u0160koda We Love Cycling - Magyarorsz\u00e1g","robots":{"index":"index","follow":"follow","max-snippet":"max-snippet:-1","max-image-preview":"max-image-preview:large","max-video-preview":"max-video-preview:-1"},"canonical":"https:\/\/www.welovecycling.com\/hu\/kozosseg-es-kultura\/a-pozitiv-kerekparkultura-kiepitese-lepesrol-lepesre\/","og_locale":"hu_HU","og_type":"article","og_title":"A pozit\u00edv ker\u00e9kp\u00e1rkult\u00fara ki\u00e9p\u00edt\u00e9se l\u00e9p\u00e9sr\u0151l-l\u00e9p\u00e9sre","og_description":"Nagyon sokat lehet hallani a nagyv\u00e1rosi vagy gazdag biciklis kult\u00far\u00e1val rendelkez\u0151 v\u00e1rosok ker\u00e9kp\u00e1rosaiknak sz\u00f3l\u00f3 innovat\u00edv programokr\u00f3l, de mi a helyzet [&hellip;]","og_url":"https:\/\/www.welovecycling.com\/hu\/kozosseg-es-kultura\/a-pozitiv-kerekparkultura-kiepitese-lepesrol-lepesre\/","og_site_name":"\u0160koda We Love Cycling - Magyarorsz\u00e1g","article_publisher":"https:\/\/www.facebook.com\/WeLoveCyclingHungary\/","article_published_time":"2019-08-12T07:00:44+00:00","og_image":[{"width":1366,"height":600,"url":"https:\/\/d2p6e6u75xmxt8.cloudfront.net\/12\/2019\/08\/Margot-Gough-CVR.jpg","type":"image\/jpeg"}],"author":"hegyizs","twitter_card":"summary_large_image","twitter_misc":{"Written by":"Megan Flottorp","Est. reading time":"7"},"schema":{"@context":"https:\/\/schema.org","@graph":[{"@type":"WebPage","@id":"https:\/\/www.welovecycling.com\/hu\/kozosseg-es-kultura\/a-pozitiv-kerekparkultura-kiepitese-lepesrol-lepesre\/","url":"https:\/\/www.welovecycling.com\/hu\/kozosseg-es-kultura\/a-pozitiv-kerekparkultura-kiepitese-lepesrol-lepesre\/","name":"A pozit\u00edv ker\u00e9kp\u00e1rkult\u00fara ki\u00e9p\u00edt\u00e9se l\u00e9p\u00e9sr\u0151l-l\u00e9p\u00e9sre - \u0160koda We Love Cycling - Magyarorsz\u00e1g","isPartOf":{"@id":"https:\/\/www.welovecycling.com\/hu\/#website"},"primaryImageOfPage":{"@id":"https:\/\/www.welovecycling.com\/hu\/kozosseg-es-kultura\/a-pozitiv-kerekparkultura-kiepitese-lepesrol-lepesre\/#primaryimage"},"image":{"@id":"https:\/\/www.welovecycling.com\/hu\/kozosseg-es-kultura\/a-pozitiv-kerekparkultura-kiepitese-lepesrol-lepesre\/#primaryimage"},"thumbnailUrl":"https:\/\/d2p6e6u75xmxt8.cloudfront.net\/12\/2019\/08\/Margot-Gough-CVR.jpg","datePublished":"2019-08-12T07:00:44+00:00","author":{"@id":"https:\/\/www.welovecycling.com\/hu\/#\/schema\/person\/414a2aebf1801691a5320edb6468e194"},"breadcrumb":{"@id":"https:\/\/www.welovecycling.com\/hu\/kozosseg-es-kultura\/a-pozitiv-kerekparkultura-kiepitese-lepesrol-lepesre\/#breadcrumb"},"inLanguage":"hu","potentialAction":[{"@type":"ReadAction","target":["https:\/\/www.welovecycling.com\/hu\/kozosseg-es-kultura\/a-pozitiv-kerekparkultura-kiepitese-lepesrol-lepesre\/"]}]},{"@type":"ImageObject","inLanguage":"hu","@id":"https:\/\/www.welovecycling.com\/hu\/kozosseg-es-kultura\/a-pozitiv-kerekparkultura-kiepitese-lepesrol-lepesre\/#primaryimage","url":"https:\/\/d2p6e6u75xmxt8.cloudfront.net\/12\/2019\/08\/Margot-Gough-CVR.jpg","contentUrl":"https:\/\/d2p6e6u75xmxt8.cloudfront.net\/12\/2019\/08\/Margot-Gough-CVR.jpg","width":1366,"height":600},{"@type":"BreadcrumbList","@id":"https:\/\/www.welovecycling.com\/hu\/kozosseg-es-kultura\/a-pozitiv-kerekparkultura-kiepitese-lepesrol-lepesre\/#breadcrumb","itemListElement":[{"@type":"ListItem","position":1,"name":"Home","item":"https:\/\/www.welovecycling.com\/hu\/"},{"@type":"ListItem","position":2,"name":"A pozit\u00edv ker\u00e9kp\u00e1rkult\u00fara ki\u00e9p\u00edt\u00e9se l\u00e9p\u00e9sr\u0151l-l\u00e9p\u00e9sre"}]},{"@type":"WebSite","@id":"https:\/\/www.welovecycling.com\/hu\/#website","url":"https:\/\/www.welovecycling.com\/hu\/","name":"\u0160koda We Love Cycling - Magyarorsz\u00e1g","description":"\u0160koda WeLoveCycling","potentialAction":[{"@type":"SearchAction","target":{"@type":"EntryPoint","urlTemplate":"https:\/\/www.welovecycling.com\/hu\/?s={search_term_string}"},"query-input":{"@type":"PropertyValueSpecification","valueRequired":true,"valueName":"search_term_string"}}],"inLanguage":"hu"},{"@type":"Person","@id":"https:\/\/www.welovecycling.com\/hu\/#\/schema\/person\/414a2aebf1801691a5320edb6468e194","name":"hegyizs","image":{"@type":"ImageObject","inLanguage":"hu","@id":"https:\/\/www.welovecycling.com\/hu\/#\/schema\/person\/image\/","url":"https:\/\/secure.gravatar.com\/avatar\/02cf8a7906b8cf90cecb4679defac7cfd33a1c2e3b88e4903d947f3bb58eedd3?s=96&d=mm&r=g","contentUrl":"https:\/\/secure.gravatar.com\/avatar\/02cf8a7906b8cf90cecb4679defac7cfd33a1c2e3b88e4903d947f3bb58eedd3?s=96&d=mm&r=g","caption":"hegyizs"},"url":"https:\/\/www.welovecycling.com\/hu\/author\/hegyizs\/"}]}},"_links":{"self":[{"href":"https:\/\/www.welovecycling.com\/hu\/wp-json\/wp\/v2\/posts\/4674","targetHints":{"allow":["GET"]}}],"collection":[{"href":"https:\/\/www.welovecycling.com\/hu\/wp-json\/wp\/v2\/posts"}],"about":[{"href":"https:\/\/www.welovecycling.com\/hu\/wp-json\/wp\/v2\/types\/post"}],"author":[{"embeddable":true,"href":"https:\/\/www.welovecycling.com\/hu\/wp-json\/wp\/v2\/users\/71"}],"replies":[{"embeddable":true,"href":"https:\/\/www.welovecycling.com\/hu\/wp-json\/wp\/v2\/comments?post=4674"}],"version-history":[{"count":2,"href":"https:\/\/www.welovecycling.com\/hu\/wp-json\/wp\/v2\/posts\/4674\/revisions"}],"predecessor-version":[{"id":4681,"href":"https:\/\/www.welovecycling.com\/hu\/wp-json\/wp\/v2\/posts\/4674\/revisions\/4681"}],"wp:featuredmedia":[{"embeddable":true,"href":"https:\/\/www.welovecycling.com\/hu\/wp-json\/wp\/v2\/media\/4680"}],"wp:attachment":[{"href":"https:\/\/www.welovecycling.com\/hu\/wp-json\/wp\/v2\/media?parent=4674"}],"wp:term":[{"taxonomy":"category","embeddable":true,"href":"https:\/\/www.welovecycling.com\/hu\/wp-json\/wp\/v2\/categories?post=4674"},{"taxonomy":"post_tag","embeddable":true,"href":"https:\/\/www.welovecycling.com\/hu\/wp-json\/wp\/v2\/tags?post=4674"},{"taxonomy":"global-categories","embeddable":true,"href":"https:\/\/www.welovecycling.com\/hu\/wp-json\/wp\/v2\/global-categories?post=4674"}],"curies":[{"name":"wp","href":"https:\/\/api.w.org\/{rel}","templated":true}]}}