{"id":4617,"date":"2019-08-03T14:00:20","date_gmt":"2019-08-03T13:00:20","guid":{"rendered":"https:\/\/www.welovecycling.com\/hu\/?p=4617"},"modified":"2019-07-26T14:47:55","modified_gmt":"2019-07-26T13:47:55","slug":"villamhaboru-ketkereken-japan-modra","status":"publish","type":"post","link":"https:\/\/www.welovecycling.com\/hu\/kozosseg-es-kultura\/villamhaboru-ketkereken-japan-modra\/","title":{"rendered":"Vill\u00e1mh\u00e1bor\u00fa k\u00e9tker\u00e9ken jap\u00e1n m\u00f3dra"},"content":{"rendered":"<p><strong>\u00c9vtizedekkel azel\u0151tt, hogy a montikat feltal\u00e1lt\u00e1k volna, a ker\u00e9kp\u00e1rok kiv\u00e9teles k\u00f6zleked\u00e9si eszk\u00f6z\u00f6knek bizonyultak sz\u00e1mos bevehetetlen terepen. A biciklik hat\u00e9konys\u00e1g\u00e1t a jap\u00e1n hadsereg is felismerte a m\u00e1sodik vil\u00e1gh\u00e1bor\u00faban, a sz\u00f6vets\u00e9ges er\u0151k elleni mal\u00e1j hadj\u00e1rat sor\u00e1n. A jap\u00e1n csapatok v\u00e1ratlanul gyors \u00e9s els\u00f6pr\u0151 el\u0151ret\u00f6r\u00e9se, amely sor\u00e1n ker\u00e9kp\u00e1rokkal foglalt\u00e1k el Mal\u00e1jf\u00f6ldet \u00e9s vett\u00e9k be Szingap\u00fart, \u201eBicikli Blietzkrieg\u201d n\u00e9ven vonult be a t\u00f6rt\u00e9nelembe. De mik\u00e9nt is j\u00e1rultak hozz\u00e1 a biciklik a gy\u0151zelemhez?<\/strong><\/p>\n<p><!--more--><\/p>\n<p>A m\u00e1sodik vil\u00e1gh\u00e1bor\u00fa kezdetekor az \u00fagynevezett vill\u00e1mh\u00e1bor\u00fa (\u201eBlitzkrieg\u201d a n\u00e9met Blitz, azaz vill\u00e1m \u00e9s a Krieg, azaz h\u00e1bor\u00fa szavakb\u00f3l) a n\u00e9met hadsereg hadvisel\u00e9si doktr\u00edn\u00e1j\u00e1v\u00e1 v\u00e1lt, \u00e9s a gyorsas\u00e1gra \u00e9s a meglepet\u00e9s erej\u00e9re alapozva m\u00e9rt csap\u00e1st az ellens\u00e9gre. Amit a n\u00e9met hadsereg bemutatott Lengyelorsz\u00e1gban \u00e9s Franciaorsz\u00e1gban 1940-ben, azt akarta Jap\u00e1n is megism\u00e9telni Kelet-\u00c1zsi\u00e1ban, hogy ki\u0171zze a nyugati gyarmatos\u00edt\u00f3kat a t\u00e9rs\u00e9gb\u0151l.<\/p>\n<figure id=\"attachment_4618\" aria-describedby=\"caption-attachment-4618\" style=\"width: 652px\" class=\"wp-caption alignnone\"><a href=\"https:\/\/d2p6e6u75xmxt8.cloudfront.net\/12\/2019\/07\/WW-Malaya-5-HTMar04.jpg\"><img loading=\"lazy\" decoding=\"async\" class=\"wp-image-4618 size-full\" src=\"https:\/\/d2p6e6u75xmxt8.cloudfront.net\/12\/2019\/07\/WW-Malaya-5-HTMar04.jpg\" alt=\"\" width=\"652\" height=\"386\" srcset=\"https:\/\/d2p6e6u75xmxt8.cloudfront.net\/12\/2019\/07\/WW-Malaya-5-HTMar04.jpg 652w, https:\/\/d2p6e6u75xmxt8.cloudfront.net\/12\/2019\/07\/WW-Malaya-5-HTMar04-300x178.jpg 300w\" sizes=\"auto, (max-width: 652px) 100vw, 652px\" \/><\/a><figcaption id=\"caption-attachment-4618\" class=\"wp-caption-text\"><em>Jap\u00e1n csapatok ker\u00e9kp\u00e1rokon.<\/em><\/figcaption><\/figure>\n<p>Az inv\u00e1zi\u00f3 1941 december 8-\u00e1n kezd\u0151d\u00f6tt meg, pontosan egy \u00f3r\u00e1val \u00e9s h\u00fasz perccel az el\u0151tt, hogy Jap\u00e1n csap\u00e1st m\u00e9rt Pearl Harbourre, \u00edgy ez volt a h\u00e1bor\u00fa csendes-\u00f3ce\u00e1ni sz\u00ednter\u00e9n az els\u0151 nagyobb \u00f6ssze\u00fctk\u00f6z\u00e9s. A jap\u00e1n Cs\u00e1sz\u00e1ri Hadsereg f\u0151hadnagya, Tomoyuki Yamashita (Tomojuki Jamasita) \u00e9s az \u00e1ltala vezetett 25. hadsereg kevesebb, mint 70 nap alatt foglalta el a teljes, 1120 km hossz\u00fa f\u00e9lszigetet, diadalmaskodva az azt v\u00e9delmez\u0151 sz\u00f6vets\u00e9ges brit, ausztr\u00e1l, indiai \u00e9s mal\u00e1j hatalmakon, el\u0151renyomulva a mal\u00e1j dzsungelen. Gy\u0151zelm\u00fck a Brit Birodalom v\u00e9g\u00e9nek kezdet\u00e9t jelentette \u00c1zsi\u00e1ban. A kiv\u00e1l\u00f3 ir\u00e1ny\u00edt\u00e1son, rafin\u00e1lt h\u00edrszerz\u00e9sen, megfelel\u0151en kivitelezett er\u0151alkalmaz\u00e1son \u00e9s kiv\u00e9teles szervez\u0151k\u00e9szs\u00e9gen k\u00edv\u00fcl a ker\u00e9kp\u00e1rok bevet\u00e9s\u00e9t is felel\u0151snek tartj\u00e1k a sz\u00f6vets\u00e9ges hatalmak trag\u00e9di\u00e1j\u00e1\u00e9rt.<\/p>\n<p>A jap\u00e1n hadsereg a lovak helyet ink\u00e1bb a ker\u00e9kp\u00e1rok mellett d\u00f6nt\u00f6tt. Ez a d\u00f6nt\u00e9s seg\u00edtette el\u0151, hogy a katon\u00e1k gyorsabban \u00e9s kevesebb er\u0151fesz\u00edt\u00e9ssel nyomulhassanak el\u0151re, hogy ezzel meglepj\u00e9k \u00e9s \u00f6sszezavarj\u00e1k a v\u00e9dekez\u0151 ellenfelet. A bicikliket nem vont\u00e1k be a partrasz\u00e1ll\u00e1si hadm\u0171veletbe, tartva t\u0151le, hogy lelass\u00edtj\u00e1k azt, de a jap\u00e1n hadsereg strat\u00e9giailag sz\u00e1molt a t\u00f6bb ezer ker\u00e9kp\u00e1rral, amelyet a h\u00e1bor\u00fa el\u0151tt Mal\u00e1jf\u00f6ldre import\u00e1ltak, \u00e9s ezeket k\u00e9sz\u00fcltek elkobozni a civilekt\u0151l \u00e9s a keresked\u0151kt\u0151l.<\/p>\n<p><a href=\"https:\/\/d2p6e6u75xmxt8.cloudfront.net\/12\/2019\/07\/Fall-of-Singapore.jpg\"><img loading=\"lazy\" decoding=\"async\" class=\"alignnone size-full wp-image-4619\" src=\"https:\/\/d2p6e6u75xmxt8.cloudfront.net\/12\/2019\/07\/Fall-of-Singapore.jpg\" alt=\"\" width=\"1400\" height=\"933\" srcset=\"https:\/\/d2p6e6u75xmxt8.cloudfront.net\/12\/2019\/07\/Fall-of-Singapore.jpg 1400w, https:\/\/d2p6e6u75xmxt8.cloudfront.net\/12\/2019\/07\/Fall-of-Singapore-300x200.jpg 300w, https:\/\/d2p6e6u75xmxt8.cloudfront.net\/12\/2019\/07\/Fall-of-Singapore-768x512.jpg 768w, https:\/\/d2p6e6u75xmxt8.cloudfront.net\/12\/2019\/07\/Fall-of-Singapore-1024x682.jpg 1024w, https:\/\/d2p6e6u75xmxt8.cloudfront.net\/12\/2019\/07\/Fall-of-Singapore-272x182.jpg 272w\" sizes=\"auto, (max-width: 1400px) 100vw, 1400px\" \/><\/a><\/p>\n<p>Norm\u00e1l k\u00f6r\u00fclm\u00e9nyek k\u00f6z\u00f6tt a visszavonul\u00f3ban l\u00e9v\u0151 seregek gyorsabban mozognak, mint az \u00fcld\u00f6z\u0151ik, akiket lelass\u00edt a lerombolt infrastrukt\u00fara, mint p\u00e9ld\u00e1ul a felrobbantott hidak vagy az eltorlaszolt utak. Ez\u00fattal viszont a jap\u00e1n katon\u00e1k k\u00e9pesek voltak haszn\u00e1lni a sz\u0171k utakat, rejtett \u00f6sv\u00e9nyeket \u00e9s far\u00f6nk\u00f6kb\u0151l \u00f6sszet\u00e1kolt hidakat. M\u00e9g ha nem is volt h\u00edd, amin \u00e1t tudtak volna kelni, a katon\u00e1k a v\u00e1llukra vett\u00e9k a bicikliket \u00e9s \u00fagy g\u00e1zoltak \u00e1t a foly\u00f3kon.<\/p>\n<p>A bring\u00e1k a felszerel\u00e9sek sz\u00e1ll\u00edt\u00e1s\u00e1ban is kiv\u00e1l\u00f3 seg\u00edts\u00e9gnek bizonyultak. Am\u00edg a brit katon\u00e1k 18 kil\u00f3t voltak k\u00e9pesek cipelni a dzsungelen \u00e1tkelve, addig a jap\u00e1n ellenfeleik k\u00e9tszer ennyit tudtak magukkal vinni, megosztva a terhel\u00e9st a katon\u00e1k \u00e9s a ker\u00e9kp\u00e1rok k\u00f6z\u00f6tt. \u201eM\u00e9g a hossz\u00fal\u00e1b\u00fa angolok sem tudtak elfutni a ker\u00e9kp\u00e1rjaink el\u0151l.\u201d &#8211; eml\u00e9kezett vissza Masanobu Tsuji (Maszanobu Cudzsi) ezredes. \u201eEz volt az oka annak, hogy folyamatosan let\u00e9rtek az utakr\u00f3l a dzsungelbe, ahol k\u00e9nytelenek voltak megadni magukat, miut\u00e1n nem siker\u00fclt a visszavonul\u00e1s.\u201d<\/p>\n<p><a href=\"https:\/\/d2p6e6u75xmxt8.cloudfront.net\/12\/2019\/07\/15KBy.jpg\"><img loading=\"lazy\" decoding=\"async\" class=\"alignnone size-full wp-image-4620\" src=\"https:\/\/d2p6e6u75xmxt8.cloudfront.net\/12\/2019\/07\/15KBy.jpg\" alt=\"\" width=\"640\" height=\"341\" srcset=\"https:\/\/d2p6e6u75xmxt8.cloudfront.net\/12\/2019\/07\/15KBy.jpg 640w, https:\/\/d2p6e6u75xmxt8.cloudfront.net\/12\/2019\/07\/15KBy-300x160.jpg 300w\" sizes=\"auto, (max-width: 640px) 100vw, 640px\" \/><\/a><\/p>\n<p>A ker\u00e9kp\u00e1rok bevet\u00e9s\u00e9nek egy el\u0151re nem tervezett szerepe is volt a sz\u00f6vets\u00e9gesek megt\u00e9veszt\u00e9s\u00e9ben. Az ellens\u00e9g \u00fcld\u00f6z\u00e9se k\u00f6zben kilyukadt ker\u00e9kp\u00e1rgumikat egyszer\u0171en sebt\u00e9ben leszedt\u00e9k a jap\u00e1n biciklikr\u0151l \u00e9s a puszta felniken tekertek tov\u00e1bb.\u00a0 \u00cdgy az el\u0151renyomul\u00f3 ker\u00e9kp\u00e1rboly olyan zajt hallatott, mintha tankok k\u00f6zeledn\u00e9nek, amelynek k\u00f6vetkezt\u00e9ben a sz\u00f6vets\u00e9ges er\u0151k fejvesztett menek\u00fcl\u00e9sbe kezdtek, mik\u00f6zben azt ki\u00e1ltozt\u00e1k, hogy \u201eJ\u00f6nnek a tankok!\u201d.<\/p>\n<p>A jap\u00e1nok \u00e1tvett\u00e9k az ir\u00e1ny\u00edt\u00e1st a f\u00e9lsziget felett, miut\u00e1n az ellenf\u00e9l Szingap\u00farn\u00e1l megadta mag\u00e1t 1942. febru\u00e1r 16-\u00e1n \u00e9s eg\u00e9szen addig az ellen\u0151rz\u00e9s\u00fck alatt tartott\u00e1k azt, am\u00edg v\u00e9g\u00fcl 1945-ben v\u00e9gleg meg nem adt\u00e1k magukat a sz\u00f6vets\u00e9geseknek.<\/p>\n","protected":false},"excerpt":{"rendered":"<p>\u00c9vtizedekkel azel\u0151tt, hogy a montikat feltal\u00e1lt\u00e1k volna, a ker\u00e9kp\u00e1rok kiv\u00e9teles k\u00f6zleked\u00e9si eszk\u00f6z\u00f6knek bizonyultak sz\u00e1mos bevehetetlen terepen. A biciklik hat\u00e9konys\u00e1g\u00e1t a [&hellip;]<\/p>\n","protected":false},"author":71,"featured_media":4622,"comment_status":"open","ping_status":"open","sticky":false,"template":"","format":"standard","meta":{"footnotes":""},"categories":[12],"tags":[],"global-categories":[],"class_list":["post-4617","post","type-post","status-publish","format-standard","has-post-thumbnail","hentry","category-kozosseg-es-kultura"],"yoast_head":"<!-- This site is optimized with the Yoast SEO Premium plugin v25.3 (Yoast SEO v25.9) - https:\/\/yoast.com\/wordpress\/plugins\/seo\/ -->\n<title>Vill\u00e1mh\u00e1bor\u00fa k\u00e9tker\u00e9ken jap\u00e1n m\u00f3dra - \u0160koda We Love Cycling - Magyarorsz\u00e1g<\/title>\n<meta name=\"robots\" content=\"index, follow, max-snippet:-1, max-image-preview:large, max-video-preview:-1\" \/>\n<link rel=\"canonical\" href=\"https:\/\/www.welovecycling.com\/hu\/kozosseg-es-kultura\/villamhaboru-ketkereken-japan-modra\/\" \/>\n<meta property=\"og:locale\" content=\"hu_HU\" \/>\n<meta property=\"og:type\" content=\"article\" \/>\n<meta property=\"og:title\" content=\"Vill\u00e1mh\u00e1bor\u00fa k\u00e9tker\u00e9ken jap\u00e1n m\u00f3dra\" \/>\n<meta property=\"og:description\" content=\"\u00c9vtizedekkel azel\u0151tt, hogy a montikat feltal\u00e1lt\u00e1k volna, a ker\u00e9kp\u00e1rok kiv\u00e9teles k\u00f6zleked\u00e9si eszk\u00f6z\u00f6knek bizonyultak sz\u00e1mos bevehetetlen terepen. A biciklik hat\u00e9konys\u00e1g\u00e1t a [&hellip;]\" \/>\n<meta property=\"og:url\" content=\"https:\/\/www.welovecycling.com\/hu\/kozosseg-es-kultura\/villamhaboru-ketkereken-japan-modra\/\" \/>\n<meta property=\"og:site_name\" content=\"\u0160koda We Love Cycling - Magyarorsz\u00e1g\" \/>\n<meta property=\"article:publisher\" content=\"https:\/\/www.facebook.com\/WeLoveCyclingHungary\/\" \/>\n<meta property=\"article:published_time\" content=\"2019-08-03T13:00:20+00:00\" \/>\n<meta property=\"og:image\" content=\"https:\/\/d2p6e6u75xmxt8.cloudfront.net\/12\/2019\/07\/Japan-WW2-CVR.jpg\" \/>\n\t<meta property=\"og:image:width\" content=\"1366\" \/>\n\t<meta property=\"og:image:height\" content=\"600\" \/>\n\t<meta property=\"og:image:type\" content=\"image\/jpeg\" \/>\n<meta name=\"author\" content=\"hegyizs\" \/>\n<meta name=\"twitter:card\" content=\"summary_large_image\" \/>\n<meta name=\"twitter:label1\" content=\"Written by\" \/>\n\t<meta name=\"twitter:data1\" content=\"Adam Marsal\" \/>\n\t<meta name=\"twitter:label2\" content=\"Est. reading time\" \/>\n\t<meta name=\"twitter:data2\" content=\"6\" \/>\n<script type=\"application\/ld+json\" class=\"yoast-schema-graph\">{\"@context\":\"https:\/\/schema.org\",\"@graph\":[{\"@type\":\"WebPage\",\"@id\":\"https:\/\/www.welovecycling.com\/hu\/kozosseg-es-kultura\/villamhaboru-ketkereken-japan-modra\/\",\"url\":\"https:\/\/www.welovecycling.com\/hu\/kozosseg-es-kultura\/villamhaboru-ketkereken-japan-modra\/\",\"name\":\"Vill\u00e1mh\u00e1bor\u00fa k\u00e9tker\u00e9ken jap\u00e1n m\u00f3dra - \u0160koda We Love Cycling - Magyarorsz\u00e1g\",\"isPartOf\":{\"@id\":\"https:\/\/www.welovecycling.com\/hu\/#website\"},\"primaryImageOfPage\":{\"@id\":\"https:\/\/www.welovecycling.com\/hu\/kozosseg-es-kultura\/villamhaboru-ketkereken-japan-modra\/#primaryimage\"},\"image\":{\"@id\":\"https:\/\/www.welovecycling.com\/hu\/kozosseg-es-kultura\/villamhaboru-ketkereken-japan-modra\/#primaryimage\"},\"thumbnailUrl\":\"https:\/\/d2p6e6u75xmxt8.cloudfront.net\/12\/2019\/07\/Japan-WW2-CVR.jpg\",\"datePublished\":\"2019-08-03T13:00:20+00:00\",\"author\":{\"@id\":\"https:\/\/www.welovecycling.com\/hu\/#\/schema\/person\/414a2aebf1801691a5320edb6468e194\"},\"breadcrumb\":{\"@id\":\"https:\/\/www.welovecycling.com\/hu\/kozosseg-es-kultura\/villamhaboru-ketkereken-japan-modra\/#breadcrumb\"},\"inLanguage\":\"hu\",\"potentialAction\":[{\"@type\":\"ReadAction\",\"target\":[\"https:\/\/www.welovecycling.com\/hu\/kozosseg-es-kultura\/villamhaboru-ketkereken-japan-modra\/\"]}]},{\"@type\":\"ImageObject\",\"inLanguage\":\"hu\",\"@id\":\"https:\/\/www.welovecycling.com\/hu\/kozosseg-es-kultura\/villamhaboru-ketkereken-japan-modra\/#primaryimage\",\"url\":\"https:\/\/d2p6e6u75xmxt8.cloudfront.net\/12\/2019\/07\/Japan-WW2-CVR.jpg\",\"contentUrl\":\"https:\/\/d2p6e6u75xmxt8.cloudfront.net\/12\/2019\/07\/Japan-WW2-CVR.jpg\",\"width\":1366,\"height\":600},{\"@type\":\"BreadcrumbList\",\"@id\":\"https:\/\/www.welovecycling.com\/hu\/kozosseg-es-kultura\/villamhaboru-ketkereken-japan-modra\/#breadcrumb\",\"itemListElement\":[{\"@type\":\"ListItem\",\"position\":1,\"name\":\"Home\",\"item\":\"https:\/\/www.welovecycling.com\/hu\/\"},{\"@type\":\"ListItem\",\"position\":2,\"name\":\"Vill\u00e1mh\u00e1bor\u00fa k\u00e9tker\u00e9ken jap\u00e1n m\u00f3dra\"}]},{\"@type\":\"WebSite\",\"@id\":\"https:\/\/www.welovecycling.com\/hu\/#website\",\"url\":\"https:\/\/www.welovecycling.com\/hu\/\",\"name\":\"\u0160koda We Love Cycling - Magyarorsz\u00e1g\",\"description\":\"\u0160koda WeLoveCycling\",\"potentialAction\":[{\"@type\":\"SearchAction\",\"target\":{\"@type\":\"EntryPoint\",\"urlTemplate\":\"https:\/\/www.welovecycling.com\/hu\/?s={search_term_string}\"},\"query-input\":{\"@type\":\"PropertyValueSpecification\",\"valueRequired\":true,\"valueName\":\"search_term_string\"}}],\"inLanguage\":\"hu\"},{\"@type\":\"Person\",\"@id\":\"https:\/\/www.welovecycling.com\/hu\/#\/schema\/person\/414a2aebf1801691a5320edb6468e194\",\"name\":\"hegyizs\",\"image\":{\"@type\":\"ImageObject\",\"inLanguage\":\"hu\",\"@id\":\"https:\/\/www.welovecycling.com\/hu\/#\/schema\/person\/image\/\",\"url\":\"https:\/\/secure.gravatar.com\/avatar\/02cf8a7906b8cf90cecb4679defac7cfd33a1c2e3b88e4903d947f3bb58eedd3?s=96&d=mm&r=g\",\"contentUrl\":\"https:\/\/secure.gravatar.com\/avatar\/02cf8a7906b8cf90cecb4679defac7cfd33a1c2e3b88e4903d947f3bb58eedd3?s=96&d=mm&r=g\",\"caption\":\"hegyizs\"},\"url\":\"https:\/\/www.welovecycling.com\/hu\/author\/hegyizs\/\"}]}<\/script>\n<!-- \/ Yoast SEO Premium plugin. -->","yoast_head_json":{"title":"Vill\u00e1mh\u00e1bor\u00fa k\u00e9tker\u00e9ken jap\u00e1n m\u00f3dra - \u0160koda We Love Cycling - Magyarorsz\u00e1g","robots":{"index":"index","follow":"follow","max-snippet":"max-snippet:-1","max-image-preview":"max-image-preview:large","max-video-preview":"max-video-preview:-1"},"canonical":"https:\/\/www.welovecycling.com\/hu\/kozosseg-es-kultura\/villamhaboru-ketkereken-japan-modra\/","og_locale":"hu_HU","og_type":"article","og_title":"Vill\u00e1mh\u00e1bor\u00fa k\u00e9tker\u00e9ken jap\u00e1n m\u00f3dra","og_description":"\u00c9vtizedekkel azel\u0151tt, hogy a montikat feltal\u00e1lt\u00e1k volna, a ker\u00e9kp\u00e1rok kiv\u00e9teles k\u00f6zleked\u00e9si eszk\u00f6z\u00f6knek bizonyultak sz\u00e1mos bevehetetlen terepen. A biciklik hat\u00e9konys\u00e1g\u00e1t a [&hellip;]","og_url":"https:\/\/www.welovecycling.com\/hu\/kozosseg-es-kultura\/villamhaboru-ketkereken-japan-modra\/","og_site_name":"\u0160koda We Love Cycling - Magyarorsz\u00e1g","article_publisher":"https:\/\/www.facebook.com\/WeLoveCyclingHungary\/","article_published_time":"2019-08-03T13:00:20+00:00","og_image":[{"width":1366,"height":600,"url":"https:\/\/d2p6e6u75xmxt8.cloudfront.net\/12\/2019\/07\/Japan-WW2-CVR.jpg","type":"image\/jpeg"}],"author":"hegyizs","twitter_card":"summary_large_image","twitter_misc":{"Written by":"Adam Marsal","Est. reading time":"6"},"schema":{"@context":"https:\/\/schema.org","@graph":[{"@type":"WebPage","@id":"https:\/\/www.welovecycling.com\/hu\/kozosseg-es-kultura\/villamhaboru-ketkereken-japan-modra\/","url":"https:\/\/www.welovecycling.com\/hu\/kozosseg-es-kultura\/villamhaboru-ketkereken-japan-modra\/","name":"Vill\u00e1mh\u00e1bor\u00fa k\u00e9tker\u00e9ken jap\u00e1n m\u00f3dra - \u0160koda We Love Cycling - Magyarorsz\u00e1g","isPartOf":{"@id":"https:\/\/www.welovecycling.com\/hu\/#website"},"primaryImageOfPage":{"@id":"https:\/\/www.welovecycling.com\/hu\/kozosseg-es-kultura\/villamhaboru-ketkereken-japan-modra\/#primaryimage"},"image":{"@id":"https:\/\/www.welovecycling.com\/hu\/kozosseg-es-kultura\/villamhaboru-ketkereken-japan-modra\/#primaryimage"},"thumbnailUrl":"https:\/\/d2p6e6u75xmxt8.cloudfront.net\/12\/2019\/07\/Japan-WW2-CVR.jpg","datePublished":"2019-08-03T13:00:20+00:00","author":{"@id":"https:\/\/www.welovecycling.com\/hu\/#\/schema\/person\/414a2aebf1801691a5320edb6468e194"},"breadcrumb":{"@id":"https:\/\/www.welovecycling.com\/hu\/kozosseg-es-kultura\/villamhaboru-ketkereken-japan-modra\/#breadcrumb"},"inLanguage":"hu","potentialAction":[{"@type":"ReadAction","target":["https:\/\/www.welovecycling.com\/hu\/kozosseg-es-kultura\/villamhaboru-ketkereken-japan-modra\/"]}]},{"@type":"ImageObject","inLanguage":"hu","@id":"https:\/\/www.welovecycling.com\/hu\/kozosseg-es-kultura\/villamhaboru-ketkereken-japan-modra\/#primaryimage","url":"https:\/\/d2p6e6u75xmxt8.cloudfront.net\/12\/2019\/07\/Japan-WW2-CVR.jpg","contentUrl":"https:\/\/d2p6e6u75xmxt8.cloudfront.net\/12\/2019\/07\/Japan-WW2-CVR.jpg","width":1366,"height":600},{"@type":"BreadcrumbList","@id":"https:\/\/www.welovecycling.com\/hu\/kozosseg-es-kultura\/villamhaboru-ketkereken-japan-modra\/#breadcrumb","itemListElement":[{"@type":"ListItem","position":1,"name":"Home","item":"https:\/\/www.welovecycling.com\/hu\/"},{"@type":"ListItem","position":2,"name":"Vill\u00e1mh\u00e1bor\u00fa k\u00e9tker\u00e9ken jap\u00e1n m\u00f3dra"}]},{"@type":"WebSite","@id":"https:\/\/www.welovecycling.com\/hu\/#website","url":"https:\/\/www.welovecycling.com\/hu\/","name":"\u0160koda We Love Cycling - Magyarorsz\u00e1g","description":"\u0160koda WeLoveCycling","potentialAction":[{"@type":"SearchAction","target":{"@type":"EntryPoint","urlTemplate":"https:\/\/www.welovecycling.com\/hu\/?s={search_term_string}"},"query-input":{"@type":"PropertyValueSpecification","valueRequired":true,"valueName":"search_term_string"}}],"inLanguage":"hu"},{"@type":"Person","@id":"https:\/\/www.welovecycling.com\/hu\/#\/schema\/person\/414a2aebf1801691a5320edb6468e194","name":"hegyizs","image":{"@type":"ImageObject","inLanguage":"hu","@id":"https:\/\/www.welovecycling.com\/hu\/#\/schema\/person\/image\/","url":"https:\/\/secure.gravatar.com\/avatar\/02cf8a7906b8cf90cecb4679defac7cfd33a1c2e3b88e4903d947f3bb58eedd3?s=96&d=mm&r=g","contentUrl":"https:\/\/secure.gravatar.com\/avatar\/02cf8a7906b8cf90cecb4679defac7cfd33a1c2e3b88e4903d947f3bb58eedd3?s=96&d=mm&r=g","caption":"hegyizs"},"url":"https:\/\/www.welovecycling.com\/hu\/author\/hegyizs\/"}]}},"_links":{"self":[{"href":"https:\/\/www.welovecycling.com\/hu\/wp-json\/wp\/v2\/posts\/4617","targetHints":{"allow":["GET"]}}],"collection":[{"href":"https:\/\/www.welovecycling.com\/hu\/wp-json\/wp\/v2\/posts"}],"about":[{"href":"https:\/\/www.welovecycling.com\/hu\/wp-json\/wp\/v2\/types\/post"}],"author":[{"embeddable":true,"href":"https:\/\/www.welovecycling.com\/hu\/wp-json\/wp\/v2\/users\/71"}],"replies":[{"embeddable":true,"href":"https:\/\/www.welovecycling.com\/hu\/wp-json\/wp\/v2\/comments?post=4617"}],"version-history":[{"count":2,"href":"https:\/\/www.welovecycling.com\/hu\/wp-json\/wp\/v2\/posts\/4617\/revisions"}],"predecessor-version":[{"id":4626,"href":"https:\/\/www.welovecycling.com\/hu\/wp-json\/wp\/v2\/posts\/4617\/revisions\/4626"}],"wp:featuredmedia":[{"embeddable":true,"href":"https:\/\/www.welovecycling.com\/hu\/wp-json\/wp\/v2\/media\/4622"}],"wp:attachment":[{"href":"https:\/\/www.welovecycling.com\/hu\/wp-json\/wp\/v2\/media?parent=4617"}],"wp:term":[{"taxonomy":"category","embeddable":true,"href":"https:\/\/www.welovecycling.com\/hu\/wp-json\/wp\/v2\/categories?post=4617"},{"taxonomy":"post_tag","embeddable":true,"href":"https:\/\/www.welovecycling.com\/hu\/wp-json\/wp\/v2\/tags?post=4617"},{"taxonomy":"global-categories","embeddable":true,"href":"https:\/\/www.welovecycling.com\/hu\/wp-json\/wp\/v2\/global-categories?post=4617"}],"curies":[{"name":"wp","href":"https:\/\/api.w.org\/{rel}","templated":true}]}}