{"id":4613,"date":"2019-08-03T08:00:40","date_gmt":"2019-08-03T07:00:40","guid":{"rendered":"https:\/\/www.welovecycling.com\/hu\/?p=4613"},"modified":"2019-07-26T14:46:51","modified_gmt":"2019-07-26T13:46:51","slug":"harc-a-kulacsokert-neked-mekkora-a-gyujtemenyed","status":"publish","type":"post","link":"https:\/\/www.welovecycling.com\/hu\/kozosseg-es-kultura\/harc-a-kulacsokert-neked-mekkora-a-gyujtemenyed\/","title":{"rendered":"Harc a kulacsok\u00e9rt: Neked mekkora a gy\u0171jtem\u00e9nyed?"},"content":{"rendered":"<p><strong>Sosem k\u00e9s\u0151 valami \u00faj dologba belev\u00e1gni. A tested egyens\u00faly\u00e1t p\u00e9ld\u00e1ul fejlesztheted j\u00f3ga\u00f3r\u00e1kkal 50 felett is, vagy mondjuk neki\u00e1llhatsz kulacsokat gy\u0171jteni. Erre a legjobb id\u0151z\u00edt\u00e9s a most azonnal, \u00e9s el is mondjuk, hogy mi\u00e9rt.<\/strong><\/p>\n<p><!--more--><\/p>\n<p>Franci\u00e1ul vagy bringa fanatikus berkekben a \u201ebidon\u201d azaz kulacs, olyan vizes palackot jelent, amelyet a ker\u00e9kp\u00e1rosok versenyek vagy edz\u00e9sek sor\u00e1n haszn\u00e1lnak, hogy hidrat\u00e1ltan tarts\u00e1k magukat. Egy gyors Facebookos r\u00e1keres\u00e9s ut\u00e1n megtudhatod, hogy l\u00e9teznek olyan gy\u0171jt\u0151k, akik k\u00fcl\u00f6nf\u00e9le m\u0171anyag kulacsokat halmoznak fel, amelyek egykor h\u00edres bring\u00e1sok\u00e9 vagy a csapatuk\u00e9 voltak. A legt\u00f6bb ilyen k\u00f6z\u00f6ss\u00e9get Franciaorsz\u00e1gban tal\u00e1ljuk, olyan fed\u0151nevek alatt, mint Collection Cyclisme et Bidon, Math Vente Bidons Cyclisme vagy Collection de Bidons.<\/p>\n<div id='gallery-1' class='gallery galleryid-4613 gallery-columns-2 gallery-size-large'><figure class='gallery-item'>\n\t\t\t<div class='gallery-icon landscape'>\n\t\t\t\t<a href='https:\/\/d2p6e6u75xmxt8.cloudfront.net\/12\/2019\/07\/Screen-Shot-2019-07-02-at-08.32.37.png'><img loading=\"lazy\" decoding=\"async\" width=\"1024\" height=\"674\" src=\"https:\/\/d2p6e6u75xmxt8.cloudfront.net\/12\/2019\/07\/Screen-Shot-2019-07-02-at-08.32.37-1024x674.png\" class=\"attachment-large size-large\" alt=\"\" srcset=\"https:\/\/d2p6e6u75xmxt8.cloudfront.net\/12\/2019\/07\/Screen-Shot-2019-07-02-at-08.32.37-1024x674.png 1024w, https:\/\/d2p6e6u75xmxt8.cloudfront.net\/12\/2019\/07\/Screen-Shot-2019-07-02-at-08.32.37-300x198.png 300w, https:\/\/d2p6e6u75xmxt8.cloudfront.net\/12\/2019\/07\/Screen-Shot-2019-07-02-at-08.32.37-768x506.png 768w, https:\/\/d2p6e6u75xmxt8.cloudfront.net\/12\/2019\/07\/Screen-Shot-2019-07-02-at-08.32.37-1920x1264.png 1920w, https:\/\/d2p6e6u75xmxt8.cloudfront.net\/12\/2019\/07\/Screen-Shot-2019-07-02-at-08.32.37.png 2008w, https:\/\/d2p6e6u75xmxt8.cloudfront.net\/12\/2019\/07\/Screen-Shot-2019-07-02-at-08.32.37-1920x1264.png 1920w\" sizes=\"auto, (max-width: 1024px) 100vw, 1024px\" \/><\/a>\n\t\t\t<\/div><\/figure><figure class='gallery-item'>\n\t\t\t<div class='gallery-icon landscape'>\n\t\t\t\t<a href='https:\/\/d2p6e6u75xmxt8.cloudfront.net\/12\/2019\/07\/Screen-Shot-2019-07-02-at-08.32.54.png'><img loading=\"lazy\" decoding=\"async\" width=\"1024\" height=\"519\" src=\"https:\/\/d2p6e6u75xmxt8.cloudfront.net\/12\/2019\/07\/Screen-Shot-2019-07-02-at-08.32.54-1024x519.png\" class=\"attachment-large size-large\" alt=\"\" srcset=\"https:\/\/d2p6e6u75xmxt8.cloudfront.net\/12\/2019\/07\/Screen-Shot-2019-07-02-at-08.32.54-1024x519.png 1024w, https:\/\/d2p6e6u75xmxt8.cloudfront.net\/12\/2019\/07\/Screen-Shot-2019-07-02-at-08.32.54-300x152.png 300w, https:\/\/d2p6e6u75xmxt8.cloudfront.net\/12\/2019\/07\/Screen-Shot-2019-07-02-at-08.32.54-768x390.png 768w, https:\/\/d2p6e6u75xmxt8.cloudfront.net\/12\/2019\/07\/Screen-Shot-2019-07-02-at-08.32.54-1920x974.png 1920w, https:\/\/d2p6e6u75xmxt8.cloudfront.net\/12\/2019\/07\/Screen-Shot-2019-07-02-at-08.32.54-1920x974.png 1920w\" sizes=\"auto, (max-width: 1024px) 100vw, 1024px\" \/><\/a>\n\t\t\t<\/div><\/figure>\n\t\t<\/div>\n\n<p>El\u0151bb vagy ut\u00f3bb minden gy\u0171jt\u0151 r\u00e1j\u00f6n, hogy \u00e9rdekl\u0151d\u00e9s\u00e9nek t\u00e1rgya ritkas\u00e1gnak sz\u00e1m\u00edt vagy nagyon nehezen fellelhet\u0151, teh\u00e1t nem egyszer\u0171 \u00faj elemekkel b\u0151v\u00edteni a gy\u0171jtem\u00e9nyt. Szerencs\u00e9re ez nem igaz a kulacsvad\u00e1szat eset\u00e9n.<\/p>\n<p>Miut\u00e1n felv\u00e9telt nyersz egy gy\u0171jt\u0151i csoportba a Facebookon, b\u00e1rmilyen kulacsot k\u00edn\u00e1lhatsz elad\u00e1sra, r\u00e1ad\u00e1sul rengeteget tal\u00e1lsz az eBayen vagy a gy\u0171jt\u0151i oldalakon is, m\u00e1r darabj\u00e1\u00e9rt 2 eur\u00f3t\u00f3l. A webes keresg\u00e9l\u00e9sen k\u00edv\u00fcl a legjobb hely, ahol a legk\u00f6nnyebben lelhetsz eredeti profi csapatokt\u00f3l sz\u00e1rmaz\u00f3 kulacsra, az pont a terep, ahol a sport maga is zajlik; a verseny \u00fatszakaszok ment\u00e9n.<\/p>\n<p>M\u00edg r\u00e9gen az els\u0151 ker\u00e9kp\u00e1rosok \u00fcvegb\u0151l k\u00e9sz\u00fclt kulacsokat haszn\u00e1ltak, amelyeket a korm\u00e1nyhoz r\u00f6gz\u00edtett b\u0151r t\u00e1sk\u00e1kban t\u00e1roltak, az 1960-as \u00e9vekben a v\u00e1zra szerelhet\u0151 kulacs tart\u00f3k v\u00e1ltott\u00e1k fel ezeket, amelyekben alum\u00ednium majd k\u00e9s\u0151bb m\u0171anyag kulacsokat t\u00e1roltak. A kulacsok k\u00e9sz\u00edt\u00e9s\u00e9re haszn\u00e1lt alapanyag nem az egyetlen dolog, ami fejl\u0151d\u00e9sen ment kereszt\u00fcl az id\u0151k sor\u00e1n. A biciklisek hossz\u00fa \u00e9veken \u00e1t r\u00f6vid meg\u00e1ll\u00f3kat iktattak be, hogy \u00fajrat\u00f6lts\u00e9k a kulacsaikat a vizes kutakn\u00e1l, de az\u00e9rt sz\u00fcnetet tartani, hogy ihassanak egy kis vizet (vagy ak\u00e1r bort) olyan elavult dologg\u00e1 v\u00e1lt, mint a cigarettasz\u00fcnet. Manaps\u00e1g a kulacsokat az utols\u00f3 csepp elfogyaszt\u00e1sa ut\u00e1n azonnal el is dobj\u00e1k, a gy\u0171jt\u0151k legnagyobb \u00f6r\u00f6m\u00e9re \u00e9s a k\u00f6rnyezetv\u00e9d\u0151k legnagyobb felh\u00e1borod\u00e1s\u00e1ra.<\/p>\n<p><a href=\"https:\/\/d2p6e6u75xmxt8.cloudfront.net\/12\/2019\/07\/Screen-Shot-2019-07-02-at-09.23.06.png\"><img loading=\"lazy\" decoding=\"async\" class=\"alignnone size-full wp-image-4614\" src=\"https:\/\/d2p6e6u75xmxt8.cloudfront.net\/12\/2019\/07\/Screen-Shot-2019-07-02-at-09.23.06.png\" alt=\"\" width=\"2300\" height=\"1230\" srcset=\"https:\/\/d2p6e6u75xmxt8.cloudfront.net\/12\/2019\/07\/Screen-Shot-2019-07-02-at-09.23.06.png 2300w, https:\/\/d2p6e6u75xmxt8.cloudfront.net\/12\/2019\/07\/Screen-Shot-2019-07-02-at-09.23.06-300x160.png 300w, https:\/\/d2p6e6u75xmxt8.cloudfront.net\/12\/2019\/07\/Screen-Shot-2019-07-02-at-09.23.06-768x411.png 768w, https:\/\/d2p6e6u75xmxt8.cloudfront.net\/12\/2019\/07\/Screen-Shot-2019-07-02-at-09.23.06-1024x548.png 1024w, https:\/\/d2p6e6u75xmxt8.cloudfront.net\/12\/2019\/07\/Screen-Shot-2019-07-02-at-09.23.06-1920x1027.png 1920w, https:\/\/d2p6e6u75xmxt8.cloudfront.net\/12\/2019\/07\/Screen-Shot-2019-07-02-at-09.23.06-1920x1027.png 1920w\" sizes=\"auto, (max-width: 2300px) 100vw, 2300px\" \/><\/a><\/p>\n<p>Kisz\u00e1molt\u00e1k, hogy nagyj\u00e1b\u00f3l \u00e9vi 9000 m\u0171anyag palackot dob\u00e1lnak el az \u00e9lmez\u0151nyben teker\u0151k a Tour de France teljes id\u0151tartama alatt. Mindenkinek, aki szabad pr\u00e9d\u00e1ra vad\u00e1szik, tan\u00e1csos a friss\u00edt\u0151 \u00e1llom\u00e1sok el\u0151tt vagy a hossz\u00fa emelked\u0151k elej\u00e9n v\u00e1rakoznia, ahol a versenyz\u0151k megv\u00e1lnak a vizes palackokt\u00f3l, hogy megszabaduljanak minden felesleges plusz s\u00falyt\u00f3l. Annak ellen\u00e9re, hogy sok eldobott palackot begy\u0171jtenek a szurkol\u00f3k, m\u00e9g mindig fenn\u00e1ll a vesz\u00e9lye, hogy a h\u00e1trahagyott m\u0171anyag hullad\u00e9k, bele\u00e9rtve a vizes palackokat, \u00e9telcsomagol\u00e1sokat \u00e9s zsel\u00e9s csomagokat, a talajban v\u00e9gzi majd. A k\u00f6rnyezetv\u00e9d\u0151k m\u00e1r harcot hirdettek az \u00f3ce\u00e1n vesz\u00e9lyeztetett tekn\u0151seit tizedel\u0151 m\u0171anyagok ellen, mi lenne h\u00e1t, ha \u00faj hobbik\u00e9nt a sz\u00e1razf\u00f6ldet is megszabad\u00edtan\u00e1nk a ker\u00e9kp\u00e1ros h\u0151s\u00f6k \u00e1ltal eldob\u00e1lt palackokt\u00f3l? A jutalom sokkal \u00e9rt\u00e9kesebb, mint a p\u00e9nz, amit az Ebayen kaphatsz \u00e9rt\u00fck.<\/p>\n","protected":false},"excerpt":{"rendered":"<p>Sosem k\u00e9s\u0151 valami \u00faj dologba belev\u00e1gni. A tested egyens\u00faly\u00e1t p\u00e9ld\u00e1ul fejlesztheted j\u00f3ga\u00f3r\u00e1kkal 50 felett is, vagy mondjuk neki\u00e1llhatsz kulacsokat gy\u0171jteni. [&hellip;]<\/p>\n","protected":false},"author":71,"featured_media":4616,"comment_status":"open","ping_status":"open","sticky":false,"template":"","format":"standard","meta":{"footnotes":""},"categories":[12],"tags":[],"global-categories":[],"class_list":["post-4613","post","type-post","status-publish","format-standard","has-post-thumbnail","hentry","category-kozosseg-es-kultura"],"yoast_head":"<!-- This site is optimized with the Yoast SEO Premium plugin v25.3 (Yoast SEO v25.9) - https:\/\/yoast.com\/wordpress\/plugins\/seo\/ -->\n<title>Harc a kulacsok\u00e9rt: Neked mekkora a gy\u0171jtem\u00e9nyed? - \u0160koda We Love Cycling - Magyarorsz\u00e1g<\/title>\n<meta name=\"robots\" content=\"index, follow, max-snippet:-1, max-image-preview:large, max-video-preview:-1\" \/>\n<link rel=\"canonical\" href=\"https:\/\/www.welovecycling.com\/hu\/kozosseg-es-kultura\/harc-a-kulacsokert-neked-mekkora-a-gyujtemenyed\/\" \/>\n<meta property=\"og:locale\" content=\"hu_HU\" \/>\n<meta property=\"og:type\" content=\"article\" \/>\n<meta property=\"og:title\" content=\"Harc a kulacsok\u00e9rt: Neked mekkora a gy\u0171jtem\u00e9nyed?\" \/>\n<meta property=\"og:description\" content=\"Sosem k\u00e9s\u0151 valami \u00faj dologba belev\u00e1gni. A tested egyens\u00faly\u00e1t p\u00e9ld\u00e1ul fejlesztheted j\u00f3ga\u00f3r\u00e1kkal 50 felett is, vagy mondjuk neki\u00e1llhatsz kulacsokat gy\u0171jteni. [&hellip;]\" \/>\n<meta property=\"og:url\" content=\"https:\/\/www.welovecycling.com\/hu\/kozosseg-es-kultura\/harc-a-kulacsokert-neked-mekkora-a-gyujtemenyed\/\" \/>\n<meta property=\"og:site_name\" content=\"\u0160koda We Love Cycling - Magyarorsz\u00e1g\" \/>\n<meta property=\"article:publisher\" content=\"https:\/\/www.facebook.com\/WeLoveCyclingHungary\/\" \/>\n<meta property=\"article:published_time\" content=\"2019-08-03T07:00:40+00:00\" \/>\n<meta property=\"og:image\" content=\"https:\/\/d2p6e6u75xmxt8.cloudfront.net\/12\/2019\/07\/Drinking-Chris-Froome-CVR-profimedia-0377416209.jpg\" \/>\n\t<meta property=\"og:image:width\" content=\"1366\" \/>\n\t<meta property=\"og:image:height\" content=\"600\" \/>\n\t<meta property=\"og:image:type\" content=\"image\/jpeg\" \/>\n<meta name=\"author\" content=\"hegyizs\" \/>\n<meta name=\"twitter:card\" content=\"summary_large_image\" \/>\n<meta name=\"twitter:label1\" content=\"Written by\" \/>\n\t<meta name=\"twitter:data1\" content=\"Adam Marsal\" \/>\n\t<meta name=\"twitter:label2\" content=\"Est. reading time\" \/>\n\t<meta name=\"twitter:data2\" content=\"5\" \/>\n<script type=\"application\/ld+json\" class=\"yoast-schema-graph\">{\"@context\":\"https:\/\/schema.org\",\"@graph\":[{\"@type\":\"WebPage\",\"@id\":\"https:\/\/www.welovecycling.com\/hu\/kozosseg-es-kultura\/harc-a-kulacsokert-neked-mekkora-a-gyujtemenyed\/\",\"url\":\"https:\/\/www.welovecycling.com\/hu\/kozosseg-es-kultura\/harc-a-kulacsokert-neked-mekkora-a-gyujtemenyed\/\",\"name\":\"Harc a kulacsok\u00e9rt: Neked mekkora a gy\u0171jtem\u00e9nyed? - \u0160koda We Love Cycling - Magyarorsz\u00e1g\",\"isPartOf\":{\"@id\":\"https:\/\/www.welovecycling.com\/hu\/#website\"},\"primaryImageOfPage\":{\"@id\":\"https:\/\/www.welovecycling.com\/hu\/kozosseg-es-kultura\/harc-a-kulacsokert-neked-mekkora-a-gyujtemenyed\/#primaryimage\"},\"image\":{\"@id\":\"https:\/\/www.welovecycling.com\/hu\/kozosseg-es-kultura\/harc-a-kulacsokert-neked-mekkora-a-gyujtemenyed\/#primaryimage\"},\"thumbnailUrl\":\"https:\/\/d2p6e6u75xmxt8.cloudfront.net\/12\/2019\/07\/Drinking-Chris-Froome-CVR-profimedia-0377416209.jpg\",\"datePublished\":\"2019-08-03T07:00:40+00:00\",\"author\":{\"@id\":\"https:\/\/www.welovecycling.com\/hu\/#\/schema\/person\/414a2aebf1801691a5320edb6468e194\"},\"breadcrumb\":{\"@id\":\"https:\/\/www.welovecycling.com\/hu\/kozosseg-es-kultura\/harc-a-kulacsokert-neked-mekkora-a-gyujtemenyed\/#breadcrumb\"},\"inLanguage\":\"hu\",\"potentialAction\":[{\"@type\":\"ReadAction\",\"target\":[\"https:\/\/www.welovecycling.com\/hu\/kozosseg-es-kultura\/harc-a-kulacsokert-neked-mekkora-a-gyujtemenyed\/\"]}]},{\"@type\":\"ImageObject\",\"inLanguage\":\"hu\",\"@id\":\"https:\/\/www.welovecycling.com\/hu\/kozosseg-es-kultura\/harc-a-kulacsokert-neked-mekkora-a-gyujtemenyed\/#primaryimage\",\"url\":\"https:\/\/d2p6e6u75xmxt8.cloudfront.net\/12\/2019\/07\/Drinking-Chris-Froome-CVR-profimedia-0377416209.jpg\",\"contentUrl\":\"https:\/\/d2p6e6u75xmxt8.cloudfront.net\/12\/2019\/07\/Drinking-Chris-Froome-CVR-profimedia-0377416209.jpg\",\"width\":1366,\"height\":600},{\"@type\":\"BreadcrumbList\",\"@id\":\"https:\/\/www.welovecycling.com\/hu\/kozosseg-es-kultura\/harc-a-kulacsokert-neked-mekkora-a-gyujtemenyed\/#breadcrumb\",\"itemListElement\":[{\"@type\":\"ListItem\",\"position\":1,\"name\":\"Home\",\"item\":\"https:\/\/www.welovecycling.com\/hu\/\"},{\"@type\":\"ListItem\",\"position\":2,\"name\":\"Harc a kulacsok\u00e9rt: Neked mekkora a gy\u0171jtem\u00e9nyed?\"}]},{\"@type\":\"WebSite\",\"@id\":\"https:\/\/www.welovecycling.com\/hu\/#website\",\"url\":\"https:\/\/www.welovecycling.com\/hu\/\",\"name\":\"\u0160koda We Love Cycling - Magyarorsz\u00e1g\",\"description\":\"\u0160koda WeLoveCycling\",\"potentialAction\":[{\"@type\":\"SearchAction\",\"target\":{\"@type\":\"EntryPoint\",\"urlTemplate\":\"https:\/\/www.welovecycling.com\/hu\/?s={search_term_string}\"},\"query-input\":{\"@type\":\"PropertyValueSpecification\",\"valueRequired\":true,\"valueName\":\"search_term_string\"}}],\"inLanguage\":\"hu\"},{\"@type\":\"Person\",\"@id\":\"https:\/\/www.welovecycling.com\/hu\/#\/schema\/person\/414a2aebf1801691a5320edb6468e194\",\"name\":\"hegyizs\",\"image\":{\"@type\":\"ImageObject\",\"inLanguage\":\"hu\",\"@id\":\"https:\/\/www.welovecycling.com\/hu\/#\/schema\/person\/image\/\",\"url\":\"https:\/\/secure.gravatar.com\/avatar\/02cf8a7906b8cf90cecb4679defac7cfd33a1c2e3b88e4903d947f3bb58eedd3?s=96&d=mm&r=g\",\"contentUrl\":\"https:\/\/secure.gravatar.com\/avatar\/02cf8a7906b8cf90cecb4679defac7cfd33a1c2e3b88e4903d947f3bb58eedd3?s=96&d=mm&r=g\",\"caption\":\"hegyizs\"},\"url\":\"https:\/\/www.welovecycling.com\/hu\/author\/hegyizs\/\"}]}<\/script>\n<!-- \/ Yoast SEO Premium plugin. -->","yoast_head_json":{"title":"Harc a kulacsok\u00e9rt: Neked mekkora a gy\u0171jtem\u00e9nyed? - \u0160koda We Love Cycling - Magyarorsz\u00e1g","robots":{"index":"index","follow":"follow","max-snippet":"max-snippet:-1","max-image-preview":"max-image-preview:large","max-video-preview":"max-video-preview:-1"},"canonical":"https:\/\/www.welovecycling.com\/hu\/kozosseg-es-kultura\/harc-a-kulacsokert-neked-mekkora-a-gyujtemenyed\/","og_locale":"hu_HU","og_type":"article","og_title":"Harc a kulacsok\u00e9rt: Neked mekkora a gy\u0171jtem\u00e9nyed?","og_description":"Sosem k\u00e9s\u0151 valami \u00faj dologba belev\u00e1gni. A tested egyens\u00faly\u00e1t p\u00e9ld\u00e1ul fejlesztheted j\u00f3ga\u00f3r\u00e1kkal 50 felett is, vagy mondjuk neki\u00e1llhatsz kulacsokat gy\u0171jteni. [&hellip;]","og_url":"https:\/\/www.welovecycling.com\/hu\/kozosseg-es-kultura\/harc-a-kulacsokert-neked-mekkora-a-gyujtemenyed\/","og_site_name":"\u0160koda We Love Cycling - Magyarorsz\u00e1g","article_publisher":"https:\/\/www.facebook.com\/WeLoveCyclingHungary\/","article_published_time":"2019-08-03T07:00:40+00:00","og_image":[{"width":1366,"height":600,"url":"https:\/\/d2p6e6u75xmxt8.cloudfront.net\/12\/2019\/07\/Drinking-Chris-Froome-CVR-profimedia-0377416209.jpg","type":"image\/jpeg"}],"author":"hegyizs","twitter_card":"summary_large_image","twitter_misc":{"Written by":"Adam Marsal","Est. reading time":"5"},"schema":{"@context":"https:\/\/schema.org","@graph":[{"@type":"WebPage","@id":"https:\/\/www.welovecycling.com\/hu\/kozosseg-es-kultura\/harc-a-kulacsokert-neked-mekkora-a-gyujtemenyed\/","url":"https:\/\/www.welovecycling.com\/hu\/kozosseg-es-kultura\/harc-a-kulacsokert-neked-mekkora-a-gyujtemenyed\/","name":"Harc a kulacsok\u00e9rt: Neked mekkora a gy\u0171jtem\u00e9nyed? - \u0160koda We Love Cycling - Magyarorsz\u00e1g","isPartOf":{"@id":"https:\/\/www.welovecycling.com\/hu\/#website"},"primaryImageOfPage":{"@id":"https:\/\/www.welovecycling.com\/hu\/kozosseg-es-kultura\/harc-a-kulacsokert-neked-mekkora-a-gyujtemenyed\/#primaryimage"},"image":{"@id":"https:\/\/www.welovecycling.com\/hu\/kozosseg-es-kultura\/harc-a-kulacsokert-neked-mekkora-a-gyujtemenyed\/#primaryimage"},"thumbnailUrl":"https:\/\/d2p6e6u75xmxt8.cloudfront.net\/12\/2019\/07\/Drinking-Chris-Froome-CVR-profimedia-0377416209.jpg","datePublished":"2019-08-03T07:00:40+00:00","author":{"@id":"https:\/\/www.welovecycling.com\/hu\/#\/schema\/person\/414a2aebf1801691a5320edb6468e194"},"breadcrumb":{"@id":"https:\/\/www.welovecycling.com\/hu\/kozosseg-es-kultura\/harc-a-kulacsokert-neked-mekkora-a-gyujtemenyed\/#breadcrumb"},"inLanguage":"hu","potentialAction":[{"@type":"ReadAction","target":["https:\/\/www.welovecycling.com\/hu\/kozosseg-es-kultura\/harc-a-kulacsokert-neked-mekkora-a-gyujtemenyed\/"]}]},{"@type":"ImageObject","inLanguage":"hu","@id":"https:\/\/www.welovecycling.com\/hu\/kozosseg-es-kultura\/harc-a-kulacsokert-neked-mekkora-a-gyujtemenyed\/#primaryimage","url":"https:\/\/d2p6e6u75xmxt8.cloudfront.net\/12\/2019\/07\/Drinking-Chris-Froome-CVR-profimedia-0377416209.jpg","contentUrl":"https:\/\/d2p6e6u75xmxt8.cloudfront.net\/12\/2019\/07\/Drinking-Chris-Froome-CVR-profimedia-0377416209.jpg","width":1366,"height":600},{"@type":"BreadcrumbList","@id":"https:\/\/www.welovecycling.com\/hu\/kozosseg-es-kultura\/harc-a-kulacsokert-neked-mekkora-a-gyujtemenyed\/#breadcrumb","itemListElement":[{"@type":"ListItem","position":1,"name":"Home","item":"https:\/\/www.welovecycling.com\/hu\/"},{"@type":"ListItem","position":2,"name":"Harc a kulacsok\u00e9rt: Neked mekkora a gy\u0171jtem\u00e9nyed?"}]},{"@type":"WebSite","@id":"https:\/\/www.welovecycling.com\/hu\/#website","url":"https:\/\/www.welovecycling.com\/hu\/","name":"\u0160koda We Love Cycling - Magyarorsz\u00e1g","description":"\u0160koda WeLoveCycling","potentialAction":[{"@type":"SearchAction","target":{"@type":"EntryPoint","urlTemplate":"https:\/\/www.welovecycling.com\/hu\/?s={search_term_string}"},"query-input":{"@type":"PropertyValueSpecification","valueRequired":true,"valueName":"search_term_string"}}],"inLanguage":"hu"},{"@type":"Person","@id":"https:\/\/www.welovecycling.com\/hu\/#\/schema\/person\/414a2aebf1801691a5320edb6468e194","name":"hegyizs","image":{"@type":"ImageObject","inLanguage":"hu","@id":"https:\/\/www.welovecycling.com\/hu\/#\/schema\/person\/image\/","url":"https:\/\/secure.gravatar.com\/avatar\/02cf8a7906b8cf90cecb4679defac7cfd33a1c2e3b88e4903d947f3bb58eedd3?s=96&d=mm&r=g","contentUrl":"https:\/\/secure.gravatar.com\/avatar\/02cf8a7906b8cf90cecb4679defac7cfd33a1c2e3b88e4903d947f3bb58eedd3?s=96&d=mm&r=g","caption":"hegyizs"},"url":"https:\/\/www.welovecycling.com\/hu\/author\/hegyizs\/"}]}},"_links":{"self":[{"href":"https:\/\/www.welovecycling.com\/hu\/wp-json\/wp\/v2\/posts\/4613","targetHints":{"allow":["GET"]}}],"collection":[{"href":"https:\/\/www.welovecycling.com\/hu\/wp-json\/wp\/v2\/posts"}],"about":[{"href":"https:\/\/www.welovecycling.com\/hu\/wp-json\/wp\/v2\/types\/post"}],"author":[{"embeddable":true,"href":"https:\/\/www.welovecycling.com\/hu\/wp-json\/wp\/v2\/users\/71"}],"replies":[{"embeddable":true,"href":"https:\/\/www.welovecycling.com\/hu\/wp-json\/wp\/v2\/comments?post=4613"}],"version-history":[{"count":2,"href":"https:\/\/www.welovecycling.com\/hu\/wp-json\/wp\/v2\/posts\/4613\/revisions"}],"predecessor-version":[{"id":4625,"href":"https:\/\/www.welovecycling.com\/hu\/wp-json\/wp\/v2\/posts\/4613\/revisions\/4625"}],"wp:featuredmedia":[{"embeddable":true,"href":"https:\/\/www.welovecycling.com\/hu\/wp-json\/wp\/v2\/media\/4616"}],"wp:attachment":[{"href":"https:\/\/www.welovecycling.com\/hu\/wp-json\/wp\/v2\/media?parent=4613"}],"wp:term":[{"taxonomy":"category","embeddable":true,"href":"https:\/\/www.welovecycling.com\/hu\/wp-json\/wp\/v2\/categories?post=4613"},{"taxonomy":"post_tag","embeddable":true,"href":"https:\/\/www.welovecycling.com\/hu\/wp-json\/wp\/v2\/tags?post=4613"},{"taxonomy":"global-categories","embeddable":true,"href":"https:\/\/www.welovecycling.com\/hu\/wp-json\/wp\/v2\/global-categories?post=4613"}],"curies":[{"name":"wp","href":"https:\/\/api.w.org\/{rel}","templated":true}]}}