{"id":4592,"date":"2019-08-01T08:00:26","date_gmt":"2019-08-01T07:00:26","guid":{"rendered":"https:\/\/www.welovecycling.com\/hu\/?p=4592"},"modified":"2019-08-22T10:08:04","modified_gmt":"2019-08-22T09:08:04","slug":"magyarorszagon-miert-nincs-ilyen-bringazas-a-becsi-erdoben","status":"publish","type":"post","link":"https:\/\/www.welovecycling.com\/hu\/trekking-mtb\/magyarorszagon-miert-nincs-ilyen-bringazas-a-becsi-erdoben\/","title":{"rendered":"Magyarorsz\u00e1gon mi\u00e9rt nincs ilyen? &#8211; Bring\u00e1z\u00e1s a B\u00e9csi-erd\u0151ben"},"content":{"rendered":"<p><strong>Magyarorsz\u00e1gon finoman sz\u00f3lva sem rendezett a hegyi bring\u00e1z\u00e1s k\u00e9rd\u00e9se, kev\u00e9s kiv\u00e9telt\u0151l eltekintve tulajdonk\u00e9ppen mindenhol tilos. Elcs\u00e9pelt k\u00f6zhely, \u00e9s tal\u00e1n unalmas is, amikor valaki a fejlett nyugatot emlegeti fel <em>bezzeg<\/em> p\u00e9ldak\u00e9nt, de ett\u0151l m\u00e9g igaz, hogy Ausztri\u00e1ban l\u00e9nyegesen jobb a helyzet. Mondhatn\u00e1nk persze, hogy ahol van hegy, ott k\u00f6nny\u0171, de m\u00e9g a B\u00e9csi-erd\u0151ben is d\u00f6bbenetes a sz\u00ednvonal, pedig ahhoz k\u00e9pest a M\u00e1tra maga a Himal\u00e1ja.<\/strong><!--more--><\/p>\n<p>Ausztri\u00e1ban hagyom\u00e1nyosan nem B\u00e9cs k\u00f6rny\u00e9k\u00e9n sz\u00e1m\u00edtan\u00e1nk hatalmas bring\u00e1z\u00e1sra, ink\u00e1bb Semmering vagy Saalbach a hagyom\u00e1nyos terepbring\u00e1s c\u00e9l. Viszont nem mindenki akar <em>bike parkban <\/em>tekerni, mert b\u00e1r ezekben is van kezd\u0151knek aj\u00e1nlott p\u00e1lya, m\u00e9gis legink\u00e1bb halad\u00f3knak val\u00f3k. A <em>trail park<\/em> ezzel szemben bring\u00e1sok sokkal sz\u00e9lesebb k\u00f6r\u00e9t c\u00e9lozza meg, nem csak szak\u00e1g, de k\u00e9pess\u00e9gek tekintet\u00e9ben is.<\/p>\n<p>\u00c9s egy ilyen parknak nem kell az Alpok, a B\u00e9csi-erd\u0151 legmagasabb pontja mind\u00f6ssze 893 m\u00e9ter, \u00e1m el\u00e9g kreativit\u00e1ssal \u00e9s megfelel\u0151 lehet\u0151s\u00e9gekkel m\u00e9g a lank\u00e1sabb domboldalakb\u00f3l is bring\u00e1s vid\u00e1mpark lesz. A <a href=\"http:\/\/www.hohewandwiese.com\/de\/trailcenter\">Hohe Wand Wiese<\/a> trail parkban az a legmegd\u00f6bbent\u0151bb, hogy mennyire k\u00f6zel van a v\u00e1roshoz: B\u00e9cst\u0151l alig negyed\u00f3r\u00e1nyira van a bej\u00e1rat, az ember csak aut\u00f3zik, boltok, \u00e9ttermek v\u00e1ltj\u00e1k egym\u00e1st, azt\u00e1n hirtelen az egyik \u00e9p\u00fclet egy bringap\u00e1lya bej\u00e1rata.<\/p>\n<p>T\u00e9len ez is egy s\u00edp\u00e1lya, \u00e1m ahogy r\u00f6vid\u00fclnek a stabilan havas id\u0151szakok, az \u00fczemeltet\u0151k igyekeznek \u00e1t\u00e1llni a p\u00e1lya ny\u00e1ri kihaszn\u00e1l\u00e1s\u00e1ra, \u00edgy j\u00f6tt a trail park \u00f6tlete. Szinte nyomaszt\u00f3 a profizmus, amivel kialak\u00edtott\u00e1k a p\u00e1ly\u00e1t, a n\u00e9gy f\u0151 nyomvonal egyenk\u00e9nt 50 ezer eur\u00f3nyi befektet\u00e9ssel \u00e9p\u00fclt meg. Az ugrat\u00f3k mintha szobrok lenn\u00e9nek, a mandinereket pedig betonb\u00f3l is durva lenne megform\u00e1lni, nem hogy az agyagos f\u00f6ldb\u0151l. \u00c9s t\u00e9nyleg minden felhaszn\u00e1l\u00e1si szintet kiel\u00e9g\u00edt, a profik kanyart\u00f3l-kanyarig rep\u00fclhetnek, a kezd\u0151k minden akad\u00e1lyt ker\u00fclhetnek, a n\u00e9gy \u00f6sv\u00e9ny ezzel egy\u00fctt is n\u00e9gy neh\u00e9zs\u00e9gi szintet \u00e9s st\u00edlust k\u00e9pvisel.<\/p>\n<figure id=\"attachment_4594\" aria-describedby=\"caption-attachment-4594\" style=\"width: 1440px\" class=\"wp-caption alignnone\"><img loading=\"lazy\" decoding=\"async\" class=\"wp-image-4594 size-full\" src=\"https:\/\/d2p6e6u75xmxt8.cloudfront.net\/12\/2019\/07\/ausztria_2.jpg\" alt=\"\" width=\"1440\" height=\"960\" srcset=\"https:\/\/d2p6e6u75xmxt8.cloudfront.net\/12\/2019\/07\/ausztria_2.jpg 1440w, https:\/\/d2p6e6u75xmxt8.cloudfront.net\/12\/2019\/07\/ausztria_2-300x200.jpg 300w, https:\/\/d2p6e6u75xmxt8.cloudfront.net\/12\/2019\/07\/ausztria_2-768x512.jpg 768w, https:\/\/d2p6e6u75xmxt8.cloudfront.net\/12\/2019\/07\/ausztria_2-1024x683.jpg 1024w, https:\/\/d2p6e6u75xmxt8.cloudfront.net\/12\/2019\/07\/ausztria_2-272x182.jpg 272w\" sizes=\"auto, (max-width: 1440px) 100vw, 1440px\" \/><figcaption id=\"caption-attachment-4594\" class=\"wp-caption-text\">\u00a9 Nieder\u00f6sterreich Werbung\/ Markus Fr\u00fchmann<\/figcaption><\/figure>\n<p>Alexander Arpaci vezet k\u00f6rbe, \u0151 f\u0151\u00e1ll\u00e1sban tervez bring\u00e1s \u00f6sv\u00e9nyeket Eur\u00f3pa-szerte. K\u00e9t munkat\u00e1rsa dolgozik vele heti h\u00fasz \u00f3r\u00e1ban az\u00e9rt, hogy ne csak egyszer legyen sz\u00e9p az \u00f6sv\u00e9ny, hanem meg is \u0151rizze az \u00e1llapot\u00e1t. P\u00e9ld\u00e1ul azt is figyelembe veszik a tervez\u00e9sn\u00e9l, hogy a bring\u00e1s ne p\u00e1nikszer\u0171en, a kanyarban f\u00e9kezzen, ezzel t\u00f6nkret\u00e9ve a nyomot, hanem az \u00edv seg\u00edtse a fordul\u00e1sban. Nem csak a lejt\u0151k \u00e9lvezetesek, de a felteker\u00e9shez is k\u00fcl\u00f6n \u00f6sv\u00e9nyt jel\u00f6ltek ki, \u00edgy a m\u00e1sz\u00e1s nem monoton ped\u00e1loz\u00e1s, hanem kellemes kih\u00edv\u00e1s. Aki nem b\u00edrja kondival, az b\u00e9relhet hibrid bring\u00e1t, de aut\u00f3s felsz\u00e1ll\u00edt\u00e1sra is van lehet\u0151s\u00e9g. A <em>trail burgert<\/em> mindenk\u00e9pp \u00e9rdemes megk\u00f3stolni a p\u00e1lya alj\u00e1n az \u00e9tteremben, m\u00e1r csak az\u00e9rt is, mert ennek az \u00e1r\u00e1val a p\u00e1lya karbantart\u00e1s\u00e1t t\u00e1mogatjuk.<\/p>\n<p>A hateur\u00f3s napijegy amolyan hozz\u00e1j\u00e1rul\u00e1s, term\u00e9szetesen a felsz\u00e1ll\u00edt\u00e1ssal \u00e9s a b\u00e9rl\u00e9ssel dr\u00e1gul a szolg\u00e1ltat\u00e1s. Nek\u00fcnk m\u00e9gis a ny\u00e1lcsorgat\u00e1s jutott, mert mire oda\u00e9rt\u00fcnk, k\u00e9t napja stabilan esett, \u00edgy a j\u00e9g m\u00f3dj\u00e1ra cs\u00fasz\u00f3s agyagos \u00f6sv\u00e9nyeket lez\u00e1rt\u00e1k, mondv\u00e1n ne tegy\u00fck t\u00f6nkre. \u00cdgy maradt a teljes B\u00e9csi-erd\u0151, a maga 1250 kilom\u00e9ternyi \u00f6sv\u00e9ny\u00e9vel. Term\u00e9szetesen nem a teljes t\u00e1v a bring\u00e1sok\u00e9, vannak \u00fagynevezett <em>shared trailek<\/em> azaz megosztott \u00f6sv\u00e9nyek, ezeken bring\u00e1sok \u00e9s gyalogosok osztoznak. Jut erdei szerviz\u00fat is b\u0151ven, de 80 kilom\u00e9ter rendes, egynyomos bringa\u00f6sv\u00e9nyt (single trail) is kijel\u00f6ltek.<\/p>\n<figure id=\"attachment_4595\" aria-describedby=\"caption-attachment-4595\" style=\"width: 1440px\" class=\"wp-caption alignnone\"><img loading=\"lazy\" decoding=\"async\" class=\"wp-image-4595 size-full\" src=\"https:\/\/d2p6e6u75xmxt8.cloudfront.net\/12\/2019\/07\/ausztria_3.jpg\" alt=\"\" width=\"1440\" height=\"960\" srcset=\"https:\/\/d2p6e6u75xmxt8.cloudfront.net\/12\/2019\/07\/ausztria_3.jpg 1440w, https:\/\/d2p6e6u75xmxt8.cloudfront.net\/12\/2019\/07\/ausztria_3-300x200.jpg 300w, https:\/\/d2p6e6u75xmxt8.cloudfront.net\/12\/2019\/07\/ausztria_3-768x512.jpg 768w, https:\/\/d2p6e6u75xmxt8.cloudfront.net\/12\/2019\/07\/ausztria_3-1024x683.jpg 1024w, https:\/\/d2p6e6u75xmxt8.cloudfront.net\/12\/2019\/07\/ausztria_3-272x182.jpg 272w\" sizes=\"auto, (max-width: 1440px) 100vw, 1440px\" \/><figcaption id=\"caption-attachment-4595\" class=\"wp-caption-text\">\u00a9 Nieder\u00f6sterreich Werbung\/ Markus Fr\u00fchmann<\/figcaption><\/figure>\n<p>K\u00f6z\u00f6ss\u00e9gi \u00f6sszefog\u00e1s \u00e9s \u00e1llami t\u00e1mogat\u00e1s \u00e1ll az \u00f6sv\u00e9ny-h\u00e1l\u00f3zat m\u00f6g\u00f6tt, \u00e9s l\u00e1tszik is rajta, hogy nem p\u00e1r siheder \u00e1ssa hobbib\u00f3l. T\u00e1bl\u00e1k seg\u00edtik a t\u00e1j\u00e9koz\u00f3d\u00e1st, mutatj\u00e1k, mennyire neh\u00e9z az adott szakasz, ha ugrat\u00f3 j\u00f6n, m\u00e9g arra is figyelmeztetnek, hogy felt\u00f6lt\u00f6tt, vagy az eldob\u00f3 \u00e9s az \u00e9rkez\u0151 k\u00f6z\u00f6tt \u00e1rok van. T\u00far\u00e1zni ugyan\u00fagy \u00e9rdemes, mint technik\u00e1s lejt\u0151ket keresni, mert mindkett\u0151re kiterjedtek a lehet\u0151s\u00e9gek, az 1200 kihelyezett t\u00e1bla \u00e9s jelz\u00e9s pedig seg\u00edti az eligazod\u00e1st.<\/p>\n<figure id=\"attachment_4596\" aria-describedby=\"caption-attachment-4596\" style=\"width: 1440px\" class=\"wp-caption alignnone\"><img loading=\"lazy\" decoding=\"async\" class=\"wp-image-4596 size-full\" src=\"https:\/\/d2p6e6u75xmxt8.cloudfront.net\/12\/2019\/07\/ausztria_4.jpg\" alt=\"\" width=\"1440\" height=\"960\" srcset=\"https:\/\/d2p6e6u75xmxt8.cloudfront.net\/12\/2019\/07\/ausztria_4.jpg 1440w, https:\/\/d2p6e6u75xmxt8.cloudfront.net\/12\/2019\/07\/ausztria_4-300x200.jpg 300w, https:\/\/d2p6e6u75xmxt8.cloudfront.net\/12\/2019\/07\/ausztria_4-768x512.jpg 768w, https:\/\/d2p6e6u75xmxt8.cloudfront.net\/12\/2019\/07\/ausztria_4-1024x683.jpg 1024w, https:\/\/d2p6e6u75xmxt8.cloudfront.net\/12\/2019\/07\/ausztria_4-272x182.jpg 272w\" sizes=\"auto, (max-width: 1440px) 100vw, 1440px\" \/><figcaption id=\"caption-attachment-4596\" class=\"wp-caption-text\">\u00a9 Nieder\u00f6sterreich Werbung\/ Markus Fr\u00fchmann<\/figcaption><\/figure>\n<p>Nincs szem\u00e9t, sem lerombolt \u00f6sv\u00e9nyek, az eg\u00e9sz valahogy m\u0171k\u00f6dik. Hab\u00e1r itt is vannak \u00f6sszesz\u00f3lalkoz\u00e1sok bring\u00e1sok \u00e9s turist\u00e1k k\u00f6z\u00f6tt, a t\u00falnyom\u00f3 t\u00f6bbs\u00e9g tiszteletben tartja a j\u00e1t\u00e9kszab\u00e1lyokat, \u00e9s ez nem csak f\u00f6ldrajzi, hanem mentalit\u00e1sbeli k\u00fcl\u00f6nbs\u00e9gekb\u0151l is ad\u00f3dik. J\u00f3 lenne egyszer eljutni erre a szintre, itthon is, hogy mindenki sz\u00e1m\u00e1ra jobb hely lehessen az erd\u0151.<\/p>\n","protected":false},"excerpt":{"rendered":"<p>Magyarorsz\u00e1gon finoman sz\u00f3lva sem rendezett a hegyi bring\u00e1z\u00e1s k\u00e9rd\u00e9se, kev\u00e9s kiv\u00e9telt\u0151l eltekintve tulajdonk\u00e9ppen mindenhol tilos. Elcs\u00e9pelt k\u00f6zhely, \u00e9s tal\u00e1n unalmas [&hellip;]<\/p>\n","protected":false},"author":71,"featured_media":4593,"comment_status":"open","ping_status":"open","sticky":false,"template":"","format":"standard","meta":{"footnotes":""},"categories":[7],"tags":[416,414,415],"global-categories":[],"class_list":["post-4592","post","type-post","status-publish","format-standard","has-post-thumbnail","hentry","category-trekking-mtb","tag-alexander-arpaci","tag-ausztria","tag-trail-park"],"yoast_head":"<!-- This site is optimized with the Yoast SEO Premium plugin v25.3 (Yoast SEO v25.9) - https:\/\/yoast.com\/wordpress\/plugins\/seo\/ -->\n<title>Magyarorsz\u00e1gon mi\u00e9rt nincs ilyen? - Bring\u00e1z\u00e1s a B\u00e9csi-erd\u0151ben - \u0160koda We Love Cycling - Magyarorsz\u00e1g<\/title>\n<meta name=\"robots\" content=\"index, follow, max-snippet:-1, max-image-preview:large, max-video-preview:-1\" \/>\n<link rel=\"canonical\" href=\"https:\/\/www.welovecycling.com\/hu\/trekking-mtb\/magyarorszagon-miert-nincs-ilyen-bringazas-a-becsi-erdoben\/\" \/>\n<meta property=\"og:locale\" content=\"hu_HU\" \/>\n<meta property=\"og:type\" content=\"article\" \/>\n<meta property=\"og:title\" content=\"Magyarorsz\u00e1gon mi\u00e9rt nincs ilyen? - Bring\u00e1z\u00e1s a B\u00e9csi-erd\u0151ben\" \/>\n<meta property=\"og:description\" content=\"Magyarorsz\u00e1gon finoman sz\u00f3lva sem rendezett a hegyi bring\u00e1z\u00e1s k\u00e9rd\u00e9se, kev\u00e9s kiv\u00e9telt\u0151l eltekintve tulajdonk\u00e9ppen mindenhol tilos. Elcs\u00e9pelt k\u00f6zhely, \u00e9s tal\u00e1n unalmas [&hellip;]\" \/>\n<meta property=\"og:url\" content=\"https:\/\/www.welovecycling.com\/hu\/trekking-mtb\/magyarorszagon-miert-nincs-ilyen-bringazas-a-becsi-erdoben\/\" \/>\n<meta property=\"og:site_name\" content=\"\u0160koda We Love Cycling - Magyarorsz\u00e1g\" \/>\n<meta property=\"article:publisher\" content=\"https:\/\/www.facebook.com\/WeLoveCyclingHungary\/\" \/>\n<meta property=\"article:published_time\" content=\"2019-08-01T07:00:26+00:00\" \/>\n<meta property=\"article:modified_time\" content=\"2019-08-22T09:08:04+00:00\" \/>\n<meta property=\"og:image\" content=\"https:\/\/d2p6e6u75xmxt8.cloudfront.net\/12\/2019\/07\/ausztria_1.jpg\" \/>\n\t<meta property=\"og:image:width\" content=\"1440\" \/>\n\t<meta property=\"og:image:height\" content=\"960\" \/>\n\t<meta property=\"og:image:type\" content=\"image\/jpeg\" \/>\n<meta name=\"author\" content=\"hegyizs\" \/>\n<meta name=\"twitter:card\" content=\"summary_large_image\" \/>\n<meta name=\"twitter:label1\" content=\"Written by\" \/>\n\t<meta name=\"twitter:data1\" content=\"WLC\" \/>\n\t<meta name=\"twitter:label2\" content=\"Est. reading time\" \/>\n\t<meta name=\"twitter:data2\" content=\"5 minutes\" \/>\n<script type=\"application\/ld+json\" class=\"yoast-schema-graph\">{\"@context\":\"https:\/\/schema.org\",\"@graph\":[{\"@type\":\"WebPage\",\"@id\":\"https:\/\/www.welovecycling.com\/hu\/trekking-mtb\/magyarorszagon-miert-nincs-ilyen-bringazas-a-becsi-erdoben\/\",\"url\":\"https:\/\/www.welovecycling.com\/hu\/trekking-mtb\/magyarorszagon-miert-nincs-ilyen-bringazas-a-becsi-erdoben\/\",\"name\":\"Magyarorsz\u00e1gon mi\u00e9rt nincs ilyen? - Bring\u00e1z\u00e1s a B\u00e9csi-erd\u0151ben - \u0160koda We Love Cycling - Magyarorsz\u00e1g\",\"isPartOf\":{\"@id\":\"https:\/\/www.welovecycling.com\/hu\/#website\"},\"primaryImageOfPage\":{\"@id\":\"https:\/\/www.welovecycling.com\/hu\/trekking-mtb\/magyarorszagon-miert-nincs-ilyen-bringazas-a-becsi-erdoben\/#primaryimage\"},\"image\":{\"@id\":\"https:\/\/www.welovecycling.com\/hu\/trekking-mtb\/magyarorszagon-miert-nincs-ilyen-bringazas-a-becsi-erdoben\/#primaryimage\"},\"thumbnailUrl\":\"https:\/\/d2p6e6u75xmxt8.cloudfront.net\/12\/2019\/07\/ausztria_1.jpg\",\"datePublished\":\"2019-08-01T07:00:26+00:00\",\"dateModified\":\"2019-08-22T09:08:04+00:00\",\"author\":{\"@id\":\"https:\/\/www.welovecycling.com\/hu\/#\/schema\/person\/414a2aebf1801691a5320edb6468e194\"},\"breadcrumb\":{\"@id\":\"https:\/\/www.welovecycling.com\/hu\/trekking-mtb\/magyarorszagon-miert-nincs-ilyen-bringazas-a-becsi-erdoben\/#breadcrumb\"},\"inLanguage\":\"hu\",\"potentialAction\":[{\"@type\":\"ReadAction\",\"target\":[\"https:\/\/www.welovecycling.com\/hu\/trekking-mtb\/magyarorszagon-miert-nincs-ilyen-bringazas-a-becsi-erdoben\/\"]}]},{\"@type\":\"ImageObject\",\"inLanguage\":\"hu\",\"@id\":\"https:\/\/www.welovecycling.com\/hu\/trekking-mtb\/magyarorszagon-miert-nincs-ilyen-bringazas-a-becsi-erdoben\/#primaryimage\",\"url\":\"https:\/\/d2p6e6u75xmxt8.cloudfront.net\/12\/2019\/07\/ausztria_1.jpg\",\"contentUrl\":\"https:\/\/d2p6e6u75xmxt8.cloudfront.net\/12\/2019\/07\/ausztria_1.jpg\",\"width\":1440,\"height\":960},{\"@type\":\"BreadcrumbList\",\"@id\":\"https:\/\/www.welovecycling.com\/hu\/trekking-mtb\/magyarorszagon-miert-nincs-ilyen-bringazas-a-becsi-erdoben\/#breadcrumb\",\"itemListElement\":[{\"@type\":\"ListItem\",\"position\":1,\"name\":\"Home\",\"item\":\"https:\/\/www.welovecycling.com\/hu\/\"},{\"@type\":\"ListItem\",\"position\":2,\"name\":\"Magyarorsz\u00e1gon mi\u00e9rt nincs ilyen? &#8211; Bring\u00e1z\u00e1s a B\u00e9csi-erd\u0151ben\"}]},{\"@type\":\"WebSite\",\"@id\":\"https:\/\/www.welovecycling.com\/hu\/#website\",\"url\":\"https:\/\/www.welovecycling.com\/hu\/\",\"name\":\"\u0160koda We Love Cycling - Magyarorsz\u00e1g\",\"description\":\"\u0160koda WeLoveCycling\",\"potentialAction\":[{\"@type\":\"SearchAction\",\"target\":{\"@type\":\"EntryPoint\",\"urlTemplate\":\"https:\/\/www.welovecycling.com\/hu\/?s={search_term_string}\"},\"query-input\":{\"@type\":\"PropertyValueSpecification\",\"valueRequired\":true,\"valueName\":\"search_term_string\"}}],\"inLanguage\":\"hu\"},{\"@type\":\"Person\",\"@id\":\"https:\/\/www.welovecycling.com\/hu\/#\/schema\/person\/414a2aebf1801691a5320edb6468e194\",\"name\":\"hegyizs\",\"image\":{\"@type\":\"ImageObject\",\"inLanguage\":\"hu\",\"@id\":\"https:\/\/www.welovecycling.com\/hu\/#\/schema\/person\/image\/\",\"url\":\"https:\/\/secure.gravatar.com\/avatar\/02cf8a7906b8cf90cecb4679defac7cfd33a1c2e3b88e4903d947f3bb58eedd3?s=96&d=mm&r=g\",\"contentUrl\":\"https:\/\/secure.gravatar.com\/avatar\/02cf8a7906b8cf90cecb4679defac7cfd33a1c2e3b88e4903d947f3bb58eedd3?s=96&d=mm&r=g\",\"caption\":\"hegyizs\"},\"url\":\"https:\/\/www.welovecycling.com\/hu\/author\/hegyizs\/\"}]}<\/script>\n<!-- \/ Yoast SEO Premium plugin. -->","yoast_head_json":{"title":"Magyarorsz\u00e1gon mi\u00e9rt nincs ilyen? - Bring\u00e1z\u00e1s a B\u00e9csi-erd\u0151ben - \u0160koda We Love Cycling - Magyarorsz\u00e1g","robots":{"index":"index","follow":"follow","max-snippet":"max-snippet:-1","max-image-preview":"max-image-preview:large","max-video-preview":"max-video-preview:-1"},"canonical":"https:\/\/www.welovecycling.com\/hu\/trekking-mtb\/magyarorszagon-miert-nincs-ilyen-bringazas-a-becsi-erdoben\/","og_locale":"hu_HU","og_type":"article","og_title":"Magyarorsz\u00e1gon mi\u00e9rt nincs ilyen? - Bring\u00e1z\u00e1s a B\u00e9csi-erd\u0151ben","og_description":"Magyarorsz\u00e1gon finoman sz\u00f3lva sem rendezett a hegyi bring\u00e1z\u00e1s k\u00e9rd\u00e9se, kev\u00e9s kiv\u00e9telt\u0151l eltekintve tulajdonk\u00e9ppen mindenhol tilos. Elcs\u00e9pelt k\u00f6zhely, \u00e9s tal\u00e1n unalmas [&hellip;]","og_url":"https:\/\/www.welovecycling.com\/hu\/trekking-mtb\/magyarorszagon-miert-nincs-ilyen-bringazas-a-becsi-erdoben\/","og_site_name":"\u0160koda We Love Cycling - Magyarorsz\u00e1g","article_publisher":"https:\/\/www.facebook.com\/WeLoveCyclingHungary\/","article_published_time":"2019-08-01T07:00:26+00:00","article_modified_time":"2019-08-22T09:08:04+00:00","og_image":[{"width":1440,"height":960,"url":"https:\/\/d2p6e6u75xmxt8.cloudfront.net\/12\/2019\/07\/ausztria_1.jpg","type":"image\/jpeg"}],"author":"hegyizs","twitter_card":"summary_large_image","twitter_misc":{"Written by":"WLC","Est. reading time":"5 minutes"},"schema":{"@context":"https:\/\/schema.org","@graph":[{"@type":"WebPage","@id":"https:\/\/www.welovecycling.com\/hu\/trekking-mtb\/magyarorszagon-miert-nincs-ilyen-bringazas-a-becsi-erdoben\/","url":"https:\/\/www.welovecycling.com\/hu\/trekking-mtb\/magyarorszagon-miert-nincs-ilyen-bringazas-a-becsi-erdoben\/","name":"Magyarorsz\u00e1gon mi\u00e9rt nincs ilyen? - Bring\u00e1z\u00e1s a B\u00e9csi-erd\u0151ben - \u0160koda We Love Cycling - Magyarorsz\u00e1g","isPartOf":{"@id":"https:\/\/www.welovecycling.com\/hu\/#website"},"primaryImageOfPage":{"@id":"https:\/\/www.welovecycling.com\/hu\/trekking-mtb\/magyarorszagon-miert-nincs-ilyen-bringazas-a-becsi-erdoben\/#primaryimage"},"image":{"@id":"https:\/\/www.welovecycling.com\/hu\/trekking-mtb\/magyarorszagon-miert-nincs-ilyen-bringazas-a-becsi-erdoben\/#primaryimage"},"thumbnailUrl":"https:\/\/d2p6e6u75xmxt8.cloudfront.net\/12\/2019\/07\/ausztria_1.jpg","datePublished":"2019-08-01T07:00:26+00:00","dateModified":"2019-08-22T09:08:04+00:00","author":{"@id":"https:\/\/www.welovecycling.com\/hu\/#\/schema\/person\/414a2aebf1801691a5320edb6468e194"},"breadcrumb":{"@id":"https:\/\/www.welovecycling.com\/hu\/trekking-mtb\/magyarorszagon-miert-nincs-ilyen-bringazas-a-becsi-erdoben\/#breadcrumb"},"inLanguage":"hu","potentialAction":[{"@type":"ReadAction","target":["https:\/\/www.welovecycling.com\/hu\/trekking-mtb\/magyarorszagon-miert-nincs-ilyen-bringazas-a-becsi-erdoben\/"]}]},{"@type":"ImageObject","inLanguage":"hu","@id":"https:\/\/www.welovecycling.com\/hu\/trekking-mtb\/magyarorszagon-miert-nincs-ilyen-bringazas-a-becsi-erdoben\/#primaryimage","url":"https:\/\/d2p6e6u75xmxt8.cloudfront.net\/12\/2019\/07\/ausztria_1.jpg","contentUrl":"https:\/\/d2p6e6u75xmxt8.cloudfront.net\/12\/2019\/07\/ausztria_1.jpg","width":1440,"height":960},{"@type":"BreadcrumbList","@id":"https:\/\/www.welovecycling.com\/hu\/trekking-mtb\/magyarorszagon-miert-nincs-ilyen-bringazas-a-becsi-erdoben\/#breadcrumb","itemListElement":[{"@type":"ListItem","position":1,"name":"Home","item":"https:\/\/www.welovecycling.com\/hu\/"},{"@type":"ListItem","position":2,"name":"Magyarorsz\u00e1gon mi\u00e9rt nincs ilyen? &#8211; Bring\u00e1z\u00e1s a B\u00e9csi-erd\u0151ben"}]},{"@type":"WebSite","@id":"https:\/\/www.welovecycling.com\/hu\/#website","url":"https:\/\/www.welovecycling.com\/hu\/","name":"\u0160koda We Love Cycling - Magyarorsz\u00e1g","description":"\u0160koda WeLoveCycling","potentialAction":[{"@type":"SearchAction","target":{"@type":"EntryPoint","urlTemplate":"https:\/\/www.welovecycling.com\/hu\/?s={search_term_string}"},"query-input":{"@type":"PropertyValueSpecification","valueRequired":true,"valueName":"search_term_string"}}],"inLanguage":"hu"},{"@type":"Person","@id":"https:\/\/www.welovecycling.com\/hu\/#\/schema\/person\/414a2aebf1801691a5320edb6468e194","name":"hegyizs","image":{"@type":"ImageObject","inLanguage":"hu","@id":"https:\/\/www.welovecycling.com\/hu\/#\/schema\/person\/image\/","url":"https:\/\/secure.gravatar.com\/avatar\/02cf8a7906b8cf90cecb4679defac7cfd33a1c2e3b88e4903d947f3bb58eedd3?s=96&d=mm&r=g","contentUrl":"https:\/\/secure.gravatar.com\/avatar\/02cf8a7906b8cf90cecb4679defac7cfd33a1c2e3b88e4903d947f3bb58eedd3?s=96&d=mm&r=g","caption":"hegyizs"},"url":"https:\/\/www.welovecycling.com\/hu\/author\/hegyizs\/"}]}},"_links":{"self":[{"href":"https:\/\/www.welovecycling.com\/hu\/wp-json\/wp\/v2\/posts\/4592","targetHints":{"allow":["GET"]}}],"collection":[{"href":"https:\/\/www.welovecycling.com\/hu\/wp-json\/wp\/v2\/posts"}],"about":[{"href":"https:\/\/www.welovecycling.com\/hu\/wp-json\/wp\/v2\/types\/post"}],"author":[{"embeddable":true,"href":"https:\/\/www.welovecycling.com\/hu\/wp-json\/wp\/v2\/users\/71"}],"replies":[{"embeddable":true,"href":"https:\/\/www.welovecycling.com\/hu\/wp-json\/wp\/v2\/comments?post=4592"}],"version-history":[{"count":2,"href":"https:\/\/www.welovecycling.com\/hu\/wp-json\/wp\/v2\/posts\/4592\/revisions"}],"predecessor-version":[{"id":4814,"href":"https:\/\/www.welovecycling.com\/hu\/wp-json\/wp\/v2\/posts\/4592\/revisions\/4814"}],"wp:featuredmedia":[{"embeddable":true,"href":"https:\/\/www.welovecycling.com\/hu\/wp-json\/wp\/v2\/media\/4593"}],"wp:attachment":[{"href":"https:\/\/www.welovecycling.com\/hu\/wp-json\/wp\/v2\/media?parent=4592"}],"wp:term":[{"taxonomy":"category","embeddable":true,"href":"https:\/\/www.welovecycling.com\/hu\/wp-json\/wp\/v2\/categories?post=4592"},{"taxonomy":"post_tag","embeddable":true,"href":"https:\/\/www.welovecycling.com\/hu\/wp-json\/wp\/v2\/tags?post=4592"},{"taxonomy":"global-categories","embeddable":true,"href":"https:\/\/www.welovecycling.com\/hu\/wp-json\/wp\/v2\/global-categories?post=4592"}],"curies":[{"name":"wp","href":"https:\/\/api.w.org\/{rel}","templated":true}]}}