{"id":4571,"date":"2019-08-07T08:00:21","date_gmt":"2019-08-07T07:00:21","guid":{"rendered":"https:\/\/www.welovecycling.com\/hu\/?p=4571"},"modified":"2019-07-26T14:53:16","modified_gmt":"2019-07-26T13:53:16","slug":"hogyan-csinalj-a-bringadbol-elmenyjarganyt","status":"publish","type":"post","link":"https:\/\/www.welovecycling.com\/hu\/adrenalin\/hogyan-csinalj-a-bringadbol-elmenyjarganyt\/","title":{"rendered":"Hogyan csin\u00e1lj a bring\u00e1db\u00f3l \u00e9lm\u00e9nyj\u00e1rg\u00e1nyt"},"content":{"rendered":"<p><strong>A bikepacking biciklis t\u00fara legink\u00e1bb egy szabadt\u00e9ri kaland, ami ott kezd\u0151dik, ahol a t\u00faraker\u00e9kp\u00e1roz\u00e1s v\u00e9get \u00e9r; a kik\u00f6vezett \u00fat v\u00e9g\u00e9n. A k\u00fcl\u00f6nb\u00f6z\u0151 t\u00e1sk\u00e1knak k\u00f6sz\u00f6nhet\u0151en gyorsan telepakolhatod az eg\u00e9sz biciklidet mindennel, amire sz\u00fcks\u00e9ged lehet, \u00fagy hogy az kompakt \u00e9s teljesen v\u00edz\u00e1ll\u00f3 legyen. Hosszabb t\u00e1vols\u00e1gok? V\u00e1ltozatos terep? Semmi gond! A pilles\u00faly\u00fa t\u00e1sk\u00e1knak k\u00f6sz\u00f6nhet\u0151en k\u00f6nnyed\u00e9n suhansz majd, mik\u00f6zben a kalandv\u00e1gyadat is teljesen kiel\u00e9g\u00edtheted.<\/strong><!--more--><\/p>\n<p>Egyre n\u00e9pszer\u0171bb\u00e9 v\u00e1l\u00f3 trendk\u00e9nt a bikepacking, a h\u00e1tizs\u00e1kos, nagy biciklis t\u00far\u00e1z\u00e1s nagy m\u00e9dia figyelmet kapott az olyan versenyek kapcs\u00e1n, mint a 4418 kilom\u00e9teres Tour Divide verseny \u00c9szak-Amerik\u00e1ban ,vagy a Transcontinental Race Eur\u00f3p\u00e1ban, amelynek nincs kijel\u00f6lt \u00fatiterve, helyette a versenyz\u0151knek k\u00f6telez\u0151 pontokat kell teljes\u00edteni\u00fck. A bikepacking viszont ink\u00e1bb a ker\u00e9kp\u00e1rosok kalandv\u00e1gy\u00e1t kelti fel, mint sem a versenyszellemet. Ahelyett, hogy robosztus els\u0151 \u00e9s h\u00e1ts\u00f3 csomagtart\u00f3kat szereln\u00e9nek fel \u00e9s telepakoln\u00e1k \u0151ket bring\u00e1s kell\u00e9kekkel, a t\u00far\u00e1z\u00f3k ink\u00e1bb a kevesebb t\u00e1sk\u00e1s vari\u00e1ci\u00f3t v\u00e1lasztj\u00e1k, ami nagyobb szabads\u00e1got \u00e9s v\u00e1ltozatoss\u00e1got biztos\u00edt sz\u00e1mukra.<\/p>\n<div id='gallery-1' class='gallery galleryid-4571 gallery-columns-2 gallery-size-large'><figure class='gallery-item'>\n\t\t\t<div class='gallery-icon landscape'>\n\t\t\t\t<a href='https:\/\/d2p6e6u75xmxt8.cloudfront.net\/12\/2019\/07\/Tour-Divide.jpg'><img loading=\"lazy\" decoding=\"async\" width=\"1024\" height=\"683\" src=\"https:\/\/d2p6e6u75xmxt8.cloudfront.net\/12\/2019\/07\/Tour-Divide-1024x683.jpg\" class=\"attachment-large size-large\" alt=\"\" srcset=\"https:\/\/d2p6e6u75xmxt8.cloudfront.net\/12\/2019\/07\/Tour-Divide-1024x683.jpg 1024w, https:\/\/d2p6e6u75xmxt8.cloudfront.net\/12\/2019\/07\/Tour-Divide-300x200.jpg 300w, https:\/\/d2p6e6u75xmxt8.cloudfront.net\/12\/2019\/07\/Tour-Divide-768x512.jpg 768w, https:\/\/d2p6e6u75xmxt8.cloudfront.net\/12\/2019\/07\/Tour-Divide-272x182.jpg 272w, https:\/\/d2p6e6u75xmxt8.cloudfront.net\/12\/2019\/07\/Tour-Divide.jpg 1335w\" sizes=\"auto, (max-width: 1024px) 100vw, 1024px\" \/><\/a>\n\t\t\t<\/div><\/figure><figure class='gallery-item'>\n\t\t\t<div class='gallery-icon landscape'>\n\t\t\t\t<a href='https:\/\/d2p6e6u75xmxt8.cloudfront.net\/12\/2019\/07\/tour_devide.jpg'><img loading=\"lazy\" decoding=\"async\" width=\"1024\" height=\"768\" src=\"https:\/\/d2p6e6u75xmxt8.cloudfront.net\/12\/2019\/07\/tour_devide-1024x768.jpg\" class=\"attachment-large size-large\" alt=\"\" srcset=\"https:\/\/d2p6e6u75xmxt8.cloudfront.net\/12\/2019\/07\/tour_devide-1024x768.jpg 1024w, https:\/\/d2p6e6u75xmxt8.cloudfront.net\/12\/2019\/07\/tour_devide-300x225.jpg 300w, https:\/\/d2p6e6u75xmxt8.cloudfront.net\/12\/2019\/07\/tour_devide-768x576.jpg 768w, https:\/\/d2p6e6u75xmxt8.cloudfront.net\/12\/2019\/07\/tour_devide.jpg 1600w\" sizes=\"auto, (max-width: 1024px) 100vw, 1024px\" \/><\/a>\n\t\t\t<\/div><\/figure>\n\t\t<\/div>\n\n<p>Ennek k\u00f6sz\u00f6nhet\u0151en t\u00f6bb napra elegend\u0151 cuccot tudnak felpakolni, \u00e9s spont\u00e1n d\u00f6nthetnek arr\u00f3l, hogy hol akarnak s\u00e1trat verni. A megfelel\u0151 felszerel\u00e9sekkel, mint a k\u00f6nny\u0171s\u00faly\u00fa h\u00e1l\u00f3zs\u00e1kok \u00e9s a kempingf\u0151z\u0151, csod\u00e1san \u00e9rezhetik magukat, \u00e9s \u00e9lvezhetik, hogy b\u00e1rhol meg\u00e1llhatnak \u00e9jszak\u00e1ra. Akadhat ugyan, aki hi\u00e1nyoln\u00e1 az eg\u00e9szb\u0151l a k\u00e9nyelmet, viszont m\u00e1soknak itt kezd\u0151dik az igazi kaland.<\/p>\n<p>Feltehet\u0151leg az eg\u00e9sz trend a Rocky Mountain nev\u0171 m\u00e1rk\u00e1val kezd\u0151d\u00f6tt, amelynek Sherpa nev\u0171 modellje volt az els\u0151 t\u00f6meggy\u00e1rt\u00e1sra k\u00e9sz\u00fclt monti, amit kifejezetten a bikepackerek sz\u00e1m\u00e1ra terveztek. Ezen k\u00edv\u00fcl persze t\u00f6bb fajta ker\u00e9kp\u00e1r is alkalmas a bikepackingre. \u00c1ltal\u00e1ban legink\u00e1bb azon m\u00falik, hogy hova akarsz menni \u00e9s milyen jelleg\u0171 utakkal akarsz megk\u00fczdeni. A t\u00f6bbs\u00e9g legink\u00e1bb a k\u00e9nyelemorient\u00e1lt orsz\u00e1g\u00fati ker\u00e9kp\u00e1rok, gravel bring\u00e1k \u00e9s fatbike-ok k\u00f6z\u00fcl fog v\u00e1lasztani, amelyek a homokban vagy h\u00f3ban val\u00f3 teker\u00e9shez a legkiv\u00e1l\u00f3bbak.<\/p>\n<div id='gallery-2' class='gallery galleryid-4571 gallery-columns-2 gallery-size-large'><figure class='gallery-item'>\n\t\t\t<div class='gallery-icon landscape'>\n\t\t\t\t<a href='https:\/\/d2p6e6u75xmxt8.cloudfront.net\/12\/2019\/07\/sherpa-angle.jpg'><img loading=\"lazy\" decoding=\"async\" width=\"1024\" height=\"576\" src=\"https:\/\/d2p6e6u75xmxt8.cloudfront.net\/12\/2019\/07\/sherpa-angle-1024x576.jpg\" class=\"attachment-large size-large\" alt=\"\" srcset=\"https:\/\/d2p6e6u75xmxt8.cloudfront.net\/12\/2019\/07\/sherpa-angle-1024x576.jpg 1024w, https:\/\/d2p6e6u75xmxt8.cloudfront.net\/12\/2019\/07\/sherpa-angle-300x169.jpg 300w, https:\/\/d2p6e6u75xmxt8.cloudfront.net\/12\/2019\/07\/sherpa-angle-768x432.jpg 768w, https:\/\/d2p6e6u75xmxt8.cloudfront.net\/12\/2019\/07\/sherpa-angle.jpg 1200w\" sizes=\"auto, (max-width: 1024px) 100vw, 1024px\" \/><\/a>\n\t\t\t<\/div><\/figure><figure class='gallery-item'>\n\t\t\t<div class='gallery-icon landscape'>\n\t\t\t\t<a href='https:\/\/d2p6e6u75xmxt8.cloudfront.net\/12\/2019\/07\/sherpa3.jpg'><img loading=\"lazy\" decoding=\"async\" width=\"1024\" height=\"576\" src=\"https:\/\/d2p6e6u75xmxt8.cloudfront.net\/12\/2019\/07\/sherpa3-1024x576.jpg\" class=\"attachment-large size-large\" alt=\"\" srcset=\"https:\/\/d2p6e6u75xmxt8.cloudfront.net\/12\/2019\/07\/sherpa3.jpg 1024w, https:\/\/d2p6e6u75xmxt8.cloudfront.net\/12\/2019\/07\/sherpa3-300x169.jpg 300w, https:\/\/d2p6e6u75xmxt8.cloudfront.net\/12\/2019\/07\/sherpa3-768x432.jpg 768w\" sizes=\"auto, (max-width: 1024px) 100vw, 1024px\" \/><\/a>\n\t\t\t<\/div><\/figure>\n\t\t<\/div>\n\n<p>A legt\u00f6bb t\u00far\u00e1z\u00f3 azokat a t\u00e1sk\u00e1kat kedveli jobban, amelyek k\u00f6nnyen illeszkednek \u00e9s szersz\u00e1m n\u00e9lk\u00fcl levehet\u0151ek, csup\u00e1n ragaszt\u00f3szalagok, csatok \u00e9s p\u00e1ntok seg\u00edts\u00e9g\u00e9vel. A t\u00far\u00e1z\u00f3k az elengedhetetlen felszerel\u00e9sek t\u00f6bbs\u00e9g\u00e9t be tudj\u00e1k szerezni a sport- \u00e9s t\u00farakell\u00e9k-\u00e1ruh\u00e1zakban, de a bringaboltok \u00e9s -m\u00e1rk\u00e1k is megl\u00e1thatn\u00e1k a lehet\u0151s\u00e9get ebben, hogy sz\u00e9les\u00edts\u00e9k a term\u00e9keik sk\u00e1l\u00e1j\u00e1t \u00e9s adott esetben n\u00f6velj\u00e9k az elad\u00e1sokat. Ezeket a t\u00e1sk\u00e1kat viszont kifejezetten a ker\u00e9kp\u00e1rokra kell, hogy tervezz\u00e9k.<\/p>\n<p>Van n\u00e9h\u00e1ny hagyom\u00e1nyos gy\u00e1rt\u00f3, mint p\u00e9ld\u00e1ul a n\u00e9met Ortlieb vagy az amerikai Blackburn. Az Ortlieb egy nagym\u00e9ret\u0171 v\u00e1zt\u00e1sk\u00e1val eg\u00e9sz\u00edtette ki az eddigi v\u00e1laszt\u00e9k\u00e1t, amelyhez tartozik egy nyeregt\u00e1ska, egy korm\u00e1nyt\u00e1ska \u00e9s egy oldalt\u00e1ska.<\/p>\n<div id='gallery-3' class='gallery galleryid-4571 gallery-columns-2 gallery-size-large'><figure class='gallery-item'>\n\t\t\t<div class='gallery-icon landscape'>\n\t\t\t\t<a href='https:\/\/d2p6e6u75xmxt8.cloudfront.net\/12\/2019\/07\/ortlieb_credit_ortlieb2.jpg'><img loading=\"lazy\" decoding=\"async\" width=\"1024\" height=\"661\" src=\"https:\/\/d2p6e6u75xmxt8.cloudfront.net\/12\/2019\/07\/ortlieb_credit_ortlieb2-1024x661.jpg\" class=\"attachment-large size-large\" alt=\"\" srcset=\"https:\/\/d2p6e6u75xmxt8.cloudfront.net\/12\/2019\/07\/ortlieb_credit_ortlieb2-1024x661.jpg 1024w, https:\/\/d2p6e6u75xmxt8.cloudfront.net\/12\/2019\/07\/ortlieb_credit_ortlieb2-300x194.jpg 300w, https:\/\/d2p6e6u75xmxt8.cloudfront.net\/12\/2019\/07\/ortlieb_credit_ortlieb2-768x496.jpg 768w, https:\/\/d2p6e6u75xmxt8.cloudfront.net\/12\/2019\/07\/ortlieb_credit_ortlieb2-1920x1240.jpg 1920w, https:\/\/d2p6e6u75xmxt8.cloudfront.net\/12\/2019\/07\/ortlieb_credit_ortlieb2-1920x1240.jpg 1920w\" sizes=\"auto, (max-width: 1024px) 100vw, 1024px\" \/><\/a>\n\t\t\t<\/div><\/figure><figure class='gallery-item'>\n\t\t\t<div class='gallery-icon landscape'>\n\t\t\t\t<a href='https:\/\/d2p6e6u75xmxt8.cloudfront.net\/12\/2019\/07\/ortlieb_credit_ortlieb3.jpg'><img loading=\"lazy\" decoding=\"async\" width=\"1024\" height=\"684\" src=\"https:\/\/d2p6e6u75xmxt8.cloudfront.net\/12\/2019\/07\/ortlieb_credit_ortlieb3-1024x684.jpg\" class=\"attachment-large size-large\" alt=\"\" srcset=\"https:\/\/d2p6e6u75xmxt8.cloudfront.net\/12\/2019\/07\/ortlieb_credit_ortlieb3-1024x684.jpg 1024w, https:\/\/d2p6e6u75xmxt8.cloudfront.net\/12\/2019\/07\/ortlieb_credit_ortlieb3-300x200.jpg 300w, https:\/\/d2p6e6u75xmxt8.cloudfront.net\/12\/2019\/07\/ortlieb_credit_ortlieb3-768x513.jpg 768w, https:\/\/d2p6e6u75xmxt8.cloudfront.net\/12\/2019\/07\/ortlieb_credit_ortlieb3-272x182.jpg 272w, https:\/\/d2p6e6u75xmxt8.cloudfront.net\/12\/2019\/07\/ortlieb_credit_ortlieb3.jpg 1240w\" sizes=\"auto, (max-width: 1024px) 100vw, 1024px\" \/><\/a>\n\t\t\t<\/div><\/figure>\n\t\t<\/div>\n\n<p>A Blackburn id\u00e9n dobta piacra az Outpost nev\u0171 kollekci\u00f3j\u00e1t, amelyhez egy divatos limit\u00e1lt sz\u00e9ria is tartozik. Az Outpost kollekci\u00f3ban megtal\u00e1lhat\u00f3 egy nyeregt\u00e1ska, v\u00e1zt\u00e1ska, korm\u00e1nyt\u00e1ska \u00e9s egy fels\u0151 cs\u0151re er\u0151s\u00edthet\u0151 t\u00e1ska. Mind v\u00edz\u00e1ll\u00f3 \u00e9s b\u0151v\u00edthet\u0151. Ha szeretn\u00e9d magad jobban bele\u00e1sni a t\u00far\u00e1z\u00e1sba, pr\u00f3b\u00e1ld ki Jamie Summer \u00faj, &#8220;Roll With It\u201d c\u00edmmel megjelent illusztr\u00e1lt k\u00f6nyv\u00e9t, amelyet szint\u00e9n a c\u00e9g adott ki, hogy m\u00e9g t\u00f6bbeket megismertessen a t\u00far\u00e1z\u00e1ssal. L\u00e9tezik egy film is ugyanezzel a c\u00edmmel. A trailert al\u00e1bb tudod megn\u00e9zni.<\/p>\n<lite-youtube videoid=VVzZsjJ7iEs params=\"enablejsapi=1\" style=\"background-image: url('https:\/\/i.ytimg.com\/vi_webp\/VVzZsjJ7iEs\/maxresdefault.webp');\"><\/lite-youtube>\n<p>Ugyan az Ortliebhez \u00e9s a Blackburnh\u00f6z k\u00e9pest z\u00f6ldf\u00fcl\u0171nek sz\u00e1m\u00edt, a brit Apidura m\u00e1rka 2014 \u00f3ta dolgozik a t\u00farah\u00e1tizs\u00e1k vonalon. A c\u00e9g h\u00edres a minim\u00e1l st\u00edlus\u00fa, k\u00f6nny\u0171 t\u00e1sk\u00e1ir\u00f3l, amelyek n\u00e9pszer\u0171ek a Tour Divide \u00e9s a Transcontinental Race versenyek r\u00e9sztvev\u0151i k\u00f6r\u00e9ben.<\/p>\n<div id='gallery-4' class='gallery galleryid-4571 gallery-columns-2 gallery-size-large'><figure class='gallery-item'>\n\t\t\t<div class='gallery-icon landscape'>\n\t\t\t\t<a href='https:\/\/d2p6e6u75xmxt8.cloudfront.net\/12\/2019\/07\/Apidura_-Picture-Credit_Anthony-Pease-Photography2.jpg'><img loading=\"lazy\" decoding=\"async\" width=\"1024\" height=\"683\" src=\"https:\/\/d2p6e6u75xmxt8.cloudfront.net\/12\/2019\/07\/Apidura_-Picture-Credit_Anthony-Pease-Photography2-1024x683.jpg\" class=\"attachment-large size-large\" alt=\"\" aria-describedby=\"gallery-4-4569\" srcset=\"https:\/\/d2p6e6u75xmxt8.cloudfront.net\/12\/2019\/07\/Apidura_-Picture-Credit_Anthony-Pease-Photography2-1024x683.jpg 1024w, https:\/\/d2p6e6u75xmxt8.cloudfront.net\/12\/2019\/07\/Apidura_-Picture-Credit_Anthony-Pease-Photography2-300x200.jpg 300w, https:\/\/d2p6e6u75xmxt8.cloudfront.net\/12\/2019\/07\/Apidura_-Picture-Credit_Anthony-Pease-Photography2-768x512.jpg 768w, https:\/\/d2p6e6u75xmxt8.cloudfront.net\/12\/2019\/07\/Apidura_-Picture-Credit_Anthony-Pease-Photography2-272x182.jpg 272w, https:\/\/d2p6e6u75xmxt8.cloudfront.net\/12\/2019\/07\/Apidura_-Picture-Credit_Anthony-Pease-Photography2.jpg 1304w\" sizes=\"auto, (max-width: 1024px) 100vw, 1024px\" \/><\/a>\n\t\t\t<\/div>\n\t\t\t\t<figcaption class='wp-caption-text gallery-caption' id='gallery-4-4569'>\n\t\t\t\tAnthony Pease\n\t\t\t\t<\/figcaption><\/figure><figure class='gallery-item'>\n\t\t\t<div class='gallery-icon landscape'>\n\t\t\t\t<a href='https:\/\/d2p6e6u75xmxt8.cloudfront.net\/12\/2019\/07\/apidura_Picture-Credit_Anthony-Pease-Photograph.jpg'><img loading=\"lazy\" decoding=\"async\" width=\"1024\" height=\"683\" src=\"https:\/\/d2p6e6u75xmxt8.cloudfront.net\/12\/2019\/07\/apidura_Picture-Credit_Anthony-Pease-Photograph-1024x683.jpg\" class=\"attachment-large size-large\" alt=\"\" aria-describedby=\"gallery-4-4570\" srcset=\"https:\/\/d2p6e6u75xmxt8.cloudfront.net\/12\/2019\/07\/apidura_Picture-Credit_Anthony-Pease-Photograph-1024x683.jpg 1024w, https:\/\/d2p6e6u75xmxt8.cloudfront.net\/12\/2019\/07\/apidura_Picture-Credit_Anthony-Pease-Photograph-300x200.jpg 300w, https:\/\/d2p6e6u75xmxt8.cloudfront.net\/12\/2019\/07\/apidura_Picture-Credit_Anthony-Pease-Photograph-768x512.jpg 768w, https:\/\/d2p6e6u75xmxt8.cloudfront.net\/12\/2019\/07\/apidura_Picture-Credit_Anthony-Pease-Photograph-272x182.jpg 272w, https:\/\/d2p6e6u75xmxt8.cloudfront.net\/12\/2019\/07\/apidura_Picture-Credit_Anthony-Pease-Photograph.jpg 1728w\" sizes=\"auto, (max-width: 1024px) 100vw, 1024px\" \/><\/a>\n\t\t\t<\/div>\n\t\t\t\t<figcaption class='wp-caption-text gallery-caption' id='gallery-4-4570'>\n\t\t\t\tAnthony Pease\n\t\t\t\t<\/figcaption><\/figure>\n\t\t<\/div>\n\n<p>A c\u00e9g speci\u00e1lis kaland felszerel\u00e9sekkel foglalkoz\u00f3 r\u00e9szlege bizony\u00e1ra nem unatkozott az elm\u00falt n\u00e9h\u00e1ny \u00e9vben, hiszen rengeteg projektj\u00fck \u00e9rett be az ut\u00f3bbi p\u00e1r h\u00f3napban. A csod\u00e1latosan kivitelezett r\u00f6vidfilm sorozatuk, a The Adventure Dispatch ut\u00e1n a csapat Kevin Franks vezet\u00e9s\u00e9vel \u00e9s Erik Nohlin tervez\u0151vel r\u00e1ntotta le a leplet a leny\u0171g\u00f6z\u0151 \u00e9s figyelemre m\u00e9lt\u00f3 Sequoia drop-bar bring\u00e1r\u00f3l.<\/p>\n<lite-youtube videoid=4OSFQoOFq44 params=\"enablejsapi=1\" style=\"background-image: url('https:\/\/i.ytimg.com\/vi_webp\/4OSFQoOFq44\/maxresdefault.webp');\"><\/lite-youtube>\n<p>Ezzel egy id\u0151ben bejelentett\u00e9k egy nagyobb bikepacking t\u00e1ska kollekci\u00f3 deb\u00fct\u00e1l\u00e1s\u00e1t is, amelynek j\u00f3 es\u00e9llyel nagy visszhangja lesz a piacon, m\u00e9g t\u00f6bbeket cs\u00e1b\u00edtva a bikepacking var\u00e1zslatos vil\u00e1g\u00e1ba. Az id\u0151j\u00e1r\u00e1s\u00e1ll\u00f3 teljes Burra Burra Bikepacking kollekci\u00f3 tartalmaz v\u00e1zt\u00e1sk\u00e1t, korm\u00e1nyt\u00e1sk\u00e1t, stabiliz\u00e1l\u00f3 nyeregt\u00e1sk\u00e1t, fels\u0151 cs\u0151re er\u0151s\u00edthet\u0151 t\u00e1sk\u00e1t, pizzatart\u00f3 t\u00e1sk\u00e1t, villatart\u00f3 t\u00e1sk\u00e1t \u00e9s v\u00edzhatlan t\u00e1sk\u00e1kat is.<\/p>\n<p>A n\u00e9met Ghost m\u00e1rka k\u00e9t \u00faj montival j\u00f6tt ki, ezek a Hamr \u00e9s a Rocket, amelyek szint\u00e9n kiv\u00e1l\u00f3an alkalmasak a bikepackinghez. Ezek a bic\u00f3k nagym\u00e9ret\u0171 gumikkal vannak felszerelve a k\u00e9nyelem \u00e9s a megfelel\u0151 iram \u00e9rdek\u00e9ben.\u00a0 A Roket X legink\u00e1bb \u00fagy jellemezhet\u0151, mint az els\u0151 felf\u00fcggeszt\u00e9ses bic\u00f3 h\u00edvei sz\u00e1m\u00e1ra egy Pinion k\u00f6z\u00e9pagy-v\u00e1lt\u00f3val ell\u00e1tott modell. Ez a bringa gondtalan egyszer\u0171s\u00e9get k\u00edn\u00e1l, an\u00e9lk\u00fcl, hogy az \u00e9lm\u00e9nyen \u00e9s a biztons\u00e1gon sp\u00f3rolna. A c\u00e9g m\u00e9g egy t\u00e1skaszak\u00e9rt\u0151t is megkeresett, hogy tervezzen egy bikepackinghez alkalmas kollekci\u00f3t sz\u00e1mukra. A cseh Pinguin nev\u0171 c\u00e9ggel egy\u00fcttm\u0171k\u00f6dve, a Ghost egy eg\u00e9sz t\u00e1ska v\u00e1logat\u00e1ssal rukkolt el\u0151, amelyben a nyeregt\u00e1sk\u00e1t\u00f3l \u00e9s a v\u00e1zt\u00e1sk\u00e1t\u00f3l kezdve a korm\u00e1nyt\u00e1sk\u00e1n \u00e1t, a h\u00e1tizs\u00e1kig minden megtal\u00e1lhat\u00f3.<\/p>\n<p>&nbsp;<\/p>\n<p><img loading=\"lazy\" decoding=\"async\" class=\"alignnone size-full wp-image-4574\" src=\"https:\/\/d2p6e6u75xmxt8.cloudfront.net\/12\/2019\/07\/Ghost-Roket-X-27.5-Adventure-Bags.png\" alt=\"ghost-roket-x-27-5-adventure-bags\" width=\"1800\" height=\"1215\" srcset=\"https:\/\/d2p6e6u75xmxt8.cloudfront.net\/12\/2019\/07\/Ghost-Roket-X-27.5-Adventure-Bags.png 1800w, https:\/\/d2p6e6u75xmxt8.cloudfront.net\/12\/2019\/07\/Ghost-Roket-X-27.5-Adventure-Bags-300x203.png 300w, https:\/\/d2p6e6u75xmxt8.cloudfront.net\/12\/2019\/07\/Ghost-Roket-X-27.5-Adventure-Bags-768x518.png 768w, https:\/\/d2p6e6u75xmxt8.cloudfront.net\/12\/2019\/07\/Ghost-Roket-X-27.5-Adventure-Bags-1024x691.png 1024w\" sizes=\"auto, (max-width: 1800px) 100vw, 1800px\" \/><\/p>\n","protected":false},"excerpt":{"rendered":"<p>A bikepacking biciklis t\u00fara legink\u00e1bb egy szabadt\u00e9ri kaland, ami ott kezd\u0151dik, ahol a t\u00faraker\u00e9kp\u00e1roz\u00e1s v\u00e9get \u00e9r; a kik\u00f6vezett \u00fat v\u00e9g\u00e9n. [&hellip;]<\/p>\n","protected":false},"author":71,"featured_media":4576,"comment_status":"open","ping_status":"open","sticky":false,"template":"","format":"standard","meta":{"footnotes":""},"categories":[5],"tags":[],"global-categories":[],"class_list":["post-4571","post","type-post","status-publish","format-standard","has-post-thumbnail","hentry","category-adrenalin"],"yoast_head":"<!-- This site is optimized with the Yoast SEO Premium plugin v25.3 (Yoast SEO v25.9) - https:\/\/yoast.com\/wordpress\/plugins\/seo\/ -->\n<title>Hogyan csin\u00e1lj a bring\u00e1db\u00f3l \u00e9lm\u00e9nyj\u00e1rg\u00e1nyt - \u0160koda We Love Cycling - Magyarorsz\u00e1g<\/title>\n<meta name=\"robots\" content=\"index, follow, max-snippet:-1, max-image-preview:large, max-video-preview:-1\" \/>\n<link rel=\"canonical\" href=\"https:\/\/www.welovecycling.com\/hu\/adrenalin\/hogyan-csinalj-a-bringadbol-elmenyjarganyt\/\" \/>\n<meta property=\"og:locale\" content=\"hu_HU\" \/>\n<meta property=\"og:type\" content=\"article\" \/>\n<meta property=\"og:title\" content=\"Hogyan csin\u00e1lj a bring\u00e1db\u00f3l \u00e9lm\u00e9nyj\u00e1rg\u00e1nyt\" \/>\n<meta property=\"og:description\" content=\"A bikepacking biciklis t\u00fara legink\u00e1bb egy szabadt\u00e9ri kaland, ami ott kezd\u0151dik, ahol a t\u00faraker\u00e9kp\u00e1roz\u00e1s v\u00e9get \u00e9r; a kik\u00f6vezett \u00fat v\u00e9g\u00e9n. [&hellip;]\" \/>\n<meta property=\"og:url\" content=\"https:\/\/www.welovecycling.com\/hu\/adrenalin\/hogyan-csinalj-a-bringadbol-elmenyjarganyt\/\" \/>\n<meta property=\"og:site_name\" content=\"\u0160koda We Love Cycling - Magyarorsz\u00e1g\" \/>\n<meta property=\"article:publisher\" content=\"https:\/\/www.facebook.com\/WeLoveCyclingHungary\/\" \/>\n<meta property=\"article:published_time\" content=\"2019-08-07T07:00:21+00:00\" \/>\n<meta property=\"og:image\" content=\"https:\/\/d2p6e6u75xmxt8.cloudfront.net\/12\/2019\/07\/31133113_31131313.jpg\" \/>\n\t<meta property=\"og:image:width\" content=\"1375\" \/>\n\t<meta property=\"og:image:height\" content=\"600\" \/>\n\t<meta property=\"og:image:type\" content=\"image\/jpeg\" \/>\n<meta name=\"author\" content=\"hegyizs\" \/>\n<meta name=\"twitter:card\" content=\"summary_large_image\" \/>\n<meta name=\"twitter:label1\" content=\"Written by\" \/>\n\t<meta name=\"twitter:data1\" content=\"Adam Marsal\" \/>\n\t<meta name=\"twitter:label2\" content=\"Est. reading time\" \/>\n\t<meta name=\"twitter:data2\" content=\"6 minutes\" \/>\n<script type=\"application\/ld+json\" class=\"yoast-schema-graph\">{\"@context\":\"https:\/\/schema.org\",\"@graph\":[{\"@type\":\"WebPage\",\"@id\":\"https:\/\/www.welovecycling.com\/hu\/adrenalin\/hogyan-csinalj-a-bringadbol-elmenyjarganyt\/\",\"url\":\"https:\/\/www.welovecycling.com\/hu\/adrenalin\/hogyan-csinalj-a-bringadbol-elmenyjarganyt\/\",\"name\":\"Hogyan csin\u00e1lj a bring\u00e1db\u00f3l \u00e9lm\u00e9nyj\u00e1rg\u00e1nyt - \u0160koda We Love Cycling - Magyarorsz\u00e1g\",\"isPartOf\":{\"@id\":\"https:\/\/www.welovecycling.com\/hu\/#website\"},\"primaryImageOfPage\":{\"@id\":\"https:\/\/www.welovecycling.com\/hu\/adrenalin\/hogyan-csinalj-a-bringadbol-elmenyjarganyt\/#primaryimage\"},\"image\":{\"@id\":\"https:\/\/www.welovecycling.com\/hu\/adrenalin\/hogyan-csinalj-a-bringadbol-elmenyjarganyt\/#primaryimage\"},\"thumbnailUrl\":\"https:\/\/d2p6e6u75xmxt8.cloudfront.net\/12\/2019\/07\/31133113_31131313.jpg\",\"datePublished\":\"2019-08-07T07:00:21+00:00\",\"author\":{\"@id\":\"https:\/\/www.welovecycling.com\/hu\/#\/schema\/person\/414a2aebf1801691a5320edb6468e194\"},\"breadcrumb\":{\"@id\":\"https:\/\/www.welovecycling.com\/hu\/adrenalin\/hogyan-csinalj-a-bringadbol-elmenyjarganyt\/#breadcrumb\"},\"inLanguage\":\"hu\",\"potentialAction\":[{\"@type\":\"ReadAction\",\"target\":[\"https:\/\/www.welovecycling.com\/hu\/adrenalin\/hogyan-csinalj-a-bringadbol-elmenyjarganyt\/\"]}]},{\"@type\":\"ImageObject\",\"inLanguage\":\"hu\",\"@id\":\"https:\/\/www.welovecycling.com\/hu\/adrenalin\/hogyan-csinalj-a-bringadbol-elmenyjarganyt\/#primaryimage\",\"url\":\"https:\/\/d2p6e6u75xmxt8.cloudfront.net\/12\/2019\/07\/31133113_31131313.jpg\",\"contentUrl\":\"https:\/\/d2p6e6u75xmxt8.cloudfront.net\/12\/2019\/07\/31133113_31131313.jpg\",\"width\":1375,\"height\":600},{\"@type\":\"BreadcrumbList\",\"@id\":\"https:\/\/www.welovecycling.com\/hu\/adrenalin\/hogyan-csinalj-a-bringadbol-elmenyjarganyt\/#breadcrumb\",\"itemListElement\":[{\"@type\":\"ListItem\",\"position\":1,\"name\":\"Home\",\"item\":\"https:\/\/www.welovecycling.com\/hu\/\"},{\"@type\":\"ListItem\",\"position\":2,\"name\":\"Hogyan csin\u00e1lj a bring\u00e1db\u00f3l \u00e9lm\u00e9nyj\u00e1rg\u00e1nyt\"}]},{\"@type\":\"WebSite\",\"@id\":\"https:\/\/www.welovecycling.com\/hu\/#website\",\"url\":\"https:\/\/www.welovecycling.com\/hu\/\",\"name\":\"\u0160koda We Love Cycling - Magyarorsz\u00e1g\",\"description\":\"\u0160koda WeLoveCycling\",\"potentialAction\":[{\"@type\":\"SearchAction\",\"target\":{\"@type\":\"EntryPoint\",\"urlTemplate\":\"https:\/\/www.welovecycling.com\/hu\/?s={search_term_string}\"},\"query-input\":{\"@type\":\"PropertyValueSpecification\",\"valueRequired\":true,\"valueName\":\"search_term_string\"}}],\"inLanguage\":\"hu\"},{\"@type\":\"Person\",\"@id\":\"https:\/\/www.welovecycling.com\/hu\/#\/schema\/person\/414a2aebf1801691a5320edb6468e194\",\"name\":\"hegyizs\",\"image\":{\"@type\":\"ImageObject\",\"inLanguage\":\"hu\",\"@id\":\"https:\/\/www.welovecycling.com\/hu\/#\/schema\/person\/image\/\",\"url\":\"https:\/\/secure.gravatar.com\/avatar\/02cf8a7906b8cf90cecb4679defac7cfd33a1c2e3b88e4903d947f3bb58eedd3?s=96&d=mm&r=g\",\"contentUrl\":\"https:\/\/secure.gravatar.com\/avatar\/02cf8a7906b8cf90cecb4679defac7cfd33a1c2e3b88e4903d947f3bb58eedd3?s=96&d=mm&r=g\",\"caption\":\"hegyizs\"},\"url\":\"https:\/\/www.welovecycling.com\/hu\/author\/hegyizs\/\"}]}<\/script>\n<!-- \/ Yoast SEO Premium plugin. -->","yoast_head_json":{"title":"Hogyan csin\u00e1lj a bring\u00e1db\u00f3l \u00e9lm\u00e9nyj\u00e1rg\u00e1nyt - \u0160koda We Love Cycling - Magyarorsz\u00e1g","robots":{"index":"index","follow":"follow","max-snippet":"max-snippet:-1","max-image-preview":"max-image-preview:large","max-video-preview":"max-video-preview:-1"},"canonical":"https:\/\/www.welovecycling.com\/hu\/adrenalin\/hogyan-csinalj-a-bringadbol-elmenyjarganyt\/","og_locale":"hu_HU","og_type":"article","og_title":"Hogyan csin\u00e1lj a bring\u00e1db\u00f3l \u00e9lm\u00e9nyj\u00e1rg\u00e1nyt","og_description":"A bikepacking biciklis t\u00fara legink\u00e1bb egy szabadt\u00e9ri kaland, ami ott kezd\u0151dik, ahol a t\u00faraker\u00e9kp\u00e1roz\u00e1s v\u00e9get \u00e9r; a kik\u00f6vezett \u00fat v\u00e9g\u00e9n. [&hellip;]","og_url":"https:\/\/www.welovecycling.com\/hu\/adrenalin\/hogyan-csinalj-a-bringadbol-elmenyjarganyt\/","og_site_name":"\u0160koda We Love Cycling - Magyarorsz\u00e1g","article_publisher":"https:\/\/www.facebook.com\/WeLoveCyclingHungary\/","article_published_time":"2019-08-07T07:00:21+00:00","og_image":[{"width":1375,"height":600,"url":"https:\/\/d2p6e6u75xmxt8.cloudfront.net\/12\/2019\/07\/31133113_31131313.jpg","type":"image\/jpeg"}],"author":"hegyizs","twitter_card":"summary_large_image","twitter_misc":{"Written by":"Adam Marsal","Est. reading time":"6 minutes"},"schema":{"@context":"https:\/\/schema.org","@graph":[{"@type":"WebPage","@id":"https:\/\/www.welovecycling.com\/hu\/adrenalin\/hogyan-csinalj-a-bringadbol-elmenyjarganyt\/","url":"https:\/\/www.welovecycling.com\/hu\/adrenalin\/hogyan-csinalj-a-bringadbol-elmenyjarganyt\/","name":"Hogyan csin\u00e1lj a bring\u00e1db\u00f3l \u00e9lm\u00e9nyj\u00e1rg\u00e1nyt - \u0160koda We Love Cycling - Magyarorsz\u00e1g","isPartOf":{"@id":"https:\/\/www.welovecycling.com\/hu\/#website"},"primaryImageOfPage":{"@id":"https:\/\/www.welovecycling.com\/hu\/adrenalin\/hogyan-csinalj-a-bringadbol-elmenyjarganyt\/#primaryimage"},"image":{"@id":"https:\/\/www.welovecycling.com\/hu\/adrenalin\/hogyan-csinalj-a-bringadbol-elmenyjarganyt\/#primaryimage"},"thumbnailUrl":"https:\/\/d2p6e6u75xmxt8.cloudfront.net\/12\/2019\/07\/31133113_31131313.jpg","datePublished":"2019-08-07T07:00:21+00:00","author":{"@id":"https:\/\/www.welovecycling.com\/hu\/#\/schema\/person\/414a2aebf1801691a5320edb6468e194"},"breadcrumb":{"@id":"https:\/\/www.welovecycling.com\/hu\/adrenalin\/hogyan-csinalj-a-bringadbol-elmenyjarganyt\/#breadcrumb"},"inLanguage":"hu","potentialAction":[{"@type":"ReadAction","target":["https:\/\/www.welovecycling.com\/hu\/adrenalin\/hogyan-csinalj-a-bringadbol-elmenyjarganyt\/"]}]},{"@type":"ImageObject","inLanguage":"hu","@id":"https:\/\/www.welovecycling.com\/hu\/adrenalin\/hogyan-csinalj-a-bringadbol-elmenyjarganyt\/#primaryimage","url":"https:\/\/d2p6e6u75xmxt8.cloudfront.net\/12\/2019\/07\/31133113_31131313.jpg","contentUrl":"https:\/\/d2p6e6u75xmxt8.cloudfront.net\/12\/2019\/07\/31133113_31131313.jpg","width":1375,"height":600},{"@type":"BreadcrumbList","@id":"https:\/\/www.welovecycling.com\/hu\/adrenalin\/hogyan-csinalj-a-bringadbol-elmenyjarganyt\/#breadcrumb","itemListElement":[{"@type":"ListItem","position":1,"name":"Home","item":"https:\/\/www.welovecycling.com\/hu\/"},{"@type":"ListItem","position":2,"name":"Hogyan csin\u00e1lj a bring\u00e1db\u00f3l \u00e9lm\u00e9nyj\u00e1rg\u00e1nyt"}]},{"@type":"WebSite","@id":"https:\/\/www.welovecycling.com\/hu\/#website","url":"https:\/\/www.welovecycling.com\/hu\/","name":"\u0160koda We Love Cycling - Magyarorsz\u00e1g","description":"\u0160koda WeLoveCycling","potentialAction":[{"@type":"SearchAction","target":{"@type":"EntryPoint","urlTemplate":"https:\/\/www.welovecycling.com\/hu\/?s={search_term_string}"},"query-input":{"@type":"PropertyValueSpecification","valueRequired":true,"valueName":"search_term_string"}}],"inLanguage":"hu"},{"@type":"Person","@id":"https:\/\/www.welovecycling.com\/hu\/#\/schema\/person\/414a2aebf1801691a5320edb6468e194","name":"hegyizs","image":{"@type":"ImageObject","inLanguage":"hu","@id":"https:\/\/www.welovecycling.com\/hu\/#\/schema\/person\/image\/","url":"https:\/\/secure.gravatar.com\/avatar\/02cf8a7906b8cf90cecb4679defac7cfd33a1c2e3b88e4903d947f3bb58eedd3?s=96&d=mm&r=g","contentUrl":"https:\/\/secure.gravatar.com\/avatar\/02cf8a7906b8cf90cecb4679defac7cfd33a1c2e3b88e4903d947f3bb58eedd3?s=96&d=mm&r=g","caption":"hegyizs"},"url":"https:\/\/www.welovecycling.com\/hu\/author\/hegyizs\/"}]}},"_links":{"self":[{"href":"https:\/\/www.welovecycling.com\/hu\/wp-json\/wp\/v2\/posts\/4571","targetHints":{"allow":["GET"]}}],"collection":[{"href":"https:\/\/www.welovecycling.com\/hu\/wp-json\/wp\/v2\/posts"}],"about":[{"href":"https:\/\/www.welovecycling.com\/hu\/wp-json\/wp\/v2\/types\/post"}],"author":[{"embeddable":true,"href":"https:\/\/www.welovecycling.com\/hu\/wp-json\/wp\/v2\/users\/71"}],"replies":[{"embeddable":true,"href":"https:\/\/www.welovecycling.com\/hu\/wp-json\/wp\/v2\/comments?post=4571"}],"version-history":[{"count":2,"href":"https:\/\/www.welovecycling.com\/hu\/wp-json\/wp\/v2\/posts\/4571\/revisions"}],"predecessor-version":[{"id":4600,"href":"https:\/\/www.welovecycling.com\/hu\/wp-json\/wp\/v2\/posts\/4571\/revisions\/4600"}],"wp:featuredmedia":[{"embeddable":true,"href":"https:\/\/www.welovecycling.com\/hu\/wp-json\/wp\/v2\/media\/4576"}],"wp:attachment":[{"href":"https:\/\/www.welovecycling.com\/hu\/wp-json\/wp\/v2\/media?parent=4571"}],"wp:term":[{"taxonomy":"category","embeddable":true,"href":"https:\/\/www.welovecycling.com\/hu\/wp-json\/wp\/v2\/categories?post=4571"},{"taxonomy":"post_tag","embeddable":true,"href":"https:\/\/www.welovecycling.com\/hu\/wp-json\/wp\/v2\/tags?post=4571"},{"taxonomy":"global-categories","embeddable":true,"href":"https:\/\/www.welovecycling.com\/hu\/wp-json\/wp\/v2\/global-categories?post=4571"}],"curies":[{"name":"wp","href":"https:\/\/api.w.org\/{rel}","templated":true}]}}