{"id":4557,"date":"2019-08-06T08:00:10","date_gmt":"2019-08-06T07:00:10","guid":{"rendered":"https:\/\/www.welovecycling.com\/hu\/?p=4557"},"modified":"2019-07-26T14:52:17","modified_gmt":"2019-07-26T13:52:17","slug":"a-downhill-oregapja-biciklivel-az-eiffel-tornyon-az-1920-as-evekben","status":"publish","type":"post","link":"https:\/\/www.welovecycling.com\/hu\/trekking-mtb\/a-downhill-oregapja-biciklivel-az-eiffel-tornyon-az-1920-as-evekben\/","title":{"rendered":"A downhill \u00f6regapja: biciklivel az Eiffel-tornyon az 1920-as \u00e9vekben"},"content":{"rendered":"<p><strong>A downhill a ker\u00e9kp\u00e1roz\u00e1s egyik legn\u00e9pszer\u0171bb \u00e1ga manaps\u00e1g, de ez nem volt mindig \u00edgy. Nem is csoda. A merev ac\u00e9lv\u00e1zakkal \u00e9s a nem t\u00fal patent f\u00e9kekkel nem valami j\u00f3 \u00f6tlet \u0151r\u00fclt sebess\u00e9ggel sz\u00e1guldani lefel\u00e9. De mindig van legal\u00e1bb egy ember, aki a k\u00f6vetkezm\u00e9nyekkel nem t\u00f6r\u0151dve szereti feszegetni a hat\u00e1rokat. Az Eiffel-tornyon lesuhan\u00f3 biciklisr\u0151l k\u00e9sz\u00fclt f\u00e9nyk\u00e9pek 1923-b\u00f3l val\u00f3k.<\/strong><!--more--><\/p>\n<p><img loading=\"lazy\" decoding=\"async\" class=\"alignnone size-full wp-image-4558\" src=\"https:\/\/d2p6e6u75xmxt8.cloudfront.net\/12\/2019\/07\/Cycling-down-the-Eiffel-Tower-2.jpg\" alt=\"Cycling down the Eiffel Tower (2)\" width=\"620\" height=\"754\" srcset=\"https:\/\/d2p6e6u75xmxt8.cloudfront.net\/12\/2019\/07\/Cycling-down-the-Eiffel-Tower-2.jpg 620w, https:\/\/d2p6e6u75xmxt8.cloudfront.net\/12\/2019\/07\/Cycling-down-the-Eiffel-Tower-2-247x300.jpg 247w\" sizes=\"auto, (max-width: 620px) 100vw, 620px\" \/><\/p>\n<p><img loading=\"lazy\" decoding=\"async\" class=\"alignnone size-full wp-image-4559\" src=\"https:\/\/d2p6e6u75xmxt8.cloudfront.net\/12\/2019\/07\/Cycling-down-the-Eiffel-Tower-1.jpg\" alt=\"Cycling down the Eiffel Tower (1)\" width=\"620\" height=\"757\" srcset=\"https:\/\/d2p6e6u75xmxt8.cloudfront.net\/12\/2019\/07\/Cycling-down-the-Eiffel-Tower-1.jpg 620w, https:\/\/d2p6e6u75xmxt8.cloudfront.net\/12\/2019\/07\/Cycling-down-the-Eiffel-Tower-1-246x300.jpg 246w\" sizes=\"auto, (max-width: 620px) 100vw, 620px\" \/><\/p>\n<p><img loading=\"lazy\" decoding=\"async\" class=\"alignnone size-full wp-image-4560\" src=\"https:\/\/d2p6e6u75xmxt8.cloudfront.net\/12\/2019\/07\/Cycling-down-the-Eiffel-Tower-3.jpg\" alt=\"Cycling down the Eiffel Tower (3)\" width=\"620\" height=\"450\" srcset=\"https:\/\/d2p6e6u75xmxt8.cloudfront.net\/12\/2019\/07\/Cycling-down-the-Eiffel-Tower-3.jpg 620w, https:\/\/d2p6e6u75xmxt8.cloudfront.net\/12\/2019\/07\/Cycling-down-the-Eiffel-Tower-3-300x218.jpg 300w\" sizes=\"auto, (max-width: 620px) 100vw, 620px\" \/><\/p>\n<p>\u0150 lenne a downhillez\u00e9s \u00fatt\u00f6r\u0151je? K\u00fcldjetek nek\u00fcnk m\u00e9g r\u00e9gebbi fot\u00f3kat, ha van ilyenetek!<\/p>\n","protected":false},"excerpt":{"rendered":"<p>A downhill a ker\u00e9kp\u00e1roz\u00e1s egyik legn\u00e9pszer\u0171bb \u00e1ga manaps\u00e1g, de ez nem volt mindig \u00edgy. Nem is csoda. A merev ac\u00e9lv\u00e1zakkal [&hellip;]<\/p>\n","protected":false},"author":71,"featured_media":4562,"comment_status":"open","ping_status":"open","sticky":false,"template":"","format":"standard","meta":{"footnotes":""},"categories":[12,7],"tags":[],"global-categories":[],"class_list":["post-4557","post","type-post","status-publish","format-standard","has-post-thumbnail","hentry","category-kozosseg-es-kultura","category-trekking-mtb"],"yoast_head":"<!-- This site is optimized with the Yoast SEO Premium plugin v25.3 (Yoast SEO v25.9) - https:\/\/yoast.com\/wordpress\/plugins\/seo\/ -->\n<title>A downhill \u00f6regapja: biciklivel az Eiffel-tornyon az 1920-as \u00e9vekben - \u0160koda We Love Cycling - Magyarorsz\u00e1g<\/title>\n<meta name=\"robots\" content=\"index, follow, max-snippet:-1, max-image-preview:large, max-video-preview:-1\" \/>\n<link rel=\"canonical\" href=\"https:\/\/www.welovecycling.com\/hu\/trekking-mtb\/a-downhill-oregapja-biciklivel-az-eiffel-tornyon-az-1920-as-evekben\/\" \/>\n<meta property=\"og:locale\" content=\"hu_HU\" \/>\n<meta property=\"og:type\" content=\"article\" \/>\n<meta property=\"og:title\" content=\"A downhill \u00f6regapja: biciklivel az Eiffel-tornyon az 1920-as \u00e9vekben\" \/>\n<meta property=\"og:description\" content=\"A downhill a ker\u00e9kp\u00e1roz\u00e1s egyik legn\u00e9pszer\u0171bb \u00e1ga manaps\u00e1g, de ez nem volt mindig \u00edgy. Nem is csoda. A merev ac\u00e9lv\u00e1zakkal [&hellip;]\" \/>\n<meta property=\"og:url\" content=\"https:\/\/www.welovecycling.com\/hu\/trekking-mtb\/a-downhill-oregapja-biciklivel-az-eiffel-tornyon-az-1920-as-evekben\/\" \/>\n<meta property=\"og:site_name\" content=\"\u0160koda We Love Cycling - Magyarorsz\u00e1g\" \/>\n<meta property=\"article:publisher\" content=\"https:\/\/www.facebook.com\/WeLoveCyclingHungary\/\" \/>\n<meta property=\"article:published_time\" content=\"2019-08-06T07:00:10+00:00\" \/>\n<meta property=\"og:image\" content=\"https:\/\/d2p6e6u75xmxt8.cloudfront.net\/12\/2019\/07\/4984984_48487487.jpg\" \/>\n\t<meta property=\"og:image:width\" content=\"1375\" \/>\n\t<meta property=\"og:image:height\" content=\"600\" \/>\n\t<meta property=\"og:image:type\" content=\"image\/jpeg\" \/>\n<meta name=\"author\" content=\"hegyizs\" \/>\n<meta name=\"twitter:card\" content=\"summary_large_image\" \/>\n<meta name=\"twitter:label1\" content=\"Written by\" \/>\n\t<meta name=\"twitter:data1\" content=\"Martin Mrazek\" \/>\n\t<meta name=\"twitter:label2\" content=\"Est. reading time\" \/>\n\t<meta name=\"twitter:data2\" content=\"1 minute\" \/>\n<script type=\"application\/ld+json\" class=\"yoast-schema-graph\">{\"@context\":\"https:\/\/schema.org\",\"@graph\":[{\"@type\":\"WebPage\",\"@id\":\"https:\/\/www.welovecycling.com\/hu\/trekking-mtb\/a-downhill-oregapja-biciklivel-az-eiffel-tornyon-az-1920-as-evekben\/\",\"url\":\"https:\/\/www.welovecycling.com\/hu\/trekking-mtb\/a-downhill-oregapja-biciklivel-az-eiffel-tornyon-az-1920-as-evekben\/\",\"name\":\"A downhill \u00f6regapja: biciklivel az Eiffel-tornyon az 1920-as \u00e9vekben - \u0160koda We Love Cycling - Magyarorsz\u00e1g\",\"isPartOf\":{\"@id\":\"https:\/\/www.welovecycling.com\/hu\/#website\"},\"primaryImageOfPage\":{\"@id\":\"https:\/\/www.welovecycling.com\/hu\/trekking-mtb\/a-downhill-oregapja-biciklivel-az-eiffel-tornyon-az-1920-as-evekben\/#primaryimage\"},\"image\":{\"@id\":\"https:\/\/www.welovecycling.com\/hu\/trekking-mtb\/a-downhill-oregapja-biciklivel-az-eiffel-tornyon-az-1920-as-evekben\/#primaryimage\"},\"thumbnailUrl\":\"https:\/\/d2p6e6u75xmxt8.cloudfront.net\/12\/2019\/07\/4984984_48487487.jpg\",\"datePublished\":\"2019-08-06T07:00:10+00:00\",\"author\":{\"@id\":\"https:\/\/www.welovecycling.com\/hu\/#\/schema\/person\/414a2aebf1801691a5320edb6468e194\"},\"breadcrumb\":{\"@id\":\"https:\/\/www.welovecycling.com\/hu\/trekking-mtb\/a-downhill-oregapja-biciklivel-az-eiffel-tornyon-az-1920-as-evekben\/#breadcrumb\"},\"inLanguage\":\"hu\",\"potentialAction\":[{\"@type\":\"ReadAction\",\"target\":[\"https:\/\/www.welovecycling.com\/hu\/trekking-mtb\/a-downhill-oregapja-biciklivel-az-eiffel-tornyon-az-1920-as-evekben\/\"]}]},{\"@type\":\"ImageObject\",\"inLanguage\":\"hu\",\"@id\":\"https:\/\/www.welovecycling.com\/hu\/trekking-mtb\/a-downhill-oregapja-biciklivel-az-eiffel-tornyon-az-1920-as-evekben\/#primaryimage\",\"url\":\"https:\/\/d2p6e6u75xmxt8.cloudfront.net\/12\/2019\/07\/4984984_48487487.jpg\",\"contentUrl\":\"https:\/\/d2p6e6u75xmxt8.cloudfront.net\/12\/2019\/07\/4984984_48487487.jpg\",\"width\":1375,\"height\":600},{\"@type\":\"BreadcrumbList\",\"@id\":\"https:\/\/www.welovecycling.com\/hu\/trekking-mtb\/a-downhill-oregapja-biciklivel-az-eiffel-tornyon-az-1920-as-evekben\/#breadcrumb\",\"itemListElement\":[{\"@type\":\"ListItem\",\"position\":1,\"name\":\"Home\",\"item\":\"https:\/\/www.welovecycling.com\/hu\/\"},{\"@type\":\"ListItem\",\"position\":2,\"name\":\"A downhill \u00f6regapja: biciklivel az Eiffel-tornyon az 1920-as \u00e9vekben\"}]},{\"@type\":\"WebSite\",\"@id\":\"https:\/\/www.welovecycling.com\/hu\/#website\",\"url\":\"https:\/\/www.welovecycling.com\/hu\/\",\"name\":\"\u0160koda We Love Cycling - Magyarorsz\u00e1g\",\"description\":\"\u0160koda WeLoveCycling\",\"potentialAction\":[{\"@type\":\"SearchAction\",\"target\":{\"@type\":\"EntryPoint\",\"urlTemplate\":\"https:\/\/www.welovecycling.com\/hu\/?s={search_term_string}\"},\"query-input\":{\"@type\":\"PropertyValueSpecification\",\"valueRequired\":true,\"valueName\":\"search_term_string\"}}],\"inLanguage\":\"hu\"},{\"@type\":\"Person\",\"@id\":\"https:\/\/www.welovecycling.com\/hu\/#\/schema\/person\/414a2aebf1801691a5320edb6468e194\",\"name\":\"hegyizs\",\"image\":{\"@type\":\"ImageObject\",\"inLanguage\":\"hu\",\"@id\":\"https:\/\/www.welovecycling.com\/hu\/#\/schema\/person\/image\/\",\"url\":\"https:\/\/secure.gravatar.com\/avatar\/02cf8a7906b8cf90cecb4679defac7cfd33a1c2e3b88e4903d947f3bb58eedd3?s=96&d=mm&r=g\",\"contentUrl\":\"https:\/\/secure.gravatar.com\/avatar\/02cf8a7906b8cf90cecb4679defac7cfd33a1c2e3b88e4903d947f3bb58eedd3?s=96&d=mm&r=g\",\"caption\":\"hegyizs\"},\"url\":\"https:\/\/www.welovecycling.com\/hu\/author\/hegyizs\/\"}]}<\/script>\n<!-- \/ Yoast SEO Premium plugin. -->","yoast_head_json":{"title":"A downhill \u00f6regapja: biciklivel az Eiffel-tornyon az 1920-as \u00e9vekben - \u0160koda We Love Cycling - Magyarorsz\u00e1g","robots":{"index":"index","follow":"follow","max-snippet":"max-snippet:-1","max-image-preview":"max-image-preview:large","max-video-preview":"max-video-preview:-1"},"canonical":"https:\/\/www.welovecycling.com\/hu\/trekking-mtb\/a-downhill-oregapja-biciklivel-az-eiffel-tornyon-az-1920-as-evekben\/","og_locale":"hu_HU","og_type":"article","og_title":"A downhill \u00f6regapja: biciklivel az Eiffel-tornyon az 1920-as \u00e9vekben","og_description":"A downhill a ker\u00e9kp\u00e1roz\u00e1s egyik legn\u00e9pszer\u0171bb \u00e1ga manaps\u00e1g, de ez nem volt mindig \u00edgy. Nem is csoda. A merev ac\u00e9lv\u00e1zakkal [&hellip;]","og_url":"https:\/\/www.welovecycling.com\/hu\/trekking-mtb\/a-downhill-oregapja-biciklivel-az-eiffel-tornyon-az-1920-as-evekben\/","og_site_name":"\u0160koda We Love Cycling - Magyarorsz\u00e1g","article_publisher":"https:\/\/www.facebook.com\/WeLoveCyclingHungary\/","article_published_time":"2019-08-06T07:00:10+00:00","og_image":[{"width":1375,"height":600,"url":"https:\/\/d2p6e6u75xmxt8.cloudfront.net\/12\/2019\/07\/4984984_48487487.jpg","type":"image\/jpeg"}],"author":"hegyizs","twitter_card":"summary_large_image","twitter_misc":{"Written by":"Martin Mrazek","Est. reading time":"1 minute"},"schema":{"@context":"https:\/\/schema.org","@graph":[{"@type":"WebPage","@id":"https:\/\/www.welovecycling.com\/hu\/trekking-mtb\/a-downhill-oregapja-biciklivel-az-eiffel-tornyon-az-1920-as-evekben\/","url":"https:\/\/www.welovecycling.com\/hu\/trekking-mtb\/a-downhill-oregapja-biciklivel-az-eiffel-tornyon-az-1920-as-evekben\/","name":"A downhill \u00f6regapja: biciklivel az Eiffel-tornyon az 1920-as \u00e9vekben - \u0160koda We Love Cycling - Magyarorsz\u00e1g","isPartOf":{"@id":"https:\/\/www.welovecycling.com\/hu\/#website"},"primaryImageOfPage":{"@id":"https:\/\/www.welovecycling.com\/hu\/trekking-mtb\/a-downhill-oregapja-biciklivel-az-eiffel-tornyon-az-1920-as-evekben\/#primaryimage"},"image":{"@id":"https:\/\/www.welovecycling.com\/hu\/trekking-mtb\/a-downhill-oregapja-biciklivel-az-eiffel-tornyon-az-1920-as-evekben\/#primaryimage"},"thumbnailUrl":"https:\/\/d2p6e6u75xmxt8.cloudfront.net\/12\/2019\/07\/4984984_48487487.jpg","datePublished":"2019-08-06T07:00:10+00:00","author":{"@id":"https:\/\/www.welovecycling.com\/hu\/#\/schema\/person\/414a2aebf1801691a5320edb6468e194"},"breadcrumb":{"@id":"https:\/\/www.welovecycling.com\/hu\/trekking-mtb\/a-downhill-oregapja-biciklivel-az-eiffel-tornyon-az-1920-as-evekben\/#breadcrumb"},"inLanguage":"hu","potentialAction":[{"@type":"ReadAction","target":["https:\/\/www.welovecycling.com\/hu\/trekking-mtb\/a-downhill-oregapja-biciklivel-az-eiffel-tornyon-az-1920-as-evekben\/"]}]},{"@type":"ImageObject","inLanguage":"hu","@id":"https:\/\/www.welovecycling.com\/hu\/trekking-mtb\/a-downhill-oregapja-biciklivel-az-eiffel-tornyon-az-1920-as-evekben\/#primaryimage","url":"https:\/\/d2p6e6u75xmxt8.cloudfront.net\/12\/2019\/07\/4984984_48487487.jpg","contentUrl":"https:\/\/d2p6e6u75xmxt8.cloudfront.net\/12\/2019\/07\/4984984_48487487.jpg","width":1375,"height":600},{"@type":"BreadcrumbList","@id":"https:\/\/www.welovecycling.com\/hu\/trekking-mtb\/a-downhill-oregapja-biciklivel-az-eiffel-tornyon-az-1920-as-evekben\/#breadcrumb","itemListElement":[{"@type":"ListItem","position":1,"name":"Home","item":"https:\/\/www.welovecycling.com\/hu\/"},{"@type":"ListItem","position":2,"name":"A downhill \u00f6regapja: biciklivel az Eiffel-tornyon az 1920-as \u00e9vekben"}]},{"@type":"WebSite","@id":"https:\/\/www.welovecycling.com\/hu\/#website","url":"https:\/\/www.welovecycling.com\/hu\/","name":"\u0160koda We Love Cycling - Magyarorsz\u00e1g","description":"\u0160koda WeLoveCycling","potentialAction":[{"@type":"SearchAction","target":{"@type":"EntryPoint","urlTemplate":"https:\/\/www.welovecycling.com\/hu\/?s={search_term_string}"},"query-input":{"@type":"PropertyValueSpecification","valueRequired":true,"valueName":"search_term_string"}}],"inLanguage":"hu"},{"@type":"Person","@id":"https:\/\/www.welovecycling.com\/hu\/#\/schema\/person\/414a2aebf1801691a5320edb6468e194","name":"hegyizs","image":{"@type":"ImageObject","inLanguage":"hu","@id":"https:\/\/www.welovecycling.com\/hu\/#\/schema\/person\/image\/","url":"https:\/\/secure.gravatar.com\/avatar\/02cf8a7906b8cf90cecb4679defac7cfd33a1c2e3b88e4903d947f3bb58eedd3?s=96&d=mm&r=g","contentUrl":"https:\/\/secure.gravatar.com\/avatar\/02cf8a7906b8cf90cecb4679defac7cfd33a1c2e3b88e4903d947f3bb58eedd3?s=96&d=mm&r=g","caption":"hegyizs"},"url":"https:\/\/www.welovecycling.com\/hu\/author\/hegyizs\/"}]}},"_links":{"self":[{"href":"https:\/\/www.welovecycling.com\/hu\/wp-json\/wp\/v2\/posts\/4557","targetHints":{"allow":["GET"]}}],"collection":[{"href":"https:\/\/www.welovecycling.com\/hu\/wp-json\/wp\/v2\/posts"}],"about":[{"href":"https:\/\/www.welovecycling.com\/hu\/wp-json\/wp\/v2\/types\/post"}],"author":[{"embeddable":true,"href":"https:\/\/www.welovecycling.com\/hu\/wp-json\/wp\/v2\/users\/71"}],"replies":[{"embeddable":true,"href":"https:\/\/www.welovecycling.com\/hu\/wp-json\/wp\/v2\/comments?post=4557"}],"version-history":[{"count":2,"href":"https:\/\/www.welovecycling.com\/hu\/wp-json\/wp\/v2\/posts\/4557\/revisions"}],"predecessor-version":[{"id":4599,"href":"https:\/\/www.welovecycling.com\/hu\/wp-json\/wp\/v2\/posts\/4557\/revisions\/4599"}],"wp:featuredmedia":[{"embeddable":true,"href":"https:\/\/www.welovecycling.com\/hu\/wp-json\/wp\/v2\/media\/4562"}],"wp:attachment":[{"href":"https:\/\/www.welovecycling.com\/hu\/wp-json\/wp\/v2\/media?parent=4557"}],"wp:term":[{"taxonomy":"category","embeddable":true,"href":"https:\/\/www.welovecycling.com\/hu\/wp-json\/wp\/v2\/categories?post=4557"},{"taxonomy":"post_tag","embeddable":true,"href":"https:\/\/www.welovecycling.com\/hu\/wp-json\/wp\/v2\/tags?post=4557"},{"taxonomy":"global-categories","embeddable":true,"href":"https:\/\/www.welovecycling.com\/hu\/wp-json\/wp\/v2\/global-categories?post=4557"}],"curies":[{"name":"wp","href":"https:\/\/api.w.org\/{rel}","templated":true}]}}