{"id":4552,"date":"2019-08-05T08:00:08","date_gmt":"2019-08-05T07:00:08","guid":{"rendered":"https:\/\/www.welovecycling.com\/hu\/?p=4552"},"modified":"2019-07-26T14:51:19","modified_gmt":"2019-07-26T13:51:19","slug":"humanitarius-biciklik","status":"publish","type":"post","link":"https:\/\/www.welovecycling.com\/hu\/kozosseg-es-kultura\/humanitarius-biciklik\/","title":{"rendered":"Humanit\u00e1rius biciklik"},"content":{"rendered":"<p><strong>Legt\u00f6bb\u00fcnk sz\u00e1m\u00e1ra a bicikli szabadid\u0151s \u00e9lvezeti cikk, kaland forr\u00e1sa, sz\u00f3rakoztat\u00f3 sporteszk\u00f6z. B\u00e1r n\u00e9lk\u00fcle biztosan kiss\u00e9 rosszabbnak \u00e9rezn\u00e9nk az \u00e9let\u00fcnket, ha musz\u00e1j lenne, tudn\u00e1nk n\u00e9lk\u00fcle \u00e9lni. M\u00e1sk\u00e9pp fogalmazva: az\u00e9rt nem m\u00falik az \u00e9let\u00fcnk a biciklin. De az alulr\u00f3l j\u00f6v\u0151 kezdem\u00e9nyez\u00e9sk\u00e9nt l\u00e9trej\u00f6tt civil szervezet, a Bicycles for Humanity (B4H) sz\u00e1m\u00e1ra a ker\u00e9kp\u00e1r l\u00e9tk\u00e9rd\u00e9s. \u0150k a biciklit a szem\u00e9lyes \u00f6n\u00e1ll\u00f3s\u00e1g egyik eszk\u00f6z\u00e9nek \u00e9s a mobilit\u00e1s l\u00e9tfontoss\u00e1g\u00fa megteremt\u0151j\u00e9nek tartj\u00e1k, olyan emberek sz\u00e1m\u00e1ra, akik nem, vagy csak nehezen tudnak m\u00e1s k\u00f6zleked\u00e9si eszk\u00f6zh\u00f6z hozz\u00e1f\u00e9rni.<\/strong><\/p>\n<p><!--more--><\/p>\n<p>\u201eAny\u00e1k, akik v\u00edzzel teli tart\u00e1lyokat tudnak visszacipelni a falujukba, sokkal r\u00f6videbb id\u0151 alatt, mintha gyalogoln\u00e1nak\u201d &#8211; hoz p\u00e9ld\u00e1kat a B4H a weboldal\u00e1n -, \u201eGyerekek, akik el\u0151bb oda\u00e9rnek az iskol\u00e1ba, \u00e9s marad idej\u00fck arra, hogy f\u00e9ny mellett tanuljanak. A sz\u00fcl\u0151k t\u00f6bb \u00e1rucikket tudnak \u00e9rt\u00e9kes\u00edt\u00e9sre kivinni a piacra. Az eg\u00e9szs\u00e9g\u00fcgyben dolgoz\u00f3k 3-4-szer olyan hat\u00e9konyan tudnak dolgozni. A mai technol\u00f3gia-k\u00f6zpont\u00fa vil\u00e1gban \u00fagy l\u00e1tjuk, hogy a bicikli \u00e9s az okostelefon k\u00e9pesek k\u00e9zzelfoghat\u00f3 v\u00e1ltoz\u00e1st el\u00e9rni a fejl\u0151d\u0151 orsz\u00e1gokban.\u201d<\/p>\n<p><a href=\"https:\/\/d2p6e6u75xmxt8.cloudfront.net\/12\/2019\/07\/african_map_1024x768-1024x768.jpg\"><img loading=\"lazy\" decoding=\"async\" class=\"alignnone size-full wp-image-4554\" src=\"https:\/\/d2p6e6u75xmxt8.cloudfront.net\/12\/2019\/07\/african_map_1024x768-1024x768.jpg\" alt=\"\" width=\"1024\" height=\"768\" srcset=\"https:\/\/d2p6e6u75xmxt8.cloudfront.net\/12\/2019\/07\/african_map_1024x768.jpg 1024w, https:\/\/d2p6e6u75xmxt8.cloudfront.net\/12\/2019\/07\/african_map_1024x768-300x225.jpg 300w, https:\/\/d2p6e6u75xmxt8.cloudfront.net\/12\/2019\/07\/african_map_1024x768-768x576.jpg 768w\" sizes=\"auto, (max-width: 1024px) 100vw, 1024px\" \/><\/a><\/p>\n<p>A B4H szervezetet Pat \u00e9s Brenda Montani 2005-ban alap\u00edtotta meg, \u00e9s az eltelt id\u0151ben t\u00f6bb mint 160 000 ker\u00e9kp\u00e1rt k\u00fcldtek Afrik\u00e1ba, a vil\u00e1gszerte m\u0171k\u00f6d\u0151 k\u00f6zel 50 helyi szervezet seg\u00edts\u00e9g\u00e9vel. Nem is rossz, k\u00fcl\u00f6n\u00f6sen azt figyelembe v\u00e9ve, hogy eredetileg csak egy kont\u00e9nernyi biciklit akartak \u00f6sszegy\u0171jteni, amit a kanadai Brit-Kolumbia tartom\u00e1ny k\u00f6z\u00f6ss\u00e9gei k\u00fcldenek Nam\u00edbi\u00e1ba. A B4H az\u00e9rt tartja mag\u00e1t \u201ealulr\u00f3l j\u00f6v\u0151 kezdem\u00e9nyez\u00e9snek\u201d, mert jelent\u0151sebb marketing- \u00e9s ismeretterjeszt\u0151 kamp\u00e1nyok n\u00e9lk\u00fcl n\u0151tt nagyra &#8211; szinte kiz\u00e1r\u00f3lag olyan emberek seg\u00edtik (persze mint megsz\u00e1llott bring\u00e1sok), akik bar\u00e1taikon vagy a szervezet weboldal\u00e1n kereszt\u00fcl szereztek tudom\u00e1st a programr\u00f3l. \u201eAz a siker\u00fcnk titka, hogy igyeksz\u00fcnk elmes\u00e9lni, mekkora sz\u00fcks\u00e9g lehet a biciklikre a fejl\u0151d\u0151 orsz\u00e1gokban, \u00e9s tal\u00e1n siker\u00fcl sokakat megmozgatnunk, hogy csatlakozzanak ehhez az \u0151szinte mozgalomhoz, amellyel k\u00f6zvetlen\u00fcl lehet hathat\u00f3s v\u00e1ltoz\u00e1st el\u00e9rni\u201d &#8211; vallj\u00e1k.<\/p>\n<p>\u00cdgy m\u0171k\u00f6dik a rendszer: a helyi szervezetek \u00f6sszegy\u0171jtik a ker\u00e9kp\u00e1rokat, \u00e9s a legk\u00f6zelebbi afrikai kik\u00f6t\u0151be val\u00f3 sz\u00e1ll\u00edt\u00e1s k\u00f6lts\u00e9g\u00e9t, azt\u00e1n m\u00e1s csoportok finansz\u00edrozz\u00e1k az orsz\u00e1gon bel\u00fcli sz\u00e1ll\u00edt\u00e1si k\u00f6lts\u00e9geket \u00e9s a felmer\u00fcl\u0151 ad\u00f3kat. Sz\u00e1mos orsz\u00e1g &#8211; p\u00e9ld\u00e1ul Uganda &#8211; eset\u00e9ben, a belf\u00f6ldi sz\u00e1ll\u00edt\u00e1si k\u00f6lts\u00e9gek, az ad\u00f3k \u00e9s v\u00e1mok is igen magasak.<\/p>\n<p>Az egyes tagszervezetek gondoskodnak arr\u00f3l, hogyan gy\u0171jtik \u00f6ssze \u00e9s sz\u00e1ll\u00edtj\u00e1k Afrik\u00e1ba a bicikliket. A B4H \u00fagy teszi ezt lehet\u0151v\u00e9 sz\u00e1mukra, ahogy szerint\u00fck a leghat\u00e9konyabb \u00e9s legindokoltabb. \u201eR\u00f6viden \u00f6sszefoglalva: mindenki olyan kreat\u00edv lehet, amilyen szeretne, annyit id\u0151t ford\u00edthat erre, amennyit tud, \u00e9s olyan programokat, partners\u00e9geket \u00e9s adom\u00e1nygy\u0171jt\u0151 kezdem\u00e9nyez\u00e9seket ind\u00edthat, amilyeneket j\u00f3nak l\u00e1t\u201d &#8211; magyar\u00e1zza a B4H. \u201eS\u0151t, ami a legjobb: a programok v\u00e9grehajt\u00e1sa sor\u00e1n szoros munkakapcsolat alapj\u00e1n alak\u00edthatsz ki partneri kapcsolatokat a fejl\u0151d\u0151 orsz\u00e1gok lak\u00f3ival, mindek\u00f6zben \u00e9rt\u00e9kes \u00fczleti \u00e9s v\u00e1llalkoz\u00f3i ismereteket \u00e9s k\u00e9szs\u00e9geket k\u00f6zvet\u00edthetsz.\u201d<\/p>\n<div id='gallery-1' class='gallery galleryid-4552 gallery-columns-2 gallery-size-large'><figure class='gallery-item'>\n\t\t\t<div class='gallery-icon landscape'>\n\t\t\t\t<a href='https:\/\/d2p6e6u75xmxt8.cloudfront.net\/12\/2019\/07\/B4H-1.jpg'><img loading=\"lazy\" decoding=\"async\" width=\"900\" height=\"675\" src=\"https:\/\/d2p6e6u75xmxt8.cloudfront.net\/12\/2019\/07\/B4H-1.jpg\" class=\"attachment-large size-large\" alt=\"\" srcset=\"https:\/\/d2p6e6u75xmxt8.cloudfront.net\/12\/2019\/07\/B4H-1.jpg 900w, https:\/\/d2p6e6u75xmxt8.cloudfront.net\/12\/2019\/07\/B4H-1-300x225.jpg 300w, https:\/\/d2p6e6u75xmxt8.cloudfront.net\/12\/2019\/07\/B4H-1-768x576.jpg 768w\" sizes=\"auto, (max-width: 900px) 100vw, 900px\" \/><\/a>\n\t\t\t<\/div><\/figure><figure class='gallery-item'>\n\t\t\t<div class='gallery-icon landscape'>\n\t\t\t\t<a href='https:\/\/d2p6e6u75xmxt8.cloudfront.net\/12\/2019\/07\/B4H.jpg'><img loading=\"lazy\" decoding=\"async\" width=\"900\" height=\"675\" src=\"https:\/\/d2p6e6u75xmxt8.cloudfront.net\/12\/2019\/07\/B4H.jpg\" class=\"attachment-large size-large\" alt=\"\" srcset=\"https:\/\/d2p6e6u75xmxt8.cloudfront.net\/12\/2019\/07\/B4H.jpg 900w, https:\/\/d2p6e6u75xmxt8.cloudfront.net\/12\/2019\/07\/B4H-300x225.jpg 300w, https:\/\/d2p6e6u75xmxt8.cloudfront.net\/12\/2019\/07\/B4H-768x576.jpg 768w\" sizes=\"auto, (max-width: 900px) 100vw, 900px\" \/><\/a>\n\t\t\t<\/div><\/figure>\n\t\t<\/div>\n\n<p>A B4H sz\u00e1mos speci\u00e1lis programot m\u0171k\u00f6dtet. A \u201eBicycle Empowerment Center\u201d (Biciklis \u00d6n\u00e1ll\u00f3s\u00e1gi K\u00f6zpont) p\u00e9ld\u00e1ul egy \u201edobozos biciklibolt\u201d, amelyben 450-500 bicikli, szersz\u00e1mok, alkatr\u00e9szek \u00e9s karbantart\u00e1sr\u00f3l sz\u00f3l\u00f3 oktat\u00e1si anyagok is helyet kapnak, amelyeket egyben sz\u00e1ll\u00edtanak le egy k\u00f6z\u00f6ss\u00e9g r\u00e9sz\u00e9re. A Development Kit (Fejleszt\u0151k\u00e9szlet) 10-15 kiv\u00e1l\u00f3 min\u0151s\u00e9g\u0171 bring\u00e1b\u00f3l, plusz a hozz\u00e1juk tartoz\u00f3 sportruh\u00e1kb\u00f3l, alkatr\u00e9szekb\u0151l \u00e9s felszerel\u00e9sekb\u0151l \u00e1ll, amelyek seg\u00edts\u00e9g\u00e9vel a k\u00f6z\u00f6ss\u00e9g egy mountain bike parkot, vagy m\u00e1s v\u00e1llalkoz\u00e1st tud elind\u00edtani.<\/p>\n<p>A B4H sz\u00e1mos sikert\u00f6rt\u00e9net\u00e9nek egyike a <a href=\"https:\/\/www.karamoja.org\/home.html\">Karamoja.org<\/a>. A Karamoja egy kis t\u00e9rs\u00e9g Uganda \u00e9szakkeleti r\u00e9sz\u00e9n, ahol k\u00fcl\u00f6nb\u00f6z\u0151 t\u00e9nyez\u0151k (p\u00e9ld\u00e1ul k\u00f6rnyezetv\u00e9delmi probl\u00e9m\u00e1k, er\u0151szak, \u00edr\u00e1studatlans\u00e1g, rossz eg\u00e9szs\u00e9gi \u00e1llapot, gyenge infrastrukt\u00fara) miatt jelent\u0151sen romlottak az \u00e9letk\u00f6r\u00fclm\u00e9nyek. De amikor a B4H 4500 biciklit k\u00fcld\u00f6tt oda 2010-ben, jelent\u0151sen el\u0151relend\u00edtette az elszeg\u00e9nyedett vid\u00e9kek folyamatait.<\/p>\n<p>Akkoriban nem voltak ott utak, nem volt villamos \u00e1ram, \u00e9s alig n\u00e9h\u00e1ny v\u00e1llalkoz\u00e1s m\u0171k\u00f6d\u00f6tt, de mi\u00f3ta a biciklik meg\u00e9rkeztek, \u00e9s a B4H dolgoz\u00f3i, a helyi lakosokkal egy\u00fctt kreat\u00edvan l\u00e1ttak neki a ter\u00fclet felvir\u00e1goztat\u00e1s\u00e1nak, nagyon sok minden megv\u00e1ltozott. A 4500 biciklib\u0151l sikeres Biciklis \u00d6n\u00e1ll\u00f3s\u00e1gi K\u00f6zpontok lettek. Ezt k\u00f6vette az iEmpowerment, a B4H partneri programj\u00e1nak beind\u00edt\u00e1sa, amely &#8211; t\u00f6bbek k\u00f6z\u00f6tt &#8211; olcs\u00f3 oktat\u00e1si \u00e9s k\u00e9szs\u00e9gfejleszt\u0151 anyagokat, ingyenes online k\u00e9pz\u00e9seket \u00e9s helyi eg\u00e9szs\u00e9g\u00fcgyi adatok gy\u0171jt\u00e9s\u00e9t szolg\u00e1l\u00f3 alkalmaz\u00e1sokat is fel\u00f6lel.<\/p>\n<lite-youtube videoid=7BlcB9ScupI params=\"enablejsapi=1\" style=\"background-image: url('https:\/\/i.ytimg.com\/vi_webp\/7BlcB9ScupI\/maxresdefault.webp');\"><\/lite-youtube>\n<p>Ezut\u00e1n indult be a Kara-Tunga kultur\u00e1lis turisztikai \u00e9s szafari fogad\u00f3k\u00f6zpont, egy informatikai szolg\u00e1ltat\u00f3 c\u00e9g, a Karamoja IT Computer Services, valamint egy \u00faj fejleszt\u00e9si modell, a Cloud Empowerment. Majd beind\u00edtott\u00e1k a Tour of Karamoja ker\u00e9kp\u00e1ros versenyt, amellyel bicikliseket \u00e9s turist\u00e1kat vonzanak a t\u00e9rs\u00e9gbe. Ezt az esem\u00e9nyt jelent\u0151sen seg\u00edtette a n\u00e9hai Tour de France versenyz\u0151 \u00e9s telev\u00edzi\u00f3s komment\u00e1tor Paul Sherwen, \u00e9s komment\u00e1tor t\u00e1rsa Phil Liggett. Sherwen (aki h\u00e9t Touron is versenybe sz\u00e1llt) fontos r\u00e9sztvev\u0151je lett a B4H Ugand\u00e1ban v\u00e9gzett munk\u00e1j\u00e1nak. Ott is \u00e9lt \u00e9s hunyt el v\u00e9g\u00fcl, \u00e9s kem\u00e9nyen dolgozott, hogy a Tour of Karamoj\u00e1t Uganda legeslegnagyobb ker\u00e9kp\u00e1ros verseny\u00e9v\u00e9 tegye.<\/p>\n<p>A B4H szerint k\u00f6zel 10 milli\u00f3 biciklit dobnak szem\u00e9ttelepre minden egyes \u00e9vben. Ha te is szeretn\u00e9l seg\u00edteni, hogy egy t\u00e1rsadalmi c\u00e9l \u00e9rdek\u00e9ben hasznosulhassanak a szem\u00e9tre sz\u00e1nt j\u00e1rg\u00e1nyok, l\u00e1togass el a <a href=\"http:\/\/bicycles-for-humanity.org\/\" target=\"_blank\" rel=\"noopener\">weboldalukra<\/a>!<\/p>\n","protected":false},"excerpt":{"rendered":"<p>Legt\u00f6bb\u00fcnk sz\u00e1m\u00e1ra a bicikli szabadid\u0151s \u00e9lvezeti cikk, kaland forr\u00e1sa, sz\u00f3rakoztat\u00f3 sporteszk\u00f6z. B\u00e1r n\u00e9lk\u00fcle biztosan kiss\u00e9 rosszabbnak \u00e9rezn\u00e9nk az \u00e9let\u00fcnket, ha [&hellip;]<\/p>\n","protected":false},"author":71,"featured_media":4556,"comment_status":"open","ping_status":"open","sticky":false,"template":"","format":"standard","meta":{"footnotes":""},"categories":[12],"tags":[],"global-categories":[],"class_list":["post-4552","post","type-post","status-publish","format-standard","has-post-thumbnail","hentry","category-kozosseg-es-kultura"],"yoast_head":"<!-- This site is optimized with the Yoast SEO Premium plugin v25.3 (Yoast SEO v25.9) - https:\/\/yoast.com\/wordpress\/plugins\/seo\/ -->\n<title>Humanit\u00e1rius biciklik - \u0160koda We Love Cycling - Magyarorsz\u00e1g<\/title>\n<meta name=\"robots\" content=\"index, follow, max-snippet:-1, max-image-preview:large, max-video-preview:-1\" \/>\n<link rel=\"canonical\" href=\"https:\/\/www.welovecycling.com\/hu\/kozosseg-es-kultura\/humanitarius-biciklik\/\" \/>\n<meta property=\"og:locale\" content=\"hu_HU\" \/>\n<meta property=\"og:type\" content=\"article\" \/>\n<meta property=\"og:title\" content=\"Humanit\u00e1rius biciklik\" \/>\n<meta property=\"og:description\" content=\"Legt\u00f6bb\u00fcnk sz\u00e1m\u00e1ra a bicikli szabadid\u0151s \u00e9lvezeti cikk, kaland forr\u00e1sa, sz\u00f3rakoztat\u00f3 sporteszk\u00f6z. B\u00e1r n\u00e9lk\u00fcle biztosan kiss\u00e9 rosszabbnak \u00e9rezn\u00e9nk az \u00e9let\u00fcnket, ha [&hellip;]\" \/>\n<meta property=\"og:url\" content=\"https:\/\/www.welovecycling.com\/hu\/kozosseg-es-kultura\/humanitarius-biciklik\/\" \/>\n<meta property=\"og:site_name\" content=\"\u0160koda We Love Cycling - Magyarorsz\u00e1g\" \/>\n<meta property=\"article:publisher\" content=\"https:\/\/www.facebook.com\/WeLoveCyclingHungary\/\" \/>\n<meta property=\"article:published_time\" content=\"2019-08-05T07:00:08+00:00\" \/>\n<meta property=\"og:image\" content=\"https:\/\/d2p6e6u75xmxt8.cloudfront.net\/12\/2019\/07\/B4H-CVR.jpg\" \/>\n\t<meta property=\"og:image:width\" content=\"1366\" \/>\n\t<meta property=\"og:image:height\" content=\"600\" \/>\n\t<meta property=\"og:image:type\" content=\"image\/jpeg\" \/>\n<meta name=\"author\" content=\"hegyizs\" \/>\n<meta name=\"twitter:card\" content=\"summary_large_image\" \/>\n<meta name=\"twitter:label1\" content=\"Written by\" \/>\n\t<meta name=\"twitter:data1\" content=\"Siegfried Mortkowitz\" \/>\n\t<meta name=\"twitter:label2\" content=\"Est. reading time\" \/>\n\t<meta name=\"twitter:data2\" content=\"8\" \/>\n<script type=\"application\/ld+json\" class=\"yoast-schema-graph\">{\"@context\":\"https:\/\/schema.org\",\"@graph\":[{\"@type\":\"WebPage\",\"@id\":\"https:\/\/www.welovecycling.com\/hu\/kozosseg-es-kultura\/humanitarius-biciklik\/\",\"url\":\"https:\/\/www.welovecycling.com\/hu\/kozosseg-es-kultura\/humanitarius-biciklik\/\",\"name\":\"Humanit\u00e1rius biciklik - \u0160koda We Love Cycling - Magyarorsz\u00e1g\",\"isPartOf\":{\"@id\":\"https:\/\/www.welovecycling.com\/hu\/#website\"},\"primaryImageOfPage\":{\"@id\":\"https:\/\/www.welovecycling.com\/hu\/kozosseg-es-kultura\/humanitarius-biciklik\/#primaryimage\"},\"image\":{\"@id\":\"https:\/\/www.welovecycling.com\/hu\/kozosseg-es-kultura\/humanitarius-biciklik\/#primaryimage\"},\"thumbnailUrl\":\"https:\/\/d2p6e6u75xmxt8.cloudfront.net\/12\/2019\/07\/B4H-CVR.jpg\",\"datePublished\":\"2019-08-05T07:00:08+00:00\",\"author\":{\"@id\":\"https:\/\/www.welovecycling.com\/hu\/#\/schema\/person\/414a2aebf1801691a5320edb6468e194\"},\"breadcrumb\":{\"@id\":\"https:\/\/www.welovecycling.com\/hu\/kozosseg-es-kultura\/humanitarius-biciklik\/#breadcrumb\"},\"inLanguage\":\"hu\",\"potentialAction\":[{\"@type\":\"ReadAction\",\"target\":[\"https:\/\/www.welovecycling.com\/hu\/kozosseg-es-kultura\/humanitarius-biciklik\/\"]}]},{\"@type\":\"ImageObject\",\"inLanguage\":\"hu\",\"@id\":\"https:\/\/www.welovecycling.com\/hu\/kozosseg-es-kultura\/humanitarius-biciklik\/#primaryimage\",\"url\":\"https:\/\/d2p6e6u75xmxt8.cloudfront.net\/12\/2019\/07\/B4H-CVR.jpg\",\"contentUrl\":\"https:\/\/d2p6e6u75xmxt8.cloudfront.net\/12\/2019\/07\/B4H-CVR.jpg\",\"width\":1366,\"height\":600},{\"@type\":\"BreadcrumbList\",\"@id\":\"https:\/\/www.welovecycling.com\/hu\/kozosseg-es-kultura\/humanitarius-biciklik\/#breadcrumb\",\"itemListElement\":[{\"@type\":\"ListItem\",\"position\":1,\"name\":\"Home\",\"item\":\"https:\/\/www.welovecycling.com\/hu\/\"},{\"@type\":\"ListItem\",\"position\":2,\"name\":\"Humanit\u00e1rius biciklik\"}]},{\"@type\":\"WebSite\",\"@id\":\"https:\/\/www.welovecycling.com\/hu\/#website\",\"url\":\"https:\/\/www.welovecycling.com\/hu\/\",\"name\":\"\u0160koda We Love Cycling - Magyarorsz\u00e1g\",\"description\":\"\u0160koda WeLoveCycling\",\"potentialAction\":[{\"@type\":\"SearchAction\",\"target\":{\"@type\":\"EntryPoint\",\"urlTemplate\":\"https:\/\/www.welovecycling.com\/hu\/?s={search_term_string}\"},\"query-input\":{\"@type\":\"PropertyValueSpecification\",\"valueRequired\":true,\"valueName\":\"search_term_string\"}}],\"inLanguage\":\"hu\"},{\"@type\":\"Person\",\"@id\":\"https:\/\/www.welovecycling.com\/hu\/#\/schema\/person\/414a2aebf1801691a5320edb6468e194\",\"name\":\"hegyizs\",\"image\":{\"@type\":\"ImageObject\",\"inLanguage\":\"hu\",\"@id\":\"https:\/\/www.welovecycling.com\/hu\/#\/schema\/person\/image\/\",\"url\":\"https:\/\/secure.gravatar.com\/avatar\/02cf8a7906b8cf90cecb4679defac7cfd33a1c2e3b88e4903d947f3bb58eedd3?s=96&d=mm&r=g\",\"contentUrl\":\"https:\/\/secure.gravatar.com\/avatar\/02cf8a7906b8cf90cecb4679defac7cfd33a1c2e3b88e4903d947f3bb58eedd3?s=96&d=mm&r=g\",\"caption\":\"hegyizs\"},\"url\":\"https:\/\/www.welovecycling.com\/hu\/author\/hegyizs\/\"}]}<\/script>\n<!-- \/ Yoast SEO Premium plugin. -->","yoast_head_json":{"title":"Humanit\u00e1rius biciklik - \u0160koda We Love Cycling - Magyarorsz\u00e1g","robots":{"index":"index","follow":"follow","max-snippet":"max-snippet:-1","max-image-preview":"max-image-preview:large","max-video-preview":"max-video-preview:-1"},"canonical":"https:\/\/www.welovecycling.com\/hu\/kozosseg-es-kultura\/humanitarius-biciklik\/","og_locale":"hu_HU","og_type":"article","og_title":"Humanit\u00e1rius biciklik","og_description":"Legt\u00f6bb\u00fcnk sz\u00e1m\u00e1ra a bicikli szabadid\u0151s \u00e9lvezeti cikk, kaland forr\u00e1sa, sz\u00f3rakoztat\u00f3 sporteszk\u00f6z. B\u00e1r n\u00e9lk\u00fcle biztosan kiss\u00e9 rosszabbnak \u00e9rezn\u00e9nk az \u00e9let\u00fcnket, ha [&hellip;]","og_url":"https:\/\/www.welovecycling.com\/hu\/kozosseg-es-kultura\/humanitarius-biciklik\/","og_site_name":"\u0160koda We Love Cycling - Magyarorsz\u00e1g","article_publisher":"https:\/\/www.facebook.com\/WeLoveCyclingHungary\/","article_published_time":"2019-08-05T07:00:08+00:00","og_image":[{"width":1366,"height":600,"url":"https:\/\/d2p6e6u75xmxt8.cloudfront.net\/12\/2019\/07\/B4H-CVR.jpg","type":"image\/jpeg"}],"author":"hegyizs","twitter_card":"summary_large_image","twitter_misc":{"Written by":"Siegfried Mortkowitz","Est. reading time":"8"},"schema":{"@context":"https:\/\/schema.org","@graph":[{"@type":"WebPage","@id":"https:\/\/www.welovecycling.com\/hu\/kozosseg-es-kultura\/humanitarius-biciklik\/","url":"https:\/\/www.welovecycling.com\/hu\/kozosseg-es-kultura\/humanitarius-biciklik\/","name":"Humanit\u00e1rius biciklik - \u0160koda We Love Cycling - Magyarorsz\u00e1g","isPartOf":{"@id":"https:\/\/www.welovecycling.com\/hu\/#website"},"primaryImageOfPage":{"@id":"https:\/\/www.welovecycling.com\/hu\/kozosseg-es-kultura\/humanitarius-biciklik\/#primaryimage"},"image":{"@id":"https:\/\/www.welovecycling.com\/hu\/kozosseg-es-kultura\/humanitarius-biciklik\/#primaryimage"},"thumbnailUrl":"https:\/\/d2p6e6u75xmxt8.cloudfront.net\/12\/2019\/07\/B4H-CVR.jpg","datePublished":"2019-08-05T07:00:08+00:00","author":{"@id":"https:\/\/www.welovecycling.com\/hu\/#\/schema\/person\/414a2aebf1801691a5320edb6468e194"},"breadcrumb":{"@id":"https:\/\/www.welovecycling.com\/hu\/kozosseg-es-kultura\/humanitarius-biciklik\/#breadcrumb"},"inLanguage":"hu","potentialAction":[{"@type":"ReadAction","target":["https:\/\/www.welovecycling.com\/hu\/kozosseg-es-kultura\/humanitarius-biciklik\/"]}]},{"@type":"ImageObject","inLanguage":"hu","@id":"https:\/\/www.welovecycling.com\/hu\/kozosseg-es-kultura\/humanitarius-biciklik\/#primaryimage","url":"https:\/\/d2p6e6u75xmxt8.cloudfront.net\/12\/2019\/07\/B4H-CVR.jpg","contentUrl":"https:\/\/d2p6e6u75xmxt8.cloudfront.net\/12\/2019\/07\/B4H-CVR.jpg","width":1366,"height":600},{"@type":"BreadcrumbList","@id":"https:\/\/www.welovecycling.com\/hu\/kozosseg-es-kultura\/humanitarius-biciklik\/#breadcrumb","itemListElement":[{"@type":"ListItem","position":1,"name":"Home","item":"https:\/\/www.welovecycling.com\/hu\/"},{"@type":"ListItem","position":2,"name":"Humanit\u00e1rius biciklik"}]},{"@type":"WebSite","@id":"https:\/\/www.welovecycling.com\/hu\/#website","url":"https:\/\/www.welovecycling.com\/hu\/","name":"\u0160koda We Love Cycling - Magyarorsz\u00e1g","description":"\u0160koda WeLoveCycling","potentialAction":[{"@type":"SearchAction","target":{"@type":"EntryPoint","urlTemplate":"https:\/\/www.welovecycling.com\/hu\/?s={search_term_string}"},"query-input":{"@type":"PropertyValueSpecification","valueRequired":true,"valueName":"search_term_string"}}],"inLanguage":"hu"},{"@type":"Person","@id":"https:\/\/www.welovecycling.com\/hu\/#\/schema\/person\/414a2aebf1801691a5320edb6468e194","name":"hegyizs","image":{"@type":"ImageObject","inLanguage":"hu","@id":"https:\/\/www.welovecycling.com\/hu\/#\/schema\/person\/image\/","url":"https:\/\/secure.gravatar.com\/avatar\/02cf8a7906b8cf90cecb4679defac7cfd33a1c2e3b88e4903d947f3bb58eedd3?s=96&d=mm&r=g","contentUrl":"https:\/\/secure.gravatar.com\/avatar\/02cf8a7906b8cf90cecb4679defac7cfd33a1c2e3b88e4903d947f3bb58eedd3?s=96&d=mm&r=g","caption":"hegyizs"},"url":"https:\/\/www.welovecycling.com\/hu\/author\/hegyizs\/"}]}},"_links":{"self":[{"href":"https:\/\/www.welovecycling.com\/hu\/wp-json\/wp\/v2\/posts\/4552","targetHints":{"allow":["GET"]}}],"collection":[{"href":"https:\/\/www.welovecycling.com\/hu\/wp-json\/wp\/v2\/posts"}],"about":[{"href":"https:\/\/www.welovecycling.com\/hu\/wp-json\/wp\/v2\/types\/post"}],"author":[{"embeddable":true,"href":"https:\/\/www.welovecycling.com\/hu\/wp-json\/wp\/v2\/users\/71"}],"replies":[{"embeddable":true,"href":"https:\/\/www.welovecycling.com\/hu\/wp-json\/wp\/v2\/comments?post=4552"}],"version-history":[{"count":2,"href":"https:\/\/www.welovecycling.com\/hu\/wp-json\/wp\/v2\/posts\/4552\/revisions"}],"predecessor-version":[{"id":4598,"href":"https:\/\/www.welovecycling.com\/hu\/wp-json\/wp\/v2\/posts\/4552\/revisions\/4598"}],"wp:featuredmedia":[{"embeddable":true,"href":"https:\/\/www.welovecycling.com\/hu\/wp-json\/wp\/v2\/media\/4556"}],"wp:attachment":[{"href":"https:\/\/www.welovecycling.com\/hu\/wp-json\/wp\/v2\/media?parent=4552"}],"wp:term":[{"taxonomy":"category","embeddable":true,"href":"https:\/\/www.welovecycling.com\/hu\/wp-json\/wp\/v2\/categories?post=4552"},{"taxonomy":"post_tag","embeddable":true,"href":"https:\/\/www.welovecycling.com\/hu\/wp-json\/wp\/v2\/tags?post=4552"},{"taxonomy":"global-categories","embeddable":true,"href":"https:\/\/www.welovecycling.com\/hu\/wp-json\/wp\/v2\/global-categories?post=4552"}],"curies":[{"name":"wp","href":"https:\/\/api.w.org\/{rel}","templated":true}]}}