{"id":4528,"date":"2019-07-27T08:00:58","date_gmt":"2019-07-27T07:00:58","guid":{"rendered":"https:\/\/www.welovecycling.com\/hu\/?p=4528"},"modified":"2019-07-23T15:30:32","modified_gmt":"2019-07-23T14:30:32","slug":"a-bringas-motivumok-reneszansza-a-divatiparban","status":"publish","type":"post","link":"https:\/\/www.welovecycling.com\/hu\/kozosseg-es-kultura\/a-bringas-motivumok-reneszansza-a-divatiparban\/","title":{"rendered":"A bring\u00e1s mot\u00edvumok renesz\u00e1nsza a divatiparban"},"content":{"rendered":"<p><strong>Ez\u00fattal a bicikliz\u00e9s divatra gyakorolt hat\u00e1sai ut\u00e1n kutattunk az interneten. Ki volt a vil\u00e1g legnagyobb divatdikt\u00e1tora, aki rend\u00fcletlen\u00fcl \u00e1llt a k\u00e9tkerek\u0171 kulissz\u00e1k m\u00f6g\u00f6tt? A Rapha m\u00e1rka alap\u00edt\u00f3ja? Karl Lagerfeld? Vagy Kim Kardashian?<\/strong><\/p>\n<p><!--more--><\/p>\n<h2><strong>Simon Mottram<\/strong><\/h2>\n<p>Anno 2001-ben, Mottram \u00far l\u00e9trehozta a saj\u00e1t, biciklis szerel\u00e9seket gy\u00e1rt\u00f3 m\u00e1rk\u00e1j\u00e1t, mivel hi\u00e1nyolta a j\u00f3 min\u0151s\u00e9g\u0171 anyagokat a piacon. A Rapha ma a bring\u00e1s ipar legfelkapottabb \u00e9s egy\u00fattal leggy\u0171l\u00f6ltebb m\u00e1rk\u00e1i k\u00f6z\u00e9 is sorolhat\u00f3. A divatdikt\u00e1tor c\u00e9gnek nagyon megoszt\u00f3 hat\u00e1sa van a bring\u00e1s k\u00f6z\u00f6ss\u00e9gre, k\u00e9t t\u00e1borra osztva a bicikliseket. M\u00edg az els\u0151 t\u00e1bor vagyonokat k\u00f6lt \u00faj bring\u00e1s kieg\u00e9sz\u00edt\u0151kre, addig a m\u00e1sik t\u00e1bor ez\u00e9rt bring\u00e1s sznobs\u00e1ggal v\u00e1dolja az el\u0151bbit. Mottram \u00far nem csup\u00e1n arra vette r\u00e1 \u0151ket, hogy 450 eur\u00f3t fizessenek ki bring\u00e1s sortok\u00e9rt \u00e9s p\u00f3l\u00f3k\u00e9rt, de ennek tetej\u00e9ben tavaly el is adta a m\u00e1rk\u00e1j\u00e1t a Walmart \u00f6r\u00f6k\u00f6s\u00f6knek 200 milli\u00f3 angol font\u00e9rt, \u00edgy h\u00e1t minden j\u00f3, ha j\u00f3 a v\u00e9ge &#8211; a divat vil\u00e1g\u00e1ban is.<\/p>\n<p>https:\/\/www.instagram.com\/p\/ByXUbJoFNwi\/<\/p>\n<h2><strong>Ludovica Diligu<\/strong><\/h2>\n<p>A mil\u00e1n\u00f3i divattervez\u0151 nagy h\u00edve Albert Einstein kijelent\u00e9s\u00e9nek: \u201eAz \u00e9let olyan, mint a ker\u00e9kp\u00e1roz\u00e1s. Hogy megtartsd az egyens\u00falyod, mozg\u00e1sban kell maradnod.\u201d \u00cdgy h\u00e1t a tavalyi kollekci\u00f3j\u00e1t egy k\u00e9tkerek\u0171, mozg\u00f3 bemutat\u00f3v\u00e1 v\u00e1ltoztatta. A lelkes bring\u00e1s \u00e9s ing\u00e1z\u00f3 Ludovica, \u00f6ssze\u00e1llt a helyi ker\u00e9kp\u00e1rgy\u00e1rt\u00f3 Taurusszal, \u00e9s sz\u00ednes darabokat tervezett, amelyek illettek az egyedileg gy\u00e1rtott bring\u00e1ikhoz. Ahelyett, hogy a kifut\u00f3ra k\u00fcldte volna \u0151ket, az olasz v\u00e1ros utc\u00e1in ker\u00fcltek bemutat\u00e1sra a mil\u00e1n\u00f3i divath\u00e9t keret\u00e9ben. A Labo.Art c\u00e9g alap\u00edt\u00f3ja \u00fagy fogalmazott, hogy nem akart egy sokadik bring\u00e1s m\u00e1rk\u00e1v\u00e1 v\u00e1lni, \u00e9s az esem\u00e9ny csup\u00e1n csak az eszt\u00e9tik\u00e1r\u00f3l, a min\u0151s\u00e9gr\u0151l \u00e9s a modernit\u00e1sr\u00f3l sz\u00f3lt, nem elfeledve a hiteless\u00e9get sem. Nem igaz\u00e1n \u00e9rt\u00fcnk mi ehhez, ahogy a divathoz sem, teh\u00e1t \u00fagy \u00e9rtelmezt\u00fck az \u00f6tletet, hogy csak sz\u00f3rakoz\u00e1sb\u00f3l csin\u00e1lta. \u00c9s ez sz\u00e1m\u00edt igaz\u00e1n.<\/p>\n<figure id=\"attachment_4531\" aria-describedby=\"caption-attachment-4531\" style=\"width: 1067px\" class=\"wp-caption alignnone\"><a href=\"https:\/\/d2p6e6u75xmxt8.cloudfront.net\/12\/2019\/07\/BikeDefilee.JPG.jpg\"><img loading=\"lazy\" decoding=\"async\" class=\"size-full wp-image-4531\" src=\"https:\/\/d2p6e6u75xmxt8.cloudfront.net\/12\/2019\/07\/BikeDefilee.JPG.jpg\" alt=\"\" width=\"1067\" height=\"710\" srcset=\"https:\/\/d2p6e6u75xmxt8.cloudfront.net\/12\/2019\/07\/BikeDefilee.JPG.jpg 1067w, https:\/\/d2p6e6u75xmxt8.cloudfront.net\/12\/2019\/07\/BikeDefilee.JPG-300x200.jpg 300w, https:\/\/d2p6e6u75xmxt8.cloudfront.net\/12\/2019\/07\/BikeDefilee.JPG-768x511.jpg 768w, https:\/\/d2p6e6u75xmxt8.cloudfront.net\/12\/2019\/07\/BikeDefilee.JPG-1024x681.jpg 1024w, https:\/\/d2p6e6u75xmxt8.cloudfront.net\/12\/2019\/07\/BikeDefilee.JPG-272x182.jpg 272w\" sizes=\"auto, (max-width: 1067px) 100vw, 1067px\" \/><\/a><figcaption id=\"caption-attachment-4531\" class=\"wp-caption-text\"><em>Biciklis felvonul\u00e1s a mil\u00e1n\u00f3i divath\u00e9ten<\/em><\/figcaption><\/figure>\n<h2><strong>Karl Lagerfeld<\/strong><\/h2>\n<p>A valaha volt legnagyobb divattervez\u0151k k\u00f6z\u00e9 tartozik Karl Lagerfeld, akit mark\u00e1ns kijelent\u00e9seir\u0151l ismerhett\u00fcnk. Amikor egy alkalommal arr\u00f3l k\u00e9rdezt\u00e9k, visszak\u00f6lt\u00f6zne-e N\u00e9metorsz\u00e1gba, azt v\u00e1laszolta, hogy nem, mivel t\u00fal k\u00f6zel van Lengyelorsz\u00e1ghoz. Nem gondoljuk, hogy abban a helyzetben lenn\u00e9nk, hogy min\u0151s\u00edts\u00fck sem a kijelent\u00e9seit, sem a munk\u00e1ss\u00e1g\u00e1t, de ahogy az arch\u00edvumokban szemezgett\u00fcnk, egy igen meglep\u0151 t\u00e9nyre bukkantunk. A LYCRA nagy rajong\u00f3jak\u00e9nt olyan szupermodelleket k\u00fcld\u00f6tt a kifut\u00f3ra, mint Linda Evangelista, hogy a Chanel 1991-es ny\u00e1ri kollekci\u00f3j\u00e1t csillog\u00f3 dzsekikben \u00e9s fekete biciklis sortokban vonultass\u00e1k fel. Id\u00e9n a biciklis sortok ism\u00e9t divat j\u00f6nnek, ahogy az l\u00e1that\u00f3 a Saint Laurent, az Off-White, a Dion Lee vagy a Dolce &amp; Gabbana kollekci\u00f3iban, \u00e1m 30 \u00e9vvel ezel\u0151tt Karl Lagerfeld volt az els\u0151 tervez\u0151, aki divatba hozta a bring\u00e1s sortokat a ker\u00e9kp\u00e1ros k\u00f6z\u00f6ss\u00e9geken k\u00edv\u00fcl is. Ez pedig el\u00e9g men\u0151.<\/p>\n<lite-youtube videoid=nEYh9hPzR_A params=\"enablejsapi=1\" style=\"background-image: url('https:\/\/i.ytimg.com\/vi_webp\/nEYh9hPzR_A\/maxresdefault.webp');\"><\/lite-youtube>\n<h2><strong>Kim Kardashian<\/strong><\/h2>\n<p>L\u00e1ttuk m\u00e1r \u0151t sz\u00e1mtalan sz\u00ednben pomp\u00e1z\u00f3 LYCRA r\u00f6vidnadr\u00e1gokban, mind ugyanabban az egyetlen, lehengerl\u0151 m\u00e9retben. \u0150 volt az, akit a divatsajt\u00f3 felel\u0151ss\u00e9 tett a biciklis sortok \u00fajra trendiv\u00e9 v\u00e1l\u00e1s\u00e1\u00e9rt, hasonl\u00f3an Karl Lagerfeldhez p\u00e1r \u00e9vvel kor\u00e1bbr\u00f3l. Ha \u00f6sszesz\u00e1moljuk, h\u00e1nyszor jelent meg spandex szerel\u00e9sben, k\u00f6nnyen utol\u00e9rheti Chris Froome, orsz\u00e1g\u00fati ker\u00e9kp\u00e1r versenyz\u0151t is, \u00edgy vitathatatlanul \u0151 a bringakir\u00e1lyn\u0151, azok k\u00f6z\u00f6tt, akik nem ker\u00e9kp\u00e1roznak.<\/p>\n<figure id=\"attachment_4532\" aria-describedby=\"caption-attachment-4532\" style=\"width: 832px\" class=\"wp-caption alignnone\"><a href=\"https:\/\/d2p6e6u75xmxt8.cloudfront.net\/12\/2019\/07\/profimedia-0288309389.jpg\"><img loading=\"lazy\" decoding=\"async\" class=\"size-full wp-image-4532\" src=\"https:\/\/d2p6e6u75xmxt8.cloudfront.net\/12\/2019\/07\/profimedia-0288309389.jpg\" alt=\"\" width=\"832\" height=\"1250\" srcset=\"https:\/\/d2p6e6u75xmxt8.cloudfront.net\/12\/2019\/07\/profimedia-0288309389.jpg 832w, https:\/\/d2p6e6u75xmxt8.cloudfront.net\/12\/2019\/07\/profimedia-0288309389-200x300.jpg 200w, https:\/\/d2p6e6u75xmxt8.cloudfront.net\/12\/2019\/07\/profimedia-0288309389-768x1154.jpg 768w, https:\/\/d2p6e6u75xmxt8.cloudfront.net\/12\/2019\/07\/profimedia-0288309389-682x1024.jpg 682w\" sizes=\"auto, (max-width: 832px) 100vw, 832px\" \/><\/a><figcaption id=\"caption-attachment-4532\" class=\"wp-caption-text\">Kim Kardashian 2016-ban \u00a9 Profimedia, Backgrid USA<\/figcaption><\/figure>\n","protected":false},"excerpt":{"rendered":"<p>Ez\u00fattal a bicikliz\u00e9s divatra gyakorolt hat\u00e1sai ut\u00e1n kutattunk az interneten. Ki volt a vil\u00e1g legnagyobb divatdikt\u00e1tora, aki rend\u00fcletlen\u00fcl \u00e1llt a [&hellip;]<\/p>\n","protected":false},"author":71,"featured_media":4534,"comment_status":"open","ping_status":"open","sticky":false,"template":"","format":"standard","meta":{"footnotes":""},"categories":[12],"tags":[],"global-categories":[],"class_list":["post-4528","post","type-post","status-publish","format-standard","has-post-thumbnail","hentry","category-kozosseg-es-kultura"],"yoast_head":"<!-- This site is optimized with the Yoast SEO Premium plugin v25.3 (Yoast SEO v25.9) - https:\/\/yoast.com\/wordpress\/plugins\/seo\/ -->\n<title>A bring\u00e1s mot\u00edvumok renesz\u00e1nsza a divatiparban - \u0160koda We Love Cycling - Magyarorsz\u00e1g<\/title>\n<meta name=\"robots\" content=\"index, follow, max-snippet:-1, max-image-preview:large, max-video-preview:-1\" \/>\n<link rel=\"canonical\" href=\"https:\/\/www.welovecycling.com\/hu\/kozosseg-es-kultura\/a-bringas-motivumok-reneszansza-a-divatiparban\/\" \/>\n<meta property=\"og:locale\" content=\"hu_HU\" \/>\n<meta property=\"og:type\" content=\"article\" \/>\n<meta property=\"og:title\" content=\"A bring\u00e1s mot\u00edvumok renesz\u00e1nsza a divatiparban\" \/>\n<meta property=\"og:description\" content=\"Ez\u00fattal a bicikliz\u00e9s divatra gyakorolt hat\u00e1sai ut\u00e1n kutattunk az interneten. Ki volt a vil\u00e1g legnagyobb divatdikt\u00e1tora, aki rend\u00fcletlen\u00fcl \u00e1llt a [&hellip;]\" \/>\n<meta property=\"og:url\" content=\"https:\/\/www.welovecycling.com\/hu\/kozosseg-es-kultura\/a-bringas-motivumok-reneszansza-a-divatiparban\/\" \/>\n<meta property=\"og:site_name\" content=\"\u0160koda We Love Cycling - Magyarorsz\u00e1g\" \/>\n<meta property=\"article:publisher\" content=\"https:\/\/www.facebook.com\/WeLoveCyclingHungary\/\" \/>\n<meta property=\"article:published_time\" content=\"2019-07-27T07:00:58+00:00\" \/>\n<meta property=\"og:image\" content=\"https:\/\/d2p6e6u75xmxt8.cloudfront.net\/12\/2019\/07\/Fashion-CVR.jpg\" \/>\n\t<meta property=\"og:image:width\" content=\"1366\" \/>\n\t<meta property=\"og:image:height\" content=\"600\" \/>\n\t<meta property=\"og:image:type\" content=\"image\/jpeg\" \/>\n<meta name=\"author\" content=\"hegyizs\" \/>\n<meta name=\"twitter:card\" content=\"summary_large_image\" \/>\n<meta name=\"twitter:label1\" content=\"Written by\" \/>\n\t<meta name=\"twitter:data1\" content=\"Adam Marsal\" \/>\n\t<meta name=\"twitter:label2\" content=\"Est. reading time\" \/>\n\t<meta name=\"twitter:data2\" content=\"5\" \/>\n<script type=\"application\/ld+json\" class=\"yoast-schema-graph\">{\"@context\":\"https:\/\/schema.org\",\"@graph\":[{\"@type\":\"WebPage\",\"@id\":\"https:\/\/www.welovecycling.com\/hu\/kozosseg-es-kultura\/a-bringas-motivumok-reneszansza-a-divatiparban\/\",\"url\":\"https:\/\/www.welovecycling.com\/hu\/kozosseg-es-kultura\/a-bringas-motivumok-reneszansza-a-divatiparban\/\",\"name\":\"A bring\u00e1s mot\u00edvumok renesz\u00e1nsza a divatiparban - \u0160koda We Love Cycling - Magyarorsz\u00e1g\",\"isPartOf\":{\"@id\":\"https:\/\/www.welovecycling.com\/hu\/#website\"},\"primaryImageOfPage\":{\"@id\":\"https:\/\/www.welovecycling.com\/hu\/kozosseg-es-kultura\/a-bringas-motivumok-reneszansza-a-divatiparban\/#primaryimage\"},\"image\":{\"@id\":\"https:\/\/www.welovecycling.com\/hu\/kozosseg-es-kultura\/a-bringas-motivumok-reneszansza-a-divatiparban\/#primaryimage\"},\"thumbnailUrl\":\"https:\/\/d2p6e6u75xmxt8.cloudfront.net\/12\/2019\/07\/Fashion-CVR.jpg\",\"datePublished\":\"2019-07-27T07:00:58+00:00\",\"author\":{\"@id\":\"https:\/\/www.welovecycling.com\/hu\/#\/schema\/person\/414a2aebf1801691a5320edb6468e194\"},\"breadcrumb\":{\"@id\":\"https:\/\/www.welovecycling.com\/hu\/kozosseg-es-kultura\/a-bringas-motivumok-reneszansza-a-divatiparban\/#breadcrumb\"},\"inLanguage\":\"hu\",\"potentialAction\":[{\"@type\":\"ReadAction\",\"target\":[\"https:\/\/www.welovecycling.com\/hu\/kozosseg-es-kultura\/a-bringas-motivumok-reneszansza-a-divatiparban\/\"]}]},{\"@type\":\"ImageObject\",\"inLanguage\":\"hu\",\"@id\":\"https:\/\/www.welovecycling.com\/hu\/kozosseg-es-kultura\/a-bringas-motivumok-reneszansza-a-divatiparban\/#primaryimage\",\"url\":\"https:\/\/d2p6e6u75xmxt8.cloudfront.net\/12\/2019\/07\/Fashion-CVR.jpg\",\"contentUrl\":\"https:\/\/d2p6e6u75xmxt8.cloudfront.net\/12\/2019\/07\/Fashion-CVR.jpg\",\"width\":1366,\"height\":600},{\"@type\":\"BreadcrumbList\",\"@id\":\"https:\/\/www.welovecycling.com\/hu\/kozosseg-es-kultura\/a-bringas-motivumok-reneszansza-a-divatiparban\/#breadcrumb\",\"itemListElement\":[{\"@type\":\"ListItem\",\"position\":1,\"name\":\"Home\",\"item\":\"https:\/\/www.welovecycling.com\/hu\/\"},{\"@type\":\"ListItem\",\"position\":2,\"name\":\"A bring\u00e1s mot\u00edvumok renesz\u00e1nsza a divatiparban\"}]},{\"@type\":\"WebSite\",\"@id\":\"https:\/\/www.welovecycling.com\/hu\/#website\",\"url\":\"https:\/\/www.welovecycling.com\/hu\/\",\"name\":\"\u0160koda We Love Cycling - Magyarorsz\u00e1g\",\"description\":\"\u0160koda WeLoveCycling\",\"potentialAction\":[{\"@type\":\"SearchAction\",\"target\":{\"@type\":\"EntryPoint\",\"urlTemplate\":\"https:\/\/www.welovecycling.com\/hu\/?s={search_term_string}\"},\"query-input\":{\"@type\":\"PropertyValueSpecification\",\"valueRequired\":true,\"valueName\":\"search_term_string\"}}],\"inLanguage\":\"hu\"},{\"@type\":\"Person\",\"@id\":\"https:\/\/www.welovecycling.com\/hu\/#\/schema\/person\/414a2aebf1801691a5320edb6468e194\",\"name\":\"hegyizs\",\"image\":{\"@type\":\"ImageObject\",\"inLanguage\":\"hu\",\"@id\":\"https:\/\/www.welovecycling.com\/hu\/#\/schema\/person\/image\/\",\"url\":\"https:\/\/secure.gravatar.com\/avatar\/02cf8a7906b8cf90cecb4679defac7cfd33a1c2e3b88e4903d947f3bb58eedd3?s=96&d=mm&r=g\",\"contentUrl\":\"https:\/\/secure.gravatar.com\/avatar\/02cf8a7906b8cf90cecb4679defac7cfd33a1c2e3b88e4903d947f3bb58eedd3?s=96&d=mm&r=g\",\"caption\":\"hegyizs\"},\"url\":\"https:\/\/www.welovecycling.com\/hu\/author\/hegyizs\/\"}]}<\/script>\n<!-- \/ Yoast SEO Premium plugin. -->","yoast_head_json":{"title":"A bring\u00e1s mot\u00edvumok renesz\u00e1nsza a divatiparban - \u0160koda We Love Cycling - Magyarorsz\u00e1g","robots":{"index":"index","follow":"follow","max-snippet":"max-snippet:-1","max-image-preview":"max-image-preview:large","max-video-preview":"max-video-preview:-1"},"canonical":"https:\/\/www.welovecycling.com\/hu\/kozosseg-es-kultura\/a-bringas-motivumok-reneszansza-a-divatiparban\/","og_locale":"hu_HU","og_type":"article","og_title":"A bring\u00e1s mot\u00edvumok renesz\u00e1nsza a divatiparban","og_description":"Ez\u00fattal a bicikliz\u00e9s divatra gyakorolt hat\u00e1sai ut\u00e1n kutattunk az interneten. Ki volt a vil\u00e1g legnagyobb divatdikt\u00e1tora, aki rend\u00fcletlen\u00fcl \u00e1llt a [&hellip;]","og_url":"https:\/\/www.welovecycling.com\/hu\/kozosseg-es-kultura\/a-bringas-motivumok-reneszansza-a-divatiparban\/","og_site_name":"\u0160koda We Love Cycling - Magyarorsz\u00e1g","article_publisher":"https:\/\/www.facebook.com\/WeLoveCyclingHungary\/","article_published_time":"2019-07-27T07:00:58+00:00","og_image":[{"width":1366,"height":600,"url":"https:\/\/d2p6e6u75xmxt8.cloudfront.net\/12\/2019\/07\/Fashion-CVR.jpg","type":"image\/jpeg"}],"author":"hegyizs","twitter_card":"summary_large_image","twitter_misc":{"Written by":"Adam Marsal","Est. reading time":"5"},"schema":{"@context":"https:\/\/schema.org","@graph":[{"@type":"WebPage","@id":"https:\/\/www.welovecycling.com\/hu\/kozosseg-es-kultura\/a-bringas-motivumok-reneszansza-a-divatiparban\/","url":"https:\/\/www.welovecycling.com\/hu\/kozosseg-es-kultura\/a-bringas-motivumok-reneszansza-a-divatiparban\/","name":"A bring\u00e1s mot\u00edvumok renesz\u00e1nsza a divatiparban - \u0160koda We Love Cycling - Magyarorsz\u00e1g","isPartOf":{"@id":"https:\/\/www.welovecycling.com\/hu\/#website"},"primaryImageOfPage":{"@id":"https:\/\/www.welovecycling.com\/hu\/kozosseg-es-kultura\/a-bringas-motivumok-reneszansza-a-divatiparban\/#primaryimage"},"image":{"@id":"https:\/\/www.welovecycling.com\/hu\/kozosseg-es-kultura\/a-bringas-motivumok-reneszansza-a-divatiparban\/#primaryimage"},"thumbnailUrl":"https:\/\/d2p6e6u75xmxt8.cloudfront.net\/12\/2019\/07\/Fashion-CVR.jpg","datePublished":"2019-07-27T07:00:58+00:00","author":{"@id":"https:\/\/www.welovecycling.com\/hu\/#\/schema\/person\/414a2aebf1801691a5320edb6468e194"},"breadcrumb":{"@id":"https:\/\/www.welovecycling.com\/hu\/kozosseg-es-kultura\/a-bringas-motivumok-reneszansza-a-divatiparban\/#breadcrumb"},"inLanguage":"hu","potentialAction":[{"@type":"ReadAction","target":["https:\/\/www.welovecycling.com\/hu\/kozosseg-es-kultura\/a-bringas-motivumok-reneszansza-a-divatiparban\/"]}]},{"@type":"ImageObject","inLanguage":"hu","@id":"https:\/\/www.welovecycling.com\/hu\/kozosseg-es-kultura\/a-bringas-motivumok-reneszansza-a-divatiparban\/#primaryimage","url":"https:\/\/d2p6e6u75xmxt8.cloudfront.net\/12\/2019\/07\/Fashion-CVR.jpg","contentUrl":"https:\/\/d2p6e6u75xmxt8.cloudfront.net\/12\/2019\/07\/Fashion-CVR.jpg","width":1366,"height":600},{"@type":"BreadcrumbList","@id":"https:\/\/www.welovecycling.com\/hu\/kozosseg-es-kultura\/a-bringas-motivumok-reneszansza-a-divatiparban\/#breadcrumb","itemListElement":[{"@type":"ListItem","position":1,"name":"Home","item":"https:\/\/www.welovecycling.com\/hu\/"},{"@type":"ListItem","position":2,"name":"A bring\u00e1s mot\u00edvumok renesz\u00e1nsza a divatiparban"}]},{"@type":"WebSite","@id":"https:\/\/www.welovecycling.com\/hu\/#website","url":"https:\/\/www.welovecycling.com\/hu\/","name":"\u0160koda We Love Cycling - Magyarorsz\u00e1g","description":"\u0160koda WeLoveCycling","potentialAction":[{"@type":"SearchAction","target":{"@type":"EntryPoint","urlTemplate":"https:\/\/www.welovecycling.com\/hu\/?s={search_term_string}"},"query-input":{"@type":"PropertyValueSpecification","valueRequired":true,"valueName":"search_term_string"}}],"inLanguage":"hu"},{"@type":"Person","@id":"https:\/\/www.welovecycling.com\/hu\/#\/schema\/person\/414a2aebf1801691a5320edb6468e194","name":"hegyizs","image":{"@type":"ImageObject","inLanguage":"hu","@id":"https:\/\/www.welovecycling.com\/hu\/#\/schema\/person\/image\/","url":"https:\/\/secure.gravatar.com\/avatar\/02cf8a7906b8cf90cecb4679defac7cfd33a1c2e3b88e4903d947f3bb58eedd3?s=96&d=mm&r=g","contentUrl":"https:\/\/secure.gravatar.com\/avatar\/02cf8a7906b8cf90cecb4679defac7cfd33a1c2e3b88e4903d947f3bb58eedd3?s=96&d=mm&r=g","caption":"hegyizs"},"url":"https:\/\/www.welovecycling.com\/hu\/author\/hegyizs\/"}]}},"_links":{"self":[{"href":"https:\/\/www.welovecycling.com\/hu\/wp-json\/wp\/v2\/posts\/4528","targetHints":{"allow":["GET"]}}],"collection":[{"href":"https:\/\/www.welovecycling.com\/hu\/wp-json\/wp\/v2\/posts"}],"about":[{"href":"https:\/\/www.welovecycling.com\/hu\/wp-json\/wp\/v2\/types\/post"}],"author":[{"embeddable":true,"href":"https:\/\/www.welovecycling.com\/hu\/wp-json\/wp\/v2\/users\/71"}],"replies":[{"embeddable":true,"href":"https:\/\/www.welovecycling.com\/hu\/wp-json\/wp\/v2\/comments?post=4528"}],"version-history":[{"count":2,"href":"https:\/\/www.welovecycling.com\/hu\/wp-json\/wp\/v2\/posts\/4528\/revisions"}],"predecessor-version":[{"id":4535,"href":"https:\/\/www.welovecycling.com\/hu\/wp-json\/wp\/v2\/posts\/4528\/revisions\/4535"}],"wp:featuredmedia":[{"embeddable":true,"href":"https:\/\/www.welovecycling.com\/hu\/wp-json\/wp\/v2\/media\/4534"}],"wp:attachment":[{"href":"https:\/\/www.welovecycling.com\/hu\/wp-json\/wp\/v2\/media?parent=4528"}],"wp:term":[{"taxonomy":"category","embeddable":true,"href":"https:\/\/www.welovecycling.com\/hu\/wp-json\/wp\/v2\/categories?post=4528"},{"taxonomy":"post_tag","embeddable":true,"href":"https:\/\/www.welovecycling.com\/hu\/wp-json\/wp\/v2\/tags?post=4528"},{"taxonomy":"global-categories","embeddable":true,"href":"https:\/\/www.welovecycling.com\/hu\/wp-json\/wp\/v2\/global-categories?post=4528"}],"curies":[{"name":"wp","href":"https:\/\/api.w.org\/{rel}","templated":true}]}}