{"id":4519,"date":"2019-07-24T08:00:14","date_gmt":"2019-07-24T07:00:14","guid":{"rendered":"https:\/\/www.welovecycling.com\/hu\/?p=4519"},"modified":"2019-07-23T15:22:34","modified_gmt":"2019-07-23T14:22:34","slug":"50-km-es-edzesterv-kezdoknek-harmadik-het","status":"publish","type":"post","link":"https:\/\/www.welovecycling.com\/hu\/edzes-es-eletmod\/50-km-es-edzesterv-kezdoknek-harmadik-het\/","title":{"rendered":"50 km-es edz\u00e9sterv kezd\u0151knek \u2013 harmadik h\u00e9t"},"content":{"rendered":"<p><strong>Nagyj\u00e1b\u00f3l 21 napra van sz\u00fcks\u00e9ged ahhoz, hogy valami \u00fajdons\u00e1g szok\u00e1ss\u00e1 v\u00e1ljon, teh\u00e1t a harmadik h\u00e9tre m\u00e1r az edz\u00e9sterved az \u00e9leted megszokott r\u00e9sz\u00e9nek fog t\u0171nni. Ez pedig j\u00f3, mivel mostant\u00f3l gyorsabb teker\u00e9seket \u00e9s m\u00e1sfajta edz\u00e9st is be kell majd \u00e9p\u00edtened.<\/strong><\/p>\n<p><!--more--><\/p>\n<h2><strong>Harmadik h\u00e9t &#8211; Gyorsabb teker\u00e9s<\/strong><\/h2>\n<p>A c\u00e9l erre a h\u00e9tre az intenzit\u00e1s n\u00f6vel\u00e9se. Keddre a szok\u00e1sos 45 perc BT van tervben, viszont a cs\u00fct\u00f6rt\u00f6ki 60 perces t\u00e1vhoz m\u00e9g j\u00f6n 20 perc m\u00e9rs\u00e9kelt temp\u00f3 (MT) valahol a t\u00e1v fel\u00e9n\u00e9l. A h\u00e9tv\u00e9gi teker\u00e9s ism\u00e9t besz\u00e9lget\u0151s temp\u00f3 v\u00e9gig, de m\u00e1r 90 percen kereszt\u00fcl. Egy m\u00e1sik napot pedig ki kell jel\u00f6ln\u00f6d keresztedz\u00e9sre is.<\/p>\n<h3><strong>50 KM EDZ\u00c9STERV KEZD\u0150KNEK<\/strong><\/h3>\n<p><img loading=\"lazy\" decoding=\"async\" class=\"alignnone wp-image-4524 size-full\" src=\"https:\/\/d2p6e6u75xmxt8.cloudfront.net\/12\/2019\/07\/3het.jpg\" alt=\"\" width=\"1313\" height=\"676\" srcset=\"https:\/\/d2p6e6u75xmxt8.cloudfront.net\/12\/2019\/07\/3het.jpg 1313w, https:\/\/d2p6e6u75xmxt8.cloudfront.net\/12\/2019\/07\/3het-300x154.jpg 300w, https:\/\/d2p6e6u75xmxt8.cloudfront.net\/12\/2019\/07\/3het-768x395.jpg 768w, https:\/\/d2p6e6u75xmxt8.cloudfront.net\/12\/2019\/07\/3het-1024x527.jpg 1024w\" sizes=\"auto, (max-width: 1313px) 100vw, 1313px\" \/><\/p>\n<p><em>Besz\u00e9d temp\u00f3 (BT) \u2013 K\u00f6nny\u0171 temp\u00f3, k\u00e9nyelmes folyamatos besz\u00e9lget\u00e9shez.<\/em><\/p>\n<p><em>M\u00e9rs\u00e9kelt temp\u00f3 (MT) \u2013 Fokozott er\u0151kifejt\u00e9s, szapor\u00e1bb l\u00e9gz\u00e9s, folyamatos besz\u00e9lget\u00e9s nem fenntarthat\u00f3, kb. 60 percen kereszt\u00fcl.\u00a0 <\/em><\/p>\n<p><em>Kem\u00e9ny temp\u00f3 (KT) \u2013 Er\u0151ltetett menet, er\u0151teljes l\u00e9gz\u00e9s, besz\u00e9lgetni nem tudsz, csak p\u00e1r percig fenntarthat\u00f3.<\/em><\/p>\n<p><em>Keresztedz\u00e9s: \u00dasz\u00e1s, er\u0151edz\u00e9s. Fut\u00e1s, j\u00f3ga, stb. <\/em><\/p>\n<h2><strong>Keresztedz\u00e9s<\/strong><\/h2>\n<p>A keresztedz\u00e9s nagyszer\u0171 lehet\u0151s\u00e9get ny\u00fajt b\u00e1rmely biciklis sz\u00e1m\u00e1ra, mivel fontos szerepet j\u00e1tszhat a s\u00e9r\u00fcl\u00e9sek megel\u0151z\u00e9s\u00e9ben \u00e9s fel is dobja a dolgokat egy kicsit. Att\u00f3l f\u00fcgg\u0151en mit sportolsz, seg\u00edthet az \u00e1ll\u00f3k\u00e9pess\u00e9g, az er\u0151 \u00e9s az egyens\u00faly fejleszt\u00e9s\u00e9ben, illetve kiv\u00e1l\u00f3 m\u00f3dja annak, hogy a test\u00fcnk kipihenhesse a teker\u00e9st, de k\u00f6zben ugyan\u00fagy akt\u00edv maradjon. Ett\u0151l a h\u00e9tt\u0151l kezdve az egyik pihen\u0151napodon iktass be egy r\u00f6vid \u00e9s k\u00f6nnyed keresztedz\u00e9st, mint p\u00e9ld\u00e1ul az \u00fasz\u00e1s, er\u0151edz\u00e9s, fut\u00e1s vagy b\u00e1rmi, amit sz\u00edvesen csin\u00e1lsz.<\/p>\n<h2><strong>A megfelel\u0151 harapnival\u00f3 kiv\u00e1laszt\u00e1sa<\/strong><\/h2>\n<p>Olyan teker\u00e9sekn\u00e9l, amelyek hosszabbak 60 percn\u00e9l, a t\u00e1pl\u00e1lkoz\u00e1sra is oda kell figyelni. Ha tudod el\u0151re, hogy t\u00f6bb, mint 60 percet t\u00f6ltesz majd a nyeregben, tervezz be 20-30 percenk\u00e9nt valami harapnival\u00f3t, hogy az energi\u00e1dat szinten tartsd. Ez a rutin j\u00f3l fog majd j\u00f6nni a kem\u00e9nyebb \u00e9s hosszabb teker\u00e9sekn\u00e9l, meg a versenynapokon.<\/p>\n<p>V\u00e1laszthatsz valamilyen gy\u00fcm\u00f6lcs\u00f6t (p\u00e9ld\u00e1ul egy ban\u00e1nt), lekv\u00e1ros szendvicset vagy egy energiaszeletet. Ha biztosra akarsz menni, hogy az energiaszelet megfelel\u0151 \u00f6sszetev\u0151kb\u0151l \u00e1ll, n\u00e9zd meg a recept\u00fcnket az al\u00e1bbi vide\u00f3ban. Pr\u00f3b\u00e1lj ki t\u00f6bb lehet\u0151s\u00e9get is, hogy l\u00e1sd, melyik kaja esik a legjobban a bring\u00e1n. A c\u00e9l, hogy \u00fagy \u00e9rezd, tele vagy energi\u00e1val, ne pedig azt, hogy teljesen el van tel\u00edtve a gyomrod \u00e9s ink\u00e1bb szund\u00edtan\u00e1l egyet. Ker\u00fcld azokat az \u00e9teleket, amelyekben sok a zs\u00edr \u00e9s a rost.<\/p>\n<p>Itt \u00e9rheted el az <a href=\"https:\/\/www.welovecycling.com\/hu\/edzes-es-eletmod\/50-km-es-edzesterv-kezdoknek-elso-het\/\">50 km edz\u00e9sterv kezd\u0151knek<\/a> sorozatot.<\/p>\n<div class=\"embed-controller-wrapper\">\n<div class=\"embed-wrapper\"><iframe title=\"Eat to Ride: Homemade Endurance Raw Bar\" width=\"500\" height=\"375\" data-src=\"https:\/\/www.youtube.com\/embed\/GwuxbkrBfXI?feature=oembed\" frameborder=\"0\" allow=\"accelerometer; autoplay; clipboard-write; encrypted-media; gyroscope; picture-in-picture; web-share\" referrerpolicy=\"strict-origin-when-cross-origin\" allowfullscreen><\/iframe><\/div>\n<\/div>\n","protected":false},"excerpt":{"rendered":"<p>Nagyj\u00e1b\u00f3l 21 napra van sz\u00fcks\u00e9ged ahhoz, hogy valami \u00fajdons\u00e1g szok\u00e1ss\u00e1 v\u00e1ljon, teh\u00e1t a harmadik h\u00e9tre m\u00e1r az edz\u00e9sterved az \u00e9leted [&hellip;]<\/p>\n","protected":false},"author":71,"featured_media":4522,"comment_status":"open","ping_status":"open","sticky":false,"template":"","format":"standard","meta":{"footnotes":""},"categories":[6],"tags":[],"global-categories":[],"class_list":["post-4519","post","type-post","status-publish","format-standard","has-post-thumbnail","hentry","category-edzes-es-eletmod"],"yoast_head":"<!-- This site is optimized with the Yoast SEO Premium plugin v25.3 (Yoast SEO v25.9) - https:\/\/yoast.com\/wordpress\/plugins\/seo\/ -->\n<title>50 km-es edz\u00e9sterv kezd\u0151knek \u2013 harmadik h\u00e9t - \u0160koda We Love Cycling - Magyarorsz\u00e1g<\/title>\n<meta name=\"robots\" content=\"index, follow, max-snippet:-1, max-image-preview:large, max-video-preview:-1\" \/>\n<link rel=\"canonical\" href=\"https:\/\/www.welovecycling.com\/hu\/edzes-es-eletmod\/50-km-es-edzesterv-kezdoknek-harmadik-het\/\" \/>\n<meta property=\"og:locale\" content=\"hu_HU\" \/>\n<meta property=\"og:type\" content=\"article\" \/>\n<meta property=\"og:title\" content=\"50 km-es edz\u00e9sterv kezd\u0151knek \u2013 harmadik h\u00e9t\" \/>\n<meta property=\"og:description\" content=\"Nagyj\u00e1b\u00f3l 21 napra van sz\u00fcks\u00e9ged ahhoz, hogy valami \u00fajdons\u00e1g szok\u00e1ss\u00e1 v\u00e1ljon, teh\u00e1t a harmadik h\u00e9tre m\u00e1r az edz\u00e9sterved az \u00e9leted [&hellip;]\" \/>\n<meta property=\"og:url\" content=\"https:\/\/www.welovecycling.com\/hu\/edzes-es-eletmod\/50-km-es-edzesterv-kezdoknek-harmadik-het\/\" \/>\n<meta property=\"og:site_name\" content=\"\u0160koda We Love Cycling - Magyarorsz\u00e1g\" \/>\n<meta property=\"article:publisher\" content=\"https:\/\/www.facebook.com\/WeLoveCyclingHungary\/\" \/>\n<meta property=\"article:published_time\" content=\"2019-07-24T07:00:14+00:00\" \/>\n<meta property=\"og:image\" content=\"https:\/\/d2p6e6u75xmxt8.cloudfront.net\/12\/2019\/07\/road-cycling-by-the-ocean-profimedia-0306468309-CVR.jpg\" \/>\n\t<meta property=\"og:image:width\" content=\"1366\" \/>\n\t<meta property=\"og:image:height\" content=\"600\" \/>\n\t<meta property=\"og:image:type\" content=\"image\/jpeg\" \/>\n<meta name=\"author\" content=\"hegyizs\" \/>\n<meta name=\"twitter:card\" content=\"summary_large_image\" \/>\n<meta name=\"twitter:label1\" content=\"Written by\" \/>\n\t<meta name=\"twitter:data1\" content=\"Jiri Kaloc\" \/>\n\t<meta name=\"twitter:label2\" content=\"Est. reading time\" \/>\n\t<meta name=\"twitter:data2\" content=\"4\" \/>\n<script type=\"application\/ld+json\" class=\"yoast-schema-graph\">{\"@context\":\"https:\/\/schema.org\",\"@graph\":[{\"@type\":\"WebPage\",\"@id\":\"https:\/\/www.welovecycling.com\/hu\/edzes-es-eletmod\/50-km-es-edzesterv-kezdoknek-harmadik-het\/\",\"url\":\"https:\/\/www.welovecycling.com\/hu\/edzes-es-eletmod\/50-km-es-edzesterv-kezdoknek-harmadik-het\/\",\"name\":\"50 km-es edz\u00e9sterv kezd\u0151knek \u2013 harmadik h\u00e9t - \u0160koda We Love Cycling - Magyarorsz\u00e1g\",\"isPartOf\":{\"@id\":\"https:\/\/www.welovecycling.com\/hu\/#website\"},\"primaryImageOfPage\":{\"@id\":\"https:\/\/www.welovecycling.com\/hu\/edzes-es-eletmod\/50-km-es-edzesterv-kezdoknek-harmadik-het\/#primaryimage\"},\"image\":{\"@id\":\"https:\/\/www.welovecycling.com\/hu\/edzes-es-eletmod\/50-km-es-edzesterv-kezdoknek-harmadik-het\/#primaryimage\"},\"thumbnailUrl\":\"https:\/\/d2p6e6u75xmxt8.cloudfront.net\/12\/2019\/07\/road-cycling-by-the-ocean-profimedia-0306468309-CVR.jpg\",\"datePublished\":\"2019-07-24T07:00:14+00:00\",\"author\":{\"@id\":\"https:\/\/www.welovecycling.com\/hu\/#\/schema\/person\/414a2aebf1801691a5320edb6468e194\"},\"breadcrumb\":{\"@id\":\"https:\/\/www.welovecycling.com\/hu\/edzes-es-eletmod\/50-km-es-edzesterv-kezdoknek-harmadik-het\/#breadcrumb\"},\"inLanguage\":\"hu\",\"potentialAction\":[{\"@type\":\"ReadAction\",\"target\":[\"https:\/\/www.welovecycling.com\/hu\/edzes-es-eletmod\/50-km-es-edzesterv-kezdoknek-harmadik-het\/\"]}]},{\"@type\":\"ImageObject\",\"inLanguage\":\"hu\",\"@id\":\"https:\/\/www.welovecycling.com\/hu\/edzes-es-eletmod\/50-km-es-edzesterv-kezdoknek-harmadik-het\/#primaryimage\",\"url\":\"https:\/\/d2p6e6u75xmxt8.cloudfront.net\/12\/2019\/07\/road-cycling-by-the-ocean-profimedia-0306468309-CVR.jpg\",\"contentUrl\":\"https:\/\/d2p6e6u75xmxt8.cloudfront.net\/12\/2019\/07\/road-cycling-by-the-ocean-profimedia-0306468309-CVR.jpg\",\"width\":1366,\"height\":600},{\"@type\":\"BreadcrumbList\",\"@id\":\"https:\/\/www.welovecycling.com\/hu\/edzes-es-eletmod\/50-km-es-edzesterv-kezdoknek-harmadik-het\/#breadcrumb\",\"itemListElement\":[{\"@type\":\"ListItem\",\"position\":1,\"name\":\"Home\",\"item\":\"https:\/\/www.welovecycling.com\/hu\/\"},{\"@type\":\"ListItem\",\"position\":2,\"name\":\"50 km-es edz\u00e9sterv kezd\u0151knek \u2013 harmadik h\u00e9t\"}]},{\"@type\":\"WebSite\",\"@id\":\"https:\/\/www.welovecycling.com\/hu\/#website\",\"url\":\"https:\/\/www.welovecycling.com\/hu\/\",\"name\":\"\u0160koda We Love Cycling - Magyarorsz\u00e1g\",\"description\":\"\u0160koda WeLoveCycling\",\"potentialAction\":[{\"@type\":\"SearchAction\",\"target\":{\"@type\":\"EntryPoint\",\"urlTemplate\":\"https:\/\/www.welovecycling.com\/hu\/?s={search_term_string}\"},\"query-input\":{\"@type\":\"PropertyValueSpecification\",\"valueRequired\":true,\"valueName\":\"search_term_string\"}}],\"inLanguage\":\"hu\"},{\"@type\":\"Person\",\"@id\":\"https:\/\/www.welovecycling.com\/hu\/#\/schema\/person\/414a2aebf1801691a5320edb6468e194\",\"name\":\"hegyizs\",\"image\":{\"@type\":\"ImageObject\",\"inLanguage\":\"hu\",\"@id\":\"https:\/\/www.welovecycling.com\/hu\/#\/schema\/person\/image\/\",\"url\":\"https:\/\/secure.gravatar.com\/avatar\/02cf8a7906b8cf90cecb4679defac7cfd33a1c2e3b88e4903d947f3bb58eedd3?s=96&d=mm&r=g\",\"contentUrl\":\"https:\/\/secure.gravatar.com\/avatar\/02cf8a7906b8cf90cecb4679defac7cfd33a1c2e3b88e4903d947f3bb58eedd3?s=96&d=mm&r=g\",\"caption\":\"hegyizs\"},\"url\":\"https:\/\/www.welovecycling.com\/hu\/author\/hegyizs\/\"}]}<\/script>\n<!-- \/ Yoast SEO Premium plugin. -->","yoast_head_json":{"title":"50 km-es edz\u00e9sterv kezd\u0151knek \u2013 harmadik h\u00e9t - \u0160koda We Love Cycling - Magyarorsz\u00e1g","robots":{"index":"index","follow":"follow","max-snippet":"max-snippet:-1","max-image-preview":"max-image-preview:large","max-video-preview":"max-video-preview:-1"},"canonical":"https:\/\/www.welovecycling.com\/hu\/edzes-es-eletmod\/50-km-es-edzesterv-kezdoknek-harmadik-het\/","og_locale":"hu_HU","og_type":"article","og_title":"50 km-es edz\u00e9sterv kezd\u0151knek \u2013 harmadik h\u00e9t","og_description":"Nagyj\u00e1b\u00f3l 21 napra van sz\u00fcks\u00e9ged ahhoz, hogy valami \u00fajdons\u00e1g szok\u00e1ss\u00e1 v\u00e1ljon, teh\u00e1t a harmadik h\u00e9tre m\u00e1r az edz\u00e9sterved az \u00e9leted [&hellip;]","og_url":"https:\/\/www.welovecycling.com\/hu\/edzes-es-eletmod\/50-km-es-edzesterv-kezdoknek-harmadik-het\/","og_site_name":"\u0160koda We Love Cycling - Magyarorsz\u00e1g","article_publisher":"https:\/\/www.facebook.com\/WeLoveCyclingHungary\/","article_published_time":"2019-07-24T07:00:14+00:00","og_image":[{"width":1366,"height":600,"url":"https:\/\/d2p6e6u75xmxt8.cloudfront.net\/12\/2019\/07\/road-cycling-by-the-ocean-profimedia-0306468309-CVR.jpg","type":"image\/jpeg"}],"author":"hegyizs","twitter_card":"summary_large_image","twitter_misc":{"Written by":"Jiri Kaloc","Est. reading time":"4"},"schema":{"@context":"https:\/\/schema.org","@graph":[{"@type":"WebPage","@id":"https:\/\/www.welovecycling.com\/hu\/edzes-es-eletmod\/50-km-es-edzesterv-kezdoknek-harmadik-het\/","url":"https:\/\/www.welovecycling.com\/hu\/edzes-es-eletmod\/50-km-es-edzesterv-kezdoknek-harmadik-het\/","name":"50 km-es edz\u00e9sterv kezd\u0151knek \u2013 harmadik h\u00e9t - \u0160koda We Love Cycling - Magyarorsz\u00e1g","isPartOf":{"@id":"https:\/\/www.welovecycling.com\/hu\/#website"},"primaryImageOfPage":{"@id":"https:\/\/www.welovecycling.com\/hu\/edzes-es-eletmod\/50-km-es-edzesterv-kezdoknek-harmadik-het\/#primaryimage"},"image":{"@id":"https:\/\/www.welovecycling.com\/hu\/edzes-es-eletmod\/50-km-es-edzesterv-kezdoknek-harmadik-het\/#primaryimage"},"thumbnailUrl":"https:\/\/d2p6e6u75xmxt8.cloudfront.net\/12\/2019\/07\/road-cycling-by-the-ocean-profimedia-0306468309-CVR.jpg","datePublished":"2019-07-24T07:00:14+00:00","author":{"@id":"https:\/\/www.welovecycling.com\/hu\/#\/schema\/person\/414a2aebf1801691a5320edb6468e194"},"breadcrumb":{"@id":"https:\/\/www.welovecycling.com\/hu\/edzes-es-eletmod\/50-km-es-edzesterv-kezdoknek-harmadik-het\/#breadcrumb"},"inLanguage":"hu","potentialAction":[{"@type":"ReadAction","target":["https:\/\/www.welovecycling.com\/hu\/edzes-es-eletmod\/50-km-es-edzesterv-kezdoknek-harmadik-het\/"]}]},{"@type":"ImageObject","inLanguage":"hu","@id":"https:\/\/www.welovecycling.com\/hu\/edzes-es-eletmod\/50-km-es-edzesterv-kezdoknek-harmadik-het\/#primaryimage","url":"https:\/\/d2p6e6u75xmxt8.cloudfront.net\/12\/2019\/07\/road-cycling-by-the-ocean-profimedia-0306468309-CVR.jpg","contentUrl":"https:\/\/d2p6e6u75xmxt8.cloudfront.net\/12\/2019\/07\/road-cycling-by-the-ocean-profimedia-0306468309-CVR.jpg","width":1366,"height":600},{"@type":"BreadcrumbList","@id":"https:\/\/www.welovecycling.com\/hu\/edzes-es-eletmod\/50-km-es-edzesterv-kezdoknek-harmadik-het\/#breadcrumb","itemListElement":[{"@type":"ListItem","position":1,"name":"Home","item":"https:\/\/www.welovecycling.com\/hu\/"},{"@type":"ListItem","position":2,"name":"50 km-es edz\u00e9sterv kezd\u0151knek \u2013 harmadik h\u00e9t"}]},{"@type":"WebSite","@id":"https:\/\/www.welovecycling.com\/hu\/#website","url":"https:\/\/www.welovecycling.com\/hu\/","name":"\u0160koda We Love Cycling - Magyarorsz\u00e1g","description":"\u0160koda WeLoveCycling","potentialAction":[{"@type":"SearchAction","target":{"@type":"EntryPoint","urlTemplate":"https:\/\/www.welovecycling.com\/hu\/?s={search_term_string}"},"query-input":{"@type":"PropertyValueSpecification","valueRequired":true,"valueName":"search_term_string"}}],"inLanguage":"hu"},{"@type":"Person","@id":"https:\/\/www.welovecycling.com\/hu\/#\/schema\/person\/414a2aebf1801691a5320edb6468e194","name":"hegyizs","image":{"@type":"ImageObject","inLanguage":"hu","@id":"https:\/\/www.welovecycling.com\/hu\/#\/schema\/person\/image\/","url":"https:\/\/secure.gravatar.com\/avatar\/02cf8a7906b8cf90cecb4679defac7cfd33a1c2e3b88e4903d947f3bb58eedd3?s=96&d=mm&r=g","contentUrl":"https:\/\/secure.gravatar.com\/avatar\/02cf8a7906b8cf90cecb4679defac7cfd33a1c2e3b88e4903d947f3bb58eedd3?s=96&d=mm&r=g","caption":"hegyizs"},"url":"https:\/\/www.welovecycling.com\/hu\/author\/hegyizs\/"}]}},"_links":{"self":[{"href":"https:\/\/www.welovecycling.com\/hu\/wp-json\/wp\/v2\/posts\/4519","targetHints":{"allow":["GET"]}}],"collection":[{"href":"https:\/\/www.welovecycling.com\/hu\/wp-json\/wp\/v2\/posts"}],"about":[{"href":"https:\/\/www.welovecycling.com\/hu\/wp-json\/wp\/v2\/types\/post"}],"author":[{"embeddable":true,"href":"https:\/\/www.welovecycling.com\/hu\/wp-json\/wp\/v2\/users\/71"}],"replies":[{"embeddable":true,"href":"https:\/\/www.welovecycling.com\/hu\/wp-json\/wp\/v2\/comments?post=4519"}],"version-history":[{"count":2,"href":"https:\/\/www.welovecycling.com\/hu\/wp-json\/wp\/v2\/posts\/4519\/revisions"}],"predecessor-version":[{"id":4525,"href":"https:\/\/www.welovecycling.com\/hu\/wp-json\/wp\/v2\/posts\/4519\/revisions\/4525"}],"wp:featuredmedia":[{"embeddable":true,"href":"https:\/\/www.welovecycling.com\/hu\/wp-json\/wp\/v2\/media\/4522"}],"wp:attachment":[{"href":"https:\/\/www.welovecycling.com\/hu\/wp-json\/wp\/v2\/media?parent=4519"}],"wp:term":[{"taxonomy":"category","embeddable":true,"href":"https:\/\/www.welovecycling.com\/hu\/wp-json\/wp\/v2\/categories?post=4519"},{"taxonomy":"post_tag","embeddable":true,"href":"https:\/\/www.welovecycling.com\/hu\/wp-json\/wp\/v2\/tags?post=4519"},{"taxonomy":"global-categories","embeddable":true,"href":"https:\/\/www.welovecycling.com\/hu\/wp-json\/wp\/v2\/global-categories?post=4519"}],"curies":[{"name":"wp","href":"https:\/\/api.w.org\/{rel}","templated":true}]}}