{"id":4507,"date":"2019-07-26T08:00:51","date_gmt":"2019-07-26T07:00:51","guid":{"rendered":"https:\/\/www.welovecycling.com\/hu\/?p=4507"},"modified":"2019-07-23T15:28:41","modified_gmt":"2019-07-23T14:28:41","slug":"mitol-olyan-a-tour-mint-egy-minden-evben-megrendezesre-kerulo-csaladi-unnep","status":"publish","type":"post","link":"https:\/\/www.welovecycling.com\/hu\/orszaguti-kerekpar\/mitol-olyan-a-tour-mint-egy-minden-evben-megrendezesre-kerulo-csaladi-unnep\/","title":{"rendered":"Mit\u0151l olyan a Tour, mint egy minden \u00e9vben megrendez\u00e9sre ker\u00fcl\u0151 csal\u00e1di \u00fcnnep?"},"content":{"rendered":"<p><strong>El\u00e9g ironikus dolog sz\u00e1zadszorra is bemutatni a Tour de France-t &#8211; a ker\u00e9kp\u00e1ros versenyek Rolling Stones-\u00e1t, amir\u0151l m\u00e9g a nem ker\u00e9kp\u00e1roz\u00f3k is hallottak &#8211; egy olyan netes magazin virtu\u00e1lis oldalain, aminek a neve is azt jelent, hogy im\u00e1dunk bring\u00e1zni. Teh\u00e1t nem is fogjuk. A j\u00f3l ismert t\u00f6rt\u00e9net, statisztik\u00e1k, sz\u00e1mok, n\u00e9vsorok, szakaszok \u00e9s minden m\u00e1s lecsekkol\u00e1s\u00e1ra ott van a Google \u00e9s a Wikip\u00e9dia, hogy seg\u00edts\u00e9gedre legyenek \u00e9s \u00e1tadj\u00e1k az alapokat. Amir\u0151l most szeretn\u00e9nk besz\u00e9lni a Tourral kapcsolatban, az ink\u00e1bb valami megfoghatatlan, kev\u00e9sb\u00e9 j\u00f3l \u00e9rz\u00e9kelhet\u0151, de ett\u0151l f\u00fcggetlen\u00fcl nagyon is val\u00f3s dolog.<\/strong><\/p>\n<p><!--more--><\/p>\n<p>Sok mindent mondtak \u00e9s \u00edrtak m\u00e1r \u2013 \u00e9s fognak is \u2013 a versenyz\u0151kr\u0151l, csapataikr\u00f3l, edz\u0151kr\u0151l, t\u00e1pl\u00e1lkoz\u00e1s szak\u00e9rt\u0151kr\u0151l, alv\u00e1s rutinr\u00f3l, massz\u0151z\u00f6kr\u0151l, csapat aut\u00f3kr\u00f3l \u00e9s a verseny minden m\u00e1s professzion\u00e1lis velej\u00e1r\u00f3j\u00e1r\u00f3l, de csak alkalmank\u00e9nt t\u0171nik fel egy-egy cikk, dics\u00e9ret vagy interj\u00fa a szurkol\u00f3kkal. Azoknak az embereknek a jelenl\u00e9te ott kint teljesen \u00e1tlagos dolognak t\u0171nhet, \u2013 ugyan minden m\u00e1s nagy \u00e9s l\u00e1tv\u00e1nyos esem\u00e9ny csarnokokba tereli az embereket \u2013 de ha ak\u00e1r egyszer is szemtan\u00faja lehett\u00e9l els\u0151 k\u00e9zb\u0151l a Le Tour-nak, akkor tudod, hogy itt valami m\u00e1s van a leveg\u0151ben. Egyfajta pillanatnyi bajt\u00e1rsiass\u00e1g, hogy \u00fagy \u00e9rzed, \u00f6sszetartoztok ezekkel a teljesen idegen emberekkel, egy \u0151szinte, kaotikus egys\u00e9g. Nevezd, aminek szeretn\u00e9d, de ha egy sz\u00f3val akarod megfogalmazni, mit jelent az a sok szurkol\u00f3, akik \u00f6sszegy\u0171lnek a k\u00fcl\u00f6nb\u00f6z\u0151 szakaszokon, az \u00e9l\u0151 k\u00f6zvet\u00edt\u00e9seket n\u00e9zve a TV k\u00f6r\u00fcl vagy a laptopok k\u00e9perny\u0151je el\u0151tt minden \u00e9vben, a csal\u00e1d lesz az a sz\u00f3, amit keresel.<\/p>\n<p><a href=\"https:\/\/d2p6e6u75xmxt8.cloudfront.net\/12\/2019\/07\/pubcar2-1.jpg\"><img loading=\"lazy\" decoding=\"async\" class=\"alignnone size-full wp-image-4508\" src=\"https:\/\/d2p6e6u75xmxt8.cloudfront.net\/12\/2019\/07\/pubcar2-1.jpg\" alt=\"\" width=\"1377\" height=\"918\" srcset=\"https:\/\/d2p6e6u75xmxt8.cloudfront.net\/12\/2019\/07\/pubcar2-1.jpg 1377w, https:\/\/d2p6e6u75xmxt8.cloudfront.net\/12\/2019\/07\/pubcar2-1-300x200.jpg 300w, https:\/\/d2p6e6u75xmxt8.cloudfront.net\/12\/2019\/07\/pubcar2-1-768x512.jpg 768w, https:\/\/d2p6e6u75xmxt8.cloudfront.net\/12\/2019\/07\/pubcar2-1-1024x683.jpg 1024w, https:\/\/d2p6e6u75xmxt8.cloudfront.net\/12\/2019\/07\/pubcar2-1-272x182.jpg 272w\" sizes=\"auto, (max-width: 1377px) 100vw, 1377px\" \/><\/a><\/p>\n<p>A helysz\u00ednen szurkol\u00f3k, kicsikt\u0151l eg\u00e9szen a lelkes nagymam\u00e1kig, minden \u00e9vben v\u00e1rakoz\u00e1ssal telve gy\u0171lnek \u00f6ssze, hogy p\u00e1szt\u00e1zz\u00e1k a h\u0151seiket a sz\u00ednes LYCRA szerel\u00e9sekkel tark\u00edtott t\u00f6megben, a start vonal m\u00f6g\u00f6tt zajongva, majdnem mintha csak a saj\u00e1t unokatestv\u00e9r\u00fcknek szurkoln\u00e1nak egy helyi futamon. F\u00fcggetlen\u00fcl att\u00f3l, hogy Peter Sagant, Vincenzo Nibalit, Geraint Thomast, Jakob Fuslangot vagy Nairo Quintan\u00e1t t\u00e1mogatod, senki sem fog vit\u00e1ba sz\u00e1llni veled, ha m\u00e9gis, akkor csak ugrat. Ez pedig az\u00e9rt van, mert mindenki a verseny izgalm\u00e1\u00e9rt szor\u00edt, ugyan\u00fagy, mint a saj\u00e1t kedvencei\u00e9rt. A sz\u00edntiszta elsz\u00e1nts\u00e1g, kiv\u00e1l\u00f3s\u00e1g \u00e9s teljes\u00edtm\u00e9ny megtestes\u00fcl\u00e9se megig\u00e9zi az embert \u00e9s ez az, ami minden szurkol\u00f3t \u00f6sszek\u00f6t, egy rendhagy\u00f3 csal\u00e1dot kre\u00e1lva, aminek 12 milli\u00f3 tagja van. Ez pedig csak egy \u00e1ltal\u00e1nos sz\u00e1m a versenyre kil\u00e1togat\u00f3kat tekintve. A szervez\u0151k szerint, 190 orsz\u00e1gb\u00f3l nagyj\u00e1b\u00f3l 3 \u00e9s f\u00e9l milli\u00e1rd ember k\u00f6veti figyelemmel minden \u00e9vben a La Grande Boucle-t, azaz ahogy a franci\u00e1k nevezik a versenyt, a \u201enagy hurkot\u201d.<\/p>\n<p>Nem kell mindenk\u00e9pp orsz\u00e1g\u00fati ker\u00e9kp\u00e1r rajong\u00f3nak lenned, el\u00e9g, ha szereted a l\u00e1tv\u00e1nyos dolgokat \u00e9s a felhajt\u00e1st, ami \u00f6vezi a vil\u00e1g legnagyobb biciklis verseny\u00e9t.\u00a0 \u00cdgy mindenk\u00e9pp izgalmas dolog lesz megtervezni egy csal\u00e1di nyaral\u00e1st a Tour de France-ra. Lehet, hogy l\u00e1tsz majd a szakaszok ment\u00e9n felbukkanni kisebb csoportosul\u00e1sokat, hiszen a grillez\u00e9s \u00e9s s\u00e1traz\u00e1s is hozz\u00e1tartozik az eg\u00e9szhez, ami nem meglep\u0151, hisz egy vil\u00e1gklasszis esem\u00e9nyr\u0151l van sz\u00f3, emellett pedig egyed\u00fcl\u00e1ll\u00f3 lehet\u0151s\u00e9g a l\u00e9legzetel\u00e1ll\u00edt\u00f3 francia vid\u00e9k minden r\u00e9szlet\u00e9nek magadba szippant\u00e1s\u00e1ra. Mi egy\u00e9rtelm\u0171en benne vagyunk a dologban!<\/p>\n<div id='gallery-1' class='gallery galleryid-4507 gallery-columns-2 gallery-size-large'><figure class='gallery-item'>\n\t\t\t<div class='gallery-icon landscape'>\n\t\t\t\t<a href='https:\/\/d2p6e6u75xmxt8.cloudfront.net\/12\/2019\/07\/pubcar3-1.jpg'><img loading=\"lazy\" decoding=\"async\" width=\"1024\" height=\"683\" src=\"https:\/\/d2p6e6u75xmxt8.cloudfront.net\/12\/2019\/07\/pubcar3-1-1024x683.jpg\" class=\"attachment-large size-large\" alt=\"\" srcset=\"https:\/\/d2p6e6u75xmxt8.cloudfront.net\/12\/2019\/07\/pubcar3-1-1024x683.jpg 1024w, https:\/\/d2p6e6u75xmxt8.cloudfront.net\/12\/2019\/07\/pubcar3-1-300x200.jpg 300w, https:\/\/d2p6e6u75xmxt8.cloudfront.net\/12\/2019\/07\/pubcar3-1-768x512.jpg 768w, https:\/\/d2p6e6u75xmxt8.cloudfront.net\/12\/2019\/07\/pubcar3-1-272x182.jpg 272w, https:\/\/d2p6e6u75xmxt8.cloudfront.net\/12\/2019\/07\/pubcar3-1.jpg 1377w\" sizes=\"auto, (max-width: 1024px) 100vw, 1024px\" \/><\/a>\n\t\t\t<\/div><\/figure><figure class='gallery-item'>\n\t\t\t<div class='gallery-icon landscape'>\n\t\t\t\t<a href='https:\/\/d2p6e6u75xmxt8.cloudfront.net\/12\/2019\/07\/pubcar1-1.jpg'><img loading=\"lazy\" decoding=\"async\" width=\"1024\" height=\"683\" src=\"https:\/\/d2p6e6u75xmxt8.cloudfront.net\/12\/2019\/07\/pubcar1-1-1024x683.jpg\" class=\"attachment-large size-large\" alt=\"\" srcset=\"https:\/\/d2p6e6u75xmxt8.cloudfront.net\/12\/2019\/07\/pubcar1-1-1024x683.jpg 1024w, https:\/\/d2p6e6u75xmxt8.cloudfront.net\/12\/2019\/07\/pubcar1-1-300x200.jpg 300w, https:\/\/d2p6e6u75xmxt8.cloudfront.net\/12\/2019\/07\/pubcar1-1-768x512.jpg 768w, https:\/\/d2p6e6u75xmxt8.cloudfront.net\/12\/2019\/07\/pubcar1-1-272x182.jpg 272w, https:\/\/d2p6e6u75xmxt8.cloudfront.net\/12\/2019\/07\/pubcar1-1.jpg 1377w\" sizes=\"auto, (max-width: 1024px) 100vw, 1024px\" \/><\/a>\n\t\t\t<\/div><\/figure>\n\t\t<\/div>\n\n<p>A Tour de France sokkal ink\u00e1bb csal\u00e1d bar\u00e1t esem\u00e9ny, mint gondoln\u00e1d a t\u00e9v\u00e9ben l\u00e1tottak alapj\u00e1n. K\u00e9ts\u00e9gtelen, hogy maguk a franci\u00e1k is felhaszn\u00e1lj\u00e1k a versenyt, hogy eg\u00e9sz k\u00f6z\u00f6ss\u00e9geket vigyenek ki az utc\u00e1ra \u00fcnnepelni. Eg\u00e9szen a kisbab\u00e1kt\u00f3l \u00e9s a sport babakocsiban \u00fccs\u00f6rg\u0151 kisgyerekekt\u0151l kezdve az id\u0151seken \u00e1t, kerekes sz\u00e9kesek \u00e9s m\u00e1s szurkol\u00f3k, mindenf\u00e9le fura \u00e9s csod\u00e1latos szerel\u00e9sekben \u00f6sszegy\u0171lnek, hogy kifejezz\u00e9k a t\u00e1mogat\u00e1sukat a s\u00e1rgatrik\u00f3 \u00e9s az \u00e9lmez\u0151ny fel\u00e9. Nagyon kev\u00e9s atrocit\u00e1s t\u00f6rt\u00e9nik, emellett pedig nagyon er\u0151teljes rend\u0151ri jelenl\u00e9t jellemz\u0151 \u00e9s mivel a verseny hatalmas ter\u00fcletet \u00f6lel fel, \u00edgy a t\u00f6meg el\u00e9g j\u00f3l kezelhet\u0151.<\/p>\n<p>Ment\u00e9l m\u00e1r valaha a csal\u00e1di nyaral\u00e1s keret\u00e9ben a Tour de France-ra\u00a0 vagy szerezt\u00e9l v\u00e1ratlanul bar\u00e1tokat, mik\u00f6zben a versenyt n\u00e9zted? Esetleg \u00e9pp tervezed az els\u0151 alkalmat \u00e9s nem tudod magadban tartani az izgalmad? Oszd meg vel\u00fcnk!<\/p>\n","protected":false},"excerpt":{"rendered":"<p>El\u00e9g ironikus dolog sz\u00e1zadszorra is bemutatni a Tour de France-t &#8211; a ker\u00e9kp\u00e1ros versenyek Rolling Stones-\u00e1t, amir\u0151l m\u00e9g a nem [&hellip;]<\/p>\n","protected":false},"author":71,"featured_media":4510,"comment_status":"open","ping_status":"open","sticky":false,"template":"","format":"standard","meta":{"footnotes":""},"categories":[8],"tags":[],"global-categories":[],"class_list":["post-4507","post","type-post","status-publish","format-standard","has-post-thumbnail","hentry","category-orszaguti-kerekpar"],"yoast_head":"<!-- This site is optimized with the Yoast SEO Premium plugin v25.3 (Yoast SEO v25.9) - https:\/\/yoast.com\/wordpress\/plugins\/seo\/ -->\n<title>Mit\u0151l olyan a Tour, mint egy minden \u00e9vben megrendez\u00e9sre ker\u00fcl\u0151 csal\u00e1di \u00fcnnep? - \u0160koda We Love Cycling - Magyarorsz\u00e1g<\/title>\n<meta name=\"robots\" content=\"index, follow, max-snippet:-1, max-image-preview:large, max-video-preview:-1\" \/>\n<link rel=\"canonical\" href=\"https:\/\/www.welovecycling.com\/hu\/orszaguti-kerekpar\/mitol-olyan-a-tour-mint-egy-minden-evben-megrendezesre-kerulo-csaladi-unnep\/\" \/>\n<meta property=\"og:locale\" content=\"hu_HU\" \/>\n<meta property=\"og:type\" content=\"article\" \/>\n<meta property=\"og:title\" content=\"Mit\u0151l olyan a Tour, mint egy minden \u00e9vben megrendez\u00e9sre ker\u00fcl\u0151 csal\u00e1di \u00fcnnep?\" \/>\n<meta property=\"og:description\" content=\"El\u00e9g ironikus dolog sz\u00e1zadszorra is bemutatni a Tour de France-t &#8211; a ker\u00e9kp\u00e1ros versenyek Rolling Stones-\u00e1t, amir\u0151l m\u00e9g a nem [&hellip;]\" \/>\n<meta property=\"og:url\" content=\"https:\/\/www.welovecycling.com\/hu\/orszaguti-kerekpar\/mitol-olyan-a-tour-mint-egy-minden-evben-megrendezesre-kerulo-csaladi-unnep\/\" \/>\n<meta property=\"og:site_name\" content=\"\u0160koda We Love Cycling - Magyarorsz\u00e1g\" \/>\n<meta property=\"article:publisher\" content=\"https:\/\/www.facebook.com\/WeLoveCyclingHungary\/\" \/>\n<meta property=\"article:published_time\" content=\"2019-07-26T07:00:51+00:00\" \/>\n<meta property=\"og:image\" content=\"https:\/\/d2p6e6u75xmxt8.cloudfront.net\/12\/2019\/07\/thumbnail.jpg\" \/>\n\t<meta property=\"og:image:width\" content=\"1366\" \/>\n\t<meta property=\"og:image:height\" content=\"600\" \/>\n\t<meta property=\"og:image:type\" content=\"image\/jpeg\" \/>\n<meta name=\"author\" content=\"hegyizs\" \/>\n<meta name=\"twitter:card\" content=\"summary_large_image\" \/>\n<meta name=\"twitter:label1\" content=\"Written by\" \/>\n\t<meta name=\"twitter:data1\" content=\"WeLoveCycling\" \/>\n\t<meta name=\"twitter:label2\" content=\"Est. reading time\" \/>\n\t<meta name=\"twitter:data2\" content=\"5\" \/>\n<script type=\"application\/ld+json\" class=\"yoast-schema-graph\">{\"@context\":\"https:\/\/schema.org\",\"@graph\":[{\"@type\":\"WebPage\",\"@id\":\"https:\/\/www.welovecycling.com\/hu\/orszaguti-kerekpar\/mitol-olyan-a-tour-mint-egy-minden-evben-megrendezesre-kerulo-csaladi-unnep\/\",\"url\":\"https:\/\/www.welovecycling.com\/hu\/orszaguti-kerekpar\/mitol-olyan-a-tour-mint-egy-minden-evben-megrendezesre-kerulo-csaladi-unnep\/\",\"name\":\"Mit\u0151l olyan a Tour, mint egy minden \u00e9vben megrendez\u00e9sre ker\u00fcl\u0151 csal\u00e1di \u00fcnnep? - \u0160koda We Love Cycling - Magyarorsz\u00e1g\",\"isPartOf\":{\"@id\":\"https:\/\/www.welovecycling.com\/hu\/#website\"},\"primaryImageOfPage\":{\"@id\":\"https:\/\/www.welovecycling.com\/hu\/orszaguti-kerekpar\/mitol-olyan-a-tour-mint-egy-minden-evben-megrendezesre-kerulo-csaladi-unnep\/#primaryimage\"},\"image\":{\"@id\":\"https:\/\/www.welovecycling.com\/hu\/orszaguti-kerekpar\/mitol-olyan-a-tour-mint-egy-minden-evben-megrendezesre-kerulo-csaladi-unnep\/#primaryimage\"},\"thumbnailUrl\":\"https:\/\/d2p6e6u75xmxt8.cloudfront.net\/12\/2019\/07\/thumbnail.jpg\",\"datePublished\":\"2019-07-26T07:00:51+00:00\",\"author\":{\"@id\":\"https:\/\/www.welovecycling.com\/hu\/#\/schema\/person\/414a2aebf1801691a5320edb6468e194\"},\"breadcrumb\":{\"@id\":\"https:\/\/www.welovecycling.com\/hu\/orszaguti-kerekpar\/mitol-olyan-a-tour-mint-egy-minden-evben-megrendezesre-kerulo-csaladi-unnep\/#breadcrumb\"},\"inLanguage\":\"hu\",\"potentialAction\":[{\"@type\":\"ReadAction\",\"target\":[\"https:\/\/www.welovecycling.com\/hu\/orszaguti-kerekpar\/mitol-olyan-a-tour-mint-egy-minden-evben-megrendezesre-kerulo-csaladi-unnep\/\"]}]},{\"@type\":\"ImageObject\",\"inLanguage\":\"hu\",\"@id\":\"https:\/\/www.welovecycling.com\/hu\/orszaguti-kerekpar\/mitol-olyan-a-tour-mint-egy-minden-evben-megrendezesre-kerulo-csaladi-unnep\/#primaryimage\",\"url\":\"https:\/\/d2p6e6u75xmxt8.cloudfront.net\/12\/2019\/07\/thumbnail.jpg\",\"contentUrl\":\"https:\/\/d2p6e6u75xmxt8.cloudfront.net\/12\/2019\/07\/thumbnail.jpg\",\"width\":1366,\"height\":600},{\"@type\":\"BreadcrumbList\",\"@id\":\"https:\/\/www.welovecycling.com\/hu\/orszaguti-kerekpar\/mitol-olyan-a-tour-mint-egy-minden-evben-megrendezesre-kerulo-csaladi-unnep\/#breadcrumb\",\"itemListElement\":[{\"@type\":\"ListItem\",\"position\":1,\"name\":\"Home\",\"item\":\"https:\/\/www.welovecycling.com\/hu\/\"},{\"@type\":\"ListItem\",\"position\":2,\"name\":\"Mit\u0151l olyan a Tour, mint egy minden \u00e9vben megrendez\u00e9sre ker\u00fcl\u0151 csal\u00e1di \u00fcnnep?\"}]},{\"@type\":\"WebSite\",\"@id\":\"https:\/\/www.welovecycling.com\/hu\/#website\",\"url\":\"https:\/\/www.welovecycling.com\/hu\/\",\"name\":\"\u0160koda We Love Cycling - Magyarorsz\u00e1g\",\"description\":\"\u0160koda WeLoveCycling\",\"potentialAction\":[{\"@type\":\"SearchAction\",\"target\":{\"@type\":\"EntryPoint\",\"urlTemplate\":\"https:\/\/www.welovecycling.com\/hu\/?s={search_term_string}\"},\"query-input\":{\"@type\":\"PropertyValueSpecification\",\"valueRequired\":true,\"valueName\":\"search_term_string\"}}],\"inLanguage\":\"hu\"},{\"@type\":\"Person\",\"@id\":\"https:\/\/www.welovecycling.com\/hu\/#\/schema\/person\/414a2aebf1801691a5320edb6468e194\",\"name\":\"hegyizs\",\"image\":{\"@type\":\"ImageObject\",\"inLanguage\":\"hu\",\"@id\":\"https:\/\/www.welovecycling.com\/hu\/#\/schema\/person\/image\/\",\"url\":\"https:\/\/secure.gravatar.com\/avatar\/02cf8a7906b8cf90cecb4679defac7cfd33a1c2e3b88e4903d947f3bb58eedd3?s=96&d=mm&r=g\",\"contentUrl\":\"https:\/\/secure.gravatar.com\/avatar\/02cf8a7906b8cf90cecb4679defac7cfd33a1c2e3b88e4903d947f3bb58eedd3?s=96&d=mm&r=g\",\"caption\":\"hegyizs\"},\"url\":\"https:\/\/www.welovecycling.com\/hu\/author\/hegyizs\/\"}]}<\/script>\n<!-- \/ Yoast SEO Premium plugin. -->","yoast_head_json":{"title":"Mit\u0151l olyan a Tour, mint egy minden \u00e9vben megrendez\u00e9sre ker\u00fcl\u0151 csal\u00e1di \u00fcnnep? - \u0160koda We Love Cycling - Magyarorsz\u00e1g","robots":{"index":"index","follow":"follow","max-snippet":"max-snippet:-1","max-image-preview":"max-image-preview:large","max-video-preview":"max-video-preview:-1"},"canonical":"https:\/\/www.welovecycling.com\/hu\/orszaguti-kerekpar\/mitol-olyan-a-tour-mint-egy-minden-evben-megrendezesre-kerulo-csaladi-unnep\/","og_locale":"hu_HU","og_type":"article","og_title":"Mit\u0151l olyan a Tour, mint egy minden \u00e9vben megrendez\u00e9sre ker\u00fcl\u0151 csal\u00e1di \u00fcnnep?","og_description":"El\u00e9g ironikus dolog sz\u00e1zadszorra is bemutatni a Tour de France-t &#8211; a ker\u00e9kp\u00e1ros versenyek Rolling Stones-\u00e1t, amir\u0151l m\u00e9g a nem [&hellip;]","og_url":"https:\/\/www.welovecycling.com\/hu\/orszaguti-kerekpar\/mitol-olyan-a-tour-mint-egy-minden-evben-megrendezesre-kerulo-csaladi-unnep\/","og_site_name":"\u0160koda We Love Cycling - Magyarorsz\u00e1g","article_publisher":"https:\/\/www.facebook.com\/WeLoveCyclingHungary\/","article_published_time":"2019-07-26T07:00:51+00:00","og_image":[{"width":1366,"height":600,"url":"https:\/\/d2p6e6u75xmxt8.cloudfront.net\/12\/2019\/07\/thumbnail.jpg","type":"image\/jpeg"}],"author":"hegyizs","twitter_card":"summary_large_image","twitter_misc":{"Written by":"WeLoveCycling","Est. reading time":"5"},"schema":{"@context":"https:\/\/schema.org","@graph":[{"@type":"WebPage","@id":"https:\/\/www.welovecycling.com\/hu\/orszaguti-kerekpar\/mitol-olyan-a-tour-mint-egy-minden-evben-megrendezesre-kerulo-csaladi-unnep\/","url":"https:\/\/www.welovecycling.com\/hu\/orszaguti-kerekpar\/mitol-olyan-a-tour-mint-egy-minden-evben-megrendezesre-kerulo-csaladi-unnep\/","name":"Mit\u0151l olyan a Tour, mint egy minden \u00e9vben megrendez\u00e9sre ker\u00fcl\u0151 csal\u00e1di \u00fcnnep? - \u0160koda We Love Cycling - Magyarorsz\u00e1g","isPartOf":{"@id":"https:\/\/www.welovecycling.com\/hu\/#website"},"primaryImageOfPage":{"@id":"https:\/\/www.welovecycling.com\/hu\/orszaguti-kerekpar\/mitol-olyan-a-tour-mint-egy-minden-evben-megrendezesre-kerulo-csaladi-unnep\/#primaryimage"},"image":{"@id":"https:\/\/www.welovecycling.com\/hu\/orszaguti-kerekpar\/mitol-olyan-a-tour-mint-egy-minden-evben-megrendezesre-kerulo-csaladi-unnep\/#primaryimage"},"thumbnailUrl":"https:\/\/d2p6e6u75xmxt8.cloudfront.net\/12\/2019\/07\/thumbnail.jpg","datePublished":"2019-07-26T07:00:51+00:00","author":{"@id":"https:\/\/www.welovecycling.com\/hu\/#\/schema\/person\/414a2aebf1801691a5320edb6468e194"},"breadcrumb":{"@id":"https:\/\/www.welovecycling.com\/hu\/orszaguti-kerekpar\/mitol-olyan-a-tour-mint-egy-minden-evben-megrendezesre-kerulo-csaladi-unnep\/#breadcrumb"},"inLanguage":"hu","potentialAction":[{"@type":"ReadAction","target":["https:\/\/www.welovecycling.com\/hu\/orszaguti-kerekpar\/mitol-olyan-a-tour-mint-egy-minden-evben-megrendezesre-kerulo-csaladi-unnep\/"]}]},{"@type":"ImageObject","inLanguage":"hu","@id":"https:\/\/www.welovecycling.com\/hu\/orszaguti-kerekpar\/mitol-olyan-a-tour-mint-egy-minden-evben-megrendezesre-kerulo-csaladi-unnep\/#primaryimage","url":"https:\/\/d2p6e6u75xmxt8.cloudfront.net\/12\/2019\/07\/thumbnail.jpg","contentUrl":"https:\/\/d2p6e6u75xmxt8.cloudfront.net\/12\/2019\/07\/thumbnail.jpg","width":1366,"height":600},{"@type":"BreadcrumbList","@id":"https:\/\/www.welovecycling.com\/hu\/orszaguti-kerekpar\/mitol-olyan-a-tour-mint-egy-minden-evben-megrendezesre-kerulo-csaladi-unnep\/#breadcrumb","itemListElement":[{"@type":"ListItem","position":1,"name":"Home","item":"https:\/\/www.welovecycling.com\/hu\/"},{"@type":"ListItem","position":2,"name":"Mit\u0151l olyan a Tour, mint egy minden \u00e9vben megrendez\u00e9sre ker\u00fcl\u0151 csal\u00e1di \u00fcnnep?"}]},{"@type":"WebSite","@id":"https:\/\/www.welovecycling.com\/hu\/#website","url":"https:\/\/www.welovecycling.com\/hu\/","name":"\u0160koda We Love Cycling - Magyarorsz\u00e1g","description":"\u0160koda WeLoveCycling","potentialAction":[{"@type":"SearchAction","target":{"@type":"EntryPoint","urlTemplate":"https:\/\/www.welovecycling.com\/hu\/?s={search_term_string}"},"query-input":{"@type":"PropertyValueSpecification","valueRequired":true,"valueName":"search_term_string"}}],"inLanguage":"hu"},{"@type":"Person","@id":"https:\/\/www.welovecycling.com\/hu\/#\/schema\/person\/414a2aebf1801691a5320edb6468e194","name":"hegyizs","image":{"@type":"ImageObject","inLanguage":"hu","@id":"https:\/\/www.welovecycling.com\/hu\/#\/schema\/person\/image\/","url":"https:\/\/secure.gravatar.com\/avatar\/02cf8a7906b8cf90cecb4679defac7cfd33a1c2e3b88e4903d947f3bb58eedd3?s=96&d=mm&r=g","contentUrl":"https:\/\/secure.gravatar.com\/avatar\/02cf8a7906b8cf90cecb4679defac7cfd33a1c2e3b88e4903d947f3bb58eedd3?s=96&d=mm&r=g","caption":"hegyizs"},"url":"https:\/\/www.welovecycling.com\/hu\/author\/hegyizs\/"}]}},"_links":{"self":[{"href":"https:\/\/www.welovecycling.com\/hu\/wp-json\/wp\/v2\/posts\/4507","targetHints":{"allow":["GET"]}}],"collection":[{"href":"https:\/\/www.welovecycling.com\/hu\/wp-json\/wp\/v2\/posts"}],"about":[{"href":"https:\/\/www.welovecycling.com\/hu\/wp-json\/wp\/v2\/types\/post"}],"author":[{"embeddable":true,"href":"https:\/\/www.welovecycling.com\/hu\/wp-json\/wp\/v2\/users\/71"}],"replies":[{"embeddable":true,"href":"https:\/\/www.welovecycling.com\/hu\/wp-json\/wp\/v2\/comments?post=4507"}],"version-history":[{"count":2,"href":"https:\/\/www.welovecycling.com\/hu\/wp-json\/wp\/v2\/posts\/4507\/revisions"}],"predecessor-version":[{"id":4527,"href":"https:\/\/www.welovecycling.com\/hu\/wp-json\/wp\/v2\/posts\/4507\/revisions\/4527"}],"wp:featuredmedia":[{"embeddable":true,"href":"https:\/\/www.welovecycling.com\/hu\/wp-json\/wp\/v2\/media\/4510"}],"wp:attachment":[{"href":"https:\/\/www.welovecycling.com\/hu\/wp-json\/wp\/v2\/media?parent=4507"}],"wp:term":[{"taxonomy":"category","embeddable":true,"href":"https:\/\/www.welovecycling.com\/hu\/wp-json\/wp\/v2\/categories?post=4507"},{"taxonomy":"post_tag","embeddable":true,"href":"https:\/\/www.welovecycling.com\/hu\/wp-json\/wp\/v2\/tags?post=4507"},{"taxonomy":"global-categories","embeddable":true,"href":"https:\/\/www.welovecycling.com\/hu\/wp-json\/wp\/v2\/global-categories?post=4507"}],"curies":[{"name":"wp","href":"https:\/\/api.w.org\/{rel}","templated":true}]}}