{"id":4502,"date":"2019-07-24T10:00:27","date_gmt":"2019-07-24T09:00:27","guid":{"rendered":"https:\/\/www.welovecycling.com\/hu\/?p=4502"},"modified":"2019-07-23T15:24:12","modified_gmt":"2019-07-23T14:24:12","slug":"video-atyaeg-anya-kossz-az-angliru-lejtojen-kuzdo-fiu-tulbuzgo-anyukaja-letarolta-az-internetet","status":"publish","type":"post","link":"https:\/\/www.welovecycling.com\/hu\/edzes-es-eletmod\/video-atyaeg-anya-kossz-az-angliru-lejtojen-kuzdo-fiu-tulbuzgo-anyukaja-letarolta-az-internetet\/","title":{"rendered":"VIDE\u00d3: \u201eAtya\u00e9g, anya&#8230; K\u00f6ssz!\u201d Az Angliru lejt\u0151j\u00e9n k\u00fczd\u0151 fi\u00fa t\u00falbuzg\u00f3 anyuk\u00e1ja letarolta az internetet"},"content":{"rendered":"<p><strong>Iv\u00e1n Mu\u00f1oz \u00fagy d\u00f6nt\u00f6tt, hogy felk\u00e9sz\u00fcl\u00e9s\u00fcl a spanyol nemzeti sprint triatlon bajnoks\u00e1gra, bev\u00e1llalja az Alto de l\u2019Angliru hegyet, de mivel ez egybe esett a csal\u00e1di kir\u00e1ndul\u00e1ssal, \u00e9desanyja is ott volt, hogy igazi anyai tan\u00e1csokkal l\u00e1ssa el fi\u00e1t.<\/strong><!--more--><\/p>\n<lite-youtube videoid=ucrWoYXdQ-Y params=\"enablejsapi=1\" style=\"background-image: url('https:\/\/i.ytimg.com\/vi_webp\/ucrWoYXdQ-Y\/maxresdefault.webp');\"><\/lite-youtube>\n<p>A fiatal bring\u00e1s m\u00e1r maga m\u00f6g\u00f6tt tudhatta a 13 kilom\u00e9teres t\u00e1v nagy r\u00e9sz\u00e9t, amikor az \u00fat 23,5%-os lejt\u0151j\u00e9hez \u00e9rkezett. Ott volt a csal\u00e1d is, hogy dokument\u00e1lja \u0151t a kanyarhoz \u00e9rve, az anyuk\u00e1ja pedig hangosan t\u00e1j\u00e9koztatta fi\u00e1t az egyetlen dologr\u00f3l, amir\u0151l egy ker\u00e9kp\u00e1rosnak sincs sz\u00fcks\u00e9ge felvil\u00e1gos\u00edt\u00e1sra.<\/p>\n<p>\u201eIv\u00e1n, az a r\u00e9sz, ami most j\u00f6n, sokkal nehezebb!\u201d<\/p>\n<p>Fia els\u0151re csak ennyit tudott reag\u00e1lni: \u201eMi?!\u201d<\/p>\n<p>De az \u00e9desanyja nem adta fel: \u201eA k\u00f6vetkez\u0151 szakasz sokkal nehezebb lesz\u201d- ki\u00e1ltott \u00fajra.<\/p>\n<p>\u201eAtya\u00e9g, anya&#8230; K\u00f6ssz!\u201d<\/p>\n<p>\u201eMegl\u00e1tod, hogy igazam van, csak seg\u00edteni akarok\u201d &#8211; mondta a mama a vide\u00f3 v\u00e9g\u00e9n a lehet\u0151 legty\u00fakany\u00f3sabb st\u00edlusban.<\/p>\n<p>Iv\u00e1n v\u00e9g\u00fcl fel\u00e9rt a cs\u00facsra \u00e9s nem meglep\u0151, hogy a kommentel\u0151k t\u00f6bbs\u00e9ge szerint a lelkes anyuk\u00e1nak kulcsszerepe volt a siker\u00e9ben.<\/p>\n","protected":false},"excerpt":{"rendered":"<p>Iv\u00e1n Mu\u00f1oz \u00fagy d\u00f6nt\u00f6tt, hogy felk\u00e9sz\u00fcl\u00e9s\u00fcl a spanyol nemzeti sprint triatlon bajnoks\u00e1gra, bev\u00e1llalja az Alto de l\u2019Angliru hegyet, de mivel [&hellip;]<\/p>\n","protected":false},"author":71,"featured_media":4504,"comment_status":"open","ping_status":"open","sticky":false,"template":"","format":"video","meta":{"footnotes":""},"categories":[6],"tags":[],"global-categories":[],"class_list":["post-4502","post","type-post","status-publish","format-video","has-post-thumbnail","hentry","category-edzes-es-eletmod","post_format-post-format-video"],"yoast_head":"<!-- This site is optimized with the Yoast SEO Premium plugin v25.3 (Yoast SEO v25.9) - https:\/\/yoast.com\/wordpress\/plugins\/seo\/ -->\n<title>VIDE\u00d3: \u201eAtya\u00e9g, anya... K\u00f6ssz!\u201d Az Angliru lejt\u0151j\u00e9n k\u00fczd\u0151 fi\u00fa t\u00falbuzg\u00f3 anyuk\u00e1ja letarolta az internetet - \u0160koda We Love Cycling - Magyarorsz\u00e1g<\/title>\n<meta name=\"robots\" content=\"index, follow, max-snippet:-1, max-image-preview:large, max-video-preview:-1\" \/>\n<link rel=\"canonical\" href=\"https:\/\/www.welovecycling.com\/hu\/edzes-es-eletmod\/video-atyaeg-anya-kossz-az-angliru-lejtojen-kuzdo-fiu-tulbuzgo-anyukaja-letarolta-az-internetet\/\" \/>\n<meta property=\"og:locale\" content=\"hu_HU\" \/>\n<meta property=\"og:type\" content=\"article\" \/>\n<meta property=\"og:title\" content=\"VIDE\u00d3: \u201eAtya\u00e9g, anya... K\u00f6ssz!\u201d Az Angliru lejt\u0151j\u00e9n k\u00fczd\u0151 fi\u00fa t\u00falbuzg\u00f3 anyuk\u00e1ja letarolta az internetet\" \/>\n<meta property=\"og:description\" content=\"Iv\u00e1n Mu\u00f1oz \u00fagy d\u00f6nt\u00f6tt, hogy felk\u00e9sz\u00fcl\u00e9s\u00fcl a spanyol nemzeti sprint triatlon bajnoks\u00e1gra, bev\u00e1llalja az Alto de l\u2019Angliru hegyet, de mivel [&hellip;]\" \/>\n<meta property=\"og:url\" content=\"https:\/\/www.welovecycling.com\/hu\/edzes-es-eletmod\/video-atyaeg-anya-kossz-az-angliru-lejtojen-kuzdo-fiu-tulbuzgo-anyukaja-letarolta-az-internetet\/\" \/>\n<meta property=\"og:site_name\" content=\"\u0160koda We Love Cycling - Magyarorsz\u00e1g\" \/>\n<meta property=\"article:publisher\" content=\"https:\/\/www.facebook.com\/WeLoveCyclingHungary\/\" \/>\n<meta property=\"article:published_time\" content=\"2019-07-24T09:00:27+00:00\" \/>\n<meta property=\"og:image\" content=\"https:\/\/d2p6e6u75xmxt8.cloudfront.net\/12\/2019\/07\/angliru_dentro_13092013.jpg\" \/>\n\t<meta property=\"og:image:width\" content=\"1375\" \/>\n\t<meta property=\"og:image:height\" content=\"600\" \/>\n\t<meta property=\"og:image:type\" content=\"image\/jpeg\" \/>\n<meta name=\"author\" content=\"hegyizs\" \/>\n<meta name=\"twitter:card\" content=\"summary_large_image\" \/>\n<meta name=\"twitter:label1\" content=\"Written by\" \/>\n\t<meta name=\"twitter:data1\" content=\"Monica Buck\" \/>\n\t<meta name=\"twitter:label2\" content=\"Est. reading time\" \/>\n\t<meta name=\"twitter:data2\" content=\"1 minute\" \/>\n<script type=\"application\/ld+json\" class=\"yoast-schema-graph\">{\"@context\":\"https:\/\/schema.org\",\"@graph\":[{\"@type\":\"WebPage\",\"@id\":\"https:\/\/www.welovecycling.com\/hu\/edzes-es-eletmod\/video-atyaeg-anya-kossz-az-angliru-lejtojen-kuzdo-fiu-tulbuzgo-anyukaja-letarolta-az-internetet\/\",\"url\":\"https:\/\/www.welovecycling.com\/hu\/edzes-es-eletmod\/video-atyaeg-anya-kossz-az-angliru-lejtojen-kuzdo-fiu-tulbuzgo-anyukaja-letarolta-az-internetet\/\",\"name\":\"VIDE\u00d3: \u201eAtya\u00e9g, anya... K\u00f6ssz!\u201d Az Angliru lejt\u0151j\u00e9n k\u00fczd\u0151 fi\u00fa t\u00falbuzg\u00f3 anyuk\u00e1ja letarolta az internetet - \u0160koda We Love Cycling - Magyarorsz\u00e1g\",\"isPartOf\":{\"@id\":\"https:\/\/www.welovecycling.com\/hu\/#website\"},\"primaryImageOfPage\":{\"@id\":\"https:\/\/www.welovecycling.com\/hu\/edzes-es-eletmod\/video-atyaeg-anya-kossz-az-angliru-lejtojen-kuzdo-fiu-tulbuzgo-anyukaja-letarolta-az-internetet\/#primaryimage\"},\"image\":{\"@id\":\"https:\/\/www.welovecycling.com\/hu\/edzes-es-eletmod\/video-atyaeg-anya-kossz-az-angliru-lejtojen-kuzdo-fiu-tulbuzgo-anyukaja-letarolta-az-internetet\/#primaryimage\"},\"thumbnailUrl\":\"https:\/\/d2p6e6u75xmxt8.cloudfront.net\/12\/2019\/07\/angliru_dentro_13092013.jpg\",\"datePublished\":\"2019-07-24T09:00:27+00:00\",\"author\":{\"@id\":\"https:\/\/www.welovecycling.com\/hu\/#\/schema\/person\/414a2aebf1801691a5320edb6468e194\"},\"breadcrumb\":{\"@id\":\"https:\/\/www.welovecycling.com\/hu\/edzes-es-eletmod\/video-atyaeg-anya-kossz-az-angliru-lejtojen-kuzdo-fiu-tulbuzgo-anyukaja-letarolta-az-internetet\/#breadcrumb\"},\"inLanguage\":\"hu\",\"potentialAction\":[{\"@type\":\"ReadAction\",\"target\":[\"https:\/\/www.welovecycling.com\/hu\/edzes-es-eletmod\/video-atyaeg-anya-kossz-az-angliru-lejtojen-kuzdo-fiu-tulbuzgo-anyukaja-letarolta-az-internetet\/\"]}]},{\"@type\":\"ImageObject\",\"inLanguage\":\"hu\",\"@id\":\"https:\/\/www.welovecycling.com\/hu\/edzes-es-eletmod\/video-atyaeg-anya-kossz-az-angliru-lejtojen-kuzdo-fiu-tulbuzgo-anyukaja-letarolta-az-internetet\/#primaryimage\",\"url\":\"https:\/\/d2p6e6u75xmxt8.cloudfront.net\/12\/2019\/07\/angliru_dentro_13092013.jpg\",\"contentUrl\":\"https:\/\/d2p6e6u75xmxt8.cloudfront.net\/12\/2019\/07\/angliru_dentro_13092013.jpg\",\"width\":1375,\"height\":600},{\"@type\":\"BreadcrumbList\",\"@id\":\"https:\/\/www.welovecycling.com\/hu\/edzes-es-eletmod\/video-atyaeg-anya-kossz-az-angliru-lejtojen-kuzdo-fiu-tulbuzgo-anyukaja-letarolta-az-internetet\/#breadcrumb\",\"itemListElement\":[{\"@type\":\"ListItem\",\"position\":1,\"name\":\"Home\",\"item\":\"https:\/\/www.welovecycling.com\/hu\/\"},{\"@type\":\"ListItem\",\"position\":2,\"name\":\"VIDE\u00d3: \u201eAtya\u00e9g, anya&#8230; K\u00f6ssz!\u201d Az Angliru lejt\u0151j\u00e9n k\u00fczd\u0151 fi\u00fa t\u00falbuzg\u00f3 anyuk\u00e1ja letarolta az internetet\"}]},{\"@type\":\"WebSite\",\"@id\":\"https:\/\/www.welovecycling.com\/hu\/#website\",\"url\":\"https:\/\/www.welovecycling.com\/hu\/\",\"name\":\"\u0160koda We Love Cycling - Magyarorsz\u00e1g\",\"description\":\"\u0160koda WeLoveCycling\",\"potentialAction\":[{\"@type\":\"SearchAction\",\"target\":{\"@type\":\"EntryPoint\",\"urlTemplate\":\"https:\/\/www.welovecycling.com\/hu\/?s={search_term_string}\"},\"query-input\":{\"@type\":\"PropertyValueSpecification\",\"valueRequired\":true,\"valueName\":\"search_term_string\"}}],\"inLanguage\":\"hu\"},{\"@type\":\"Person\",\"@id\":\"https:\/\/www.welovecycling.com\/hu\/#\/schema\/person\/414a2aebf1801691a5320edb6468e194\",\"name\":\"hegyizs\",\"image\":{\"@type\":\"ImageObject\",\"inLanguage\":\"hu\",\"@id\":\"https:\/\/www.welovecycling.com\/hu\/#\/schema\/person\/image\/\",\"url\":\"https:\/\/secure.gravatar.com\/avatar\/02cf8a7906b8cf90cecb4679defac7cfd33a1c2e3b88e4903d947f3bb58eedd3?s=96&d=mm&r=g\",\"contentUrl\":\"https:\/\/secure.gravatar.com\/avatar\/02cf8a7906b8cf90cecb4679defac7cfd33a1c2e3b88e4903d947f3bb58eedd3?s=96&d=mm&r=g\",\"caption\":\"hegyizs\"},\"url\":\"https:\/\/www.welovecycling.com\/hu\/author\/hegyizs\/\"}]}<\/script>\n<!-- \/ Yoast SEO Premium plugin. -->","yoast_head_json":{"title":"VIDE\u00d3: \u201eAtya\u00e9g, anya... K\u00f6ssz!\u201d Az Angliru lejt\u0151j\u00e9n k\u00fczd\u0151 fi\u00fa t\u00falbuzg\u00f3 anyuk\u00e1ja letarolta az internetet - \u0160koda We Love Cycling - Magyarorsz\u00e1g","robots":{"index":"index","follow":"follow","max-snippet":"max-snippet:-1","max-image-preview":"max-image-preview:large","max-video-preview":"max-video-preview:-1"},"canonical":"https:\/\/www.welovecycling.com\/hu\/edzes-es-eletmod\/video-atyaeg-anya-kossz-az-angliru-lejtojen-kuzdo-fiu-tulbuzgo-anyukaja-letarolta-az-internetet\/","og_locale":"hu_HU","og_type":"article","og_title":"VIDE\u00d3: \u201eAtya\u00e9g, anya... K\u00f6ssz!\u201d Az Angliru lejt\u0151j\u00e9n k\u00fczd\u0151 fi\u00fa t\u00falbuzg\u00f3 anyuk\u00e1ja letarolta az internetet","og_description":"Iv\u00e1n Mu\u00f1oz \u00fagy d\u00f6nt\u00f6tt, hogy felk\u00e9sz\u00fcl\u00e9s\u00fcl a spanyol nemzeti sprint triatlon bajnoks\u00e1gra, bev\u00e1llalja az Alto de l\u2019Angliru hegyet, de mivel [&hellip;]","og_url":"https:\/\/www.welovecycling.com\/hu\/edzes-es-eletmod\/video-atyaeg-anya-kossz-az-angliru-lejtojen-kuzdo-fiu-tulbuzgo-anyukaja-letarolta-az-internetet\/","og_site_name":"\u0160koda We Love Cycling - Magyarorsz\u00e1g","article_publisher":"https:\/\/www.facebook.com\/WeLoveCyclingHungary\/","article_published_time":"2019-07-24T09:00:27+00:00","og_image":[{"width":1375,"height":600,"url":"https:\/\/d2p6e6u75xmxt8.cloudfront.net\/12\/2019\/07\/angliru_dentro_13092013.jpg","type":"image\/jpeg"}],"author":"hegyizs","twitter_card":"summary_large_image","twitter_misc":{"Written by":"Monica Buck","Est. reading time":"1 minute"},"schema":{"@context":"https:\/\/schema.org","@graph":[{"@type":"WebPage","@id":"https:\/\/www.welovecycling.com\/hu\/edzes-es-eletmod\/video-atyaeg-anya-kossz-az-angliru-lejtojen-kuzdo-fiu-tulbuzgo-anyukaja-letarolta-az-internetet\/","url":"https:\/\/www.welovecycling.com\/hu\/edzes-es-eletmod\/video-atyaeg-anya-kossz-az-angliru-lejtojen-kuzdo-fiu-tulbuzgo-anyukaja-letarolta-az-internetet\/","name":"VIDE\u00d3: \u201eAtya\u00e9g, anya... K\u00f6ssz!\u201d Az Angliru lejt\u0151j\u00e9n k\u00fczd\u0151 fi\u00fa t\u00falbuzg\u00f3 anyuk\u00e1ja letarolta az internetet - \u0160koda We Love Cycling - Magyarorsz\u00e1g","isPartOf":{"@id":"https:\/\/www.welovecycling.com\/hu\/#website"},"primaryImageOfPage":{"@id":"https:\/\/www.welovecycling.com\/hu\/edzes-es-eletmod\/video-atyaeg-anya-kossz-az-angliru-lejtojen-kuzdo-fiu-tulbuzgo-anyukaja-letarolta-az-internetet\/#primaryimage"},"image":{"@id":"https:\/\/www.welovecycling.com\/hu\/edzes-es-eletmod\/video-atyaeg-anya-kossz-az-angliru-lejtojen-kuzdo-fiu-tulbuzgo-anyukaja-letarolta-az-internetet\/#primaryimage"},"thumbnailUrl":"https:\/\/d2p6e6u75xmxt8.cloudfront.net\/12\/2019\/07\/angliru_dentro_13092013.jpg","datePublished":"2019-07-24T09:00:27+00:00","author":{"@id":"https:\/\/www.welovecycling.com\/hu\/#\/schema\/person\/414a2aebf1801691a5320edb6468e194"},"breadcrumb":{"@id":"https:\/\/www.welovecycling.com\/hu\/edzes-es-eletmod\/video-atyaeg-anya-kossz-az-angliru-lejtojen-kuzdo-fiu-tulbuzgo-anyukaja-letarolta-az-internetet\/#breadcrumb"},"inLanguage":"hu","potentialAction":[{"@type":"ReadAction","target":["https:\/\/www.welovecycling.com\/hu\/edzes-es-eletmod\/video-atyaeg-anya-kossz-az-angliru-lejtojen-kuzdo-fiu-tulbuzgo-anyukaja-letarolta-az-internetet\/"]}]},{"@type":"ImageObject","inLanguage":"hu","@id":"https:\/\/www.welovecycling.com\/hu\/edzes-es-eletmod\/video-atyaeg-anya-kossz-az-angliru-lejtojen-kuzdo-fiu-tulbuzgo-anyukaja-letarolta-az-internetet\/#primaryimage","url":"https:\/\/d2p6e6u75xmxt8.cloudfront.net\/12\/2019\/07\/angliru_dentro_13092013.jpg","contentUrl":"https:\/\/d2p6e6u75xmxt8.cloudfront.net\/12\/2019\/07\/angliru_dentro_13092013.jpg","width":1375,"height":600},{"@type":"BreadcrumbList","@id":"https:\/\/www.welovecycling.com\/hu\/edzes-es-eletmod\/video-atyaeg-anya-kossz-az-angliru-lejtojen-kuzdo-fiu-tulbuzgo-anyukaja-letarolta-az-internetet\/#breadcrumb","itemListElement":[{"@type":"ListItem","position":1,"name":"Home","item":"https:\/\/www.welovecycling.com\/hu\/"},{"@type":"ListItem","position":2,"name":"VIDE\u00d3: \u201eAtya\u00e9g, anya&#8230; K\u00f6ssz!\u201d Az Angliru lejt\u0151j\u00e9n k\u00fczd\u0151 fi\u00fa t\u00falbuzg\u00f3 anyuk\u00e1ja letarolta az internetet"}]},{"@type":"WebSite","@id":"https:\/\/www.welovecycling.com\/hu\/#website","url":"https:\/\/www.welovecycling.com\/hu\/","name":"\u0160koda We Love Cycling - Magyarorsz\u00e1g","description":"\u0160koda WeLoveCycling","potentialAction":[{"@type":"SearchAction","target":{"@type":"EntryPoint","urlTemplate":"https:\/\/www.welovecycling.com\/hu\/?s={search_term_string}"},"query-input":{"@type":"PropertyValueSpecification","valueRequired":true,"valueName":"search_term_string"}}],"inLanguage":"hu"},{"@type":"Person","@id":"https:\/\/www.welovecycling.com\/hu\/#\/schema\/person\/414a2aebf1801691a5320edb6468e194","name":"hegyizs","image":{"@type":"ImageObject","inLanguage":"hu","@id":"https:\/\/www.welovecycling.com\/hu\/#\/schema\/person\/image\/","url":"https:\/\/secure.gravatar.com\/avatar\/02cf8a7906b8cf90cecb4679defac7cfd33a1c2e3b88e4903d947f3bb58eedd3?s=96&d=mm&r=g","contentUrl":"https:\/\/secure.gravatar.com\/avatar\/02cf8a7906b8cf90cecb4679defac7cfd33a1c2e3b88e4903d947f3bb58eedd3?s=96&d=mm&r=g","caption":"hegyizs"},"url":"https:\/\/www.welovecycling.com\/hu\/author\/hegyizs\/"}]}},"_links":{"self":[{"href":"https:\/\/www.welovecycling.com\/hu\/wp-json\/wp\/v2\/posts\/4502","targetHints":{"allow":["GET"]}}],"collection":[{"href":"https:\/\/www.welovecycling.com\/hu\/wp-json\/wp\/v2\/posts"}],"about":[{"href":"https:\/\/www.welovecycling.com\/hu\/wp-json\/wp\/v2\/types\/post"}],"author":[{"embeddable":true,"href":"https:\/\/www.welovecycling.com\/hu\/wp-json\/wp\/v2\/users\/71"}],"replies":[{"embeddable":true,"href":"https:\/\/www.welovecycling.com\/hu\/wp-json\/wp\/v2\/comments?post=4502"}],"version-history":[{"count":1,"href":"https:\/\/www.welovecycling.com\/hu\/wp-json\/wp\/v2\/posts\/4502\/revisions"}],"predecessor-version":[{"id":4526,"href":"https:\/\/www.welovecycling.com\/hu\/wp-json\/wp\/v2\/posts\/4502\/revisions\/4526"}],"wp:featuredmedia":[{"embeddable":true,"href":"https:\/\/www.welovecycling.com\/hu\/wp-json\/wp\/v2\/media\/4504"}],"wp:attachment":[{"href":"https:\/\/www.welovecycling.com\/hu\/wp-json\/wp\/v2\/media?parent=4502"}],"wp:term":[{"taxonomy":"category","embeddable":true,"href":"https:\/\/www.welovecycling.com\/hu\/wp-json\/wp\/v2\/categories?post=4502"},{"taxonomy":"post_tag","embeddable":true,"href":"https:\/\/www.welovecycling.com\/hu\/wp-json\/wp\/v2\/tags?post=4502"},{"taxonomy":"global-categories","embeddable":true,"href":"https:\/\/www.welovecycling.com\/hu\/wp-json\/wp\/v2\/global-categories?post=4502"}],"curies":[{"name":"wp","href":"https:\/\/api.w.org\/{rel}","templated":true}]}}