{"id":4467,"date":"2019-07-16T08:00:37","date_gmt":"2019-07-16T07:00:37","guid":{"rendered":"https:\/\/www.welovecycling.com\/hu\/?p=4467"},"modified":"2019-07-16T13:02:25","modified_gmt":"2019-07-16T12:02:25","slug":"szakad-a-lanc","status":"publish","type":"post","link":"https:\/\/www.welovecycling.com\/hu\/edzes-es-eletmod\/szakad-a-lanc\/","title":{"rendered":"Szakad a l\u00e1nc"},"content":{"rendered":"<p><strong>Olajos, zajos \u00e9s fesz\u00fcl a l\u00e1nc a bring\u00e1don. Leesik, \u00e9s ha esetleg h\u00e1rom fokozatot ugorva akarod feljebb kapcsolni, el is szakad. Val\u00f3ban sz\u00fcks\u00e9g\u00fcnk van m\u00e9g a l\u00e1ncra?<\/strong><\/p>\n<p><!--more--><\/p>\n<h2><strong>V\u00e1lts tengelyesre<\/strong><\/h2>\n<p>Az aut\u00f3kon nincs l\u00e1nc, akkor a biciklikre mi\u00e9rt kellene? A ker\u00e9kp\u00e1rgy\u00e1rt\u00f3k m\u00e1r legal\u00e1bb 1898 \u00f3ta fontolgatt\u00e1k a nyeles tengelyek alkalmaz\u00e1s\u00e1t. Sz\u00e1mos el\u0151ny\u00fck van, nem besz\u00e9lve arr\u00f3l, hogy a nyeles tengely kevesebb helyet foglal \u00e9s teljesen el is fedhet\u0151, ahogy azt a <a href=\"http:\/\/www.bicyclepatentartprints.com\/bicycle-wall-art-patent-prints.html\">Bicycle Patent Prints<\/a> is demonstr\u00e1lja.<\/p>\n<p><a href=\"https:\/\/d2p6e6u75xmxt8.cloudfront.net\/2\/2019\/06\/1898-double-shaft-drive-bike-drawing-print.jpg\"><img loading=\"lazy\" decoding=\"async\" class=\"alignnone size-large wp-image-4473\" src=\"https:\/\/d2p6e6u75xmxt8.cloudfront.net\/12\/2019\/07\/1898-double-shaft-drive-bike-drawing-print-1024x643.jpg\" alt=\"\" width=\"1024\" height=\"643\" srcset=\"https:\/\/d2p6e6u75xmxt8.cloudfront.net\/12\/2019\/07\/1898-double-shaft-drive-bike-drawing-print-1024x643.jpg 1024w, https:\/\/d2p6e6u75xmxt8.cloudfront.net\/12\/2019\/07\/1898-double-shaft-drive-bike-drawing-print-300x189.jpg 300w, https:\/\/d2p6e6u75xmxt8.cloudfront.net\/12\/2019\/07\/1898-double-shaft-drive-bike-drawing-print-768x483.jpg 768w, https:\/\/d2p6e6u75xmxt8.cloudfront.net\/12\/2019\/07\/1898-double-shaft-drive-bike-drawing-print.jpg 1200w\" sizes=\"auto, (max-width: 1024px) 100vw, 1024px\" \/><\/a><\/p>\n<p>Mondj b\u00facs\u00fat az olajfoltoknak a nadr\u00e1godon \u00e9s a l\u00e1badon! Helyett\u00fck t\u00f6bb id\u0151t t\u00f6lthetsz a ker\u00e9kp\u00e1r t\u00f6bbi r\u00e9sz\u00e9nek tiszt\u00e1n tart\u00e1s\u00e1val. Mindazon\u00e1ltal, m\u00e9g ha a legk\u00f6nnyebb modern anyagokkal is van dolgunk, a nyeles tengelynek el\u00e9g szil\u00e1rdnak kell lennie ahhoz, hogy deform\u00e1l\u00f3d\u00e1s n\u00e9lk\u00fcl biztos\u00edtson folyamatos hat\u00e9konys\u00e1got.<\/p>\n<lite-youtube videoid=rgo-yEaXDzA params=\"enablejsapi=1\" style=\"background-image: url('https:\/\/i.ytimg.com\/vi_webp\/rgo-yEaXDzA\/maxresdefault.webp');\"><\/lite-youtube>\n<p>Lehet ugyan, hogy a l\u00e1baid nem lesznek olajosak, de m\u00e9g a legdr\u00e1g\u00e1bb tengelyek is t\u00f6bb, mint f\u00e9l kil\u00f3t nyomnak. Ugyan a CeramicSpeed fejleszt\u00e9se elismer\u00e9sre m\u00e9lt\u00f3, a komoly ker\u00e9kp\u00e1rosoknak j\u00f3l \u00e1t kell gondolniuk, milyen hat\u00e1sai lehetnek egy ilyen agressz\u00edv forgat\u00f3nyomat\u00e9knak az alum\u00ednium fogaskerekekre.<\/p>\n<h2><strong>Sz\u00edjakat szorosabbra h\u00fazni<\/strong><\/h2>\n<p>Ahogy a sz\u00edjhajt\u00e1s egyre n\u00e9pszer\u0171bb\u00e9 v\u00e1lik az ing\u00e1z\u00e1sra haszn\u00e1lt bring\u00e1k \u00e9s a v\u00e1rosi bring\u00e1k piac\u00e1n, itt az ideje megvizsg\u00e1lni az agg\u00e1lyokat is. Olyan emberk\u00e9nt, aki aut\u00f3t is vezet \u00e9s ker\u00e9kp\u00e1rozik is, az a teljesen megalapozatlan felt\u00e9telez\u00e9s \u00e9lt bennem, hogy a sz\u00edj vagy majdnem rugalmas, vagy &#8211; ami m\u00e9g rosszabb &#8211; mereven fesz\u00fcl a forgat\u00f3nyomat\u00e9k s\u00falya alatt. \u00c1m ha a sz\u00edjhajt\u00e1s ennyire t\u00f6r\u00e9keny dolog lenne, hogy haszn\u00e1ln\u00e1k motorker\u00e9kp\u00e1rokhoz?<\/p>\n<lite-youtube videoid=1X_Yq04KweM params=\"enablejsapi=1\" style=\"background-image: url('https:\/\/i.ytimg.com\/vi_webp\/1X_Yq04KweM\/maxresdefault.webp');\"><\/lite-youtube>\n<p>Val\u00f3j\u00e1ban a sz\u00edjhajt\u00e1s nagyon j\u00f3l funkcion\u00e1l, \u00e9s ahogy azt Van Duzer is magyar\u00e1zza, minim\u00e1lis karbantart\u00e1st ig\u00e9nyel. Nem kell \u00fajra olajoznod \u00e9s nem haszn\u00e1l\u00f3dik \u00fagy el, mint a l\u00e1ncok, amelynek fogai elkopnak a kazett\u00e1s l\u00e1ncker\u00e9ksoron.<\/p>\n<lite-youtube videoid=huP_J7p3H0k params=\"enablejsapi=1\" style=\"background-image: url('https:\/\/i.ytimg.com\/vi_webp\/huP_J7p3H0k\/maxresdefault.webp');\"><\/lite-youtube>\n<p>\u00c9s ennyi is volna a legkomolyabb kritika a sz\u00edjhajt\u00e1ssal kapcsolatban. A l\u00e1nc forgatja mindk\u00e9t ker\u00e9kagyat \u00e9s a fogasker\u00e9ksorokat is. \u00c1m ha a kev\u00e9s karbantart\u00e1s a sz\u00edjhajt\u00e1s l\u00e9tjogosults\u00e1g\u00e1nak kulcsa, akkor szinte \u00e1ld\u00e1sosnak sz\u00e1m\u00edt, hogy legjobban egy sebess\u00e9ggel \u00e9s agyv\u00e1lt\u00f3kkal m\u0171k\u00f6dik. Az agyv\u00e1lt\u00f3k teljes\u00edtm\u00e9ny\u00e9nek fejl\u0151d\u00e9s\u00e9vel \u00e9s a kereslet n\u00f6veked\u00e9s\u00e9vel pedig v\u00e1rhat\u00f3an egyre t\u00f6bb sz\u00edjhajt\u00e1s\u00fa ker\u00e9kp\u00e1rral tal\u00e1lkozhatsz majd az utakon.<\/p>\n<h2><strong>K\u00f6zvetlen meghajt\u00e1s<\/strong><\/h2>\n<p>Mi\u00e9rt ne szabaduljunk meg egyszer\u0171en a tengelyekt\u0151l, sz\u00edjakt\u00f3l \u00e9s l\u00e1ncokt\u00f3l? A velocip\u00e9dhez hasonl\u00f3 modellek \u00fajj\u00e1\u00e9led\u0151 n\u00e9pszer\u0171s\u00e9g\u00e9nek k\u00f6sz\u00f6nhet\u0151en a ped\u00e1lok \u00fajra k\u00f6zvetlen\u00fcl a kerekekhez kapcsol\u00f3dhatnak. \u00c1m, ahogy azt ez a vide\u00f3 is mutatja, a nagy els\u0151 ker\u00e9kkel egy\u00fctt j\u00e1r egy sor saj\u00e1tos biztons\u00e1gi probl\u00e9ma is. Emiatt val\u00f3sz\u00edn\u0171leg ezt az ing\u00e1z\u00e1si lehet\u0151s\u00e9get el kell vetni.<\/p>\n<lite-youtube videoid=RetUMNuXTv0 params=\"enablejsapi=1\" style=\"background-image: url('https:\/\/i.ytimg.com\/vi_webp\/RetUMNuXTv0\/maxresdefault.webp');\"><\/lite-youtube>\n<p>Az viszont meglep\u0151, hogy nem t\u0171nt ki eddig a velocip\u00e9d \u00e9s a h\u00e1romkerek\u0171 bicikli k\u00f6z\u00f6tti hasonl\u00f3s\u00e1g. Ebben a vide\u00f3ban l\u00e1tni fogod, micsoda \u00e9lvezetet ny\u00fajt egy k\u00f6zvetlen els\u0151ker\u00e9k-meghajt\u00e1s\u00fa modellen tekerni. Gondolj csak bele, mennyi extra \u00e9lm\u00e9nyt jelente, ha az agyv\u00e1lt\u00f3 a ker\u00e9ken bel\u00fcl helyezkedne el.<\/p>\n<lite-youtube videoid=djBE9ZfHI4I params=\"enablejsapi=1\" style=\"background-image: url('https:\/\/i.ytimg.com\/vi_webp\/djBE9ZfHI4I\/maxresdefault.webp');\"><\/lite-youtube>\n<p>Ha b\u00e1rki tud els\u0151ker\u00e9k-meghajt\u00e1s\u00fa agyv\u00e1lt\u00f3s bring\u00e1r\u00f3l, az k\u00e9rem, jelentkezzen! Valami\u00e9rt \u00fagy \u00e9rzem ez lesz a triciklik j\u00f6v\u0151je, ak\u00e1rcsak a fekv\u0151ker\u00e9kp\u00e1rok\u00e9.<\/p>\n","protected":false},"excerpt":{"rendered":"<p>Olajos, zajos \u00e9s fesz\u00fcl a l\u00e1nc a bring\u00e1don. Leesik, \u00e9s ha esetleg h\u00e1rom fokozatot ugorva akarod feljebb kapcsolni, el is [&hellip;]<\/p>\n","protected":false},"author":71,"featured_media":4475,"comment_status":"open","ping_status":"open","sticky":false,"template":"","format":"standard","meta":{"footnotes":""},"categories":[6],"tags":[408,190],"global-categories":[],"class_list":["post-4467","post","type-post","status-publish","format-standard","has-post-thumbnail","hentry","category-edzes-es-eletmod","tag-lanc","tag-lanckerek"],"yoast_head":"<!-- This site is optimized with the Yoast SEO Premium plugin v25.3 (Yoast SEO v25.9) - https:\/\/yoast.com\/wordpress\/plugins\/seo\/ -->\n<title>Szakad a l\u00e1nc - \u0160koda We Love Cycling - Magyarorsz\u00e1g<\/title>\n<meta name=\"robots\" content=\"index, follow, max-snippet:-1, max-image-preview:large, max-video-preview:-1\" \/>\n<link rel=\"canonical\" href=\"https:\/\/www.welovecycling.com\/hu\/edzes-es-eletmod\/szakad-a-lanc\/\" \/>\n<meta property=\"og:locale\" content=\"hu_HU\" \/>\n<meta property=\"og:type\" content=\"article\" \/>\n<meta property=\"og:title\" content=\"Szakad a l\u00e1nc\" \/>\n<meta property=\"og:description\" content=\"Olajos, zajos \u00e9s fesz\u00fcl a l\u00e1nc a bring\u00e1don. Leesik, \u00e9s ha esetleg h\u00e1rom fokozatot ugorva akarod feljebb kapcsolni, el is [&hellip;]\" \/>\n<meta property=\"og:url\" content=\"https:\/\/www.welovecycling.com\/hu\/edzes-es-eletmod\/szakad-a-lanc\/\" \/>\n<meta property=\"og:site_name\" content=\"\u0160koda We Love Cycling - Magyarorsz\u00e1g\" \/>\n<meta property=\"article:publisher\" content=\"https:\/\/www.facebook.com\/WeLoveCyclingHungary\/\" \/>\n<meta property=\"article:published_time\" content=\"2019-07-16T07:00:37+00:00\" \/>\n<meta property=\"article:modified_time\" content=\"2019-07-16T12:02:25+00:00\" \/>\n<meta property=\"og:image\" content=\"https:\/\/d2p6e6u75xmxt8.cloudfront.net\/12\/2019\/07\/bicycle-chain-profimedia-0335678677-CVR.jpg\" \/>\n\t<meta property=\"og:image:width\" content=\"1366\" \/>\n\t<meta property=\"og:image:height\" content=\"600\" \/>\n\t<meta property=\"og:image:type\" content=\"image\/jpeg\" \/>\n<meta name=\"author\" content=\"hegyizs\" \/>\n<meta name=\"twitter:card\" content=\"summary_large_image\" \/>\n<meta name=\"twitter:label1\" content=\"Written by\" \/>\n\t<meta name=\"twitter:data1\" content=\"Christopher Ashley\" \/>\n\t<meta name=\"twitter:label2\" content=\"Est. reading time\" \/>\n\t<meta name=\"twitter:data2\" content=\"5\" \/>\n<script type=\"application\/ld+json\" class=\"yoast-schema-graph\">{\"@context\":\"https:\/\/schema.org\",\"@graph\":[{\"@type\":\"WebPage\",\"@id\":\"https:\/\/www.welovecycling.com\/hu\/edzes-es-eletmod\/szakad-a-lanc\/\",\"url\":\"https:\/\/www.welovecycling.com\/hu\/edzes-es-eletmod\/szakad-a-lanc\/\",\"name\":\"Szakad a l\u00e1nc - \u0160koda We Love Cycling - Magyarorsz\u00e1g\",\"isPartOf\":{\"@id\":\"https:\/\/www.welovecycling.com\/hu\/#website\"},\"primaryImageOfPage\":{\"@id\":\"https:\/\/www.welovecycling.com\/hu\/edzes-es-eletmod\/szakad-a-lanc\/#primaryimage\"},\"image\":{\"@id\":\"https:\/\/www.welovecycling.com\/hu\/edzes-es-eletmod\/szakad-a-lanc\/#primaryimage\"},\"thumbnailUrl\":\"https:\/\/d2p6e6u75xmxt8.cloudfront.net\/12\/2019\/07\/bicycle-chain-profimedia-0335678677-CVR.jpg\",\"datePublished\":\"2019-07-16T07:00:37+00:00\",\"dateModified\":\"2019-07-16T12:02:25+00:00\",\"author\":{\"@id\":\"https:\/\/www.welovecycling.com\/hu\/#\/schema\/person\/414a2aebf1801691a5320edb6468e194\"},\"breadcrumb\":{\"@id\":\"https:\/\/www.welovecycling.com\/hu\/edzes-es-eletmod\/szakad-a-lanc\/#breadcrumb\"},\"inLanguage\":\"hu\",\"potentialAction\":[{\"@type\":\"ReadAction\",\"target\":[\"https:\/\/www.welovecycling.com\/hu\/edzes-es-eletmod\/szakad-a-lanc\/\"]}]},{\"@type\":\"ImageObject\",\"inLanguage\":\"hu\",\"@id\":\"https:\/\/www.welovecycling.com\/hu\/edzes-es-eletmod\/szakad-a-lanc\/#primaryimage\",\"url\":\"https:\/\/d2p6e6u75xmxt8.cloudfront.net\/12\/2019\/07\/bicycle-chain-profimedia-0335678677-CVR.jpg\",\"contentUrl\":\"https:\/\/d2p6e6u75xmxt8.cloudfront.net\/12\/2019\/07\/bicycle-chain-profimedia-0335678677-CVR.jpg\",\"width\":1366,\"height\":600},{\"@type\":\"BreadcrumbList\",\"@id\":\"https:\/\/www.welovecycling.com\/hu\/edzes-es-eletmod\/szakad-a-lanc\/#breadcrumb\",\"itemListElement\":[{\"@type\":\"ListItem\",\"position\":1,\"name\":\"Home\",\"item\":\"https:\/\/www.welovecycling.com\/hu\/\"},{\"@type\":\"ListItem\",\"position\":2,\"name\":\"Szakad a l\u00e1nc\"}]},{\"@type\":\"WebSite\",\"@id\":\"https:\/\/www.welovecycling.com\/hu\/#website\",\"url\":\"https:\/\/www.welovecycling.com\/hu\/\",\"name\":\"\u0160koda We Love Cycling - Magyarorsz\u00e1g\",\"description\":\"\u0160koda WeLoveCycling\",\"potentialAction\":[{\"@type\":\"SearchAction\",\"target\":{\"@type\":\"EntryPoint\",\"urlTemplate\":\"https:\/\/www.welovecycling.com\/hu\/?s={search_term_string}\"},\"query-input\":{\"@type\":\"PropertyValueSpecification\",\"valueRequired\":true,\"valueName\":\"search_term_string\"}}],\"inLanguage\":\"hu\"},{\"@type\":\"Person\",\"@id\":\"https:\/\/www.welovecycling.com\/hu\/#\/schema\/person\/414a2aebf1801691a5320edb6468e194\",\"name\":\"hegyizs\",\"image\":{\"@type\":\"ImageObject\",\"inLanguage\":\"hu\",\"@id\":\"https:\/\/www.welovecycling.com\/hu\/#\/schema\/person\/image\/\",\"url\":\"https:\/\/secure.gravatar.com\/avatar\/02cf8a7906b8cf90cecb4679defac7cfd33a1c2e3b88e4903d947f3bb58eedd3?s=96&d=mm&r=g\",\"contentUrl\":\"https:\/\/secure.gravatar.com\/avatar\/02cf8a7906b8cf90cecb4679defac7cfd33a1c2e3b88e4903d947f3bb58eedd3?s=96&d=mm&r=g\",\"caption\":\"hegyizs\"},\"url\":\"https:\/\/www.welovecycling.com\/hu\/author\/hegyizs\/\"}]}<\/script>\n<!-- \/ Yoast SEO Premium plugin. -->","yoast_head_json":{"title":"Szakad a l\u00e1nc - \u0160koda We Love Cycling - Magyarorsz\u00e1g","robots":{"index":"index","follow":"follow","max-snippet":"max-snippet:-1","max-image-preview":"max-image-preview:large","max-video-preview":"max-video-preview:-1"},"canonical":"https:\/\/www.welovecycling.com\/hu\/edzes-es-eletmod\/szakad-a-lanc\/","og_locale":"hu_HU","og_type":"article","og_title":"Szakad a l\u00e1nc","og_description":"Olajos, zajos \u00e9s fesz\u00fcl a l\u00e1nc a bring\u00e1don. Leesik, \u00e9s ha esetleg h\u00e1rom fokozatot ugorva akarod feljebb kapcsolni, el is [&hellip;]","og_url":"https:\/\/www.welovecycling.com\/hu\/edzes-es-eletmod\/szakad-a-lanc\/","og_site_name":"\u0160koda We Love Cycling - Magyarorsz\u00e1g","article_publisher":"https:\/\/www.facebook.com\/WeLoveCyclingHungary\/","article_published_time":"2019-07-16T07:00:37+00:00","article_modified_time":"2019-07-16T12:02:25+00:00","og_image":[{"width":1366,"height":600,"url":"https:\/\/d2p6e6u75xmxt8.cloudfront.net\/12\/2019\/07\/bicycle-chain-profimedia-0335678677-CVR.jpg","type":"image\/jpeg"}],"author":"hegyizs","twitter_card":"summary_large_image","twitter_misc":{"Written by":"Christopher Ashley","Est. reading time":"5"},"schema":{"@context":"https:\/\/schema.org","@graph":[{"@type":"WebPage","@id":"https:\/\/www.welovecycling.com\/hu\/edzes-es-eletmod\/szakad-a-lanc\/","url":"https:\/\/www.welovecycling.com\/hu\/edzes-es-eletmod\/szakad-a-lanc\/","name":"Szakad a l\u00e1nc - \u0160koda We Love Cycling - Magyarorsz\u00e1g","isPartOf":{"@id":"https:\/\/www.welovecycling.com\/hu\/#website"},"primaryImageOfPage":{"@id":"https:\/\/www.welovecycling.com\/hu\/edzes-es-eletmod\/szakad-a-lanc\/#primaryimage"},"image":{"@id":"https:\/\/www.welovecycling.com\/hu\/edzes-es-eletmod\/szakad-a-lanc\/#primaryimage"},"thumbnailUrl":"https:\/\/d2p6e6u75xmxt8.cloudfront.net\/12\/2019\/07\/bicycle-chain-profimedia-0335678677-CVR.jpg","datePublished":"2019-07-16T07:00:37+00:00","dateModified":"2019-07-16T12:02:25+00:00","author":{"@id":"https:\/\/www.welovecycling.com\/hu\/#\/schema\/person\/414a2aebf1801691a5320edb6468e194"},"breadcrumb":{"@id":"https:\/\/www.welovecycling.com\/hu\/edzes-es-eletmod\/szakad-a-lanc\/#breadcrumb"},"inLanguage":"hu","potentialAction":[{"@type":"ReadAction","target":["https:\/\/www.welovecycling.com\/hu\/edzes-es-eletmod\/szakad-a-lanc\/"]}]},{"@type":"ImageObject","inLanguage":"hu","@id":"https:\/\/www.welovecycling.com\/hu\/edzes-es-eletmod\/szakad-a-lanc\/#primaryimage","url":"https:\/\/d2p6e6u75xmxt8.cloudfront.net\/12\/2019\/07\/bicycle-chain-profimedia-0335678677-CVR.jpg","contentUrl":"https:\/\/d2p6e6u75xmxt8.cloudfront.net\/12\/2019\/07\/bicycle-chain-profimedia-0335678677-CVR.jpg","width":1366,"height":600},{"@type":"BreadcrumbList","@id":"https:\/\/www.welovecycling.com\/hu\/edzes-es-eletmod\/szakad-a-lanc\/#breadcrumb","itemListElement":[{"@type":"ListItem","position":1,"name":"Home","item":"https:\/\/www.welovecycling.com\/hu\/"},{"@type":"ListItem","position":2,"name":"Szakad a l\u00e1nc"}]},{"@type":"WebSite","@id":"https:\/\/www.welovecycling.com\/hu\/#website","url":"https:\/\/www.welovecycling.com\/hu\/","name":"\u0160koda We Love Cycling - Magyarorsz\u00e1g","description":"\u0160koda WeLoveCycling","potentialAction":[{"@type":"SearchAction","target":{"@type":"EntryPoint","urlTemplate":"https:\/\/www.welovecycling.com\/hu\/?s={search_term_string}"},"query-input":{"@type":"PropertyValueSpecification","valueRequired":true,"valueName":"search_term_string"}}],"inLanguage":"hu"},{"@type":"Person","@id":"https:\/\/www.welovecycling.com\/hu\/#\/schema\/person\/414a2aebf1801691a5320edb6468e194","name":"hegyizs","image":{"@type":"ImageObject","inLanguage":"hu","@id":"https:\/\/www.welovecycling.com\/hu\/#\/schema\/person\/image\/","url":"https:\/\/secure.gravatar.com\/avatar\/02cf8a7906b8cf90cecb4679defac7cfd33a1c2e3b88e4903d947f3bb58eedd3?s=96&d=mm&r=g","contentUrl":"https:\/\/secure.gravatar.com\/avatar\/02cf8a7906b8cf90cecb4679defac7cfd33a1c2e3b88e4903d947f3bb58eedd3?s=96&d=mm&r=g","caption":"hegyizs"},"url":"https:\/\/www.welovecycling.com\/hu\/author\/hegyizs\/"}]}},"_links":{"self":[{"href":"https:\/\/www.welovecycling.com\/hu\/wp-json\/wp\/v2\/posts\/4467","targetHints":{"allow":["GET"]}}],"collection":[{"href":"https:\/\/www.welovecycling.com\/hu\/wp-json\/wp\/v2\/posts"}],"about":[{"href":"https:\/\/www.welovecycling.com\/hu\/wp-json\/wp\/v2\/types\/post"}],"author":[{"embeddable":true,"href":"https:\/\/www.welovecycling.com\/hu\/wp-json\/wp\/v2\/users\/71"}],"replies":[{"embeddable":true,"href":"https:\/\/www.welovecycling.com\/hu\/wp-json\/wp\/v2\/comments?post=4467"}],"version-history":[{"count":2,"href":"https:\/\/www.welovecycling.com\/hu\/wp-json\/wp\/v2\/posts\/4467\/revisions"}],"predecessor-version":[{"id":4478,"href":"https:\/\/www.welovecycling.com\/hu\/wp-json\/wp\/v2\/posts\/4467\/revisions\/4478"}],"wp:featuredmedia":[{"embeddable":true,"href":"https:\/\/www.welovecycling.com\/hu\/wp-json\/wp\/v2\/media\/4475"}],"wp:attachment":[{"href":"https:\/\/www.welovecycling.com\/hu\/wp-json\/wp\/v2\/media?parent=4467"}],"wp:term":[{"taxonomy":"category","embeddable":true,"href":"https:\/\/www.welovecycling.com\/hu\/wp-json\/wp\/v2\/categories?post=4467"},{"taxonomy":"post_tag","embeddable":true,"href":"https:\/\/www.welovecycling.com\/hu\/wp-json\/wp\/v2\/tags?post=4467"},{"taxonomy":"global-categories","embeddable":true,"href":"https:\/\/www.welovecycling.com\/hu\/wp-json\/wp\/v2\/global-categories?post=4467"}],"curies":[{"name":"wp","href":"https:\/\/api.w.org\/{rel}","templated":true}]}}