{"id":4450,"date":"2019-07-20T02:00:49","date_gmt":"2019-07-20T01:00:49","guid":{"rendered":"https:\/\/www.welovecycling.com\/hu\/?p=4450"},"modified":"2019-07-16T13:27:37","modified_gmt":"2019-07-16T12:27:37","slug":"a-tour-de-france-vip-vendeg-programja-a-skoda-csaladja-valora-valtja-az-almot","status":"publish","type":"post","link":"https:\/\/www.welovecycling.com\/hu\/orszaguti-kerekpar\/a-tour-de-france-vip-vendeg-programja-a-skoda-csaladja-valora-valtja-az-almot\/","title":{"rendered":"A Tour de France VIP vend\u00e9g programja: A \u0160koda csal\u00e1dja val\u00f3ra v\u00e1ltja az \u00e1lmot"},"content":{"rendered":"<p>\u201e<strong>Nyert\u00e9l egy helyet a \u0160koda Tour de France VIP programj\u00e1ban!\u201d Egy olyan mondat, amir\u0151l a \u201enagy hurok\u201d \u2013 azaz a La Grande Boucle, ahogy a franci\u00e1k nevezik a versenyt &#8211; minden lelkes rajong\u00f3ja \u00e1lmodozik, hogy ez v\u00e1rja majd a bej\u00f6v\u0151 e-mailjei k\u00f6z\u00f6tt, miut\u00e1n r\u00e9szt vett egy verseny\u00fck\u00f6n. Sokat \u00edrtunk m\u00e1r a szerencs\u00e9s r\u00e9sztvev\u0151k tapasztalatair\u00f3l; a gy\u0151zelem \u00f6r\u00f6m\u00e9r\u0151l, a l\u00e9legzetel\u00e1ll\u00edt\u00f3 helikopteres szakasz terepszeml\u00e9r\u0151l, az \u00fat menti grill partikr\u00f3l \u00e9s a reggeli csoportos teker\u00e9sr\u0151l Andy Schleckkel, aki kor\u00e1bban profik\u00e9nt versenyzett \u00e9s egy \u00e9l\u0151 orsz\u00e1g\u00fati ker\u00e9kp\u00e1ros legend\u00e1nak sz\u00e1m\u00edt. Ez\u00fattal viszont m\u00e1shonnan k\u00f6zel\u00edtj\u00fck meg a t\u00e9m\u00e1t.<\/strong><\/p>\n<p><!--more--><\/p>\n<p>Bemer\u00e9szkedt\u00fcnk annak az esem\u00e9nynek a kulissz\u00e1i m\u00f6g\u00e9, amely a ker\u00e9kp\u00e1roz\u00e1s szerelmesei sz\u00e1m\u00e1ra a legnagyobb \u00e9lm\u00e9nyt jelenti, \u00e9s megkerest\u00fck Simona Ka\u0161p\u00e1rkov\u00e1t, a \u0160koda VIP programj\u00e1nak menedzser\u00e9t, hogy kifaggassuk r\u00f3la, hogyan birk\u00f3zik meg a csapata az eg\u00e9sz h\u00f3napon \u00e1t tart\u00f3 \u0151r\u00fclettel.<\/p>\n<p><strong>Mi\u00f3ta l\u00e9tezik a VIP vend\u00e9g programotok \u00e9s te mi\u00f3ta vagy a r\u00e9szese?<\/strong><\/p>\n<p>2004-ben a \u0160koda a Tour partnere lett, \u00e9s a versenyt szervez\u0151 Amaury Sport Organisation (ASO) nev\u0171 szervezettel k\u00f6z\u00f6sen rendeztek egy kisebb esem\u00e9nyt, amelynek az volt az aprop\u00f3ja, hogy el\u00e9rhet\u0151bb\u00e9 tegy\u00e9k a Tour-t a legfontosabb \u00fcgyfeleik \u00e9s a k\u00f6z\u00f6ns\u00e9g sz\u00e1m\u00e1ra is, k\u00fcl\u00f6n\u00f6s tekintettel a ker\u00e9kp\u00e1roz\u00e1s szerelmeseire. Ez az els\u0151 pr\u00f3b\u00e1lkoz\u00e1s azt\u00e1n a k\u00f6vetkez\u0151 n\u00e9gy \u00e9vben alakult \u00e1t a hivatalos VIP vend\u00e9g programm\u00e1 v\u00e9g\u00fcl 2008-ban. \u00c9n 2015 \u00f3ta vagyok a r\u00e9szese.<\/p>\n<p><a href=\"https:\/\/d2p6e6u75xmxt8.cloudfront.net\/12\/2019\/07\/IMG_0848-1024x575-2.jpg\"><img loading=\"lazy\" decoding=\"async\" class=\"size-full wp-image-4451\" src=\"https:\/\/d2p6e6u75xmxt8.cloudfront.net\/12\/2019\/07\/IMG_0848-1024x575-2.jpg\" alt=\"\" width=\"1024\" height=\"575\" srcset=\"https:\/\/d2p6e6u75xmxt8.cloudfront.net\/12\/2019\/07\/IMG_0848-1024x575-2.jpg 1024w, https:\/\/d2p6e6u75xmxt8.cloudfront.net\/12\/2019\/07\/IMG_0848-1024x575-2-300x168.jpg 300w, https:\/\/d2p6e6u75xmxt8.cloudfront.net\/12\/2019\/07\/IMG_0848-1024x575-2-768x431.jpg 768w\" sizes=\"auto, (max-width: 1024px) 100vw, 1024px\" \/><\/a><\/p>\n<p><strong>Hogyan v\u00e1lt az eg\u00e9sz koncepci\u00f3 val\u00f3s\u00e1gg\u00e1?<\/strong><\/p>\n<p>Nos, szponzork\u00e9nt a \u0160koda alapvet\u0151en profit\u00e1l a szerz\u0151d\u00e9sb\u0151l, amelyet mi sz\u00e1z sz\u00e1zal\u00e9kosan ki akartunk haszn\u00e1lni. \u00cdgy j\u00f6tt az \u00f6tlet, hogy megh\u00edvjuk a besz\u00e1ll\u00edt\u00f3kat, m\u00e1rkakeresked\u0151ket, \u00fajs\u00e1g\u00edr\u00f3kat \u00e9s m\u00e1s vend\u00e9geket, hogy k\u00f6zelebbr\u0151l is megismerj\u00e9k a Tourt. Ezen k\u00edv\u00fcl pedig, ez egy olyan h\u00e1rom napos \u00e9lm\u00e9ny, ami \u00e1ltal\u00e1ban egyszer adatik csak meg.<\/p>\n<p><strong>Ugyanaz a csapat szervezi a VIP programot minden \u00e9vben? Lehet azt mondani, hogy ti a Tour de France kulissz\u00e1i m\u00f6g\u00f6tt egy fajta csal\u00e1dk\u00e9nt m\u0171k\u00f6dt\u00f6k?<\/strong><\/p>\n<p>Igen, ez teljes m\u00e9rt\u00e9kig igaz r\u00e1nk. Van olyan csapattagunk, aki m\u00e1r tizenharmadik \u00e9ve van vel\u00fcnk, a t\u00f6bbiek pedig 5-10 \u00e9ve tagjai a csapatnak. Ugyanakkor mindig van v\u00e9rfriss\u00edt\u00e9s is, mivel nem mindenki tud egy eg\u00e9sz h\u00f3napra elszabadulni a munkahely\u00e9r\u0151l \u00e9s be\u00e1ldozni az \u00f6sszes szabads\u00e1g\u00e1t. Viszont akad, aki igen \u00e9s \u0151k megteszik ezt minden \u00e9vben. \u00c1ltal\u00e1ban a csapat 20 sz\u00e1zal\u00e9ka cser\u00e9l\u0151dik, mindig akad olyan hostess vagy sof\u0151r, aki \u00e9pp nem tud elj\u00f6nni.<\/p>\n<div id='gallery-1' class='gallery galleryid-4450 gallery-columns-2 gallery-size-large'><figure class='gallery-item'>\n\t\t\t<div class='gallery-icon portrait'>\n\t\t\t\t<a href='https:\/\/d2p6e6u75xmxt8.cloudfront.net\/12\/2019\/07\/131.jpg'><img loading=\"lazy\" decoding=\"async\" width=\"600\" height=\"797\" src=\"https:\/\/d2p6e6u75xmxt8.cloudfront.net\/12\/2019\/07\/131.jpg\" class=\"attachment-large size-large\" alt=\"\" srcset=\"https:\/\/d2p6e6u75xmxt8.cloudfront.net\/12\/2019\/07\/131.jpg 600w, https:\/\/d2p6e6u75xmxt8.cloudfront.net\/12\/2019\/07\/131-226x300.jpg 226w\" sizes=\"auto, (max-width: 600px) 100vw, 600px\" \/><\/a>\n\t\t\t<\/div><\/figure><figure class='gallery-item'>\n\t\t\t<div class='gallery-icon landscape'>\n\t\t\t\t<a href='https:\/\/d2p6e6u75xmxt8.cloudfront.net\/12\/2019\/07\/10-2.jpg'><img loading=\"lazy\" decoding=\"async\" width=\"900\" height=\"600\" src=\"https:\/\/d2p6e6u75xmxt8.cloudfront.net\/12\/2019\/07\/10-2.jpg\" class=\"attachment-large size-large\" alt=\"\" srcset=\"https:\/\/d2p6e6u75xmxt8.cloudfront.net\/12\/2019\/07\/10-2.jpg 900w, https:\/\/d2p6e6u75xmxt8.cloudfront.net\/12\/2019\/07\/10-2-300x200.jpg 300w, https:\/\/d2p6e6u75xmxt8.cloudfront.net\/12\/2019\/07\/10-2-768x512.jpg 768w, https:\/\/d2p6e6u75xmxt8.cloudfront.net\/12\/2019\/07\/10-2-272x182.jpg 272w\" sizes=\"auto, (max-width: 900px) 100vw, 900px\" \/><\/a>\n\t\t\t<\/div><\/figure>\n\t\t<\/div>\n\n<p><a href=\"https:\/\/d2p6e6u75xmxt8.cloudfront.net\/12\/2019\/07\/22-1.jpg\"><img loading=\"lazy\" decoding=\"async\" class=\"alignnone size-full wp-image-4452\" src=\"https:\/\/d2p6e6u75xmxt8.cloudfront.net\/12\/2019\/07\/22-1.jpg\" alt=\"\" width=\"900\" height=\"600\" srcset=\"https:\/\/d2p6e6u75xmxt8.cloudfront.net\/12\/2019\/07\/22-1.jpg 900w, https:\/\/d2p6e6u75xmxt8.cloudfront.net\/12\/2019\/07\/22-1-300x200.jpg 300w, https:\/\/d2p6e6u75xmxt8.cloudfront.net\/12\/2019\/07\/22-1-768x512.jpg 768w, https:\/\/d2p6e6u75xmxt8.cloudfront.net\/12\/2019\/07\/22-1-272x182.jpg 272w\" sizes=\"auto, (max-width: 900px) 100vw, 900px\" \/><\/a><strong>A csapatodnak fontos szerepe van abban, hogy a VIP vend\u00e9gek \u00e9s a gy\u0151ztesek otthon \u00e9rezz\u00e9k magukat. Van b\u00e1rmilyen speci\u00e1lis strat\u00e9gi\u00e1tok?<\/strong><\/p>\n<p>Term\u00e9szetesen az eg\u00e9sz a csapattagok kiv\u00e1laszt\u00e1s\u00e1val kezd\u0151dik. Pr\u00f3b\u00e1lunk olyan emberekkel dolgozni, akiket m\u00e1r ismer\u00fcnk, vagy akiket \u00fagy aj\u00e1nlottak be nek\u00fcnk, de legf\u0151bbk\u00e9ppen olyanokkal, akik ker\u00e9kp\u00e1r fanatikusok vagy akt\u00edv tagjai a ker\u00e9kp\u00e1ros t\u00e1rsadalomnak, \u00edgy t\u00e9nyleg \u00fagy tudunk egy\u00fctt dolgozni, mint egy csal\u00e1d, minden akad\u00e1ly n\u00e9lk\u00fcl.<\/p>\n<p><strong>Izgatottan v\u00e1rj\u00e1tok minden \u00e9vben, hogy \u00fajra l\u00e1ss\u00e1tok egym\u00e1st? A VIP programon k\u00edv\u00fcl is tartj\u00e1tok a kapcsolatot?<\/strong><\/p>\n<p>Igen tartjuk \u00e9s ez szuper dolog. T\u00e9nyleg olyan, mintha tal\u00e1lt\u00e1l volna egy m\u00e1sodik csal\u00e1dot. Egy mozgalmas h\u00f3napot t\u00f6lt\u00f6t\u00f6k el szorosan egy\u00fctt dolgozva a t\u00f6bbiekkel, \u00e9s mivel hat\u00e9konynak kell lennetek, nagyon j\u00f3l \u00f6sszekov\u00e1csol\u00f3dtok.<\/p>\n<p><a href=\"https:\/\/d2p6e6u75xmxt8.cloudfront.net\/12\/2019\/07\/Hospitality-Program-Ondrej-Filgas.jpg\"><img loading=\"lazy\" decoding=\"async\" class=\"alignnone size-full wp-image-4453\" src=\"https:\/\/d2p6e6u75xmxt8.cloudfront.net\/12\/2019\/07\/Hospitality-Program-Ondrej-Filgas.jpg\" alt=\"\" width=\"1377\" height=\"918\" srcset=\"https:\/\/d2p6e6u75xmxt8.cloudfront.net\/12\/2019\/07\/Hospitality-Program-Ondrej-Filgas.jpg 1377w, https:\/\/d2p6e6u75xmxt8.cloudfront.net\/12\/2019\/07\/Hospitality-Program-Ondrej-Filgas-300x200.jpg 300w, https:\/\/d2p6e6u75xmxt8.cloudfront.net\/12\/2019\/07\/Hospitality-Program-Ondrej-Filgas-768x512.jpg 768w, https:\/\/d2p6e6u75xmxt8.cloudfront.net\/12\/2019\/07\/Hospitality-Program-Ondrej-Filgas-1024x683.jpg 1024w, https:\/\/d2p6e6u75xmxt8.cloudfront.net\/12\/2019\/07\/Hospitality-Program-Ondrej-Filgas-272x182.jpg 272w\" sizes=\"auto, (max-width: 1377px) 100vw, 1377px\" \/><\/a><strong>Sz\u00e1modra mi a legfontosabb visszacsatol\u00e1s egy ilyen volumen\u0171 esem\u00e9ny szervez\u00e9s\u00e9vel kapcsolatban?<\/strong><\/p>\n<p>Mindenk\u00e9pp az, hogy olyan helyekre jutok el, ahov\u00e1 nincs mindenkinek lehet\u0151s\u00e9ge, \u00e9s tal\u00e1lkozom a versenyz\u0151kkel, ami alapvet\u0151en val\u00f3sz\u00edn\u0171leg soha nem lenne lehets\u00e9ges. Konkr\u00e9t p\u00e9ldak\u00e9nt hihetetlen \u00e9lm\u00e9ny volt tal\u00e1lkozni vezet\u0151 cseh ker\u00e9kp\u00e1rosainkkal, Zden\u011bk \u0160tybarral, Roman Kreuzigerrel vagy Jan B\u00e1rt\u00e1val, illetve olyan vil\u00e1gh\u00edr\u0171 csillagokkal, mint Quintana, Froome vagy Sagan&#8230;\u00a0 Egyszer\u0171en a Tour de France r\u00e9szese vagy \u00e9s ez egy leny\u0171g\u00f6z\u0151 dolog.<\/p>\n<p><strong>Az utols\u00f3 k\u00e9rd\u00e9s\u00fcnk a szerencs\u00e9s gy\u0151ztesekkel kapcsolatos. Volt b\u00e1rmilyen reakci\u00f3 vagy t\u00f6rt\u00e9net, ami megragadt benned?<\/strong><\/p>\n<p>P\u00e1r \u00e9ve volt k\u00e9t gy\u0151ztes\u00fcnk az Egyes\u00fclt Kir\u00e1lys\u00e1gb\u00f3l, akik az utols\u00f3 el\u0151tti pillanatig nem akart\u00e1k elhinni, hogy nem csak ugratja \u0151ket valaki. M\u00e9g a rept\u00e9ri besz\u00e1ll\u00f3 kapukn\u00e1l val\u00f3 v\u00e1rakoz\u00e1skor is azt v\u00e1rt\u00e1k, mikor k\u00f6zlik vel\u00fck, hogy hol van a kandi kamera. V\u00e9g\u00fcl boldogan sz\u00e1lltak fel, \u00e9s csod\u00e1latosan \u00e9rezt\u00e9k magukat a Touron. \u00d6t \u00e9v alatt rengeteg olyan lelkes rajong\u00f3val tal\u00e1lkoztam, mint \u0151k \u00e9s sz\u00e1mtalan csod\u00e1latos t\u00f6rt\u00e9netet hallottam.<\/p>\n<p>K\u00f6sz\u00f6nj\u00fck Simona Ka\u0161p\u00e1rkov\u00e1, \u00e9s tov\u00e1bbi fantasztikus tal\u00e1lkoz\u00e1sokat \u00e9s \u00e9lm\u00e9nyeket k\u00edv\u00e1nunk az elk\u00f6vetkezend\u0151 versenyekre!<\/p>\n<p>&nbsp;<\/p>\n","protected":false},"excerpt":{"rendered":"<p>\u201eNyert\u00e9l egy helyet a \u0160koda Tour de France VIP programj\u00e1ban!\u201d Egy olyan mondat, amir\u0151l a \u201enagy hurok\u201d \u2013 azaz a [&hellip;]<\/p>\n","protected":false},"author":71,"featured_media":4455,"comment_status":"open","ping_status":"open","sticky":false,"template":"","format":"standard","meta":{"footnotes":""},"categories":[8],"tags":[411,79],"global-categories":[],"class_list":["post-4450","post","type-post","status-publish","format-standard","has-post-thumbnail","hentry","category-orszaguti-kerekpar","tag-la-grande-boucle","tag-tour-de-france"],"yoast_head":"<!-- This site is optimized with the Yoast SEO Premium plugin v25.3 (Yoast SEO v25.9) - https:\/\/yoast.com\/wordpress\/plugins\/seo\/ -->\n<title>A Tour de France VIP vend\u00e9g programja: A \u0160koda csal\u00e1dja val\u00f3ra v\u00e1ltja az \u00e1lmot - \u0160koda We Love Cycling - Magyarorsz\u00e1g<\/title>\n<meta name=\"robots\" content=\"index, follow, max-snippet:-1, max-image-preview:large, max-video-preview:-1\" \/>\n<link rel=\"canonical\" href=\"https:\/\/www.welovecycling.com\/hu\/orszaguti-kerekpar\/a-tour-de-france-vip-vendeg-programja-a-skoda-csaladja-valora-valtja-az-almot\/\" \/>\n<meta property=\"og:locale\" content=\"hu_HU\" \/>\n<meta property=\"og:type\" content=\"article\" \/>\n<meta property=\"og:title\" content=\"A Tour de France VIP vend\u00e9g programja: A \u0160koda csal\u00e1dja val\u00f3ra v\u00e1ltja az \u00e1lmot\" \/>\n<meta property=\"og:description\" content=\"\u201eNyert\u00e9l egy helyet a \u0160koda Tour de France VIP programj\u00e1ban!\u201d Egy olyan mondat, amir\u0151l a \u201enagy hurok\u201d \u2013 azaz a [&hellip;]\" \/>\n<meta property=\"og:url\" content=\"https:\/\/www.welovecycling.com\/hu\/orszaguti-kerekpar\/a-tour-de-france-vip-vendeg-programja-a-skoda-csaladja-valora-valtja-az-almot\/\" \/>\n<meta property=\"og:site_name\" content=\"\u0160koda We Love Cycling - Magyarorsz\u00e1g\" \/>\n<meta property=\"article:publisher\" content=\"https:\/\/www.facebook.com\/WeLoveCyclingHungary\/\" \/>\n<meta property=\"article:published_time\" content=\"2019-07-20T01:00:49+00:00\" \/>\n<meta property=\"og:image\" content=\"https:\/\/d2p6e6u75xmxt8.cloudfront.net\/12\/2019\/07\/FotorCreated.jpg\" \/>\n\t<meta property=\"og:image:width\" content=\"1375\" \/>\n\t<meta property=\"og:image:height\" content=\"600\" \/>\n\t<meta property=\"og:image:type\" content=\"image\/jpeg\" \/>\n<meta name=\"author\" content=\"hegyizs\" \/>\n<meta name=\"twitter:card\" content=\"summary_large_image\" \/>\n<meta name=\"twitter:label1\" content=\"Written by\" \/>\n\t<meta name=\"twitter:data1\" content=\"WeLoveCycling\" \/>\n\t<meta name=\"twitter:label2\" content=\"Est. reading time\" \/>\n\t<meta name=\"twitter:data2\" content=\"5\" \/>\n<script type=\"application\/ld+json\" class=\"yoast-schema-graph\">{\"@context\":\"https:\/\/schema.org\",\"@graph\":[{\"@type\":\"WebPage\",\"@id\":\"https:\/\/www.welovecycling.com\/hu\/orszaguti-kerekpar\/a-tour-de-france-vip-vendeg-programja-a-skoda-csaladja-valora-valtja-az-almot\/\",\"url\":\"https:\/\/www.welovecycling.com\/hu\/orszaguti-kerekpar\/a-tour-de-france-vip-vendeg-programja-a-skoda-csaladja-valora-valtja-az-almot\/\",\"name\":\"A Tour de France VIP vend\u00e9g programja: A \u0160koda csal\u00e1dja val\u00f3ra v\u00e1ltja az \u00e1lmot - \u0160koda We Love Cycling - Magyarorsz\u00e1g\",\"isPartOf\":{\"@id\":\"https:\/\/www.welovecycling.com\/hu\/#website\"},\"primaryImageOfPage\":{\"@id\":\"https:\/\/www.welovecycling.com\/hu\/orszaguti-kerekpar\/a-tour-de-france-vip-vendeg-programja-a-skoda-csaladja-valora-valtja-az-almot\/#primaryimage\"},\"image\":{\"@id\":\"https:\/\/www.welovecycling.com\/hu\/orszaguti-kerekpar\/a-tour-de-france-vip-vendeg-programja-a-skoda-csaladja-valora-valtja-az-almot\/#primaryimage\"},\"thumbnailUrl\":\"https:\/\/d2p6e6u75xmxt8.cloudfront.net\/12\/2019\/07\/FotorCreated.jpg\",\"datePublished\":\"2019-07-20T01:00:49+00:00\",\"author\":{\"@id\":\"https:\/\/www.welovecycling.com\/hu\/#\/schema\/person\/414a2aebf1801691a5320edb6468e194\"},\"breadcrumb\":{\"@id\":\"https:\/\/www.welovecycling.com\/hu\/orszaguti-kerekpar\/a-tour-de-france-vip-vendeg-programja-a-skoda-csaladja-valora-valtja-az-almot\/#breadcrumb\"},\"inLanguage\":\"hu\",\"potentialAction\":[{\"@type\":\"ReadAction\",\"target\":[\"https:\/\/www.welovecycling.com\/hu\/orszaguti-kerekpar\/a-tour-de-france-vip-vendeg-programja-a-skoda-csaladja-valora-valtja-az-almot\/\"]}]},{\"@type\":\"ImageObject\",\"inLanguage\":\"hu\",\"@id\":\"https:\/\/www.welovecycling.com\/hu\/orszaguti-kerekpar\/a-tour-de-france-vip-vendeg-programja-a-skoda-csaladja-valora-valtja-az-almot\/#primaryimage\",\"url\":\"https:\/\/d2p6e6u75xmxt8.cloudfront.net\/12\/2019\/07\/FotorCreated.jpg\",\"contentUrl\":\"https:\/\/d2p6e6u75xmxt8.cloudfront.net\/12\/2019\/07\/FotorCreated.jpg\",\"width\":1375,\"height\":600,\"caption\":\"The 2016 winners moments before the flyover.\"},{\"@type\":\"BreadcrumbList\",\"@id\":\"https:\/\/www.welovecycling.com\/hu\/orszaguti-kerekpar\/a-tour-de-france-vip-vendeg-programja-a-skoda-csaladja-valora-valtja-az-almot\/#breadcrumb\",\"itemListElement\":[{\"@type\":\"ListItem\",\"position\":1,\"name\":\"Home\",\"item\":\"https:\/\/www.welovecycling.com\/hu\/\"},{\"@type\":\"ListItem\",\"position\":2,\"name\":\"A Tour de France VIP vend\u00e9g programja: A \u0160koda csal\u00e1dja val\u00f3ra v\u00e1ltja az \u00e1lmot\"}]},{\"@type\":\"WebSite\",\"@id\":\"https:\/\/www.welovecycling.com\/hu\/#website\",\"url\":\"https:\/\/www.welovecycling.com\/hu\/\",\"name\":\"\u0160koda We Love Cycling - Magyarorsz\u00e1g\",\"description\":\"\u0160koda WeLoveCycling\",\"potentialAction\":[{\"@type\":\"SearchAction\",\"target\":{\"@type\":\"EntryPoint\",\"urlTemplate\":\"https:\/\/www.welovecycling.com\/hu\/?s={search_term_string}\"},\"query-input\":{\"@type\":\"PropertyValueSpecification\",\"valueRequired\":true,\"valueName\":\"search_term_string\"}}],\"inLanguage\":\"hu\"},{\"@type\":\"Person\",\"@id\":\"https:\/\/www.welovecycling.com\/hu\/#\/schema\/person\/414a2aebf1801691a5320edb6468e194\",\"name\":\"hegyizs\",\"image\":{\"@type\":\"ImageObject\",\"inLanguage\":\"hu\",\"@id\":\"https:\/\/www.welovecycling.com\/hu\/#\/schema\/person\/image\/\",\"url\":\"https:\/\/secure.gravatar.com\/avatar\/02cf8a7906b8cf90cecb4679defac7cfd33a1c2e3b88e4903d947f3bb58eedd3?s=96&d=mm&r=g\",\"contentUrl\":\"https:\/\/secure.gravatar.com\/avatar\/02cf8a7906b8cf90cecb4679defac7cfd33a1c2e3b88e4903d947f3bb58eedd3?s=96&d=mm&r=g\",\"caption\":\"hegyizs\"},\"url\":\"https:\/\/www.welovecycling.com\/hu\/author\/hegyizs\/\"}]}<\/script>\n<!-- \/ Yoast SEO Premium plugin. -->","yoast_head_json":{"title":"A Tour de France VIP vend\u00e9g programja: A \u0160koda csal\u00e1dja val\u00f3ra v\u00e1ltja az \u00e1lmot - \u0160koda We Love Cycling - Magyarorsz\u00e1g","robots":{"index":"index","follow":"follow","max-snippet":"max-snippet:-1","max-image-preview":"max-image-preview:large","max-video-preview":"max-video-preview:-1"},"canonical":"https:\/\/www.welovecycling.com\/hu\/orszaguti-kerekpar\/a-tour-de-france-vip-vendeg-programja-a-skoda-csaladja-valora-valtja-az-almot\/","og_locale":"hu_HU","og_type":"article","og_title":"A Tour de France VIP vend\u00e9g programja: A \u0160koda csal\u00e1dja val\u00f3ra v\u00e1ltja az \u00e1lmot","og_description":"\u201eNyert\u00e9l egy helyet a \u0160koda Tour de France VIP programj\u00e1ban!\u201d Egy olyan mondat, amir\u0151l a \u201enagy hurok\u201d \u2013 azaz a [&hellip;]","og_url":"https:\/\/www.welovecycling.com\/hu\/orszaguti-kerekpar\/a-tour-de-france-vip-vendeg-programja-a-skoda-csaladja-valora-valtja-az-almot\/","og_site_name":"\u0160koda We Love Cycling - Magyarorsz\u00e1g","article_publisher":"https:\/\/www.facebook.com\/WeLoveCyclingHungary\/","article_published_time":"2019-07-20T01:00:49+00:00","og_image":[{"width":1375,"height":600,"url":"https:\/\/d2p6e6u75xmxt8.cloudfront.net\/12\/2019\/07\/FotorCreated.jpg","type":"image\/jpeg"}],"author":"hegyizs","twitter_card":"summary_large_image","twitter_misc":{"Written by":"WeLoveCycling","Est. reading time":"5"},"schema":{"@context":"https:\/\/schema.org","@graph":[{"@type":"WebPage","@id":"https:\/\/www.welovecycling.com\/hu\/orszaguti-kerekpar\/a-tour-de-france-vip-vendeg-programja-a-skoda-csaladja-valora-valtja-az-almot\/","url":"https:\/\/www.welovecycling.com\/hu\/orszaguti-kerekpar\/a-tour-de-france-vip-vendeg-programja-a-skoda-csaladja-valora-valtja-az-almot\/","name":"A Tour de France VIP vend\u00e9g programja: A \u0160koda csal\u00e1dja val\u00f3ra v\u00e1ltja az \u00e1lmot - \u0160koda We Love Cycling - Magyarorsz\u00e1g","isPartOf":{"@id":"https:\/\/www.welovecycling.com\/hu\/#website"},"primaryImageOfPage":{"@id":"https:\/\/www.welovecycling.com\/hu\/orszaguti-kerekpar\/a-tour-de-france-vip-vendeg-programja-a-skoda-csaladja-valora-valtja-az-almot\/#primaryimage"},"image":{"@id":"https:\/\/www.welovecycling.com\/hu\/orszaguti-kerekpar\/a-tour-de-france-vip-vendeg-programja-a-skoda-csaladja-valora-valtja-az-almot\/#primaryimage"},"thumbnailUrl":"https:\/\/d2p6e6u75xmxt8.cloudfront.net\/12\/2019\/07\/FotorCreated.jpg","datePublished":"2019-07-20T01:00:49+00:00","author":{"@id":"https:\/\/www.welovecycling.com\/hu\/#\/schema\/person\/414a2aebf1801691a5320edb6468e194"},"breadcrumb":{"@id":"https:\/\/www.welovecycling.com\/hu\/orszaguti-kerekpar\/a-tour-de-france-vip-vendeg-programja-a-skoda-csaladja-valora-valtja-az-almot\/#breadcrumb"},"inLanguage":"hu","potentialAction":[{"@type":"ReadAction","target":["https:\/\/www.welovecycling.com\/hu\/orszaguti-kerekpar\/a-tour-de-france-vip-vendeg-programja-a-skoda-csaladja-valora-valtja-az-almot\/"]}]},{"@type":"ImageObject","inLanguage":"hu","@id":"https:\/\/www.welovecycling.com\/hu\/orszaguti-kerekpar\/a-tour-de-france-vip-vendeg-programja-a-skoda-csaladja-valora-valtja-az-almot\/#primaryimage","url":"https:\/\/d2p6e6u75xmxt8.cloudfront.net\/12\/2019\/07\/FotorCreated.jpg","contentUrl":"https:\/\/d2p6e6u75xmxt8.cloudfront.net\/12\/2019\/07\/FotorCreated.jpg","width":1375,"height":600,"caption":"The 2016 winners moments before the flyover."},{"@type":"BreadcrumbList","@id":"https:\/\/www.welovecycling.com\/hu\/orszaguti-kerekpar\/a-tour-de-france-vip-vendeg-programja-a-skoda-csaladja-valora-valtja-az-almot\/#breadcrumb","itemListElement":[{"@type":"ListItem","position":1,"name":"Home","item":"https:\/\/www.welovecycling.com\/hu\/"},{"@type":"ListItem","position":2,"name":"A Tour de France VIP vend\u00e9g programja: A \u0160koda csal\u00e1dja val\u00f3ra v\u00e1ltja az \u00e1lmot"}]},{"@type":"WebSite","@id":"https:\/\/www.welovecycling.com\/hu\/#website","url":"https:\/\/www.welovecycling.com\/hu\/","name":"\u0160koda We Love Cycling - Magyarorsz\u00e1g","description":"\u0160koda WeLoveCycling","potentialAction":[{"@type":"SearchAction","target":{"@type":"EntryPoint","urlTemplate":"https:\/\/www.welovecycling.com\/hu\/?s={search_term_string}"},"query-input":{"@type":"PropertyValueSpecification","valueRequired":true,"valueName":"search_term_string"}}],"inLanguage":"hu"},{"@type":"Person","@id":"https:\/\/www.welovecycling.com\/hu\/#\/schema\/person\/414a2aebf1801691a5320edb6468e194","name":"hegyizs","image":{"@type":"ImageObject","inLanguage":"hu","@id":"https:\/\/www.welovecycling.com\/hu\/#\/schema\/person\/image\/","url":"https:\/\/secure.gravatar.com\/avatar\/02cf8a7906b8cf90cecb4679defac7cfd33a1c2e3b88e4903d947f3bb58eedd3?s=96&d=mm&r=g","contentUrl":"https:\/\/secure.gravatar.com\/avatar\/02cf8a7906b8cf90cecb4679defac7cfd33a1c2e3b88e4903d947f3bb58eedd3?s=96&d=mm&r=g","caption":"hegyizs"},"url":"https:\/\/www.welovecycling.com\/hu\/author\/hegyizs\/"}]}},"_links":{"self":[{"href":"https:\/\/www.welovecycling.com\/hu\/wp-json\/wp\/v2\/posts\/4450","targetHints":{"allow":["GET"]}}],"collection":[{"href":"https:\/\/www.welovecycling.com\/hu\/wp-json\/wp\/v2\/posts"}],"about":[{"href":"https:\/\/www.welovecycling.com\/hu\/wp-json\/wp\/v2\/types\/post"}],"author":[{"embeddable":true,"href":"https:\/\/www.welovecycling.com\/hu\/wp-json\/wp\/v2\/users\/71"}],"replies":[{"embeddable":true,"href":"https:\/\/www.welovecycling.com\/hu\/wp-json\/wp\/v2\/comments?post=4450"}],"version-history":[{"count":2,"href":"https:\/\/www.welovecycling.com\/hu\/wp-json\/wp\/v2\/posts\/4450\/revisions"}],"predecessor-version":[{"id":4458,"href":"https:\/\/www.welovecycling.com\/hu\/wp-json\/wp\/v2\/posts\/4450\/revisions\/4458"}],"wp:featuredmedia":[{"embeddable":true,"href":"https:\/\/www.welovecycling.com\/hu\/wp-json\/wp\/v2\/media\/4455"}],"wp:attachment":[{"href":"https:\/\/www.welovecycling.com\/hu\/wp-json\/wp\/v2\/media?parent=4450"}],"wp:term":[{"taxonomy":"category","embeddable":true,"href":"https:\/\/www.welovecycling.com\/hu\/wp-json\/wp\/v2\/categories?post=4450"},{"taxonomy":"post_tag","embeddable":true,"href":"https:\/\/www.welovecycling.com\/hu\/wp-json\/wp\/v2\/tags?post=4450"},{"taxonomy":"global-categories","embeddable":true,"href":"https:\/\/www.welovecycling.com\/hu\/wp-json\/wp\/v2\/global-categories?post=4450"}],"curies":[{"name":"wp","href":"https:\/\/api.w.org\/{rel}","templated":true}]}}