{"id":4430,"date":"2019-07-18T02:00:15","date_gmt":"2019-07-18T01:00:15","guid":{"rendered":"https:\/\/www.welovecycling.com\/hu\/?p=4430"},"modified":"2019-07-16T13:16:16","modified_gmt":"2019-07-16T12:16:16","slug":"ki-fogja-megnyerni-a-2019-evi-tour-de-france-t","status":"publish","type":"post","link":"https:\/\/www.welovecycling.com\/hu\/orszaguti-kerekpar\/ki-fogja-megnyerni-a-2019-evi-tour-de-france-t\/","title":{"rendered":"Ki fogja megnyerni a 2019. \u00e9vi Tour de France-t?"},"content":{"rendered":"<p><strong>Azt mondj\u00e1k, az idei Tour de France a felfordul\u00e1sr\u00f3l sz\u00f3l. Ennek f\u00e9ny\u00e9ben mit gondolsz, ki fog nyerni? N\u00e9zz\u00fck, ugyanarra gondolunk-e&#8230;<\/strong><\/p>\n<p><!--more--><\/p>\n<h2><strong>A s\u00e1rga trik\u00f3<\/strong><\/h2>\n<p>Az Ineos csapat olyan mint a sokfej\u0171 h\u00fcdra &#8211; ha egyet lev\u00e1gnak, kett\u0151 n\u0151 a hely\u00e9re. Geraint Thomas biztosan kem\u00e9nyen fog hajtani a 2. s\u00e1rga trik\u00f3ja megszerz\u00e9s\u00e9re, de Egan Bernal, Thomas kolumbiai csapatt\u00e1rsa is biztosan ugyanezt tervezi.<\/p>\n<lite-youtube videoid=qLFUmm09Dc4 params=\"enablejsapi=1\" style=\"background-image: url('https:\/\/i.ytimg.com\/vi_webp\/qLFUmm09Dc4\/maxresdefault.webp');\"><\/lite-youtube>\n<p>Id\u00e9n eddig Bernal megnyerte a P\u00e1rizs\u2013Nizza-ker\u00e9kp\u00e1rversenyt \u00e9s a Tour de Suisse-t is, mindegyik azt jelzi, hogy remek form\u00e1ban v\u00e1g neki a Tournak. Lehet, hogy a 22 \u00e9ves versenyz\u0151 nem olyan tapasztalt, mint mondjuk Chris Froome, de az emelked\u0151ket \u00f6szt\u00f6n\u00f6s tehets\u00e9ggel tudja lek\u00fczdeni, \u00e9s van m\u00e1r p\u00e1r megnyert verseny a h\u00e1ta m\u00f6g\u00f6tt.<\/p>\n<p>Adam Yates ugyan kiesett a La Fl\u00e8che Wallonne versenyb\u0151l, m\u00e9gis jelent\u0151s sz\u00e1mban b\u00fcszk\u00e9lkedhet j\u00f3 eredm\u00e9nyekkel, m\u00e1sodik lett p\u00e9ld\u00e1ul a Terreno-Adriatico \u00e9s a Volta a Catalunya versenyen is. E mellett, Yates negyedik lett a Li\u00e8ge\u2013Bastogne\u2013Li\u00e8ge \u00e9s \u00f6t\u00f6dik a Basque Country megm\u00e9rettet\u00e9sen. Lehet, hogy a Mitchelton-Scott csapattal Yates megd\u00f6nti a 2016-os eredm\u00e9ny\u00e9t? Ez akkor k\u00f6vetkezhet be, ha jobb ritmust alak\u00edtanak ki neki, mint 2018-ban.<\/p>\n<lite-youtube videoid=hIrwBmrcBdI params=\"enablejsapi=1\" style=\"background-image: url('https:\/\/i.ytimg.com\/vi_webp\/hIrwBmrcBdI\/maxresdefault.webp');\"><\/lite-youtube>\n<p>Az alma nem esik messze a f\u00e1j\u00e1t\u00f3l, \u00edgy Thibaut Pinot rajong\u00f3it is \u00f6r\u00f6mmel t\u00f6ltheti el, hogy megnyerte a Giro di Lombardi\u00e1t. S\u0151t, ha m\u00e1r enn\u00e9l a t\u00e9m\u00e1n\u00e1l tartunk, a Groupama \u2013 FDJ csapat sem volt k\u00e9pes mindig a legjobbat kihozni Pinot teljes\u00edtm\u00e9ny\u00e9b\u0151l, mi\u00f3ta 2014-ben a dobog\u00f3ra tudott \u00e1llni, de az, hogy a csapat Arnaud D\u00e9mare-t id\u00e9n kihagyta, legal\u00e1bbis jelezheti, hogy most erre k\u00e9sz\u00fclnek.<\/p>\n<h2><strong>A z\u00f6ld trik\u00f3<\/strong><\/h2>\n<p>A Jumbo-Visma \u00fagy l\u00e1tszik, hogy a s\u00edk terepekre koncentr\u00e1l, \u00e9s a csapat\u00f6ssze\u00e1ll\u00edt\u00e1s alapj\u00e1n az a sz\u00e1nd\u00e9kuk, hogy Dylan Groenewegen tavalyi Tour-eredm\u00e9ny\u00e9t (2 szakaszgy\u0151zelem) t\u00falsz\u00e1rnyalj\u00e1k. Primo\u017e Rogli\u010d most pihen, a csapat ink\u00e1bb n\u00e9h\u00e1ny sz\u00edv\u00f3s \u201edomestique\u201d versenyz\u0151t k\u00fcld harcba, mint Tony Martin \u00e9s George Bennet.<\/p>\n<lite-youtube videoid=RMasaMLWwOY params=\"enablejsapi=1\" style=\"background-image: url('https:\/\/i.ytimg.com\/vi_webp\/RMasaMLWwOY\/maxresdefault.webp');\"><\/lite-youtube>\n<p>Michael Matthews is es\u00e9lyt kap, m\u00edg Fernando Gaviria hi\u00e1nyzik. Matthews egy tapasztalt gy\u0151ztes, 2017-ben megnyerte a Tour pontverseny\u00e9t. A Sunweb az\u00f3ta is sikeresen tartotta Matthewst j\u00f3 form\u00e1ban, tavaly \u0151sszel a montr\u00e9ali \u00e9s a qu\u00e9beci Grand Prix-t is megnyerte, valamint nagy m\u00falt\u00fa Monument versenyeken is bef\u00e9rt a top 10-be id\u00e9n tavasszal.<\/p>\n<p>Mivel Gaviria kihagyja az idei Tourt, Matthews sz\u00e1m\u00e1ra a legnagyobb kih\u00edv\u00e1st az jelentheti, hogy elhappolja a z\u00f6ld trik\u00f3t Peter Sagant\u00f3l. A 2017-es diszkvalifik\u00e1l\u00e1sa kiv\u00e9tel\u00e9vel, a Bora-Hansgrohe versenyz\u0151je 2012 \u00f3ta minden \u00e9vben viselhette a z\u00f6ld trik\u00f3t.<\/p>\n<h2><strong>A p\u00f6tty\u00f6s trik\u00f3<\/strong><\/h2>\n<p>Rafal Majka v\u00e9gzett az \u00e9len a hegyi \u00f6sszetettben a 2016-os Tour de France-on \u00e9s a 2017-es \u201eTour of Slovenia\u201d versenyen egyar\u00e1nt. S\u0151t, Majka kapta a legharciasabb versenyz\u0151nek j\u00e1r\u00f3 elismer\u00e9st is a 15. szakaszon 2016-ban \u00e9s 2018-ban is. A Bora-Hansgrohe rajong\u00f3i abban b\u00edzhatnak, hogy a \u201edomestique\u201d versenyz\u0151k v\u00e1ltakoz\u00f3 t\u00e1mogat\u00e1s\u00e1val a csapat a z\u00f6ld \u00e9s a p\u00f6tty\u00f6s trik\u00f3t is el fogja tudni hozni 2019-ben.<\/p>\n<lite-youtube videoid=CcrAUg8kC2A params=\"enablejsapi=1\" style=\"background-image: url('https:\/\/i.ytimg.com\/vi_webp\/CcrAUg8kC2A\/maxresdefault.webp');\"><\/lite-youtube>\n<p>Az Ark\u00e9a-Samsic szint\u00e9n es\u00e9lyes a p\u00f6tty\u00f6s \u00e9s a z\u00f6ld trik\u00f3 elnyer\u00e9s\u00e9re is. Greipel sajnos egyel\u0151re a h\u00e1tt\u00e9rbe van szor\u00edtva Sagan m\u00f6g\u00f6tt, \u00edgy a csapat Warren Barguilt t\u00e1mogatja teljes er\u0151bedob\u00e1ssal. Mivel Barguil m\u00e1r francia orsz\u00e1g\u00fati bajnok, az Ark\u00e9a-Samsic joggal b\u00edzhat benne, hogy \u00fajra olyan form\u00e1ban lesz, mint 2017-ben, elhozva a legharciasabb versenyz\u0151nek j\u00e1r\u00f3 elismer\u00e9st \u00e9s \u0151 lehet a hegyek kir\u00e1lya is.<\/p>\n","protected":false},"excerpt":{"rendered":"<p>Azt mondj\u00e1k, az idei Tour de France a felfordul\u00e1sr\u00f3l sz\u00f3l. Ennek f\u00e9ny\u00e9ben mit gondolsz, ki fog nyerni? N\u00e9zz\u00fck, ugyanarra gondolunk-e&#8230;<\/p>\n","protected":false},"author":71,"featured_media":4435,"comment_status":"open","ping_status":"open","sticky":false,"template":"","format":"standard","meta":{"footnotes":""},"categories":[8],"tags":[409,192,410,79],"global-categories":[],"class_list":["post-4430","post","type-post","status-publish","format-standard","has-post-thumbnail","hentry","category-orszaguti-kerekpar","tag-egan-bernal","tag-geraint-thomas","tag-rafal-majka","tag-tour-de-france"],"yoast_head":"<!-- This site is optimized with the Yoast SEO Premium plugin v25.3 (Yoast SEO v25.9) - https:\/\/yoast.com\/wordpress\/plugins\/seo\/ -->\n<title>Ki fogja megnyerni a 2019. \u00e9vi Tour de France-t? - \u0160koda We Love Cycling - Magyarorsz\u00e1g<\/title>\n<meta name=\"robots\" content=\"index, follow, max-snippet:-1, max-image-preview:large, max-video-preview:-1\" \/>\n<link rel=\"canonical\" href=\"https:\/\/www.welovecycling.com\/hu\/orszaguti-kerekpar\/ki-fogja-megnyerni-a-2019-evi-tour-de-france-t\/\" \/>\n<meta property=\"og:locale\" content=\"hu_HU\" \/>\n<meta property=\"og:type\" content=\"article\" \/>\n<meta property=\"og:title\" content=\"Ki fogja megnyerni a 2019. \u00e9vi Tour de France-t?\" \/>\n<meta property=\"og:description\" content=\"Azt mondj\u00e1k, az idei Tour de France a felfordul\u00e1sr\u00f3l sz\u00f3l. Ennek f\u00e9ny\u00e9ben mit gondolsz, ki fog nyerni? N\u00e9zz\u00fck, ugyanarra gondolunk-e&#8230;\" \/>\n<meta property=\"og:url\" content=\"https:\/\/www.welovecycling.com\/hu\/orszaguti-kerekpar\/ki-fogja-megnyerni-a-2019-evi-tour-de-france-t\/\" \/>\n<meta property=\"og:site_name\" content=\"\u0160koda We Love Cycling - Magyarorsz\u00e1g\" \/>\n<meta property=\"article:publisher\" content=\"https:\/\/www.facebook.com\/WeLoveCyclingHungary\/\" \/>\n<meta property=\"article:published_time\" content=\"2019-07-18T01:00:15+00:00\" \/>\n<meta property=\"og:image\" content=\"https:\/\/d2p6e6u75xmxt8.cloudfront.net\/12\/2019\/07\/thomas-geraint-tour-2018-profimedia-0396703005-CVR.jpg\" \/>\n\t<meta property=\"og:image:width\" content=\"1366\" \/>\n\t<meta property=\"og:image:height\" content=\"600\" \/>\n\t<meta property=\"og:image:type\" content=\"image\/jpeg\" \/>\n<meta name=\"author\" content=\"hegyizs\" \/>\n<meta name=\"twitter:card\" content=\"summary_large_image\" \/>\n<meta name=\"twitter:label1\" content=\"Written by\" \/>\n\t<meta name=\"twitter:data1\" content=\"Christopher Ashley\" \/>\n\t<meta name=\"twitter:label2\" content=\"Est. reading time\" \/>\n\t<meta name=\"twitter:data2\" content=\"5\" \/>\n<script type=\"application\/ld+json\" class=\"yoast-schema-graph\">{\"@context\":\"https:\/\/schema.org\",\"@graph\":[{\"@type\":\"WebPage\",\"@id\":\"https:\/\/www.welovecycling.com\/hu\/orszaguti-kerekpar\/ki-fogja-megnyerni-a-2019-evi-tour-de-france-t\/\",\"url\":\"https:\/\/www.welovecycling.com\/hu\/orszaguti-kerekpar\/ki-fogja-megnyerni-a-2019-evi-tour-de-france-t\/\",\"name\":\"Ki fogja megnyerni a 2019. \u00e9vi Tour de France-t? - \u0160koda We Love Cycling - Magyarorsz\u00e1g\",\"isPartOf\":{\"@id\":\"https:\/\/www.welovecycling.com\/hu\/#website\"},\"primaryImageOfPage\":{\"@id\":\"https:\/\/www.welovecycling.com\/hu\/orszaguti-kerekpar\/ki-fogja-megnyerni-a-2019-evi-tour-de-france-t\/#primaryimage\"},\"image\":{\"@id\":\"https:\/\/www.welovecycling.com\/hu\/orszaguti-kerekpar\/ki-fogja-megnyerni-a-2019-evi-tour-de-france-t\/#primaryimage\"},\"thumbnailUrl\":\"https:\/\/d2p6e6u75xmxt8.cloudfront.net\/12\/2019\/07\/thomas-geraint-tour-2018-profimedia-0396703005-CVR.jpg\",\"datePublished\":\"2019-07-18T01:00:15+00:00\",\"author\":{\"@id\":\"https:\/\/www.welovecycling.com\/hu\/#\/schema\/person\/414a2aebf1801691a5320edb6468e194\"},\"breadcrumb\":{\"@id\":\"https:\/\/www.welovecycling.com\/hu\/orszaguti-kerekpar\/ki-fogja-megnyerni-a-2019-evi-tour-de-france-t\/#breadcrumb\"},\"inLanguage\":\"hu\",\"potentialAction\":[{\"@type\":\"ReadAction\",\"target\":[\"https:\/\/www.welovecycling.com\/hu\/orszaguti-kerekpar\/ki-fogja-megnyerni-a-2019-evi-tour-de-france-t\/\"]}]},{\"@type\":\"ImageObject\",\"inLanguage\":\"hu\",\"@id\":\"https:\/\/www.welovecycling.com\/hu\/orszaguti-kerekpar\/ki-fogja-megnyerni-a-2019-evi-tour-de-france-t\/#primaryimage\",\"url\":\"https:\/\/d2p6e6u75xmxt8.cloudfront.net\/12\/2019\/07\/thomas-geraint-tour-2018-profimedia-0396703005-CVR.jpg\",\"contentUrl\":\"https:\/\/d2p6e6u75xmxt8.cloudfront.net\/12\/2019\/07\/thomas-geraint-tour-2018-profimedia-0396703005-CVR.jpg\",\"width\":1366,\"height\":600},{\"@type\":\"BreadcrumbList\",\"@id\":\"https:\/\/www.welovecycling.com\/hu\/orszaguti-kerekpar\/ki-fogja-megnyerni-a-2019-evi-tour-de-france-t\/#breadcrumb\",\"itemListElement\":[{\"@type\":\"ListItem\",\"position\":1,\"name\":\"Home\",\"item\":\"https:\/\/www.welovecycling.com\/hu\/\"},{\"@type\":\"ListItem\",\"position\":2,\"name\":\"Ki fogja megnyerni a 2019. \u00e9vi Tour de France-t?\"}]},{\"@type\":\"WebSite\",\"@id\":\"https:\/\/www.welovecycling.com\/hu\/#website\",\"url\":\"https:\/\/www.welovecycling.com\/hu\/\",\"name\":\"\u0160koda We Love Cycling - Magyarorsz\u00e1g\",\"description\":\"\u0160koda WeLoveCycling\",\"potentialAction\":[{\"@type\":\"SearchAction\",\"target\":{\"@type\":\"EntryPoint\",\"urlTemplate\":\"https:\/\/www.welovecycling.com\/hu\/?s={search_term_string}\"},\"query-input\":{\"@type\":\"PropertyValueSpecification\",\"valueRequired\":true,\"valueName\":\"search_term_string\"}}],\"inLanguage\":\"hu\"},{\"@type\":\"Person\",\"@id\":\"https:\/\/www.welovecycling.com\/hu\/#\/schema\/person\/414a2aebf1801691a5320edb6468e194\",\"name\":\"hegyizs\",\"image\":{\"@type\":\"ImageObject\",\"inLanguage\":\"hu\",\"@id\":\"https:\/\/www.welovecycling.com\/hu\/#\/schema\/person\/image\/\",\"url\":\"https:\/\/secure.gravatar.com\/avatar\/02cf8a7906b8cf90cecb4679defac7cfd33a1c2e3b88e4903d947f3bb58eedd3?s=96&d=mm&r=g\",\"contentUrl\":\"https:\/\/secure.gravatar.com\/avatar\/02cf8a7906b8cf90cecb4679defac7cfd33a1c2e3b88e4903d947f3bb58eedd3?s=96&d=mm&r=g\",\"caption\":\"hegyizs\"},\"url\":\"https:\/\/www.welovecycling.com\/hu\/author\/hegyizs\/\"}]}<\/script>\n<!-- \/ Yoast SEO Premium plugin. -->","yoast_head_json":{"title":"Ki fogja megnyerni a 2019. \u00e9vi Tour de France-t? - \u0160koda We Love Cycling - Magyarorsz\u00e1g","robots":{"index":"index","follow":"follow","max-snippet":"max-snippet:-1","max-image-preview":"max-image-preview:large","max-video-preview":"max-video-preview:-1"},"canonical":"https:\/\/www.welovecycling.com\/hu\/orszaguti-kerekpar\/ki-fogja-megnyerni-a-2019-evi-tour-de-france-t\/","og_locale":"hu_HU","og_type":"article","og_title":"Ki fogja megnyerni a 2019. \u00e9vi Tour de France-t?","og_description":"Azt mondj\u00e1k, az idei Tour de France a felfordul\u00e1sr\u00f3l sz\u00f3l. Ennek f\u00e9ny\u00e9ben mit gondolsz, ki fog nyerni? N\u00e9zz\u00fck, ugyanarra gondolunk-e&#8230;","og_url":"https:\/\/www.welovecycling.com\/hu\/orszaguti-kerekpar\/ki-fogja-megnyerni-a-2019-evi-tour-de-france-t\/","og_site_name":"\u0160koda We Love Cycling - Magyarorsz\u00e1g","article_publisher":"https:\/\/www.facebook.com\/WeLoveCyclingHungary\/","article_published_time":"2019-07-18T01:00:15+00:00","og_image":[{"width":1366,"height":600,"url":"https:\/\/d2p6e6u75xmxt8.cloudfront.net\/12\/2019\/07\/thomas-geraint-tour-2018-profimedia-0396703005-CVR.jpg","type":"image\/jpeg"}],"author":"hegyizs","twitter_card":"summary_large_image","twitter_misc":{"Written by":"Christopher Ashley","Est. reading time":"5"},"schema":{"@context":"https:\/\/schema.org","@graph":[{"@type":"WebPage","@id":"https:\/\/www.welovecycling.com\/hu\/orszaguti-kerekpar\/ki-fogja-megnyerni-a-2019-evi-tour-de-france-t\/","url":"https:\/\/www.welovecycling.com\/hu\/orszaguti-kerekpar\/ki-fogja-megnyerni-a-2019-evi-tour-de-france-t\/","name":"Ki fogja megnyerni a 2019. \u00e9vi Tour de France-t? - \u0160koda We Love Cycling - Magyarorsz\u00e1g","isPartOf":{"@id":"https:\/\/www.welovecycling.com\/hu\/#website"},"primaryImageOfPage":{"@id":"https:\/\/www.welovecycling.com\/hu\/orszaguti-kerekpar\/ki-fogja-megnyerni-a-2019-evi-tour-de-france-t\/#primaryimage"},"image":{"@id":"https:\/\/www.welovecycling.com\/hu\/orszaguti-kerekpar\/ki-fogja-megnyerni-a-2019-evi-tour-de-france-t\/#primaryimage"},"thumbnailUrl":"https:\/\/d2p6e6u75xmxt8.cloudfront.net\/12\/2019\/07\/thomas-geraint-tour-2018-profimedia-0396703005-CVR.jpg","datePublished":"2019-07-18T01:00:15+00:00","author":{"@id":"https:\/\/www.welovecycling.com\/hu\/#\/schema\/person\/414a2aebf1801691a5320edb6468e194"},"breadcrumb":{"@id":"https:\/\/www.welovecycling.com\/hu\/orszaguti-kerekpar\/ki-fogja-megnyerni-a-2019-evi-tour-de-france-t\/#breadcrumb"},"inLanguage":"hu","potentialAction":[{"@type":"ReadAction","target":["https:\/\/www.welovecycling.com\/hu\/orszaguti-kerekpar\/ki-fogja-megnyerni-a-2019-evi-tour-de-france-t\/"]}]},{"@type":"ImageObject","inLanguage":"hu","@id":"https:\/\/www.welovecycling.com\/hu\/orszaguti-kerekpar\/ki-fogja-megnyerni-a-2019-evi-tour-de-france-t\/#primaryimage","url":"https:\/\/d2p6e6u75xmxt8.cloudfront.net\/12\/2019\/07\/thomas-geraint-tour-2018-profimedia-0396703005-CVR.jpg","contentUrl":"https:\/\/d2p6e6u75xmxt8.cloudfront.net\/12\/2019\/07\/thomas-geraint-tour-2018-profimedia-0396703005-CVR.jpg","width":1366,"height":600},{"@type":"BreadcrumbList","@id":"https:\/\/www.welovecycling.com\/hu\/orszaguti-kerekpar\/ki-fogja-megnyerni-a-2019-evi-tour-de-france-t\/#breadcrumb","itemListElement":[{"@type":"ListItem","position":1,"name":"Home","item":"https:\/\/www.welovecycling.com\/hu\/"},{"@type":"ListItem","position":2,"name":"Ki fogja megnyerni a 2019. \u00e9vi Tour de France-t?"}]},{"@type":"WebSite","@id":"https:\/\/www.welovecycling.com\/hu\/#website","url":"https:\/\/www.welovecycling.com\/hu\/","name":"\u0160koda We Love Cycling - Magyarorsz\u00e1g","description":"\u0160koda WeLoveCycling","potentialAction":[{"@type":"SearchAction","target":{"@type":"EntryPoint","urlTemplate":"https:\/\/www.welovecycling.com\/hu\/?s={search_term_string}"},"query-input":{"@type":"PropertyValueSpecification","valueRequired":true,"valueName":"search_term_string"}}],"inLanguage":"hu"},{"@type":"Person","@id":"https:\/\/www.welovecycling.com\/hu\/#\/schema\/person\/414a2aebf1801691a5320edb6468e194","name":"hegyizs","image":{"@type":"ImageObject","inLanguage":"hu","@id":"https:\/\/www.welovecycling.com\/hu\/#\/schema\/person\/image\/","url":"https:\/\/secure.gravatar.com\/avatar\/02cf8a7906b8cf90cecb4679defac7cfd33a1c2e3b88e4903d947f3bb58eedd3?s=96&d=mm&r=g","contentUrl":"https:\/\/secure.gravatar.com\/avatar\/02cf8a7906b8cf90cecb4679defac7cfd33a1c2e3b88e4903d947f3bb58eedd3?s=96&d=mm&r=g","caption":"hegyizs"},"url":"https:\/\/www.welovecycling.com\/hu\/author\/hegyizs\/"}]}},"_links":{"self":[{"href":"https:\/\/www.welovecycling.com\/hu\/wp-json\/wp\/v2\/posts\/4430","targetHints":{"allow":["GET"]}}],"collection":[{"href":"https:\/\/www.welovecycling.com\/hu\/wp-json\/wp\/v2\/posts"}],"about":[{"href":"https:\/\/www.welovecycling.com\/hu\/wp-json\/wp\/v2\/types\/post"}],"author":[{"embeddable":true,"href":"https:\/\/www.welovecycling.com\/hu\/wp-json\/wp\/v2\/users\/71"}],"replies":[{"embeddable":true,"href":"https:\/\/www.welovecycling.com\/hu\/wp-json\/wp\/v2\/comments?post=4430"}],"version-history":[{"count":2,"href":"https:\/\/www.welovecycling.com\/hu\/wp-json\/wp\/v2\/posts\/4430\/revisions"}],"predecessor-version":[{"id":4480,"href":"https:\/\/www.welovecycling.com\/hu\/wp-json\/wp\/v2\/posts\/4430\/revisions\/4480"}],"wp:featuredmedia":[{"embeddable":true,"href":"https:\/\/www.welovecycling.com\/hu\/wp-json\/wp\/v2\/media\/4435"}],"wp:attachment":[{"href":"https:\/\/www.welovecycling.com\/hu\/wp-json\/wp\/v2\/media?parent=4430"}],"wp:term":[{"taxonomy":"category","embeddable":true,"href":"https:\/\/www.welovecycling.com\/hu\/wp-json\/wp\/v2\/categories?post=4430"},{"taxonomy":"post_tag","embeddable":true,"href":"https:\/\/www.welovecycling.com\/hu\/wp-json\/wp\/v2\/tags?post=4430"},{"taxonomy":"global-categories","embeddable":true,"href":"https:\/\/www.welovecycling.com\/hu\/wp-json\/wp\/v2\/global-categories?post=4430"}],"curies":[{"name":"wp","href":"https:\/\/api.w.org\/{rel}","templated":true}]}}