{"id":4425,"date":"2019-07-16T09:00:06","date_gmt":"2019-07-16T08:00:06","guid":{"rendered":"https:\/\/www.welovecycling.com\/hu\/?p=4425"},"modified":"2019-07-13T19:49:39","modified_gmt":"2019-07-13T18:49:39","slug":"50-km-es-edzesterv-kezdoknek-masodik-het","status":"publish","type":"post","link":"https:\/\/www.welovecycling.com\/hu\/edzes-es-eletmod\/50-km-es-edzesterv-kezdoknek-masodik-het\/","title":{"rendered":"50 km-es edz\u00e9sterv kezd\u0151knek \u2013 m\u00e1sodik h\u00e9t"},"content":{"rendered":"<p><strong>B\u00e1r tal\u00e1n azt hiszed, heti h\u00e1rom k\u00f6nny\u0171, harminc perces bicikliz\u00e9st\u0151l m\u00e9g nem leszel nagy bring\u00e1s, ennek az ellenkez\u0151je igaz. A k\u00f6vetkezetess\u00e9g a f\u0151 \u00f6sszetev\u0151, a hossz\u00fa id\u0151 \u00e9s az intenzit\u00e1s m\u00e1sodlagosak (de id\u0151vel ezek is meglesznek). S\u0151t, \u00e9rdemes megjegyezni, hogy sokan az\u00e9rt hagyj\u00e1k abba az eg\u00e9szet, mert m\u00e1r az elej\u00e9n t\u00falv\u00e1llalj\u00e1k magukat. Ez\u00e9rt fogjuk a m\u00e1sodik h\u00e9ten csak nagyon \u00f3vatosan emelni a nyeregben t\u00f6lt\u00f6tt id\u0151det.<\/strong><!--more--><\/p>\n<h2><strong>M\u00e1sodik h\u00e9t &#8211; Hosszabb teker\u00e9s<\/strong><\/h2>\n<p>Most, hogy a ker\u00e9kp\u00e1rod m\u00e1r megfelel\u0151en el\u0151 van k\u00e9sz\u00edtve \u00e9s k\u00e9nyelmesen tudsz vele hajtani, itt az alkalom, hogy kicsit n\u00f6velj\u00fck a teker\u00e9ssel t\u00f6lt\u00f6tt id\u0151t. Kb. 30-45 percet c\u00e9lozz meg az els\u0151 k\u00e9t alkalommal, majd vas\u00e1rnapra tartogass egy 60 perces teker\u00e9st! Tov\u00e1bbra is besz\u00e9d temp\u00f3val (BT) teljes\u00edtsd ezeket az alkalmakat.<\/p>\n<p><strong>50 KM EDZ\u00c9STERV KEZD\u0150KNEK<\/strong><\/p>\n<p><img loading=\"lazy\" decoding=\"async\" class=\"alignnone size-full wp-image-4439\" src=\"https:\/\/d2p6e6u75xmxt8.cloudfront.net\/12\/2019\/07\/tabla.jpg\" alt=\"\" width=\"936\" height=\"553\" srcset=\"https:\/\/d2p6e6u75xmxt8.cloudfront.net\/12\/2019\/07\/tabla.jpg 936w, https:\/\/d2p6e6u75xmxt8.cloudfront.net\/12\/2019\/07\/tabla-300x177.jpg 300w, https:\/\/d2p6e6u75xmxt8.cloudfront.net\/12\/2019\/07\/tabla-768x454.jpg 768w\" sizes=\"auto, (max-width: 936px) 100vw, 936px\" \/><\/p>\n<p>Besz\u00e9d temp\u00f3 (BT) \u2013 K\u00f6nny\u0171 temp\u00f3, k\u00e9nyelmes folyamatos besz\u00e9lget\u00e9shez.<\/p>\n<p>M\u00e9rs\u00e9kelt temp\u00f3 (MT) \u2013 Fokozott er\u0151kifejt\u00e9s, szapor\u00e1bb l\u00e9gz\u00e9s, folyamatos besz\u00e9lget\u00e9s nem fenntarthat\u00f3, kb. 60 percen kereszt\u00fcl. Kem\u00e9ny temp\u00f3 (KT) \u2013 Er\u0151ltetett menet, er\u0151teljes l\u00e9gz\u00e9s, besz\u00e9lgetni nem tudsz, csak p\u00e1r percig fenntarthat\u00f3.<\/p>\n<p>Keresztedz\u00e9s: \u00dasz\u00e1s, er\u0151edz\u00e9s.\u00a0 Fut\u00e1s, j\u00f3ga, stb.<\/p>\n<h2><strong>A bringa gyors ellen\u0151rz\u00e9se<\/strong><\/h2>\n<p>Most, hogy m\u00e1r rendszeresen tekersz, \u00e9rdemes r\u00e1szokni arra is, hogy minden alkalom el\u0151tt ellen\u0151rz\u00f6d a biciklid \u00e1llapot\u00e1t. N\u00e9zd meg a gumikat, tapogasd meg, mennyire kem\u00e9nyek. Ha a h\u00fcvelykujjaddal benyomod, csak nagyon enyh\u00e9n szabad engedni\u00fck. Kezd\u00e9skor pr\u00f3b\u00e1ld ki a f\u00e9keket \u00e9s a v\u00e1lt\u00f3t is. B\u00e1r a 60 perces teker\u00e9s nem k\u00fcl\u00f6n\u00f6sebben hossz\u00fa, \u00e9rdemes gondolni arra, hogy milyen hasznos t\u00e1rgyakat viszel magaddal. Figyelmedbe aj\u00e1nljuk a 10 legfontosabbat felsorol\u00f3 list\u00e1nkat.<\/p>\n<h2><strong>Hidrat\u00e1l\u00e1s<\/strong><\/h2>\n<p>Ahogy egyre t\u00f6bb id\u0151t t\u00f6ltesz a ker\u00e9kp\u00e1ron, minden alkalommal gondolj a hidrat\u00e1l\u00e1sra is. Ha egy \u00f3r\u00e1t biciklizel, c\u00e9lozd meg 500-750 ml v\u00edz elfogyaszt\u00e1s\u00e1t, az id\u0151j\u00e1r\u00e1st\u00f3l f\u00fcgg\u0151en. Kortyolj egy kis vizet 10-15 percenk\u00e9nt, minden egyes teker\u00e9s alkalm\u00e1val &#8211; j\u00f3l fog j\u00f6nni, ha ki tudod alak\u00edtani ezt a szok\u00e1st. Arra is \u00e9rdemes figyelni, hogy ne tarts nagyobb \u00e9tkez\u00e9seket a teker\u00e9s el\u0151tti k\u00e9t \u00f3r\u00e1ban, hogy a gyomrod viszonylag \u00fcres legyen, \u00e9s v\u00e9r juthasson az izmaidhoz. De a t\u00e1pl\u00e1lkoz\u00e1sra m\u00e9g visszat\u00e9r\u00fcnk!<\/p>\n<figure id=\"attachment_4427\" aria-describedby=\"caption-attachment-4427\" style=\"width: 1250px\" class=\"wp-caption alignnone\"><a href=\"https:\/\/d2p6e6u75xmxt8.cloudfront.net\/12\/2019\/07\/Bidon-Drinking-profimedia-0408025697.jpg\"><img loading=\"lazy\" decoding=\"async\" class=\"size-full wp-image-4427\" src=\"https:\/\/d2p6e6u75xmxt8.cloudfront.net\/12\/2019\/07\/Bidon-Drinking-profimedia-0408025697.jpg\" alt=\"\" width=\"1250\" height=\"833\" srcset=\"https:\/\/d2p6e6u75xmxt8.cloudfront.net\/12\/2019\/07\/Bidon-Drinking-profimedia-0408025697.jpg 1250w, https:\/\/d2p6e6u75xmxt8.cloudfront.net\/12\/2019\/07\/Bidon-Drinking-profimedia-0408025697-300x200.jpg 300w, https:\/\/d2p6e6u75xmxt8.cloudfront.net\/12\/2019\/07\/Bidon-Drinking-profimedia-0408025697-768x512.jpg 768w, https:\/\/d2p6e6u75xmxt8.cloudfront.net\/12\/2019\/07\/Bidon-Drinking-profimedia-0408025697-1024x682.jpg 1024w, https:\/\/d2p6e6u75xmxt8.cloudfront.net\/12\/2019\/07\/Bidon-Drinking-profimedia-0408025697-272x182.jpg 272w\" sizes=\"auto, (max-width: 1250px) 100vw, 1250px\" \/><\/a><figcaption id=\"caption-attachment-4427\" class=\"wp-caption-text\"><em>Will Clark vesz \u00e1t egy kulacsot a Santos Down Under 2019 versenyen. \u00a9 Profimedia, TEMP Rex Features<\/em><\/figcaption><\/figure>\n<h2><strong>Fitnesz mobilalkalmaz\u00e1sok<\/strong><\/h2>\n<p>Akik szeretik n\u00e9zegetni a sz\u00e1madatokat \u00e9s k\u00f6vetni a fejl\u0151d\u00e9s\u00fcket, manaps\u00e1g m\u00e1r nagyon k\u00f6nnyen tal\u00e1lhatnak fitnesz alkalmaz\u00e1sokat a telefonjukra. Ezek a GPS seg\u00edts\u00e9g\u00e9vel t\u00e9rk\u00e9pen k\u00f6vetik a teker\u00e9sek \u00fatvonal\u00e1t, meg\u00e1llap\u00edtj\u00e1k az \u00e1tlag- \u00e9s maxim\u00e1lis sebess\u00e9get, a megtett t\u00e1vols\u00e1got \u00e9s m\u00e9g sok minden m\u00e1st is. A legt\u00f6bb biciklis a Strava appot haszn\u00e1lja.<\/p>\n","protected":false},"excerpt":{"rendered":"<p>B\u00e1r tal\u00e1n azt hiszed, heti h\u00e1rom k\u00f6nny\u0171, harminc perces bicikliz\u00e9st\u0151l m\u00e9g nem leszel nagy bring\u00e1s, ennek az ellenkez\u0151je igaz. A [&hellip;]<\/p>\n","protected":false},"author":71,"featured_media":4429,"comment_status":"open","ping_status":"open","sticky":false,"template":"","format":"standard","meta":{"footnotes":""},"categories":[6],"tags":[],"global-categories":[],"class_list":["post-4425","post","type-post","status-publish","format-standard","has-post-thumbnail","hentry","category-edzes-es-eletmod"],"yoast_head":"<!-- This site is optimized with the Yoast SEO Premium plugin v25.3 (Yoast SEO v25.9) - https:\/\/yoast.com\/wordpress\/plugins\/seo\/ -->\n<title>50 km-es edz\u00e9sterv kezd\u0151knek \u2013 m\u00e1sodik h\u00e9t - \u0160koda We Love Cycling - Magyarorsz\u00e1g<\/title>\n<meta name=\"robots\" content=\"index, follow, max-snippet:-1, max-image-preview:large, max-video-preview:-1\" \/>\n<link rel=\"canonical\" href=\"https:\/\/www.welovecycling.com\/hu\/edzes-es-eletmod\/50-km-es-edzesterv-kezdoknek-masodik-het\/\" \/>\n<meta property=\"og:locale\" content=\"hu_HU\" \/>\n<meta property=\"og:type\" content=\"article\" \/>\n<meta property=\"og:title\" content=\"50 km-es edz\u00e9sterv kezd\u0151knek \u2013 m\u00e1sodik h\u00e9t\" \/>\n<meta property=\"og:description\" content=\"B\u00e1r tal\u00e1n azt hiszed, heti h\u00e1rom k\u00f6nny\u0171, harminc perces bicikliz\u00e9st\u0151l m\u00e9g nem leszel nagy bring\u00e1s, ennek az ellenkez\u0151je igaz. A [&hellip;]\" \/>\n<meta property=\"og:url\" content=\"https:\/\/www.welovecycling.com\/hu\/edzes-es-eletmod\/50-km-es-edzesterv-kezdoknek-masodik-het\/\" \/>\n<meta property=\"og:site_name\" content=\"\u0160koda We Love Cycling - Magyarorsz\u00e1g\" \/>\n<meta property=\"article:publisher\" content=\"https:\/\/www.facebook.com\/WeLoveCyclingHungary\/\" \/>\n<meta property=\"article:published_time\" content=\"2019-07-16T08:00:06+00:00\" \/>\n<meta property=\"og:image\" content=\"https:\/\/d2p6e6u75xmxt8.cloudfront.net\/12\/2019\/07\/Cycling-Sunny-Training-profimedia-0244819450.jpg\" \/>\n\t<meta property=\"og:image:width\" content=\"1366\" \/>\n\t<meta property=\"og:image:height\" content=\"600\" \/>\n\t<meta property=\"og:image:type\" content=\"image\/jpeg\" \/>\n<meta name=\"author\" content=\"hegyizs\" \/>\n<meta name=\"twitter:card\" content=\"summary_large_image\" \/>\n<meta name=\"twitter:label1\" content=\"Written by\" \/>\n\t<meta name=\"twitter:data1\" content=\"Jiri Kaloc\" \/>\n\t<meta name=\"twitter:label2\" content=\"Est. reading time\" \/>\n\t<meta name=\"twitter:data2\" content=\"4\" \/>\n<script type=\"application\/ld+json\" class=\"yoast-schema-graph\">{\"@context\":\"https:\/\/schema.org\",\"@graph\":[{\"@type\":\"WebPage\",\"@id\":\"https:\/\/www.welovecycling.com\/hu\/edzes-es-eletmod\/50-km-es-edzesterv-kezdoknek-masodik-het\/\",\"url\":\"https:\/\/www.welovecycling.com\/hu\/edzes-es-eletmod\/50-km-es-edzesterv-kezdoknek-masodik-het\/\",\"name\":\"50 km-es edz\u00e9sterv kezd\u0151knek \u2013 m\u00e1sodik h\u00e9t - \u0160koda We Love Cycling - Magyarorsz\u00e1g\",\"isPartOf\":{\"@id\":\"https:\/\/www.welovecycling.com\/hu\/#website\"},\"primaryImageOfPage\":{\"@id\":\"https:\/\/www.welovecycling.com\/hu\/edzes-es-eletmod\/50-km-es-edzesterv-kezdoknek-masodik-het\/#primaryimage\"},\"image\":{\"@id\":\"https:\/\/www.welovecycling.com\/hu\/edzes-es-eletmod\/50-km-es-edzesterv-kezdoknek-masodik-het\/#primaryimage\"},\"thumbnailUrl\":\"https:\/\/d2p6e6u75xmxt8.cloudfront.net\/12\/2019\/07\/Cycling-Sunny-Training-profimedia-0244819450.jpg\",\"datePublished\":\"2019-07-16T08:00:06+00:00\",\"author\":{\"@id\":\"https:\/\/www.welovecycling.com\/hu\/#\/schema\/person\/414a2aebf1801691a5320edb6468e194\"},\"breadcrumb\":{\"@id\":\"https:\/\/www.welovecycling.com\/hu\/edzes-es-eletmod\/50-km-es-edzesterv-kezdoknek-masodik-het\/#breadcrumb\"},\"inLanguage\":\"hu\",\"potentialAction\":[{\"@type\":\"ReadAction\",\"target\":[\"https:\/\/www.welovecycling.com\/hu\/edzes-es-eletmod\/50-km-es-edzesterv-kezdoknek-masodik-het\/\"]}]},{\"@type\":\"ImageObject\",\"inLanguage\":\"hu\",\"@id\":\"https:\/\/www.welovecycling.com\/hu\/edzes-es-eletmod\/50-km-es-edzesterv-kezdoknek-masodik-het\/#primaryimage\",\"url\":\"https:\/\/d2p6e6u75xmxt8.cloudfront.net\/12\/2019\/07\/Cycling-Sunny-Training-profimedia-0244819450.jpg\",\"contentUrl\":\"https:\/\/d2p6e6u75xmxt8.cloudfront.net\/12\/2019\/07\/Cycling-Sunny-Training-profimedia-0244819450.jpg\",\"width\":1366,\"height\":600},{\"@type\":\"BreadcrumbList\",\"@id\":\"https:\/\/www.welovecycling.com\/hu\/edzes-es-eletmod\/50-km-es-edzesterv-kezdoknek-masodik-het\/#breadcrumb\",\"itemListElement\":[{\"@type\":\"ListItem\",\"position\":1,\"name\":\"Home\",\"item\":\"https:\/\/www.welovecycling.com\/hu\/\"},{\"@type\":\"ListItem\",\"position\":2,\"name\":\"50 km-es edz\u00e9sterv kezd\u0151knek \u2013 m\u00e1sodik h\u00e9t\"}]},{\"@type\":\"WebSite\",\"@id\":\"https:\/\/www.welovecycling.com\/hu\/#website\",\"url\":\"https:\/\/www.welovecycling.com\/hu\/\",\"name\":\"\u0160koda We Love Cycling - Magyarorsz\u00e1g\",\"description\":\"\u0160koda WeLoveCycling\",\"potentialAction\":[{\"@type\":\"SearchAction\",\"target\":{\"@type\":\"EntryPoint\",\"urlTemplate\":\"https:\/\/www.welovecycling.com\/hu\/?s={search_term_string}\"},\"query-input\":{\"@type\":\"PropertyValueSpecification\",\"valueRequired\":true,\"valueName\":\"search_term_string\"}}],\"inLanguage\":\"hu\"},{\"@type\":\"Person\",\"@id\":\"https:\/\/www.welovecycling.com\/hu\/#\/schema\/person\/414a2aebf1801691a5320edb6468e194\",\"name\":\"hegyizs\",\"image\":{\"@type\":\"ImageObject\",\"inLanguage\":\"hu\",\"@id\":\"https:\/\/www.welovecycling.com\/hu\/#\/schema\/person\/image\/\",\"url\":\"https:\/\/secure.gravatar.com\/avatar\/02cf8a7906b8cf90cecb4679defac7cfd33a1c2e3b88e4903d947f3bb58eedd3?s=96&d=mm&r=g\",\"contentUrl\":\"https:\/\/secure.gravatar.com\/avatar\/02cf8a7906b8cf90cecb4679defac7cfd33a1c2e3b88e4903d947f3bb58eedd3?s=96&d=mm&r=g\",\"caption\":\"hegyizs\"},\"url\":\"https:\/\/www.welovecycling.com\/hu\/author\/hegyizs\/\"}]}<\/script>\n<!-- \/ Yoast SEO Premium plugin. -->","yoast_head_json":{"title":"50 km-es edz\u00e9sterv kezd\u0151knek \u2013 m\u00e1sodik h\u00e9t - \u0160koda We Love Cycling - Magyarorsz\u00e1g","robots":{"index":"index","follow":"follow","max-snippet":"max-snippet:-1","max-image-preview":"max-image-preview:large","max-video-preview":"max-video-preview:-1"},"canonical":"https:\/\/www.welovecycling.com\/hu\/edzes-es-eletmod\/50-km-es-edzesterv-kezdoknek-masodik-het\/","og_locale":"hu_HU","og_type":"article","og_title":"50 km-es edz\u00e9sterv kezd\u0151knek \u2013 m\u00e1sodik h\u00e9t","og_description":"B\u00e1r tal\u00e1n azt hiszed, heti h\u00e1rom k\u00f6nny\u0171, harminc perces bicikliz\u00e9st\u0151l m\u00e9g nem leszel nagy bring\u00e1s, ennek az ellenkez\u0151je igaz. A [&hellip;]","og_url":"https:\/\/www.welovecycling.com\/hu\/edzes-es-eletmod\/50-km-es-edzesterv-kezdoknek-masodik-het\/","og_site_name":"\u0160koda We Love Cycling - Magyarorsz\u00e1g","article_publisher":"https:\/\/www.facebook.com\/WeLoveCyclingHungary\/","article_published_time":"2019-07-16T08:00:06+00:00","og_image":[{"width":1366,"height":600,"url":"https:\/\/d2p6e6u75xmxt8.cloudfront.net\/12\/2019\/07\/Cycling-Sunny-Training-profimedia-0244819450.jpg","type":"image\/jpeg"}],"author":"hegyizs","twitter_card":"summary_large_image","twitter_misc":{"Written by":"Jiri Kaloc","Est. reading time":"4"},"schema":{"@context":"https:\/\/schema.org","@graph":[{"@type":"WebPage","@id":"https:\/\/www.welovecycling.com\/hu\/edzes-es-eletmod\/50-km-es-edzesterv-kezdoknek-masodik-het\/","url":"https:\/\/www.welovecycling.com\/hu\/edzes-es-eletmod\/50-km-es-edzesterv-kezdoknek-masodik-het\/","name":"50 km-es edz\u00e9sterv kezd\u0151knek \u2013 m\u00e1sodik h\u00e9t - \u0160koda We Love Cycling - Magyarorsz\u00e1g","isPartOf":{"@id":"https:\/\/www.welovecycling.com\/hu\/#website"},"primaryImageOfPage":{"@id":"https:\/\/www.welovecycling.com\/hu\/edzes-es-eletmod\/50-km-es-edzesterv-kezdoknek-masodik-het\/#primaryimage"},"image":{"@id":"https:\/\/www.welovecycling.com\/hu\/edzes-es-eletmod\/50-km-es-edzesterv-kezdoknek-masodik-het\/#primaryimage"},"thumbnailUrl":"https:\/\/d2p6e6u75xmxt8.cloudfront.net\/12\/2019\/07\/Cycling-Sunny-Training-profimedia-0244819450.jpg","datePublished":"2019-07-16T08:00:06+00:00","author":{"@id":"https:\/\/www.welovecycling.com\/hu\/#\/schema\/person\/414a2aebf1801691a5320edb6468e194"},"breadcrumb":{"@id":"https:\/\/www.welovecycling.com\/hu\/edzes-es-eletmod\/50-km-es-edzesterv-kezdoknek-masodik-het\/#breadcrumb"},"inLanguage":"hu","potentialAction":[{"@type":"ReadAction","target":["https:\/\/www.welovecycling.com\/hu\/edzes-es-eletmod\/50-km-es-edzesterv-kezdoknek-masodik-het\/"]}]},{"@type":"ImageObject","inLanguage":"hu","@id":"https:\/\/www.welovecycling.com\/hu\/edzes-es-eletmod\/50-km-es-edzesterv-kezdoknek-masodik-het\/#primaryimage","url":"https:\/\/d2p6e6u75xmxt8.cloudfront.net\/12\/2019\/07\/Cycling-Sunny-Training-profimedia-0244819450.jpg","contentUrl":"https:\/\/d2p6e6u75xmxt8.cloudfront.net\/12\/2019\/07\/Cycling-Sunny-Training-profimedia-0244819450.jpg","width":1366,"height":600},{"@type":"BreadcrumbList","@id":"https:\/\/www.welovecycling.com\/hu\/edzes-es-eletmod\/50-km-es-edzesterv-kezdoknek-masodik-het\/#breadcrumb","itemListElement":[{"@type":"ListItem","position":1,"name":"Home","item":"https:\/\/www.welovecycling.com\/hu\/"},{"@type":"ListItem","position":2,"name":"50 km-es edz\u00e9sterv kezd\u0151knek \u2013 m\u00e1sodik h\u00e9t"}]},{"@type":"WebSite","@id":"https:\/\/www.welovecycling.com\/hu\/#website","url":"https:\/\/www.welovecycling.com\/hu\/","name":"\u0160koda We Love Cycling - Magyarorsz\u00e1g","description":"\u0160koda WeLoveCycling","potentialAction":[{"@type":"SearchAction","target":{"@type":"EntryPoint","urlTemplate":"https:\/\/www.welovecycling.com\/hu\/?s={search_term_string}"},"query-input":{"@type":"PropertyValueSpecification","valueRequired":true,"valueName":"search_term_string"}}],"inLanguage":"hu"},{"@type":"Person","@id":"https:\/\/www.welovecycling.com\/hu\/#\/schema\/person\/414a2aebf1801691a5320edb6468e194","name":"hegyizs","image":{"@type":"ImageObject","inLanguage":"hu","@id":"https:\/\/www.welovecycling.com\/hu\/#\/schema\/person\/image\/","url":"https:\/\/secure.gravatar.com\/avatar\/02cf8a7906b8cf90cecb4679defac7cfd33a1c2e3b88e4903d947f3bb58eedd3?s=96&d=mm&r=g","contentUrl":"https:\/\/secure.gravatar.com\/avatar\/02cf8a7906b8cf90cecb4679defac7cfd33a1c2e3b88e4903d947f3bb58eedd3?s=96&d=mm&r=g","caption":"hegyizs"},"url":"https:\/\/www.welovecycling.com\/hu\/author\/hegyizs\/"}]}},"_links":{"self":[{"href":"https:\/\/www.welovecycling.com\/hu\/wp-json\/wp\/v2\/posts\/4425","targetHints":{"allow":["GET"]}}],"collection":[{"href":"https:\/\/www.welovecycling.com\/hu\/wp-json\/wp\/v2\/posts"}],"about":[{"href":"https:\/\/www.welovecycling.com\/hu\/wp-json\/wp\/v2\/types\/post"}],"author":[{"embeddable":true,"href":"https:\/\/www.welovecycling.com\/hu\/wp-json\/wp\/v2\/users\/71"}],"replies":[{"embeddable":true,"href":"https:\/\/www.welovecycling.com\/hu\/wp-json\/wp\/v2\/comments?post=4425"}],"version-history":[{"count":2,"href":"https:\/\/www.welovecycling.com\/hu\/wp-json\/wp\/v2\/posts\/4425\/revisions"}],"predecessor-version":[{"id":4441,"href":"https:\/\/www.welovecycling.com\/hu\/wp-json\/wp\/v2\/posts\/4425\/revisions\/4441"}],"wp:featuredmedia":[{"embeddable":true,"href":"https:\/\/www.welovecycling.com\/hu\/wp-json\/wp\/v2\/media\/4429"}],"wp:attachment":[{"href":"https:\/\/www.welovecycling.com\/hu\/wp-json\/wp\/v2\/media?parent=4425"}],"wp:term":[{"taxonomy":"category","embeddable":true,"href":"https:\/\/www.welovecycling.com\/hu\/wp-json\/wp\/v2\/categories?post=4425"},{"taxonomy":"post_tag","embeddable":true,"href":"https:\/\/www.welovecycling.com\/hu\/wp-json\/wp\/v2\/tags?post=4425"},{"taxonomy":"global-categories","embeddable":true,"href":"https:\/\/www.welovecycling.com\/hu\/wp-json\/wp\/v2\/global-categories?post=4425"}],"curies":[{"name":"wp","href":"https:\/\/api.w.org\/{rel}","templated":true}]}}