{"id":4415,"date":"2019-07-30T02:00:20","date_gmt":"2019-07-30T01:00:20","guid":{"rendered":"https:\/\/www.welovecycling.com\/hu\/?p=4415"},"modified":"2019-07-29T13:06:37","modified_gmt":"2019-07-29T12:06:37","slug":"inkabb-a-halal-mint-toloszekben-elni","status":"publish","type":"post","link":"https:\/\/www.welovecycling.com\/hu\/trekking-mtb\/inkabb-a-halal-mint-toloszekben-elni\/","title":{"rendered":"\u201eInk\u00e1bb a hal\u00e1l, mint tol\u00f3sz\u00e9kben \u00e9lni\u201d"},"content":{"rendered":"<p><strong>Paul Basagoitia h\u00e1rom \u00e9vvel ezel\u0151tt a legrosszabb r\u00e9m\u00e1lm\u00e1t \u00e9lte \u00e1t. Azonban ha most l\u00e1tn\u00e1d tekerni, nem is sejten\u00e9d, min ment kereszt\u00fcl.<\/strong><!--more--><\/p>\n<p>Egy z\u00f6ld k\u00f6r jelzi az \u00fatvonal neh\u00e9zs\u00e9gi szintj\u00e9t \u2013 \u00e9ppen csak egy fokkal nehezebb, mint a legk\u00f6nnyebb, kezd\u0151 bring\u00e1soknak ki\u00e9p\u00edtett \u00fatvonalat. A talaj puha a hossz\u00fa t\u00e9l alatt \u00f6sszeaszott t\u0171levelek komposz\u00e1t\u00f3l \u00e9s nedves az \u00e9jjeli es\u0151t\u0151l, minden teker\u00e9sn\u00e9l leh\u00fazza a kerekeket. M\u00e9gis, ahogy egyre k\u00f6zelebb \u00e9rkezik \u0151, a bring\u00e1s, l\u00e1tszik, hogy megvan a maga st\u00edlusa: elford\u00edtja a korm\u00e1nyt \u00e9s feldobja a bicikli h\u00e1tulj\u00e1t a leveg\u0151be. Lef\u00e9kez a szakad\u00e9k sz\u00e9l\u00e9n, f\u00f6lddarabok hullanak al\u00e1 \u00e9s s\u00e1ros f\u00f6ldet spriccel sz\u00e9t. A mozdulatai olyan gyorsak \u00e9s pontosak, hogy nem is gondoln\u00e1d, milyen eml\u00e9keket \u0151riznek az izmai.<\/p>\n<p>Eml\u00e9keket arr\u00f3l, hogy milyen \u00e9rz\u00e9s leugratni egy szikl\u00e1r\u00f3l. H\u00e1z-m\u00e9ret\u0171 magass\u00e1gokban egyens\u00falyozni r\u00e1mp\u00e1kon. Leugrani \u00e9s hallani, ahogy a vil\u00e1g neki szurkol, mik\u00f6zben forog, tr\u00fckk\u00f6ket csin\u00e1l. Hallani a t\u00f6meg hangj\u00e1t, ahogy szemtan\u00faja lesz annak, amit h\u00edvhatunk az emberi hat\u00e1rok feszeget\u00e9s\u00e9nek. \u00c9s v\u00e9g\u00fcl eml\u00e9keket egy balesetr\u0151l, ami mindezt elvette t\u0151le.<\/p>\n<figure id=\"attachment_4417\" aria-describedby=\"caption-attachment-4417\" style=\"width: 980px\" class=\"wp-caption alignnone\"><img loading=\"lazy\" decoding=\"async\" class=\"size-full wp-image-4417\" src=\"https:\/\/d2p6e6u75xmxt8.cloudfront.net\/12\/2019\/07\/paul-bas-michael-darter-ian-spanier-2-1561666886.jpg\" alt=\"\" width=\"980\" height=\"1470\" srcset=\"https:\/\/d2p6e6u75xmxt8.cloudfront.net\/12\/2019\/07\/paul-bas-michael-darter-ian-spanier-2-1561666886.jpg 980w, https:\/\/d2p6e6u75xmxt8.cloudfront.net\/12\/2019\/07\/paul-bas-michael-darter-ian-spanier-2-1561666886-200x300.jpg 200w, https:\/\/d2p6e6u75xmxt8.cloudfront.net\/12\/2019\/07\/paul-bas-michael-darter-ian-spanier-2-1561666886-768x1152.jpg 768w, https:\/\/d2p6e6u75xmxt8.cloudfront.net\/12\/2019\/07\/paul-bas-michael-darter-ian-spanier-2-1561666886-683x1024.jpg 683w\" sizes=\"auto, (max-width: 980px) 100vw, 980px\" \/><figcaption id=\"caption-attachment-4417\" class=\"wp-caption-text\">A baleset el\u0151tt Paul ideje nagy r\u00e9sz\u00e9t downhill ker\u00e9kp\u00e1rokon t\u00f6lt\u00f6tte. Most \u00faj utakat fedez fel.<\/figcaption><\/figure>\n<p>H\u00e1rom \u00e9vvel ezel\u0151tt ez a bel\u00e9p\u0151, ez az \u00fatvonal \u00e9s egy\u00e1ltal\u00e1n a ker\u00e9kp\u00e1roz\u00e1s lehetetlennek t\u0171nt. Ahogy az is, hogy valaha mank\u00f3 n\u00e9lk\u00fcl j\u00e1rjon. Egy bizonyos pillanatban m\u00e9g az is k\u00e9rd\u00e9ses volt, hogy fog-e tudni m\u00e9g egyed\u00fcl pisilni. Ha most l\u00e1tjuk, ahogy pocsoly\u00e1kon ugrat \u00e1t, alig tudjuk elhinni, hogy h\u00e1rom \u00e9ve 5% es\u00e9lye volt arra, hogy valaha \u00e9rezni fogja a l\u00e1bait. Ahogy azt sem gondoln\u00e1nk, hogy a ker\u00e9kp\u00e1rj\u00e1r\u00f3l lesz\u00e1llva csak 3-4 m\u00e9tert tud megtenni bot n\u00e9lk\u00fcl.<\/p>\n<p>Ahogy \u00fcl a biciklij\u00e9n, nem l\u00e1tsz m\u00e1st csak egy j\u00f3 bring\u00e1st. Paul Basagoitia minden eddigi, hal\u00e1lt megvet\u0151 tr\u00fckkje k\u00f6z\u00fcl ez a legnagyobb.<\/p>\n<figure id=\"attachment_4422\" aria-describedby=\"caption-attachment-4422\" style=\"width: 980px\" class=\"wp-caption alignnone\"><img loading=\"lazy\" decoding=\"async\" class=\"size-full wp-image-4422\" src=\"https:\/\/d2p6e6u75xmxt8.cloudfront.net\/12\/2019\/07\/paul-bas-redbull-content-pool-1561666949.jpg\" alt=\"\" width=\"980\" height=\"1120\" srcset=\"https:\/\/d2p6e6u75xmxt8.cloudfront.net\/12\/2019\/07\/paul-bas-redbull-content-pool-1561666949.jpg 980w, https:\/\/d2p6e6u75xmxt8.cloudfront.net\/12\/2019\/07\/paul-bas-redbull-content-pool-1561666949-263x300.jpg 263w, https:\/\/d2p6e6u75xmxt8.cloudfront.net\/12\/2019\/07\/paul-bas-redbull-content-pool-1561666949-768x878.jpg 768w, https:\/\/d2p6e6u75xmxt8.cloudfront.net\/12\/2019\/07\/paul-bas-redbull-content-pool-1561666949-896x1024.jpg 896w\" sizes=\"auto, (max-width: 980px) 100vw, 980px\" \/><figcaption id=\"caption-attachment-4422\" class=\"wp-caption-text\">Red Bull Rampage, 2014<\/figcaption><\/figure>\n<p><strong> okt\u00f3ber 16., Utah.<\/strong> Nagy izgalommal \u00e9bredtek fel aznap a biciklisek \u00e9s a rajong\u00f3k: elj\u00f6tt a Red Bull Rampage verseny utols\u00f3 fordul\u00f3ja. Az elm\u00falt n\u00e9h\u00e1ny h\u00e9tben a vil\u00e1g legjobb csapatai v\u00e1jt\u00e1k \u00e9s alak\u00edtott\u00e1k a v\u00f6r\u00f6s hegyet: a v\u00edzszintes fel\u00fcletekb\u0151l, az \u00e9les bar\u00e1zd\u00e1kb\u00f3l \u00e9s a hatalmas kanyonokb\u00f3l l\u00e9trehozt\u00e1k az emberfeletti mutatv\u00e1nyok sz\u00ednhely\u00e9t. A terep k\u00e9szen \u00e1llt, hogy \u00f6ngyilkos mozdulatokat, vakmer\u0151 ugr\u00e1sokat \u00e9s v\u00e9gtelennek t\u0171n\u0151 m\u00e1sodpercekig tart\u00f3 szabades\u00e9seket mutassanak be f\u00f6l\u00f6tte.<\/p>\n<p>Egy k\u00f6zelg\u0151 vihar miatt egy nappal el\u0151rehozt\u00e1k a versenyt, \u00edgy mindenki kapkodott: a versenyz\u0151k m\u00e9g sz\u00e1m\u00edtottak egy nap pihen\u0151re. Mindenki, kiv\u00e9ve Paul Basagoitia, az akkor 29 \u00e9ves, tapasztalt versenyz\u0151t, aki nyugodtan \u00e9s kipihenten \u00e9bredt. 2008 \u00f3ta vett r\u00e9szt a Red Bull Rampage-on, a lejt\u0151k nagymestere volt \u00e9s profi a BMX-es tr\u00fckk\u00f6kben, amiket \u0151 mountain bike-on hajtott v\u00e9gre. Mostan\u00e1ban azonban \u00fagy \u00e9rezte t\u00fal nagy rajta a nyom\u00e1s \u2013 a folyamatos meg\u00fajul\u00e1s \u00e9s az egyre vesz\u00e9lyesebb tr\u00fckk\u00f6k keres\u00e9se kezdt\u00e9k ki\u00e9getni. \u00dagy indult el a versenyen, hogy ez lesz az utols\u00f3: megnyeri a versenyt, hazamegy, \u00e9s a nyerem\u00e9nyb\u0151l megk\u00e9ri a bar\u00e1tn\u0151je kez\u00e9t. Sajnos nem \u00fagy alakult, ahogy tervezte.<\/p>\n<p>Paul magabiztosan \u00e1llt rajthoz. Mind\u00f6ssze a kanyon f\u00f6l\u00f6tti h\u00e1traszalt\u00f3 miatt izgult, de megcsin\u00e1lta: a sebess\u00e9g, az ugr\u00e1s, az \u00e9rkez\u00e9s, minden t\u00f6k\u00e9letes volt. Ezut\u00e1n k\u00f6vetkezett egy hatalmas ugrat\u00e1s. Ez is siker\u00fclt. Paul nem is gondolta volna, hogy ilyen j\u00f3l fog menni. Ment teh\u00e1t tov\u00e1bb, egy \u00e1tlagos tr\u00fckk \u00e1llt el\u0151tte, egy kanyon feletti ugrat\u00e1s. Remek\u00fcl indult neki a feladatnak, j\u00f3l rugaszkodott el.<\/p>\n<p>A versenyen k\u00e9sz\u00fclt felv\u00e9telen hallani lehet, ahogy a leveg\u0151ben k\u00e1romkodik egyet.<\/p>\n<p>Nagyobb volt a sebess\u00e9ge, mint amire sz\u00e1m\u00edtott \u00e9s landol\u00e1sn\u00e1l a becsap\u00f3d\u00e1st\u00f3l majdnem lerep\u00fclt a p\u00e1ly\u00e1r\u00f3l. De Paul m\u00e9g mindig a bring\u00e1n \u00fclt \u00e9s \u00fagy t\u0171nt, vissza tud j\u00f6nni. Azonban ekkor beakadt a ped\u00e1lja egy bokorba \u00e9s \u00e1tbukott a korm\u00e1nyon. A homokos \u00fatra \u00e9rkezett, \u00e1tesett egy homokpadon \u00e9s a h\u00e1t\u00e1n landolt. Ez kiverte a biztos\u00edt\u00e9kot: d\u00fch\u00f6s volt. Hiszen olyan j\u00f3l ment a verseny! De semmi gond: m\u00e9g mindig ott a m\u00e1sodik menet.<\/p>\n<figure id=\"attachment_4418\" aria-describedby=\"caption-attachment-4418\" style=\"width: 980px\" class=\"wp-caption alignnone\"><img loading=\"lazy\" decoding=\"async\" class=\"size-full wp-image-4418\" src=\"https:\/\/d2p6e6u75xmxt8.cloudfront.net\/12\/2019\/07\/paul-bas-michael-darter-ian-spanier-4-1561666984.jpg\" alt=\"\" width=\"980\" height=\"653\" srcset=\"https:\/\/d2p6e6u75xmxt8.cloudfront.net\/12\/2019\/07\/paul-bas-michael-darter-ian-spanier-4-1561666984.jpg 980w, https:\/\/d2p6e6u75xmxt8.cloudfront.net\/12\/2019\/07\/paul-bas-michael-darter-ian-spanier-4-1561666984-300x200.jpg 300w, https:\/\/d2p6e6u75xmxt8.cloudfront.net\/12\/2019\/07\/paul-bas-michael-darter-ian-spanier-4-1561666984-768x512.jpg 768w, https:\/\/d2p6e6u75xmxt8.cloudfront.net\/12\/2019\/07\/paul-bas-michael-darter-ian-spanier-4-1561666984-272x182.jpg 272w\" sizes=\"auto, (max-width: 980px) 100vw, 980px\" \/><figcaption id=\"caption-attachment-4418\" class=\"wp-caption-text\">Paul \u00e1talak\u00edtotta tr\u00f3fe\u00e1kkal teli szob\u00e1j\u00e1t, hogy otthoni edz\u00e9sekkel folytassa a fel\u00e9p\u00fcl\u00e9st. B\u00e1r tekerni m\u00e1r tud, m\u00e9g mindig bottal j\u00e1r.<\/figcaption><\/figure>\n<p>Paul \u00e9desapja gyakran viccel\u0151d\u00f6tt azzal, hogy fia m\u00e9g j\u00e1rni sem tudott, amikor m\u00e1r biciklin \u00fclt. Ez persze nem volt igaz, de t\u00e9ny, hogy Paul m\u00e1r 2 \u00e9ves kora \u00f3ta ink\u00e1bb k\u00e9t ker\u00e9ken szeretett k\u00f6zlekedni. Az emberek csak \u00fagy ismert\u00e9k: a biciklis kisfi\u00fa.<\/p>\n<p>Hat \u00e9vesen \u00e9desanyja benevezte egy BMX versenyre, ahol 3. lett. \u201eEml\u00e9kszem a kup\u00e1ra, amit kaptam!\u201d \u2013 nevet Paul \u2013 \u201eAzt gondoltam, minden h\u00e9tv\u00e9g\u00e9n nyerek majd egyet, hogy min\u00e9l t\u00f6bb legyen.\u201d Sok\u00e1ig ez \u00edgy is volt: minden versenyt megnyert, amire benevezett. \u00c9s persze, ezt im\u00e1dta. \u00c9desanyj\u00e1val minden h\u00e9tv\u00e9g\u00e9n versenyekre utaztak, \u00edgy 10 \u00e9ves kor\u00e1ra a vil\u00e1g legjobbja volt a koroszt\u00e1ly\u00e1ban. A sikerrel egy\u00fctt persze a nyom\u00e1s is folyamatosan n\u0151tt rajta: <em>\u201eAmikor nem voltam j\u00f3 form\u00e1ban, anya r\u00e1m kiab\u00e1lt: Minek \u00f6l\u00fcnk ennyi p\u00e9nzt ebbe, ha nem teljes\u00edtesz j\u00f3l?\u201d<\/em> Ekkor Paul mind\u00f6ssze h\u00e9t \u00e9ves volt.<\/p>\n<p>14 \u00e9vesen v\u00e1ltott mountain bike-ra \u00e9s ebben azt \u00e9lte meg az egyik legnagyobb el\u0151nynek, hogy nem kellett t\u00f6bb\u00e9 az anyj\u00e1t is bevonnia. Most lett csak igaz\u00e1n friss a leveg\u0151! Azonban a gyerekkor\u00e1ban belenevelt er\u0151szakos hajt\u00e1s m\u00e9lyen benne maradt.<\/p>\n<figure id=\"attachment_4419\" aria-describedby=\"caption-attachment-4419\" style=\"width: 682px\" class=\"wp-caption alignnone\"><img loading=\"lazy\" decoding=\"async\" class=\"size-large wp-image-4419\" src=\"https:\/\/d2p6e6u75xmxt8.cloudfront.net\/12\/2019\/07\/paul-bas-michael-darter-ian-spanier-5-1561667127-682x1024.jpg\" alt=\"\" width=\"682\" height=\"1024\" srcset=\"https:\/\/d2p6e6u75xmxt8.cloudfront.net\/12\/2019\/07\/paul-bas-michael-darter-ian-spanier-5-1561667127-682x1024.jpg 682w, https:\/\/d2p6e6u75xmxt8.cloudfront.net\/12\/2019\/07\/paul-bas-michael-darter-ian-spanier-5-1561667127-200x300.jpg 200w, https:\/\/d2p6e6u75xmxt8.cloudfront.net\/12\/2019\/07\/paul-bas-michael-darter-ian-spanier-5-1561667127-768x1153.jpg 768w, https:\/\/d2p6e6u75xmxt8.cloudfront.net\/12\/2019\/07\/paul-bas-michael-darter-ian-spanier-5-1561667127.jpg 980w\" sizes=\"auto, (max-width: 682px) 100vw, 682px\" \/><figcaption id=\"caption-attachment-4419\" class=\"wp-caption-text\">Mivel t\u00e9rdt\u0151l lefel\u00e9 alig \u00e9rzi a l\u00e1bait, bokamerev\u00edt\u0151 v\u00e9di Pault a ficamt\u00f3l<\/figcaption><\/figure>\n<p>H\u00e1rom \u00e9vvel k\u00e9s\u0151bb egy bar\u00e1tja, Cam vezette be a szabadst\u00edlusba, az els\u0151 verseny\u00e9t az \u0151 biciklij\u00e9vel nyerte meg. A versenyz\u00e9s mellett m\u00e9g gimn\u00e1ziumba j\u00e1rt \u00e9s t\u00f6bb p\u00e9nzt keresett a tan\u00e1rain\u00e1l. Hamarosan ebben az \u00e1gazatban is a legjobbak k\u00f6z\u00e9 sz\u00e1m\u00edtott, \u00e9s meg\u00e9p\u00edtette a saj\u00e1t p\u00e1ly\u00e1j\u00e1t, ahol h\u00e1zi versenyeket is rendezett. Egy ilyen verseny after bulij\u00e1n ismerte meg Nichole-t, a gimi hajdani pompom-l\u00e1ny\u00e1t, aki jelenleg is a bar\u00e1tn\u0151je.<\/p>\n<p>Nichole volt az els\u0151, aki mellette termett, a baleset ut\u00e1n. Paul a f\u00f6ld\u00f6n fek\u00fcdt, nem tudott felkelni \u00e9s hatalm\u00e1ba ker\u00edtette a p\u00e1nik: <em>\u201eSz\u00edvem, nem tudom mozgatni a l\u00e1bam. Nem tudom mozgatni a l\u00e1bam!\u201d<\/em><\/p>\n<p>Meg\u00e9rkeztek a ment\u0151k, el\u0151sz\u00f6r aut\u00f3val akart\u00e1k elvinni, de az egyik medikus a sark\u00e1ra \u00e1llt: gerincs\u00e9r\u00fcl\u00e9s, ide helikopter kell!<\/p>\n<p>R\u00e9miszt\u0151 l\u00e1tv\u00e1ny volt, ahogy a helikopter min\u00e9l k\u00f6zelebb pr\u00f3b\u00e1lt lesz\u00e1llni a s\u00e9r\u00fclthez. A propellerek hatalmas porfelh\u0151t kavartak, ami mindenkit elnyelt. K\u00f6vek pattantak vissza a lap\u00e1tokr\u00f3l. Az \u00f6rv\u00e9nyl\u0151 t\u00f6rmel\u00e9k felsebzette Paul arc\u00e1t.<\/p>\n<p>Mivel a baleset nem t\u0171nt s\u00falyosnak, m\u00e9g a bemond\u00f3k sem tudt\u00e1k, hogy mi a helyzet. Ahogy a helikopter felemelkedett, az egyik ment\u0151s odasz\u00f3lt Paul-nak: <em>\u201eMindenki t\u00e9ged \u00fcnnepel. Integess nekik. Hadd tudj\u00e1k, hogy j\u00f3l vagy.\u201d<\/em><\/p>\n<p>Paul majdnem meg is tette, de r\u00e1j\u00f6tt, hogy enn\u00e9l nagyobbat nem is hazudhatna a n\u00e9z\u0151inek: ugyanis tudta, hogy egy\u00e1ltal\u00e1n nincs j\u00f3l.<\/p>\n<p>Amikor meg\u00e9rkeztek a k\u00f3rh\u00e1zba, azonnal betolt\u00e1k a m\u0171t\u0151be, hogy kezdet\u00e9t vegye a 10 \u00e9s f\u00e9l \u00f3r\u00e1s k\u00fczdelem. M\u00e9g miel\u0151tt altatt\u00e1k volna, az orvosok elmagyar\u00e1zt\u00e1k neki mi fog t\u00f6rt\u00e9nni: hogy cs\u00f6kkenteni kell a gerinc\u00e9re nehezed\u0151 nyom\u00e1st, Paul azonban nem figyelt. Csak arra koncentr\u00e1lt, hogy v\u00e9gre meg tudja mozd\u00edtani a l\u00e1b\u00e1t.<\/p>\n<figure id=\"attachment_4421\" aria-describedby=\"caption-attachment-4421\" style=\"width: 743px\" class=\"wp-caption alignnone\"><img loading=\"lazy\" decoding=\"async\" class=\"size-large wp-image-4421\" src=\"https:\/\/d2p6e6u75xmxt8.cloudfront.net\/12\/2019\/07\/paul-bas-michael-darter-ian-spanier-8-1561667165-743x1024.jpg\" alt=\"\" width=\"743\" height=\"1024\" srcset=\"https:\/\/d2p6e6u75xmxt8.cloudfront.net\/12\/2019\/07\/paul-bas-michael-darter-ian-spanier-8-1561667165-743x1024.jpg 743w, https:\/\/d2p6e6u75xmxt8.cloudfront.net\/12\/2019\/07\/paul-bas-michael-darter-ian-spanier-8-1561667165-218x300.jpg 218w, https:\/\/d2p6e6u75xmxt8.cloudfront.net\/12\/2019\/07\/paul-bas-michael-darter-ian-spanier-8-1561667165-768x1058.jpg 768w, https:\/\/d2p6e6u75xmxt8.cloudfront.net\/12\/2019\/07\/paul-bas-michael-darter-ian-spanier-8-1561667165-1394x1920.jpg 1394w, https:\/\/d2p6e6u75xmxt8.cloudfront.net\/12\/2019\/07\/paul-bas-michael-darter-ian-spanier-8-1561667165.jpg 1815w, https:\/\/d2p6e6u75xmxt8.cloudfront.net\/12\/2019\/07\/paul-bas-michael-darter-ian-spanier-8-1561667165-1394x1920.jpg 1394w\" sizes=\"auto, (max-width: 743px) 100vw, 743px\" \/><figcaption id=\"caption-attachment-4421\" class=\"wp-caption-text\">(Michael Darter)<\/figcaption><\/figure>\n<p>Amikor Paul fel\u00e9bredt nem v\u00e1rt\u00e1k j\u00f3 h\u00edrek: az orvosok elmondt\u00e1k, hogy kb. 5 % es\u00e9lye van arra, hogy valaha is \u00e9rezze a l\u00e1bait. B\u00e9l- \u00e9s h\u00f3lyagprobl\u00e9m\u00e1i lehetnek. \u00c9lete v\u00e9g\u00e9ig kerekessz\u00e9khez lesz k\u00f6tve.<\/p>\n<p>Paul volt az els\u0151, aki megcsin\u00e1lta a 720-at mountain bike-on, az els\u0151 aki duplaszalt\u00f3zott a term\u00e9szetben, most pedig ahhoz is n\u0151v\u00e9r seg\u00edts\u00e9g\u00e9t kell k\u00e9rnie, hogy kikeljen az \u00e1gyb\u00f3l &#8211; ak\u00e1rcsak egy gyereket venn\u00e9nek fel. Nichole seg\u00edtett neki mosakodni, ahhoz pedig, hogy vizelhessen kat\u00e9tert kellett felhelyezni, minden egyes alkalommal.<\/p>\n<p>Egyszerre minden, ami\u00e9rt eg\u00e9sz \u00e9let\u00e9ben dolgozott, elt\u0171nt. A bicikliz\u00e9s, a versenyek, a filmek, minden. Az az \u00e9let, melyben reggel felkelt \u00e9s b\u00e1rmit megtehetett, amit csak akart. A tol\u00f3sz\u00e9kben \u00fclve a n\u00e9gy fal k\u00f6z\u00f6tt egyre \u00e9lesebben tolakodott a fej\u00e9be a gondolat: ha ez lesz innent\u0151l az \u00e9lete, nem lenne jobb meghalni? Mindig azt mondta Nichole-nak: ink\u00e1bb a hal\u00e1l, mint hogy mozg\u00e1ss\u00e9r\u00fcltk\u00e9nt \u00e9ljen.<\/p>\n<p>P\u00e1r h\u00f3nappal k\u00e9s\u0151bb Paul elk\u00fcldte mag\u00e1t\u00f3l Nichole-t: <em>\u201eTe nem erre v\u00e1llalkozt\u00e1l. El kell menned.\u201d <\/em>Azonban a l\u00e1ny d\u00fch\u00f6sen v\u00e1laszolt: <em>\u201eEgy\u00fctt csin\u00e1ljuk v\u00e9gig.\u201d <\/em>V\u00e9g\u00fcl h\u00e1rom h\u00f3nap ut\u00e1n Paul kerekessz\u00e9kben hagyta el a k\u00f3rh\u00e1zat. S\u00f6t\u00e9t h\u00f3napok k\u00f6vetkeztek, a csal\u00e1d, a rajong\u00f3k \u00e9s a bar\u00e1tok t\u00e1mogat\u00e1sa ellen\u00e9re, Paul egyed\u00fcl akart lenni. Nem akart a tol\u00f3sz\u00e9kb\u0151l feln\u00e9zni m\u00e1sokra \u00e9s nem akarta, hogy az emberek \u00edgy l\u00e1ss\u00e1k. Amikor Nichole haza\u00e9rt a munk\u00e1b\u00f3l a s\u00f6t\u00e9tben \u00fcld\u00f6g\u00e9lve tal\u00e1lta p\u00e1rj\u00e1t: <em>\u201e\u00e9rezni lehetett a szomor\u00fas\u00e1got.\u201d <\/em>A l\u00e1ny sz\u00e9th\u00fazta a f\u00fcgg\u00f6ny\u00f6ket \u00e9s beengedte a napf\u00e9nyt.<\/p>\n<figure id=\"attachment_4420\" aria-describedby=\"caption-attachment-4420\" style=\"width: 980px\" class=\"wp-caption alignnone\"><img loading=\"lazy\" decoding=\"async\" class=\"size-full wp-image-4420\" src=\"https:\/\/d2p6e6u75xmxt8.cloudfront.net\/12\/2019\/07\/paul-bas-michael-darter-ian-spanier-7-1561667204.jpg\" alt=\"\" width=\"980\" height=\"734\" srcset=\"https:\/\/d2p6e6u75xmxt8.cloudfront.net\/12\/2019\/07\/paul-bas-michael-darter-ian-spanier-7-1561667204.jpg 980w, https:\/\/d2p6e6u75xmxt8.cloudfront.net\/12\/2019\/07\/paul-bas-michael-darter-ian-spanier-7-1561667204-300x225.jpg 300w, https:\/\/d2p6e6u75xmxt8.cloudfront.net\/12\/2019\/07\/paul-bas-michael-darter-ian-spanier-7-1561667204-768x575.jpg 768w\" sizes=\"auto, (max-width: 980px) 100vw, 980px\" \/><figcaption id=\"caption-attachment-4420\" class=\"wp-caption-text\">Paul a bar\u00e1taival t\u00far\u00e1zik Californi\u00e1ban<\/figcaption><\/figure>\n<p>A legnagyobb elkeseredetts\u00e9g k\u00f6zepette is egy c\u00e9l lebegett Paul el\u0151tt: \u00fajra j\u00e1rni. Ugyanazzal az er\u0151bedob\u00e1ssal edzett, mint amikor \u00faj tr\u00fckk\u00f6t akart megtanulni. A kup\u00e1kkal \u00e9s \u00e9rmekkel teli szoba \u00e1talakult a fel\u00e9p\u00fcl\u00e9s k\u00f6zpontj\u00e1v\u00e1. Napi hat \u00f3r\u00e1n \u00e1t gyakorolt, hogy \u00fajra l\u00e1bra \u00e1llhasson. Ilyenkor kikapcsolta a telefonj\u00e1t, edzett \u00e9s k\u00f6zben b\u00e1multa a falakon f\u00fcgg\u0151 d\u00edjakat. Heti k\u00e9tszer j\u00e1rt akupunkt\u00far\u00e1ra, a mindennapos edz\u00e9ssel egy\u00fctt ez sokkal t\u00f6bb volt, mint amit az orvos aj\u00e1nlott neki: hogy pr\u00f3b\u00e1ljon jeleket k\u00fcldeni a l\u00e1bujjaiba.<\/p>\n<p>A kem\u00e9ny munka lassan kifizet\u0151dni l\u00e1tszott, Paul m\u00e1r el\u00e9g izmot \u00e9p\u00edtett vissza, ahhoz, hogy ki tudjon emelkedni a tol\u00f3sz\u00e9k\u00e9b\u0151l \u00e9s felemelje a l\u00e1b\u00e1t. Majd m\u00e1r k\u00e9pes volt megtenni p\u00e1r l\u00e9p\u00e9st, eljutott az ajt\u00f3ig, v\u00e9g\u00fcl ki a naps\u00fct\u00e9ses utc\u00e1ra. Nyolc h\u00f3nap ut\u00e1n lecser\u00e9lte a j\u00e1r\u00f3keretet k\u00e9t mank\u00f3ra. \u00dajra el merte hagyni az otthon\u00e1t \u00e9s tal\u00e1lkozni a bar\u00e1taival. Nem sokkal k\u00e9s\u0151bb \u00fajabb m\u00e9rf\u00f6ldk\u0151 k\u00f6vetkezett: m\u00e1r vezetni is tudott.<\/p>\n<p>A k\u00f3rh\u00e1zban dolgoz\u00f3kt\u00f3l megtudta, amikor gerincs\u00e9r\u00fcl\u00e9ssel vittek be valakit \u00e9s elkezdte megl\u00e1togatni sorst\u00e1rsait. Rem\u00e9nyt vitt nekik, k\u00e9t l\u00e1bon. Olyan emberekkel tal\u00e1lkozott, akik sokkal rosszabb helyzetben voltak n\u00e1la \u2013 teljesen leb\u00e9nultak, vagy m\u00e1r \u00e1testek a kritikus k\u00e9t \u00e9ven \u00e9s m\u00e9g mindig tol\u00f3sz\u00e9kben \u00fcltek. Ett\u0151l kezdve m\u00e1shogy n\u00e9zett a saj\u00e1t s\u00e9r\u00fcl\u00e9s\u00e9re. M\u00e1sok t\u00f6rt\u00e9neteit hallgatva j\u00f6tt az ihlet, hogy megossza a felv\u00e9teleket, amiket m\u00e1r a s\u00e9r\u00fcl\u00e9s ut\u00e1ni els\u0151 h\u00e9ten elkezdett felvenni: a fel\u00e9p\u00fcl\u00e9s\u00e9nek t\u00f6rt\u00e9net\u00e9t. A Red Bull Media House utat is nyitott a dokumentumfilmnek, \u00e9s Paul semmit nem tartott mag\u00e1ban: voltak olyan jelenetek, melyekkel nem tudott mit kezdeni a rendez\u0151. Ilyen volt p\u00e9ld\u00e1ul az a GoPro-s felv\u00e9tel is, ami mag\u00e1t a balesetet r\u00f6gz\u00edtette. <em>\u201eA saj\u00e1t szemsz\u00f6g\u00e9b\u0151l v\u00e9gign\u00e9zni, ahogy valakinek megv\u00e1ltozik az \u00e9lete\u2026 egyszer\u0171en nem tudtam, mit kezdjek ezzel a felv\u00e9tellel\u201d <\/em>\u2013 nyilatkozta Fernando Villena.<\/p>\n<p>Azt\u00e1n ott volt m\u00e9g az a vide\u00f3 is, amit Paul k\u00e9sz\u00edtett mind\u00f6ssze p\u00e1r nappal a s\u00e9r\u00fcl\u00e9s ut\u00e1n, a wc-ben, meztelen\u00fcl. A nyolc perces felv\u00e9tel olyannyira traumatikus volt, hogy nem ker\u00fclhetett bele a filmbe. V\u00e9g\u00fcl Fernando r\u00e1j\u00f6tt, hogy nem v\u00e1ghatja meg a t\u00f6rt\u00e9nteket: minden \u00fagy jelent meg, ahogy val\u00f3j\u00e1ban t\u00f6rt\u00e9nt. \u00cdgy k\u00e9sz\u00fcl el v\u00e9g\u00fcl az <a href=\"https:\/\/anyoneofusfilm.splashthat.com\/\"><em>Any of us<\/em><\/a> c\u00edm\u0171 film, tov\u00e1bbi 17 gerincs\u00e9rt\u00fclt t\u00f6rt\u00e9net\u00e9vel kieg\u00e9sz\u00fclve.<\/p>\n<p>Ahogy egyre seg\u00e9lyk\u00e9r\u0151 t\u00f6bb \u00fczenet \u00e9rkezett Paul-hoz, \u00fagy m\u00falt a saj\u00e1t maga felett \u00e9rzett sajn\u00e1lata. Ekkor m\u00e1r h\u00f3napok \u00f3ta szobabiciklin tekert, fenek\u00e9t \u00e9s l\u00e1bikr\u00e1j\u00e1t azonban m\u00e9g mindig nem \u00e9rezte \u00e9s nem tudta megfesz\u00edteni t\u00e9rdt\u0151l lefel\u00e9 a l\u00e1bait. Ped\u00e1lozni viszont tudott, \u00e1m ez nem volt el\u00e9g: ki akart menni a szabadba.<\/p>\n<p>K\u00f6r\u00fclbel\u00fcl egy \u00e9vvel a baleset ut\u00e1n Nichole munka ut\u00e1n haza\u00e9rve p\u00e1rj\u00e1t a gar\u00e1zsban tal\u00e1lta egy bar\u00e1tja \u00e9s egy bicikli t\u00e1rsas\u00e1g\u00e1ban.<\/p>\n<p><em>\u201eEz meg kinek a biciklije?\u201d<\/em> \u2013 k\u00e9rdezte.<\/p>\n<p><em>\u201eAz eny\u00e9m\u201d<\/em> \u2013 v\u00e1laszolt Paul.<\/p>\n<p>Nichole egy pillanatra lefagyott, majd csak annyit mondott: <em>\u201eOk\u00e9.\u201d<\/em><\/p>\n<p>Paul m\u00e1snap biciklit\u00far\u00e1ra ment.<\/p>\n<p>\u00c9s val\u00f3ra v\u00e1lt \u00e9desapja viccel\u0151d\u00e9se: B\u00e1r menni nem tudott seg\u00edts\u00e9g n\u00e9lk\u00fcl, m\u00e9gis biciklizett.<\/p>\n<p>2017-ben kapott egy bar\u00e1tj\u00e1t\u00f3l egy elektromos biciklit. Kezdetben d\u00fch\u00f6s lett: megcsin\u00e1lta a Rampage-t, nincs sz\u00fcks\u00e9ge motorra a biciklij\u00e9re! V\u00e9g\u00fcl m\u00e9gis kipr\u00f3b\u00e1lta \u00e9s az els\u0151 emelked\u0151n r\u00e1j\u00f6tt, hogy ez a j\u00e1rg\u00e1ny meg fogja v\u00e1ltoztatni az \u00e9let\u00e9t. B\u00e1r tov\u00e1bbra sem volt k\u00f6nny\u0171 emelked\u0151n tekernie \u00e9s nem volt gyorsabb egy teljesen amat\u0151r ker\u00e9kp\u00e1rosn\u00e1l, rengeteg \u00fat ny\u00edlt meg el\u0151tte: \u00fagy \u00e9rezte, visszakapta az \u00e9let\u00e9t. M\u00e1r nem kellett r\u00e1 v\u00e1rni, ha a bar\u00e1taival indult t\u00far\u00e1ra. \u00dajra megpr\u00f3b\u00e1lkozott a r\u00e9gi, kisebb tr\u00fckk\u00f6kkel \u2013 \u00e9s siker\u00fcltek neki!<\/p>\n<p>Lassan el\u00e9rkezett a k\u00e9t \u00e9ves fordul\u00f3pont \u2013 annyi ideje van fejl\u0151dni egy s\u00e9r\u00fcltnek a balesete ut\u00e1n \u2013 \u00e9s Paul \u00fagy \u00e9rezte, m\u00e9g van egy kis elint\u00e9znival\u00f3ja. H\u00f3napokig k\u00e9sz\u00fclt titokban: el\u0151sz\u00f6r csak \u00e1llt a fal mellett, a botja n\u00e9lk\u00fcl. Majd megpr\u00f3b\u00e1lt tenni p\u00e1r l\u00e9p\u00e9st. Amikor 4-5 l\u00e9p\u00e9st magabiztosan meg tudott tenni, \u00fagy \u00e9rezte, k\u00e9szen \u00e1ll.<\/p>\n<p>K\u00e9t \u00e9vvel a baleset ut\u00e1n, Paul fel\u00e1llt a sz\u00e9k\u00e9b\u0151l \u2013 a nyilv\u00e1noss\u00e1g el\u0151tt el\u0151sz\u00f6r \u2013 eldobta a botj\u00e1t \u00e9s odas\u00e9t\u00e1lt Nichole-hoz. Let\u00e9rdelt a l\u00e1ny el\u00e9 \u00e9s a malibui naplemente f\u00e9ny\u00e9ben megk\u00e9rte a kez\u00e9t.<\/p>\n<p>Forr\u00e1s: <a href=\"https:\/\/www.bicycling.com\/culture\/a28186407\/paul-basagoitia-bike\/\" target=\"_blank\" rel=\"noopener\">https:\/\/www.bicycling.com\/culture\/a28186407\/paul-basagoitia-bike\/<\/a><\/p>\n","protected":false},"excerpt":{"rendered":"<p>Paul Basagoitia h\u00e1rom \u00e9vvel ezel\u0151tt a legrosszabb r\u00e9m\u00e1lm\u00e1t \u00e9lte \u00e1t. Azonban ha most l\u00e1tn\u00e1d tekerni, nem is sejten\u00e9d, min ment [&hellip;]<\/p>\n","protected":false},"author":71,"featured_media":4424,"comment_status":"open","ping_status":"open","sticky":false,"template":"","format":"standard","meta":{"footnotes":""},"categories":[7],"tags":[407],"global-categories":[],"class_list":["post-4415","post","type-post","status-publish","format-standard","has-post-thumbnail","hentry","category-trekking-mtb","tag-paul-basagoitia"],"yoast_head":"<!-- This site is optimized with the Yoast SEO Premium plugin v25.3 (Yoast SEO v25.9) - https:\/\/yoast.com\/wordpress\/plugins\/seo\/ -->\n<title>\u201eInk\u00e1bb a hal\u00e1l, mint tol\u00f3sz\u00e9kben \u00e9lni\u201d - \u0160koda We Love Cycling - Magyarorsz\u00e1g<\/title>\n<meta name=\"robots\" content=\"index, follow, max-snippet:-1, max-image-preview:large, max-video-preview:-1\" \/>\n<link rel=\"canonical\" href=\"https:\/\/www.welovecycling.com\/hu\/trekking-mtb\/inkabb-a-halal-mint-toloszekben-elni\/\" \/>\n<meta property=\"og:locale\" content=\"hu_HU\" \/>\n<meta property=\"og:type\" content=\"article\" \/>\n<meta property=\"og:title\" content=\"\u201eInk\u00e1bb a hal\u00e1l, mint tol\u00f3sz\u00e9kben \u00e9lni\u201d\" \/>\n<meta property=\"og:description\" content=\"Paul Basagoitia h\u00e1rom \u00e9vvel ezel\u0151tt a legrosszabb r\u00e9m\u00e1lm\u00e1t \u00e9lte \u00e1t. Azonban ha most l\u00e1tn\u00e1d tekerni, nem is sejten\u00e9d, min ment [&hellip;]\" \/>\n<meta property=\"og:url\" content=\"https:\/\/www.welovecycling.com\/hu\/trekking-mtb\/inkabb-a-halal-mint-toloszekben-elni\/\" \/>\n<meta property=\"og:site_name\" content=\"\u0160koda We Love Cycling - Magyarorsz\u00e1g\" \/>\n<meta property=\"article:publisher\" content=\"https:\/\/www.facebook.com\/WeLoveCyclingHungary\/\" \/>\n<meta property=\"article:published_time\" content=\"2019-07-30T01:00:20+00:00\" \/>\n<meta property=\"og:image\" content=\"https:\/\/d2p6e6u75xmxt8.cloudfront.net\/12\/2019\/07\/mountain-bike-594161_1280.jpg\" \/>\n\t<meta property=\"og:image:width\" content=\"1280\" \/>\n\t<meta property=\"og:image:height\" content=\"853\" \/>\n\t<meta property=\"og:image:type\" content=\"image\/jpeg\" \/>\n<meta name=\"author\" content=\"hegyizs\" \/>\n<meta name=\"twitter:card\" content=\"summary_large_image\" \/>\n<meta name=\"twitter:label1\" content=\"Written by\" \/>\n\t<meta name=\"twitter:data1\" content=\"WLC\" \/>\n\t<meta name=\"twitter:label2\" content=\"Est. reading time\" \/>\n\t<meta name=\"twitter:data2\" content=\"14 minutes\" \/>\n<script type=\"application\/ld+json\" class=\"yoast-schema-graph\">{\"@context\":\"https:\/\/schema.org\",\"@graph\":[{\"@type\":\"WebPage\",\"@id\":\"https:\/\/www.welovecycling.com\/hu\/trekking-mtb\/inkabb-a-halal-mint-toloszekben-elni\/\",\"url\":\"https:\/\/www.welovecycling.com\/hu\/trekking-mtb\/inkabb-a-halal-mint-toloszekben-elni\/\",\"name\":\"\u201eInk\u00e1bb a hal\u00e1l, mint tol\u00f3sz\u00e9kben \u00e9lni\u201d - \u0160koda We Love Cycling - Magyarorsz\u00e1g\",\"isPartOf\":{\"@id\":\"https:\/\/www.welovecycling.com\/hu\/#website\"},\"primaryImageOfPage\":{\"@id\":\"https:\/\/www.welovecycling.com\/hu\/trekking-mtb\/inkabb-a-halal-mint-toloszekben-elni\/#primaryimage\"},\"image\":{\"@id\":\"https:\/\/www.welovecycling.com\/hu\/trekking-mtb\/inkabb-a-halal-mint-toloszekben-elni\/#primaryimage\"},\"thumbnailUrl\":\"https:\/\/d2p6e6u75xmxt8.cloudfront.net\/12\/2019\/07\/mountain-bike-594161_1280.jpg\",\"datePublished\":\"2019-07-30T01:00:20+00:00\",\"author\":{\"@id\":\"https:\/\/www.welovecycling.com\/hu\/#\/schema\/person\/414a2aebf1801691a5320edb6468e194\"},\"breadcrumb\":{\"@id\":\"https:\/\/www.welovecycling.com\/hu\/trekking-mtb\/inkabb-a-halal-mint-toloszekben-elni\/#breadcrumb\"},\"inLanguage\":\"hu\",\"potentialAction\":[{\"@type\":\"ReadAction\",\"target\":[\"https:\/\/www.welovecycling.com\/hu\/trekking-mtb\/inkabb-a-halal-mint-toloszekben-elni\/\"]}]},{\"@type\":\"ImageObject\",\"inLanguage\":\"hu\",\"@id\":\"https:\/\/www.welovecycling.com\/hu\/trekking-mtb\/inkabb-a-halal-mint-toloszekben-elni\/#primaryimage\",\"url\":\"https:\/\/d2p6e6u75xmxt8.cloudfront.net\/12\/2019\/07\/mountain-bike-594161_1280.jpg\",\"contentUrl\":\"https:\/\/d2p6e6u75xmxt8.cloudfront.net\/12\/2019\/07\/mountain-bike-594161_1280.jpg\",\"width\":1280,\"height\":853},{\"@type\":\"BreadcrumbList\",\"@id\":\"https:\/\/www.welovecycling.com\/hu\/trekking-mtb\/inkabb-a-halal-mint-toloszekben-elni\/#breadcrumb\",\"itemListElement\":[{\"@type\":\"ListItem\",\"position\":1,\"name\":\"Home\",\"item\":\"https:\/\/www.welovecycling.com\/hu\/\"},{\"@type\":\"ListItem\",\"position\":2,\"name\":\"\u201eInk\u00e1bb a hal\u00e1l, mint tol\u00f3sz\u00e9kben \u00e9lni\u201d\"}]},{\"@type\":\"WebSite\",\"@id\":\"https:\/\/www.welovecycling.com\/hu\/#website\",\"url\":\"https:\/\/www.welovecycling.com\/hu\/\",\"name\":\"\u0160koda We Love Cycling - Magyarorsz\u00e1g\",\"description\":\"\u0160koda WeLoveCycling\",\"potentialAction\":[{\"@type\":\"SearchAction\",\"target\":{\"@type\":\"EntryPoint\",\"urlTemplate\":\"https:\/\/www.welovecycling.com\/hu\/?s={search_term_string}\"},\"query-input\":{\"@type\":\"PropertyValueSpecification\",\"valueRequired\":true,\"valueName\":\"search_term_string\"}}],\"inLanguage\":\"hu\"},{\"@type\":\"Person\",\"@id\":\"https:\/\/www.welovecycling.com\/hu\/#\/schema\/person\/414a2aebf1801691a5320edb6468e194\",\"name\":\"hegyizs\",\"image\":{\"@type\":\"ImageObject\",\"inLanguage\":\"hu\",\"@id\":\"https:\/\/www.welovecycling.com\/hu\/#\/schema\/person\/image\/\",\"url\":\"https:\/\/secure.gravatar.com\/avatar\/02cf8a7906b8cf90cecb4679defac7cfd33a1c2e3b88e4903d947f3bb58eedd3?s=96&d=mm&r=g\",\"contentUrl\":\"https:\/\/secure.gravatar.com\/avatar\/02cf8a7906b8cf90cecb4679defac7cfd33a1c2e3b88e4903d947f3bb58eedd3?s=96&d=mm&r=g\",\"caption\":\"hegyizs\"},\"url\":\"https:\/\/www.welovecycling.com\/hu\/author\/hegyizs\/\"}]}<\/script>\n<!-- \/ Yoast SEO Premium plugin. -->","yoast_head_json":{"title":"\u201eInk\u00e1bb a hal\u00e1l, mint tol\u00f3sz\u00e9kben \u00e9lni\u201d - \u0160koda We Love Cycling - Magyarorsz\u00e1g","robots":{"index":"index","follow":"follow","max-snippet":"max-snippet:-1","max-image-preview":"max-image-preview:large","max-video-preview":"max-video-preview:-1"},"canonical":"https:\/\/www.welovecycling.com\/hu\/trekking-mtb\/inkabb-a-halal-mint-toloszekben-elni\/","og_locale":"hu_HU","og_type":"article","og_title":"\u201eInk\u00e1bb a hal\u00e1l, mint tol\u00f3sz\u00e9kben \u00e9lni\u201d","og_description":"Paul Basagoitia h\u00e1rom \u00e9vvel ezel\u0151tt a legrosszabb r\u00e9m\u00e1lm\u00e1t \u00e9lte \u00e1t. Azonban ha most l\u00e1tn\u00e1d tekerni, nem is sejten\u00e9d, min ment [&hellip;]","og_url":"https:\/\/www.welovecycling.com\/hu\/trekking-mtb\/inkabb-a-halal-mint-toloszekben-elni\/","og_site_name":"\u0160koda We Love Cycling - Magyarorsz\u00e1g","article_publisher":"https:\/\/www.facebook.com\/WeLoveCyclingHungary\/","article_published_time":"2019-07-30T01:00:20+00:00","og_image":[{"width":1280,"height":853,"url":"https:\/\/d2p6e6u75xmxt8.cloudfront.net\/12\/2019\/07\/mountain-bike-594161_1280.jpg","type":"image\/jpeg"}],"author":"hegyizs","twitter_card":"summary_large_image","twitter_misc":{"Written by":"WLC","Est. reading time":"14 minutes"},"schema":{"@context":"https:\/\/schema.org","@graph":[{"@type":"WebPage","@id":"https:\/\/www.welovecycling.com\/hu\/trekking-mtb\/inkabb-a-halal-mint-toloszekben-elni\/","url":"https:\/\/www.welovecycling.com\/hu\/trekking-mtb\/inkabb-a-halal-mint-toloszekben-elni\/","name":"\u201eInk\u00e1bb a hal\u00e1l, mint tol\u00f3sz\u00e9kben \u00e9lni\u201d - \u0160koda We Love Cycling - Magyarorsz\u00e1g","isPartOf":{"@id":"https:\/\/www.welovecycling.com\/hu\/#website"},"primaryImageOfPage":{"@id":"https:\/\/www.welovecycling.com\/hu\/trekking-mtb\/inkabb-a-halal-mint-toloszekben-elni\/#primaryimage"},"image":{"@id":"https:\/\/www.welovecycling.com\/hu\/trekking-mtb\/inkabb-a-halal-mint-toloszekben-elni\/#primaryimage"},"thumbnailUrl":"https:\/\/d2p6e6u75xmxt8.cloudfront.net\/12\/2019\/07\/mountain-bike-594161_1280.jpg","datePublished":"2019-07-30T01:00:20+00:00","author":{"@id":"https:\/\/www.welovecycling.com\/hu\/#\/schema\/person\/414a2aebf1801691a5320edb6468e194"},"breadcrumb":{"@id":"https:\/\/www.welovecycling.com\/hu\/trekking-mtb\/inkabb-a-halal-mint-toloszekben-elni\/#breadcrumb"},"inLanguage":"hu","potentialAction":[{"@type":"ReadAction","target":["https:\/\/www.welovecycling.com\/hu\/trekking-mtb\/inkabb-a-halal-mint-toloszekben-elni\/"]}]},{"@type":"ImageObject","inLanguage":"hu","@id":"https:\/\/www.welovecycling.com\/hu\/trekking-mtb\/inkabb-a-halal-mint-toloszekben-elni\/#primaryimage","url":"https:\/\/d2p6e6u75xmxt8.cloudfront.net\/12\/2019\/07\/mountain-bike-594161_1280.jpg","contentUrl":"https:\/\/d2p6e6u75xmxt8.cloudfront.net\/12\/2019\/07\/mountain-bike-594161_1280.jpg","width":1280,"height":853},{"@type":"BreadcrumbList","@id":"https:\/\/www.welovecycling.com\/hu\/trekking-mtb\/inkabb-a-halal-mint-toloszekben-elni\/#breadcrumb","itemListElement":[{"@type":"ListItem","position":1,"name":"Home","item":"https:\/\/www.welovecycling.com\/hu\/"},{"@type":"ListItem","position":2,"name":"\u201eInk\u00e1bb a hal\u00e1l, mint tol\u00f3sz\u00e9kben \u00e9lni\u201d"}]},{"@type":"WebSite","@id":"https:\/\/www.welovecycling.com\/hu\/#website","url":"https:\/\/www.welovecycling.com\/hu\/","name":"\u0160koda We Love Cycling - Magyarorsz\u00e1g","description":"\u0160koda WeLoveCycling","potentialAction":[{"@type":"SearchAction","target":{"@type":"EntryPoint","urlTemplate":"https:\/\/www.welovecycling.com\/hu\/?s={search_term_string}"},"query-input":{"@type":"PropertyValueSpecification","valueRequired":true,"valueName":"search_term_string"}}],"inLanguage":"hu"},{"@type":"Person","@id":"https:\/\/www.welovecycling.com\/hu\/#\/schema\/person\/414a2aebf1801691a5320edb6468e194","name":"hegyizs","image":{"@type":"ImageObject","inLanguage":"hu","@id":"https:\/\/www.welovecycling.com\/hu\/#\/schema\/person\/image\/","url":"https:\/\/secure.gravatar.com\/avatar\/02cf8a7906b8cf90cecb4679defac7cfd33a1c2e3b88e4903d947f3bb58eedd3?s=96&d=mm&r=g","contentUrl":"https:\/\/secure.gravatar.com\/avatar\/02cf8a7906b8cf90cecb4679defac7cfd33a1c2e3b88e4903d947f3bb58eedd3?s=96&d=mm&r=g","caption":"hegyizs"},"url":"https:\/\/www.welovecycling.com\/hu\/author\/hegyizs\/"}]}},"_links":{"self":[{"href":"https:\/\/www.welovecycling.com\/hu\/wp-json\/wp\/v2\/posts\/4415","targetHints":{"allow":["GET"]}}],"collection":[{"href":"https:\/\/www.welovecycling.com\/hu\/wp-json\/wp\/v2\/posts"}],"about":[{"href":"https:\/\/www.welovecycling.com\/hu\/wp-json\/wp\/v2\/types\/post"}],"author":[{"embeddable":true,"href":"https:\/\/www.welovecycling.com\/hu\/wp-json\/wp\/v2\/users\/71"}],"replies":[{"embeddable":true,"href":"https:\/\/www.welovecycling.com\/hu\/wp-json\/wp\/v2\/comments?post=4415"}],"version-history":[{"count":1,"href":"https:\/\/www.welovecycling.com\/hu\/wp-json\/wp\/v2\/posts\/4415\/revisions"}],"predecessor-version":[{"id":4423,"href":"https:\/\/www.welovecycling.com\/hu\/wp-json\/wp\/v2\/posts\/4415\/revisions\/4423"}],"wp:featuredmedia":[{"embeddable":true,"href":"https:\/\/www.welovecycling.com\/hu\/wp-json\/wp\/v2\/media\/4424"}],"wp:attachment":[{"href":"https:\/\/www.welovecycling.com\/hu\/wp-json\/wp\/v2\/media?parent=4415"}],"wp:term":[{"taxonomy":"category","embeddable":true,"href":"https:\/\/www.welovecycling.com\/hu\/wp-json\/wp\/v2\/categories?post=4415"},{"taxonomy":"post_tag","embeddable":true,"href":"https:\/\/www.welovecycling.com\/hu\/wp-json\/wp\/v2\/tags?post=4415"},{"taxonomy":"global-categories","embeddable":true,"href":"https:\/\/www.welovecycling.com\/hu\/wp-json\/wp\/v2\/global-categories?post=4415"}],"curies":[{"name":"wp","href":"https:\/\/api.w.org\/{rel}","templated":true}]}}