{"id":4383,"date":"2019-07-13T08:00:21","date_gmt":"2019-07-13T06:00:21","guid":{"rendered":"https:\/\/www.welovecycling.com\/hu\/?p=4383"},"modified":"2022-02-09T09:47:57","modified_gmt":"2022-02-09T07:47:57","slug":"skoda-karoq-velo-minden-biciklis-legvadabb-alma","status":"publish","type":"post","link":"https:\/\/www.welovecycling.com\/hu\/edzes-es-eletmod\/skoda-karoq-velo-minden-biciklis-legvadabb-alma\/","title":{"rendered":"\u0160koda KAROQ Velo: Minden biciklis legvadabb \u00e1lma?"},"content":{"rendered":"<p><strong>Amikor \u00f6sszej\u00f6n 1500 biciklis egy kutat\u00e1shoz, amelyet arra terveztek, hogy megalkoss\u00e1k a bring\u00e1s \u00e9letst\u00edlushoz legt\u00f6k\u00e9letesebben ill\u0151 aut\u00f3t, a nyakadat teheted r\u00e1, hogy az eredm\u00e9ny el\u00e9g konkr\u00e9t lesz. Mint t\u00f6bb ker\u00e9kp\u00e1ros esem\u00e9ny \u00e9s verseny r\u00e9gi t\u00e1mogat\u00f3ja \u00e9s szponzora, a cseh aut\u00f3gy\u00e1rt\u00f3 \u0160koda j\u00f6tt el\u0151 annak az aut\u00f3nak a koncepci\u00f3j\u00e1val, amely egy akt\u00edv bring\u00e1s minden k\u00edv\u00e1ns\u00e1g\u00e1t ki kell, hogy el\u00e9g\u00edtse.<\/strong><\/p>\n<p><!--more--><\/p>\n<lite-youtube videoid=YoVHyCCfEOw params=\"enablejsapi=1\" style=\"background-image: url('https:\/\/i.ytimg.com\/vi_webp\/YoVHyCCfEOw\/maxresdefault.webp');\"><\/lite-youtube>\n<p>Pontosabban a c\u00e9g brit kirendelts\u00e9ge v\u00e9gezte a felm\u00e9r\u00e9st \u00e9s h\u00edvta \u00e9letre az \u00f6tletet. Megk\u00e9rdezt\u00e9k a bring\u00e1sokat a bicikliz\u00e9s legnagyobb h\u00e1tul\u00fct\u0151ir\u0151l \u00e9s mindenr\u0151l, amely ehhez kapcsol\u00f3dik, \u00e9s k\u00e9t f\u0151bb aggodalmat t\u00e1rtak fel: a teker\u00e9s ut\u00e1n visszasz\u00e1llni az aut\u00f3ba a nyirkos bring\u00e1s szerel\u00e9ssel \u00e9s a s\u00e1ros biciklivel. Hogy ezekkel megbirk\u00f3zzon, ez az egyed\u00fcl\u00e1ll\u00f3 tervez\u00e9s\u0171 aut\u00f3 tartalmaz egy mos\u00f3g\u00e9pet az izzadt ruh\u00e1idnak, \u00e9s egy magasnyom\u00e1s\u00fa mos\u00f3t, amely levereti a koszt a bring\u00e1dr\u00f3l. A KAROQ egy k\u00f6zepes m\u00e9ret\u0171 SUV, teh\u00e1t volt elegend\u0151 hely t\u00f6bb m\u00e1s hasznos szerkenty\u0171nek, mint p\u00e9ld\u00e1ul egy h\u0171t\u0151 a kulacsoknak (vagy h\u0171s\u00edt\u0151 g\u00e9lp\u00e1rn\u00e1knak) \u00e9s egy teljes szersz\u00e1mosl\u00e1da a csomagtart\u00f3ban. A bringat\u00e1rol\u00e1ssal kapcsolatban adott a hagyom\u00e1nyos stabil tet\u0151tart\u00f3, \u00e9s egy kijel\u00f6lt hely az aut\u00f3ban egy darab v\u00e1znak. Ugyan a KAROQ h\u00e1ts\u00f3 \u00fcl\u00e9s\u00e9nek egyharmad\u00e1t a bels\u0151 t\u00e1rol\u00e1s foglalja el, a \u0160koda szerint a praktikuss\u00e1got ez nem befoly\u00e1solja, \u00e9s m\u00e9g \u00edgy is k\u00e9nyelmesen elf\u00e9r benne n\u00e9gy feln\u0151tt.<\/p>\n<p><a href=\"https:\/\/d2p6e6u75xmxt8.cloudfront.net\/12\/2019\/07\/50638aa6-skoda-karoq-velo-concept-car-14-1.jpg\"><img loading=\"lazy\" decoding=\"async\" class=\"alignnone size-full wp-image-4385\" src=\"https:\/\/d2p6e6u75xmxt8.cloudfront.net\/12\/2019\/07\/50638aa6-skoda-karoq-velo-concept-car-14-1.jpg\" alt=\"\" width=\"1754\" height=\"1240\" srcset=\"https:\/\/d2p6e6u75xmxt8.cloudfront.net\/12\/2019\/07\/50638aa6-skoda-karoq-velo-concept-car-14-1.jpg 1754w, https:\/\/d2p6e6u75xmxt8.cloudfront.net\/12\/2019\/07\/50638aa6-skoda-karoq-velo-concept-car-14-1-300x212.jpg 300w, https:\/\/d2p6e6u75xmxt8.cloudfront.net\/12\/2019\/07\/50638aa6-skoda-karoq-velo-concept-car-14-1-768x543.jpg 768w, https:\/\/d2p6e6u75xmxt8.cloudfront.net\/12\/2019\/07\/50638aa6-skoda-karoq-velo-concept-car-14-1-1024x724.jpg 1024w\" sizes=\"auto, (max-width: 1754px) 100vw, 1754px\" \/><\/a><\/p>\n<p>Minden eszk\u00f6z, aminek a m\u0171k\u00f6d\u00e9s\u00e9hez v\u00edz sz\u00fcks\u00e9ges, ugyanabb\u00f3l a tart\u00e1lyb\u00f3l nyeri azt, sz\u00f3val ezt id\u0151nk\u00e9nt \u00fajra kell t\u00f6lteni, de ezen k\u00edv\u00fcl minden teljesen automata.<\/p>\n<p>Tov\u00e1bbi, gyakran felmer\u00fcl\u0151 panasz a ker\u00e9kp\u00e1roz\u00f3 aut\u00f3sok r\u00e9sz\u00e9r\u0151l a mechanikai probl\u00e9m\u00e1k, k\u00fcl\u00f6n\u00f6sen, ha \u00e9jszaka fordulnak el\u0151. Ez\u00e9rt a \u0160koda felhelyezett t\u00f6bb k\u00fcls\u0151 \u00e9s bels\u0151 LED l\u00e1mp\u00e1t, amely lehet\u0151v\u00e9 teszi, hogy este kif\u00fajd magad egy k\u00f6nyvvel, ha k\u00e9tnapos t\u00far\u00e1ra m\u00e9sz, vagy megjav\u00edts egy defektet a s\u00f6t\u00e9tben. Ahogy a j\u00f3l ismert cseresznye a tort\u00e1n, a Velo \u00fagy van felszerelve a saj\u00e1t dr\u00f3nj\u00e1val. Ehhez tartozik egy m\u00e1gneses lesz\u00e1ll\u00f3pont, amelyet a motorh\u00e1ztet\u0151re lehet rakni. A dr\u00f3n \u201eFollow Me\u201d k\u00f6vet\u0151funkci\u00f3val van felszerelve, teh\u00e1t csak felpattansz a nyeregbe, \u00e9s a dr\u00f3n k\u00f6vetni fogja az utad, mint egy saj\u00e1t operat\u0151r. Ha a k\u00e9peidet vagy felv\u00e9teleidet azonnal fel szeretn\u00e9d t\u00f6lteni a k\u00f6z\u00f6ss\u00e9gi m\u00e9di\u00e1ra, vagy b\u00e1rhova m\u00e1shov\u00e1, a KAROQ Velo-nak m\u00e9g WIFI hotspotja is van.<\/p>\n<p><a href=\"https:\/\/d2p6e6u75xmxt8.cloudfront.net\/12\/2019\/07\/SKODA-KAROQ-VELO.jpg\"><img loading=\"lazy\" decoding=\"async\" class=\"alignnone size-full wp-image-4386\" src=\"https:\/\/d2p6e6u75xmxt8.cloudfront.net\/12\/2019\/07\/SKODA-KAROQ-VELO.jpg\" alt=\"\" width=\"1001\" height=\"638\" srcset=\"https:\/\/d2p6e6u75xmxt8.cloudfront.net\/12\/2019\/07\/SKODA-KAROQ-VELO.jpg 1001w, https:\/\/d2p6e6u75xmxt8.cloudfront.net\/12\/2019\/07\/SKODA-KAROQ-VELO-300x191.jpg 300w, https:\/\/d2p6e6u75xmxt8.cloudfront.net\/12\/2019\/07\/SKODA-KAROQ-VELO-768x489.jpg 768w\" sizes=\"auto, (max-width: 1001px) 100vw, 1001px\" \/><\/a><\/p>\n<div id='gallery-1' class='gallery galleryid-4383 gallery-columns-2 gallery-size-large'><figure class='gallery-item'>\n\t\t\t<div class='gallery-icon landscape'>\n\t\t\t\t<a href='https:\/\/d2p6e6u75xmxt8.cloudfront.net\/12\/2019\/07\/SKODA-KAROQ-VELO-2.jpg'><img loading=\"lazy\" decoding=\"async\" width=\"1001\" height=\"638\" src=\"https:\/\/d2p6e6u75xmxt8.cloudfront.net\/12\/2019\/07\/SKODA-KAROQ-VELO-2.jpg\" class=\"attachment-large size-large\" alt=\"\" srcset=\"https:\/\/d2p6e6u75xmxt8.cloudfront.net\/12\/2019\/07\/SKODA-KAROQ-VELO-2.jpg 1001w, https:\/\/d2p6e6u75xmxt8.cloudfront.net\/12\/2019\/07\/SKODA-KAROQ-VELO-2-300x191.jpg 300w, https:\/\/d2p6e6u75xmxt8.cloudfront.net\/12\/2019\/07\/SKODA-KAROQ-VELO-2-768x489.jpg 768w\" sizes=\"auto, (max-width: 1001px) 100vw, 1001px\" \/><\/a>\n\t\t\t<\/div><\/figure><figure class='gallery-item'>\n\t\t\t<div class='gallery-icon landscape'>\n\t\t\t\t<a href='https:\/\/d2p6e6u75xmxt8.cloudfront.net\/12\/2019\/07\/SKODA-KAROQ-VELO-1.jpg'><img loading=\"lazy\" decoding=\"async\" width=\"1001\" height=\"638\" src=\"https:\/\/d2p6e6u75xmxt8.cloudfront.net\/12\/2019\/07\/SKODA-KAROQ-VELO-1.jpg\" class=\"attachment-large size-large\" alt=\"\" srcset=\"https:\/\/d2p6e6u75xmxt8.cloudfront.net\/12\/2019\/07\/SKODA-KAROQ-VELO-1.jpg 1001w, https:\/\/d2p6e6u75xmxt8.cloudfront.net\/12\/2019\/07\/SKODA-KAROQ-VELO-1-300x191.jpg 300w, https:\/\/d2p6e6u75xmxt8.cloudfront.net\/12\/2019\/07\/SKODA-KAROQ-VELO-1-768x489.jpg 768w\" sizes=\"auto, (max-width: 1001px) 100vw, 1001px\" \/><\/a>\n\t\t\t<\/div><\/figure>\n\t\t<\/div>\n\n<p>A koncepci\u00f3 jelmondata: \u201ea t\u00f6k\u00e9letes teker\u00e9s el\u0151tti \u00e9s ut\u00e1ni \u00e9lm\u00e9ny biztos\u00edt\u00e1sa a ker\u00e9kp\u00e1rosok sz\u00e1m\u00e1ra\u201d, \u00e9s ki merj\u00fck jelenteni, hogy t\u00e9nyleg fel van szerelve minden extr\u00e1val \u00e9s technol\u00f3gi\u00e1val, ami ehhez kellhet. A KAROQ Velo-t nem t\u00f6meggy\u00e1rt\u00e1sra tervezt\u00e9k, de a \u0160koda k\u00f6lcs\u00f6nadja majd a modellt a ny\u00e1r folyam\u00e1n a ker\u00e9kp\u00e1rosoknak, hogy n\u00e9gykerek\u0171 asszisztensk\u00e9nt szolg\u00e1ljon a k\u00fcl\u00f6nb\u00f6z\u0151 futamokon \u00e9s versenyeken.<\/p>\n<p>Kipr\u00f3b\u00e1ln\u00e1d ezt az innovat\u00edv \u00f6tletet? \u00cdrj nek\u00fcnk kommentet!<\/p>\n","protected":false},"excerpt":{"rendered":"<p>Amikor \u00f6sszej\u00f6n 1500 biciklis egy kutat\u00e1shoz, amelyet arra terveztek, hogy megalkoss\u00e1k a bring\u00e1s \u00e9letst\u00edlushoz legt\u00f6k\u00e9letesebben ill\u0151 aut\u00f3t, a nyakadat teheted [&hellip;]<\/p>\n","protected":false},"author":71,"featured_media":4388,"comment_status":"open","ping_status":"open","sticky":false,"template":"","format":"standard","meta":{"footnotes":""},"categories":[6,468],"tags":[],"global-categories":[],"class_list":["post-4383","post","type-post","status-publish","format-standard","has-post-thumbnail","hentry","category-edzes-es-eletmod","category-skoda"],"yoast_head":"<!-- This site is optimized with the Yoast SEO Premium plugin v25.3 (Yoast SEO v25.9) - https:\/\/yoast.com\/wordpress\/plugins\/seo\/ -->\n<title>\u0160koda KAROQ Velo: Minden biciklis legvadabb \u00e1lma? - \u0160koda We Love Cycling - Magyarorsz\u00e1g<\/title>\n<meta name=\"robots\" content=\"index, follow, max-snippet:-1, max-image-preview:large, max-video-preview:-1\" \/>\n<link rel=\"canonical\" href=\"https:\/\/www.welovecycling.com\/hu\/edzes-es-eletmod\/skoda-karoq-velo-minden-biciklis-legvadabb-alma\/\" \/>\n<meta property=\"og:locale\" content=\"hu_HU\" \/>\n<meta property=\"og:type\" content=\"article\" \/>\n<meta property=\"og:title\" content=\"\u0160koda KAROQ Velo: Minden biciklis legvadabb \u00e1lma?\" \/>\n<meta property=\"og:description\" content=\"Amikor \u00f6sszej\u00f6n 1500 biciklis egy kutat\u00e1shoz, amelyet arra terveztek, hogy megalkoss\u00e1k a bring\u00e1s \u00e9letst\u00edlushoz legt\u00f6k\u00e9letesebben ill\u0151 aut\u00f3t, a nyakadat teheted [&hellip;]\" \/>\n<meta property=\"og:url\" content=\"https:\/\/www.welovecycling.com\/hu\/edzes-es-eletmod\/skoda-karoq-velo-minden-biciklis-legvadabb-alma\/\" \/>\n<meta property=\"og:site_name\" content=\"\u0160koda We Love Cycling - Magyarorsz\u00e1g\" \/>\n<meta property=\"article:publisher\" content=\"https:\/\/www.facebook.com\/WeLoveCyclingHungary\/\" \/>\n<meta property=\"article:published_time\" content=\"2019-07-13T06:00:21+00:00\" \/>\n<meta property=\"article:modified_time\" content=\"2022-02-09T07:47:57+00:00\" \/>\n<meta property=\"og:image\" content=\"https:\/\/d2p6e6u75xmxt8.cloudfront.net\/12\/2019\/07\/SKODA-KAROQ-VELO-CVR.jpg\" \/>\n\t<meta property=\"og:image:width\" content=\"1366\" \/>\n\t<meta property=\"og:image:height\" content=\"600\" \/>\n\t<meta property=\"og:image:type\" content=\"image\/jpeg\" \/>\n<meta name=\"author\" content=\"hegyizs\" \/>\n<meta name=\"twitter:card\" content=\"summary_large_image\" \/>\n<meta name=\"twitter:label1\" content=\"Written by\" \/>\n\t<meta name=\"twitter:data1\" content=\"Frantiska Blazkova\" \/>\n\t<meta name=\"twitter:label2\" content=\"Est. reading time\" \/>\n\t<meta name=\"twitter:data2\" content=\"5\" \/>\n<script type=\"application\/ld+json\" class=\"yoast-schema-graph\">{\"@context\":\"https:\/\/schema.org\",\"@graph\":[{\"@type\":\"WebPage\",\"@id\":\"https:\/\/www.welovecycling.com\/hu\/edzes-es-eletmod\/skoda-karoq-velo-minden-biciklis-legvadabb-alma\/\",\"url\":\"https:\/\/www.welovecycling.com\/hu\/edzes-es-eletmod\/skoda-karoq-velo-minden-biciklis-legvadabb-alma\/\",\"name\":\"\u0160koda KAROQ Velo: Minden biciklis legvadabb \u00e1lma? - \u0160koda We Love Cycling - Magyarorsz\u00e1g\",\"isPartOf\":{\"@id\":\"https:\/\/www.welovecycling.com\/hu\/#website\"},\"primaryImageOfPage\":{\"@id\":\"https:\/\/www.welovecycling.com\/hu\/edzes-es-eletmod\/skoda-karoq-velo-minden-biciklis-legvadabb-alma\/#primaryimage\"},\"image\":{\"@id\":\"https:\/\/www.welovecycling.com\/hu\/edzes-es-eletmod\/skoda-karoq-velo-minden-biciklis-legvadabb-alma\/#primaryimage\"},\"thumbnailUrl\":\"https:\/\/d2p6e6u75xmxt8.cloudfront.net\/12\/2019\/07\/SKODA-KAROQ-VELO-CVR.jpg\",\"datePublished\":\"2019-07-13T06:00:21+00:00\",\"dateModified\":\"2022-02-09T07:47:57+00:00\",\"author\":{\"@id\":\"https:\/\/www.welovecycling.com\/hu\/#\/schema\/person\/414a2aebf1801691a5320edb6468e194\"},\"breadcrumb\":{\"@id\":\"https:\/\/www.welovecycling.com\/hu\/edzes-es-eletmod\/skoda-karoq-velo-minden-biciklis-legvadabb-alma\/#breadcrumb\"},\"inLanguage\":\"hu\",\"potentialAction\":[{\"@type\":\"ReadAction\",\"target\":[\"https:\/\/www.welovecycling.com\/hu\/edzes-es-eletmod\/skoda-karoq-velo-minden-biciklis-legvadabb-alma\/\"]}]},{\"@type\":\"ImageObject\",\"inLanguage\":\"hu\",\"@id\":\"https:\/\/www.welovecycling.com\/hu\/edzes-es-eletmod\/skoda-karoq-velo-minden-biciklis-legvadabb-alma\/#primaryimage\",\"url\":\"https:\/\/d2p6e6u75xmxt8.cloudfront.net\/12\/2019\/07\/SKODA-KAROQ-VELO-CVR.jpg\",\"contentUrl\":\"https:\/\/d2p6e6u75xmxt8.cloudfront.net\/12\/2019\/07\/SKODA-KAROQ-VELO-CVR.jpg\",\"width\":1366,\"height\":600},{\"@type\":\"BreadcrumbList\",\"@id\":\"https:\/\/www.welovecycling.com\/hu\/edzes-es-eletmod\/skoda-karoq-velo-minden-biciklis-legvadabb-alma\/#breadcrumb\",\"itemListElement\":[{\"@type\":\"ListItem\",\"position\":1,\"name\":\"Home\",\"item\":\"https:\/\/www.welovecycling.com\/hu\/\"},{\"@type\":\"ListItem\",\"position\":2,\"name\":\"\u0160koda KAROQ Velo: Minden biciklis legvadabb \u00e1lma?\"}]},{\"@type\":\"WebSite\",\"@id\":\"https:\/\/www.welovecycling.com\/hu\/#website\",\"url\":\"https:\/\/www.welovecycling.com\/hu\/\",\"name\":\"\u0160koda We Love Cycling - Magyarorsz\u00e1g\",\"description\":\"\u0160koda WeLoveCycling\",\"potentialAction\":[{\"@type\":\"SearchAction\",\"target\":{\"@type\":\"EntryPoint\",\"urlTemplate\":\"https:\/\/www.welovecycling.com\/hu\/?s={search_term_string}\"},\"query-input\":{\"@type\":\"PropertyValueSpecification\",\"valueRequired\":true,\"valueName\":\"search_term_string\"}}],\"inLanguage\":\"hu\"},{\"@type\":\"Person\",\"@id\":\"https:\/\/www.welovecycling.com\/hu\/#\/schema\/person\/414a2aebf1801691a5320edb6468e194\",\"name\":\"hegyizs\",\"image\":{\"@type\":\"ImageObject\",\"inLanguage\":\"hu\",\"@id\":\"https:\/\/www.welovecycling.com\/hu\/#\/schema\/person\/image\/\",\"url\":\"https:\/\/secure.gravatar.com\/avatar\/02cf8a7906b8cf90cecb4679defac7cfd33a1c2e3b88e4903d947f3bb58eedd3?s=96&d=mm&r=g\",\"contentUrl\":\"https:\/\/secure.gravatar.com\/avatar\/02cf8a7906b8cf90cecb4679defac7cfd33a1c2e3b88e4903d947f3bb58eedd3?s=96&d=mm&r=g\",\"caption\":\"hegyizs\"},\"url\":\"https:\/\/www.welovecycling.com\/hu\/author\/hegyizs\/\"}]}<\/script>\n<!-- \/ Yoast SEO Premium plugin. -->","yoast_head_json":{"title":"\u0160koda KAROQ Velo: Minden biciklis legvadabb \u00e1lma? - \u0160koda We Love Cycling - Magyarorsz\u00e1g","robots":{"index":"index","follow":"follow","max-snippet":"max-snippet:-1","max-image-preview":"max-image-preview:large","max-video-preview":"max-video-preview:-1"},"canonical":"https:\/\/www.welovecycling.com\/hu\/edzes-es-eletmod\/skoda-karoq-velo-minden-biciklis-legvadabb-alma\/","og_locale":"hu_HU","og_type":"article","og_title":"\u0160koda KAROQ Velo: Minden biciklis legvadabb \u00e1lma?","og_description":"Amikor \u00f6sszej\u00f6n 1500 biciklis egy kutat\u00e1shoz, amelyet arra terveztek, hogy megalkoss\u00e1k a bring\u00e1s \u00e9letst\u00edlushoz legt\u00f6k\u00e9letesebben ill\u0151 aut\u00f3t, a nyakadat teheted [&hellip;]","og_url":"https:\/\/www.welovecycling.com\/hu\/edzes-es-eletmod\/skoda-karoq-velo-minden-biciklis-legvadabb-alma\/","og_site_name":"\u0160koda We Love Cycling - Magyarorsz\u00e1g","article_publisher":"https:\/\/www.facebook.com\/WeLoveCyclingHungary\/","article_published_time":"2019-07-13T06:00:21+00:00","article_modified_time":"2022-02-09T07:47:57+00:00","og_image":[{"width":1366,"height":600,"url":"https:\/\/d2p6e6u75xmxt8.cloudfront.net\/12\/2019\/07\/SKODA-KAROQ-VELO-CVR.jpg","type":"image\/jpeg"}],"author":"hegyizs","twitter_card":"summary_large_image","twitter_misc":{"Written by":"Frantiska Blazkova","Est. reading time":"5"},"schema":{"@context":"https:\/\/schema.org","@graph":[{"@type":"WebPage","@id":"https:\/\/www.welovecycling.com\/hu\/edzes-es-eletmod\/skoda-karoq-velo-minden-biciklis-legvadabb-alma\/","url":"https:\/\/www.welovecycling.com\/hu\/edzes-es-eletmod\/skoda-karoq-velo-minden-biciklis-legvadabb-alma\/","name":"\u0160koda KAROQ Velo: Minden biciklis legvadabb \u00e1lma? - \u0160koda We Love Cycling - Magyarorsz\u00e1g","isPartOf":{"@id":"https:\/\/www.welovecycling.com\/hu\/#website"},"primaryImageOfPage":{"@id":"https:\/\/www.welovecycling.com\/hu\/edzes-es-eletmod\/skoda-karoq-velo-minden-biciklis-legvadabb-alma\/#primaryimage"},"image":{"@id":"https:\/\/www.welovecycling.com\/hu\/edzes-es-eletmod\/skoda-karoq-velo-minden-biciklis-legvadabb-alma\/#primaryimage"},"thumbnailUrl":"https:\/\/d2p6e6u75xmxt8.cloudfront.net\/12\/2019\/07\/SKODA-KAROQ-VELO-CVR.jpg","datePublished":"2019-07-13T06:00:21+00:00","dateModified":"2022-02-09T07:47:57+00:00","author":{"@id":"https:\/\/www.welovecycling.com\/hu\/#\/schema\/person\/414a2aebf1801691a5320edb6468e194"},"breadcrumb":{"@id":"https:\/\/www.welovecycling.com\/hu\/edzes-es-eletmod\/skoda-karoq-velo-minden-biciklis-legvadabb-alma\/#breadcrumb"},"inLanguage":"hu","potentialAction":[{"@type":"ReadAction","target":["https:\/\/www.welovecycling.com\/hu\/edzes-es-eletmod\/skoda-karoq-velo-minden-biciklis-legvadabb-alma\/"]}]},{"@type":"ImageObject","inLanguage":"hu","@id":"https:\/\/www.welovecycling.com\/hu\/edzes-es-eletmod\/skoda-karoq-velo-minden-biciklis-legvadabb-alma\/#primaryimage","url":"https:\/\/d2p6e6u75xmxt8.cloudfront.net\/12\/2019\/07\/SKODA-KAROQ-VELO-CVR.jpg","contentUrl":"https:\/\/d2p6e6u75xmxt8.cloudfront.net\/12\/2019\/07\/SKODA-KAROQ-VELO-CVR.jpg","width":1366,"height":600},{"@type":"BreadcrumbList","@id":"https:\/\/www.welovecycling.com\/hu\/edzes-es-eletmod\/skoda-karoq-velo-minden-biciklis-legvadabb-alma\/#breadcrumb","itemListElement":[{"@type":"ListItem","position":1,"name":"Home","item":"https:\/\/www.welovecycling.com\/hu\/"},{"@type":"ListItem","position":2,"name":"\u0160koda KAROQ Velo: Minden biciklis legvadabb \u00e1lma?"}]},{"@type":"WebSite","@id":"https:\/\/www.welovecycling.com\/hu\/#website","url":"https:\/\/www.welovecycling.com\/hu\/","name":"\u0160koda We Love Cycling - Magyarorsz\u00e1g","description":"\u0160koda WeLoveCycling","potentialAction":[{"@type":"SearchAction","target":{"@type":"EntryPoint","urlTemplate":"https:\/\/www.welovecycling.com\/hu\/?s={search_term_string}"},"query-input":{"@type":"PropertyValueSpecification","valueRequired":true,"valueName":"search_term_string"}}],"inLanguage":"hu"},{"@type":"Person","@id":"https:\/\/www.welovecycling.com\/hu\/#\/schema\/person\/414a2aebf1801691a5320edb6468e194","name":"hegyizs","image":{"@type":"ImageObject","inLanguage":"hu","@id":"https:\/\/www.welovecycling.com\/hu\/#\/schema\/person\/image\/","url":"https:\/\/secure.gravatar.com\/avatar\/02cf8a7906b8cf90cecb4679defac7cfd33a1c2e3b88e4903d947f3bb58eedd3?s=96&d=mm&r=g","contentUrl":"https:\/\/secure.gravatar.com\/avatar\/02cf8a7906b8cf90cecb4679defac7cfd33a1c2e3b88e4903d947f3bb58eedd3?s=96&d=mm&r=g","caption":"hegyizs"},"url":"https:\/\/www.welovecycling.com\/hu\/author\/hegyizs\/"}]}},"_links":{"self":[{"href":"https:\/\/www.welovecycling.com\/hu\/wp-json\/wp\/v2\/posts\/4383","targetHints":{"allow":["GET"]}}],"collection":[{"href":"https:\/\/www.welovecycling.com\/hu\/wp-json\/wp\/v2\/posts"}],"about":[{"href":"https:\/\/www.welovecycling.com\/hu\/wp-json\/wp\/v2\/types\/post"}],"author":[{"embeddable":true,"href":"https:\/\/www.welovecycling.com\/hu\/wp-json\/wp\/v2\/users\/71"}],"replies":[{"embeddable":true,"href":"https:\/\/www.welovecycling.com\/hu\/wp-json\/wp\/v2\/comments?post=4383"}],"version-history":[{"count":2,"href":"https:\/\/www.welovecycling.com\/hu\/wp-json\/wp\/v2\/posts\/4383\/revisions"}],"predecessor-version":[{"id":4401,"href":"https:\/\/www.welovecycling.com\/hu\/wp-json\/wp\/v2\/posts\/4383\/revisions\/4401"}],"wp:featuredmedia":[{"embeddable":true,"href":"https:\/\/www.welovecycling.com\/hu\/wp-json\/wp\/v2\/media\/4388"}],"wp:attachment":[{"href":"https:\/\/www.welovecycling.com\/hu\/wp-json\/wp\/v2\/media?parent=4383"}],"wp:term":[{"taxonomy":"category","embeddable":true,"href":"https:\/\/www.welovecycling.com\/hu\/wp-json\/wp\/v2\/categories?post=4383"},{"taxonomy":"post_tag","embeddable":true,"href":"https:\/\/www.welovecycling.com\/hu\/wp-json\/wp\/v2\/tags?post=4383"},{"taxonomy":"global-categories","embeddable":true,"href":"https:\/\/www.welovecycling.com\/hu\/wp-json\/wp\/v2\/global-categories?post=4383"}],"curies":[{"name":"wp","href":"https:\/\/api.w.org\/{rel}","templated":true}]}}