{"id":4375,"date":"2019-07-12T08:00:55","date_gmt":"2019-07-12T07:00:55","guid":{"rendered":"https:\/\/www.welovecycling.com\/hu\/?p=4375"},"modified":"2019-07-04T16:02:26","modified_gmt":"2019-07-04T15:02:26","slug":"most-mar-tudjuk-miert-kerekparos-paradicsom-hollandia","status":"publish","type":"post","link":"https:\/\/www.welovecycling.com\/hu\/kozosseg-es-kultura\/most-mar-tudjuk-miert-kerekparos-paradicsom-hollandia\/","title":{"rendered":"Most m\u00e1r tudjuk, mi\u00e9rt ker\u00e9kp\u00e1ros paradicsom Hollandia"},"content":{"rendered":"<p><strong>Egy \u00e1tlagos holland feln\u0151tt 1000 kilom\u00e9tert teker \u00e9vente. Meglep\u0151 m\u00f3don a tizen\u00e9vesek ennek dupl\u00e1j\u00e1t, azaz 2000 kilom\u00e9tert nyomnak, hiszen biciklivel j\u00e1rnak iskol\u00e1ba. Gondolkodt\u00e1l m\u00e1r azon, mi teszi olyan sz\u00e9les k\u00f6rben hozz\u00e1f\u00e9rhet\u0151v\u00e9 a ker\u00e9kp\u00e1roz\u00e1st Hollandi\u00e1ban? Mi megtal\u00e1ltuk a v\u00e1laszt.<\/strong><\/p>\n<p><!--more--><\/p>\n<p>1. Az Eur\u00f3pai Ker\u00e9kp\u00e1ros Sz\u00f6vets\u00e9g szerint Hollandia a biciklisek sz\u00e1m\u00e1ra az egyik legbiztons\u00e1gosabb orsz\u00e1g a vil\u00e1gon.<\/p>\n<p>2. M\u00e9g a gyerekeket is speci\u00e1lis tehersz\u00e1ll\u00edt\u00f3 ker\u00e9kp\u00e1rokban sz\u00e1ll\u00edtj\u00e1k m\u00e1r kiskorukt\u00f3l fogva.<\/p>\n<figure id=\"attachment_4376\" aria-describedby=\"caption-attachment-4376\" style=\"width: 1250px\" class=\"wp-caption alignnone\"><a href=\"https:\/\/d2p6e6u75xmxt8.cloudfront.net\/12\/2019\/07\/bakfiets-profimedia-0108285671.jpg\"><img loading=\"lazy\" decoding=\"async\" class=\"size-full wp-image-4376\" src=\"https:\/\/d2p6e6u75xmxt8.cloudfront.net\/12\/2019\/07\/bakfiets-profimedia-0108285671.jpg\" alt=\"\" width=\"1250\" height=\"832\" srcset=\"https:\/\/d2p6e6u75xmxt8.cloudfront.net\/12\/2019\/07\/bakfiets-profimedia-0108285671.jpg 1250w, https:\/\/d2p6e6u75xmxt8.cloudfront.net\/12\/2019\/07\/bakfiets-profimedia-0108285671-300x200.jpg 300w, https:\/\/d2p6e6u75xmxt8.cloudfront.net\/12\/2019\/07\/bakfiets-profimedia-0108285671-768x511.jpg 768w, https:\/\/d2p6e6u75xmxt8.cloudfront.net\/12\/2019\/07\/bakfiets-profimedia-0108285671-1024x682.jpg 1024w, https:\/\/d2p6e6u75xmxt8.cloudfront.net\/12\/2019\/07\/bakfiets-profimedia-0108285671-272x182.jpg 272w\" sizes=\"auto, (max-width: 1250px) 100vw, 1250px\" \/><\/a><figcaption id=\"caption-attachment-4376\" class=\"wp-caption-text\"><em>Csal\u00e1di ker\u00e9kp\u00e1roz\u00e1s Bakfiets tehersz\u00e1ll\u00edt\u00f3 ker\u00e9kp\u00e1rral, Amszterdamban. \u00a9 Profimedia, Alamy<\/em><\/figcaption><\/figure>\n<p>3. Olcs\u00f3, ez\u00e9rt j\u00f3l illik a legend\u00e1s holland sp\u00fars\u00e1ghoz.<\/p>\n<p>4. Hollandi\u00e1ban t\u00f6bb, mint 32 ezer kilom\u00e9ternyi ker\u00e9kp\u00e1r\u00fat van, teh\u00e1t majdnem b\u00e1rhova eljuthatsz an\u00e9lk\u00fcl, hogy az aut\u00f3s forgalom miatt k\u00e9ne agg\u00f3dnod.<\/p>\n<p>5. A feln\u0151tt lakoss\u00e1g fele kevesebb, mint 7,5 kilom\u00e9tert utazik a munkahely\u00e9re, ezt a t\u00e1vot pedig k\u00f6nnyed\u00e9n meg lehet tenni ker\u00e9kp\u00e1rral.<\/p>\n<p>6. Az \u00e1llam sz\u00f3 szerint fizet az embereknek, hogy ker\u00e9kp\u00e1rozzanak. Ha bring\u00e1val m\u00e9sz dolgozni, nagyj\u00e1b\u00f3l 60 forintnak megfelel\u0151 eur\u00f3t kapsz minden kilom\u00e9ter ut\u00e1n. Az egyetlen kit\u00e9tel az, hogy a t\u00e1vols\u00e1ggal kapcsolatban a c\u00e9geknek \u00e9s a munkav\u00e1llal\u00f3knak kell meg\u00e1llapodniuk.<\/p>\n<figure id=\"attachment_4377\" aria-describedby=\"caption-attachment-4377\" style=\"width: 800px\" class=\"wp-caption alignnone\"><a href=\"https:\/\/d2p6e6u75xmxt8.cloudfront.net\/12\/2019\/07\/worlds-first-suspended-bicycle-roundabout-hovenring-by-ipv-delft-netherlands-1.jpg\"><img loading=\"lazy\" decoding=\"async\" class=\"size-full wp-image-4377\" src=\"https:\/\/d2p6e6u75xmxt8.cloudfront.net\/12\/2019\/07\/worlds-first-suspended-bicycle-roundabout-hovenring-by-ipv-delft-netherlands-1.jpg\" alt=\"\" width=\"800\" height=\"533\" srcset=\"https:\/\/d2p6e6u75xmxt8.cloudfront.net\/12\/2019\/07\/worlds-first-suspended-bicycle-roundabout-hovenring-by-ipv-delft-netherlands-1.jpg 800w, https:\/\/d2p6e6u75xmxt8.cloudfront.net\/12\/2019\/07\/worlds-first-suspended-bicycle-roundabout-hovenring-by-ipv-delft-netherlands-1-300x200.jpg 300w, https:\/\/d2p6e6u75xmxt8.cloudfront.net\/12\/2019\/07\/worlds-first-suspended-bicycle-roundabout-hovenring-by-ipv-delft-netherlands-1-768x512.jpg 768w, https:\/\/d2p6e6u75xmxt8.cloudfront.net\/12\/2019\/07\/worlds-first-suspended-bicycle-roundabout-hovenring-by-ipv-delft-netherlands-1-272x182.jpg 272w\" sizes=\"auto, (max-width: 800px) 100vw, 800px\" \/><\/a><figcaption id=\"caption-attachment-4377\" class=\"wp-caption-text\"><em>A Hovenring Hollandi\u00e1ban<\/em><\/figcaption><\/figure>\n<p>7. Ezen k\u00edv\u00fcl, az orsz\u00e1g \u00fagy d\u00f6nt\u00f6tt, hogy 345 milli\u00f3 eur\u00f3t fektet a ker\u00e9kp\u00e1r-infrastrukt\u00far\u00e1ba annak \u00e9rdek\u00e9ben, hogy m\u00e9g 200 000 \u00faj embert \u00f6szt\u00f6n\u00f6zzenek a bring\u00e1z\u00e1sra a k\u00f6vetkez\u0151 3 \u00e9vben.<\/p>\n<p>8. K\u00f6nny\u0171 bring\u00e1hoz jutni, ha tekerni t\u00e1mad kedv\u00fcnk, hiszen 23 milli\u00f3 bicikli jut az orsz\u00e1g 17 milli\u00f3s n\u00e9pess\u00e9g\u00e9re. Csak felpattansz egyre \u00e9s m\u00e9sz is, m\u00e9g buk\u00f3sisak sem kell, hiszen nem k\u00f6telez\u0151.<\/p>\n<p>9. A ker\u00e9kp\u00e1rosokat \u00e1rtatlannak tekintik, ha b\u00e1rmilyen m\u00e1sik k\u00f6zleked\u00e9si eszk\u00f6zzel \u00fctk\u00f6znek.<\/p>\n<p>10. Az iskol\u00e1kban k\u00f6telez\u0151en tan\u00edtj\u00e1k a ker\u00e9kp\u00e1roz\u00e1st, \u00e9s a gyerekeknek biciklis k\u00f6zleked\u00e9si vizsg\u00e1t kell tenni\u00fck.<\/p>\n<p><a href=\"https:\/\/d2p6e6u75xmxt8.cloudfront.net\/12\/2019\/07\/profimedia-0143449086.jpg\"><img loading=\"lazy\" decoding=\"async\" class=\"size-full wp-image-4378\" src=\"https:\/\/d2p6e6u75xmxt8.cloudfront.net\/12\/2019\/07\/profimedia-0143449086.jpg\" alt=\"\" width=\"1250\" height=\"833\" srcset=\"https:\/\/d2p6e6u75xmxt8.cloudfront.net\/12\/2019\/07\/profimedia-0143449086.jpg 1250w, https:\/\/d2p6e6u75xmxt8.cloudfront.net\/12\/2019\/07\/profimedia-0143449086-300x200.jpg 300w, https:\/\/d2p6e6u75xmxt8.cloudfront.net\/12\/2019\/07\/profimedia-0143449086-768x512.jpg 768w, https:\/\/d2p6e6u75xmxt8.cloudfront.net\/12\/2019\/07\/profimedia-0143449086-1024x682.jpg 1024w, https:\/\/d2p6e6u75xmxt8.cloudfront.net\/12\/2019\/07\/profimedia-0143449086-272x182.jpg 272w\" sizes=\"auto, (max-width: 1250px) 100vw, 1250px\" \/><\/a><em>Kora reggel Bussumban. \u00a9 Profimedia, Alamy<\/em><\/p>\n<p>11. A bicikliz\u00e9s nem meger\u0151ltet\u0151, mivel az orsz\u00e1g domborzata hihetetlen\u00fcl s\u00edk.<\/p>\n<p>12. Jelenleg 15, m\u00e1r megl\u00e9v\u0151 bring\u00e1s utat alak\u00edtanak \u00e9pp \u00e1t ker\u00e9kp\u00e1ros aut\u00f3p\u00e1ly\u00e1v\u00e1. Ehhez j\u00f6n m\u00e9g majd 25 ezer bringa parkol\u00f3hely a k\u00f6zelj\u00f6v\u0151ben.<\/p>\n","protected":false},"excerpt":{"rendered":"<p>Egy \u00e1tlagos holland feln\u0151tt 1000 kilom\u00e9tert teker \u00e9vente. Meglep\u0151 m\u00f3don a tizen\u00e9vesek ennek dupl\u00e1j\u00e1t, azaz 2000 kilom\u00e9tert nyomnak, hiszen biciklivel [&hellip;]<\/p>\n","protected":false},"author":71,"featured_media":4380,"comment_status":"open","ping_status":"open","sticky":false,"template":"","format":"standard","meta":{"footnotes":""},"categories":[12],"tags":[],"global-categories":[],"class_list":["post-4375","post","type-post","status-publish","format-standard","has-post-thumbnail","hentry","category-kozosseg-es-kultura"],"yoast_head":"<!-- This site is optimized with the Yoast SEO Premium plugin v25.3 (Yoast SEO v25.9) - https:\/\/yoast.com\/wordpress\/plugins\/seo\/ -->\n<title>Most m\u00e1r tudjuk, mi\u00e9rt ker\u00e9kp\u00e1ros paradicsom Hollandia - \u0160koda We Love Cycling - Magyarorsz\u00e1g<\/title>\n<meta name=\"robots\" content=\"index, follow, max-snippet:-1, max-image-preview:large, max-video-preview:-1\" \/>\n<link rel=\"canonical\" href=\"https:\/\/www.welovecycling.com\/hu\/kozosseg-es-kultura\/most-mar-tudjuk-miert-kerekparos-paradicsom-hollandia\/\" \/>\n<meta property=\"og:locale\" content=\"hu_HU\" \/>\n<meta property=\"og:type\" content=\"article\" \/>\n<meta property=\"og:title\" content=\"Most m\u00e1r tudjuk, mi\u00e9rt ker\u00e9kp\u00e1ros paradicsom Hollandia\" \/>\n<meta property=\"og:description\" content=\"Egy \u00e1tlagos holland feln\u0151tt 1000 kilom\u00e9tert teker \u00e9vente. Meglep\u0151 m\u00f3don a tizen\u00e9vesek ennek dupl\u00e1j\u00e1t, azaz 2000 kilom\u00e9tert nyomnak, hiszen biciklivel [&hellip;]\" \/>\n<meta property=\"og:url\" content=\"https:\/\/www.welovecycling.com\/hu\/kozosseg-es-kultura\/most-mar-tudjuk-miert-kerekparos-paradicsom-hollandia\/\" \/>\n<meta property=\"og:site_name\" content=\"\u0160koda We Love Cycling - Magyarorsz\u00e1g\" \/>\n<meta property=\"article:publisher\" content=\"https:\/\/www.facebook.com\/WeLoveCyclingHungary\/\" \/>\n<meta property=\"article:published_time\" content=\"2019-07-12T07:00:55+00:00\" \/>\n<meta property=\"og:image\" content=\"https:\/\/d2p6e6u75xmxt8.cloudfront.net\/12\/2019\/07\/Netherlands-profimedia-0333949870-2.jpg\" \/>\n\t<meta property=\"og:image:width\" content=\"1366\" \/>\n\t<meta property=\"og:image:height\" content=\"600\" \/>\n\t<meta property=\"og:image:type\" content=\"image\/jpeg\" \/>\n<meta name=\"author\" content=\"hegyizs\" \/>\n<meta name=\"twitter:card\" content=\"summary_large_image\" \/>\n<meta name=\"twitter:label1\" content=\"Written by\" \/>\n\t<meta name=\"twitter:data1\" content=\"Adam Marsal\" \/>\n\t<meta name=\"twitter:label2\" content=\"Est. reading time\" \/>\n\t<meta name=\"twitter:data2\" content=\"5\" \/>\n<script type=\"application\/ld+json\" class=\"yoast-schema-graph\">{\"@context\":\"https:\/\/schema.org\",\"@graph\":[{\"@type\":\"WebPage\",\"@id\":\"https:\/\/www.welovecycling.com\/hu\/kozosseg-es-kultura\/most-mar-tudjuk-miert-kerekparos-paradicsom-hollandia\/\",\"url\":\"https:\/\/www.welovecycling.com\/hu\/kozosseg-es-kultura\/most-mar-tudjuk-miert-kerekparos-paradicsom-hollandia\/\",\"name\":\"Most m\u00e1r tudjuk, mi\u00e9rt ker\u00e9kp\u00e1ros paradicsom Hollandia - \u0160koda We Love Cycling - Magyarorsz\u00e1g\",\"isPartOf\":{\"@id\":\"https:\/\/www.welovecycling.com\/hu\/#website\"},\"primaryImageOfPage\":{\"@id\":\"https:\/\/www.welovecycling.com\/hu\/kozosseg-es-kultura\/most-mar-tudjuk-miert-kerekparos-paradicsom-hollandia\/#primaryimage\"},\"image\":{\"@id\":\"https:\/\/www.welovecycling.com\/hu\/kozosseg-es-kultura\/most-mar-tudjuk-miert-kerekparos-paradicsom-hollandia\/#primaryimage\"},\"thumbnailUrl\":\"https:\/\/d2p6e6u75xmxt8.cloudfront.net\/12\/2019\/07\/Netherlands-profimedia-0333949870-2.jpg\",\"datePublished\":\"2019-07-12T07:00:55+00:00\",\"author\":{\"@id\":\"https:\/\/www.welovecycling.com\/hu\/#\/schema\/person\/414a2aebf1801691a5320edb6468e194\"},\"breadcrumb\":{\"@id\":\"https:\/\/www.welovecycling.com\/hu\/kozosseg-es-kultura\/most-mar-tudjuk-miert-kerekparos-paradicsom-hollandia\/#breadcrumb\"},\"inLanguage\":\"hu\",\"potentialAction\":[{\"@type\":\"ReadAction\",\"target\":[\"https:\/\/www.welovecycling.com\/hu\/kozosseg-es-kultura\/most-mar-tudjuk-miert-kerekparos-paradicsom-hollandia\/\"]}]},{\"@type\":\"ImageObject\",\"inLanguage\":\"hu\",\"@id\":\"https:\/\/www.welovecycling.com\/hu\/kozosseg-es-kultura\/most-mar-tudjuk-miert-kerekparos-paradicsom-hollandia\/#primaryimage\",\"url\":\"https:\/\/d2p6e6u75xmxt8.cloudfront.net\/12\/2019\/07\/Netherlands-profimedia-0333949870-2.jpg\",\"contentUrl\":\"https:\/\/d2p6e6u75xmxt8.cloudfront.net\/12\/2019\/07\/Netherlands-profimedia-0333949870-2.jpg\",\"width\":1366,\"height\":600},{\"@type\":\"BreadcrumbList\",\"@id\":\"https:\/\/www.welovecycling.com\/hu\/kozosseg-es-kultura\/most-mar-tudjuk-miert-kerekparos-paradicsom-hollandia\/#breadcrumb\",\"itemListElement\":[{\"@type\":\"ListItem\",\"position\":1,\"name\":\"Home\",\"item\":\"https:\/\/www.welovecycling.com\/hu\/\"},{\"@type\":\"ListItem\",\"position\":2,\"name\":\"Most m\u00e1r tudjuk, mi\u00e9rt ker\u00e9kp\u00e1ros paradicsom Hollandia\"}]},{\"@type\":\"WebSite\",\"@id\":\"https:\/\/www.welovecycling.com\/hu\/#website\",\"url\":\"https:\/\/www.welovecycling.com\/hu\/\",\"name\":\"\u0160koda We Love Cycling - Magyarorsz\u00e1g\",\"description\":\"\u0160koda WeLoveCycling\",\"potentialAction\":[{\"@type\":\"SearchAction\",\"target\":{\"@type\":\"EntryPoint\",\"urlTemplate\":\"https:\/\/www.welovecycling.com\/hu\/?s={search_term_string}\"},\"query-input\":{\"@type\":\"PropertyValueSpecification\",\"valueRequired\":true,\"valueName\":\"search_term_string\"}}],\"inLanguage\":\"hu\"},{\"@type\":\"Person\",\"@id\":\"https:\/\/www.welovecycling.com\/hu\/#\/schema\/person\/414a2aebf1801691a5320edb6468e194\",\"name\":\"hegyizs\",\"image\":{\"@type\":\"ImageObject\",\"inLanguage\":\"hu\",\"@id\":\"https:\/\/www.welovecycling.com\/hu\/#\/schema\/person\/image\/\",\"url\":\"https:\/\/secure.gravatar.com\/avatar\/02cf8a7906b8cf90cecb4679defac7cfd33a1c2e3b88e4903d947f3bb58eedd3?s=96&d=mm&r=g\",\"contentUrl\":\"https:\/\/secure.gravatar.com\/avatar\/02cf8a7906b8cf90cecb4679defac7cfd33a1c2e3b88e4903d947f3bb58eedd3?s=96&d=mm&r=g\",\"caption\":\"hegyizs\"},\"url\":\"https:\/\/www.welovecycling.com\/hu\/author\/hegyizs\/\"}]}<\/script>\n<!-- \/ Yoast SEO Premium plugin. -->","yoast_head_json":{"title":"Most m\u00e1r tudjuk, mi\u00e9rt ker\u00e9kp\u00e1ros paradicsom Hollandia - \u0160koda We Love Cycling - Magyarorsz\u00e1g","robots":{"index":"index","follow":"follow","max-snippet":"max-snippet:-1","max-image-preview":"max-image-preview:large","max-video-preview":"max-video-preview:-1"},"canonical":"https:\/\/www.welovecycling.com\/hu\/kozosseg-es-kultura\/most-mar-tudjuk-miert-kerekparos-paradicsom-hollandia\/","og_locale":"hu_HU","og_type":"article","og_title":"Most m\u00e1r tudjuk, mi\u00e9rt ker\u00e9kp\u00e1ros paradicsom Hollandia","og_description":"Egy \u00e1tlagos holland feln\u0151tt 1000 kilom\u00e9tert teker \u00e9vente. Meglep\u0151 m\u00f3don a tizen\u00e9vesek ennek dupl\u00e1j\u00e1t, azaz 2000 kilom\u00e9tert nyomnak, hiszen biciklivel [&hellip;]","og_url":"https:\/\/www.welovecycling.com\/hu\/kozosseg-es-kultura\/most-mar-tudjuk-miert-kerekparos-paradicsom-hollandia\/","og_site_name":"\u0160koda We Love Cycling - Magyarorsz\u00e1g","article_publisher":"https:\/\/www.facebook.com\/WeLoveCyclingHungary\/","article_published_time":"2019-07-12T07:00:55+00:00","og_image":[{"width":1366,"height":600,"url":"https:\/\/d2p6e6u75xmxt8.cloudfront.net\/12\/2019\/07\/Netherlands-profimedia-0333949870-2.jpg","type":"image\/jpeg"}],"author":"hegyizs","twitter_card":"summary_large_image","twitter_misc":{"Written by":"Adam Marsal","Est. reading time":"5"},"schema":{"@context":"https:\/\/schema.org","@graph":[{"@type":"WebPage","@id":"https:\/\/www.welovecycling.com\/hu\/kozosseg-es-kultura\/most-mar-tudjuk-miert-kerekparos-paradicsom-hollandia\/","url":"https:\/\/www.welovecycling.com\/hu\/kozosseg-es-kultura\/most-mar-tudjuk-miert-kerekparos-paradicsom-hollandia\/","name":"Most m\u00e1r tudjuk, mi\u00e9rt ker\u00e9kp\u00e1ros paradicsom Hollandia - \u0160koda We Love Cycling - Magyarorsz\u00e1g","isPartOf":{"@id":"https:\/\/www.welovecycling.com\/hu\/#website"},"primaryImageOfPage":{"@id":"https:\/\/www.welovecycling.com\/hu\/kozosseg-es-kultura\/most-mar-tudjuk-miert-kerekparos-paradicsom-hollandia\/#primaryimage"},"image":{"@id":"https:\/\/www.welovecycling.com\/hu\/kozosseg-es-kultura\/most-mar-tudjuk-miert-kerekparos-paradicsom-hollandia\/#primaryimage"},"thumbnailUrl":"https:\/\/d2p6e6u75xmxt8.cloudfront.net\/12\/2019\/07\/Netherlands-profimedia-0333949870-2.jpg","datePublished":"2019-07-12T07:00:55+00:00","author":{"@id":"https:\/\/www.welovecycling.com\/hu\/#\/schema\/person\/414a2aebf1801691a5320edb6468e194"},"breadcrumb":{"@id":"https:\/\/www.welovecycling.com\/hu\/kozosseg-es-kultura\/most-mar-tudjuk-miert-kerekparos-paradicsom-hollandia\/#breadcrumb"},"inLanguage":"hu","potentialAction":[{"@type":"ReadAction","target":["https:\/\/www.welovecycling.com\/hu\/kozosseg-es-kultura\/most-mar-tudjuk-miert-kerekparos-paradicsom-hollandia\/"]}]},{"@type":"ImageObject","inLanguage":"hu","@id":"https:\/\/www.welovecycling.com\/hu\/kozosseg-es-kultura\/most-mar-tudjuk-miert-kerekparos-paradicsom-hollandia\/#primaryimage","url":"https:\/\/d2p6e6u75xmxt8.cloudfront.net\/12\/2019\/07\/Netherlands-profimedia-0333949870-2.jpg","contentUrl":"https:\/\/d2p6e6u75xmxt8.cloudfront.net\/12\/2019\/07\/Netherlands-profimedia-0333949870-2.jpg","width":1366,"height":600},{"@type":"BreadcrumbList","@id":"https:\/\/www.welovecycling.com\/hu\/kozosseg-es-kultura\/most-mar-tudjuk-miert-kerekparos-paradicsom-hollandia\/#breadcrumb","itemListElement":[{"@type":"ListItem","position":1,"name":"Home","item":"https:\/\/www.welovecycling.com\/hu\/"},{"@type":"ListItem","position":2,"name":"Most m\u00e1r tudjuk, mi\u00e9rt ker\u00e9kp\u00e1ros paradicsom Hollandia"}]},{"@type":"WebSite","@id":"https:\/\/www.welovecycling.com\/hu\/#website","url":"https:\/\/www.welovecycling.com\/hu\/","name":"\u0160koda We Love Cycling - Magyarorsz\u00e1g","description":"\u0160koda WeLoveCycling","potentialAction":[{"@type":"SearchAction","target":{"@type":"EntryPoint","urlTemplate":"https:\/\/www.welovecycling.com\/hu\/?s={search_term_string}"},"query-input":{"@type":"PropertyValueSpecification","valueRequired":true,"valueName":"search_term_string"}}],"inLanguage":"hu"},{"@type":"Person","@id":"https:\/\/www.welovecycling.com\/hu\/#\/schema\/person\/414a2aebf1801691a5320edb6468e194","name":"hegyizs","image":{"@type":"ImageObject","inLanguage":"hu","@id":"https:\/\/www.welovecycling.com\/hu\/#\/schema\/person\/image\/","url":"https:\/\/secure.gravatar.com\/avatar\/02cf8a7906b8cf90cecb4679defac7cfd33a1c2e3b88e4903d947f3bb58eedd3?s=96&d=mm&r=g","contentUrl":"https:\/\/secure.gravatar.com\/avatar\/02cf8a7906b8cf90cecb4679defac7cfd33a1c2e3b88e4903d947f3bb58eedd3?s=96&d=mm&r=g","caption":"hegyizs"},"url":"https:\/\/www.welovecycling.com\/hu\/author\/hegyizs\/"}]}},"_links":{"self":[{"href":"https:\/\/www.welovecycling.com\/hu\/wp-json\/wp\/v2\/posts\/4375","targetHints":{"allow":["GET"]}}],"collection":[{"href":"https:\/\/www.welovecycling.com\/hu\/wp-json\/wp\/v2\/posts"}],"about":[{"href":"https:\/\/www.welovecycling.com\/hu\/wp-json\/wp\/v2\/types\/post"}],"author":[{"embeddable":true,"href":"https:\/\/www.welovecycling.com\/hu\/wp-json\/wp\/v2\/users\/71"}],"replies":[{"embeddable":true,"href":"https:\/\/www.welovecycling.com\/hu\/wp-json\/wp\/v2\/comments?post=4375"}],"version-history":[{"count":2,"href":"https:\/\/www.welovecycling.com\/hu\/wp-json\/wp\/v2\/posts\/4375\/revisions"}],"predecessor-version":[{"id":4403,"href":"https:\/\/www.welovecycling.com\/hu\/wp-json\/wp\/v2\/posts\/4375\/revisions\/4403"}],"wp:featuredmedia":[{"embeddable":true,"href":"https:\/\/www.welovecycling.com\/hu\/wp-json\/wp\/v2\/media\/4380"}],"wp:attachment":[{"href":"https:\/\/www.welovecycling.com\/hu\/wp-json\/wp\/v2\/media?parent=4375"}],"wp:term":[{"taxonomy":"category","embeddable":true,"href":"https:\/\/www.welovecycling.com\/hu\/wp-json\/wp\/v2\/categories?post=4375"},{"taxonomy":"post_tag","embeddable":true,"href":"https:\/\/www.welovecycling.com\/hu\/wp-json\/wp\/v2\/tags?post=4375"},{"taxonomy":"global-categories","embeddable":true,"href":"https:\/\/www.welovecycling.com\/hu\/wp-json\/wp\/v2\/global-categories?post=4375"}],"curies":[{"name":"wp","href":"https:\/\/api.w.org\/{rel}","templated":true}]}}