{"id":4370,"date":"2019-07-11T08:00:30","date_gmt":"2019-07-11T07:00:30","guid":{"rendered":"https:\/\/www.welovecycling.com\/hu\/?p=4370"},"modified":"2019-07-04T16:01:37","modified_gmt":"2019-07-04T15:01:37","slug":"a-legjobb-bringas-idezetek-noi-kiadas","status":"publish","type":"post","link":"https:\/\/www.welovecycling.com\/hu\/miert-tekerunk\/a-legjobb-bringas-idezetek-noi-kiadas\/","title":{"rendered":"A legjobb bring\u00e1s id\u00e9zetek \u2013 N\u0151i kiad\u00e1s!"},"content":{"rendered":"<p><strong>A ker\u00e9kp\u00e1roz\u00e1s nyelvezte mindig gazdag \u00e9s sz\u00ednes volt. A szabad \u00e9rz\u00e9s, amellyel a k\u00e9t ker\u00e9ken teker\u00e9s p\u00e1rosult, szellemesebbn\u00e9l szellemesebb megold\u00e1sokat sz\u00fclt nagy nevekt\u0151l, Ernest Hemingwayt\u0151l kezdve Hellen Kellerig. Ezeket az eml\u00e9kezetes sz\u00f3l\u00e1sokat \u00e9s b\u00f6lcsess\u00e9geket \u00f6sszegy\u0171jt\u00f6tt\u00e9k az \u00e9vek alatt, \u00e9s a bring\u00e1z\u00e1shoz kapcsol\u00f3d\u00f3 id\u00e9zetek most egy vid\u00e1m, irodalmi \u201efalisz\u0151nyegen\u201d \u00f6sszegy\u0171jtve \u00e9ltetik a sportot, amelyet mind im\u00e1dunk.<\/strong><\/p>\n<p><!--more--><\/p>\n<p>Ugyan a ker\u00e9kp\u00e1ros id\u00e9zetek k\u00f6z\u00fcl sok f\u00e9rfiakt\u00f3l sz\u00e1rmazik, a n\u0151k is fontos szerepet j\u00e1tszottak annak a nyelvnek a kialak\u00edt\u00e1s\u00e1ban, amelyet ma arra haszn\u00e1lunk, hogy a bring\u00e1z\u00e1sr\u00f3l besz\u00e9lj\u00fcnk. Frapp\u00e1ns \u00e9s meghat\u00f3 m\u00f3dokon fogalmazt\u00e1k meg milyen \u00e9rz\u00e9s ker\u00e9kp\u00e1rozni. Ahogy egyre t\u00f6bb n\u0151 ismerkedik meg a bicikliz\u00e9s \u00f6r\u00f6m\u00e9vel \u00e9s a n\u0151i \u00e9lmez\u0151ny folyamatosan t\u00faltesz saj\u00e1t mag\u00e1n, \u00edme, n\u00e9h\u00e1ny elismer\u0151 gondolat a ker\u00e9kp\u00e1roz\u00e1sr\u00f3l, olyan n\u0151kt\u0151l, akik fontos szerepet j\u00e1tszottak abban, hogy azz\u00e1 v\u00e1lhatott, amit ma f\u00e9mjelez.<\/p>\n<p><em>\u201eHadd mondjam el, \u00e9n mit gondolok a ker\u00e9kp\u00e1roz\u00e1sr\u00f3l! Szerintem a ker\u00e9kp\u00e1roz\u00e1s t\u00f6bbet tett a n\u0151k felszabad\u00edt\u00e1s\u00e1\u00e9rt, mint a vil\u00e1gon b\u00e1rmi m\u00e1s. A szabads\u00e1g \u00e9s az \u00f6nbizalom \u00e9rz\u00e9s\u00e9t ny\u00fajtja nekik. Meg\u00e1llok, \u00e9s meg\u00f6rvendeztet minden alkalommal, amikor tekerni l\u00e1tok egy n\u0151t&#8230; a szabads\u00e1g v\u00edzi\u00f3ja, korl\u00e1tok n\u00e9lk\u00fcl.\u2019\u2019 \u2013 Susan B. Anthony<\/em><\/p>\n<figure id=\"attachment_3284\" aria-describedby=\"caption-attachment-3284\" style=\"width: 855px\" class=\"wp-caption alignnone\"><a href=\"https:\/\/d2p6e6u75xmxt8.cloudfront.net\/12\/2019\/05\/Susan-B-Anthony.jpg\"><img loading=\"lazy\" decoding=\"async\" class=\"wp-image-3284 size-full\" src=\"https:\/\/d2p6e6u75xmxt8.cloudfront.net\/12\/2019\/05\/Susan-B-Anthony.jpg\" alt=\"\" width=\"855\" height=\"918\" srcset=\"https:\/\/d2p6e6u75xmxt8.cloudfront.net\/12\/2019\/05\/Susan-B-Anthony.jpg 855w, https:\/\/d2p6e6u75xmxt8.cloudfront.net\/12\/2019\/05\/Susan-B-Anthony-279x300.jpg 279w, https:\/\/d2p6e6u75xmxt8.cloudfront.net\/12\/2019\/05\/Susan-B-Anthony-768x825.jpg 768w\" sizes=\"auto, (max-width: 855px) 100vw, 855px\" \/><\/a><figcaption id=\"caption-attachment-3284\" class=\"wp-caption-text\"><em>Susan B. Anthony, amerikai n\u0151jogi aktivista<\/em><\/figcaption><\/figure>\n<p>Susan B. Anthony a n\u0151i sz\u00fcfrazsett mozgalom fontos vezet\u0151je volt, aki hitt abban, hogy ak\u00e1rcsak a f\u00e9rfiaknak, a n\u0151knek is joguk lenne sportokat \u0171zni, tanulni, vagy karriert csin\u00e1lni, ha ahhoz van kedv\u00fck.<\/p>\n<p>Tal\u00e1l\u00f3 le\u00edr\u00e1sa arr\u00f3l, milyen val\u00f3di szabads\u00e1got ad a ker\u00e9kp\u00e1roz\u00e1s, ma is ugyanolyan igaz, \u00e9s hogy a bringa az egyenl\u0151s\u00e9g fontos szimb\u00f3lum\u00e1v\u00e1 v\u00e1lt, az az olyan n\u0151knek k\u00f6sz\u00f6nhet\u0151, mint \u0151.<\/p>\n<p><em>\u201eA bicikli van olyan j\u00f3 t\u00e1rsas\u00e1g, mint a legt\u00f6bb f\u00e9rj, \u00e9s amikor m\u00e1r elj\u00e1r felette az id\u0151 \u00e9s megkopik, a n\u0151 megszabadulhat t\u0151le \u00e9s vehet mag\u00e1nak egy \u00fajat an\u00e9lk\u00fcl, hogy sokkoln\u00e1 a t\u00e1rsadalmat.\u2019\u2019\u00a0 \u2013 Ann Strong<\/em><\/p>\n<p>Ann Strong szarkasztikusnak sz\u00e1nt megjegyz\u00e9se az 1895-\u00f6s egyik Minneapolis Tribune \u00fajs\u00e1g lapjain, egy m\u00e1sik \u00f3da a szabads\u00e1ghoz, amelyet a bicikli adott a n\u0151knek. Ugyan a humora kicsit idej\u00e9tm\u00falt, de r\u00e1mutat, val\u00f3j\u00e1ban milyen forradalmi szerepet j\u00e1tszott a ker\u00e9kp\u00e1r az \u00faj lehet\u0151s\u00e9gek \u00e9s gondolkod\u00e1sm\u00f3dok felt\u00e1r\u00e1s\u00e1ban.<\/p>\n<p><em>\u201eA bicikli a legciviliz\u00e1ltabb j\u00e1rm\u0171, amelyet az ember valaha ismert. A t\u00f6bbi k\u00f6zleked\u00e9si eszk\u00f6z napr\u00f3l-napra v\u00e1lik egyre ink\u00e1bb lid\u00e9rcnyom\u00e1s jelleg\u0171v\u00e9. Csak a bicikli marad meg eredend\u0151en j\u00f3nak.\u201d \u2013 Iris Murdoch<\/em><\/p>\n<figure id=\"attachment_4371\" aria-describedby=\"caption-attachment-4371\" style=\"width: 1250px\" class=\"wp-caption alignnone\"><a href=\"https:\/\/d2p6e6u75xmxt8.cloudfront.net\/12\/2019\/07\/Iris-Murdoch-profimedia-0221605212.jpg\"><img loading=\"lazy\" decoding=\"async\" class=\"size-full wp-image-4371\" src=\"https:\/\/d2p6e6u75xmxt8.cloudfront.net\/12\/2019\/07\/Iris-Murdoch-profimedia-0221605212.jpg\" alt=\"\" width=\"1250\" height=\"996\" srcset=\"https:\/\/d2p6e6u75xmxt8.cloudfront.net\/12\/2019\/07\/Iris-Murdoch-profimedia-0221605212.jpg 1250w, https:\/\/d2p6e6u75xmxt8.cloudfront.net\/12\/2019\/07\/Iris-Murdoch-profimedia-0221605212-300x239.jpg 300w, https:\/\/d2p6e6u75xmxt8.cloudfront.net\/12\/2019\/07\/Iris-Murdoch-profimedia-0221605212-768x612.jpg 768w, https:\/\/d2p6e6u75xmxt8.cloudfront.net\/12\/2019\/07\/Iris-Murdoch-profimedia-0221605212-1024x816.jpg 1024w\" sizes=\"auto, (max-width: 1250px) 100vw, 1250px\" \/><\/a><figcaption id=\"caption-attachment-4371\" class=\"wp-caption-text\"><em>Jean Iris Murdoch, a brit lovagparancsnoki c\u00edm birtokosa, brit reg\u00e9ny\u00edr\u00f3 \u00e9s filoz\u00f3fus volt.<\/em><\/figcaption><\/figure>\n<p>K\u00fcl\u00f6n\u00f6sen aktu\u00e1lis napjainkban, mivel rengeteg nagyv\u00e1ros k\u00fczd a probl\u00e9m\u00e1val, hogy cs\u00f6kkentse az aut\u00f3k sz\u00e1m\u00e1t; Iris Murdoch betekint\u00e9st ad abba a huszadik sz\u00e1zad k\u00f6zep\u00e9n jellemz\u0151 reakci\u00f3ba, amely sokakat jellemzett a ker\u00e9kp\u00e1r k\u00f6zleked\u00e9si eszk\u00f6zk\u00e9nt val\u00f3 meghat\u00e1roz\u00e1s\u00e1val kapcsolatban. Ugyan a ker\u00e9kp\u00e1rok maguk rengeteget v\u00e1ltoztak, a sz\u00e9ps\u00e9g \u00e9s az egyszer\u0171s\u00e9g, amelyet k\u00e9pviselnek, ugyanaz maradt.<\/p>\n<p><em>\u00a0\u201eEgy k\u00e9nyelmes s\u00e9ta mellett a tandemoz\u00e1st is kedvelem. Pomp\u00e1s dolog \u00e9rezni a szelet az arcomon \u00e9s a vasparip\u00e1m rug\u00f3s mozg\u00e1s\u00e1t. A leveg\u0151 sebes \u00e1tszel\u00e9se az er\u0151 \u00e9s lend\u00fclet egyfajta zamatos \u00e9rz\u00e9s\u00e9t adja sz\u00e1momra, a mozg\u00e1st\u00f3l pedig hevesen t\u00e1ncol a pulzusom \u00e9s dalra fakad a sz\u00edvem.\u201d \u2013 Hellen Keller<\/em><\/p>\n<p>Ez a csod\u00e1latos id\u00e9zet, amely egy olyan n\u0151t\u0151l sz\u00e1rmazik, aki nem l\u00e1tott \u00e9s nem is hallott, eleg\u00e1ns le\u00edr\u00e1sa annak a zsigeri szabads\u00e1g\u00e9rz\u00e9snek, amit a bicikli ny\u00fajthat. K\u00f6nnyen el\u00e9rhet\u0151 \u00e9s tele van \u00e9lvezettel a ker\u00e9kp\u00e1roz\u00e1s, mely annyi ember arc\u00e1ra csalt m\u00e1r mosolyt vil\u00e1gszerte.<\/p>\n<p><em>\u201eAm\u00edg van b\u00e1rki, aki l\u00e1tja, amit \u00e9n l\u00e1tok \u00e9s \u00e9rzi, amit \u00e9n \u00e9rzek, addig a bennem \u00e9g\u0151 t\u0171z tov\u00e1bb \u00e9l a sz\u00e1mtalan ker\u00e9kp\u00e1rosban: fi\u00fakban, l\u00e1nyokban, f\u00e9rfiakban \u00e9s n\u0151kben.\u201d \u2013 Alfonsina Strada<\/em><\/p>\n<p>Az \u00e9les esz\u00e9r\u0151l \u00e9s kor\u00e1ntsem szokv\u00e1nyos hozz\u00e1\u00e1ll\u00e1s\u00e1r\u00f3l ismert Alfonsina Strada, 1924-ben \u00fagy d\u00f6nt\u00f6tt, hogy elindul a Giro d\u2019Italia-n. Annak ellen\u00e9re, hogy akkoriban a n\u0151k sz\u00e1m\u00e1ra nem volt szabad kivillantani a t\u00e9rdeket, ne adj isten biciklis sortot viselni, Alfonsina \u00fagy d\u00f6nt\u00f6tt, hogy elindul a f\u00e9rfiak k\u00f6z\u00f6tt. Az Alfonsin Strada n\u00e9v, amellyel regisztr\u00e1lt, nem tette egy\u00e9rtelm\u0171v\u00e9 a nem\u00e9t, \u00edgy sikeresen kij\u00e1tszotta a szervez\u0151ket, mer\u00e9szs\u00e9ge pedig kifizet\u0151d\u00f6tt, \u00edgy mai napig \u0151 az egyetlen n\u0151, aki elindult a Giro d\u2019Italia-n.<\/p>\n<figure id=\"attachment_4372\" aria-describedby=\"caption-attachment-4372\" style=\"width: 880px\" class=\"wp-caption alignnone\"><a href=\"https:\/\/d2p6e6u75xmxt8.cloudfront.net\/12\/2019\/07\/Alfonsina-Strada_.jpg\"><img loading=\"lazy\" decoding=\"async\" class=\"wp-image-4372 size-full\" src=\"https:\/\/d2p6e6u75xmxt8.cloudfront.net\/12\/2019\/07\/Alfonsina-Strada_.jpg\" alt=\"\" width=\"880\" height=\"586\" srcset=\"https:\/\/d2p6e6u75xmxt8.cloudfront.net\/12\/2019\/07\/Alfonsina-Strada_.jpg 880w, https:\/\/d2p6e6u75xmxt8.cloudfront.net\/12\/2019\/07\/Alfonsina-Strada_-300x200.jpg 300w, https:\/\/d2p6e6u75xmxt8.cloudfront.net\/12\/2019\/07\/Alfonsina-Strada_-768x511.jpg 768w, https:\/\/d2p6e6u75xmxt8.cloudfront.net\/12\/2019\/07\/Alfonsina-Strada_-272x182.jpg 272w\" sizes=\"auto, (max-width: 880px) 100vw, 880px\" \/><\/a><figcaption id=\"caption-attachment-4372\" class=\"wp-caption-text\"><em>Alfonsina Strada m\u00e1ig az egyetlen n\u0151, aki elindult a Giro d\u2019Italia-n.<\/em><\/figcaption><\/figure>\n<p><em>\u201eEz egy t\u00f6k\u00e9letes nap volt, im\u00e1dom ezt a sportot. K\u00e9rlek n\u00e9zzetek t\u00f6bb n\u0151i ker\u00e9kp\u00e1rversenyt.\u201d \u2013 Cecilie Uttrup Ludwig<\/em><\/p>\n<p>A tavalyi versenyszezon egyik legm\u00e9lyebb \u00e9s legmeghat\u00f3bb pillanata volt, amikor a La Course ut\u00e1n Cecilie Ludwig egy ny\u00edlt \u00e9s \u0151szinte k\u00e9r\u00e9st int\u00e9zett a rajong\u00f3khoz vil\u00e1gszerte, hogy t\u00f6bb figyelmet \u00e9s a meg\u00e9rdemelt t\u00e9v\u00e9s megjelen\u00e9st biztos\u00edts\u00e1k a n\u0151i ker\u00e9kp\u00e1roz\u00e1snak. A sport igazi nagyk\u00f6vete, Ludwig, a ker\u00e9kp\u00e1roz\u00f3 n\u0151k k\u00f6vetkez\u0151 gener\u00e1ci\u00f3j\u00e1nak k\u00e9pvisel\u0151je.<\/p>\n<p><em>\u201eMotiv\u00e1l\u00f3 \u00e9s inspir\u00e1l\u00f3 szeretn\u00e9k lenni mindenki sz\u00e1m\u00e1ra: legf\u0151bb c\u00e9lom, hogy t\u00f6bb n\u0151i ker\u00e9kp\u00e1ros legyen.\u201d \u2013 Marianne Vos<\/em><\/p>\n<p>Egy olyan n\u0151t\u0151l, aki \u00fajra \u00e9s \u00fajra bebizony\u00edtotta, hogy olyan er\u0151t k\u00e9pvisel, amelyet el kell ismerni a ker\u00e9kp\u00e1ros vil\u00e1gban, Marianne Vos kijelent\u00e9se egyszer\u0171, de ugyanakkor nagyon m\u00e9ly is. Az \u00e1ltal, hogy azt k\u00edv\u00e1nja a t\u00f6bbi n\u0151nek, hogy \u0151k is \u00e9lvezhess\u00e9k a sportot, ami olyan nagy szerepet j\u00e1tszott az \u00e9let\u00e9ben, bizony\u00edtja a ker\u00e9kp\u00e1roz\u00e1s val\u00f3di \u00e1talak\u00edt\u00f3 erej\u00e9be vetett hit\u00e9t.<\/p>\n","protected":false},"excerpt":{"rendered":"<p>A ker\u00e9kp\u00e1roz\u00e1s nyelvezte mindig gazdag \u00e9s sz\u00ednes volt. A szabad \u00e9rz\u00e9s, amellyel a k\u00e9t ker\u00e9ken teker\u00e9s p\u00e1rosult, szellemesebbn\u00e9l szellemesebb megold\u00e1sokat [&hellip;]<\/p>\n","protected":false},"author":71,"featured_media":4374,"comment_status":"open","ping_status":"open","sticky":false,"template":"","format":"standard","meta":{"footnotes":""},"categories":[99],"tags":[],"global-categories":[],"class_list":["post-4370","post","type-post","status-publish","format-standard","has-post-thumbnail","hentry","category-miert-tekerunk"],"yoast_head":"<!-- This site is optimized with the Yoast SEO Premium plugin v25.3 (Yoast SEO v25.9) - https:\/\/yoast.com\/wordpress\/plugins\/seo\/ -->\n<title>A legjobb bring\u00e1s id\u00e9zetek \u2013 N\u0151i kiad\u00e1s! - \u0160koda We Love Cycling - Magyarorsz\u00e1g<\/title>\n<meta name=\"robots\" content=\"index, follow, max-snippet:-1, max-image-preview:large, max-video-preview:-1\" \/>\n<link rel=\"canonical\" href=\"https:\/\/www.welovecycling.com\/hu\/miert-tekerunk\/a-legjobb-bringas-idezetek-noi-kiadas\/\" \/>\n<meta property=\"og:locale\" content=\"hu_HU\" \/>\n<meta property=\"og:type\" content=\"article\" \/>\n<meta property=\"og:title\" content=\"A legjobb bring\u00e1s id\u00e9zetek \u2013 N\u0151i kiad\u00e1s!\" \/>\n<meta property=\"og:description\" content=\"A ker\u00e9kp\u00e1roz\u00e1s nyelvezte mindig gazdag \u00e9s sz\u00ednes volt. A szabad \u00e9rz\u00e9s, amellyel a k\u00e9t ker\u00e9ken teker\u00e9s p\u00e1rosult, szellemesebbn\u00e9l szellemesebb megold\u00e1sokat [&hellip;]\" \/>\n<meta property=\"og:url\" content=\"https:\/\/www.welovecycling.com\/hu\/miert-tekerunk\/a-legjobb-bringas-idezetek-noi-kiadas\/\" \/>\n<meta property=\"og:site_name\" content=\"\u0160koda We Love Cycling - Magyarorsz\u00e1g\" \/>\n<meta property=\"article:publisher\" content=\"https:\/\/www.facebook.com\/WeLoveCyclingHungary\/\" \/>\n<meta property=\"article:published_time\" content=\"2019-07-11T07:00:30+00:00\" \/>\n<meta property=\"og:image\" content=\"https:\/\/d2p6e6u75xmxt8.cloudfront.net\/12\/2019\/07\/Marianne-Vos-CVR-profimedia-0231746367.jpg\" \/>\n\t<meta property=\"og:image:width\" content=\"1366\" \/>\n\t<meta property=\"og:image:height\" content=\"600\" \/>\n\t<meta property=\"og:image:type\" content=\"image\/jpeg\" \/>\n<meta name=\"author\" content=\"hegyizs\" \/>\n<meta name=\"twitter:card\" content=\"summary_large_image\" \/>\n<meta name=\"twitter:label1\" content=\"Written by\" \/>\n\t<meta name=\"twitter:data1\" content=\"Megan Flottorp\" \/>\n\t<meta name=\"twitter:label2\" content=\"Est. reading time\" \/>\n\t<meta name=\"twitter:data2\" content=\"7\" \/>\n<script type=\"application\/ld+json\" class=\"yoast-schema-graph\">{\"@context\":\"https:\/\/schema.org\",\"@graph\":[{\"@type\":\"WebPage\",\"@id\":\"https:\/\/www.welovecycling.com\/hu\/miert-tekerunk\/a-legjobb-bringas-idezetek-noi-kiadas\/\",\"url\":\"https:\/\/www.welovecycling.com\/hu\/miert-tekerunk\/a-legjobb-bringas-idezetek-noi-kiadas\/\",\"name\":\"A legjobb bring\u00e1s id\u00e9zetek \u2013 N\u0151i kiad\u00e1s! - \u0160koda We Love Cycling - Magyarorsz\u00e1g\",\"isPartOf\":{\"@id\":\"https:\/\/www.welovecycling.com\/hu\/#website\"},\"primaryImageOfPage\":{\"@id\":\"https:\/\/www.welovecycling.com\/hu\/miert-tekerunk\/a-legjobb-bringas-idezetek-noi-kiadas\/#primaryimage\"},\"image\":{\"@id\":\"https:\/\/www.welovecycling.com\/hu\/miert-tekerunk\/a-legjobb-bringas-idezetek-noi-kiadas\/#primaryimage\"},\"thumbnailUrl\":\"https:\/\/d2p6e6u75xmxt8.cloudfront.net\/12\/2019\/07\/Marianne-Vos-CVR-profimedia-0231746367.jpg\",\"datePublished\":\"2019-07-11T07:00:30+00:00\",\"author\":{\"@id\":\"https:\/\/www.welovecycling.com\/hu\/#\/schema\/person\/414a2aebf1801691a5320edb6468e194\"},\"breadcrumb\":{\"@id\":\"https:\/\/www.welovecycling.com\/hu\/miert-tekerunk\/a-legjobb-bringas-idezetek-noi-kiadas\/#breadcrumb\"},\"inLanguage\":\"hu\",\"potentialAction\":[{\"@type\":\"ReadAction\",\"target\":[\"https:\/\/www.welovecycling.com\/hu\/miert-tekerunk\/a-legjobb-bringas-idezetek-noi-kiadas\/\"]}]},{\"@type\":\"ImageObject\",\"inLanguage\":\"hu\",\"@id\":\"https:\/\/www.welovecycling.com\/hu\/miert-tekerunk\/a-legjobb-bringas-idezetek-noi-kiadas\/#primaryimage\",\"url\":\"https:\/\/d2p6e6u75xmxt8.cloudfront.net\/12\/2019\/07\/Marianne-Vos-CVR-profimedia-0231746367.jpg\",\"contentUrl\":\"https:\/\/d2p6e6u75xmxt8.cloudfront.net\/12\/2019\/07\/Marianne-Vos-CVR-profimedia-0231746367.jpg\",\"width\":1366,\"height\":600},{\"@type\":\"BreadcrumbList\",\"@id\":\"https:\/\/www.welovecycling.com\/hu\/miert-tekerunk\/a-legjobb-bringas-idezetek-noi-kiadas\/#breadcrumb\",\"itemListElement\":[{\"@type\":\"ListItem\",\"position\":1,\"name\":\"Home\",\"item\":\"https:\/\/www.welovecycling.com\/hu\/\"},{\"@type\":\"ListItem\",\"position\":2,\"name\":\"A legjobb bring\u00e1s id\u00e9zetek \u2013 N\u0151i kiad\u00e1s!\"}]},{\"@type\":\"WebSite\",\"@id\":\"https:\/\/www.welovecycling.com\/hu\/#website\",\"url\":\"https:\/\/www.welovecycling.com\/hu\/\",\"name\":\"\u0160koda We Love Cycling - Magyarorsz\u00e1g\",\"description\":\"\u0160koda WeLoveCycling\",\"potentialAction\":[{\"@type\":\"SearchAction\",\"target\":{\"@type\":\"EntryPoint\",\"urlTemplate\":\"https:\/\/www.welovecycling.com\/hu\/?s={search_term_string}\"},\"query-input\":{\"@type\":\"PropertyValueSpecification\",\"valueRequired\":true,\"valueName\":\"search_term_string\"}}],\"inLanguage\":\"hu\"},{\"@type\":\"Person\",\"@id\":\"https:\/\/www.welovecycling.com\/hu\/#\/schema\/person\/414a2aebf1801691a5320edb6468e194\",\"name\":\"hegyizs\",\"image\":{\"@type\":\"ImageObject\",\"inLanguage\":\"hu\",\"@id\":\"https:\/\/www.welovecycling.com\/hu\/#\/schema\/person\/image\/\",\"url\":\"https:\/\/secure.gravatar.com\/avatar\/02cf8a7906b8cf90cecb4679defac7cfd33a1c2e3b88e4903d947f3bb58eedd3?s=96&d=mm&r=g\",\"contentUrl\":\"https:\/\/secure.gravatar.com\/avatar\/02cf8a7906b8cf90cecb4679defac7cfd33a1c2e3b88e4903d947f3bb58eedd3?s=96&d=mm&r=g\",\"caption\":\"hegyizs\"},\"url\":\"https:\/\/www.welovecycling.com\/hu\/author\/hegyizs\/\"}]}<\/script>\n<!-- \/ Yoast SEO Premium plugin. -->","yoast_head_json":{"title":"A legjobb bring\u00e1s id\u00e9zetek \u2013 N\u0151i kiad\u00e1s! - \u0160koda We Love Cycling - Magyarorsz\u00e1g","robots":{"index":"index","follow":"follow","max-snippet":"max-snippet:-1","max-image-preview":"max-image-preview:large","max-video-preview":"max-video-preview:-1"},"canonical":"https:\/\/www.welovecycling.com\/hu\/miert-tekerunk\/a-legjobb-bringas-idezetek-noi-kiadas\/","og_locale":"hu_HU","og_type":"article","og_title":"A legjobb bring\u00e1s id\u00e9zetek \u2013 N\u0151i kiad\u00e1s!","og_description":"A ker\u00e9kp\u00e1roz\u00e1s nyelvezte mindig gazdag \u00e9s sz\u00ednes volt. A szabad \u00e9rz\u00e9s, amellyel a k\u00e9t ker\u00e9ken teker\u00e9s p\u00e1rosult, szellemesebbn\u00e9l szellemesebb megold\u00e1sokat [&hellip;]","og_url":"https:\/\/www.welovecycling.com\/hu\/miert-tekerunk\/a-legjobb-bringas-idezetek-noi-kiadas\/","og_site_name":"\u0160koda We Love Cycling - Magyarorsz\u00e1g","article_publisher":"https:\/\/www.facebook.com\/WeLoveCyclingHungary\/","article_published_time":"2019-07-11T07:00:30+00:00","og_image":[{"width":1366,"height":600,"url":"https:\/\/d2p6e6u75xmxt8.cloudfront.net\/12\/2019\/07\/Marianne-Vos-CVR-profimedia-0231746367.jpg","type":"image\/jpeg"}],"author":"hegyizs","twitter_card":"summary_large_image","twitter_misc":{"Written by":"Megan Flottorp","Est. reading time":"7"},"schema":{"@context":"https:\/\/schema.org","@graph":[{"@type":"WebPage","@id":"https:\/\/www.welovecycling.com\/hu\/miert-tekerunk\/a-legjobb-bringas-idezetek-noi-kiadas\/","url":"https:\/\/www.welovecycling.com\/hu\/miert-tekerunk\/a-legjobb-bringas-idezetek-noi-kiadas\/","name":"A legjobb bring\u00e1s id\u00e9zetek \u2013 N\u0151i kiad\u00e1s! - \u0160koda We Love Cycling - Magyarorsz\u00e1g","isPartOf":{"@id":"https:\/\/www.welovecycling.com\/hu\/#website"},"primaryImageOfPage":{"@id":"https:\/\/www.welovecycling.com\/hu\/miert-tekerunk\/a-legjobb-bringas-idezetek-noi-kiadas\/#primaryimage"},"image":{"@id":"https:\/\/www.welovecycling.com\/hu\/miert-tekerunk\/a-legjobb-bringas-idezetek-noi-kiadas\/#primaryimage"},"thumbnailUrl":"https:\/\/d2p6e6u75xmxt8.cloudfront.net\/12\/2019\/07\/Marianne-Vos-CVR-profimedia-0231746367.jpg","datePublished":"2019-07-11T07:00:30+00:00","author":{"@id":"https:\/\/www.welovecycling.com\/hu\/#\/schema\/person\/414a2aebf1801691a5320edb6468e194"},"breadcrumb":{"@id":"https:\/\/www.welovecycling.com\/hu\/miert-tekerunk\/a-legjobb-bringas-idezetek-noi-kiadas\/#breadcrumb"},"inLanguage":"hu","potentialAction":[{"@type":"ReadAction","target":["https:\/\/www.welovecycling.com\/hu\/miert-tekerunk\/a-legjobb-bringas-idezetek-noi-kiadas\/"]}]},{"@type":"ImageObject","inLanguage":"hu","@id":"https:\/\/www.welovecycling.com\/hu\/miert-tekerunk\/a-legjobb-bringas-idezetek-noi-kiadas\/#primaryimage","url":"https:\/\/d2p6e6u75xmxt8.cloudfront.net\/12\/2019\/07\/Marianne-Vos-CVR-profimedia-0231746367.jpg","contentUrl":"https:\/\/d2p6e6u75xmxt8.cloudfront.net\/12\/2019\/07\/Marianne-Vos-CVR-profimedia-0231746367.jpg","width":1366,"height":600},{"@type":"BreadcrumbList","@id":"https:\/\/www.welovecycling.com\/hu\/miert-tekerunk\/a-legjobb-bringas-idezetek-noi-kiadas\/#breadcrumb","itemListElement":[{"@type":"ListItem","position":1,"name":"Home","item":"https:\/\/www.welovecycling.com\/hu\/"},{"@type":"ListItem","position":2,"name":"A legjobb bring\u00e1s id\u00e9zetek \u2013 N\u0151i kiad\u00e1s!"}]},{"@type":"WebSite","@id":"https:\/\/www.welovecycling.com\/hu\/#website","url":"https:\/\/www.welovecycling.com\/hu\/","name":"\u0160koda We Love Cycling - Magyarorsz\u00e1g","description":"\u0160koda WeLoveCycling","potentialAction":[{"@type":"SearchAction","target":{"@type":"EntryPoint","urlTemplate":"https:\/\/www.welovecycling.com\/hu\/?s={search_term_string}"},"query-input":{"@type":"PropertyValueSpecification","valueRequired":true,"valueName":"search_term_string"}}],"inLanguage":"hu"},{"@type":"Person","@id":"https:\/\/www.welovecycling.com\/hu\/#\/schema\/person\/414a2aebf1801691a5320edb6468e194","name":"hegyizs","image":{"@type":"ImageObject","inLanguage":"hu","@id":"https:\/\/www.welovecycling.com\/hu\/#\/schema\/person\/image\/","url":"https:\/\/secure.gravatar.com\/avatar\/02cf8a7906b8cf90cecb4679defac7cfd33a1c2e3b88e4903d947f3bb58eedd3?s=96&d=mm&r=g","contentUrl":"https:\/\/secure.gravatar.com\/avatar\/02cf8a7906b8cf90cecb4679defac7cfd33a1c2e3b88e4903d947f3bb58eedd3?s=96&d=mm&r=g","caption":"hegyizs"},"url":"https:\/\/www.welovecycling.com\/hu\/author\/hegyizs\/"}]}},"_links":{"self":[{"href":"https:\/\/www.welovecycling.com\/hu\/wp-json\/wp\/v2\/posts\/4370","targetHints":{"allow":["GET"]}}],"collection":[{"href":"https:\/\/www.welovecycling.com\/hu\/wp-json\/wp\/v2\/posts"}],"about":[{"href":"https:\/\/www.welovecycling.com\/hu\/wp-json\/wp\/v2\/types\/post"}],"author":[{"embeddable":true,"href":"https:\/\/www.welovecycling.com\/hu\/wp-json\/wp\/v2\/users\/71"}],"replies":[{"embeddable":true,"href":"https:\/\/www.welovecycling.com\/hu\/wp-json\/wp\/v2\/comments?post=4370"}],"version-history":[{"count":2,"href":"https:\/\/www.welovecycling.com\/hu\/wp-json\/wp\/v2\/posts\/4370\/revisions"}],"predecessor-version":[{"id":4398,"href":"https:\/\/www.welovecycling.com\/hu\/wp-json\/wp\/v2\/posts\/4370\/revisions\/4398"}],"wp:featuredmedia":[{"embeddable":true,"href":"https:\/\/www.welovecycling.com\/hu\/wp-json\/wp\/v2\/media\/4374"}],"wp:attachment":[{"href":"https:\/\/www.welovecycling.com\/hu\/wp-json\/wp\/v2\/media?parent=4370"}],"wp:term":[{"taxonomy":"category","embeddable":true,"href":"https:\/\/www.welovecycling.com\/hu\/wp-json\/wp\/v2\/categories?post=4370"},{"taxonomy":"post_tag","embeddable":true,"href":"https:\/\/www.welovecycling.com\/hu\/wp-json\/wp\/v2\/tags?post=4370"},{"taxonomy":"global-categories","embeddable":true,"href":"https:\/\/www.welovecycling.com\/hu\/wp-json\/wp\/v2\/global-categories?post=4370"}],"curies":[{"name":"wp","href":"https:\/\/api.w.org\/{rel}","templated":true}]}}