{"id":4359,"date":"2019-07-08T08:00:26","date_gmt":"2019-07-08T07:00:26","guid":{"rendered":"https:\/\/www.welovecycling.com\/hu\/?p=4359"},"modified":"2019-07-04T16:00:18","modified_gmt":"2019-07-04T15:00:18","slug":"a-vizibringak-vilaganak-legjava","status":"publish","type":"post","link":"https:\/\/www.welovecycling.com\/hu\/edzes-es-eletmod\/a-vizibringak-vilaganak-legjava\/","title":{"rendered":"A v\u00edzibring\u00e1k vil\u00e1g\u00e1nak legjava"},"content":{"rendered":"<p><strong>A Schiller c\u00e9g weboldal\u00e1n tal\u00e1lhat\u00f3 figyelemfelh\u00edv\u00f3 sz\u00f6veg igencsak dr\u00e1maian fogalmaz: \u201eHadd mutassuk be az S1-C-t &#8211; A v\u00edzi mobilit\u00e1s j\u00f6v\u0151je.\u201d A mell\u00e9kelt fot\u00f3n k\u00e9t fiatal n\u0151 l\u00e1that\u00f3, ahogy egy k\u00fcl\u00f6n\u00f6s bring\u00e1n tekernek, amelyen a ped\u00e1lok a v\u00e1z \u00e9s egyfajta l\u00e1nchajt\u00e1s r\u00e9sz\u00e9t k\u00e9pezik. Ez pedig r\u00e1 van helyezve valamire, ami \u00fagy n\u00e9z ki, mint k\u00e9t vastag sz\u00f6rfdeszka. A San Francisc\u00f3-i Golden Gate h\u00edd alatt l\u00e1that\u00f3ak, \u00edgy h\u00e1t tudjuk, hogy Kaliforni\u00e1ban vannak \u2013 persze hol m\u00e1shol is lenn\u00e9nek?<\/strong><!--more--><\/p>\n<p>Egy m\u00e1sik \u00f6szt\u00f6nz\u0151 felh\u00edv\u00e1ssal folytat\u00f3dik a dolog. \u201eA v\u00e1rosi mobilit\u00e1s \u00faj j\u00f6v\u0151je van kialakul\u00f3ban\u201d &#8211; \u00edg\u00e9ri. \u201eEgy olyan j\u00f6v\u0151, amelyben nem l\u00e9tezik zs\u00fafolts\u00e1g, nincsenek forgalmi l\u00e1mp\u00e1k \u00e9s k\u00e1ty\u00fak. A k\u00f6zleked\u00e9s k\u00f6ztes l\u00e1ncszeme a vil\u00e1g legnagyobb v\u00e1rosaiban, amelyeket \u00e1tszelnek \u00e9s k\u00f6rbevesznek a kiterjedt v\u00edzi utak.\u201d<\/p>\n<figure id=\"attachment_4361\" aria-describedby=\"caption-attachment-4361\" style=\"width: 1420px\" class=\"wp-caption alignnone\"><a href=\"https:\/\/d2p6e6u75xmxt8.cloudfront.net\/12\/2019\/07\/schiller-intro-bike-3.png\"><img loading=\"lazy\" decoding=\"async\" class=\"wp-image-4361 size-full\" src=\"https:\/\/d2p6e6u75xmxt8.cloudfront.net\/12\/2019\/07\/schiller-intro-bike-3.png\" alt=\"\" width=\"1420\" height=\"466\" srcset=\"https:\/\/d2p6e6u75xmxt8.cloudfront.net\/12\/2019\/07\/schiller-intro-bike-3.png 1420w, https:\/\/d2p6e6u75xmxt8.cloudfront.net\/12\/2019\/07\/schiller-intro-bike-3-300x98.png 300w, https:\/\/d2p6e6u75xmxt8.cloudfront.net\/12\/2019\/07\/schiller-intro-bike-3-768x252.png 768w, https:\/\/d2p6e6u75xmxt8.cloudfront.net\/12\/2019\/07\/schiller-intro-bike-3-1024x336.png 1024w\" sizes=\"auto, (max-width: 1420px) 100vw, 1420px\" \/><\/a><figcaption id=\"caption-attachment-4361\" class=\"wp-caption-text\"><em>Hadd mutassuk be az S1-C-t!<\/em><\/figcaption><\/figure>\n<p>Igen, v\u00edziker\u00e9kp\u00e1rok. Ebben az esetben a ker\u00e9kp\u00e1r \u00e9s a katamar\u00e1n \u00f6tv\u00f6z\u00e9s\u00e9r\u0151l van sz\u00f3. Ez nem azoknak a v\u00edzibicikliknek az egyik verzi\u00f3ja, amiket a turist\u00e1k hajtanak nyaranta, maximum 0,5 km\/\u00f3r\u00e1val a foly\u00f3kon. Nem, ezek a v\u00edziker\u00e9kp\u00e1rok \u00fagy vannak kital\u00e1lva, hogy a lehet\u0151 legnagyobb mennyis\u00e9g\u0171 emberi energi\u00e1t tudj\u00e1k gyorsas\u00e1gg\u00e1 \u00e1talak\u00edtani a v\u00edzen, \u00e9s az 1:7.5 sebess\u00e9gfokozattal a 16 km\/\u00f3r\u00e1t is el\u00e9rhetik, felt\u00e9ve persze, ha nyugodt a v\u00edz. A ped\u00e1loz\u00e1sba fektetett energi\u00e1t \u00e1tcsoportos\u00edtja egy propellerrel ell\u00e1tott haj\u00f3csavarhoz, amely mozgatja a v\u00edziker\u00e9kp\u00e1rt.<\/p>\n<p>Egy gond akad viszont ezzel a v\u00edzi bring\u00e1val, ugyanis 5500 doll\u00e1rba ker\u00fcl a p\u00f3t \u00fasz\u00f3testekkel egy\u00fctt, a p\u00f3t haj\u00f3csavar pedig m\u00e9g plusz 1500 doll\u00e1r. Kell, hogy legyen egy j\u00e1rm\u0171ved arra is, hogy elsz\u00e1ll\u00edtsd a legk\u00f6zelebbi foly\u00f3hoz, \u00e9s ut\u00e1na \u00f6ssze is kell szerelned. A Schiller szerint ez kevesebb, mint 10 percet vesz ig\u00e9nybe.<\/p>\n<p>Egy\u00e9rtelm\u0171, hogy a v\u00edzibring\u00e1k felkapottak lettek, hiszen egy Manta5 nev\u0171 c\u00e9g a saj\u00e1t verzi\u00f3j\u00e1t is k\u00edn\u00e1lja, a Hydrofoiler XE-1-et, \u201ea vil\u00e1g els\u0151 Hydrofoil (\u201esz\u00e1rnyas\u201d) e-bring\u00e1j\u00e1t, amely a teker\u00e9s \u00e9lm\u00e9ny\u00e9t pr\u00f3b\u00e1lja visszaadni a v\u00edzen. \u00c9ld \u00e1t a tavakon, foly\u00f3kon \u00e9s \u00f3ce\u00e1non val\u00f3 sz\u00e1guld\u00e1s \u00e9lm\u00e9ny\u00e9t. Se utak, se forgalom.\u201d<\/p>\n<p>https:\/\/www.youtube.com\/watch?v=ONU9gkDnJ6Q<\/p>\n<p>Az E-1 nem csup\u00e1n a vil\u00e1g els\u0151 sz\u00e1rnyashaj\u00f3 e-bring\u00e1ja, de \u201ea vil\u00e1g els\u0151 olyan sz\u00e1rnyashaj\u00f3ja, ami azzal dicsekedhet, hogy a v\u00edz al\u00f3l ind\u00edthat\u00f3, ami lehet\u0151v\u00e9 teszi a teker\u0151 sz\u00e1m\u00e1ra, hogy stabil v\u00edz alatti poz\u00edci\u00f3b\u00f3l kezdje meg a teker\u00e9st.\u201d M\u00e9rs\u00e9kelten bizonytalan k\u00f6r\u00fclm\u00e9nyek k\u00f6z\u00f6tt is m\u0171k\u00f6dik, \u00e9s a maximum sebess\u00e9ge a 21 km\/\u00f3r\u00e1t is el\u00e9ri. Mondjuk az nincs felt\u00fcntetve, hogy emberi er\u0151vel vagy motorral. Ezt is \u00f6ssze kell szerelni, ami a c\u00e9g szerint csup\u00e1n 2 percet vesz ig\u00e9nybe. Az \u00e1ra? Egy k\u00f6nnyed 7490 doll\u00e1r.<\/p>\n<p>A HyroBikes h\u00e1rom v\u00edzibringa modellt k\u00edn\u00e1l, az Explorert (ped\u00e1l hajt\u00e1s\u00fa), a Cruisert (elektromos motor hajt\u00e1s\u00fa) \u00e9s az Explorer II-est (dupla ped\u00e1l hajt\u00e1s\u00fa, m\u00e1s n\u00e9ven k\u00e9tszem\u00e9lyes v\u00edzibringa). \u201eEz nem egy lass\u00fa cs\u00f3nak\u201d &#8211; \u00e1ll\u00edtja a c\u00e9g az Explorerr\u0151l, hozz\u00e1t\u00e9ve, hogy \u201eminim\u00e1lis er\u0151fesz\u00edt\u00e9ssel\u201d \u00e9ri el a 6,5-9 km\/\u00f3r\u00e1s sebess\u00e9get.\u201d Ez szer\u00e9ny 2199 doll\u00e1ros \u00e1ron kaphat\u00f3.<\/p>\n<div id='gallery-1' class='gallery galleryid-4359 gallery-columns-2 gallery-size-large'><figure class='gallery-item'>\n\t\t\t<div class='gallery-icon landscape'>\n\t\t\t\t<a href='https:\/\/d2p6e6u75xmxt8.cloudfront.net\/12\/2019\/07\/2YB_d9312600-0007-4196-b52d-bba405614e60_large.jpg'><img loading=\"lazy\" decoding=\"async\" width=\"480\" height=\"360\" src=\"https:\/\/d2p6e6u75xmxt8.cloudfront.net\/12\/2019\/07\/2YB_d9312600-0007-4196-b52d-bba405614e60_large.jpg\" class=\"attachment-large size-large\" alt=\"\" srcset=\"https:\/\/d2p6e6u75xmxt8.cloudfront.net\/12\/2019\/07\/2YB_d9312600-0007-4196-b52d-bba405614e60_large.jpg 480w, https:\/\/d2p6e6u75xmxt8.cloudfront.net\/12\/2019\/07\/2YB_d9312600-0007-4196-b52d-bba405614e60_large-300x225.jpg 300w\" sizes=\"auto, (max-width: 480px) 100vw, 480px\" \/><\/a>\n\t\t\t<\/div><\/figure><figure class='gallery-item'>\n\t\t\t<div class='gallery-icon landscape'>\n\t\t\t\t<a href='https:\/\/d2p6e6u75xmxt8.cloudfront.net\/12\/2019\/07\/3122_large.jpg'><img loading=\"lazy\" decoding=\"async\" width=\"480\" height=\"401\" src=\"https:\/\/d2p6e6u75xmxt8.cloudfront.net\/12\/2019\/07\/3122_large.jpg\" class=\"attachment-large size-large\" alt=\"\" srcset=\"https:\/\/d2p6e6u75xmxt8.cloudfront.net\/12\/2019\/07\/3122_large.jpg 480w, https:\/\/d2p6e6u75xmxt8.cloudfront.net\/12\/2019\/07\/3122_large-300x251.jpg 300w\" sizes=\"auto, (max-width: 480px) 100vw, 480px\" \/><\/a>\n\t\t\t<\/div><\/figure>\n\t\t<\/div>\n\n<p>A Cruiser elektromos motorral megy, \u00e9s nincsenek rajta ped\u00e1lok, teh\u00e1t val\u00f3j\u00e1ban nem igazi bringa.\u00a0 \u00c1m az Explorer II a tandemverzi\u00f3, \u00e9s alkalmas k\u00e9t ember sz\u00e1m\u00e1ra, egym\u00e1s mellett \u00fclve \u00e1tkelni a v\u00edzen. Az \u00e1ra 4495 doll\u00e1r.<\/p>\n<p>De mi\u00e9rt k\u00f6lten\u00e9l ennyit egy bring\u00e1ra, amit ut\u00e1na sz\u00e1ll\u00edtanod is kell, azt\u00e1n \u00f6sszeszerelni, hogy a v\u00edzen tudd hajtani, mikor van m\u00e1r egy \u00f6sszeszerelt bic\u00f3d \u00e9s csak ki kell l\u00e9pned az ajt\u00f3n, hogy felpattanhass r\u00e1? A HydroBikes szerint a v\u00edzen val\u00f3 bicikliz\u00e9s sokkal jobbat tesz, \u00e9s k\u00f6nnyebb, mint betonon vagy domboldalon tekerni.<\/p>\n<p>El\u0151sz\u00f6r is: v\u00edzen utazni biztons\u00e1gosabb a c\u00e9g szerint, mivel kik\u00fcsz\u00f6b\u00f6li a balesetek kock\u00e1zat\u00e1t. \u00c1m ez m\u00e9g nem minden.<\/p>\n<p><a href=\"https:\/\/d2p6e6u75xmxt8.cloudfront.net\/12\/2019\/07\/20170709_115357233.jpg\"><img loading=\"lazy\" decoding=\"async\" class=\"alignnone size-full wp-image-4362\" src=\"https:\/\/d2p6e6u75xmxt8.cloudfront.net\/12\/2019\/07\/20170709_115357233.jpg\" alt=\"\" width=\"1500\" height=\"1125\" srcset=\"https:\/\/d2p6e6u75xmxt8.cloudfront.net\/12\/2019\/07\/20170709_115357233.jpg 1500w, https:\/\/d2p6e6u75xmxt8.cloudfront.net\/12\/2019\/07\/20170709_115357233-300x225.jpg 300w, https:\/\/d2p6e6u75xmxt8.cloudfront.net\/12\/2019\/07\/20170709_115357233-768x576.jpg 768w, https:\/\/d2p6e6u75xmxt8.cloudfront.net\/12\/2019\/07\/20170709_115357233-1024x768.jpg 1024w\" sizes=\"auto, (max-width: 1500px) 100vw, 1500px\" \/><\/a><\/p>\n<p>\u201eK\u00f6ztudott, hogy egyszer\u0171bb egy v\u00edziker\u00e9kp\u00e1rt hajtani, mint egy hagyom\u00e1nyos bring\u00e1t, mivel a v\u00edzen kisebb a s\u00farl\u00f3d\u00e1s\u201d &#8211; \u00e1ll\u00edtj\u00e1k, b\u00e1r ez tal\u00e1n sokaknak \u00fajdons\u00e1g. A marketing sz\u00f6veg viszont folytat\u00f3dik; \u201eaz \u00e1ltal\u00e1nos \u00e1ll\u00f3k\u00e9pess\u00e9gi h\u00e1nyados \u00e9s az el\u00e9getett zs\u00edr mennyis\u00e9ge a v\u00edziker\u00e9kp\u00e1rral nagys\u00e1grendekkel nagyobb, mint amit egy hagyom\u00e1nyos biciklivel el lehet \u00e9rni.\u201d<\/p>\n<p>Teh\u00e1t kevesebbet dolgozol, \u00e9s t\u00f6bbet \u00e9rsz el. Ez t\u00fal sz\u00e9p, hogy igaz legyen. B\u00e1rcsak \u00edgy m\u0171k\u00f6dne a val\u00f3s\u00e1gban is! De sajnos nem, legal\u00e1bbis most m\u00e9g nem.<\/p>\n<p>L\u00e9tezik egy h\u00e1tul\u00fct\u0151je is a v\u00edzen bring\u00e1z\u00e1snak, ami tal\u00e1n nem annyira k\u00f6zismert, m\u00e9gis meg kell eml\u00edteni. A v\u00edzen nincsenek dombok. Amikor elf\u00e1radsz a Temz\u00e9n teperve, meg\u00e1llsz pihenni, de nem m\u00e9sz sehova. \u00c1m ha feltekert\u00e9l az Alpe d\u2019Huez-re mondjuk, vagy b\u00e1rmely meredek hegyre, akkor ped\u00e1loz\u00e1s n\u00e9lk\u00fcl gurulhatsz lefel\u00e9. Szerintem nincs ann\u00e1l jobb \u00e9rz\u00e9s a ker\u00e9kp\u00e1roz\u00e1sban, mint amikor lefel\u00e9 suhansz, mik\u00f6zben a h\u0171v\u00f6s sz\u00e9l sz\u00e1r\u00edtja a szem\u00f6ld\u00f6k\u00f6d k\u00f6r\u00fcl gy\u00f6ngy\u00f6z\u0151 izzads\u00e1got.<\/p>\n","protected":false},"excerpt":{"rendered":"<p>A Schiller c\u00e9g weboldal\u00e1n tal\u00e1lhat\u00f3 figyelemfelh\u00edv\u00f3 sz\u00f6veg igencsak dr\u00e1maian fogalmaz: \u201eHadd mutassuk be az S1-C-t &#8211; A v\u00edzi mobilit\u00e1s j\u00f6v\u0151je.\u201d [&hellip;]<\/p>\n","protected":false},"author":71,"featured_media":4364,"comment_status":"open","ping_status":"open","sticky":false,"template":"","format":"standard","meta":{"footnotes":""},"categories":[6],"tags":[],"global-categories":[],"class_list":["post-4359","post","type-post","status-publish","format-standard","has-post-thumbnail","hentry","category-edzes-es-eletmod"],"yoast_head":"<!-- This site is optimized with the Yoast SEO Premium plugin v25.3 (Yoast SEO v25.9) - https:\/\/yoast.com\/wordpress\/plugins\/seo\/ -->\n<title>A v\u00edzibring\u00e1k vil\u00e1g\u00e1nak legjava - \u0160koda We Love Cycling - Magyarorsz\u00e1g<\/title>\n<meta name=\"robots\" content=\"index, follow, max-snippet:-1, max-image-preview:large, max-video-preview:-1\" \/>\n<link rel=\"canonical\" href=\"https:\/\/www.welovecycling.com\/hu\/edzes-es-eletmod\/a-vizibringak-vilaganak-legjava\/\" \/>\n<meta property=\"og:locale\" content=\"hu_HU\" \/>\n<meta property=\"og:type\" content=\"article\" \/>\n<meta property=\"og:title\" content=\"A v\u00edzibring\u00e1k vil\u00e1g\u00e1nak legjava\" \/>\n<meta property=\"og:description\" content=\"A Schiller c\u00e9g weboldal\u00e1n tal\u00e1lhat\u00f3 figyelemfelh\u00edv\u00f3 sz\u00f6veg igencsak dr\u00e1maian fogalmaz: \u201eHadd mutassuk be az S1-C-t &#8211; A v\u00edzi mobilit\u00e1s j\u00f6v\u0151je.\u201d [&hellip;]\" \/>\n<meta property=\"og:url\" content=\"https:\/\/www.welovecycling.com\/hu\/edzes-es-eletmod\/a-vizibringak-vilaganak-legjava\/\" \/>\n<meta property=\"og:site_name\" content=\"\u0160koda We Love Cycling - Magyarorsz\u00e1g\" \/>\n<meta property=\"article:publisher\" content=\"https:\/\/www.facebook.com\/WeLoveCyclingHungary\/\" \/>\n<meta property=\"article:published_time\" content=\"2019-07-08T07:00:26+00:00\" \/>\n<meta property=\"og:image\" content=\"https:\/\/d2p6e6u75xmxt8.cloudfront.net\/12\/2019\/07\/Schiller-SC1-Water-Bike-CVR.jpg\" \/>\n\t<meta property=\"og:image:width\" content=\"1366\" \/>\n\t<meta property=\"og:image:height\" content=\"600\" \/>\n\t<meta property=\"og:image:type\" content=\"image\/jpeg\" \/>\n<meta name=\"author\" content=\"hegyizs\" \/>\n<meta name=\"twitter:card\" content=\"summary_large_image\" \/>\n<meta name=\"twitter:label1\" content=\"Written by\" \/>\n\t<meta name=\"twitter:data1\" content=\"Siegfried Mortkowitz\" \/>\n\t<meta name=\"twitter:label2\" content=\"Est. reading time\" \/>\n\t<meta name=\"twitter:data2\" content=\"7\" \/>\n<script type=\"application\/ld+json\" class=\"yoast-schema-graph\">{\"@context\":\"https:\/\/schema.org\",\"@graph\":[{\"@type\":\"WebPage\",\"@id\":\"https:\/\/www.welovecycling.com\/hu\/edzes-es-eletmod\/a-vizibringak-vilaganak-legjava\/\",\"url\":\"https:\/\/www.welovecycling.com\/hu\/edzes-es-eletmod\/a-vizibringak-vilaganak-legjava\/\",\"name\":\"A v\u00edzibring\u00e1k vil\u00e1g\u00e1nak legjava - \u0160koda We Love Cycling - Magyarorsz\u00e1g\",\"isPartOf\":{\"@id\":\"https:\/\/www.welovecycling.com\/hu\/#website\"},\"primaryImageOfPage\":{\"@id\":\"https:\/\/www.welovecycling.com\/hu\/edzes-es-eletmod\/a-vizibringak-vilaganak-legjava\/#primaryimage\"},\"image\":{\"@id\":\"https:\/\/www.welovecycling.com\/hu\/edzes-es-eletmod\/a-vizibringak-vilaganak-legjava\/#primaryimage\"},\"thumbnailUrl\":\"https:\/\/d2p6e6u75xmxt8.cloudfront.net\/12\/2019\/07\/Schiller-SC1-Water-Bike-CVR.jpg\",\"datePublished\":\"2019-07-08T07:00:26+00:00\",\"author\":{\"@id\":\"https:\/\/www.welovecycling.com\/hu\/#\/schema\/person\/414a2aebf1801691a5320edb6468e194\"},\"breadcrumb\":{\"@id\":\"https:\/\/www.welovecycling.com\/hu\/edzes-es-eletmod\/a-vizibringak-vilaganak-legjava\/#breadcrumb\"},\"inLanguage\":\"hu\",\"potentialAction\":[{\"@type\":\"ReadAction\",\"target\":[\"https:\/\/www.welovecycling.com\/hu\/edzes-es-eletmod\/a-vizibringak-vilaganak-legjava\/\"]}]},{\"@type\":\"ImageObject\",\"inLanguage\":\"hu\",\"@id\":\"https:\/\/www.welovecycling.com\/hu\/edzes-es-eletmod\/a-vizibringak-vilaganak-legjava\/#primaryimage\",\"url\":\"https:\/\/d2p6e6u75xmxt8.cloudfront.net\/12\/2019\/07\/Schiller-SC1-Water-Bike-CVR.jpg\",\"contentUrl\":\"https:\/\/d2p6e6u75xmxt8.cloudfront.net\/12\/2019\/07\/Schiller-SC1-Water-Bike-CVR.jpg\",\"width\":1366,\"height\":600},{\"@type\":\"BreadcrumbList\",\"@id\":\"https:\/\/www.welovecycling.com\/hu\/edzes-es-eletmod\/a-vizibringak-vilaganak-legjava\/#breadcrumb\",\"itemListElement\":[{\"@type\":\"ListItem\",\"position\":1,\"name\":\"Home\",\"item\":\"https:\/\/www.welovecycling.com\/hu\/\"},{\"@type\":\"ListItem\",\"position\":2,\"name\":\"A v\u00edzibring\u00e1k vil\u00e1g\u00e1nak legjava\"}]},{\"@type\":\"WebSite\",\"@id\":\"https:\/\/www.welovecycling.com\/hu\/#website\",\"url\":\"https:\/\/www.welovecycling.com\/hu\/\",\"name\":\"\u0160koda We Love Cycling - Magyarorsz\u00e1g\",\"description\":\"\u0160koda WeLoveCycling\",\"potentialAction\":[{\"@type\":\"SearchAction\",\"target\":{\"@type\":\"EntryPoint\",\"urlTemplate\":\"https:\/\/www.welovecycling.com\/hu\/?s={search_term_string}\"},\"query-input\":{\"@type\":\"PropertyValueSpecification\",\"valueRequired\":true,\"valueName\":\"search_term_string\"}}],\"inLanguage\":\"hu\"},{\"@type\":\"Person\",\"@id\":\"https:\/\/www.welovecycling.com\/hu\/#\/schema\/person\/414a2aebf1801691a5320edb6468e194\",\"name\":\"hegyizs\",\"image\":{\"@type\":\"ImageObject\",\"inLanguage\":\"hu\",\"@id\":\"https:\/\/www.welovecycling.com\/hu\/#\/schema\/person\/image\/\",\"url\":\"https:\/\/secure.gravatar.com\/avatar\/02cf8a7906b8cf90cecb4679defac7cfd33a1c2e3b88e4903d947f3bb58eedd3?s=96&d=mm&r=g\",\"contentUrl\":\"https:\/\/secure.gravatar.com\/avatar\/02cf8a7906b8cf90cecb4679defac7cfd33a1c2e3b88e4903d947f3bb58eedd3?s=96&d=mm&r=g\",\"caption\":\"hegyizs\"},\"url\":\"https:\/\/www.welovecycling.com\/hu\/author\/hegyizs\/\"}]}<\/script>\n<!-- \/ Yoast SEO Premium plugin. -->","yoast_head_json":{"title":"A v\u00edzibring\u00e1k vil\u00e1g\u00e1nak legjava - \u0160koda We Love Cycling - Magyarorsz\u00e1g","robots":{"index":"index","follow":"follow","max-snippet":"max-snippet:-1","max-image-preview":"max-image-preview:large","max-video-preview":"max-video-preview:-1"},"canonical":"https:\/\/www.welovecycling.com\/hu\/edzes-es-eletmod\/a-vizibringak-vilaganak-legjava\/","og_locale":"hu_HU","og_type":"article","og_title":"A v\u00edzibring\u00e1k vil\u00e1g\u00e1nak legjava","og_description":"A Schiller c\u00e9g weboldal\u00e1n tal\u00e1lhat\u00f3 figyelemfelh\u00edv\u00f3 sz\u00f6veg igencsak dr\u00e1maian fogalmaz: \u201eHadd mutassuk be az S1-C-t &#8211; A v\u00edzi mobilit\u00e1s j\u00f6v\u0151je.\u201d [&hellip;]","og_url":"https:\/\/www.welovecycling.com\/hu\/edzes-es-eletmod\/a-vizibringak-vilaganak-legjava\/","og_site_name":"\u0160koda We Love Cycling - Magyarorsz\u00e1g","article_publisher":"https:\/\/www.facebook.com\/WeLoveCyclingHungary\/","article_published_time":"2019-07-08T07:00:26+00:00","og_image":[{"width":1366,"height":600,"url":"https:\/\/d2p6e6u75xmxt8.cloudfront.net\/12\/2019\/07\/Schiller-SC1-Water-Bike-CVR.jpg","type":"image\/jpeg"}],"author":"hegyizs","twitter_card":"summary_large_image","twitter_misc":{"Written by":"Siegfried Mortkowitz","Est. reading time":"7"},"schema":{"@context":"https:\/\/schema.org","@graph":[{"@type":"WebPage","@id":"https:\/\/www.welovecycling.com\/hu\/edzes-es-eletmod\/a-vizibringak-vilaganak-legjava\/","url":"https:\/\/www.welovecycling.com\/hu\/edzes-es-eletmod\/a-vizibringak-vilaganak-legjava\/","name":"A v\u00edzibring\u00e1k vil\u00e1g\u00e1nak legjava - \u0160koda We Love Cycling - Magyarorsz\u00e1g","isPartOf":{"@id":"https:\/\/www.welovecycling.com\/hu\/#website"},"primaryImageOfPage":{"@id":"https:\/\/www.welovecycling.com\/hu\/edzes-es-eletmod\/a-vizibringak-vilaganak-legjava\/#primaryimage"},"image":{"@id":"https:\/\/www.welovecycling.com\/hu\/edzes-es-eletmod\/a-vizibringak-vilaganak-legjava\/#primaryimage"},"thumbnailUrl":"https:\/\/d2p6e6u75xmxt8.cloudfront.net\/12\/2019\/07\/Schiller-SC1-Water-Bike-CVR.jpg","datePublished":"2019-07-08T07:00:26+00:00","author":{"@id":"https:\/\/www.welovecycling.com\/hu\/#\/schema\/person\/414a2aebf1801691a5320edb6468e194"},"breadcrumb":{"@id":"https:\/\/www.welovecycling.com\/hu\/edzes-es-eletmod\/a-vizibringak-vilaganak-legjava\/#breadcrumb"},"inLanguage":"hu","potentialAction":[{"@type":"ReadAction","target":["https:\/\/www.welovecycling.com\/hu\/edzes-es-eletmod\/a-vizibringak-vilaganak-legjava\/"]}]},{"@type":"ImageObject","inLanguage":"hu","@id":"https:\/\/www.welovecycling.com\/hu\/edzes-es-eletmod\/a-vizibringak-vilaganak-legjava\/#primaryimage","url":"https:\/\/d2p6e6u75xmxt8.cloudfront.net\/12\/2019\/07\/Schiller-SC1-Water-Bike-CVR.jpg","contentUrl":"https:\/\/d2p6e6u75xmxt8.cloudfront.net\/12\/2019\/07\/Schiller-SC1-Water-Bike-CVR.jpg","width":1366,"height":600},{"@type":"BreadcrumbList","@id":"https:\/\/www.welovecycling.com\/hu\/edzes-es-eletmod\/a-vizibringak-vilaganak-legjava\/#breadcrumb","itemListElement":[{"@type":"ListItem","position":1,"name":"Home","item":"https:\/\/www.welovecycling.com\/hu\/"},{"@type":"ListItem","position":2,"name":"A v\u00edzibring\u00e1k vil\u00e1g\u00e1nak legjava"}]},{"@type":"WebSite","@id":"https:\/\/www.welovecycling.com\/hu\/#website","url":"https:\/\/www.welovecycling.com\/hu\/","name":"\u0160koda We Love Cycling - Magyarorsz\u00e1g","description":"\u0160koda WeLoveCycling","potentialAction":[{"@type":"SearchAction","target":{"@type":"EntryPoint","urlTemplate":"https:\/\/www.welovecycling.com\/hu\/?s={search_term_string}"},"query-input":{"@type":"PropertyValueSpecification","valueRequired":true,"valueName":"search_term_string"}}],"inLanguage":"hu"},{"@type":"Person","@id":"https:\/\/www.welovecycling.com\/hu\/#\/schema\/person\/414a2aebf1801691a5320edb6468e194","name":"hegyizs","image":{"@type":"ImageObject","inLanguage":"hu","@id":"https:\/\/www.welovecycling.com\/hu\/#\/schema\/person\/image\/","url":"https:\/\/secure.gravatar.com\/avatar\/02cf8a7906b8cf90cecb4679defac7cfd33a1c2e3b88e4903d947f3bb58eedd3?s=96&d=mm&r=g","contentUrl":"https:\/\/secure.gravatar.com\/avatar\/02cf8a7906b8cf90cecb4679defac7cfd33a1c2e3b88e4903d947f3bb58eedd3?s=96&d=mm&r=g","caption":"hegyizs"},"url":"https:\/\/www.welovecycling.com\/hu\/author\/hegyizs\/"}]}},"_links":{"self":[{"href":"https:\/\/www.welovecycling.com\/hu\/wp-json\/wp\/v2\/posts\/4359","targetHints":{"allow":["GET"]}}],"collection":[{"href":"https:\/\/www.welovecycling.com\/hu\/wp-json\/wp\/v2\/posts"}],"about":[{"href":"https:\/\/www.welovecycling.com\/hu\/wp-json\/wp\/v2\/types\/post"}],"author":[{"embeddable":true,"href":"https:\/\/www.welovecycling.com\/hu\/wp-json\/wp\/v2\/users\/71"}],"replies":[{"embeddable":true,"href":"https:\/\/www.welovecycling.com\/hu\/wp-json\/wp\/v2\/comments?post=4359"}],"version-history":[{"count":2,"href":"https:\/\/www.welovecycling.com\/hu\/wp-json\/wp\/v2\/posts\/4359\/revisions"}],"predecessor-version":[{"id":4396,"href":"https:\/\/www.welovecycling.com\/hu\/wp-json\/wp\/v2\/posts\/4359\/revisions\/4396"}],"wp:featuredmedia":[{"embeddable":true,"href":"https:\/\/www.welovecycling.com\/hu\/wp-json\/wp\/v2\/media\/4364"}],"wp:attachment":[{"href":"https:\/\/www.welovecycling.com\/hu\/wp-json\/wp\/v2\/media?parent=4359"}],"wp:term":[{"taxonomy":"category","embeddable":true,"href":"https:\/\/www.welovecycling.com\/hu\/wp-json\/wp\/v2\/categories?post=4359"},{"taxonomy":"post_tag","embeddable":true,"href":"https:\/\/www.welovecycling.com\/hu\/wp-json\/wp\/v2\/tags?post=4359"},{"taxonomy":"global-categories","embeddable":true,"href":"https:\/\/www.welovecycling.com\/hu\/wp-json\/wp\/v2\/global-categories?post=4359"}],"curies":[{"name":"wp","href":"https:\/\/api.w.org\/{rel}","templated":true}]}}