{"id":4350,"date":"2019-07-11T08:00:35","date_gmt":"2019-07-11T07:00:35","guid":{"rendered":"https:\/\/www.welovecycling.com\/hu\/?p=4350"},"modified":"2019-07-04T15:59:35","modified_gmt":"2019-07-04T14:59:35","slug":"ha-nem-bringaversenyzo-lennek-akkor-pornosztar-4-legendas-orszaguti-versenyzo","status":"publish","type":"post","link":"https:\/\/www.welovecycling.com\/hu\/kozosseg-es-kultura\/ha-nem-bringaversenyzo-lennek-akkor-pornosztar-4-legendas-orszaguti-versenyzo\/","title":{"rendered":"Ha nem bringaversenyz\u0151 lenn\u00e9k, akkor porn\u00f3szt\u00e1r &#8211; 4 legend\u00e1s orsz\u00e1g\u00fati versenyz\u0151"},"content":{"rendered":"<p><strong>Minden sport kitermeli a maga ikonjait, az orsz\u00e1g\u00fati versenyz\u0151k legnagyobbjai t\u00e9nyleg igazi rockszt\u00e1rok. K\u00f6vetkezzen n\u00e9gy versenyz\u0151, akik vagy szem\u00e9lyis\u00e9g\u00fckkel, vagy teljes\u00edtm\u00e9ny\u00fckkel igaz\u00e1n maradand\u00f3t alkottak. <\/strong><!--more--><\/p>\n<figure id=\"attachment_4351\" aria-describedby=\"caption-attachment-4351\" style=\"width: 633px\" class=\"wp-caption alignnone\"><img loading=\"lazy\" decoding=\"async\" class=\"size-full wp-image-4351\" src=\"https:\/\/d2p6e6u75xmxt8.cloudfront.net\/12\/2019\/07\/wlc5_1.jpg\" alt=\"\" width=\"633\" height=\"543\" srcset=\"https:\/\/d2p6e6u75xmxt8.cloudfront.net\/12\/2019\/07\/wlc5_1.jpg 633w, https:\/\/d2p6e6u75xmxt8.cloudfront.net\/12\/2019\/07\/wlc5_1-300x257.jpg 300w\" sizes=\"auto, (max-width: 633px) 100vw, 633px\" \/><figcaption id=\"caption-attachment-4351\" class=\"wp-caption-text\">Eddy Merckx<\/figcaption><\/figure>\n<p>Merckx, a Kannib\u00e1l sokak szerint minden id\u0151k legeredm\u00e9nyesebb bring\u00e1sa, tizenegy Grand Tourt nyert meg, \u00f6t Tourt, \u00f6t Giro-t \u00e9s egy Vuelt\u00e1t. Csak a Tour de France-on 34 szakaszon tudott gy\u0151zni, ez m\u00e1ig megd\u00f6ntetlen rekord, 204 profi gy\u0151zelem ut\u00e1n vonult vissza. Becenev\u00e9t, a Kannib\u00e1lt csapatt\u00e1rs\u00e1nak l\u00e1ny\u00e1t\u00f3l kapta, miut\u00e1n az apa elmes\u00e9lte neki, mennyire nem \u00e1llhat senki Merckx \u00e9s a gy\u0151zelem k\u00f6z\u00e9. Az 1945-ben sz\u00fcletett belga tulajdonk\u00e9ppen mindent el\u00e9rt a sportban, amit el lehetett, 1978-as visszavonul\u00e1sa ut\u00e1n pedig edz\u0151k\u00e9nt \u00e9s versenyek szervez\u0151jek\u00e9nt maradt a bring\u00e1z\u00e1s k\u00f6zel\u00e9ben. B\u00e1r a doppingbotr\u00e1nyok \u0151t sem ker\u00fclt\u00e9k el, nem ezek hat\u00e1rozz\u00e1k meg a karrierj\u00e9nek eml\u00e9k\u00e9t, a 2019-es Tour rajtj\u00e1t az \u0151 tisztelet\u00e9re szervezt\u00e9k Br\u00fcsszelbe.<\/p>\n<figure id=\"attachment_4352\" aria-describedby=\"caption-attachment-4352\" style=\"width: 1024px\" class=\"wp-caption alignnone\"><img loading=\"lazy\" decoding=\"async\" class=\"size-full wp-image-4352\" src=\"https:\/\/d2p6e6u75xmxt8.cloudfront.net\/12\/2019\/07\/wlc5_2.jpg\" alt=\"\" width=\"1024\" height=\"600\" srcset=\"https:\/\/d2p6e6u75xmxt8.cloudfront.net\/12\/2019\/07\/wlc5_2.jpg 1024w, https:\/\/d2p6e6u75xmxt8.cloudfront.net\/12\/2019\/07\/wlc5_2-300x176.jpg 300w, https:\/\/d2p6e6u75xmxt8.cloudfront.net\/12\/2019\/07\/wlc5_2-768x450.jpg 768w\" sizes=\"auto, (max-width: 1024px) 100vw, 1024px\" \/><figcaption id=\"caption-attachment-4352\" class=\"wp-caption-text\">Mario Cipollini<\/figcaption><\/figure>\n<p>A Kannib\u00e1l sem rossz becen\u00e9v, de Cipollinire Oroszl\u00e1nkir\u00e1lyk\u00e9nt vagy Super Mari\u00f3k\u00e9nt hivatkoztak, ami az\u00e9rt m\u00e1s min\u0151s\u00e9g. A most 52 \u00e9ves olasz 1988-t\u00f3l 2005-ig domin\u00e1lt, 172 profi gy\u0151zelem k\u00f6thet\u0151 a nev\u00e9hez, gener\u00e1ci\u00f3ja legjobb sprinterek\u00e9nt tartj\u00e1k sz\u00e1mon. Nem szerette a hegyi szakaszokat, volt, hogy a Vuelta kaptat\u00f3i helyett ink\u00e1bb a strandon lazult, \u00e9s err\u0151l k\u00e9peket is osztott meg a sajt\u00f3val. Extravag\u00e1ns ruh\u00e1it m\u00e1r szinte mindenki l\u00e1thatta, aki a kilencvenes \u00e9vekben n\u00e9zett valamilyen versenyk\u00f6zvet\u00edt\u00e9st, zebra, oroszl\u00e1n, vagy a Tron techno-vil\u00e1ga mind volt minta a mezein. Igazi karakter volt a versenyek vil\u00e1g\u00e1ban, sokszor bulizott hajnalig, hogy m\u00e1snap \u00fagy is gy\u0151zz\u00f6n, de \u00e1ll\u00edtott\u00e1k meg rend\u0151r\u00f6k aut\u00f3p\u00e1ly\u00e1n, amire csak annyit mondott, hogy ott tud el\u00e9g sok\u00e1ig megfelel\u0151 temp\u00f3t menni. Egyszerre volt st\u00edlusikon, a n\u0151k b\u00e1lv\u00e1nya, \u00e9s sikeres versenyz\u0151, de a karakter\u00e9r\u0151l mindenn\u00e9l t\u00f6bbet el\u00e1rul, hogy egyszer azt nyilatkozta, <em>Ha nem profi bring\u00e1s lenn\u00e9k, akkor porn\u00f3szt\u00e1r. <\/em><\/p>\n<figure id=\"attachment_4353\" aria-describedby=\"caption-attachment-4353\" style=\"width: 1920px\" class=\"wp-caption alignnone\"><img loading=\"lazy\" decoding=\"async\" class=\"size-extra-large wp-image-4353\" src=\"https:\/\/d2p6e6u75xmxt8.cloudfront.net\/12\/2019\/07\/wlc5_3-1920x1080.jpg\" alt=\"\" width=\"1920\" height=\"1080\" srcset=\"https:\/\/d2p6e6u75xmxt8.cloudfront.net\/12\/2019\/07\/wlc5_3-1920x1080.jpg 1920w, https:\/\/d2p6e6u75xmxt8.cloudfront.net\/12\/2019\/07\/wlc5_3-300x169.jpg 300w, https:\/\/d2p6e6u75xmxt8.cloudfront.net\/12\/2019\/07\/wlc5_3-768x432.jpg 768w, https:\/\/d2p6e6u75xmxt8.cloudfront.net\/12\/2019\/07\/wlc5_3-1024x576.jpg 1024w, https:\/\/d2p6e6u75xmxt8.cloudfront.net\/12\/2019\/07\/wlc5_3-1920x1080.jpg 1920w\" sizes=\"auto, (max-width: 1920px) 100vw, 1920px\" \/><figcaption id=\"caption-attachment-4353\" class=\"wp-caption-text\">Miguel Indurain<\/figcaption><\/figure>\n<p>Cipolloni t\u00f6k\u00e9letes ellent\u00e9te Indurain, akit szer\u00e9nys\u00e9ge miatt ismernek, pedig felv\u00e1gni \u00e9ppen lenne mire: a spanyol versenyz\u0151 az els\u0151, akinek siker\u00fclt egyhuzamban \u00f6tsz\u00f6r Tour de France-t nyernie, 1991 \u00e9s 1995 k\u00f6z\u00f6tt Indurain er\u0151ss\u00e9ge az id\u0151futam volt, az 1992-es Tour egyik ilyen szakasz\u00e1n hajmereszt\u0151 3 percet adott a m\u00e1sodik befut\u00f3nak. 187 centij\u00e9hez 80 kil\u00f3 t\u00e1rsult, innen kapta a Big Mig becenevet, el\u0151szeretettel hasonl\u00edtott\u00e1k bik\u00e1hoz, m\u00e1r csak pamplonai sz\u00e1rmaz\u00e1sa miatt is. 1991-ben \u00e9s 92-ben nyert a Giro-n, ezzel \u0151 az egyetlen, aki a Tour-ok mellett a m\u00e1sik legkem\u00e9nyebb k\u00f6rversenyt is megnyerte, k\u00e9t egym\u00e1st k\u00f6vet\u0151 \u00e9vben, de 1996-ban elhozta az aranyat az atlantai olimpi\u00e1n egy\u00e9ni id\u0151futamban is. Egy 2016-os interj\u00faban Indurain orvos\u00e1val is besz\u00e9ltek, aki azt \u00e1ll\u00edtotta, hogy a versenyz\u0151 nyugalmi pulzusa mind\u00f6ssze 28, m\u00edg a sz\u00edve versenyz\u00e9s k\u00f6zben percenk\u00e9nt 50 liter v\u00e9rt pump\u00e1l. Ut\u00f3bbi dupl\u00e1ja az \u00e1tlagosnak.<\/p>\n<figure id=\"attachment_4354\" aria-describedby=\"caption-attachment-4354\" style=\"width: 784px\" class=\"wp-caption alignnone\"><img loading=\"lazy\" decoding=\"async\" class=\"size-full wp-image-4354\" src=\"https:\/\/d2p6e6u75xmxt8.cloudfront.net\/12\/2019\/07\/wlc5_4.jpg\" alt=\"\" width=\"784\" height=\"1024\" srcset=\"https:\/\/d2p6e6u75xmxt8.cloudfront.net\/12\/2019\/07\/wlc5_4.jpg 784w, https:\/\/d2p6e6u75xmxt8.cloudfront.net\/12\/2019\/07\/wlc5_4-230x300.jpg 230w, https:\/\/d2p6e6u75xmxt8.cloudfront.net\/12\/2019\/07\/wlc5_4-768x1003.jpg 768w\" sizes=\"auto, (max-width: 784px) 100vw, 784px\" \/><figcaption id=\"caption-attachment-4354\" class=\"wp-caption-text\">Fausto Coppi<\/figcaption><\/figure>\n<p>Coppi 13 \u00e9vesen otthagyta az iskol\u00e1t, \u00e9s be\u00e1llt egy hentes mell\u00e9 dolgozni, 15 \u00e9vesen elkezdett versenyezni, 20 \u00e9vesen pedig megnyerte az els\u0151 Gir\u00f3-j\u00e1t. Az 1919-es sz\u00fclet\u00e9s\u0171 olasz a m\u00e1sodik vil\u00e1gh\u00e1bor\u00fa k\u00f6r\u00fcli \u00e9vek egyik legmeghat\u00e1roz\u00f3bb versenyz\u0151je volt, \u00f6t Giro, \u00e9s k\u00e9t Tour gy\u0151zelem k\u00f6t\u0151dik a nev\u00e9hez. Pedig az els\u0151 verseny\u00e9n m\u00e9g klub \u00e9s csapat n\u00e9lk\u00fcl indult, d\u00edjaz\u00e1sa 20 l\u00edra \u00e9s egy szendvics volt. A h\u00e1bor\u00fa alatt besorozt\u00e1k, \u00e9s 1943-ban Afrik\u00e1ba k\u00fcldt\u00e9k, ahol brit fogs\u00e1gba esett. \u00c9rdekes m\u00f3don a k\u00e9s\u0151bbi Tour-men\u0151, Claudio Chiapucci apj\u00e1val raboskodott egy\u00fctt, de 1945-ben szabadul\u00e1sa ut\u00e1n meg is nyerte az els\u0151 verseny\u00e9t. B\u00e1r akkor m\u00e9g nem volt tiltott, de Coppi sosem csin\u00e1lt titkot abb\u00f3l, hogy stimul\u00e1nsokat haszn\u00e1l, az \u00e1ltala kevert, besz\u00e9des nev\u0171 <em>La bomb<\/em>a kokt\u00e9l egyik f\u0151 alkot\u00f3eleme a metamfetamin volt. A sors fintora, hogy a mind\u00f6ssze 40 \u00e9ves Coppi Burkina Fas\u00f3ban tett eleget az eln\u00f6k megh\u00edv\u00e1s\u00e1nak, hogy versenyezzen a helyiek ellen, amikor elkapta a mal\u00e1ri\u00e1t, \u00e9s belehalt.<\/p>\n<p>&nbsp;<\/p>\n","protected":false},"excerpt":{"rendered":"<p>Minden sport kitermeli a maga ikonjait, az orsz\u00e1g\u00fati versenyz\u0151k legnagyobbjai t\u00e9nyleg igazi rockszt\u00e1rok. K\u00f6vetkezzen n\u00e9gy versenyz\u0151, akik vagy szem\u00e9lyis\u00e9g\u00fckkel, vagy [&hellip;]<\/p>\n","protected":false},"author":71,"featured_media":4355,"comment_status":"open","ping_status":"open","sticky":false,"template":"","format":"standard","meta":{"footnotes":""},"categories":[12],"tags":[],"global-categories":[],"class_list":["post-4350","post","type-post","status-publish","format-standard","has-post-thumbnail","hentry","category-kozosseg-es-kultura"],"yoast_head":"<!-- This site is optimized with the Yoast SEO Premium plugin v25.3 (Yoast SEO v25.9) - https:\/\/yoast.com\/wordpress\/plugins\/seo\/ -->\n<title>Ha nem bringaversenyz\u0151 lenn\u00e9k, akkor porn\u00f3szt\u00e1r - 4 legend\u00e1s orsz\u00e1g\u00fati versenyz\u0151 - \u0160koda We Love Cycling - Magyarorsz\u00e1g<\/title>\n<meta name=\"robots\" content=\"index, follow, max-snippet:-1, max-image-preview:large, max-video-preview:-1\" \/>\n<link rel=\"canonical\" href=\"https:\/\/www.welovecycling.com\/hu\/kozosseg-es-kultura\/ha-nem-bringaversenyzo-lennek-akkor-pornosztar-4-legendas-orszaguti-versenyzo\/\" \/>\n<meta property=\"og:locale\" content=\"hu_HU\" \/>\n<meta property=\"og:type\" content=\"article\" \/>\n<meta property=\"og:title\" content=\"Ha nem bringaversenyz\u0151 lenn\u00e9k, akkor porn\u00f3szt\u00e1r - 4 legend\u00e1s orsz\u00e1g\u00fati versenyz\u0151\" \/>\n<meta property=\"og:description\" content=\"Minden sport kitermeli a maga ikonjait, az orsz\u00e1g\u00fati versenyz\u0151k legnagyobbjai t\u00e9nyleg igazi rockszt\u00e1rok. K\u00f6vetkezzen n\u00e9gy versenyz\u0151, akik vagy szem\u00e9lyis\u00e9g\u00fckkel, vagy [&hellip;]\" \/>\n<meta property=\"og:url\" content=\"https:\/\/www.welovecycling.com\/hu\/kozosseg-es-kultura\/ha-nem-bringaversenyzo-lennek-akkor-pornosztar-4-legendas-orszaguti-versenyzo\/\" \/>\n<meta property=\"og:site_name\" content=\"\u0160koda We Love Cycling - Magyarorsz\u00e1g\" \/>\n<meta property=\"article:publisher\" content=\"https:\/\/www.facebook.com\/WeLoveCyclingHungary\/\" \/>\n<meta property=\"article:published_time\" content=\"2019-07-11T07:00:35+00:00\" \/>\n<meta property=\"og:image\" content=\"https:\/\/d2p6e6u75xmxt8.cloudfront.net\/12\/2019\/07\/san-diego-85924_1280.jpg\" \/>\n\t<meta property=\"og:image:width\" content=\"1280\" \/>\n\t<meta property=\"og:image:height\" content=\"839\" \/>\n\t<meta property=\"og:image:type\" content=\"image\/jpeg\" \/>\n<meta name=\"author\" content=\"hegyizs\" \/>\n<meta name=\"twitter:card\" content=\"summary_large_image\" \/>\n<meta name=\"twitter:label1\" content=\"Written by\" \/>\n\t<meta name=\"twitter:data1\" content=\"WLC\" \/>\n\t<meta name=\"twitter:label2\" content=\"Est. reading time\" \/>\n\t<meta name=\"twitter:data2\" content=\"4 minutes\" \/>\n<script type=\"application\/ld+json\" class=\"yoast-schema-graph\">{\"@context\":\"https:\/\/schema.org\",\"@graph\":[{\"@type\":\"WebPage\",\"@id\":\"https:\/\/www.welovecycling.com\/hu\/kozosseg-es-kultura\/ha-nem-bringaversenyzo-lennek-akkor-pornosztar-4-legendas-orszaguti-versenyzo\/\",\"url\":\"https:\/\/www.welovecycling.com\/hu\/kozosseg-es-kultura\/ha-nem-bringaversenyzo-lennek-akkor-pornosztar-4-legendas-orszaguti-versenyzo\/\",\"name\":\"Ha nem bringaversenyz\u0151 lenn\u00e9k, akkor porn\u00f3szt\u00e1r - 4 legend\u00e1s orsz\u00e1g\u00fati versenyz\u0151 - \u0160koda We Love Cycling - Magyarorsz\u00e1g\",\"isPartOf\":{\"@id\":\"https:\/\/www.welovecycling.com\/hu\/#website\"},\"primaryImageOfPage\":{\"@id\":\"https:\/\/www.welovecycling.com\/hu\/kozosseg-es-kultura\/ha-nem-bringaversenyzo-lennek-akkor-pornosztar-4-legendas-orszaguti-versenyzo\/#primaryimage\"},\"image\":{\"@id\":\"https:\/\/www.welovecycling.com\/hu\/kozosseg-es-kultura\/ha-nem-bringaversenyzo-lennek-akkor-pornosztar-4-legendas-orszaguti-versenyzo\/#primaryimage\"},\"thumbnailUrl\":\"https:\/\/d2p6e6u75xmxt8.cloudfront.net\/12\/2019\/07\/san-diego-85924_1280.jpg\",\"datePublished\":\"2019-07-11T07:00:35+00:00\",\"author\":{\"@id\":\"https:\/\/www.welovecycling.com\/hu\/#\/schema\/person\/414a2aebf1801691a5320edb6468e194\"},\"breadcrumb\":{\"@id\":\"https:\/\/www.welovecycling.com\/hu\/kozosseg-es-kultura\/ha-nem-bringaversenyzo-lennek-akkor-pornosztar-4-legendas-orszaguti-versenyzo\/#breadcrumb\"},\"inLanguage\":\"hu\",\"potentialAction\":[{\"@type\":\"ReadAction\",\"target\":[\"https:\/\/www.welovecycling.com\/hu\/kozosseg-es-kultura\/ha-nem-bringaversenyzo-lennek-akkor-pornosztar-4-legendas-orszaguti-versenyzo\/\"]}]},{\"@type\":\"ImageObject\",\"inLanguage\":\"hu\",\"@id\":\"https:\/\/www.welovecycling.com\/hu\/kozosseg-es-kultura\/ha-nem-bringaversenyzo-lennek-akkor-pornosztar-4-legendas-orszaguti-versenyzo\/#primaryimage\",\"url\":\"https:\/\/d2p6e6u75xmxt8.cloudfront.net\/12\/2019\/07\/san-diego-85924_1280.jpg\",\"contentUrl\":\"https:\/\/d2p6e6u75xmxt8.cloudfront.net\/12\/2019\/07\/san-diego-85924_1280.jpg\",\"width\":1280,\"height\":839},{\"@type\":\"BreadcrumbList\",\"@id\":\"https:\/\/www.welovecycling.com\/hu\/kozosseg-es-kultura\/ha-nem-bringaversenyzo-lennek-akkor-pornosztar-4-legendas-orszaguti-versenyzo\/#breadcrumb\",\"itemListElement\":[{\"@type\":\"ListItem\",\"position\":1,\"name\":\"Home\",\"item\":\"https:\/\/www.welovecycling.com\/hu\/\"},{\"@type\":\"ListItem\",\"position\":2,\"name\":\"Ha nem bringaversenyz\u0151 lenn\u00e9k, akkor porn\u00f3szt\u00e1r &#8211; 4 legend\u00e1s orsz\u00e1g\u00fati versenyz\u0151\"}]},{\"@type\":\"WebSite\",\"@id\":\"https:\/\/www.welovecycling.com\/hu\/#website\",\"url\":\"https:\/\/www.welovecycling.com\/hu\/\",\"name\":\"\u0160koda We Love Cycling - Magyarorsz\u00e1g\",\"description\":\"\u0160koda WeLoveCycling\",\"potentialAction\":[{\"@type\":\"SearchAction\",\"target\":{\"@type\":\"EntryPoint\",\"urlTemplate\":\"https:\/\/www.welovecycling.com\/hu\/?s={search_term_string}\"},\"query-input\":{\"@type\":\"PropertyValueSpecification\",\"valueRequired\":true,\"valueName\":\"search_term_string\"}}],\"inLanguage\":\"hu\"},{\"@type\":\"Person\",\"@id\":\"https:\/\/www.welovecycling.com\/hu\/#\/schema\/person\/414a2aebf1801691a5320edb6468e194\",\"name\":\"hegyizs\",\"image\":{\"@type\":\"ImageObject\",\"inLanguage\":\"hu\",\"@id\":\"https:\/\/www.welovecycling.com\/hu\/#\/schema\/person\/image\/\",\"url\":\"https:\/\/secure.gravatar.com\/avatar\/02cf8a7906b8cf90cecb4679defac7cfd33a1c2e3b88e4903d947f3bb58eedd3?s=96&d=mm&r=g\",\"contentUrl\":\"https:\/\/secure.gravatar.com\/avatar\/02cf8a7906b8cf90cecb4679defac7cfd33a1c2e3b88e4903d947f3bb58eedd3?s=96&d=mm&r=g\",\"caption\":\"hegyizs\"},\"url\":\"https:\/\/www.welovecycling.com\/hu\/author\/hegyizs\/\"}]}<\/script>\n<!-- \/ Yoast SEO Premium plugin. -->","yoast_head_json":{"title":"Ha nem bringaversenyz\u0151 lenn\u00e9k, akkor porn\u00f3szt\u00e1r - 4 legend\u00e1s orsz\u00e1g\u00fati versenyz\u0151 - \u0160koda We Love Cycling - Magyarorsz\u00e1g","robots":{"index":"index","follow":"follow","max-snippet":"max-snippet:-1","max-image-preview":"max-image-preview:large","max-video-preview":"max-video-preview:-1"},"canonical":"https:\/\/www.welovecycling.com\/hu\/kozosseg-es-kultura\/ha-nem-bringaversenyzo-lennek-akkor-pornosztar-4-legendas-orszaguti-versenyzo\/","og_locale":"hu_HU","og_type":"article","og_title":"Ha nem bringaversenyz\u0151 lenn\u00e9k, akkor porn\u00f3szt\u00e1r - 4 legend\u00e1s orsz\u00e1g\u00fati versenyz\u0151","og_description":"Minden sport kitermeli a maga ikonjait, az orsz\u00e1g\u00fati versenyz\u0151k legnagyobbjai t\u00e9nyleg igazi rockszt\u00e1rok. K\u00f6vetkezzen n\u00e9gy versenyz\u0151, akik vagy szem\u00e9lyis\u00e9g\u00fckkel, vagy [&hellip;]","og_url":"https:\/\/www.welovecycling.com\/hu\/kozosseg-es-kultura\/ha-nem-bringaversenyzo-lennek-akkor-pornosztar-4-legendas-orszaguti-versenyzo\/","og_site_name":"\u0160koda We Love Cycling - Magyarorsz\u00e1g","article_publisher":"https:\/\/www.facebook.com\/WeLoveCyclingHungary\/","article_published_time":"2019-07-11T07:00:35+00:00","og_image":[{"width":1280,"height":839,"url":"https:\/\/d2p6e6u75xmxt8.cloudfront.net\/12\/2019\/07\/san-diego-85924_1280.jpg","type":"image\/jpeg"}],"author":"hegyizs","twitter_card":"summary_large_image","twitter_misc":{"Written by":"WLC","Est. reading time":"4 minutes"},"schema":{"@context":"https:\/\/schema.org","@graph":[{"@type":"WebPage","@id":"https:\/\/www.welovecycling.com\/hu\/kozosseg-es-kultura\/ha-nem-bringaversenyzo-lennek-akkor-pornosztar-4-legendas-orszaguti-versenyzo\/","url":"https:\/\/www.welovecycling.com\/hu\/kozosseg-es-kultura\/ha-nem-bringaversenyzo-lennek-akkor-pornosztar-4-legendas-orszaguti-versenyzo\/","name":"Ha nem bringaversenyz\u0151 lenn\u00e9k, akkor porn\u00f3szt\u00e1r - 4 legend\u00e1s orsz\u00e1g\u00fati versenyz\u0151 - \u0160koda We Love Cycling - Magyarorsz\u00e1g","isPartOf":{"@id":"https:\/\/www.welovecycling.com\/hu\/#website"},"primaryImageOfPage":{"@id":"https:\/\/www.welovecycling.com\/hu\/kozosseg-es-kultura\/ha-nem-bringaversenyzo-lennek-akkor-pornosztar-4-legendas-orszaguti-versenyzo\/#primaryimage"},"image":{"@id":"https:\/\/www.welovecycling.com\/hu\/kozosseg-es-kultura\/ha-nem-bringaversenyzo-lennek-akkor-pornosztar-4-legendas-orszaguti-versenyzo\/#primaryimage"},"thumbnailUrl":"https:\/\/d2p6e6u75xmxt8.cloudfront.net\/12\/2019\/07\/san-diego-85924_1280.jpg","datePublished":"2019-07-11T07:00:35+00:00","author":{"@id":"https:\/\/www.welovecycling.com\/hu\/#\/schema\/person\/414a2aebf1801691a5320edb6468e194"},"breadcrumb":{"@id":"https:\/\/www.welovecycling.com\/hu\/kozosseg-es-kultura\/ha-nem-bringaversenyzo-lennek-akkor-pornosztar-4-legendas-orszaguti-versenyzo\/#breadcrumb"},"inLanguage":"hu","potentialAction":[{"@type":"ReadAction","target":["https:\/\/www.welovecycling.com\/hu\/kozosseg-es-kultura\/ha-nem-bringaversenyzo-lennek-akkor-pornosztar-4-legendas-orszaguti-versenyzo\/"]}]},{"@type":"ImageObject","inLanguage":"hu","@id":"https:\/\/www.welovecycling.com\/hu\/kozosseg-es-kultura\/ha-nem-bringaversenyzo-lennek-akkor-pornosztar-4-legendas-orszaguti-versenyzo\/#primaryimage","url":"https:\/\/d2p6e6u75xmxt8.cloudfront.net\/12\/2019\/07\/san-diego-85924_1280.jpg","contentUrl":"https:\/\/d2p6e6u75xmxt8.cloudfront.net\/12\/2019\/07\/san-diego-85924_1280.jpg","width":1280,"height":839},{"@type":"BreadcrumbList","@id":"https:\/\/www.welovecycling.com\/hu\/kozosseg-es-kultura\/ha-nem-bringaversenyzo-lennek-akkor-pornosztar-4-legendas-orszaguti-versenyzo\/#breadcrumb","itemListElement":[{"@type":"ListItem","position":1,"name":"Home","item":"https:\/\/www.welovecycling.com\/hu\/"},{"@type":"ListItem","position":2,"name":"Ha nem bringaversenyz\u0151 lenn\u00e9k, akkor porn\u00f3szt\u00e1r &#8211; 4 legend\u00e1s orsz\u00e1g\u00fati versenyz\u0151"}]},{"@type":"WebSite","@id":"https:\/\/www.welovecycling.com\/hu\/#website","url":"https:\/\/www.welovecycling.com\/hu\/","name":"\u0160koda We Love Cycling - Magyarorsz\u00e1g","description":"\u0160koda WeLoveCycling","potentialAction":[{"@type":"SearchAction","target":{"@type":"EntryPoint","urlTemplate":"https:\/\/www.welovecycling.com\/hu\/?s={search_term_string}"},"query-input":{"@type":"PropertyValueSpecification","valueRequired":true,"valueName":"search_term_string"}}],"inLanguage":"hu"},{"@type":"Person","@id":"https:\/\/www.welovecycling.com\/hu\/#\/schema\/person\/414a2aebf1801691a5320edb6468e194","name":"hegyizs","image":{"@type":"ImageObject","inLanguage":"hu","@id":"https:\/\/www.welovecycling.com\/hu\/#\/schema\/person\/image\/","url":"https:\/\/secure.gravatar.com\/avatar\/02cf8a7906b8cf90cecb4679defac7cfd33a1c2e3b88e4903d947f3bb58eedd3?s=96&d=mm&r=g","contentUrl":"https:\/\/secure.gravatar.com\/avatar\/02cf8a7906b8cf90cecb4679defac7cfd33a1c2e3b88e4903d947f3bb58eedd3?s=96&d=mm&r=g","caption":"hegyizs"},"url":"https:\/\/www.welovecycling.com\/hu\/author\/hegyizs\/"}]}},"_links":{"self":[{"href":"https:\/\/www.welovecycling.com\/hu\/wp-json\/wp\/v2\/posts\/4350","targetHints":{"allow":["GET"]}}],"collection":[{"href":"https:\/\/www.welovecycling.com\/hu\/wp-json\/wp\/v2\/posts"}],"about":[{"href":"https:\/\/www.welovecycling.com\/hu\/wp-json\/wp\/v2\/types\/post"}],"author":[{"embeddable":true,"href":"https:\/\/www.welovecycling.com\/hu\/wp-json\/wp\/v2\/users\/71"}],"replies":[{"embeddable":true,"href":"https:\/\/www.welovecycling.com\/hu\/wp-json\/wp\/v2\/comments?post=4350"}],"version-history":[{"count":1,"href":"https:\/\/www.welovecycling.com\/hu\/wp-json\/wp\/v2\/posts\/4350\/revisions"}],"predecessor-version":[{"id":4356,"href":"https:\/\/www.welovecycling.com\/hu\/wp-json\/wp\/v2\/posts\/4350\/revisions\/4356"}],"wp:featuredmedia":[{"embeddable":true,"href":"https:\/\/www.welovecycling.com\/hu\/wp-json\/wp\/v2\/media\/4355"}],"wp:attachment":[{"href":"https:\/\/www.welovecycling.com\/hu\/wp-json\/wp\/v2\/media?parent=4350"}],"wp:term":[{"taxonomy":"category","embeddable":true,"href":"https:\/\/www.welovecycling.com\/hu\/wp-json\/wp\/v2\/categories?post=4350"},{"taxonomy":"post_tag","embeddable":true,"href":"https:\/\/www.welovecycling.com\/hu\/wp-json\/wp\/v2\/tags?post=4350"},{"taxonomy":"global-categories","embeddable":true,"href":"https:\/\/www.welovecycling.com\/hu\/wp-json\/wp\/v2\/global-categories?post=4350"}],"curies":[{"name":"wp","href":"https:\/\/api.w.org\/{rel}","templated":true}]}}