{"id":4345,"date":"2019-07-10T08:00:52","date_gmt":"2019-07-10T07:00:52","guid":{"rendered":"https:\/\/www.welovecycling.com\/hu\/?p=4345"},"modified":"2019-07-04T15:58:35","modified_gmt":"2019-07-04T14:58:35","slug":"tour-de-hongrie-a-magyar-csapat-eredmenyei","status":"publish","type":"post","link":"https:\/\/www.welovecycling.com\/hu\/orszaguti-kerekpar\/tour-de-hongrie-a-magyar-csapat-eredmenyei\/","title":{"rendered":"Tour de Hongrie: a magyar csapat eredm\u00e9nyei"},"content":{"rendered":"<p><strong>B\u00e1r az egyik legnagyobb hazai biciklisverseny \u00f6sszetettj\u00e9t a lett Krists Neilands nyerte, a magyar indul\u00f3k is sz\u00e9pen teljes\u00edtettek \u2013 persze n\u00e1luk volt a hazai p\u00e1lya el\u0151nye. <\/strong><strong>\ud83d\ude42<\/strong><!--more--><\/p>\n<p>Az \u00f6sszetett verseny els\u0151 hely\u00e9t teh\u00e1t nem siker\u00fclt magyar kezekbe kaparintani, a dobog\u00f3ra k\u00e9t magyar is fel\u00e1llhatott: Dina M\u00e1rton (Kometa Cycling Team) \u00e9s Valter Attila (CCC Development Team) a kir\u00e1lyszakaszon ny\u00fajtott hihetetlen teljes\u00edtm\u00e9ny\u00e9vel biztos\u00edtotta mag\u00e1nak az elismer\u00e9sre m\u00e9lt\u00f3 helyez\u00e9st. A CCC Development Team r\u00e1ad\u00e1sul a csapatversenyt is megnyerte.<\/p>\n<p><em>\u201e\u00dagy gondolom, hogy ez a dobog\u00f3s hely egy el\u00e9g nagy m\u00e9rf\u00f6ldk\u0151 sz\u00e1momra \u2013 <\/em>nyilatkozta Dina M\u00e1rton.<em> \u2013 Rem\u00e9lem, hogy a j\u00f6v\u0151ben m\u00e9g t\u00f6bb ehhez hasonl\u00f3 kiemelked\u0151 eredm\u00e9nyem lesz, s\u0151t tal\u00e1n m\u00e9g jobbak is. Tal\u00e1n az eddigi legjobb eredm\u00e9nyem \u00e9rtem el, \u00fagyhogy \u00e9rthet\u0151 m\u00f3don nagyon \u00f6r\u00fcl\u00f6k neki.\u201d<\/em><\/p>\n<p><em><img loading=\"lazy\" decoding=\"async\" class=\"alignnone size-full wp-image-4348\" src=\"https:\/\/d2p6e6u75xmxt8.cloudfront.net\/12\/2019\/07\/wlc_tdh-3.jpg\" alt=\"\" width=\"769\" height=\"511\" srcset=\"https:\/\/d2p6e6u75xmxt8.cloudfront.net\/12\/2019\/07\/wlc_tdh-3.jpg 769w, https:\/\/d2p6e6u75xmxt8.cloudfront.net\/12\/2019\/07\/wlc_tdh-3-300x199.jpg 300w, https:\/\/d2p6e6u75xmxt8.cloudfront.net\/12\/2019\/07\/wlc_tdh-3-768x510.jpg 768w, https:\/\/d2p6e6u75xmxt8.cloudfront.net\/12\/2019\/07\/wlc_tdh-3-272x182.jpg 272w\" sizes=\"auto, (max-width: 769px) 100vw, 769px\" \/><\/em><\/p>\n<p>Term\u00e9szetesen Valter Attila is nagyon \u00f6r\u00fclt az el\u00e9rt helyez\u00e9snek<em>:<br \/>\n\u201eEz eddigi p\u00e1lyafut\u00e1som legjobb eredm\u00e9nye. B\u00fcszke vagyok arra, hogy ezt egy ilyen nagy versenyen siker\u00fclt el\u00e9rnem, r\u00e1ad\u00e1sul Magyarorsz\u00e1gon. Annak k\u00fcl\u00f6n \u00f6r\u00fcl\u00f6k, hogy ilyen sz\u00ednvonalas \u00e9s kiegyens\u00falyozott Tour de Hongrie-t siker\u00fclt rendezni, \u00e9s hogy ezt ennyi ember figyelemmel k\u00f6vette, rengetegen szurkoltak nek\u00fcnk, ami pluszt adott.\u201d<\/em><\/p>\n<p>Nem v\u00e9letlen\u00fcl ker\u00fclt Valter Attila edz\u0151je \u2013 \u00e9s egyben \u00e9desapja &#8211; a We Love Cycling Magyarorsz\u00e1g Aranyvilla-d\u00edjasai k\u00f6z\u00e9!<em>\u00a0<\/em><\/p>\n<p><em><img loading=\"lazy\" decoding=\"async\" class=\"alignnone size-full wp-image-4347\" src=\"https:\/\/d2p6e6u75xmxt8.cloudfront.net\/12\/2019\/07\/wlc_tdh-2.jpg\" alt=\"\" width=\"769\" height=\"511\" srcset=\"https:\/\/d2p6e6u75xmxt8.cloudfront.net\/12\/2019\/07\/wlc_tdh-2.jpg 769w, https:\/\/d2p6e6u75xmxt8.cloudfront.net\/12\/2019\/07\/wlc_tdh-2-300x199.jpg 300w, https:\/\/d2p6e6u75xmxt8.cloudfront.net\/12\/2019\/07\/wlc_tdh-2-768x510.jpg 768w, https:\/\/d2p6e6u75xmxt8.cloudfront.net\/12\/2019\/07\/wlc_tdh-2-272x182.jpg 272w\" sizes=\"auto, (max-width: 769px) 100vw, 769px\" \/>\u00a0<\/em><\/p>\n<p>A magyar versenyz\u0151k 180 UCI pontot gy\u0171jt\u00f6ttek a Tour de Hongrie sor\u00e1n, \u00edgy az 52-r\u0151l a 39. helyre ugrottunk az olimpiai kvalifik\u00e1ci\u00f3s rangsorban. A m\u00e1r eml\u00edtett dobog\u00f3sok \u00e9rmei igen sokkal megdobt\u00e1k ezt a pontsz\u00e1mot: Dina M\u00e1rton \u00f6sszetett-beli ez\u00fcst\u00e9rme 85, Valter Attila helyez\u00e9se pedig 70 pontot jelentett a magyaroknak. Emellett a szint\u00e9n Aranyvilla-d\u00edjas Lovassy Kriszti\u00e1n, tiszaf\u00fcredi szakaszgy\u0151zelme 14 pontot hozott.<\/p>\n<p>Forr\u00e1s: <a href=\"http:\/\/velo.hu\/\" target=\"_blank\" rel=\"noopener\">velo.hu<\/a><\/p>\n","protected":false},"excerpt":{"rendered":"<p>B\u00e1r az egyik legnagyobb hazai biciklisverseny \u00f6sszetettj\u00e9t a lett Krists Neilands nyerte, a magyar indul\u00f3k is sz\u00e9pen teljes\u00edtettek \u2013 persze [&hellip;]<\/p>\n","protected":false},"author":71,"featured_media":4346,"comment_status":"open","ping_status":"open","sticky":false,"template":"","format":"standard","meta":{"footnotes":""},"categories":[8],"tags":[],"global-categories":[],"class_list":["post-4345","post","type-post","status-publish","format-standard","has-post-thumbnail","hentry","category-orszaguti-kerekpar"],"yoast_head":"<!-- This site is optimized with the Yoast SEO Premium plugin v25.3 (Yoast SEO v25.9) - https:\/\/yoast.com\/wordpress\/plugins\/seo\/ -->\n<title>Tour de Hongrie: a magyar csapat eredm\u00e9nyei - \u0160koda We Love Cycling - Magyarorsz\u00e1g<\/title>\n<meta name=\"robots\" content=\"index, follow, max-snippet:-1, max-image-preview:large, max-video-preview:-1\" \/>\n<link rel=\"canonical\" href=\"https:\/\/www.welovecycling.com\/hu\/orszaguti-kerekpar\/tour-de-hongrie-a-magyar-csapat-eredmenyei\/\" \/>\n<meta property=\"og:locale\" content=\"hu_HU\" \/>\n<meta property=\"og:type\" content=\"article\" \/>\n<meta property=\"og:title\" content=\"Tour de Hongrie: a magyar csapat eredm\u00e9nyei\" \/>\n<meta property=\"og:description\" content=\"B\u00e1r az egyik legnagyobb hazai biciklisverseny \u00f6sszetettj\u00e9t a lett Krists Neilands nyerte, a magyar indul\u00f3k is sz\u00e9pen teljes\u00edtettek \u2013 persze [&hellip;]\" \/>\n<meta property=\"og:url\" content=\"https:\/\/www.welovecycling.com\/hu\/orszaguti-kerekpar\/tour-de-hongrie-a-magyar-csapat-eredmenyei\/\" \/>\n<meta property=\"og:site_name\" content=\"\u0160koda We Love Cycling - Magyarorsz\u00e1g\" \/>\n<meta property=\"article:publisher\" content=\"https:\/\/www.facebook.com\/WeLoveCyclingHungary\/\" \/>\n<meta property=\"article:published_time\" content=\"2019-07-10T07:00:52+00:00\" \/>\n<meta property=\"og:image\" content=\"https:\/\/d2p6e6u75xmxt8.cloudfront.net\/12\/2019\/07\/wlc_tdh-1.jpg\" \/>\n\t<meta property=\"og:image:width\" content=\"769\" \/>\n\t<meta property=\"og:image:height\" content=\"511\" \/>\n\t<meta property=\"og:image:type\" content=\"image\/jpeg\" \/>\n<meta name=\"author\" content=\"hegyizs\" \/>\n<meta name=\"twitter:card\" content=\"summary_large_image\" \/>\n<meta name=\"twitter:label1\" content=\"Written by\" \/>\n\t<meta name=\"twitter:data1\" content=\"WLC\" \/>\n\t<meta name=\"twitter:label2\" content=\"Est. reading time\" \/>\n\t<meta name=\"twitter:data2\" content=\"2 minutes\" \/>\n<script type=\"application\/ld+json\" class=\"yoast-schema-graph\">{\"@context\":\"https:\/\/schema.org\",\"@graph\":[{\"@type\":\"WebPage\",\"@id\":\"https:\/\/www.welovecycling.com\/hu\/orszaguti-kerekpar\/tour-de-hongrie-a-magyar-csapat-eredmenyei\/\",\"url\":\"https:\/\/www.welovecycling.com\/hu\/orszaguti-kerekpar\/tour-de-hongrie-a-magyar-csapat-eredmenyei\/\",\"name\":\"Tour de Hongrie: a magyar csapat eredm\u00e9nyei - \u0160koda We Love Cycling - Magyarorsz\u00e1g\",\"isPartOf\":{\"@id\":\"https:\/\/www.welovecycling.com\/hu\/#website\"},\"primaryImageOfPage\":{\"@id\":\"https:\/\/www.welovecycling.com\/hu\/orszaguti-kerekpar\/tour-de-hongrie-a-magyar-csapat-eredmenyei\/#primaryimage\"},\"image\":{\"@id\":\"https:\/\/www.welovecycling.com\/hu\/orszaguti-kerekpar\/tour-de-hongrie-a-magyar-csapat-eredmenyei\/#primaryimage\"},\"thumbnailUrl\":\"https:\/\/d2p6e6u75xmxt8.cloudfront.net\/12\/2019\/07\/wlc_tdh-1.jpg\",\"datePublished\":\"2019-07-10T07:00:52+00:00\",\"author\":{\"@id\":\"https:\/\/www.welovecycling.com\/hu\/#\/schema\/person\/414a2aebf1801691a5320edb6468e194\"},\"breadcrumb\":{\"@id\":\"https:\/\/www.welovecycling.com\/hu\/orszaguti-kerekpar\/tour-de-hongrie-a-magyar-csapat-eredmenyei\/#breadcrumb\"},\"inLanguage\":\"hu\",\"potentialAction\":[{\"@type\":\"ReadAction\",\"target\":[\"https:\/\/www.welovecycling.com\/hu\/orszaguti-kerekpar\/tour-de-hongrie-a-magyar-csapat-eredmenyei\/\"]}]},{\"@type\":\"ImageObject\",\"inLanguage\":\"hu\",\"@id\":\"https:\/\/www.welovecycling.com\/hu\/orszaguti-kerekpar\/tour-de-hongrie-a-magyar-csapat-eredmenyei\/#primaryimage\",\"url\":\"https:\/\/d2p6e6u75xmxt8.cloudfront.net\/12\/2019\/07\/wlc_tdh-1.jpg\",\"contentUrl\":\"https:\/\/d2p6e6u75xmxt8.cloudfront.net\/12\/2019\/07\/wlc_tdh-1.jpg\",\"width\":769,\"height\":511},{\"@type\":\"BreadcrumbList\",\"@id\":\"https:\/\/www.welovecycling.com\/hu\/orszaguti-kerekpar\/tour-de-hongrie-a-magyar-csapat-eredmenyei\/#breadcrumb\",\"itemListElement\":[{\"@type\":\"ListItem\",\"position\":1,\"name\":\"Home\",\"item\":\"https:\/\/www.welovecycling.com\/hu\/\"},{\"@type\":\"ListItem\",\"position\":2,\"name\":\"Tour de Hongrie: a magyar csapat eredm\u00e9nyei\"}]},{\"@type\":\"WebSite\",\"@id\":\"https:\/\/www.welovecycling.com\/hu\/#website\",\"url\":\"https:\/\/www.welovecycling.com\/hu\/\",\"name\":\"\u0160koda We Love Cycling - Magyarorsz\u00e1g\",\"description\":\"\u0160koda WeLoveCycling\",\"potentialAction\":[{\"@type\":\"SearchAction\",\"target\":{\"@type\":\"EntryPoint\",\"urlTemplate\":\"https:\/\/www.welovecycling.com\/hu\/?s={search_term_string}\"},\"query-input\":{\"@type\":\"PropertyValueSpecification\",\"valueRequired\":true,\"valueName\":\"search_term_string\"}}],\"inLanguage\":\"hu\"},{\"@type\":\"Person\",\"@id\":\"https:\/\/www.welovecycling.com\/hu\/#\/schema\/person\/414a2aebf1801691a5320edb6468e194\",\"name\":\"hegyizs\",\"image\":{\"@type\":\"ImageObject\",\"inLanguage\":\"hu\",\"@id\":\"https:\/\/www.welovecycling.com\/hu\/#\/schema\/person\/image\/\",\"url\":\"https:\/\/secure.gravatar.com\/avatar\/02cf8a7906b8cf90cecb4679defac7cfd33a1c2e3b88e4903d947f3bb58eedd3?s=96&d=mm&r=g\",\"contentUrl\":\"https:\/\/secure.gravatar.com\/avatar\/02cf8a7906b8cf90cecb4679defac7cfd33a1c2e3b88e4903d947f3bb58eedd3?s=96&d=mm&r=g\",\"caption\":\"hegyizs\"},\"url\":\"https:\/\/www.welovecycling.com\/hu\/author\/hegyizs\/\"}]}<\/script>\n<!-- \/ Yoast SEO Premium plugin. -->","yoast_head_json":{"title":"Tour de Hongrie: a magyar csapat eredm\u00e9nyei - \u0160koda We Love Cycling - Magyarorsz\u00e1g","robots":{"index":"index","follow":"follow","max-snippet":"max-snippet:-1","max-image-preview":"max-image-preview:large","max-video-preview":"max-video-preview:-1"},"canonical":"https:\/\/www.welovecycling.com\/hu\/orszaguti-kerekpar\/tour-de-hongrie-a-magyar-csapat-eredmenyei\/","og_locale":"hu_HU","og_type":"article","og_title":"Tour de Hongrie: a magyar csapat eredm\u00e9nyei","og_description":"B\u00e1r az egyik legnagyobb hazai biciklisverseny \u00f6sszetettj\u00e9t a lett Krists Neilands nyerte, a magyar indul\u00f3k is sz\u00e9pen teljes\u00edtettek \u2013 persze [&hellip;]","og_url":"https:\/\/www.welovecycling.com\/hu\/orszaguti-kerekpar\/tour-de-hongrie-a-magyar-csapat-eredmenyei\/","og_site_name":"\u0160koda We Love Cycling - Magyarorsz\u00e1g","article_publisher":"https:\/\/www.facebook.com\/WeLoveCyclingHungary\/","article_published_time":"2019-07-10T07:00:52+00:00","og_image":[{"width":769,"height":511,"url":"https:\/\/d2p6e6u75xmxt8.cloudfront.net\/12\/2019\/07\/wlc_tdh-1.jpg","type":"image\/jpeg"}],"author":"hegyizs","twitter_card":"summary_large_image","twitter_misc":{"Written by":"WLC","Est. reading time":"2 minutes"},"schema":{"@context":"https:\/\/schema.org","@graph":[{"@type":"WebPage","@id":"https:\/\/www.welovecycling.com\/hu\/orszaguti-kerekpar\/tour-de-hongrie-a-magyar-csapat-eredmenyei\/","url":"https:\/\/www.welovecycling.com\/hu\/orszaguti-kerekpar\/tour-de-hongrie-a-magyar-csapat-eredmenyei\/","name":"Tour de Hongrie: a magyar csapat eredm\u00e9nyei - \u0160koda We Love Cycling - Magyarorsz\u00e1g","isPartOf":{"@id":"https:\/\/www.welovecycling.com\/hu\/#website"},"primaryImageOfPage":{"@id":"https:\/\/www.welovecycling.com\/hu\/orszaguti-kerekpar\/tour-de-hongrie-a-magyar-csapat-eredmenyei\/#primaryimage"},"image":{"@id":"https:\/\/www.welovecycling.com\/hu\/orszaguti-kerekpar\/tour-de-hongrie-a-magyar-csapat-eredmenyei\/#primaryimage"},"thumbnailUrl":"https:\/\/d2p6e6u75xmxt8.cloudfront.net\/12\/2019\/07\/wlc_tdh-1.jpg","datePublished":"2019-07-10T07:00:52+00:00","author":{"@id":"https:\/\/www.welovecycling.com\/hu\/#\/schema\/person\/414a2aebf1801691a5320edb6468e194"},"breadcrumb":{"@id":"https:\/\/www.welovecycling.com\/hu\/orszaguti-kerekpar\/tour-de-hongrie-a-magyar-csapat-eredmenyei\/#breadcrumb"},"inLanguage":"hu","potentialAction":[{"@type":"ReadAction","target":["https:\/\/www.welovecycling.com\/hu\/orszaguti-kerekpar\/tour-de-hongrie-a-magyar-csapat-eredmenyei\/"]}]},{"@type":"ImageObject","inLanguage":"hu","@id":"https:\/\/www.welovecycling.com\/hu\/orszaguti-kerekpar\/tour-de-hongrie-a-magyar-csapat-eredmenyei\/#primaryimage","url":"https:\/\/d2p6e6u75xmxt8.cloudfront.net\/12\/2019\/07\/wlc_tdh-1.jpg","contentUrl":"https:\/\/d2p6e6u75xmxt8.cloudfront.net\/12\/2019\/07\/wlc_tdh-1.jpg","width":769,"height":511},{"@type":"BreadcrumbList","@id":"https:\/\/www.welovecycling.com\/hu\/orszaguti-kerekpar\/tour-de-hongrie-a-magyar-csapat-eredmenyei\/#breadcrumb","itemListElement":[{"@type":"ListItem","position":1,"name":"Home","item":"https:\/\/www.welovecycling.com\/hu\/"},{"@type":"ListItem","position":2,"name":"Tour de Hongrie: a magyar csapat eredm\u00e9nyei"}]},{"@type":"WebSite","@id":"https:\/\/www.welovecycling.com\/hu\/#website","url":"https:\/\/www.welovecycling.com\/hu\/","name":"\u0160koda We Love Cycling - Magyarorsz\u00e1g","description":"\u0160koda WeLoveCycling","potentialAction":[{"@type":"SearchAction","target":{"@type":"EntryPoint","urlTemplate":"https:\/\/www.welovecycling.com\/hu\/?s={search_term_string}"},"query-input":{"@type":"PropertyValueSpecification","valueRequired":true,"valueName":"search_term_string"}}],"inLanguage":"hu"},{"@type":"Person","@id":"https:\/\/www.welovecycling.com\/hu\/#\/schema\/person\/414a2aebf1801691a5320edb6468e194","name":"hegyizs","image":{"@type":"ImageObject","inLanguage":"hu","@id":"https:\/\/www.welovecycling.com\/hu\/#\/schema\/person\/image\/","url":"https:\/\/secure.gravatar.com\/avatar\/02cf8a7906b8cf90cecb4679defac7cfd33a1c2e3b88e4903d947f3bb58eedd3?s=96&d=mm&r=g","contentUrl":"https:\/\/secure.gravatar.com\/avatar\/02cf8a7906b8cf90cecb4679defac7cfd33a1c2e3b88e4903d947f3bb58eedd3?s=96&d=mm&r=g","caption":"hegyizs"},"url":"https:\/\/www.welovecycling.com\/hu\/author\/hegyizs\/"}]}},"_links":{"self":[{"href":"https:\/\/www.welovecycling.com\/hu\/wp-json\/wp\/v2\/posts\/4345","targetHints":{"allow":["GET"]}}],"collection":[{"href":"https:\/\/www.welovecycling.com\/hu\/wp-json\/wp\/v2\/posts"}],"about":[{"href":"https:\/\/www.welovecycling.com\/hu\/wp-json\/wp\/v2\/types\/post"}],"author":[{"embeddable":true,"href":"https:\/\/www.welovecycling.com\/hu\/wp-json\/wp\/v2\/users\/71"}],"replies":[{"embeddable":true,"href":"https:\/\/www.welovecycling.com\/hu\/wp-json\/wp\/v2\/comments?post=4345"}],"version-history":[{"count":1,"href":"https:\/\/www.welovecycling.com\/hu\/wp-json\/wp\/v2\/posts\/4345\/revisions"}],"predecessor-version":[{"id":4349,"href":"https:\/\/www.welovecycling.com\/hu\/wp-json\/wp\/v2\/posts\/4345\/revisions\/4349"}],"wp:featuredmedia":[{"embeddable":true,"href":"https:\/\/www.welovecycling.com\/hu\/wp-json\/wp\/v2\/media\/4346"}],"wp:attachment":[{"href":"https:\/\/www.welovecycling.com\/hu\/wp-json\/wp\/v2\/media?parent=4345"}],"wp:term":[{"taxonomy":"category","embeddable":true,"href":"https:\/\/www.welovecycling.com\/hu\/wp-json\/wp\/v2\/categories?post=4345"},{"taxonomy":"post_tag","embeddable":true,"href":"https:\/\/www.welovecycling.com\/hu\/wp-json\/wp\/v2\/tags?post=4345"},{"taxonomy":"global-categories","embeddable":true,"href":"https:\/\/www.welovecycling.com\/hu\/wp-json\/wp\/v2\/global-categories?post=4345"}],"curies":[{"name":"wp","href":"https:\/\/api.w.org\/{rel}","templated":true}]}}