{"id":4290,"date":"2019-07-03T09:00:22","date_gmt":"2019-07-03T08:00:22","guid":{"rendered":"https:\/\/www.welovecycling.com\/hu\/?p=4290"},"modified":"2019-07-03T04:11:05","modified_gmt":"2019-07-03T03:11:05","slug":"szerepcsere","status":"publish","type":"post","link":"https:\/\/www.welovecycling.com\/hu\/biztonsag\/szerepcsere\/","title":{"rendered":"Szerepcsere"},"content":{"rendered":"<p><strong>Az orsz\u00e1g egyik legismertebb biciklis\u00e9vel cser\u00e9lt szerepet Winkler Robi. <\/strong><strong>Nemr\u00e9g ind\u00edtott kamp\u00e1nyt a biciklis-aut\u00f3s egy\u00fctt\u00e9l\u00e9s megk\u00f6nny\u00edt\u00e9s\u00e9re a We Love Cycling biciklis magazin, amelynek c\u00e9lja, hogy utat mutassanak mindk\u00e9t f\u00e9lnek ahhoz, hogy elker\u00fclhet\u0151k legyenek a biciklis balesetek. A kamp\u00e1ny folytat\u00e1sak\u00e9nt az aut\u00f3s \u00fajs\u00e1g\u00edr\u00e1s fenegyereke, Winker R\u00f3bert \u00e9s Sinya, a hazai ker\u00e9kp\u00e1ros-t\u00e1rsadalom ikonikus alakja is szerepet v\u00e1llalt, hogy megmutass\u00e1k, nem minden fekete vagy feh\u00e9r az utakon \u00e9s mindk\u00e9t f\u00e9lnek van mit tenni a biztons\u00e1gos k\u00f6zleked\u00e9s\u00e9rt. <\/strong><!--more--><\/p>\n<p>Nem mindennapi szerepcser\u00e9re v\u00e1llalkozott a napokban Winker R\u00f3bert aut\u00f3s \u00fajs\u00e1g\u00edr\u00f3 \u00e9s Sinka K\u00e1roly Sinya, a budapesti bring\u00e1s \u00e9let meghat\u00e1roz\u00f3 alakja. A szerepcsere sor\u00e1n Robi biciklin, Sinya pedig aut\u00f3n tette mag\u00e1t pr\u00f3b\u00e1ra \u00fagy, hogy egy meghat\u00e1rozott v\u00e1rosi \u00fatvonalon fut\u00e1rk\u00e9nt vettek fel \u00e9s k\u00e9zbes\u00edtettel egy-egy csomagot. A tanuls\u00e1gos szerepcsere sor\u00e1n mindk\u00e9t f\u00e9l \u00faj tapasztalatokkal gazdagodott, amelyet vel\u00fcnk is megosztottak.<\/p>\n<p><img loading=\"lazy\" decoding=\"async\" class=\"alignnone size-full wp-image-4292\" src=\"https:\/\/d2p6e6u75xmxt8.cloudfront.net\/12\/2019\/07\/sc-2.jpg\" alt=\"\" width=\"1200\" height=\"600\" srcset=\"https:\/\/d2p6e6u75xmxt8.cloudfront.net\/12\/2019\/07\/sc-2.jpg 1200w, https:\/\/d2p6e6u75xmxt8.cloudfront.net\/12\/2019\/07\/sc-2-300x150.jpg 300w, https:\/\/d2p6e6u75xmxt8.cloudfront.net\/12\/2019\/07\/sc-2-768x384.jpg 768w, https:\/\/d2p6e6u75xmxt8.cloudfront.net\/12\/2019\/07\/sc-2-1024x512.jpg 1024w\" sizes=\"auto, (max-width: 1200px) 100vw, 1200px\" \/><\/p>\n<p><em>\u201eNagy baj, hogy nem pr\u00f3b\u00e1l ki mindenki mindenf\u00e9le k\u00f6zleked\u00e9si eszk\u00f6zt. A legt\u00f6bb aut\u00f3snak fogalma sincs arr\u00f3l, hogy hogyan n\u00e9z ki a k\u00f6zleked\u00e9s egy biciklir\u0151l, \u00e9s sajnos sok olyan biciklis k\u00f6zlekedik az utakon, akiknek nincs jogos\u00edtv\u00e1nya, csak \u00f3ri\u00e1si \u00f6ntudata, amely sokszor az \u00faton vagy ak\u00e1r a j\u00e1rd\u00e1n is vesz\u00e9lyes lehet. B\u00e1r a bicikliz\u00e9s nem volt sz\u00e1momra \u00faj a v\u00e1rosban, m\u00e9gis j\u00f3t tett, hogy egy kicsit a m\u00e1sik oldal szem\u00e9vel is szeml\u00e9ltem a mindennapi k\u00f6zleked\u00e9st\u201d<\/em> \u2013 mondta el Winkler Robi a szerepcsere kapcs\u00e1n, aki azt is hozz\u00e1tette, hogy a biciklivel azt \u00e9rezte, hogy megn\u0151tt a szabads\u00e1gfoka, ami a g\u00e1tl\u00e1stalans\u00e1g\u00e1t is n\u00f6velte az \u00faton. Persze a bicikliz\u00e9sn\u00e9l \u00e9ppen az a fontos, hogy ne \u00e9lj\u00fcnk vissza a ker\u00e9kp\u00e1r adta szabads\u00e1ggal, hiszen a szab\u00e1lyok betart\u00e1sa a biciklisek sz\u00e1m\u00e1ra is legal\u00e1bb annyira sz\u00fcks\u00e9ges, mint az aut\u00f3sok eset\u00e9ben.<\/p>\n<p>Sinya \u00fagy l\u00e1tja, hogy ez egyre jobban megy \u00e9s be\u00e9p\u00fclt a hazai ker\u00e9kp\u00e1ros k\u00f6zleked\u00e9si kult\u00far\u00e1ba is a KRESZ szab\u00e1lyok betart\u00e1sa. Szerencs\u00e9re tapasztalatai alapj\u00e1n az elm\u00falt 10 \u00e9vben az aut\u00f3s hozz\u00e1\u00e1ll\u00e1s is nagyon sokat v\u00e1ltozott: <em>\u201eA profi aut\u00f3vezet\u0151k, taxisok, buszvezet\u0151k, kisebb \u00e1rusz\u00e1ll\u00edt\u00f3k m\u00e1r nagyon profin ker\u00fclnek, hagynak t\u00e1vot az el\u0151z\u00e9sn\u00e9l \u00e9s leh\u00faz\u00f3dnak a piros l\u00e1mp\u00e1n\u00e1l a dug\u00f3ban. Rem\u00e9lem, hogy hamarosan a nem foglalkoz\u00e1sszer\u0171en vezet\u0151kn\u00e9l is hasonl\u00f3an profi hozz\u00e1\u00e1ll\u00e1st l\u00e1thatunk majd az utakon, n\u00e1luk m\u00e9g sz\u00fcks\u00e9g van a fejl\u0151d\u00e9sre ahhoz, hogy nagyobb odafigyel\u00e9ssel vezessenek. B\u00e1r szerencs\u00e9re azt l\u00e1tom, hogy ahogyan egyre t\u00f6bb ker\u00e9kp\u00e1ros van az utakon, az aut\u00f3sok sem csak a h\u00fclye ker\u00e9kp\u00e1rost, de az embert is l\u00e1tj\u00e1k a biciklisekben, mert tudj\u00e1k, hogy ez a feles\u00e9g\u00fck, a gyerek\u00fck vagy a szomsz\u00e9djuk is lehetne. Sokan f\u00e9lnek a f\u0151v\u00e1rosi ker\u00e9kp\u00e1roz\u00e1st\u00f3l, pedig nincs mi\u00e9rt: ha a szab\u00e1lyok betart\u00e1s\u00e1val k\u00f6zleked\u00fcnk, akkor nem t\u00f6rt\u00e9nhet baj\u201d \u2013 tette hozz\u00e1 Sinya. <\/em><\/p>\n<p><img loading=\"lazy\" decoding=\"async\" class=\"alignnone size-full wp-image-4293\" src=\"https:\/\/d2p6e6u75xmxt8.cloudfront.net\/12\/2019\/07\/foto_4.jpg\" alt=\"\" width=\"1200\" height=\"675\" srcset=\"https:\/\/d2p6e6u75xmxt8.cloudfront.net\/12\/2019\/07\/foto_4.jpg 1200w, https:\/\/d2p6e6u75xmxt8.cloudfront.net\/12\/2019\/07\/foto_4-300x169.jpg 300w, https:\/\/d2p6e6u75xmxt8.cloudfront.net\/12\/2019\/07\/foto_4-768x432.jpg 768w, https:\/\/d2p6e6u75xmxt8.cloudfront.net\/12\/2019\/07\/foto_4-1024x576.jpg 1024w\" sizes=\"auto, (max-width: 1200px) 100vw, 1200px\" \/><\/p>\n<p>Sinya sz\u00e1m\u00e1ra a legfrusztr\u00e1l\u00f3bb az volt a szerepcser\u00e9s aut\u00f3z\u00e1s sor\u00e1n, hogy lassabban tudott haladni a v\u00e1rosban, mint biciklivel, nem besz\u00e9lve a stresszes parkol\u00e1sr\u00f3l, \u00edgy ez az alkalom sem hozta meg a kedv\u00e9t a v\u00e1rosi aut\u00f3s k\u00f6zleked\u00e9shez. Azonban a szab\u00e1lyok betart\u00e1sa mindenki sz\u00e1m\u00e1ra fontos, legyen sz\u00f3 aut\u00f3sr\u00f3l vagy biciklisr\u0151l, a k\u00f6zleked\u00e9s csak a megfelel\u0151 keretek k\u00f6z\u00f6tt tud biztons\u00e1gos lenni.<\/p>\n<p>A We Love Cycling c\u00e9lja, hogy felr\u00e1zz\u00e1k a biciklis \u00e9s aut\u00f3s t\u00e1rsadalmat, \u00e9s megmutass\u00e1k, hogy melyek azok a legalapvet\u0151bb hib\u00e1k, amelyeket sajnos nagyon sokszor elk\u00f6vetnek, legyen sz\u00f3 b\u00e1rmelyik f\u00e9lr\u0151l. Emellett pedig saj\u00e1t oldalukon is tan\u00e1csokkal l\u00e1tj\u00e1k el az aut\u00f3sokat \u00e9s a bicikliseket arr\u00f3l, hogy hogyan \u00e9rdemes elker\u00fclni azokat a szab\u00e1lytalans\u00e1gokat, hib\u00e1kat, melyek a legt\u00f6bb baleset bek\u00f6vetkez\u00e9s\u00e9\u00e9rt felel\u0151sek.<\/p>\n","protected":false},"excerpt":{"rendered":"<p>Az orsz\u00e1g egyik legismertebb biciklis\u00e9vel cser\u00e9lt szerepet Winkler Robi. Nemr\u00e9g ind\u00edtott kamp\u00e1nyt a biciklis-aut\u00f3s egy\u00fctt\u00e9l\u00e9s megk\u00f6nny\u00edt\u00e9s\u00e9re a We Love Cycling [&hellip;]<\/p>\n","protected":false},"author":71,"featured_media":4289,"comment_status":"open","ping_status":"open","sticky":false,"template":"","format":"video","meta":{"footnotes":""},"categories":[10],"tags":[387,104,404],"global-categories":[],"class_list":["post-4290","post","type-post","status-publish","format-video","has-post-thumbnail","hentry","category-biztonsag","tag-sinya","tag-varosi-kerekparozas","tag-winker-robert","post_format-post-format-video"],"yoast_head":"<!-- This site is optimized with the Yoast SEO Premium plugin v25.3 (Yoast SEO v25.9) - https:\/\/yoast.com\/wordpress\/plugins\/seo\/ -->\n<title>Szerepcsere - \u0160koda We Love Cycling - Magyarorsz\u00e1g<\/title>\n<meta name=\"robots\" content=\"index, follow, max-snippet:-1, max-image-preview:large, max-video-preview:-1\" \/>\n<link rel=\"canonical\" href=\"https:\/\/www.welovecycling.com\/hu\/biztonsag\/szerepcsere\/\" \/>\n<meta property=\"og:locale\" content=\"hu_HU\" \/>\n<meta property=\"og:type\" content=\"article\" \/>\n<meta property=\"og:title\" content=\"Szerepcsere\" \/>\n<meta property=\"og:description\" content=\"Az orsz\u00e1g egyik legismertebb biciklis\u00e9vel cser\u00e9lt szerepet Winkler Robi. Nemr\u00e9g ind\u00edtott kamp\u00e1nyt a biciklis-aut\u00f3s egy\u00fctt\u00e9l\u00e9s megk\u00f6nny\u00edt\u00e9s\u00e9re a We Love Cycling [&hellip;]\" \/>\n<meta property=\"og:url\" content=\"https:\/\/www.welovecycling.com\/hu\/biztonsag\/szerepcsere\/\" \/>\n<meta property=\"og:site_name\" content=\"\u0160koda We Love Cycling - Magyarorsz\u00e1g\" \/>\n<meta property=\"article:publisher\" content=\"https:\/\/www.facebook.com\/WeLoveCyclingHungary\/\" \/>\n<meta property=\"article:published_time\" content=\"2019-07-03T08:00:22+00:00\" \/>\n<meta property=\"og:image\" content=\"https:\/\/d2p6e6u75xmxt8.cloudfront.net\/12\/2019\/07\/foto_1.jpg\" \/>\n\t<meta property=\"og:image:width\" content=\"1200\" \/>\n\t<meta property=\"og:image:height\" content=\"627\" \/>\n\t<meta property=\"og:image:type\" content=\"image\/jpeg\" \/>\n<meta name=\"author\" content=\"hegyizs\" \/>\n<meta name=\"twitter:card\" content=\"summary_large_image\" \/>\n<meta name=\"twitter:label1\" content=\"Written by\" \/>\n\t<meta name=\"twitter:data1\" content=\"WLC\" \/>\n\t<meta name=\"twitter:label2\" content=\"Est. reading time\" \/>\n\t<meta name=\"twitter:data2\" content=\"4 minutes\" \/>\n<script type=\"application\/ld+json\" class=\"yoast-schema-graph\">{\"@context\":\"https:\/\/schema.org\",\"@graph\":[{\"@type\":\"WebPage\",\"@id\":\"https:\/\/www.welovecycling.com\/hu\/biztonsag\/szerepcsere\/\",\"url\":\"https:\/\/www.welovecycling.com\/hu\/biztonsag\/szerepcsere\/\",\"name\":\"Szerepcsere - \u0160koda We Love Cycling - Magyarorsz\u00e1g\",\"isPartOf\":{\"@id\":\"https:\/\/www.welovecycling.com\/hu\/#website\"},\"primaryImageOfPage\":{\"@id\":\"https:\/\/www.welovecycling.com\/hu\/biztonsag\/szerepcsere\/#primaryimage\"},\"image\":{\"@id\":\"https:\/\/www.welovecycling.com\/hu\/biztonsag\/szerepcsere\/#primaryimage\"},\"thumbnailUrl\":\"https:\/\/d2p6e6u75xmxt8.cloudfront.net\/12\/2019\/07\/foto_1.jpg\",\"datePublished\":\"2019-07-03T08:00:22+00:00\",\"author\":{\"@id\":\"https:\/\/www.welovecycling.com\/hu\/#\/schema\/person\/414a2aebf1801691a5320edb6468e194\"},\"breadcrumb\":{\"@id\":\"https:\/\/www.welovecycling.com\/hu\/biztonsag\/szerepcsere\/#breadcrumb\"},\"inLanguage\":\"hu\",\"potentialAction\":[{\"@type\":\"ReadAction\",\"target\":[\"https:\/\/www.welovecycling.com\/hu\/biztonsag\/szerepcsere\/\"]}]},{\"@type\":\"ImageObject\",\"inLanguage\":\"hu\",\"@id\":\"https:\/\/www.welovecycling.com\/hu\/biztonsag\/szerepcsere\/#primaryimage\",\"url\":\"https:\/\/d2p6e6u75xmxt8.cloudfront.net\/12\/2019\/07\/foto_1.jpg\",\"contentUrl\":\"https:\/\/d2p6e6u75xmxt8.cloudfront.net\/12\/2019\/07\/foto_1.jpg\",\"width\":1200,\"height\":627},{\"@type\":\"BreadcrumbList\",\"@id\":\"https:\/\/www.welovecycling.com\/hu\/biztonsag\/szerepcsere\/#breadcrumb\",\"itemListElement\":[{\"@type\":\"ListItem\",\"position\":1,\"name\":\"Home\",\"item\":\"https:\/\/www.welovecycling.com\/hu\/\"},{\"@type\":\"ListItem\",\"position\":2,\"name\":\"Szerepcsere\"}]},{\"@type\":\"WebSite\",\"@id\":\"https:\/\/www.welovecycling.com\/hu\/#website\",\"url\":\"https:\/\/www.welovecycling.com\/hu\/\",\"name\":\"\u0160koda We Love Cycling - Magyarorsz\u00e1g\",\"description\":\"\u0160koda WeLoveCycling\",\"potentialAction\":[{\"@type\":\"SearchAction\",\"target\":{\"@type\":\"EntryPoint\",\"urlTemplate\":\"https:\/\/www.welovecycling.com\/hu\/?s={search_term_string}\"},\"query-input\":{\"@type\":\"PropertyValueSpecification\",\"valueRequired\":true,\"valueName\":\"search_term_string\"}}],\"inLanguage\":\"hu\"},{\"@type\":\"Person\",\"@id\":\"https:\/\/www.welovecycling.com\/hu\/#\/schema\/person\/414a2aebf1801691a5320edb6468e194\",\"name\":\"hegyizs\",\"image\":{\"@type\":\"ImageObject\",\"inLanguage\":\"hu\",\"@id\":\"https:\/\/www.welovecycling.com\/hu\/#\/schema\/person\/image\/\",\"url\":\"https:\/\/secure.gravatar.com\/avatar\/02cf8a7906b8cf90cecb4679defac7cfd33a1c2e3b88e4903d947f3bb58eedd3?s=96&d=mm&r=g\",\"contentUrl\":\"https:\/\/secure.gravatar.com\/avatar\/02cf8a7906b8cf90cecb4679defac7cfd33a1c2e3b88e4903d947f3bb58eedd3?s=96&d=mm&r=g\",\"caption\":\"hegyizs\"},\"url\":\"https:\/\/www.welovecycling.com\/hu\/author\/hegyizs\/\"}]}<\/script>\n<!-- \/ Yoast SEO Premium plugin. -->","yoast_head_json":{"title":"Szerepcsere - \u0160koda We Love Cycling - Magyarorsz\u00e1g","robots":{"index":"index","follow":"follow","max-snippet":"max-snippet:-1","max-image-preview":"max-image-preview:large","max-video-preview":"max-video-preview:-1"},"canonical":"https:\/\/www.welovecycling.com\/hu\/biztonsag\/szerepcsere\/","og_locale":"hu_HU","og_type":"article","og_title":"Szerepcsere","og_description":"Az orsz\u00e1g egyik legismertebb biciklis\u00e9vel cser\u00e9lt szerepet Winkler Robi. Nemr\u00e9g ind\u00edtott kamp\u00e1nyt a biciklis-aut\u00f3s egy\u00fctt\u00e9l\u00e9s megk\u00f6nny\u00edt\u00e9s\u00e9re a We Love Cycling [&hellip;]","og_url":"https:\/\/www.welovecycling.com\/hu\/biztonsag\/szerepcsere\/","og_site_name":"\u0160koda We Love Cycling - Magyarorsz\u00e1g","article_publisher":"https:\/\/www.facebook.com\/WeLoveCyclingHungary\/","article_published_time":"2019-07-03T08:00:22+00:00","og_image":[{"width":1200,"height":627,"url":"https:\/\/d2p6e6u75xmxt8.cloudfront.net\/12\/2019\/07\/foto_1.jpg","type":"image\/jpeg"}],"author":"hegyizs","twitter_card":"summary_large_image","twitter_misc":{"Written by":"WLC","Est. reading time":"4 minutes"},"schema":{"@context":"https:\/\/schema.org","@graph":[{"@type":"WebPage","@id":"https:\/\/www.welovecycling.com\/hu\/biztonsag\/szerepcsere\/","url":"https:\/\/www.welovecycling.com\/hu\/biztonsag\/szerepcsere\/","name":"Szerepcsere - \u0160koda We Love Cycling - Magyarorsz\u00e1g","isPartOf":{"@id":"https:\/\/www.welovecycling.com\/hu\/#website"},"primaryImageOfPage":{"@id":"https:\/\/www.welovecycling.com\/hu\/biztonsag\/szerepcsere\/#primaryimage"},"image":{"@id":"https:\/\/www.welovecycling.com\/hu\/biztonsag\/szerepcsere\/#primaryimage"},"thumbnailUrl":"https:\/\/d2p6e6u75xmxt8.cloudfront.net\/12\/2019\/07\/foto_1.jpg","datePublished":"2019-07-03T08:00:22+00:00","author":{"@id":"https:\/\/www.welovecycling.com\/hu\/#\/schema\/person\/414a2aebf1801691a5320edb6468e194"},"breadcrumb":{"@id":"https:\/\/www.welovecycling.com\/hu\/biztonsag\/szerepcsere\/#breadcrumb"},"inLanguage":"hu","potentialAction":[{"@type":"ReadAction","target":["https:\/\/www.welovecycling.com\/hu\/biztonsag\/szerepcsere\/"]}]},{"@type":"ImageObject","inLanguage":"hu","@id":"https:\/\/www.welovecycling.com\/hu\/biztonsag\/szerepcsere\/#primaryimage","url":"https:\/\/d2p6e6u75xmxt8.cloudfront.net\/12\/2019\/07\/foto_1.jpg","contentUrl":"https:\/\/d2p6e6u75xmxt8.cloudfront.net\/12\/2019\/07\/foto_1.jpg","width":1200,"height":627},{"@type":"BreadcrumbList","@id":"https:\/\/www.welovecycling.com\/hu\/biztonsag\/szerepcsere\/#breadcrumb","itemListElement":[{"@type":"ListItem","position":1,"name":"Home","item":"https:\/\/www.welovecycling.com\/hu\/"},{"@type":"ListItem","position":2,"name":"Szerepcsere"}]},{"@type":"WebSite","@id":"https:\/\/www.welovecycling.com\/hu\/#website","url":"https:\/\/www.welovecycling.com\/hu\/","name":"\u0160koda We Love Cycling - Magyarorsz\u00e1g","description":"\u0160koda WeLoveCycling","potentialAction":[{"@type":"SearchAction","target":{"@type":"EntryPoint","urlTemplate":"https:\/\/www.welovecycling.com\/hu\/?s={search_term_string}"},"query-input":{"@type":"PropertyValueSpecification","valueRequired":true,"valueName":"search_term_string"}}],"inLanguage":"hu"},{"@type":"Person","@id":"https:\/\/www.welovecycling.com\/hu\/#\/schema\/person\/414a2aebf1801691a5320edb6468e194","name":"hegyizs","image":{"@type":"ImageObject","inLanguage":"hu","@id":"https:\/\/www.welovecycling.com\/hu\/#\/schema\/person\/image\/","url":"https:\/\/secure.gravatar.com\/avatar\/02cf8a7906b8cf90cecb4679defac7cfd33a1c2e3b88e4903d947f3bb58eedd3?s=96&d=mm&r=g","contentUrl":"https:\/\/secure.gravatar.com\/avatar\/02cf8a7906b8cf90cecb4679defac7cfd33a1c2e3b88e4903d947f3bb58eedd3?s=96&d=mm&r=g","caption":"hegyizs"},"url":"https:\/\/www.welovecycling.com\/hu\/author\/hegyizs\/"}]}},"_links":{"self":[{"href":"https:\/\/www.welovecycling.com\/hu\/wp-json\/wp\/v2\/posts\/4290","targetHints":{"allow":["GET"]}}],"collection":[{"href":"https:\/\/www.welovecycling.com\/hu\/wp-json\/wp\/v2\/posts"}],"about":[{"href":"https:\/\/www.welovecycling.com\/hu\/wp-json\/wp\/v2\/types\/post"}],"author":[{"embeddable":true,"href":"https:\/\/www.welovecycling.com\/hu\/wp-json\/wp\/v2\/users\/71"}],"replies":[{"embeddable":true,"href":"https:\/\/www.welovecycling.com\/hu\/wp-json\/wp\/v2\/comments?post=4290"}],"version-history":[{"count":1,"href":"https:\/\/www.welovecycling.com\/hu\/wp-json\/wp\/v2\/posts\/4290\/revisions"}],"predecessor-version":[{"id":4294,"href":"https:\/\/www.welovecycling.com\/hu\/wp-json\/wp\/v2\/posts\/4290\/revisions\/4294"}],"wp:featuredmedia":[{"embeddable":true,"href":"https:\/\/www.welovecycling.com\/hu\/wp-json\/wp\/v2\/media\/4289"}],"wp:attachment":[{"href":"https:\/\/www.welovecycling.com\/hu\/wp-json\/wp\/v2\/media?parent=4290"}],"wp:term":[{"taxonomy":"category","embeddable":true,"href":"https:\/\/www.welovecycling.com\/hu\/wp-json\/wp\/v2\/categories?post=4290"},{"taxonomy":"post_tag","embeddable":true,"href":"https:\/\/www.welovecycling.com\/hu\/wp-json\/wp\/v2\/tags?post=4290"},{"taxonomy":"global-categories","embeddable":true,"href":"https:\/\/www.welovecycling.com\/hu\/wp-json\/wp\/v2\/global-categories?post=4290"}],"curies":[{"name":"wp","href":"https:\/\/api.w.org\/{rel}","templated":true}]}}