{"id":4239,"date":"2019-07-04T08:00:44","date_gmt":"2019-07-04T07:00:44","guid":{"rendered":"https:\/\/www.welovecycling.com\/hu\/?p=4239"},"modified":"2019-07-01T15:08:53","modified_gmt":"2019-07-01T14:08:53","slug":"a-legfurabb-bringak-mind-kozul","status":"publish","type":"post","link":"https:\/\/www.welovecycling.com\/hu\/kozosseg-es-kultura\/a-legfurabb-bringak-mind-kozul\/","title":{"rendered":"A legfur\u00e1bb bring\u00e1k mind k\u00f6z\u00fcl"},"content":{"rendered":"<p><strong>Van egy ismert mond\u00e1s az USA-ban, amelyet sokat haszn\u00e1lnak az emberek, amikor nincs kedv\u00fck valami \u00faj dolgot kipr\u00f3b\u00e1lni: \u201eHa m\u0171k\u00f6dik, ne akard megjav\u00edtani!\u201d \u00c1m szerencs\u00e9re sok olyan ember akad, aki mindig meg akar szerelni valamit, ami am\u00fagy is m\u0171k\u00f6dik, hogy m\u00e9g jobb vagy m\u00e9g dr\u00e1g\u00e1bb legyen, hogy j\u00e1rass\u00e1k az agyukat, vagy alkossanak valamit, ami csak az \u00f6v\u00e9k &#8211; vagy csak mert \u00e9pp nincs jobb dolguk.<\/strong><\/p>\n<p><!--more--><\/p>\n<p>Ilyen ember volt Richie Trimble, operat\u0151r, akinek \u00fagy l\u00e1tszik nem volt jobb dolga, mint megalkotni ezt a ker\u00e9kp\u00e1rt 2014-ben. T\u00f6bb mint 6 m\u00e9ter magas, \u00e9s Trimble ez\u00e9rt tal\u00e1l\u00f3an Stoopidtaller-nek nevezte el.<\/p>\n<p>A Stoopidtaller nem el\u00e9g\u00edt ki semmilyen praktikus ker\u00e9kp\u00e1ros c\u00e9lt, p\u00e9ld\u00e1ul hogy eljusson egyik pontb\u00f3l a m\u00e1sikba, feltekerjen \u00e9s leguruljon tr\u00fckk\u00f6s hegyi utakon vagy megnyerje a Tour de France-t. \u00dagy t\u0171nik, egyetlen c\u00e9lja a figyelemfelkelt\u00e9s.<\/p>\n<p><a href=\"https:\/\/d2p6e6u75xmxt8.cloudfront.net\/12\/2019\/06\/image1.jpeg\"><img loading=\"lazy\" decoding=\"async\" class=\"alignnone size-full wp-image-4241\" src=\"https:\/\/d2p6e6u75xmxt8.cloudfront.net\/12\/2019\/06\/image1.jpeg\" alt=\"\" width=\"398\" height=\"600\" srcset=\"https:\/\/d2p6e6u75xmxt8.cloudfront.net\/12\/2019\/06\/image1.jpeg 398w, https:\/\/d2p6e6u75xmxt8.cloudfront.net\/12\/2019\/06\/image1-199x300.jpeg 199w\" sizes=\"auto, (max-width: 398px) 100vw, 398px\" \/><\/a><\/p>\n<p>A texasi Clyde James Cycles, egyedi tervez\u00e9s\u0171 bring\u00e1k boltja egy\u00e9rtelm\u0171en a r\u00e9gi VW Bog\u00e1r ir\u00e1nti nosztalgia szellem\u00e9ben k\u00e9sz\u00edtette ezt a modellt.\u00a0 H\u00e1rom h\u00f3nap alatt k\u00e9sz\u00fclt el, \u00e9s a h\u00e1ts\u00f3 zsan\u00e9ros klasszikus ajt\u00f3k jelentik rajta a habot a tort\u00e1n.<\/p>\n<p><a href=\"https:\/\/d2p6e6u75xmxt8.cloudfront.net\/12\/2019\/06\/image2.jpeg\"><img loading=\"lazy\" decoding=\"async\" class=\"alignnone size-full wp-image-4242\" src=\"https:\/\/d2p6e6u75xmxt8.cloudfront.net\/12\/2019\/06\/image2.jpeg\" alt=\"\" width=\"1007\" height=\"617\" srcset=\"https:\/\/d2p6e6u75xmxt8.cloudfront.net\/12\/2019\/06\/image2.jpeg 1007w, https:\/\/d2p6e6u75xmxt8.cloudfront.net\/12\/2019\/06\/image2-300x184.jpeg 300w, https:\/\/d2p6e6u75xmxt8.cloudfront.net\/12\/2019\/06\/image2-768x471.jpeg 768w\" sizes=\"auto, (max-width: 1007px) 100vw, 1007px\" \/><\/a><\/p>\n<p>\u00cdme h\u00e1t egy ker\u00e9kp\u00e1r, amelynek \u00fagy t\u0171nik, hogy egyetlen c\u00e9lja, hogy megkeverje a biciklist, a megszokott\u00f3l teljesen ellent\u00e9tes inform\u00e1ci\u00f3 feldolgoz\u00e1s\u00e1ra \u00e9s teker\u00e9s k\u00f6zbeni d\u00f6nt\u00e9shozatalra k\u00e9sztetve. K\u00fcls\u0151re \u00fagy n\u00e9z ki, mint egy hagyom\u00e1nyos bringa, de akad benne egy csavar, sz\u00f3 szerint. Amikor a korm\u00e1nyt balra ford\u00edtod, a bicikli jobbra fordul. Korm\u00e1nyozd jobbra \u00e9s a bringa balra megy. A szadista feltal\u00e1l\u00f3 kil\u00e9te ismeretlen.<\/p>\n<p><a href=\"https:\/\/d2p6e6u75xmxt8.cloudfront.net\/12\/2019\/06\/Weird1.JPG.jpg\"><img loading=\"lazy\" decoding=\"async\" class=\"alignnone size-full wp-image-4243\" src=\"https:\/\/d2p6e6u75xmxt8.cloudfront.net\/12\/2019\/06\/Weird1.JPG.jpg\" alt=\"\" width=\"956\" height=\"505\" srcset=\"https:\/\/d2p6e6u75xmxt8.cloudfront.net\/12\/2019\/06\/Weird1.JPG.jpg 956w, https:\/\/d2p6e6u75xmxt8.cloudfront.net\/12\/2019\/06\/Weird1.JPG-300x158.jpg 300w, https:\/\/d2p6e6u75xmxt8.cloudfront.net\/12\/2019\/06\/Weird1.JPG-768x406.jpg 768w\" sizes=\"auto, (max-width: 956px) 100vw, 956px\" \/><\/a><\/p>\n<p>A k\u00f6vetkez\u0151 bizarr kital\u00e1ci\u00f3 v\u00e1za teljes eg\u00e9sz\u00e9ben f\u00e9mrug\u00f3kkal van helyettes\u00edtve. Az Egyes\u00fclt Kir\u00e1lys\u00e1gb\u00f3l sz\u00e1rmaz\u00f3 youtuber, Colin Furze tal\u00e1lta fel, minden k\u00fcl\u00f6n\u00f6sebb c\u00e9l n\u00e9lk\u00fcl. \u00c1ll\u00edt\u00e1sa szerint ugyan\u00fagy megy, mint egy rendes bicikli \u201ecsak fura dolgokat csin\u00e1l\u201d.<\/p>\n<p><a href=\"https:\/\/d2p6e6u75xmxt8.cloudfront.net\/12\/2019\/06\/image4.jpeg\"><img loading=\"lazy\" decoding=\"async\" class=\"alignnone size-full wp-image-4244\" src=\"https:\/\/d2p6e6u75xmxt8.cloudfront.net\/12\/2019\/06\/image4.jpeg\" alt=\"\" width=\"1280\" height=\"720\" srcset=\"https:\/\/d2p6e6u75xmxt8.cloudfront.net\/12\/2019\/06\/image4.jpeg 1280w, https:\/\/d2p6e6u75xmxt8.cloudfront.net\/12\/2019\/06\/image4-300x169.jpeg 300w, https:\/\/d2p6e6u75xmxt8.cloudfront.net\/12\/2019\/06\/image4-768x432.jpeg 768w, https:\/\/d2p6e6u75xmxt8.cloudfront.net\/12\/2019\/06\/image4-1024x576.jpeg 1024w\" sizes=\"auto, (max-width: 1280px) 100vw, 1280px\" \/><\/a><\/p>\n<p>Ezt a modellt \u00e9n \u201eboldog h\u00e1zass\u00e1g bring\u00e1nak\u201d h\u00edvom. A k\u00e9p mag\u00e1\u00e9rt besz\u00e9l.<\/p>\n<p><a href=\"https:\/\/d2p6e6u75xmxt8.cloudfront.net\/12\/2019\/06\/image5.jpeg\"><img loading=\"lazy\" decoding=\"async\" class=\"alignnone size-full wp-image-4245\" src=\"https:\/\/d2p6e6u75xmxt8.cloudfront.net\/12\/2019\/06\/image5.jpeg\" alt=\"\" width=\"1000\" height=\"685\" srcset=\"https:\/\/d2p6e6u75xmxt8.cloudfront.net\/12\/2019\/06\/image5.jpeg 1000w, https:\/\/d2p6e6u75xmxt8.cloudfront.net\/12\/2019\/06\/image5-300x206.jpeg 300w, https:\/\/d2p6e6u75xmxt8.cloudfront.net\/12\/2019\/06\/image5-768x526.jpeg 768w\" sizes=\"auto, (max-width: 1000px) 100vw, 1000px\" \/><\/a><\/p>\n<p>Ez a bringa 35 \u00e9s f\u00e9l m\u00e9ter hossz\u00fa. 2015-ben beker\u00fclt a Guinness rekordok k\u00f6z\u00e9 is. Egy holland emberke csin\u00e1lta meg. Ez mindent elmond r\u00f3la.<\/p>\n<p><a href=\"https:\/\/d2p6e6u75xmxt8.cloudfront.net\/12\/2019\/06\/image6.jpeg\"><img loading=\"lazy\" decoding=\"async\" class=\"alignnone size-full wp-image-4246\" src=\"https:\/\/d2p6e6u75xmxt8.cloudfront.net\/12\/2019\/06\/image6.jpeg\" alt=\"\" width=\"497\" height=\"327\" srcset=\"https:\/\/d2p6e6u75xmxt8.cloudfront.net\/12\/2019\/06\/image6.jpeg 497w, https:\/\/d2p6e6u75xmxt8.cloudfront.net\/12\/2019\/06\/image6-300x197.jpeg 300w\" sizes=\"auto, (max-width: 497px) 100vw, 497px\" \/><\/a><\/p>\n<p>Ha szeretsz kocogni, de ink\u00e1bb \u00fclve csin\u00e1ln\u00e1d, ezt a bring\u00e1t neked tal\u00e1lt\u00e1k ki. Bels\u0151k \u00e9s gumik helyett ez a bringa 12 darab extra teljes\u00edtm\u00e9ny\u0171 edz\u0151cip\u0151vel van felszerelve, amelyet 2 ker\u00e9kre szereltek r\u00e1.<\/p>\n<p><a href=\"https:\/\/d2p6e6u75xmxt8.cloudfront.net\/12\/2019\/06\/image7.jpeg\"><img loading=\"lazy\" decoding=\"async\" class=\"alignnone size-full wp-image-4247\" src=\"https:\/\/d2p6e6u75xmxt8.cloudfront.net\/12\/2019\/06\/image7.jpeg\" alt=\"\" width=\"960\" height=\"688\" srcset=\"https:\/\/d2p6e6u75xmxt8.cloudfront.net\/12\/2019\/06\/image7.jpeg 960w, https:\/\/d2p6e6u75xmxt8.cloudfront.net\/12\/2019\/06\/image7-300x215.jpeg 300w, https:\/\/d2p6e6u75xmxt8.cloudfront.net\/12\/2019\/06\/image7-768x550.jpeg 768w\" sizes=\"auto, (max-width: 960px) 100vw, 960px\" \/><\/a><\/p>\n<p>V\u00e9g\u00fcl pedig \u00edme egy fura bringa, amit meg is v\u00e1s\u00e1rolhatsz: az <a href=\"https:\/\/www.elliptigo.com\/\">ElliptiGo elliptikus<\/a> fut\u00f3ker\u00e9kp\u00e1rjain \u00e1llva kell tekerned. A c\u00e9g szerint \u201ea fut\u00f3ker\u00e9kp\u00e1roz\u00e1s \u00f6tv\u00f6zi a fut\u00e1s, a ker\u00e9kp\u00e1roz\u00e1s \u00e9s az elliptikus tr\u00e9ner l\u00e9nyeg\u00e9t, hogy \u00e9lvezhet\u0151 \u00e9s hat\u00e1sos m\u00f3dj\u00e1t k\u00edn\u00e1lja a k\u00fclt\u00e9ri edz\u00e9snek. Mivel ez alacsony terhel\u00e9s\u0171 edz\u00e9sfajta, a fut\u00f3ker\u00e9kp\u00e1roz\u00e1s er\u0151s\u00edti a kering\u00e9si rendszert mik\u00f6zben nem terheli meg az \u00edz\u00fcleteket.\u201d A bring\u00e1k k\u00e9t verzi\u00f3ban kaphat\u00f3ak; kompakt, illetve hossz\u00fa l\u00e9p\u00e9shosszal, az \u00e1ruk pedig 799 \u00e9s 3699 doll\u00e1r k\u00f6z\u00f6tt mozog.<\/p>\n<p>https:\/\/www.instagram.com\/p\/BxSwotfl4xS\/<\/p>\n","protected":false},"excerpt":{"rendered":"<p>Van egy ismert mond\u00e1s az USA-ban, amelyet sokat haszn\u00e1lnak az emberek, amikor nincs kedv\u00fck valami \u00faj dolgot kipr\u00f3b\u00e1lni: \u201eHa m\u0171k\u00f6dik, [&hellip;]<\/p>\n","protected":false},"author":71,"featured_media":4249,"comment_status":"open","ping_status":"open","sticky":false,"template":"","format":"standard","meta":{"footnotes":""},"categories":[12],"tags":[],"global-categories":[],"class_list":["post-4239","post","type-post","status-publish","format-standard","has-post-thumbnail","hentry","category-kozosseg-es-kultura"],"yoast_head":"<!-- This site is optimized with the Yoast SEO Premium plugin v25.3 (Yoast SEO v25.9) - https:\/\/yoast.com\/wordpress\/plugins\/seo\/ -->\n<title>A legfur\u00e1bb bring\u00e1k mind k\u00f6z\u00fcl - \u0160koda We Love Cycling - Magyarorsz\u00e1g<\/title>\n<meta name=\"robots\" content=\"index, follow, max-snippet:-1, max-image-preview:large, max-video-preview:-1\" \/>\n<link rel=\"canonical\" href=\"https:\/\/www.welovecycling.com\/hu\/kozosseg-es-kultura\/a-legfurabb-bringak-mind-kozul\/\" \/>\n<meta property=\"og:locale\" content=\"hu_HU\" \/>\n<meta property=\"og:type\" content=\"article\" \/>\n<meta property=\"og:title\" content=\"A legfur\u00e1bb bring\u00e1k mind k\u00f6z\u00fcl\" \/>\n<meta property=\"og:description\" content=\"Van egy ismert mond\u00e1s az USA-ban, amelyet sokat haszn\u00e1lnak az emberek, amikor nincs kedv\u00fck valami \u00faj dolgot kipr\u00f3b\u00e1lni: \u201eHa m\u0171k\u00f6dik, [&hellip;]\" \/>\n<meta property=\"og:url\" content=\"https:\/\/www.welovecycling.com\/hu\/kozosseg-es-kultura\/a-legfurabb-bringak-mind-kozul\/\" \/>\n<meta property=\"og:site_name\" content=\"\u0160koda We Love Cycling - Magyarorsz\u00e1g\" \/>\n<meta property=\"article:publisher\" content=\"https:\/\/www.facebook.com\/WeLoveCyclingHungary\/\" \/>\n<meta property=\"article:published_time\" content=\"2019-07-04T07:00:44+00:00\" \/>\n<meta property=\"og:image\" content=\"https:\/\/d2p6e6u75xmxt8.cloudfront.net\/12\/2019\/06\/WeirdBikesCVR.jpg\" \/>\n\t<meta property=\"og:image:width\" content=\"1366\" \/>\n\t<meta property=\"og:image:height\" content=\"600\" \/>\n\t<meta property=\"og:image:type\" content=\"image\/jpeg\" \/>\n<meta name=\"author\" content=\"hegyizs\" \/>\n<meta name=\"twitter:card\" content=\"summary_large_image\" \/>\n<meta name=\"twitter:label1\" content=\"Written by\" \/>\n\t<meta name=\"twitter:data1\" content=\"Siegfried Mortkowitz\" \/>\n\t<meta name=\"twitter:label2\" content=\"Est. reading time\" \/>\n\t<meta name=\"twitter:data2\" content=\"4\" \/>\n<script type=\"application\/ld+json\" class=\"yoast-schema-graph\">{\"@context\":\"https:\/\/schema.org\",\"@graph\":[{\"@type\":\"WebPage\",\"@id\":\"https:\/\/www.welovecycling.com\/hu\/kozosseg-es-kultura\/a-legfurabb-bringak-mind-kozul\/\",\"url\":\"https:\/\/www.welovecycling.com\/hu\/kozosseg-es-kultura\/a-legfurabb-bringak-mind-kozul\/\",\"name\":\"A legfur\u00e1bb bring\u00e1k mind k\u00f6z\u00fcl - \u0160koda We Love Cycling - Magyarorsz\u00e1g\",\"isPartOf\":{\"@id\":\"https:\/\/www.welovecycling.com\/hu\/#website\"},\"primaryImageOfPage\":{\"@id\":\"https:\/\/www.welovecycling.com\/hu\/kozosseg-es-kultura\/a-legfurabb-bringak-mind-kozul\/#primaryimage\"},\"image\":{\"@id\":\"https:\/\/www.welovecycling.com\/hu\/kozosseg-es-kultura\/a-legfurabb-bringak-mind-kozul\/#primaryimage\"},\"thumbnailUrl\":\"https:\/\/d2p6e6u75xmxt8.cloudfront.net\/12\/2019\/06\/WeirdBikesCVR.jpg\",\"datePublished\":\"2019-07-04T07:00:44+00:00\",\"author\":{\"@id\":\"https:\/\/www.welovecycling.com\/hu\/#\/schema\/person\/414a2aebf1801691a5320edb6468e194\"},\"breadcrumb\":{\"@id\":\"https:\/\/www.welovecycling.com\/hu\/kozosseg-es-kultura\/a-legfurabb-bringak-mind-kozul\/#breadcrumb\"},\"inLanguage\":\"hu\",\"potentialAction\":[{\"@type\":\"ReadAction\",\"target\":[\"https:\/\/www.welovecycling.com\/hu\/kozosseg-es-kultura\/a-legfurabb-bringak-mind-kozul\/\"]}]},{\"@type\":\"ImageObject\",\"inLanguage\":\"hu\",\"@id\":\"https:\/\/www.welovecycling.com\/hu\/kozosseg-es-kultura\/a-legfurabb-bringak-mind-kozul\/#primaryimage\",\"url\":\"https:\/\/d2p6e6u75xmxt8.cloudfront.net\/12\/2019\/06\/WeirdBikesCVR.jpg\",\"contentUrl\":\"https:\/\/d2p6e6u75xmxt8.cloudfront.net\/12\/2019\/06\/WeirdBikesCVR.jpg\",\"width\":1366,\"height\":600},{\"@type\":\"BreadcrumbList\",\"@id\":\"https:\/\/www.welovecycling.com\/hu\/kozosseg-es-kultura\/a-legfurabb-bringak-mind-kozul\/#breadcrumb\",\"itemListElement\":[{\"@type\":\"ListItem\",\"position\":1,\"name\":\"Home\",\"item\":\"https:\/\/www.welovecycling.com\/hu\/\"},{\"@type\":\"ListItem\",\"position\":2,\"name\":\"A legfur\u00e1bb bring\u00e1k mind k\u00f6z\u00fcl\"}]},{\"@type\":\"WebSite\",\"@id\":\"https:\/\/www.welovecycling.com\/hu\/#website\",\"url\":\"https:\/\/www.welovecycling.com\/hu\/\",\"name\":\"\u0160koda We Love Cycling - Magyarorsz\u00e1g\",\"description\":\"\u0160koda WeLoveCycling\",\"potentialAction\":[{\"@type\":\"SearchAction\",\"target\":{\"@type\":\"EntryPoint\",\"urlTemplate\":\"https:\/\/www.welovecycling.com\/hu\/?s={search_term_string}\"},\"query-input\":{\"@type\":\"PropertyValueSpecification\",\"valueRequired\":true,\"valueName\":\"search_term_string\"}}],\"inLanguage\":\"hu\"},{\"@type\":\"Person\",\"@id\":\"https:\/\/www.welovecycling.com\/hu\/#\/schema\/person\/414a2aebf1801691a5320edb6468e194\",\"name\":\"hegyizs\",\"image\":{\"@type\":\"ImageObject\",\"inLanguage\":\"hu\",\"@id\":\"https:\/\/www.welovecycling.com\/hu\/#\/schema\/person\/image\/\",\"url\":\"https:\/\/secure.gravatar.com\/avatar\/02cf8a7906b8cf90cecb4679defac7cfd33a1c2e3b88e4903d947f3bb58eedd3?s=96&d=mm&r=g\",\"contentUrl\":\"https:\/\/secure.gravatar.com\/avatar\/02cf8a7906b8cf90cecb4679defac7cfd33a1c2e3b88e4903d947f3bb58eedd3?s=96&d=mm&r=g\",\"caption\":\"hegyizs\"},\"url\":\"https:\/\/www.welovecycling.com\/hu\/author\/hegyizs\/\"}]}<\/script>\n<!-- \/ Yoast SEO Premium plugin. -->","yoast_head_json":{"title":"A legfur\u00e1bb bring\u00e1k mind k\u00f6z\u00fcl - \u0160koda We Love Cycling - Magyarorsz\u00e1g","robots":{"index":"index","follow":"follow","max-snippet":"max-snippet:-1","max-image-preview":"max-image-preview:large","max-video-preview":"max-video-preview:-1"},"canonical":"https:\/\/www.welovecycling.com\/hu\/kozosseg-es-kultura\/a-legfurabb-bringak-mind-kozul\/","og_locale":"hu_HU","og_type":"article","og_title":"A legfur\u00e1bb bring\u00e1k mind k\u00f6z\u00fcl","og_description":"Van egy ismert mond\u00e1s az USA-ban, amelyet sokat haszn\u00e1lnak az emberek, amikor nincs kedv\u00fck valami \u00faj dolgot kipr\u00f3b\u00e1lni: \u201eHa m\u0171k\u00f6dik, [&hellip;]","og_url":"https:\/\/www.welovecycling.com\/hu\/kozosseg-es-kultura\/a-legfurabb-bringak-mind-kozul\/","og_site_name":"\u0160koda We Love Cycling - Magyarorsz\u00e1g","article_publisher":"https:\/\/www.facebook.com\/WeLoveCyclingHungary\/","article_published_time":"2019-07-04T07:00:44+00:00","og_image":[{"width":1366,"height":600,"url":"https:\/\/d2p6e6u75xmxt8.cloudfront.net\/12\/2019\/06\/WeirdBikesCVR.jpg","type":"image\/jpeg"}],"author":"hegyizs","twitter_card":"summary_large_image","twitter_misc":{"Written by":"Siegfried Mortkowitz","Est. reading time":"4"},"schema":{"@context":"https:\/\/schema.org","@graph":[{"@type":"WebPage","@id":"https:\/\/www.welovecycling.com\/hu\/kozosseg-es-kultura\/a-legfurabb-bringak-mind-kozul\/","url":"https:\/\/www.welovecycling.com\/hu\/kozosseg-es-kultura\/a-legfurabb-bringak-mind-kozul\/","name":"A legfur\u00e1bb bring\u00e1k mind k\u00f6z\u00fcl - \u0160koda We Love Cycling - Magyarorsz\u00e1g","isPartOf":{"@id":"https:\/\/www.welovecycling.com\/hu\/#website"},"primaryImageOfPage":{"@id":"https:\/\/www.welovecycling.com\/hu\/kozosseg-es-kultura\/a-legfurabb-bringak-mind-kozul\/#primaryimage"},"image":{"@id":"https:\/\/www.welovecycling.com\/hu\/kozosseg-es-kultura\/a-legfurabb-bringak-mind-kozul\/#primaryimage"},"thumbnailUrl":"https:\/\/d2p6e6u75xmxt8.cloudfront.net\/12\/2019\/06\/WeirdBikesCVR.jpg","datePublished":"2019-07-04T07:00:44+00:00","author":{"@id":"https:\/\/www.welovecycling.com\/hu\/#\/schema\/person\/414a2aebf1801691a5320edb6468e194"},"breadcrumb":{"@id":"https:\/\/www.welovecycling.com\/hu\/kozosseg-es-kultura\/a-legfurabb-bringak-mind-kozul\/#breadcrumb"},"inLanguage":"hu","potentialAction":[{"@type":"ReadAction","target":["https:\/\/www.welovecycling.com\/hu\/kozosseg-es-kultura\/a-legfurabb-bringak-mind-kozul\/"]}]},{"@type":"ImageObject","inLanguage":"hu","@id":"https:\/\/www.welovecycling.com\/hu\/kozosseg-es-kultura\/a-legfurabb-bringak-mind-kozul\/#primaryimage","url":"https:\/\/d2p6e6u75xmxt8.cloudfront.net\/12\/2019\/06\/WeirdBikesCVR.jpg","contentUrl":"https:\/\/d2p6e6u75xmxt8.cloudfront.net\/12\/2019\/06\/WeirdBikesCVR.jpg","width":1366,"height":600},{"@type":"BreadcrumbList","@id":"https:\/\/www.welovecycling.com\/hu\/kozosseg-es-kultura\/a-legfurabb-bringak-mind-kozul\/#breadcrumb","itemListElement":[{"@type":"ListItem","position":1,"name":"Home","item":"https:\/\/www.welovecycling.com\/hu\/"},{"@type":"ListItem","position":2,"name":"A legfur\u00e1bb bring\u00e1k mind k\u00f6z\u00fcl"}]},{"@type":"WebSite","@id":"https:\/\/www.welovecycling.com\/hu\/#website","url":"https:\/\/www.welovecycling.com\/hu\/","name":"\u0160koda We Love Cycling - Magyarorsz\u00e1g","description":"\u0160koda WeLoveCycling","potentialAction":[{"@type":"SearchAction","target":{"@type":"EntryPoint","urlTemplate":"https:\/\/www.welovecycling.com\/hu\/?s={search_term_string}"},"query-input":{"@type":"PropertyValueSpecification","valueRequired":true,"valueName":"search_term_string"}}],"inLanguage":"hu"},{"@type":"Person","@id":"https:\/\/www.welovecycling.com\/hu\/#\/schema\/person\/414a2aebf1801691a5320edb6468e194","name":"hegyizs","image":{"@type":"ImageObject","inLanguage":"hu","@id":"https:\/\/www.welovecycling.com\/hu\/#\/schema\/person\/image\/","url":"https:\/\/secure.gravatar.com\/avatar\/02cf8a7906b8cf90cecb4679defac7cfd33a1c2e3b88e4903d947f3bb58eedd3?s=96&d=mm&r=g","contentUrl":"https:\/\/secure.gravatar.com\/avatar\/02cf8a7906b8cf90cecb4679defac7cfd33a1c2e3b88e4903d947f3bb58eedd3?s=96&d=mm&r=g","caption":"hegyizs"},"url":"https:\/\/www.welovecycling.com\/hu\/author\/hegyizs\/"}]}},"_links":{"self":[{"href":"https:\/\/www.welovecycling.com\/hu\/wp-json\/wp\/v2\/posts\/4239","targetHints":{"allow":["GET"]}}],"collection":[{"href":"https:\/\/www.welovecycling.com\/hu\/wp-json\/wp\/v2\/posts"}],"about":[{"href":"https:\/\/www.welovecycling.com\/hu\/wp-json\/wp\/v2\/types\/post"}],"author":[{"embeddable":true,"href":"https:\/\/www.welovecycling.com\/hu\/wp-json\/wp\/v2\/users\/71"}],"replies":[{"embeddable":true,"href":"https:\/\/www.welovecycling.com\/hu\/wp-json\/wp\/v2\/comments?post=4239"}],"version-history":[{"count":2,"href":"https:\/\/www.welovecycling.com\/hu\/wp-json\/wp\/v2\/posts\/4239\/revisions"}],"predecessor-version":[{"id":4265,"href":"https:\/\/www.welovecycling.com\/hu\/wp-json\/wp\/v2\/posts\/4239\/revisions\/4265"}],"wp:featuredmedia":[{"embeddable":true,"href":"https:\/\/www.welovecycling.com\/hu\/wp-json\/wp\/v2\/media\/4249"}],"wp:attachment":[{"href":"https:\/\/www.welovecycling.com\/hu\/wp-json\/wp\/v2\/media?parent=4239"}],"wp:term":[{"taxonomy":"category","embeddable":true,"href":"https:\/\/www.welovecycling.com\/hu\/wp-json\/wp\/v2\/categories?post=4239"},{"taxonomy":"post_tag","embeddable":true,"href":"https:\/\/www.welovecycling.com\/hu\/wp-json\/wp\/v2\/tags?post=4239"},{"taxonomy":"global-categories","embeddable":true,"href":"https:\/\/www.welovecycling.com\/hu\/wp-json\/wp\/v2\/global-categories?post=4239"}],"curies":[{"name":"wp","href":"https:\/\/api.w.org\/{rel}","templated":true}]}}