{"id":4225,"date":"2019-07-04T08:00:09","date_gmt":"2019-07-04T07:00:09","guid":{"rendered":"https:\/\/www.welovecycling.com\/hu\/?p=4225"},"modified":"2019-07-01T15:05:24","modified_gmt":"2019-07-01T14:05:24","slug":"8-keresetlen-bringas-erdekesseg-amit-eddig-nem-tudtal","status":"publish","type":"post","link":"https:\/\/www.welovecycling.com\/hu\/kozosseg-es-kultura\/8-keresetlen-bringas-erdekesseg-amit-eddig-nem-tudtal\/","title":{"rendered":"8 keresetlen bring\u00e1s \u00e9rdekess\u00e9g, amit eddig nem tudt\u00e1l"},"content":{"rendered":"<p><strong>Szeretj\u00fck a bicikliket \u00e9s szeretj\u00fck az \u00e9rdekess\u00e9geket is, a kett\u0151 kombin\u00e1ci\u00f3ja pedig egyenesen az inform\u00e1ci\u00f3ra \u00e9hes bring\u00e1s\u00f6szt\u00f6n\u00fcnk manifeszt\u00e1ci\u00f3j\u00e1nak netov\u00e1bbja! \u00cdme 8 \u00e9rdekess\u00e9g a bicikliz\u00e9sr\u0151l:<\/strong><!--more--><\/p>\n<p>1. Susan B. Anthony, a feminista reformer a szabads\u00e1g g\u00e9p\u00e9nek h\u00edvta a ker\u00e9kp\u00e1rokat. Szerinte a bicikli minden m\u00e1sn\u00e1l t\u00f6bbet tett a n\u0151k emancip\u00e1ci\u00f3j\u00e1\u00e9rt.<\/p>\n<p><img loading=\"lazy\" decoding=\"async\" class=\"alignnone size-full wp-image-4227\" src=\"https:\/\/d2p6e6u75xmxt8.cloudfront.net\/12\/2019\/06\/cikk2_0627.jpg\" alt=\"\" width=\"800\" height=\"450\" srcset=\"https:\/\/d2p6e6u75xmxt8.cloudfront.net\/12\/2019\/06\/cikk2_0627.jpg 800w, https:\/\/d2p6e6u75xmxt8.cloudfront.net\/12\/2019\/06\/cikk2_0627-300x169.jpg 300w, https:\/\/d2p6e6u75xmxt8.cloudfront.net\/12\/2019\/06\/cikk2_0627-768x432.jpg 768w\" sizes=\"auto, (max-width: 800px) 100vw, 800px\" \/><\/p>\n<p>2. A k\u00f6vezett utak val\u00f3j\u00e1ban nem az aut\u00f3k, hanem a biciklisek \u00e9rdek\u00e9ben terjedt el: a n\u00e9gykerek\u0171ek k\u00f6nnyen megb\u00edrk\u00f3ztak a macskak\u0151vel is, de a bring\u00e1soknak bizony megr\u00e1z\u00f3 \u00e9lm\u00e9nny\u00e9 tette a teker\u00e9st!<\/p>\n<p><img loading=\"lazy\" decoding=\"async\" class=\"alignnone size-full wp-image-4228\" src=\"https:\/\/d2p6e6u75xmxt8.cloudfront.net\/12\/2019\/06\/cikk3_0627.jpg\" alt=\"\" width=\"800\" height=\"450\" srcset=\"https:\/\/d2p6e6u75xmxt8.cloudfront.net\/12\/2019\/06\/cikk3_0627.jpg 800w, https:\/\/d2p6e6u75xmxt8.cloudfront.net\/12\/2019\/06\/cikk3_0627-300x169.jpg 300w, https:\/\/d2p6e6u75xmxt8.cloudfront.net\/12\/2019\/06\/cikk3_0627-768x432.jpg 768w\" sizes=\"auto, (max-width: 800px) 100vw, 800px\" \/><\/p>\n<p>3. 1940-ben a zsid\u00f3 sz\u00e1rmaz\u00e1s\u00fa Hans \u00e9s Margaret Rey puszt\u00e1n n\u00e9h\u00e1ny \u00f3r\u00e1val azel\u0151tt menek\u00fclt el P\u00e1rizsb\u00f3l, hogy a n\u00e1ci katon\u00e1k bevonultak volna \u2013 a Hans \u00e1ltal \u00e9p\u00edtett bicikli seg\u00edts\u00e9g\u00e9vel. A p\u00e1r \u00e9rt\u00e9kt\u00e1rgy k\u00f6z\u00f6tt, amiket magukkal vittek az egyik a <em>Bajkever\u0151 Majom<\/em> c\u00edm\u0171 k\u00f6nyv k\u00e9zirata volt.<\/p>\n<p><img loading=\"lazy\" decoding=\"async\" class=\"alignnone size-full wp-image-4230\" src=\"https:\/\/d2p6e6u75xmxt8.cloudfront.net\/12\/2019\/06\/george.jpg\" alt=\"\" width=\"800\" height=\"314\" srcset=\"https:\/\/d2p6e6u75xmxt8.cloudfront.net\/12\/2019\/06\/george.jpg 800w, https:\/\/d2p6e6u75xmxt8.cloudfront.net\/12\/2019\/06\/george-300x118.jpg 300w, https:\/\/d2p6e6u75xmxt8.cloudfront.net\/12\/2019\/06\/george-768x301.jpg 768w\" sizes=\"auto, (max-width: 800px) 100vw, 800px\" \/><\/p>\n<p>4. Michiganben, a Mackinac szigeten van egy \u00fat, ahol t\u00f6rv\u00e9ny szerint tilos motoros j\u00e1rm\u0171vel k\u00f6zlekedni. Marad a bicikli \u00e9s a l\u00f3h\u00e1t.<\/p>\n<p><img loading=\"lazy\" decoding=\"async\" class=\"alignnone size-full wp-image-4231\" src=\"https:\/\/d2p6e6u75xmxt8.cloudfront.net\/12\/2019\/06\/horse-2554949_1280.jpg\" alt=\"\" width=\"800\" height=\"450\" srcset=\"https:\/\/d2p6e6u75xmxt8.cloudfront.net\/12\/2019\/06\/horse-2554949_1280.jpg 800w, https:\/\/d2p6e6u75xmxt8.cloudfront.net\/12\/2019\/06\/horse-2554949_1280-300x169.jpg 300w, https:\/\/d2p6e6u75xmxt8.cloudfront.net\/12\/2019\/06\/horse-2554949_1280-768x432.jpg 768w\" sizes=\"auto, (max-width: 800px) 100vw, 800px\" \/><\/p>\n<p>5. A UPS v\u00e1llalkoz\u00e1st k\u00e9t ambici\u00f3zus fiatal ind\u00edtotta. Ekkor m\u00e9g mind\u00f6ssze egy bringa \u00e9s 100 k\u00f6lcs\u00f6nk\u00e9rt doll\u00e1r volt a kez\u00fckben.<\/p>\n<p><img loading=\"lazy\" decoding=\"async\" class=\"alignnone size-full wp-image-4232\" src=\"https:\/\/d2p6e6u75xmxt8.cloudfront.net\/12\/2019\/06\/ups-truck0.jpg\" alt=\"\" width=\"800\" height=\"450\" srcset=\"https:\/\/d2p6e6u75xmxt8.cloudfront.net\/12\/2019\/06\/ups-truck0.jpg 800w, https:\/\/d2p6e6u75xmxt8.cloudfront.net\/12\/2019\/06\/ups-truck0-300x169.jpg 300w, https:\/\/d2p6e6u75xmxt8.cloudfront.net\/12\/2019\/06\/ups-truck0-768x432.jpg 768w\" sizes=\"auto, (max-width: 800px) 100vw, 800px\" \/><\/p>\n<p>6. A ker\u00e9kp\u00e1r minden id\u0151k legenergiahat\u00e9konyabb tal\u00e1lm\u00e1nya. Egy gallon, vagyis kb. 4 liter benzin 31.000 kal\u00f3ri\u00e1t tartalmaz. Ennyi energi\u00e1val egy ember 912 m\u00e9rf\u00f6ldet tud megtenni, ez azt jelenti, hogy egy literb\u0151l nagyj\u00e1b\u00f3l 360 km-re futja. Ez az\u00e9rt nem rossz!<\/p>\n<p><img loading=\"lazy\" decoding=\"async\" class=\"alignnone size-full wp-image-4233\" src=\"https:\/\/d2p6e6u75xmxt8.cloudfront.net\/12\/2019\/06\/gas-pump-6after.jpg\" alt=\"\" width=\"800\" height=\"450\" srcset=\"https:\/\/d2p6e6u75xmxt8.cloudfront.net\/12\/2019\/06\/gas-pump-6after.jpg 800w, https:\/\/d2p6e6u75xmxt8.cloudfront.net\/12\/2019\/06\/gas-pump-6after-300x169.jpg 300w, https:\/\/d2p6e6u75xmxt8.cloudfront.net\/12\/2019\/06\/gas-pump-6after-768x432.jpg 768w\" sizes=\"auto, (max-width: 800px) 100vw, 800px\" \/><\/p>\n<p>7. 1954-ben egy \u00e1tlagos tin\u00e9dzser fi\u00fa elindult reggel iskol\u00e1ba. Legal\u00e1bbis ezt mondta a sz\u00fcleinek, majd biciklire pattant \u00e9s egy h\u00e9ten kereszt\u00fcl tekert, 700 m\u00e9rf\u00f6ldet megt\u00e9ve, csak az\u00e9rt, hogy ehessen a nagyija r\u00e1ntott csirk\u00e9j\u00e9b\u0151l. Hi\u00e1ba, a mama f\u0151ztje, az a mama f\u0151ztje!<\/p>\n<p><img loading=\"lazy\" decoding=\"async\" class=\"alignnone size-full wp-image-4234\" src=\"https:\/\/d2p6e6u75xmxt8.cloudfront.net\/12\/2019\/06\/cikk7.jpg\" alt=\"\" width=\"800\" height=\"450\" srcset=\"https:\/\/d2p6e6u75xmxt8.cloudfront.net\/12\/2019\/06\/cikk7.jpg 800w, https:\/\/d2p6e6u75xmxt8.cloudfront.net\/12\/2019\/06\/cikk7-300x169.jpg 300w, https:\/\/d2p6e6u75xmxt8.cloudfront.net\/12\/2019\/06\/cikk7-768x432.jpg 768w\" sizes=\"auto, (max-width: 800px) 100vw, 800px\" \/><\/p>\n<p>8. \u00c9vente mintegy 12.000 \u2013 15.000 biciklit hal\u00e1sznak ki Hollandia csatorn\u00e1ib\u00f3l.<\/p>\n<p><img loading=\"lazy\" decoding=\"async\" class=\"alignnone wp-image-4235\" src=\"https:\/\/d2p6e6u75xmxt8.cloudfront.net\/12\/2019\/06\/row-houses-384596_1280.jpg\" alt=\"\" width=\"800\" height=\"488\" srcset=\"https:\/\/d2p6e6u75xmxt8.cloudfront.net\/12\/2019\/06\/row-houses-384596_1280.jpg 1280w, https:\/\/d2p6e6u75xmxt8.cloudfront.net\/12\/2019\/06\/row-houses-384596_1280-300x183.jpg 300w, https:\/\/d2p6e6u75xmxt8.cloudfront.net\/12\/2019\/06\/row-houses-384596_1280-768x468.jpg 768w, https:\/\/d2p6e6u75xmxt8.cloudfront.net\/12\/2019\/06\/row-houses-384596_1280-1024x624.jpg 1024w\" sizes=\"auto, (max-width: 800px) 100vw, 800px\" \/><\/p>\n<p>Forr\u00e1s: <a href=\"https:\/\/www.kickassfacts.com\/25-kickass-and-interesting-facts-about-bicycles\/\" target=\"_blank\" rel=\"noopener\">kickassfacts.com<\/a><\/p>\n<p>&nbsp;<\/p>\n","protected":false},"excerpt":{"rendered":"<p>Szeretj\u00fck a bicikliket \u00e9s szeretj\u00fck az \u00e9rdekess\u00e9geket is, a kett\u0151 kombin\u00e1ci\u00f3ja pedig egyenesen az inform\u00e1ci\u00f3ra \u00e9hes bring\u00e1s\u00f6szt\u00f6n\u00fcnk manifeszt\u00e1ci\u00f3j\u00e1nak netov\u00e1bbja! \u00cdme [&hellip;]<\/p>\n","protected":false},"author":71,"featured_media":4226,"comment_status":"open","ping_status":"open","sticky":false,"template":"","format":"standard","meta":{"footnotes":""},"categories":[12],"tags":[],"global-categories":[],"class_list":["post-4225","post","type-post","status-publish","format-standard","has-post-thumbnail","hentry","category-kozosseg-es-kultura"],"yoast_head":"<!-- This site is optimized with the Yoast SEO Premium plugin v25.3 (Yoast SEO v25.9) - https:\/\/yoast.com\/wordpress\/plugins\/seo\/ -->\n<title>8 keresetlen bring\u00e1s \u00e9rdekess\u00e9g, amit eddig nem tudt\u00e1l - \u0160koda We Love Cycling - Magyarorsz\u00e1g<\/title>\n<meta name=\"robots\" content=\"index, follow, max-snippet:-1, max-image-preview:large, max-video-preview:-1\" \/>\n<link rel=\"canonical\" href=\"https:\/\/www.welovecycling.com\/hu\/kozosseg-es-kultura\/8-keresetlen-bringas-erdekesseg-amit-eddig-nem-tudtal\/\" \/>\n<meta property=\"og:locale\" content=\"hu_HU\" \/>\n<meta property=\"og:type\" content=\"article\" \/>\n<meta property=\"og:title\" content=\"8 keresetlen bring\u00e1s \u00e9rdekess\u00e9g, amit eddig nem tudt\u00e1l\" \/>\n<meta property=\"og:description\" content=\"Szeretj\u00fck a bicikliket \u00e9s szeretj\u00fck az \u00e9rdekess\u00e9geket is, a kett\u0151 kombin\u00e1ci\u00f3ja pedig egyenesen az inform\u00e1ci\u00f3ra \u00e9hes bring\u00e1s\u00f6szt\u00f6n\u00fcnk manifeszt\u00e1ci\u00f3j\u00e1nak netov\u00e1bbja! \u00cdme [&hellip;]\" \/>\n<meta property=\"og:url\" content=\"https:\/\/www.welovecycling.com\/hu\/kozosseg-es-kultura\/8-keresetlen-bringas-erdekesseg-amit-eddig-nem-tudtal\/\" \/>\n<meta property=\"og:site_name\" content=\"\u0160koda We Love Cycling - Magyarorsz\u00e1g\" \/>\n<meta property=\"article:publisher\" content=\"https:\/\/www.facebook.com\/WeLoveCyclingHungary\/\" \/>\n<meta property=\"article:published_time\" content=\"2019-07-04T07:00:09+00:00\" \/>\n<meta property=\"og:image\" content=\"https:\/\/d2p6e6u75xmxt8.cloudfront.net\/12\/2019\/06\/abstract-1869574_1280.jpg\" \/>\n\t<meta property=\"og:image:width\" content=\"1280\" \/>\n\t<meta property=\"og:image:height\" content=\"853\" \/>\n\t<meta property=\"og:image:type\" content=\"image\/jpeg\" \/>\n<meta name=\"author\" content=\"hegyizs\" \/>\n<meta name=\"twitter:card\" content=\"summary_large_image\" \/>\n<meta name=\"twitter:label1\" content=\"Written by\" \/>\n\t<meta name=\"twitter:data1\" content=\"WLC\" \/>\n\t<meta name=\"twitter:label2\" content=\"Est. reading time\" \/>\n\t<meta name=\"twitter:data2\" content=\"2 minutes\" \/>\n<script type=\"application\/ld+json\" class=\"yoast-schema-graph\">{\"@context\":\"https:\/\/schema.org\",\"@graph\":[{\"@type\":\"WebPage\",\"@id\":\"https:\/\/www.welovecycling.com\/hu\/kozosseg-es-kultura\/8-keresetlen-bringas-erdekesseg-amit-eddig-nem-tudtal\/\",\"url\":\"https:\/\/www.welovecycling.com\/hu\/kozosseg-es-kultura\/8-keresetlen-bringas-erdekesseg-amit-eddig-nem-tudtal\/\",\"name\":\"8 keresetlen bring\u00e1s \u00e9rdekess\u00e9g, amit eddig nem tudt\u00e1l - \u0160koda We Love Cycling - Magyarorsz\u00e1g\",\"isPartOf\":{\"@id\":\"https:\/\/www.welovecycling.com\/hu\/#website\"},\"primaryImageOfPage\":{\"@id\":\"https:\/\/www.welovecycling.com\/hu\/kozosseg-es-kultura\/8-keresetlen-bringas-erdekesseg-amit-eddig-nem-tudtal\/#primaryimage\"},\"image\":{\"@id\":\"https:\/\/www.welovecycling.com\/hu\/kozosseg-es-kultura\/8-keresetlen-bringas-erdekesseg-amit-eddig-nem-tudtal\/#primaryimage\"},\"thumbnailUrl\":\"https:\/\/d2p6e6u75xmxt8.cloudfront.net\/12\/2019\/06\/abstract-1869574_1280.jpg\",\"datePublished\":\"2019-07-04T07:00:09+00:00\",\"author\":{\"@id\":\"https:\/\/www.welovecycling.com\/hu\/#\/schema\/person\/414a2aebf1801691a5320edb6468e194\"},\"breadcrumb\":{\"@id\":\"https:\/\/www.welovecycling.com\/hu\/kozosseg-es-kultura\/8-keresetlen-bringas-erdekesseg-amit-eddig-nem-tudtal\/#breadcrumb\"},\"inLanguage\":\"hu\",\"potentialAction\":[{\"@type\":\"ReadAction\",\"target\":[\"https:\/\/www.welovecycling.com\/hu\/kozosseg-es-kultura\/8-keresetlen-bringas-erdekesseg-amit-eddig-nem-tudtal\/\"]}]},{\"@type\":\"ImageObject\",\"inLanguage\":\"hu\",\"@id\":\"https:\/\/www.welovecycling.com\/hu\/kozosseg-es-kultura\/8-keresetlen-bringas-erdekesseg-amit-eddig-nem-tudtal\/#primaryimage\",\"url\":\"https:\/\/d2p6e6u75xmxt8.cloudfront.net\/12\/2019\/06\/abstract-1869574_1280.jpg\",\"contentUrl\":\"https:\/\/d2p6e6u75xmxt8.cloudfront.net\/12\/2019\/06\/abstract-1869574_1280.jpg\",\"width\":1280,\"height\":853},{\"@type\":\"BreadcrumbList\",\"@id\":\"https:\/\/www.welovecycling.com\/hu\/kozosseg-es-kultura\/8-keresetlen-bringas-erdekesseg-amit-eddig-nem-tudtal\/#breadcrumb\",\"itemListElement\":[{\"@type\":\"ListItem\",\"position\":1,\"name\":\"Home\",\"item\":\"https:\/\/www.welovecycling.com\/hu\/\"},{\"@type\":\"ListItem\",\"position\":2,\"name\":\"8 keresetlen bring\u00e1s \u00e9rdekess\u00e9g, amit eddig nem tudt\u00e1l\"}]},{\"@type\":\"WebSite\",\"@id\":\"https:\/\/www.welovecycling.com\/hu\/#website\",\"url\":\"https:\/\/www.welovecycling.com\/hu\/\",\"name\":\"\u0160koda We Love Cycling - Magyarorsz\u00e1g\",\"description\":\"\u0160koda WeLoveCycling\",\"potentialAction\":[{\"@type\":\"SearchAction\",\"target\":{\"@type\":\"EntryPoint\",\"urlTemplate\":\"https:\/\/www.welovecycling.com\/hu\/?s={search_term_string}\"},\"query-input\":{\"@type\":\"PropertyValueSpecification\",\"valueRequired\":true,\"valueName\":\"search_term_string\"}}],\"inLanguage\":\"hu\"},{\"@type\":\"Person\",\"@id\":\"https:\/\/www.welovecycling.com\/hu\/#\/schema\/person\/414a2aebf1801691a5320edb6468e194\",\"name\":\"hegyizs\",\"image\":{\"@type\":\"ImageObject\",\"inLanguage\":\"hu\",\"@id\":\"https:\/\/www.welovecycling.com\/hu\/#\/schema\/person\/image\/\",\"url\":\"https:\/\/secure.gravatar.com\/avatar\/02cf8a7906b8cf90cecb4679defac7cfd33a1c2e3b88e4903d947f3bb58eedd3?s=96&d=mm&r=g\",\"contentUrl\":\"https:\/\/secure.gravatar.com\/avatar\/02cf8a7906b8cf90cecb4679defac7cfd33a1c2e3b88e4903d947f3bb58eedd3?s=96&d=mm&r=g\",\"caption\":\"hegyizs\"},\"url\":\"https:\/\/www.welovecycling.com\/hu\/author\/hegyizs\/\"}]}<\/script>\n<!-- \/ Yoast SEO Premium plugin. -->","yoast_head_json":{"title":"8 keresetlen bring\u00e1s \u00e9rdekess\u00e9g, amit eddig nem tudt\u00e1l - \u0160koda We Love Cycling - Magyarorsz\u00e1g","robots":{"index":"index","follow":"follow","max-snippet":"max-snippet:-1","max-image-preview":"max-image-preview:large","max-video-preview":"max-video-preview:-1"},"canonical":"https:\/\/www.welovecycling.com\/hu\/kozosseg-es-kultura\/8-keresetlen-bringas-erdekesseg-amit-eddig-nem-tudtal\/","og_locale":"hu_HU","og_type":"article","og_title":"8 keresetlen bring\u00e1s \u00e9rdekess\u00e9g, amit eddig nem tudt\u00e1l","og_description":"Szeretj\u00fck a bicikliket \u00e9s szeretj\u00fck az \u00e9rdekess\u00e9geket is, a kett\u0151 kombin\u00e1ci\u00f3ja pedig egyenesen az inform\u00e1ci\u00f3ra \u00e9hes bring\u00e1s\u00f6szt\u00f6n\u00fcnk manifeszt\u00e1ci\u00f3j\u00e1nak netov\u00e1bbja! \u00cdme [&hellip;]","og_url":"https:\/\/www.welovecycling.com\/hu\/kozosseg-es-kultura\/8-keresetlen-bringas-erdekesseg-amit-eddig-nem-tudtal\/","og_site_name":"\u0160koda We Love Cycling - Magyarorsz\u00e1g","article_publisher":"https:\/\/www.facebook.com\/WeLoveCyclingHungary\/","article_published_time":"2019-07-04T07:00:09+00:00","og_image":[{"width":1280,"height":853,"url":"https:\/\/d2p6e6u75xmxt8.cloudfront.net\/12\/2019\/06\/abstract-1869574_1280.jpg","type":"image\/jpeg"}],"author":"hegyizs","twitter_card":"summary_large_image","twitter_misc":{"Written by":"WLC","Est. reading time":"2 minutes"},"schema":{"@context":"https:\/\/schema.org","@graph":[{"@type":"WebPage","@id":"https:\/\/www.welovecycling.com\/hu\/kozosseg-es-kultura\/8-keresetlen-bringas-erdekesseg-amit-eddig-nem-tudtal\/","url":"https:\/\/www.welovecycling.com\/hu\/kozosseg-es-kultura\/8-keresetlen-bringas-erdekesseg-amit-eddig-nem-tudtal\/","name":"8 keresetlen bring\u00e1s \u00e9rdekess\u00e9g, amit eddig nem tudt\u00e1l - \u0160koda We Love Cycling - Magyarorsz\u00e1g","isPartOf":{"@id":"https:\/\/www.welovecycling.com\/hu\/#website"},"primaryImageOfPage":{"@id":"https:\/\/www.welovecycling.com\/hu\/kozosseg-es-kultura\/8-keresetlen-bringas-erdekesseg-amit-eddig-nem-tudtal\/#primaryimage"},"image":{"@id":"https:\/\/www.welovecycling.com\/hu\/kozosseg-es-kultura\/8-keresetlen-bringas-erdekesseg-amit-eddig-nem-tudtal\/#primaryimage"},"thumbnailUrl":"https:\/\/d2p6e6u75xmxt8.cloudfront.net\/12\/2019\/06\/abstract-1869574_1280.jpg","datePublished":"2019-07-04T07:00:09+00:00","author":{"@id":"https:\/\/www.welovecycling.com\/hu\/#\/schema\/person\/414a2aebf1801691a5320edb6468e194"},"breadcrumb":{"@id":"https:\/\/www.welovecycling.com\/hu\/kozosseg-es-kultura\/8-keresetlen-bringas-erdekesseg-amit-eddig-nem-tudtal\/#breadcrumb"},"inLanguage":"hu","potentialAction":[{"@type":"ReadAction","target":["https:\/\/www.welovecycling.com\/hu\/kozosseg-es-kultura\/8-keresetlen-bringas-erdekesseg-amit-eddig-nem-tudtal\/"]}]},{"@type":"ImageObject","inLanguage":"hu","@id":"https:\/\/www.welovecycling.com\/hu\/kozosseg-es-kultura\/8-keresetlen-bringas-erdekesseg-amit-eddig-nem-tudtal\/#primaryimage","url":"https:\/\/d2p6e6u75xmxt8.cloudfront.net\/12\/2019\/06\/abstract-1869574_1280.jpg","contentUrl":"https:\/\/d2p6e6u75xmxt8.cloudfront.net\/12\/2019\/06\/abstract-1869574_1280.jpg","width":1280,"height":853},{"@type":"BreadcrumbList","@id":"https:\/\/www.welovecycling.com\/hu\/kozosseg-es-kultura\/8-keresetlen-bringas-erdekesseg-amit-eddig-nem-tudtal\/#breadcrumb","itemListElement":[{"@type":"ListItem","position":1,"name":"Home","item":"https:\/\/www.welovecycling.com\/hu\/"},{"@type":"ListItem","position":2,"name":"8 keresetlen bring\u00e1s \u00e9rdekess\u00e9g, amit eddig nem tudt\u00e1l"}]},{"@type":"WebSite","@id":"https:\/\/www.welovecycling.com\/hu\/#website","url":"https:\/\/www.welovecycling.com\/hu\/","name":"\u0160koda We Love Cycling - Magyarorsz\u00e1g","description":"\u0160koda WeLoveCycling","potentialAction":[{"@type":"SearchAction","target":{"@type":"EntryPoint","urlTemplate":"https:\/\/www.welovecycling.com\/hu\/?s={search_term_string}"},"query-input":{"@type":"PropertyValueSpecification","valueRequired":true,"valueName":"search_term_string"}}],"inLanguage":"hu"},{"@type":"Person","@id":"https:\/\/www.welovecycling.com\/hu\/#\/schema\/person\/414a2aebf1801691a5320edb6468e194","name":"hegyizs","image":{"@type":"ImageObject","inLanguage":"hu","@id":"https:\/\/www.welovecycling.com\/hu\/#\/schema\/person\/image\/","url":"https:\/\/secure.gravatar.com\/avatar\/02cf8a7906b8cf90cecb4679defac7cfd33a1c2e3b88e4903d947f3bb58eedd3?s=96&d=mm&r=g","contentUrl":"https:\/\/secure.gravatar.com\/avatar\/02cf8a7906b8cf90cecb4679defac7cfd33a1c2e3b88e4903d947f3bb58eedd3?s=96&d=mm&r=g","caption":"hegyizs"},"url":"https:\/\/www.welovecycling.com\/hu\/author\/hegyizs\/"}]}},"_links":{"self":[{"href":"https:\/\/www.welovecycling.com\/hu\/wp-json\/wp\/v2\/posts\/4225","targetHints":{"allow":["GET"]}}],"collection":[{"href":"https:\/\/www.welovecycling.com\/hu\/wp-json\/wp\/v2\/posts"}],"about":[{"href":"https:\/\/www.welovecycling.com\/hu\/wp-json\/wp\/v2\/types\/post"}],"author":[{"embeddable":true,"href":"https:\/\/www.welovecycling.com\/hu\/wp-json\/wp\/v2\/users\/71"}],"replies":[{"embeddable":true,"href":"https:\/\/www.welovecycling.com\/hu\/wp-json\/wp\/v2\/comments?post=4225"}],"version-history":[{"count":2,"href":"https:\/\/www.welovecycling.com\/hu\/wp-json\/wp\/v2\/posts\/4225\/revisions"}],"predecessor-version":[{"id":4238,"href":"https:\/\/www.welovecycling.com\/hu\/wp-json\/wp\/v2\/posts\/4225\/revisions\/4238"}],"wp:featuredmedia":[{"embeddable":true,"href":"https:\/\/www.welovecycling.com\/hu\/wp-json\/wp\/v2\/media\/4226"}],"wp:attachment":[{"href":"https:\/\/www.welovecycling.com\/hu\/wp-json\/wp\/v2\/media?parent=4225"}],"wp:term":[{"taxonomy":"category","embeddable":true,"href":"https:\/\/www.welovecycling.com\/hu\/wp-json\/wp\/v2\/categories?post=4225"},{"taxonomy":"post_tag","embeddable":true,"href":"https:\/\/www.welovecycling.com\/hu\/wp-json\/wp\/v2\/tags?post=4225"},{"taxonomy":"global-categories","embeddable":true,"href":"https:\/\/www.welovecycling.com\/hu\/wp-json\/wp\/v2\/global-categories?post=4225"}],"curies":[{"name":"wp","href":"https:\/\/api.w.org\/{rel}","templated":true}]}}