{"id":4184,"date":"2019-06-21T16:30:47","date_gmt":"2019-06-21T15:30:47","guid":{"rendered":"https:\/\/www.welovecycling.com\/hu\/?p=4184"},"modified":"2019-06-21T17:03:45","modified_gmt":"2019-06-21T16:03:45","slug":"ilyen-kemeny-versenyen-meg-sosem-indultam-almos-a-tekerj-a-tour-on-gyoztese","status":"publish","type":"post","link":"https:\/\/www.welovecycling.com\/hu\/almos-a-tour-on\/ilyen-kemeny-versenyen-meg-sosem-indultam-almos-a-tekerj-a-tour-on-gyoztese\/","title":{"rendered":"\u201eIlyen kem\u00e9ny versenyen m\u00e9g sosem indultam\u201d \u2013\u00c1lmos, a Tekerj a Tour-on gy\u0151ztese"},"content":{"rendered":"<p><strong>\u00c1lmos 27 \u00e9ves biciklis fut\u00e1r, de annyira szeret tekerni, hogy a munk\u00e1ja mellett orsz\u00e1g\u00fati versenyeken is indul. Hi\u00e1ba t\u00f6lti ki napjait a bring\u00e1z\u00e1s, nem \u00e1ll t\u0151le messze a vide\u00f3z\u00e1s sem, p\u00e1lyamunk\u00e1j\u00e1val meg is nyerte a Tekerj a Tour-on nyerem\u00e9nyj\u00e1t\u00e9kot. Ezzel \u0151 \u00e1llhat rajthoz j\u00falius 21-\u00e9n a \u0160koda csapattal a L&#8217;etape du Tour 2019-en.<\/strong><!--more--><\/p>\n<h3><strong>Hogy ker\u00fclt\u00e9l a bring\u00e1z\u00e1s k\u00f6zel\u00e9be, mik voltak az els\u0151 bring\u00e1s \u00e9lm\u00e9nyeid?<\/strong><\/h3>\n<p>Egy l\u00e1ny miatt kezdtem bring\u00e1zni, aki szerint a fixisek nagyon men\u0151k voltak, de akkoriban \u00e9n m\u00e9g nem nagyon ker\u00e9kp\u00e1roztam. Miatta szereztem egy fixit, amin nem volt sem v\u00e1lt\u00f3, sem f\u00e9k, \u00e9s azzal kezdtem tanulni. A l\u00e1nynak m\u00e1r se h\u00edre se hamva, de biciklim egyre t\u00f6bb van az\u00f3ta.<\/p>\n<h3><strong>Sz\u00e1m szerint mennyi is?<\/strong><\/h3>\n<p>Most h\u00e1rom van. Egy mel\u00f3s, agyv\u00e1lt\u00f3val, ac\u00e9lv\u00e1zzal, mellette a verseny \u00e9s edz\u0151 bringa, Colnago, alu-karbon v\u00e1zzal, \u00e9s egy fixi, id\u0151futam-korm\u00e1nnyal, fixi versenyekre.<\/p>\n<h3><strong>Milyen volt \u00fagy fixire \u00fclni, hogy ell\u0151tte minim\u00e1lis bring\u00e1s tapasztalatod volt?<\/strong><\/h3>\n<p>Amikor megvettem, toltam haz\u00e1ig, egyszer\u0171en nem tudtam, hogy a M\u00f3riczr\u00f3l hogy fogok eljutni a Moszkva t\u00e9rre, ahol akkor laktam. A v\u00e9rmezei bicikli\u00faton pr\u00f3b\u00e1lgattam, szereztem a ped\u00e1lra egy sz\u00edjat, olvastam a t\u00e9m\u00e1ban, k\u00e9rdez\u0151sk\u00f6dtem, azt\u00e1n k\u00e9t h\u00e9t alatt \u00fagy megtanultam, hogy m\u00e1r forgalomban k\u00f6zlekedtem.<\/p>\n<h3><strong>\u00c9s hogy j\u00f6tt az orsz\u00e1g\u00fatiz\u00e1s?<\/strong><\/h3>\n<p>Egy-k\u00e9t \u00e9vet m\u00e1r fut\u00e1rkodtam fixivel, amikor ellopt\u00e1k a fiximet. Hirtelen olyan bring\u00e1t tudtam szerezni, amin volt f\u00e9k, \u00e9s akkor r\u00e1j\u00f6ttem, hogy a f\u00e9k milyen j\u00f3 dolog. Azt\u00e1n 2015-ben a Hajt\u00e1s Pajt\u00e1ssal (szerk.: a fut\u00e1rc\u00e9g, ahol \u00c1lmos dolgozik) beneveztem a Tour de Pels\u00f3ra, ez volt az els\u0151 mez\u0151nyversenyem, t\u00f6k j\u00f3 id\u0151t mentem, hat \u00e9s f\u00e9l \u00f3ra alatt k\u00f6rbetekertem a Balatont fixivel. Akkor t\u00e1madt az a gondolatom, hogy ha ez fixivel \u00edgy megy, akkor egy rendes bring\u00e1val m\u00e9g jobb eredm\u00e9nyt \u00e9rhetn\u00e9k el. Ett\u0151l lelkes\u00fcltem fel.<\/p>\n<h3><strong>Hogy f\u00e9r meg egym\u00e1s mellett az orsz\u00e1g\u00fatiz\u00e1s \u00e9s a fut\u00e1rkod\u00e1s? Mennyire van lehet\u0151s\u00e9ged egyikre a m\u00e1sik mellett?<\/strong><\/h3>\n<p>A Hajt\u00e1s Pajt\u00e1s szerencs\u00e9re olyan c\u00e9g, ahol belef\u00e9r a rugalmasabb munkaid\u0151, ha edz\u00e9sr\u0151l, vagy iskol\u00e1r\u00f3l van sz\u00f3. Felkelsz mondjuk 5-kor, 6-kor elindultok a Coffee Ride-dal a Pilisbe, f\u00e9l kilenc-kilencre haza\u00e9rsz, zuhanyzol, azt\u00e1n f\u00e9l t\u00edz-t\u00edz k\u00f6r\u00fcl bejelentkezel munk\u00e1ba, \u00e9s onnant\u00f3l dolgozol.<\/p>\n<h3><strong>Nem monoton?<\/strong><\/h3>\n<p>Nem, mert addig az erd\u0151ben biciklizt\u00e9l, bar\u00e1tokkal, versenyt\u00e1rsakkal, ut\u00e1na meg munka miatt a v\u00e1rosban. Kem\u00e9ny, amikor reggel letolsz 70-80 kilom\u00e9tert majd ut\u00e1na m\u00e9g egyszer ugyanannyit. Az edz\u00e9s ut\u00e1n fejben f\u00e1radtabb vagy, nehezek a l\u00e1baid, de egy-k\u00e9t \u00f3ra fut\u00e1rkod\u00e1s ut\u00e1n elm\u00falik, viszont a ment\u00e1lis kimer\u00fclts\u00e9g miatt, vesz\u00e9lyesebb\u00e9 v\u00e1lik a k\u00f6zleked\u00e9s.<\/p>\n<h3><strong>Melyik volt eddig a legkem\u00e9nyebb bring\u00e1s teljes\u00edtm\u00e9nyed?<\/strong><\/h3>\n<p>Egyszer 5 \u00f3ra 7 perc alatt meglett a Balaton-k\u00f6r, de kaptam egy g\u00f6rcs\u00f6t az utols\u00f3 30 kilom\u00e9teren, sz\u00f3val az is lehetett volna m\u00e9g jobb. Ukrajn\u00e1ba is tekertem m\u00e1r le, Beregsz\u00e1szra, m\u00falt szeptemberben az \u00f6cs\u00e9m esk\u00fcv\u0151j\u00e9re, az 350 kilom\u00e9ter volt. Ezt egy 23 km\/\u00f3r\u00e1s \u00e1tlaggal fejeztem be, ott is minden bajom lett \u00fat k\u00f6zben, szint\u00e9n mehetett volna jobban. Meg volt az \u00c9szak Pokla nev\u0171 verseny, ott a M\u00e1tr\u00e1t tekertem k\u00f6rbe, 170 kilom\u00e9ter volt, 2800 szinttel.<\/p>\n<h3><strong>\u00c9s melyik volt a legjobb \u00e9lm\u00e9ny?<\/strong><\/h3>\n<p>A mez\u0151nyversenyeket szoktam nagyon \u00e9lvezni, azt, amikor be\u00e9rek a c\u00e9lba, az eszm\u00e9letlen durva adrenalin. Most is volt egy t\u00f6k j\u00f3, 60 kilom\u00e9teres fut\u00e1rverseny, a CBI Big Jam, ez a Budapest-Biatorb\u00e1gy-Velence k\u00f6r\u00f6n ment. Az elej\u00e9t\u0151l kezdve sz\u00f6k\u00e9sben voltam, de a v\u00e9g\u00e9re elfogytam. Nagyon j\u00f3 \u00e9rz\u00e9s volt, amikor h\u00e1tran\u00e9ztem, \u00e9s nem volt senki a l\u00e1that\u00e1ron, de v\u00e9g\u00fcl csak negyediknek siker\u00fclt c\u00e9lba \u00e9rni, lecs\u00faszva a dobog\u00f3r\u00f3l.<\/p>\n<h3><strong>Hogy j\u00f6tt az \u00f6tlet, hogy jelentkezz a nyerem\u00e9nyj\u00e1t\u00e9kra?<\/strong><\/h3>\n<p>A f\u0151n\u00f6k\u00f6m, Sinya rakta be a linket a k\u00f6z\u00f6s csoportunkba, ez\u00faton is k\u00f6sz\u00f6n\u00f6m neki. Am\u00fagy is szeretek vide\u00f3kat v\u00e1gni, meg vide\u00f3zni, jelentkeztem m\u00e1r egy csom\u00f3 ilyen lehet\u0151s\u00e9gre, p\u00e9ld\u00e1ul K\u00edn\u00e1ba tan\u00edtani vide\u00f3val, de egy sportm\u00e1rka p\u00e1ly\u00e1zat\u00e1n is j\u00f3 eredm\u00e9nyt \u00e9rtem el. Ezt a vide\u00f3t is csak \u00fagy elterveztem, azt\u00e1n felvettem, eg\u00e9sz nap a r\u00edmeken gondolkodtam, \u00e9s rem\u00e9ltem, hogy m\u00e1s nem tesz bele ennyi energi\u00e1t.<\/p>\n<h3><strong>Hogy k\u00e9sz\u00fclsz majd a futamra?<\/strong><\/h3>\n<p>M\u00e1r besz\u00e9ltem Simon P\u00e9terrel (szerk.: profi orsz\u00e1g\u00fati ker\u00e9kp\u00e1ros, a Balaton-k\u00f6r p\u00e1lyacs\u00facs-tart\u00f3ja, \u00c1lmos edz\u0151je) \u00e9s tal\u00e1lkozunk is, le\u00fcl\u00fcnk, kital\u00e1ljuk, hogy tudok a leghat\u00e9konyabban k\u00e9sz\u00fclni. Azt\u00e1n \u00f6sszerakunk egy profi edz\u00e9stervet.<\/p>\n<h3><strong>H\u00e1nyadikk\u00e9nt szeretn\u00e9l befutni?<\/strong><\/h3>\n<p>Els\u0151sorban az a c\u00e9l, hogy v\u00e9gigmenjek g\u00f6rcs \u00e9s gubanc n\u00e9lk\u00fcl, hiszen ilyen kem\u00e9ny versenyen m\u00e9g sosem voltam, ez m\u00e9giscsak egy Tour-szakasz. Elvileg 15 ezren indulnak, j\u00f3 \u00e9rz\u00e9s lenne az els\u0151 ezerben benne lenni. A nevez\u00e9sn\u00e9l meg kellett adni, hogy milyen eredm\u00e9nyt szeretn\u00e9k el\u00e9rni, \u00e9n a m\u00e1sodik kateg\u00f3ri\u00e1t jel\u00f6ltem be: \u00f6t \u00e9s hat \u00f3ra k\u00f6z\u00e9 tettem magam, ami azt jelenti, hogy 22 \u00e9s 27 km\/\u00f3r\u00e1s \u00e1tlaggal kell lenyomni a 135 kilom\u00e9tert, 4560 m\u00e9ter szinttel. Lehet, hogy kid\u0151l\u00f6k a v\u00e9g\u00e9re, de az is lehet, hogy jobban siker\u00fcl majd, mint v\u00e1rom, az biztos, hogy mindent meg fogok tenni.<\/p>\n<p>&nbsp;<\/p>\n<p><a class=\"btn-wlc btn-primary\" href=\"https:\/\/www.welovecycling.com\/hu\/almos-a-tour-on\/\" target=\"_blank\" rel=\"noopener\">K\u00f6vesd \u00c1lmos \u00fatj\u00e1t a Tour-ra<\/a><\/p>\n<p>&nbsp;<\/p>\n","protected":false},"excerpt":{"rendered":"<p>\u00c1lmos 27 \u00e9ves biciklis fut\u00e1r, de annyira szeret tekerni, hogy a munk\u00e1ja mellett orsz\u00e1g\u00fati versenyeken is indul. Hi\u00e1ba t\u00f6lti ki [&hellip;]<\/p>\n","protected":false},"author":71,"featured_media":4193,"comment_status":"open","ping_status":"open","sticky":false,"template":"","format":"standard","meta":{"footnotes":""},"categories":[402],"tags":[],"global-categories":[],"class_list":["post-4184","post","type-post","status-publish","format-standard","has-post-thumbnail","hentry","category-almos-a-tour-on"],"yoast_head":"<!-- This site is optimized with the Yoast SEO Premium plugin v25.3 (Yoast SEO v25.9) - https:\/\/yoast.com\/wordpress\/plugins\/seo\/ -->\n<title>\u201eIlyen kem\u00e9ny versenyen m\u00e9g sosem indultam\u201d \u2013\u00c1lmos, a Tekerj a Tour-on gy\u0151ztese - \u0160koda We Love Cycling - Magyarorsz\u00e1g<\/title>\n<meta name=\"robots\" content=\"index, follow, max-snippet:-1, max-image-preview:large, max-video-preview:-1\" \/>\n<link rel=\"canonical\" href=\"https:\/\/www.welovecycling.com\/hu\/almos-a-tour-on\/ilyen-kemeny-versenyen-meg-sosem-indultam-almos-a-tekerj-a-tour-on-gyoztese\/\" \/>\n<meta property=\"og:locale\" content=\"hu_HU\" \/>\n<meta property=\"og:type\" content=\"article\" \/>\n<meta property=\"og:title\" content=\"\u201eIlyen kem\u00e9ny versenyen m\u00e9g sosem indultam\u201d \u2013\u00c1lmos, a Tekerj a Tour-on gy\u0151ztese\" \/>\n<meta property=\"og:description\" content=\"\u00c1lmos 27 \u00e9ves biciklis fut\u00e1r, de annyira szeret tekerni, hogy a munk\u00e1ja mellett orsz\u00e1g\u00fati versenyeken is indul. Hi\u00e1ba t\u00f6lti ki [&hellip;]\" \/>\n<meta property=\"og:url\" content=\"https:\/\/www.welovecycling.com\/hu\/almos-a-tour-on\/ilyen-kemeny-versenyen-meg-sosem-indultam-almos-a-tekerj-a-tour-on-gyoztese\/\" \/>\n<meta property=\"og:site_name\" content=\"\u0160koda We Love Cycling - Magyarorsz\u00e1g\" \/>\n<meta property=\"article:publisher\" content=\"https:\/\/www.facebook.com\/WeLoveCyclingHungary\/\" \/>\n<meta property=\"article:published_time\" content=\"2019-06-21T15:30:47+00:00\" \/>\n<meta property=\"article:modified_time\" content=\"2019-06-21T16:03:45+00:00\" \/>\n<meta name=\"author\" content=\"hegyizs\" \/>\n<meta name=\"twitter:card\" content=\"summary_large_image\" \/>\n<meta name=\"twitter:title\" content=\"\u201eIlyen kem\u00e9ny versenyen m\u00e9g sosem indultam\u201d \u2013\u00c1lmos, a Tekerj a Tour-on gy\u0151ztese\" \/>\n<meta name=\"twitter:image\" content=\"https:\/\/d2p6e6u75xmxt8.cloudfront.net\/12\/2019\/06\/WL011_almos_01_1380x600_v0.png\" \/>\n<meta name=\"twitter:label1\" content=\"Written by\" \/>\n\t<meta name=\"twitter:data1\" content=\"WLC\" \/>\n\t<meta name=\"twitter:label2\" content=\"Est. reading time\" \/>\n\t<meta name=\"twitter:data2\" content=\"5 minutes\" \/>\n<script type=\"application\/ld+json\" class=\"yoast-schema-graph\">{\"@context\":\"https:\/\/schema.org\",\"@graph\":[{\"@type\":\"WebPage\",\"@id\":\"https:\/\/www.welovecycling.com\/hu\/almos-a-tour-on\/ilyen-kemeny-versenyen-meg-sosem-indultam-almos-a-tekerj-a-tour-on-gyoztese\/\",\"url\":\"https:\/\/www.welovecycling.com\/hu\/almos-a-tour-on\/ilyen-kemeny-versenyen-meg-sosem-indultam-almos-a-tekerj-a-tour-on-gyoztese\/\",\"name\":\"\u201eIlyen kem\u00e9ny versenyen m\u00e9g sosem indultam\u201d \u2013\u00c1lmos, a Tekerj a Tour-on gy\u0151ztese - \u0160koda We Love Cycling - Magyarorsz\u00e1g\",\"isPartOf\":{\"@id\":\"https:\/\/www.welovecycling.com\/hu\/#website\"},\"primaryImageOfPage\":{\"@id\":\"https:\/\/www.welovecycling.com\/hu\/almos-a-tour-on\/ilyen-kemeny-versenyen-meg-sosem-indultam-almos-a-tekerj-a-tour-on-gyoztese\/#primaryimage\"},\"image\":{\"@id\":\"https:\/\/www.welovecycling.com\/hu\/almos-a-tour-on\/ilyen-kemeny-versenyen-meg-sosem-indultam-almos-a-tekerj-a-tour-on-gyoztese\/#primaryimage\"},\"thumbnailUrl\":\"https:\/\/d2p6e6u75xmxt8.cloudfront.net\/12\/2019\/06\/WL011_almos_01_1380x600_v0.png\",\"datePublished\":\"2019-06-21T15:30:47+00:00\",\"dateModified\":\"2019-06-21T16:03:45+00:00\",\"author\":{\"@id\":\"https:\/\/www.welovecycling.com\/hu\/#\/schema\/person\/414a2aebf1801691a5320edb6468e194\"},\"breadcrumb\":{\"@id\":\"https:\/\/www.welovecycling.com\/hu\/almos-a-tour-on\/ilyen-kemeny-versenyen-meg-sosem-indultam-almos-a-tekerj-a-tour-on-gyoztese\/#breadcrumb\"},\"inLanguage\":\"hu\",\"potentialAction\":[{\"@type\":\"ReadAction\",\"target\":[\"https:\/\/www.welovecycling.com\/hu\/almos-a-tour-on\/ilyen-kemeny-versenyen-meg-sosem-indultam-almos-a-tekerj-a-tour-on-gyoztese\/\"]}]},{\"@type\":\"ImageObject\",\"inLanguage\":\"hu\",\"@id\":\"https:\/\/www.welovecycling.com\/hu\/almos-a-tour-on\/ilyen-kemeny-versenyen-meg-sosem-indultam-almos-a-tekerj-a-tour-on-gyoztese\/#primaryimage\",\"url\":\"https:\/\/d2p6e6u75xmxt8.cloudfront.net\/12\/2019\/06\/WL011_almos_01_1380x600_v0.png\",\"contentUrl\":\"https:\/\/d2p6e6u75xmxt8.cloudfront.net\/12\/2019\/06\/WL011_almos_01_1380x600_v0.png\",\"width\":1380,\"height\":600},{\"@type\":\"BreadcrumbList\",\"@id\":\"https:\/\/www.welovecycling.com\/hu\/almos-a-tour-on\/ilyen-kemeny-versenyen-meg-sosem-indultam-almos-a-tekerj-a-tour-on-gyoztese\/#breadcrumb\",\"itemListElement\":[{\"@type\":\"ListItem\",\"position\":1,\"name\":\"Home\",\"item\":\"https:\/\/www.welovecycling.com\/hu\/\"},{\"@type\":\"ListItem\",\"position\":2,\"name\":\"\u201eIlyen kem\u00e9ny versenyen m\u00e9g sosem indultam\u201d \u2013\u00c1lmos, a Tekerj a Tour-on gy\u0151ztese\"}]},{\"@type\":\"WebSite\",\"@id\":\"https:\/\/www.welovecycling.com\/hu\/#website\",\"url\":\"https:\/\/www.welovecycling.com\/hu\/\",\"name\":\"\u0160koda We Love Cycling - Magyarorsz\u00e1g\",\"description\":\"\u0160koda WeLoveCycling\",\"potentialAction\":[{\"@type\":\"SearchAction\",\"target\":{\"@type\":\"EntryPoint\",\"urlTemplate\":\"https:\/\/www.welovecycling.com\/hu\/?s={search_term_string}\"},\"query-input\":{\"@type\":\"PropertyValueSpecification\",\"valueRequired\":true,\"valueName\":\"search_term_string\"}}],\"inLanguage\":\"hu\"},{\"@type\":\"Person\",\"@id\":\"https:\/\/www.welovecycling.com\/hu\/#\/schema\/person\/414a2aebf1801691a5320edb6468e194\",\"name\":\"hegyizs\",\"image\":{\"@type\":\"ImageObject\",\"inLanguage\":\"hu\",\"@id\":\"https:\/\/www.welovecycling.com\/hu\/#\/schema\/person\/image\/\",\"url\":\"https:\/\/secure.gravatar.com\/avatar\/02cf8a7906b8cf90cecb4679defac7cfd33a1c2e3b88e4903d947f3bb58eedd3?s=96&d=mm&r=g\",\"contentUrl\":\"https:\/\/secure.gravatar.com\/avatar\/02cf8a7906b8cf90cecb4679defac7cfd33a1c2e3b88e4903d947f3bb58eedd3?s=96&d=mm&r=g\",\"caption\":\"hegyizs\"},\"url\":\"https:\/\/www.welovecycling.com\/hu\/author\/hegyizs\/\"}]}<\/script>\n<!-- \/ Yoast SEO Premium plugin. -->","yoast_head_json":{"title":"\u201eIlyen kem\u00e9ny versenyen m\u00e9g sosem indultam\u201d \u2013\u00c1lmos, a Tekerj a Tour-on gy\u0151ztese - \u0160koda We Love Cycling - Magyarorsz\u00e1g","robots":{"index":"index","follow":"follow","max-snippet":"max-snippet:-1","max-image-preview":"max-image-preview:large","max-video-preview":"max-video-preview:-1"},"canonical":"https:\/\/www.welovecycling.com\/hu\/almos-a-tour-on\/ilyen-kemeny-versenyen-meg-sosem-indultam-almos-a-tekerj-a-tour-on-gyoztese\/","og_locale":"hu_HU","og_type":"article","og_title":"\u201eIlyen kem\u00e9ny versenyen m\u00e9g sosem indultam\u201d \u2013\u00c1lmos, a Tekerj a Tour-on gy\u0151ztese","og_description":"\u00c1lmos 27 \u00e9ves biciklis fut\u00e1r, de annyira szeret tekerni, hogy a munk\u00e1ja mellett orsz\u00e1g\u00fati versenyeken is indul. Hi\u00e1ba t\u00f6lti ki [&hellip;]","og_url":"https:\/\/www.welovecycling.com\/hu\/almos-a-tour-on\/ilyen-kemeny-versenyen-meg-sosem-indultam-almos-a-tekerj-a-tour-on-gyoztese\/","og_site_name":"\u0160koda We Love Cycling - Magyarorsz\u00e1g","article_publisher":"https:\/\/www.facebook.com\/WeLoveCyclingHungary\/","article_published_time":"2019-06-21T15:30:47+00:00","article_modified_time":"2019-06-21T16:03:45+00:00","author":"hegyizs","twitter_card":"summary_large_image","twitter_title":"\u201eIlyen kem\u00e9ny versenyen m\u00e9g sosem indultam\u201d \u2013\u00c1lmos, a Tekerj a Tour-on gy\u0151ztese","twitter_image":"https:\/\/d2p6e6u75xmxt8.cloudfront.net\/12\/2019\/06\/WL011_almos_01_1380x600_v0.png","twitter_misc":{"Written by":"WLC","Est. reading time":"5 minutes"},"schema":{"@context":"https:\/\/schema.org","@graph":[{"@type":"WebPage","@id":"https:\/\/www.welovecycling.com\/hu\/almos-a-tour-on\/ilyen-kemeny-versenyen-meg-sosem-indultam-almos-a-tekerj-a-tour-on-gyoztese\/","url":"https:\/\/www.welovecycling.com\/hu\/almos-a-tour-on\/ilyen-kemeny-versenyen-meg-sosem-indultam-almos-a-tekerj-a-tour-on-gyoztese\/","name":"\u201eIlyen kem\u00e9ny versenyen m\u00e9g sosem indultam\u201d \u2013\u00c1lmos, a Tekerj a Tour-on gy\u0151ztese - \u0160koda We Love Cycling - Magyarorsz\u00e1g","isPartOf":{"@id":"https:\/\/www.welovecycling.com\/hu\/#website"},"primaryImageOfPage":{"@id":"https:\/\/www.welovecycling.com\/hu\/almos-a-tour-on\/ilyen-kemeny-versenyen-meg-sosem-indultam-almos-a-tekerj-a-tour-on-gyoztese\/#primaryimage"},"image":{"@id":"https:\/\/www.welovecycling.com\/hu\/almos-a-tour-on\/ilyen-kemeny-versenyen-meg-sosem-indultam-almos-a-tekerj-a-tour-on-gyoztese\/#primaryimage"},"thumbnailUrl":"https:\/\/d2p6e6u75xmxt8.cloudfront.net\/12\/2019\/06\/WL011_almos_01_1380x600_v0.png","datePublished":"2019-06-21T15:30:47+00:00","dateModified":"2019-06-21T16:03:45+00:00","author":{"@id":"https:\/\/www.welovecycling.com\/hu\/#\/schema\/person\/414a2aebf1801691a5320edb6468e194"},"breadcrumb":{"@id":"https:\/\/www.welovecycling.com\/hu\/almos-a-tour-on\/ilyen-kemeny-versenyen-meg-sosem-indultam-almos-a-tekerj-a-tour-on-gyoztese\/#breadcrumb"},"inLanguage":"hu","potentialAction":[{"@type":"ReadAction","target":["https:\/\/www.welovecycling.com\/hu\/almos-a-tour-on\/ilyen-kemeny-versenyen-meg-sosem-indultam-almos-a-tekerj-a-tour-on-gyoztese\/"]}]},{"@type":"ImageObject","inLanguage":"hu","@id":"https:\/\/www.welovecycling.com\/hu\/almos-a-tour-on\/ilyen-kemeny-versenyen-meg-sosem-indultam-almos-a-tekerj-a-tour-on-gyoztese\/#primaryimage","url":"https:\/\/d2p6e6u75xmxt8.cloudfront.net\/12\/2019\/06\/WL011_almos_01_1380x600_v0.png","contentUrl":"https:\/\/d2p6e6u75xmxt8.cloudfront.net\/12\/2019\/06\/WL011_almos_01_1380x600_v0.png","width":1380,"height":600},{"@type":"BreadcrumbList","@id":"https:\/\/www.welovecycling.com\/hu\/almos-a-tour-on\/ilyen-kemeny-versenyen-meg-sosem-indultam-almos-a-tekerj-a-tour-on-gyoztese\/#breadcrumb","itemListElement":[{"@type":"ListItem","position":1,"name":"Home","item":"https:\/\/www.welovecycling.com\/hu\/"},{"@type":"ListItem","position":2,"name":"\u201eIlyen kem\u00e9ny versenyen m\u00e9g sosem indultam\u201d \u2013\u00c1lmos, a Tekerj a Tour-on gy\u0151ztese"}]},{"@type":"WebSite","@id":"https:\/\/www.welovecycling.com\/hu\/#website","url":"https:\/\/www.welovecycling.com\/hu\/","name":"\u0160koda We Love Cycling - Magyarorsz\u00e1g","description":"\u0160koda WeLoveCycling","potentialAction":[{"@type":"SearchAction","target":{"@type":"EntryPoint","urlTemplate":"https:\/\/www.welovecycling.com\/hu\/?s={search_term_string}"},"query-input":{"@type":"PropertyValueSpecification","valueRequired":true,"valueName":"search_term_string"}}],"inLanguage":"hu"},{"@type":"Person","@id":"https:\/\/www.welovecycling.com\/hu\/#\/schema\/person\/414a2aebf1801691a5320edb6468e194","name":"hegyizs","image":{"@type":"ImageObject","inLanguage":"hu","@id":"https:\/\/www.welovecycling.com\/hu\/#\/schema\/person\/image\/","url":"https:\/\/secure.gravatar.com\/avatar\/02cf8a7906b8cf90cecb4679defac7cfd33a1c2e3b88e4903d947f3bb58eedd3?s=96&d=mm&r=g","contentUrl":"https:\/\/secure.gravatar.com\/avatar\/02cf8a7906b8cf90cecb4679defac7cfd33a1c2e3b88e4903d947f3bb58eedd3?s=96&d=mm&r=g","caption":"hegyizs"},"url":"https:\/\/www.welovecycling.com\/hu\/author\/hegyizs\/"}]}},"_links":{"self":[{"href":"https:\/\/www.welovecycling.com\/hu\/wp-json\/wp\/v2\/posts\/4184","targetHints":{"allow":["GET"]}}],"collection":[{"href":"https:\/\/www.welovecycling.com\/hu\/wp-json\/wp\/v2\/posts"}],"about":[{"href":"https:\/\/www.welovecycling.com\/hu\/wp-json\/wp\/v2\/types\/post"}],"author":[{"embeddable":true,"href":"https:\/\/www.welovecycling.com\/hu\/wp-json\/wp\/v2\/users\/71"}],"replies":[{"embeddable":true,"href":"https:\/\/www.welovecycling.com\/hu\/wp-json\/wp\/v2\/comments?post=4184"}],"version-history":[{"count":2,"href":"https:\/\/www.welovecycling.com\/hu\/wp-json\/wp\/v2\/posts\/4184\/revisions"}],"predecessor-version":[{"id":4199,"href":"https:\/\/www.welovecycling.com\/hu\/wp-json\/wp\/v2\/posts\/4184\/revisions\/4199"}],"wp:featuredmedia":[{"embeddable":true,"href":"https:\/\/www.welovecycling.com\/hu\/wp-json\/wp\/v2\/media\/4193"}],"wp:attachment":[{"href":"https:\/\/www.welovecycling.com\/hu\/wp-json\/wp\/v2\/media?parent=4184"}],"wp:term":[{"taxonomy":"category","embeddable":true,"href":"https:\/\/www.welovecycling.com\/hu\/wp-json\/wp\/v2\/categories?post=4184"},{"taxonomy":"post_tag","embeddable":true,"href":"https:\/\/www.welovecycling.com\/hu\/wp-json\/wp\/v2\/tags?post=4184"},{"taxonomy":"global-categories","embeddable":true,"href":"https:\/\/www.welovecycling.com\/hu\/wp-json\/wp\/v2\/global-categories?post=4184"}],"curies":[{"name":"wp","href":"https:\/\/api.w.org\/{rel}","templated":true}]}}