{"id":3984,"date":"2019-06-24T08:00:37","date_gmt":"2019-06-24T07:00:37","guid":{"rendered":"https:\/\/www.welovecycling.com\/hu\/?p=3984"},"modified":"2019-06-19T12:21:34","modified_gmt":"2019-06-19T11:21:34","slug":"rendszamot-a-kerekparokra-is","status":"publish","type":"post","link":"https:\/\/www.welovecycling.com\/hu\/varosi-kerekparozas\/rendszamot-a-kerekparokra-is\/","title":{"rendered":"Rendsz\u00e1mot a ker\u00e9kp\u00e1rokra is?"},"content":{"rendered":"<p><strong>Miut\u00e1n egy j\u00e1rd\u00e1n teker\u0151 n\u0151 megrugdalta \u00e9s b\u00e1ntalmazta, Robert Winston professzor a k\u00f6telez\u0151 rendsz\u00e1m bevezet\u00e9s\u00e9t szorgalmazza minden londoni bring\u00e1n.<\/strong><\/p>\n<p><!--more--><\/p>\n<p>Robert Winston professzor, term\u00e9kenys\u00e9gi szak\u00e9rt\u0151, \u00e9ppen London belv\u00e1ros\u00e1nak j\u00e1rd\u00e1it r\u00f3tta, amikor egy h\u00f6lgy szembe j\u00f6tt vele ker\u00e9kp\u00e1ron. Miut\u00e1n sz\u00f3v\u00e1 tette, hogy a n\u0151nek nem a j\u00e1rd\u00e1n kellene tekernie, a n\u0151 megragadta a mobiltelefonj\u00e1t, megpr\u00f3b\u00e1lta \u00f6sszet\u00f6rni, majd p\u00e1r j\u00f3l ir\u00e1nyzott r\u00fag\u00e1ssal b\u00e1ntalmazta is \u0151t.<\/p>\n<figure id=\"attachment_3985\" aria-describedby=\"caption-attachment-3985\" style=\"width: 1024px\" class=\"wp-caption alignnone\"><a href=\"https:\/\/d2p6e6u75xmxt8.cloudfront.net\/2\/2019\/05\/cycling-city-pexels-1857664.jpg\"><img loading=\"lazy\" decoding=\"async\" class=\"wp-image-3985 size-large\" src=\"https:\/\/d2p6e6u75xmxt8.cloudfront.net\/12\/2019\/06\/cycling-city-pexels-1857664-1024x682.jpg\" alt=\"\" width=\"1024\" height=\"682\" srcset=\"https:\/\/d2p6e6u75xmxt8.cloudfront.net\/12\/2019\/06\/cycling-city-pexels-1857664-1024x682.jpg 1024w, https:\/\/d2p6e6u75xmxt8.cloudfront.net\/12\/2019\/06\/cycling-city-pexels-1857664-300x200.jpg 300w, https:\/\/d2p6e6u75xmxt8.cloudfront.net\/12\/2019\/06\/cycling-city-pexels-1857664-768x512.jpg 768w, https:\/\/d2p6e6u75xmxt8.cloudfront.net\/12\/2019\/06\/cycling-city-pexels-1857664-272x182.jpg 272w, https:\/\/d2p6e6u75xmxt8.cloudfront.net\/12\/2019\/06\/cycling-city-pexels-1857664.jpg 1280w\" sizes=\"auto, (max-width: 1024px) 100vw, 1024px\" \/><\/a><figcaption id=\"caption-attachment-3985\" class=\"wp-caption-text\"><em>Amikor az els\u0151 ker\u00e9kp\u00e1rok megjelentek a brit utakon, a parlament \u00fagy tal\u00e1lta megfelel\u0151nek, hogy a korabeli egy\u00e9b k\u00f6zleked\u00e9si eszk\u00f6z kateg\u00f3ri\u00e1ba sorolja be \u0151ket \u2013 azaz a l\u00f3vontat\u00e1s\u00fa k\u00f6zleked\u00e9si eszk\u00f6z\u00f6k k\u00f6z\u00e9.<\/em><\/figcaption><\/figure>\n<p>Az esetet k\u00f6vet\u0151en a d\u00fch\u00f6dt ker\u00e9kp\u00e1ros t\u00e1vozott a tett helysz\u00edn\u00e9r\u0151l, a professzor pedig a f\u00f6ld\u00f6n tal\u00e1lta mag\u00e1t. Annak ellen\u00e9re, hogy a helysz\u00ednen j\u00f3 p\u00e1r szemtan\u00fa volt jelen, Winston nem \u00e9lt a lehet\u0151s\u00e9ggel, hogy feljelent\u00e9st tegyen a n\u0151 ellen a rend\u0151rs\u00e9gen, mivel nem tudta volna beazonos\u00edtani \u0151t.<\/p>\n<p>Az ilyen incidensek \u00e1ltal\u00e1ban maguk ut\u00e1n vonj\u00e1k a megtorl\u00f3 int\u00e9zked\u00e9sek ig\u00e9ny\u00e9t, \u00e9s ez ebben az esetben sem volt ez m\u00e1sk\u00e9nt. Mr. Winston k\u00e9rd\u00e9st tett fel a Lordok H\u00e1z\u00e1ban, hogy megtudja, milyen l\u00e9p\u00e9seket tett a korm\u00e1ny, annak \u00e9rdek\u00e9ben, hogy London k\u00f6zpontj\u00e1ban bevezess\u00e9k a ker\u00e9kp\u00e1roz\u00e1s szab\u00e1lyoz\u00e1s\u00e1t. Kijelentette, hogy a legt\u00f6bb biciklis biztons\u00e1gosan k\u00f6zlekedik, \u00e1m az agressz\u00edv \u00e9s er\u0151szakos bring\u00e1sok sz\u00e1ma az ut\u00f3bbi id\u0151ben megn\u0151tt. Azt is hozz\u00e1tette, hogy vannak olyan esetek, amikor a biciklisek belemennek a gyalogosokba vagy sz\u00e1nd\u00e9kosan b\u00e1ntalmazz\u00e1k \u0151ket, \u00edgy h\u00e1t a belv\u00e1rosban haszn\u00e1lhat\u00f3 ker\u00e9kp\u00e1rokat rendsz\u00e1mokkal kell ell\u00e1tni a k\u00f6nnyebb beazonos\u00edthat\u00f3s\u00e1g \u00e9rdek\u00e9ben.<\/p>\n<figure id=\"attachment_3986\" aria-describedby=\"caption-attachment-3986\" style=\"width: 1024px\" class=\"wp-caption alignnone\"><a href=\"https:\/\/d2p6e6u75xmxt8.cloudfront.net\/2\/2019\/05\/bicycle-plate-profimedia-0089502563.jpg\"><img loading=\"lazy\" decoding=\"async\" class=\"wp-image-3986 size-large\" src=\"https:\/\/d2p6e6u75xmxt8.cloudfront.net\/12\/2019\/06\/bicycle-plate-profimedia-0089502563-1024x680.jpg\" alt=\"\" width=\"1024\" height=\"680\" srcset=\"https:\/\/d2p6e6u75xmxt8.cloudfront.net\/12\/2019\/06\/bicycle-plate-profimedia-0089502563-1024x680.jpg 1024w, https:\/\/d2p6e6u75xmxt8.cloudfront.net\/12\/2019\/06\/bicycle-plate-profimedia-0089502563-300x199.jpg 300w, https:\/\/d2p6e6u75xmxt8.cloudfront.net\/12\/2019\/06\/bicycle-plate-profimedia-0089502563-768x510.jpg 768w, https:\/\/d2p6e6u75xmxt8.cloudfront.net\/12\/2019\/06\/bicycle-plate-profimedia-0089502563-272x182.jpg 272w, https:\/\/d2p6e6u75xmxt8.cloudfront.net\/12\/2019\/06\/bicycle-plate-profimedia-0089502563.jpg 1250w\" sizes=\"auto, (max-width: 1024px) 100vw, 1024px\" \/><\/a><figcaption id=\"caption-attachment-3986\" class=\"wp-caption-text\"><em>Az igazs\u00e1g az, hogy a gyalogosoknak \u00e9s a sof\u0151r\u00f6knek t\u00f6bb olyan vesz\u00e9llyel is meg kell k\u00fczdeni\u00fck a k\u00f6zter\u00fcleteinken, amelyeknek sem rendsz\u00e1muk, sem biztos\u00edt\u00e1suk nincs, \u00e9s ezek k\u00f6z\u00fcl sok minden egy\u00e1ltal\u00e1n nem olyan lelkiismeretes vagy kisz\u00e1m\u00edthat\u00f3, mint a biciklisek. \u00a9 Profimedia, Alamy<\/em><\/figcaption><\/figure>\n<p>A szab\u00e1lyoz\u00e1s \u00f6tlete egy\u00e1ltal\u00e1n nem sz\u00e1m\u00edt \u00fajdons\u00e1gnak a belv\u00e1rosi r\u00e9szeken, de kor\u00e1bban ejtett\u00e9k, mivel nem gyakorlatias, \u00e9rtelmetlen \u00e9s szokatlan, hiszen nincs m\u00e9g egy orsz\u00e1g, ahol a bicikliknek el\u0151 lenne \u00edrva a rendsz\u00e1m k\u00f6telezetts\u00e9g.<\/p>\n<p>Winston kezdem\u00e9nyez\u00e9s\u00e9vel szemben \u00e1ll az a leggyakrabban hangoztatott v\u00e9lem\u00e9ny, amely szerint a rendsz\u00e1m rendszer bevezet\u00e9s\u00e9nek k\u00f6lts\u00e9gei vagy csup\u00e1n sokakat elt\u00e1ntor\u00edtan\u00e1nak a bicikliz\u00e9st\u0151l, vagy a k\u00f6zterheket n\u00f6veln\u00e9k. N\u00e9h\u00e1ny hozz\u00e1sz\u00f3l\u00e1sban m\u00e9g azt is felvetett\u00e9k, hogy vajon ilyen alapon akkor a cigarettacsikket eldob\u00e1l\u00f3k miatt mindenkinek kutyabil\u00e9t\u00e1t k\u00e9ne-e hordania a nyak\u00e1ban? Oszd meg vel\u00fcnk te is a v\u00e9lem\u00e9nyed!<\/p>\n","protected":false},"excerpt":{"rendered":"<p>Miut\u00e1n egy j\u00e1rd\u00e1n teker\u0151 n\u0151 megrugdalta \u00e9s b\u00e1ntalmazta, Robert Winston professzor a k\u00f6telez\u0151 rendsz\u00e1m bevezet\u00e9s\u00e9t szorgalmazza minden londoni bring\u00e1n.<\/p>\n","protected":false},"author":71,"featured_media":3988,"comment_status":"open","ping_status":"open","sticky":false,"template":"","format":"standard","meta":{"footnotes":""},"categories":[9],"tags":[],"global-categories":[],"class_list":["post-3984","post","type-post","status-publish","format-standard","has-post-thumbnail","hentry","category-varosi-kerekparozas"],"yoast_head":"<!-- This site is optimized with the Yoast SEO Premium plugin v25.3 (Yoast SEO v25.9) - https:\/\/yoast.com\/wordpress\/plugins\/seo\/ -->\n<title>Rendsz\u00e1mot a ker\u00e9kp\u00e1rokra is? - \u0160koda We Love Cycling - Magyarorsz\u00e1g<\/title>\n<meta name=\"robots\" content=\"index, follow, max-snippet:-1, max-image-preview:large, max-video-preview:-1\" \/>\n<link rel=\"canonical\" href=\"https:\/\/www.welovecycling.com\/hu\/varosi-kerekparozas\/rendszamot-a-kerekparokra-is\/\" \/>\n<meta property=\"og:locale\" content=\"hu_HU\" \/>\n<meta property=\"og:type\" content=\"article\" \/>\n<meta property=\"og:title\" content=\"Rendsz\u00e1mot a ker\u00e9kp\u00e1rokra is?\" \/>\n<meta property=\"og:description\" content=\"Miut\u00e1n egy j\u00e1rd\u00e1n teker\u0151 n\u0151 megrugdalta \u00e9s b\u00e1ntalmazta, Robert Winston professzor a k\u00f6telez\u0151 rendsz\u00e1m bevezet\u00e9s\u00e9t szorgalmazza minden londoni bring\u00e1n.\" \/>\n<meta property=\"og:url\" content=\"https:\/\/www.welovecycling.com\/hu\/varosi-kerekparozas\/rendszamot-a-kerekparokra-is\/\" \/>\n<meta property=\"og:site_name\" content=\"\u0160koda We Love Cycling - Magyarorsz\u00e1g\" \/>\n<meta property=\"article:publisher\" content=\"https:\/\/www.facebook.com\/WeLoveCyclingHungary\/\" \/>\n<meta property=\"article:published_time\" content=\"2019-06-24T07:00:37+00:00\" \/>\n<meta property=\"og:image\" content=\"https:\/\/d2p6e6u75xmxt8.cloudfront.net\/12\/2019\/06\/bicycle-license-plate-profimedia-0191361605-CVR.jpg\" \/>\n\t<meta property=\"og:image:width\" content=\"1366\" \/>\n\t<meta property=\"og:image:height\" content=\"600\" \/>\n\t<meta property=\"og:image:type\" content=\"image\/jpeg\" \/>\n<meta name=\"author\" content=\"hegyizs\" \/>\n<meta name=\"twitter:card\" content=\"summary_large_image\" \/>\n<meta name=\"twitter:label1\" content=\"Written by\" \/>\n\t<meta name=\"twitter:data1\" content=\"Adam Marsal\" \/>\n\t<meta name=\"twitter:label2\" content=\"Est. reading time\" \/>\n\t<meta name=\"twitter:data2\" content=\"4\" \/>\n<script type=\"application\/ld+json\" class=\"yoast-schema-graph\">{\"@context\":\"https:\/\/schema.org\",\"@graph\":[{\"@type\":\"WebPage\",\"@id\":\"https:\/\/www.welovecycling.com\/hu\/varosi-kerekparozas\/rendszamot-a-kerekparokra-is\/\",\"url\":\"https:\/\/www.welovecycling.com\/hu\/varosi-kerekparozas\/rendszamot-a-kerekparokra-is\/\",\"name\":\"Rendsz\u00e1mot a ker\u00e9kp\u00e1rokra is? - \u0160koda We Love Cycling - Magyarorsz\u00e1g\",\"isPartOf\":{\"@id\":\"https:\/\/www.welovecycling.com\/hu\/#website\"},\"primaryImageOfPage\":{\"@id\":\"https:\/\/www.welovecycling.com\/hu\/varosi-kerekparozas\/rendszamot-a-kerekparokra-is\/#primaryimage\"},\"image\":{\"@id\":\"https:\/\/www.welovecycling.com\/hu\/varosi-kerekparozas\/rendszamot-a-kerekparokra-is\/#primaryimage\"},\"thumbnailUrl\":\"https:\/\/d2p6e6u75xmxt8.cloudfront.net\/12\/2019\/06\/bicycle-license-plate-profimedia-0191361605-CVR.jpg\",\"datePublished\":\"2019-06-24T07:00:37+00:00\",\"author\":{\"@id\":\"https:\/\/www.welovecycling.com\/hu\/#\/schema\/person\/414a2aebf1801691a5320edb6468e194\"},\"breadcrumb\":{\"@id\":\"https:\/\/www.welovecycling.com\/hu\/varosi-kerekparozas\/rendszamot-a-kerekparokra-is\/#breadcrumb\"},\"inLanguage\":\"hu\",\"potentialAction\":[{\"@type\":\"ReadAction\",\"target\":[\"https:\/\/www.welovecycling.com\/hu\/varosi-kerekparozas\/rendszamot-a-kerekparokra-is\/\"]}]},{\"@type\":\"ImageObject\",\"inLanguage\":\"hu\",\"@id\":\"https:\/\/www.welovecycling.com\/hu\/varosi-kerekparozas\/rendszamot-a-kerekparokra-is\/#primaryimage\",\"url\":\"https:\/\/d2p6e6u75xmxt8.cloudfront.net\/12\/2019\/06\/bicycle-license-plate-profimedia-0191361605-CVR.jpg\",\"contentUrl\":\"https:\/\/d2p6e6u75xmxt8.cloudfront.net\/12\/2019\/06\/bicycle-license-plate-profimedia-0191361605-CVR.jpg\",\"width\":1366,\"height\":600},{\"@type\":\"BreadcrumbList\",\"@id\":\"https:\/\/www.welovecycling.com\/hu\/varosi-kerekparozas\/rendszamot-a-kerekparokra-is\/#breadcrumb\",\"itemListElement\":[{\"@type\":\"ListItem\",\"position\":1,\"name\":\"Home\",\"item\":\"https:\/\/www.welovecycling.com\/hu\/\"},{\"@type\":\"ListItem\",\"position\":2,\"name\":\"Rendsz\u00e1mot a ker\u00e9kp\u00e1rokra is?\"}]},{\"@type\":\"WebSite\",\"@id\":\"https:\/\/www.welovecycling.com\/hu\/#website\",\"url\":\"https:\/\/www.welovecycling.com\/hu\/\",\"name\":\"\u0160koda We Love Cycling - Magyarorsz\u00e1g\",\"description\":\"\u0160koda WeLoveCycling\",\"potentialAction\":[{\"@type\":\"SearchAction\",\"target\":{\"@type\":\"EntryPoint\",\"urlTemplate\":\"https:\/\/www.welovecycling.com\/hu\/?s={search_term_string}\"},\"query-input\":{\"@type\":\"PropertyValueSpecification\",\"valueRequired\":true,\"valueName\":\"search_term_string\"}}],\"inLanguage\":\"hu\"},{\"@type\":\"Person\",\"@id\":\"https:\/\/www.welovecycling.com\/hu\/#\/schema\/person\/414a2aebf1801691a5320edb6468e194\",\"name\":\"hegyizs\",\"image\":{\"@type\":\"ImageObject\",\"inLanguage\":\"hu\",\"@id\":\"https:\/\/www.welovecycling.com\/hu\/#\/schema\/person\/image\/\",\"url\":\"https:\/\/secure.gravatar.com\/avatar\/02cf8a7906b8cf90cecb4679defac7cfd33a1c2e3b88e4903d947f3bb58eedd3?s=96&d=mm&r=g\",\"contentUrl\":\"https:\/\/secure.gravatar.com\/avatar\/02cf8a7906b8cf90cecb4679defac7cfd33a1c2e3b88e4903d947f3bb58eedd3?s=96&d=mm&r=g\",\"caption\":\"hegyizs\"},\"url\":\"https:\/\/www.welovecycling.com\/hu\/author\/hegyizs\/\"}]}<\/script>\n<!-- \/ Yoast SEO Premium plugin. -->","yoast_head_json":{"title":"Rendsz\u00e1mot a ker\u00e9kp\u00e1rokra is? - \u0160koda We Love Cycling - Magyarorsz\u00e1g","robots":{"index":"index","follow":"follow","max-snippet":"max-snippet:-1","max-image-preview":"max-image-preview:large","max-video-preview":"max-video-preview:-1"},"canonical":"https:\/\/www.welovecycling.com\/hu\/varosi-kerekparozas\/rendszamot-a-kerekparokra-is\/","og_locale":"hu_HU","og_type":"article","og_title":"Rendsz\u00e1mot a ker\u00e9kp\u00e1rokra is?","og_description":"Miut\u00e1n egy j\u00e1rd\u00e1n teker\u0151 n\u0151 megrugdalta \u00e9s b\u00e1ntalmazta, Robert Winston professzor a k\u00f6telez\u0151 rendsz\u00e1m bevezet\u00e9s\u00e9t szorgalmazza minden londoni bring\u00e1n.","og_url":"https:\/\/www.welovecycling.com\/hu\/varosi-kerekparozas\/rendszamot-a-kerekparokra-is\/","og_site_name":"\u0160koda We Love Cycling - Magyarorsz\u00e1g","article_publisher":"https:\/\/www.facebook.com\/WeLoveCyclingHungary\/","article_published_time":"2019-06-24T07:00:37+00:00","og_image":[{"width":1366,"height":600,"url":"https:\/\/d2p6e6u75xmxt8.cloudfront.net\/12\/2019\/06\/bicycle-license-plate-profimedia-0191361605-CVR.jpg","type":"image\/jpeg"}],"author":"hegyizs","twitter_card":"summary_large_image","twitter_misc":{"Written by":"Adam Marsal","Est. reading time":"4"},"schema":{"@context":"https:\/\/schema.org","@graph":[{"@type":"WebPage","@id":"https:\/\/www.welovecycling.com\/hu\/varosi-kerekparozas\/rendszamot-a-kerekparokra-is\/","url":"https:\/\/www.welovecycling.com\/hu\/varosi-kerekparozas\/rendszamot-a-kerekparokra-is\/","name":"Rendsz\u00e1mot a ker\u00e9kp\u00e1rokra is? - \u0160koda We Love Cycling - Magyarorsz\u00e1g","isPartOf":{"@id":"https:\/\/www.welovecycling.com\/hu\/#website"},"primaryImageOfPage":{"@id":"https:\/\/www.welovecycling.com\/hu\/varosi-kerekparozas\/rendszamot-a-kerekparokra-is\/#primaryimage"},"image":{"@id":"https:\/\/www.welovecycling.com\/hu\/varosi-kerekparozas\/rendszamot-a-kerekparokra-is\/#primaryimage"},"thumbnailUrl":"https:\/\/d2p6e6u75xmxt8.cloudfront.net\/12\/2019\/06\/bicycle-license-plate-profimedia-0191361605-CVR.jpg","datePublished":"2019-06-24T07:00:37+00:00","author":{"@id":"https:\/\/www.welovecycling.com\/hu\/#\/schema\/person\/414a2aebf1801691a5320edb6468e194"},"breadcrumb":{"@id":"https:\/\/www.welovecycling.com\/hu\/varosi-kerekparozas\/rendszamot-a-kerekparokra-is\/#breadcrumb"},"inLanguage":"hu","potentialAction":[{"@type":"ReadAction","target":["https:\/\/www.welovecycling.com\/hu\/varosi-kerekparozas\/rendszamot-a-kerekparokra-is\/"]}]},{"@type":"ImageObject","inLanguage":"hu","@id":"https:\/\/www.welovecycling.com\/hu\/varosi-kerekparozas\/rendszamot-a-kerekparokra-is\/#primaryimage","url":"https:\/\/d2p6e6u75xmxt8.cloudfront.net\/12\/2019\/06\/bicycle-license-plate-profimedia-0191361605-CVR.jpg","contentUrl":"https:\/\/d2p6e6u75xmxt8.cloudfront.net\/12\/2019\/06\/bicycle-license-plate-profimedia-0191361605-CVR.jpg","width":1366,"height":600},{"@type":"BreadcrumbList","@id":"https:\/\/www.welovecycling.com\/hu\/varosi-kerekparozas\/rendszamot-a-kerekparokra-is\/#breadcrumb","itemListElement":[{"@type":"ListItem","position":1,"name":"Home","item":"https:\/\/www.welovecycling.com\/hu\/"},{"@type":"ListItem","position":2,"name":"Rendsz\u00e1mot a ker\u00e9kp\u00e1rokra is?"}]},{"@type":"WebSite","@id":"https:\/\/www.welovecycling.com\/hu\/#website","url":"https:\/\/www.welovecycling.com\/hu\/","name":"\u0160koda We Love Cycling - Magyarorsz\u00e1g","description":"\u0160koda WeLoveCycling","potentialAction":[{"@type":"SearchAction","target":{"@type":"EntryPoint","urlTemplate":"https:\/\/www.welovecycling.com\/hu\/?s={search_term_string}"},"query-input":{"@type":"PropertyValueSpecification","valueRequired":true,"valueName":"search_term_string"}}],"inLanguage":"hu"},{"@type":"Person","@id":"https:\/\/www.welovecycling.com\/hu\/#\/schema\/person\/414a2aebf1801691a5320edb6468e194","name":"hegyizs","image":{"@type":"ImageObject","inLanguage":"hu","@id":"https:\/\/www.welovecycling.com\/hu\/#\/schema\/person\/image\/","url":"https:\/\/secure.gravatar.com\/avatar\/02cf8a7906b8cf90cecb4679defac7cfd33a1c2e3b88e4903d947f3bb58eedd3?s=96&d=mm&r=g","contentUrl":"https:\/\/secure.gravatar.com\/avatar\/02cf8a7906b8cf90cecb4679defac7cfd33a1c2e3b88e4903d947f3bb58eedd3?s=96&d=mm&r=g","caption":"hegyizs"},"url":"https:\/\/www.welovecycling.com\/hu\/author\/hegyizs\/"}]}},"_links":{"self":[{"href":"https:\/\/www.welovecycling.com\/hu\/wp-json\/wp\/v2\/posts\/3984","targetHints":{"allow":["GET"]}}],"collection":[{"href":"https:\/\/www.welovecycling.com\/hu\/wp-json\/wp\/v2\/posts"}],"about":[{"href":"https:\/\/www.welovecycling.com\/hu\/wp-json\/wp\/v2\/types\/post"}],"author":[{"embeddable":true,"href":"https:\/\/www.welovecycling.com\/hu\/wp-json\/wp\/v2\/users\/71"}],"replies":[{"embeddable":true,"href":"https:\/\/www.welovecycling.com\/hu\/wp-json\/wp\/v2\/comments?post=3984"}],"version-history":[{"count":2,"href":"https:\/\/www.welovecycling.com\/hu\/wp-json\/wp\/v2\/posts\/3984\/revisions"}],"predecessor-version":[{"id":4001,"href":"https:\/\/www.welovecycling.com\/hu\/wp-json\/wp\/v2\/posts\/3984\/revisions\/4001"}],"wp:featuredmedia":[{"embeddable":true,"href":"https:\/\/www.welovecycling.com\/hu\/wp-json\/wp\/v2\/media\/3988"}],"wp:attachment":[{"href":"https:\/\/www.welovecycling.com\/hu\/wp-json\/wp\/v2\/media?parent=3984"}],"wp:term":[{"taxonomy":"category","embeddable":true,"href":"https:\/\/www.welovecycling.com\/hu\/wp-json\/wp\/v2\/categories?post=3984"},{"taxonomy":"post_tag","embeddable":true,"href":"https:\/\/www.welovecycling.com\/hu\/wp-json\/wp\/v2\/tags?post=3984"},{"taxonomy":"global-categories","embeddable":true,"href":"https:\/\/www.welovecycling.com\/hu\/wp-json\/wp\/v2\/global-categories?post=3984"}],"curies":[{"name":"wp","href":"https:\/\/api.w.org\/{rel}","templated":true}]}}