{"id":3975,"date":"2019-06-26T08:00:27","date_gmt":"2019-06-26T07:00:27","guid":{"rendered":"https:\/\/www.welovecycling.com\/hu\/?p=3975"},"modified":"2019-06-19T12:20:46","modified_gmt":"2019-06-19T11:20:46","slug":"miert-hizol-ha-ugyanannyit-eszel","status":"publish","type":"post","link":"https:\/\/www.welovecycling.com\/hu\/edzes-es-eletmod\/miert-hizol-ha-ugyanannyit-eszel\/","title":{"rendered":"Mi\u00e9rt h\u00edzol, ha ugyanannyit eszel?"},"content":{"rendered":"<p><strong>\u00c9vtizedek \u00f3ta ugyan\u00fagy \u00e9tkezem! Hogy lehets\u00e9ges az, hogy minden ok n\u00e9lk\u00fcl elkezdtem h\u00edzni? Nem ellent\u00e9tes ez a fizika t\u00f6rv\u00e9nyeivel? Nem sz\u00e1m\u00edt eg\u00e9szs\u00e9gtelennek? Nem. Viszonylag gyakran el\u0151fordul, \u00e9s igen egyszer\u0171 a magyar\u00e1zata. A j\u00f3 h\u00edr pedig az, hogy ha meg\u00e9rted az ok\u00e1t, akkor van es\u00e9lyed visszaford\u00edtani a h\u00edz\u00e1s folyamat\u00e1t.<\/strong><\/p>\n<p><!--more--><\/p>\n<p>Szerencs\u00e9re az \u201eegy\u00e9l t\u00f6bbet, mint amennyit el\u00e9getsz, ha h\u00edzni akarsz\u201d energiaegyens\u00faly-egyenlet itt is \u00e9rv\u00e9nyes. A gond az, hogy ez apr\u00f3s\u00e1gokban elt\u00e9rhet az \u00e9letvitel \u00e9s k\u00fcl\u00f6nb\u00f6z\u0151 eg\u00e9szs\u00e9g\u00fcgyi v\u00e1ltoz\u00e1sok miatt, amelyeket neh\u00e9z kisz\u00farni. \u00cdme, n\u00e9h\u00e1ny tipikus eset megold\u00e1sokkal.<\/p>\n<h2><strong>Elkezdt\u00e9l egy kicsit t\u00f6bbet enni<\/strong><\/h2>\n<p>Teljesen norm\u00e1lis, hogy a t\u00e1pl\u00e1l\u00e9kbeviteled ingadozik. Olyan h\u00e9tk\u00f6znapi dolgok, mint a megn\u00f6vekedett stressz, hangulatv\u00e1ltoz\u00e1sok, \u00e9tv\u00e1gy \u00e9s a k\u00f6rnyezet\u00fcnk, mind befoly\u00e1solhatj\u00e1k mennyit esz\u00fcnk. Ezek a hat\u00e1sok ugyan lehet, hogy \u00f6nmagukban eleny\u00e9sz\u0151ek, de id\u0151vel \u00f6sszead\u00f3dnak. Ha azt gyan\u00edtod, hogy a te esetedben err\u0151l van sz\u00f3, pr\u00f3b\u00e1ld meg \u00edrni egy h\u00e9ten kereszt\u00fcl, hogy mit eszel, \u00e9s hogy \u00e9rzed magad az adott napon, \u00edgy tal\u00e1n v\u00e1laszt kapsz majd.<\/p>\n<figure id=\"attachment_3976\" aria-describedby=\"caption-attachment-3976\" style=\"width: 1024px\" class=\"wp-caption alignnone\"><a href=\"https:\/\/d2p6e6u75xmxt8.cloudfront.net\/2\/2019\/05\/eating-person-pizza-pexels-1741749.jpg\"><img loading=\"lazy\" decoding=\"async\" class=\"size-large wp-image-3976\" src=\"https:\/\/d2p6e6u75xmxt8.cloudfront.net\/12\/2019\/06\/eating-person-pizza-pexels-1741749-1024x682.jpg\" alt=\"\" width=\"1024\" height=\"682\" srcset=\"https:\/\/d2p6e6u75xmxt8.cloudfront.net\/12\/2019\/06\/eating-person-pizza-pexels-1741749-1024x682.jpg 1024w, https:\/\/d2p6e6u75xmxt8.cloudfront.net\/12\/2019\/06\/eating-person-pizza-pexels-1741749-300x200.jpg 300w, https:\/\/d2p6e6u75xmxt8.cloudfront.net\/12\/2019\/06\/eating-person-pizza-pexels-1741749-768x512.jpg 768w, https:\/\/d2p6e6u75xmxt8.cloudfront.net\/12\/2019\/06\/eating-person-pizza-pexels-1741749-272x182.jpg 272w, https:\/\/d2p6e6u75xmxt8.cloudfront.net\/12\/2019\/06\/eating-person-pizza-pexels-1741749.jpg 1280w\" sizes=\"auto, (max-width: 1024px) 100vw, 1024px\" \/><\/a><figcaption id=\"caption-attachment-3976\" class=\"wp-caption-text\"><em>Lehet, hogy lecs\u00faszott p\u00e1r s\u00f6r \u00e9s n\u00e9h\u00e1ny szelet pizza a haverokkal p\u00e9ntek este, egy hossz\u00fa eb\u00e9d szombaton a csal\u00e1ddal, ahol n\u00e9mi h\u00e1zi desszert is az asztalra ker\u00fclt, egy kiad\u00f3s vill\u00e1sreggeli vas\u00e1rnap reggel \u00e9s m\u00e9g egy poh\u00e1rka bor este.<\/em><\/figcaption><\/figure>\n<h2><strong>Egy ideje rosszabbul alszol<\/strong><\/h2>\n<p>Az alv\u00e1s a s\u00falykontroll egyik fontos t\u00e9nyez\u0151je. A v\u00e1ltoz\u00e1sok hat\u00e1ssal vannak az agyagcser\u00e9d alakul\u00e1s\u00e1ra, arra, hogy mennyi kal\u00f3ri\u00e1t \u00e9getsz el, milyen az \u00e9tv\u00e1gyad, miket k\u00edv\u00e1nsz meg \u00e9s hogy mennyit eszel. Teh\u00e1t ha 8 \u00f3ra alv\u00e1shoz vagy szokva, \u00e9s 6 \u00f3r\u00e1kat alszol vagy gyakran fel\u00e9bredsz az \u00e9jszaka k\u00f6zep\u00e9n, rendszertelen az alv\u00e1sod, akkor sokkal nagyobb es\u00e9lyed van a h\u00edz\u00e1sra. Az alv\u00e1si szok\u00e1sok pozit\u00edv v\u00e1ltoz\u00e1sa mindent meg tud v\u00e1ltoztatni.<\/p>\n<h2><strong>Az anyagcser\u00e9d alkalmazkodott<\/strong><\/h2>\n<p>Lehets\u00e9ges, hogy az anyagcser\u00e9d nem \u00fagy m\u0171k\u00f6dik, mint azel\u0151tt. K\u00fcl\u00f6n\u00f6sen abban az esetben, ha di\u00e9t\u00e1zt\u00e1l, felszedt\u00e9l vagy leadt\u00e1l t\u00f6bb kil\u00f3t, el\u00e9g val\u00f3sz\u00edn\u0171, hogy az anyagcser\u00e9d is alkalmazkodott a v\u00e1ltoz\u00e1sokhoz. Ez az igazod\u00e1s azt jelenti, hogy kevesebb kal\u00f3ri\u00e1val is tartani tudod a s\u00falyod. Teh\u00e1t, ha ugyanannyit fogsz enni \u00fajra, mint el\u0151tte, a tested egyszer\u0171en kevesebbet \u00e9get el bel\u0151le, ez pedig h\u00edz\u00e1shoz vezet.<\/p>\n<figure id=\"attachment_3977\" aria-describedby=\"caption-attachment-3977\" style=\"width: 1024px\" class=\"wp-caption alignnone\"><a href=\"https:\/\/d2p6e6u75xmxt8.cloudfront.net\/2\/2019\/01\/piles-of-junk-food-profimedia-0404933048.jpg\"><img loading=\"lazy\" decoding=\"async\" class=\"wp-image-3977 size-large\" src=\"https:\/\/d2p6e6u75xmxt8.cloudfront.net\/12\/2019\/06\/piles-of-junk-food-profimedia-0404933048-1024x683.jpg\" alt=\"\" width=\"1024\" height=\"683\" srcset=\"https:\/\/d2p6e6u75xmxt8.cloudfront.net\/12\/2019\/06\/piles-of-junk-food-profimedia-0404933048-1024x683.jpg 1024w, https:\/\/d2p6e6u75xmxt8.cloudfront.net\/12\/2019\/06\/piles-of-junk-food-profimedia-0404933048-300x200.jpg 300w, https:\/\/d2p6e6u75xmxt8.cloudfront.net\/12\/2019\/06\/piles-of-junk-food-profimedia-0404933048-768x512.jpg 768w, https:\/\/d2p6e6u75xmxt8.cloudfront.net\/12\/2019\/06\/piles-of-junk-food-profimedia-0404933048-272x182.jpg 272w, https:\/\/d2p6e6u75xmxt8.cloudfront.net\/12\/2019\/06\/piles-of-junk-food-profimedia-0404933048.jpg 1250w\" sizes=\"auto, (max-width: 1024px) 100vw, 1024px\" \/><\/a><figcaption id=\"caption-attachment-3977\" class=\"wp-caption-text\"><em>Lehet, hogy az anyagcser\u00e9d megv\u00e1ltozott.<\/em><\/figcaption><\/figure>\n<h2><strong>A menopauza befoly\u00e1solta a hormonjaidat<\/strong><\/h2>\n<p>A menopauza alatt a pajzsmirigyed hormonszintje leesik. K\u00fcl\u00f6n\u00f6sen a T3 \u00e9s a T4 hormonok fontosak az anyagcserem\u0171k\u00f6d\u00e9s szempontj\u00e1b\u00f3l. Amikor ezeknek a szintje lecs\u00f6kken, kevesebb energi\u00e1t \u00e9getsz el \u00e9s a h\u00edz\u00e1s sokkal val\u00f3sz\u00edn\u0171bb.<\/p>\n<h2><strong>Megv\u00e1ltozott az eg\u00e9szs\u00e9gi \u00e1llapotod<\/strong><\/h2>\n<p>Az is lehets\u00e9ges, hogy egy \u00faj gy\u00f3gyszer hat\u00e1ssal van az anyagcser\u00e9dre, p\u00e9ld\u00e1ul n\u00f6velheti a t\u00e1pl\u00e1l\u00e9kb\u00f3l felvett energia mennyis\u00e9g\u00e9t. A kr\u00f3nikus f\u00e1jdalom pedig kevesebb mozg\u00e1sra k\u00e9sztet, amely \u00e1ltal kevesebb energi\u00e1t haszn\u00e1lsz fel. Akikn\u00e9l a pajzsmirigy-alulm\u0171k\u00f6d\u00e9s ak\u00e1r legenyh\u00e9bb verzi\u00f3ja is fenn \u00e1ll, azokn\u00e1l az anyagcsere teljesen le\u00e1ll, \u00e9s ak\u00e1r 360 kal\u00f3ri\u00e1val is kevesebbet \u00e9gethetnek el naponta.<\/p>\n<p>Az utols\u00f3 h\u00e1rom bekezd\u00e9s illusztr\u00e1lja a f\u0151 tanuls\u00e1gokat. N\u00e9ha \u00fagy t\u0171nhet, hogy az \u00e9letedben nem \u00e1llt be k\u00fcl\u00f6n\u00f6sebb v\u00e1ltoz\u00e1s \u00e9s ugyanannyit eszel, mint kor\u00e1bban. \u00c1m val\u00f3j\u00e1ban lehets\u00e9ges, hogy a tested bels\u0151 folyamatai \u00e9s az anyagcser\u00e9d l\u00e9nyegesen megv\u00e1ltoztak. B\u00e1rmilyen szomor\u00fa is, de ha minden nyilv\u00e1nval\u00f3 ok n\u00e9lk\u00fcli h\u00edz\u00e1st tapasztalsz, a legjobb megold\u00e1s az \u00e9tel mennyis\u00e9g\u00e9nek cs\u00f6kkent\u00e9se lehet &#8211; egy\u00e9l teh\u00e1t kevesebbet.<\/p>\n","protected":false},"excerpt":{"rendered":"<p>\u00c9vtizedek \u00f3ta ugyan\u00fagy \u00e9tkezem! Hogy lehets\u00e9ges az, hogy minden ok n\u00e9lk\u00fcl elkezdtem h\u00edzni? Nem ellent\u00e9tes ez a fizika t\u00f6rv\u00e9nyeivel? Nem [&hellip;]<\/p>\n","protected":false},"author":71,"featured_media":3979,"comment_status":"open","ping_status":"open","sticky":false,"template":"","format":"standard","meta":{"footnotes":""},"categories":[6],"tags":[],"global-categories":[],"class_list":["post-3975","post","type-post","status-publish","format-standard","has-post-thumbnail","hentry","category-edzes-es-eletmod"],"yoast_head":"<!-- This site is optimized with the Yoast SEO Premium plugin v25.3 (Yoast SEO v25.9) - https:\/\/yoast.com\/wordpress\/plugins\/seo\/ -->\n<title>Mi\u00e9rt h\u00edzol, ha ugyanannyit eszel? - \u0160koda We Love Cycling - Magyarorsz\u00e1g<\/title>\n<meta name=\"robots\" content=\"index, follow, max-snippet:-1, max-image-preview:large, max-video-preview:-1\" \/>\n<link rel=\"canonical\" href=\"https:\/\/www.welovecycling.com\/hu\/edzes-es-eletmod\/miert-hizol-ha-ugyanannyit-eszel\/\" \/>\n<meta property=\"og:locale\" content=\"hu_HU\" \/>\n<meta property=\"og:type\" content=\"article\" \/>\n<meta property=\"og:title\" content=\"Mi\u00e9rt h\u00edzol, ha ugyanannyit eszel?\" \/>\n<meta property=\"og:description\" content=\"\u00c9vtizedek \u00f3ta ugyan\u00fagy \u00e9tkezem! Hogy lehets\u00e9ges az, hogy minden ok n\u00e9lk\u00fcl elkezdtem h\u00edzni? Nem ellent\u00e9tes ez a fizika t\u00f6rv\u00e9nyeivel? Nem [&hellip;]\" \/>\n<meta property=\"og:url\" content=\"https:\/\/www.welovecycling.com\/hu\/edzes-es-eletmod\/miert-hizol-ha-ugyanannyit-eszel\/\" \/>\n<meta property=\"og:site_name\" content=\"\u0160koda We Love Cycling - Magyarorsz\u00e1g\" \/>\n<meta property=\"article:publisher\" content=\"https:\/\/www.facebook.com\/WeLoveCyclingHungary\/\" \/>\n<meta property=\"article:published_time\" content=\"2019-06-26T07:00:27+00:00\" \/>\n<meta property=\"og:image\" content=\"https:\/\/d2p6e6u75xmxt8.cloudfront.net\/12\/2019\/06\/veggies-in-bowl-1464601-pexels-CVR.jpg\" \/>\n\t<meta property=\"og:image:width\" content=\"1366\" \/>\n\t<meta property=\"og:image:height\" content=\"600\" \/>\n\t<meta property=\"og:image:type\" content=\"image\/jpeg\" \/>\n<meta name=\"author\" content=\"hegyizs\" \/>\n<meta name=\"twitter:card\" content=\"summary_large_image\" \/>\n<meta name=\"twitter:label1\" content=\"Written by\" \/>\n\t<meta name=\"twitter:data1\" content=\"Jiri Kaloc\" \/>\n\t<meta name=\"twitter:label2\" content=\"Est. reading time\" \/>\n\t<meta name=\"twitter:data2\" content=\"5\" \/>\n<script type=\"application\/ld+json\" class=\"yoast-schema-graph\">{\"@context\":\"https:\/\/schema.org\",\"@graph\":[{\"@type\":\"WebPage\",\"@id\":\"https:\/\/www.welovecycling.com\/hu\/edzes-es-eletmod\/miert-hizol-ha-ugyanannyit-eszel\/\",\"url\":\"https:\/\/www.welovecycling.com\/hu\/edzes-es-eletmod\/miert-hizol-ha-ugyanannyit-eszel\/\",\"name\":\"Mi\u00e9rt h\u00edzol, ha ugyanannyit eszel? - \u0160koda We Love Cycling - Magyarorsz\u00e1g\",\"isPartOf\":{\"@id\":\"https:\/\/www.welovecycling.com\/hu\/#website\"},\"primaryImageOfPage\":{\"@id\":\"https:\/\/www.welovecycling.com\/hu\/edzes-es-eletmod\/miert-hizol-ha-ugyanannyit-eszel\/#primaryimage\"},\"image\":{\"@id\":\"https:\/\/www.welovecycling.com\/hu\/edzes-es-eletmod\/miert-hizol-ha-ugyanannyit-eszel\/#primaryimage\"},\"thumbnailUrl\":\"https:\/\/d2p6e6u75xmxt8.cloudfront.net\/12\/2019\/06\/veggies-in-bowl-1464601-pexels-CVR.jpg\",\"datePublished\":\"2019-06-26T07:00:27+00:00\",\"author\":{\"@id\":\"https:\/\/www.welovecycling.com\/hu\/#\/schema\/person\/414a2aebf1801691a5320edb6468e194\"},\"breadcrumb\":{\"@id\":\"https:\/\/www.welovecycling.com\/hu\/edzes-es-eletmod\/miert-hizol-ha-ugyanannyit-eszel\/#breadcrumb\"},\"inLanguage\":\"hu\",\"potentialAction\":[{\"@type\":\"ReadAction\",\"target\":[\"https:\/\/www.welovecycling.com\/hu\/edzes-es-eletmod\/miert-hizol-ha-ugyanannyit-eszel\/\"]}]},{\"@type\":\"ImageObject\",\"inLanguage\":\"hu\",\"@id\":\"https:\/\/www.welovecycling.com\/hu\/edzes-es-eletmod\/miert-hizol-ha-ugyanannyit-eszel\/#primaryimage\",\"url\":\"https:\/\/d2p6e6u75xmxt8.cloudfront.net\/12\/2019\/06\/veggies-in-bowl-1464601-pexels-CVR.jpg\",\"contentUrl\":\"https:\/\/d2p6e6u75xmxt8.cloudfront.net\/12\/2019\/06\/veggies-in-bowl-1464601-pexels-CVR.jpg\",\"width\":1366,\"height\":600},{\"@type\":\"BreadcrumbList\",\"@id\":\"https:\/\/www.welovecycling.com\/hu\/edzes-es-eletmod\/miert-hizol-ha-ugyanannyit-eszel\/#breadcrumb\",\"itemListElement\":[{\"@type\":\"ListItem\",\"position\":1,\"name\":\"Home\",\"item\":\"https:\/\/www.welovecycling.com\/hu\/\"},{\"@type\":\"ListItem\",\"position\":2,\"name\":\"Mi\u00e9rt h\u00edzol, ha ugyanannyit eszel?\"}]},{\"@type\":\"WebSite\",\"@id\":\"https:\/\/www.welovecycling.com\/hu\/#website\",\"url\":\"https:\/\/www.welovecycling.com\/hu\/\",\"name\":\"\u0160koda We Love Cycling - Magyarorsz\u00e1g\",\"description\":\"\u0160koda WeLoveCycling\",\"potentialAction\":[{\"@type\":\"SearchAction\",\"target\":{\"@type\":\"EntryPoint\",\"urlTemplate\":\"https:\/\/www.welovecycling.com\/hu\/?s={search_term_string}\"},\"query-input\":{\"@type\":\"PropertyValueSpecification\",\"valueRequired\":true,\"valueName\":\"search_term_string\"}}],\"inLanguage\":\"hu\"},{\"@type\":\"Person\",\"@id\":\"https:\/\/www.welovecycling.com\/hu\/#\/schema\/person\/414a2aebf1801691a5320edb6468e194\",\"name\":\"hegyizs\",\"image\":{\"@type\":\"ImageObject\",\"inLanguage\":\"hu\",\"@id\":\"https:\/\/www.welovecycling.com\/hu\/#\/schema\/person\/image\/\",\"url\":\"https:\/\/secure.gravatar.com\/avatar\/02cf8a7906b8cf90cecb4679defac7cfd33a1c2e3b88e4903d947f3bb58eedd3?s=96&d=mm&r=g\",\"contentUrl\":\"https:\/\/secure.gravatar.com\/avatar\/02cf8a7906b8cf90cecb4679defac7cfd33a1c2e3b88e4903d947f3bb58eedd3?s=96&d=mm&r=g\",\"caption\":\"hegyizs\"},\"url\":\"https:\/\/www.welovecycling.com\/hu\/author\/hegyizs\/\"}]}<\/script>\n<!-- \/ Yoast SEO Premium plugin. -->","yoast_head_json":{"title":"Mi\u00e9rt h\u00edzol, ha ugyanannyit eszel? - \u0160koda We Love Cycling - Magyarorsz\u00e1g","robots":{"index":"index","follow":"follow","max-snippet":"max-snippet:-1","max-image-preview":"max-image-preview:large","max-video-preview":"max-video-preview:-1"},"canonical":"https:\/\/www.welovecycling.com\/hu\/edzes-es-eletmod\/miert-hizol-ha-ugyanannyit-eszel\/","og_locale":"hu_HU","og_type":"article","og_title":"Mi\u00e9rt h\u00edzol, ha ugyanannyit eszel?","og_description":"\u00c9vtizedek \u00f3ta ugyan\u00fagy \u00e9tkezem! Hogy lehets\u00e9ges az, hogy minden ok n\u00e9lk\u00fcl elkezdtem h\u00edzni? Nem ellent\u00e9tes ez a fizika t\u00f6rv\u00e9nyeivel? Nem [&hellip;]","og_url":"https:\/\/www.welovecycling.com\/hu\/edzes-es-eletmod\/miert-hizol-ha-ugyanannyit-eszel\/","og_site_name":"\u0160koda We Love Cycling - Magyarorsz\u00e1g","article_publisher":"https:\/\/www.facebook.com\/WeLoveCyclingHungary\/","article_published_time":"2019-06-26T07:00:27+00:00","og_image":[{"width":1366,"height":600,"url":"https:\/\/d2p6e6u75xmxt8.cloudfront.net\/12\/2019\/06\/veggies-in-bowl-1464601-pexels-CVR.jpg","type":"image\/jpeg"}],"author":"hegyizs","twitter_card":"summary_large_image","twitter_misc":{"Written by":"Jiri Kaloc","Est. reading time":"5"},"schema":{"@context":"https:\/\/schema.org","@graph":[{"@type":"WebPage","@id":"https:\/\/www.welovecycling.com\/hu\/edzes-es-eletmod\/miert-hizol-ha-ugyanannyit-eszel\/","url":"https:\/\/www.welovecycling.com\/hu\/edzes-es-eletmod\/miert-hizol-ha-ugyanannyit-eszel\/","name":"Mi\u00e9rt h\u00edzol, ha ugyanannyit eszel? - \u0160koda We Love Cycling - Magyarorsz\u00e1g","isPartOf":{"@id":"https:\/\/www.welovecycling.com\/hu\/#website"},"primaryImageOfPage":{"@id":"https:\/\/www.welovecycling.com\/hu\/edzes-es-eletmod\/miert-hizol-ha-ugyanannyit-eszel\/#primaryimage"},"image":{"@id":"https:\/\/www.welovecycling.com\/hu\/edzes-es-eletmod\/miert-hizol-ha-ugyanannyit-eszel\/#primaryimage"},"thumbnailUrl":"https:\/\/d2p6e6u75xmxt8.cloudfront.net\/12\/2019\/06\/veggies-in-bowl-1464601-pexels-CVR.jpg","datePublished":"2019-06-26T07:00:27+00:00","author":{"@id":"https:\/\/www.welovecycling.com\/hu\/#\/schema\/person\/414a2aebf1801691a5320edb6468e194"},"breadcrumb":{"@id":"https:\/\/www.welovecycling.com\/hu\/edzes-es-eletmod\/miert-hizol-ha-ugyanannyit-eszel\/#breadcrumb"},"inLanguage":"hu","potentialAction":[{"@type":"ReadAction","target":["https:\/\/www.welovecycling.com\/hu\/edzes-es-eletmod\/miert-hizol-ha-ugyanannyit-eszel\/"]}]},{"@type":"ImageObject","inLanguage":"hu","@id":"https:\/\/www.welovecycling.com\/hu\/edzes-es-eletmod\/miert-hizol-ha-ugyanannyit-eszel\/#primaryimage","url":"https:\/\/d2p6e6u75xmxt8.cloudfront.net\/12\/2019\/06\/veggies-in-bowl-1464601-pexels-CVR.jpg","contentUrl":"https:\/\/d2p6e6u75xmxt8.cloudfront.net\/12\/2019\/06\/veggies-in-bowl-1464601-pexels-CVR.jpg","width":1366,"height":600},{"@type":"BreadcrumbList","@id":"https:\/\/www.welovecycling.com\/hu\/edzes-es-eletmod\/miert-hizol-ha-ugyanannyit-eszel\/#breadcrumb","itemListElement":[{"@type":"ListItem","position":1,"name":"Home","item":"https:\/\/www.welovecycling.com\/hu\/"},{"@type":"ListItem","position":2,"name":"Mi\u00e9rt h\u00edzol, ha ugyanannyit eszel?"}]},{"@type":"WebSite","@id":"https:\/\/www.welovecycling.com\/hu\/#website","url":"https:\/\/www.welovecycling.com\/hu\/","name":"\u0160koda We Love Cycling - Magyarorsz\u00e1g","description":"\u0160koda WeLoveCycling","potentialAction":[{"@type":"SearchAction","target":{"@type":"EntryPoint","urlTemplate":"https:\/\/www.welovecycling.com\/hu\/?s={search_term_string}"},"query-input":{"@type":"PropertyValueSpecification","valueRequired":true,"valueName":"search_term_string"}}],"inLanguage":"hu"},{"@type":"Person","@id":"https:\/\/www.welovecycling.com\/hu\/#\/schema\/person\/414a2aebf1801691a5320edb6468e194","name":"hegyizs","image":{"@type":"ImageObject","inLanguage":"hu","@id":"https:\/\/www.welovecycling.com\/hu\/#\/schema\/person\/image\/","url":"https:\/\/secure.gravatar.com\/avatar\/02cf8a7906b8cf90cecb4679defac7cfd33a1c2e3b88e4903d947f3bb58eedd3?s=96&d=mm&r=g","contentUrl":"https:\/\/secure.gravatar.com\/avatar\/02cf8a7906b8cf90cecb4679defac7cfd33a1c2e3b88e4903d947f3bb58eedd3?s=96&d=mm&r=g","caption":"hegyizs"},"url":"https:\/\/www.welovecycling.com\/hu\/author\/hegyizs\/"}]}},"_links":{"self":[{"href":"https:\/\/www.welovecycling.com\/hu\/wp-json\/wp\/v2\/posts\/3975","targetHints":{"allow":["GET"]}}],"collection":[{"href":"https:\/\/www.welovecycling.com\/hu\/wp-json\/wp\/v2\/posts"}],"about":[{"href":"https:\/\/www.welovecycling.com\/hu\/wp-json\/wp\/v2\/types\/post"}],"author":[{"embeddable":true,"href":"https:\/\/www.welovecycling.com\/hu\/wp-json\/wp\/v2\/users\/71"}],"replies":[{"embeddable":true,"href":"https:\/\/www.welovecycling.com\/hu\/wp-json\/wp\/v2\/comments?post=3975"}],"version-history":[{"count":2,"href":"https:\/\/www.welovecycling.com\/hu\/wp-json\/wp\/v2\/posts\/3975\/revisions"}],"predecessor-version":[{"id":3983,"href":"https:\/\/www.welovecycling.com\/hu\/wp-json\/wp\/v2\/posts\/3975\/revisions\/3983"}],"wp:featuredmedia":[{"embeddable":true,"href":"https:\/\/www.welovecycling.com\/hu\/wp-json\/wp\/v2\/media\/3979"}],"wp:attachment":[{"href":"https:\/\/www.welovecycling.com\/hu\/wp-json\/wp\/v2\/media?parent=3975"}],"wp:term":[{"taxonomy":"category","embeddable":true,"href":"https:\/\/www.welovecycling.com\/hu\/wp-json\/wp\/v2\/categories?post=3975"},{"taxonomy":"post_tag","embeddable":true,"href":"https:\/\/www.welovecycling.com\/hu\/wp-json\/wp\/v2\/tags?post=3975"},{"taxonomy":"global-categories","embeddable":true,"href":"https:\/\/www.welovecycling.com\/hu\/wp-json\/wp\/v2\/global-categories?post=3975"}],"curies":[{"name":"wp","href":"https:\/\/api.w.org\/{rel}","templated":true}]}}