{"id":3970,"date":"2019-06-27T08:00:07","date_gmt":"2019-06-27T07:00:07","guid":{"rendered":"https:\/\/www.welovecycling.com\/hu\/?p=3970"},"modified":"2019-06-19T12:19:55","modified_gmt":"2019-06-19T11:19:55","slug":"hibak-amelyeket-jobb-ha-nem-kovetsz-el-ha-ujra-formaba-akarsz-lendulni","status":"publish","type":"post","link":"https:\/\/www.welovecycling.com\/hu\/edzes-es-eletmod\/hibak-amelyeket-jobb-ha-nem-kovetsz-el-ha-ujra-formaba-akarsz-lendulni\/","title":{"rendered":"Hib\u00e1k, amelyeket jobb ha nem k\u00f6vetsz el, ha \u00fajra form\u00e1ba akarsz lend\u00fclni"},"content":{"rendered":"<p><strong>Egy \u00faj p\u00e1rkapcsolat, t\u00fal sok munka vagy k\u00f6lt\u00f6z\u00e9s egy \u00faj otthonba \u2013 az okok, amelyek miatt egy j\u00f3l bev\u00e1lt ker\u00e9kp\u00e1ros rutint fel szok\u00e1s adni elt\u00e9r\u0151ek lehetnek, de a visszaz\u00f6kken\u00e9s mindig neh\u00e9z. \u00d6sszeszedt\u00fck a leggyakoribb hib\u00e1kat, amiket azok szoktak elk\u00f6vetni, akik t\u00fal hamar akarnak \u00fajra form\u00e1ba lend\u00fclni.<\/strong><\/p>\n<p><!--more--><\/p>\n<h2><strong>Hosszabb t\u00e1vok megt\u00e9tele m\u00e1r az elej\u00e9t\u0151l fogva<\/strong><\/h2>\n<p>Lehet, hogy kem\u00e9ny bring\u00e1s volt\u00e1l anno, de minden kihagy\u00e1s t\u00e9rdre k\u00e9nyszer\u00edti az \u00e1ll\u00f3k\u00e9pess\u00e9gedet. Min\u00e9l id\u0151sebb vagy, ann\u00e1l tov\u00e1bb tart majd \u00fajra form\u00e1ba lend\u00fclni. Ha azt hiszed, onnan folytatod majd, ahol egy \u00e9ve abbahagytad, ez sajnos csup\u00e1n v\u00e1gyvez\u00e9relt gondolkod\u00e1s, amely elhom\u00e1lyos\u00edthatja a t\u00e9nyt, miszerint sokkal k\u00f6r\u00fcltekint\u0151bben kell az eg\u00e9szet fel\u00e9p\u00edtened. Hogy megalapozd a bring\u00e1s rutint, el\u0151ny\u00f6sebb, ha gyakrabban tekersz r\u00f6videbb t\u00e1vokat, maximum 2 \u00f3r\u00e1n kereszt\u00fcl, mint ha heti egyszer vagy k\u00e9tszer nyomn\u00e1l 4 \u00f3r\u00e1kat.<\/p>\n<figure id=\"attachment_3971\" aria-describedby=\"caption-attachment-3971\" style=\"width: 1250px\" class=\"wp-caption alignnone\"><a href=\"https:\/\/d2p6e6u75xmxt8.cloudfront.net\/12\/2019\/06\/Training-profimedia-0374728737.jpg\"><img loading=\"lazy\" decoding=\"async\" class=\"size-full wp-image-3971\" src=\"https:\/\/d2p6e6u75xmxt8.cloudfront.net\/12\/2019\/06\/Training-profimedia-0374728737.jpg\" alt=\"\" width=\"1250\" height=\"833\" srcset=\"https:\/\/d2p6e6u75xmxt8.cloudfront.net\/12\/2019\/06\/Training-profimedia-0374728737.jpg 1250w, https:\/\/d2p6e6u75xmxt8.cloudfront.net\/12\/2019\/06\/Training-profimedia-0374728737-300x200.jpg 300w, https:\/\/d2p6e6u75xmxt8.cloudfront.net\/12\/2019\/06\/Training-profimedia-0374728737-768x512.jpg 768w, https:\/\/d2p6e6u75xmxt8.cloudfront.net\/12\/2019\/06\/Training-profimedia-0374728737-1024x682.jpg 1024w, https:\/\/d2p6e6u75xmxt8.cloudfront.net\/12\/2019\/06\/Training-profimedia-0374728737-272x182.jpg 272w\" sizes=\"auto, (max-width: 1250px) 100vw, 1250px\" \/><\/a><figcaption id=\"caption-attachment-3971\" class=\"wp-caption-text\">\u00a9\u00a0Profimedia, Caia Image<\/figcaption><\/figure>\n<h2><strong>Kor\u00e1bbi teljes\u00edtm\u00e9nyek \u00e9s eredm\u00e9nyek hajszol\u00e1sa<\/strong><\/h2>\n<p>Ez hasonl\u00f3 a letekert t\u00e1vols\u00e1gokhoz. Az emberek gyakran koncentr\u00e1lnak arra, milyen volt a kor\u00e1bbi form\u00e1juk, elfelejtve mennyi id\u0151 is telt el az\u00f3ta t\u00e9tlens\u00e9ggel. L\u00e9gy realista az aktu\u00e1lis \u00e1ll\u00f3k\u00e9pess\u00e9geddel kapcsolatban, de a hited ne hagyjon el! Ha azel\u0151tt j\u00f3k voltak az eredm\u00e9nyeid, t\u00f6bb h\u00e9t kitart\u00f3 edz\u00e9ssel \u00fajra k\u00e9pes leszel majd ugyanazt el\u00e9rni.<\/p>\n<h2><strong>Tan\u00e1cstalans\u00e1g az edz\u00e9sek intenzit\u00e1s\u00e1nak n\u00f6vel\u00e9s\u00e9t illet\u0151en<\/strong><\/h2>\n<p>Ez a t\u00fals\u00e1gos er\u0151ltet\u00e9s sz\u00f6ges ellent\u00e9te. N\u00e9h\u00e1ny ker\u00e9kp\u00e1ros azt gondolja, hogy t\u00f6bb h\u00e9tnyi alacsony intenzit\u00e1s\u00fa edz\u00e9sre van sz\u00fcks\u00e9ge, miel\u0151tt elkezden\u00e9 fokozni a neh\u00e9zs\u00e9get. Ez ak\u00e1r le is lass\u00edthatja az \u00e1ll\u00f3k\u00e9pess\u00e9g visszanyer\u00e9s\u00e9nek folyamat\u00e1t. Az edz\u0151k azt javasolj\u00e1k, hogy r\u00f6vid intervallum\u00fa, nagy intenzit\u00e1s\u00fa edz\u00e9seket iktassunk be a programunkba. P\u00e9ld\u00e1ul legfeljebb 10 m\u00e1sodperces sprinteket, amelyeket norm\u00e1l temp\u00f3j\u00fa, t\u00f6bb perces teker\u00e9sek v\u00e1ltanak fel. Ezzel a m\u00f3dszerrel a testednek hamar vissza kell nyernie a form\u00e1j\u00e1t.<\/p>\n<h2><strong>Elhamarkodott \u00fcl\u00e9spoz\u00edci\u00f3-v\u00e1lt\u00e1s<\/strong><\/h2>\n<p>T\u00f6bb h\u00e9t vagy h\u00f3nap kihagy\u00e1s ut\u00e1n minden furcs\u00e1nak t\u0171nik, amikor \u00fajra elkezdesz edzeni. F\u00e1j mindened, a bringa idegennek t\u0171nik; a nyereg t\u00fal magasan van, a f\u00e9kek pedig t\u00fals\u00e1gosan el\u00f6l vannak. Valami okn\u00e1l fogva a legut\u00f3bbi be\u00e1ll\u00edt\u00e1skor m\u00e9gis j\u00f3nak t\u0171ntek m\u00e9g. Lehet, hogy most \u00e1tmenetileg a tested merev, a hajl\u00e9konys\u00e1god pedig korl\u00e1tozott. Tekerj r\u00f6videbb t\u00e1vokat, \u00e9s adj es\u00e9lyt a testednek, hogy \u00fajra alkalmazkodhasson. Ha k\u00e9s\u0151bb sem v\u00e1ltozik a helyzet, akkor l\u00e1togasd meg a szerel\u0151det a bringaboltban.<\/p>\n<figure id=\"attachment_3972\" aria-describedby=\"caption-attachment-3972\" style=\"width: 1250px\" class=\"wp-caption alignnone\"><a href=\"https:\/\/d2p6e6u75xmxt8.cloudfront.net\/12\/2019\/06\/Training-profimedia-0330005144-1.jpg\"><img loading=\"lazy\" decoding=\"async\" class=\"size-full wp-image-3972\" src=\"https:\/\/d2p6e6u75xmxt8.cloudfront.net\/12\/2019\/06\/Training-profimedia-0330005144-1.jpg\" alt=\"\" width=\"1250\" height=\"676\" srcset=\"https:\/\/d2p6e6u75xmxt8.cloudfront.net\/12\/2019\/06\/Training-profimedia-0330005144-1.jpg 1250w, https:\/\/d2p6e6u75xmxt8.cloudfront.net\/12\/2019\/06\/Training-profimedia-0330005144-1-300x162.jpg 300w, https:\/\/d2p6e6u75xmxt8.cloudfront.net\/12\/2019\/06\/Training-profimedia-0330005144-1-768x415.jpg 768w, https:\/\/d2p6e6u75xmxt8.cloudfront.net\/12\/2019\/06\/Training-profimedia-0330005144-1-1024x554.jpg 1024w\" sizes=\"auto, (max-width: 1250px) 100vw, 1250px\" \/><\/a><figcaption id=\"caption-attachment-3972\" class=\"wp-caption-text\">\u00a9 Profimedia, Stock Budget<\/figcaption><\/figure>\n<h2><strong>Kevesebb ev\u00e9s a gyors fogy\u00e1s \u00e9rdek\u00e9ben<\/strong><\/h2>\n<p>Amikor vissza akarod szerezni a form\u00e1d hossz\u00fa kihagy\u00e1s ut\u00e1n, gyakran a fogy\u00e1s is megfogalmaz\u00f3dik egyfajta c\u00e9lk\u00e9nt. \u00c1m a napi t\u00e1panyagbeviteled cs\u00f6kkent\u00e9se nem a legjobb \u00f6tlet akkor, amikor folyamatosan n\u00f6veled a teljes\u00edtm\u00e9nyed. Az edz\u00e9ssel kapcsolatos t\u00f6rekv\u00e9seknek \u00f6sszhangban kell lenni\u00fck a kal\u00f3ri\u00e1kkal, \u00e9s a szak\u00e9rt\u0151k azt javasolj\u00e1k, hogy tartsd magad a megszokott t\u00e1pl\u00e1lkoz\u00e1si rutinodhoz. Ha bizonytalan vagy, keress fel egy dietetikus szak\u00e9rt\u0151t, akivel megbesz\u00e9lheted az \u00e9trendedet.<\/p>\n<h2><strong>A szabadt\u00e9ri k\u00f6r\u00fclm\u00e9nyek al\u00e1becs\u00fcl\u00e9se<\/strong><\/h2>\n<p>T\u00f6bb h\u00f3nap bring\u00e1z\u00e1s ut\u00e1n az emberek kitapasztalj\u00e1k, mit kell felvenni\u00fck, el\u00e9g, ha kin\u00e9znek az ablakon. A rendszeresen teker\u0151k sosem felejtik otthon az es\u0151kab\u00e1tot sem, ha az id\u0151j\u00e1r\u00e1sv\u00e1ltoz\u00e1s legcsek\u00e9lyebb es\u00e9lye is fenn\u00e1ll, nem is besz\u00e9lve a tartal\u00e9k bels\u0151r\u0151l, pump\u00e1r\u00f3l, harapnival\u00f3r\u00f3l \u00e9s a p\u00e9nzr\u0151l, amelyek mind beker\u00fclnek a h\u00e1ts\u00f3 zsebekbe. A visszat\u00e9r\u0151ben l\u00e9v\u0151 ker\u00e9kp\u00e1rosok viszont \u00e1ltal\u00e1ban elfelejtik a n\u00e9lk\u00fcl\u00f6zhetetlen kell\u00e9kek k\u00f6z\u00fcl legal\u00e1bb az egyiket, amit k\u00e9s\u0151bb \u00f3hatatlanul megb\u00e1nnak.<\/p>\n","protected":false},"excerpt":{"rendered":"<p>Egy \u00faj p\u00e1rkapcsolat, t\u00fal sok munka vagy k\u00f6lt\u00f6z\u00e9s egy \u00faj otthonba \u2013 az okok, amelyek miatt egy j\u00f3l bev\u00e1lt ker\u00e9kp\u00e1ros [&hellip;]<\/p>\n","protected":false},"author":71,"featured_media":3974,"comment_status":"open","ping_status":"open","sticky":false,"template":"","format":"standard","meta":{"footnotes":""},"categories":[6],"tags":[],"global-categories":[],"class_list":["post-3970","post","type-post","status-publish","format-standard","has-post-thumbnail","hentry","category-edzes-es-eletmod"],"yoast_head":"<!-- This site is optimized with the Yoast SEO Premium plugin v25.3 (Yoast SEO v25.9) - https:\/\/yoast.com\/wordpress\/plugins\/seo\/ -->\n<title>Hib\u00e1k, amelyeket jobb ha nem k\u00f6vetsz el, ha \u00fajra form\u00e1ba akarsz lend\u00fclni - \u0160koda We Love Cycling - Magyarorsz\u00e1g<\/title>\n<meta name=\"robots\" content=\"index, follow, max-snippet:-1, max-image-preview:large, max-video-preview:-1\" \/>\n<link rel=\"canonical\" href=\"https:\/\/www.welovecycling.com\/hu\/edzes-es-eletmod\/hibak-amelyeket-jobb-ha-nem-kovetsz-el-ha-ujra-formaba-akarsz-lendulni\/\" \/>\n<meta property=\"og:locale\" content=\"hu_HU\" \/>\n<meta property=\"og:type\" content=\"article\" \/>\n<meta property=\"og:title\" content=\"Hib\u00e1k, amelyeket jobb ha nem k\u00f6vetsz el, ha \u00fajra form\u00e1ba akarsz lend\u00fclni\" \/>\n<meta property=\"og:description\" content=\"Egy \u00faj p\u00e1rkapcsolat, t\u00fal sok munka vagy k\u00f6lt\u00f6z\u00e9s egy \u00faj otthonba \u2013 az okok, amelyek miatt egy j\u00f3l bev\u00e1lt ker\u00e9kp\u00e1ros [&hellip;]\" \/>\n<meta property=\"og:url\" content=\"https:\/\/www.welovecycling.com\/hu\/edzes-es-eletmod\/hibak-amelyeket-jobb-ha-nem-kovetsz-el-ha-ujra-formaba-akarsz-lendulni\/\" \/>\n<meta property=\"og:site_name\" content=\"\u0160koda We Love Cycling - Magyarorsz\u00e1g\" \/>\n<meta property=\"article:publisher\" content=\"https:\/\/www.facebook.com\/WeLoveCyclingHungary\/\" \/>\n<meta property=\"article:published_time\" content=\"2019-06-27T07:00:07+00:00\" \/>\n<meta property=\"og:image\" content=\"https:\/\/d2p6e6u75xmxt8.cloudfront.net\/12\/2019\/06\/Training-Cycling-CVR-profimedia-0330012699.jpg\" \/>\n\t<meta property=\"og:image:width\" content=\"1366\" \/>\n\t<meta property=\"og:image:height\" content=\"600\" \/>\n\t<meta property=\"og:image:type\" content=\"image\/jpeg\" \/>\n<meta name=\"author\" content=\"hegyizs\" \/>\n<meta name=\"twitter:card\" content=\"summary_large_image\" \/>\n<meta name=\"twitter:label1\" content=\"Written by\" \/>\n\t<meta name=\"twitter:data1\" content=\"Adam Marsal\" \/>\n\t<meta name=\"twitter:label2\" content=\"Est. reading time\" \/>\n\t<meta name=\"twitter:data2\" content=\"5\" \/>\n<script type=\"application\/ld+json\" class=\"yoast-schema-graph\">{\"@context\":\"https:\/\/schema.org\",\"@graph\":[{\"@type\":\"WebPage\",\"@id\":\"https:\/\/www.welovecycling.com\/hu\/edzes-es-eletmod\/hibak-amelyeket-jobb-ha-nem-kovetsz-el-ha-ujra-formaba-akarsz-lendulni\/\",\"url\":\"https:\/\/www.welovecycling.com\/hu\/edzes-es-eletmod\/hibak-amelyeket-jobb-ha-nem-kovetsz-el-ha-ujra-formaba-akarsz-lendulni\/\",\"name\":\"Hib\u00e1k, amelyeket jobb ha nem k\u00f6vetsz el, ha \u00fajra form\u00e1ba akarsz lend\u00fclni - \u0160koda We Love Cycling - Magyarorsz\u00e1g\",\"isPartOf\":{\"@id\":\"https:\/\/www.welovecycling.com\/hu\/#website\"},\"primaryImageOfPage\":{\"@id\":\"https:\/\/www.welovecycling.com\/hu\/edzes-es-eletmod\/hibak-amelyeket-jobb-ha-nem-kovetsz-el-ha-ujra-formaba-akarsz-lendulni\/#primaryimage\"},\"image\":{\"@id\":\"https:\/\/www.welovecycling.com\/hu\/edzes-es-eletmod\/hibak-amelyeket-jobb-ha-nem-kovetsz-el-ha-ujra-formaba-akarsz-lendulni\/#primaryimage\"},\"thumbnailUrl\":\"https:\/\/d2p6e6u75xmxt8.cloudfront.net\/12\/2019\/06\/Training-Cycling-CVR-profimedia-0330012699.jpg\",\"datePublished\":\"2019-06-27T07:00:07+00:00\",\"author\":{\"@id\":\"https:\/\/www.welovecycling.com\/hu\/#\/schema\/person\/414a2aebf1801691a5320edb6468e194\"},\"breadcrumb\":{\"@id\":\"https:\/\/www.welovecycling.com\/hu\/edzes-es-eletmod\/hibak-amelyeket-jobb-ha-nem-kovetsz-el-ha-ujra-formaba-akarsz-lendulni\/#breadcrumb\"},\"inLanguage\":\"hu\",\"potentialAction\":[{\"@type\":\"ReadAction\",\"target\":[\"https:\/\/www.welovecycling.com\/hu\/edzes-es-eletmod\/hibak-amelyeket-jobb-ha-nem-kovetsz-el-ha-ujra-formaba-akarsz-lendulni\/\"]}]},{\"@type\":\"ImageObject\",\"inLanguage\":\"hu\",\"@id\":\"https:\/\/www.welovecycling.com\/hu\/edzes-es-eletmod\/hibak-amelyeket-jobb-ha-nem-kovetsz-el-ha-ujra-formaba-akarsz-lendulni\/#primaryimage\",\"url\":\"https:\/\/d2p6e6u75xmxt8.cloudfront.net\/12\/2019\/06\/Training-Cycling-CVR-profimedia-0330012699.jpg\",\"contentUrl\":\"https:\/\/d2p6e6u75xmxt8.cloudfront.net\/12\/2019\/06\/Training-Cycling-CVR-profimedia-0330012699.jpg\",\"width\":1366,\"height\":600},{\"@type\":\"BreadcrumbList\",\"@id\":\"https:\/\/www.welovecycling.com\/hu\/edzes-es-eletmod\/hibak-amelyeket-jobb-ha-nem-kovetsz-el-ha-ujra-formaba-akarsz-lendulni\/#breadcrumb\",\"itemListElement\":[{\"@type\":\"ListItem\",\"position\":1,\"name\":\"Home\",\"item\":\"https:\/\/www.welovecycling.com\/hu\/\"},{\"@type\":\"ListItem\",\"position\":2,\"name\":\"Hib\u00e1k, amelyeket jobb ha nem k\u00f6vetsz el, ha \u00fajra form\u00e1ba akarsz lend\u00fclni\"}]},{\"@type\":\"WebSite\",\"@id\":\"https:\/\/www.welovecycling.com\/hu\/#website\",\"url\":\"https:\/\/www.welovecycling.com\/hu\/\",\"name\":\"\u0160koda We Love Cycling - Magyarorsz\u00e1g\",\"description\":\"\u0160koda WeLoveCycling\",\"potentialAction\":[{\"@type\":\"SearchAction\",\"target\":{\"@type\":\"EntryPoint\",\"urlTemplate\":\"https:\/\/www.welovecycling.com\/hu\/?s={search_term_string}\"},\"query-input\":{\"@type\":\"PropertyValueSpecification\",\"valueRequired\":true,\"valueName\":\"search_term_string\"}}],\"inLanguage\":\"hu\"},{\"@type\":\"Person\",\"@id\":\"https:\/\/www.welovecycling.com\/hu\/#\/schema\/person\/414a2aebf1801691a5320edb6468e194\",\"name\":\"hegyizs\",\"image\":{\"@type\":\"ImageObject\",\"inLanguage\":\"hu\",\"@id\":\"https:\/\/www.welovecycling.com\/hu\/#\/schema\/person\/image\/\",\"url\":\"https:\/\/secure.gravatar.com\/avatar\/02cf8a7906b8cf90cecb4679defac7cfd33a1c2e3b88e4903d947f3bb58eedd3?s=96&d=mm&r=g\",\"contentUrl\":\"https:\/\/secure.gravatar.com\/avatar\/02cf8a7906b8cf90cecb4679defac7cfd33a1c2e3b88e4903d947f3bb58eedd3?s=96&d=mm&r=g\",\"caption\":\"hegyizs\"},\"url\":\"https:\/\/www.welovecycling.com\/hu\/author\/hegyizs\/\"}]}<\/script>\n<!-- \/ Yoast SEO Premium plugin. -->","yoast_head_json":{"title":"Hib\u00e1k, amelyeket jobb ha nem k\u00f6vetsz el, ha \u00fajra form\u00e1ba akarsz lend\u00fclni - \u0160koda We Love Cycling - Magyarorsz\u00e1g","robots":{"index":"index","follow":"follow","max-snippet":"max-snippet:-1","max-image-preview":"max-image-preview:large","max-video-preview":"max-video-preview:-1"},"canonical":"https:\/\/www.welovecycling.com\/hu\/edzes-es-eletmod\/hibak-amelyeket-jobb-ha-nem-kovetsz-el-ha-ujra-formaba-akarsz-lendulni\/","og_locale":"hu_HU","og_type":"article","og_title":"Hib\u00e1k, amelyeket jobb ha nem k\u00f6vetsz el, ha \u00fajra form\u00e1ba akarsz lend\u00fclni","og_description":"Egy \u00faj p\u00e1rkapcsolat, t\u00fal sok munka vagy k\u00f6lt\u00f6z\u00e9s egy \u00faj otthonba \u2013 az okok, amelyek miatt egy j\u00f3l bev\u00e1lt ker\u00e9kp\u00e1ros [&hellip;]","og_url":"https:\/\/www.welovecycling.com\/hu\/edzes-es-eletmod\/hibak-amelyeket-jobb-ha-nem-kovetsz-el-ha-ujra-formaba-akarsz-lendulni\/","og_site_name":"\u0160koda We Love Cycling - Magyarorsz\u00e1g","article_publisher":"https:\/\/www.facebook.com\/WeLoveCyclingHungary\/","article_published_time":"2019-06-27T07:00:07+00:00","og_image":[{"width":1366,"height":600,"url":"https:\/\/d2p6e6u75xmxt8.cloudfront.net\/12\/2019\/06\/Training-Cycling-CVR-profimedia-0330012699.jpg","type":"image\/jpeg"}],"author":"hegyizs","twitter_card":"summary_large_image","twitter_misc":{"Written by":"Adam Marsal","Est. reading time":"5"},"schema":{"@context":"https:\/\/schema.org","@graph":[{"@type":"WebPage","@id":"https:\/\/www.welovecycling.com\/hu\/edzes-es-eletmod\/hibak-amelyeket-jobb-ha-nem-kovetsz-el-ha-ujra-formaba-akarsz-lendulni\/","url":"https:\/\/www.welovecycling.com\/hu\/edzes-es-eletmod\/hibak-amelyeket-jobb-ha-nem-kovetsz-el-ha-ujra-formaba-akarsz-lendulni\/","name":"Hib\u00e1k, amelyeket jobb ha nem k\u00f6vetsz el, ha \u00fajra form\u00e1ba akarsz lend\u00fclni - \u0160koda We Love Cycling - Magyarorsz\u00e1g","isPartOf":{"@id":"https:\/\/www.welovecycling.com\/hu\/#website"},"primaryImageOfPage":{"@id":"https:\/\/www.welovecycling.com\/hu\/edzes-es-eletmod\/hibak-amelyeket-jobb-ha-nem-kovetsz-el-ha-ujra-formaba-akarsz-lendulni\/#primaryimage"},"image":{"@id":"https:\/\/www.welovecycling.com\/hu\/edzes-es-eletmod\/hibak-amelyeket-jobb-ha-nem-kovetsz-el-ha-ujra-formaba-akarsz-lendulni\/#primaryimage"},"thumbnailUrl":"https:\/\/d2p6e6u75xmxt8.cloudfront.net\/12\/2019\/06\/Training-Cycling-CVR-profimedia-0330012699.jpg","datePublished":"2019-06-27T07:00:07+00:00","author":{"@id":"https:\/\/www.welovecycling.com\/hu\/#\/schema\/person\/414a2aebf1801691a5320edb6468e194"},"breadcrumb":{"@id":"https:\/\/www.welovecycling.com\/hu\/edzes-es-eletmod\/hibak-amelyeket-jobb-ha-nem-kovetsz-el-ha-ujra-formaba-akarsz-lendulni\/#breadcrumb"},"inLanguage":"hu","potentialAction":[{"@type":"ReadAction","target":["https:\/\/www.welovecycling.com\/hu\/edzes-es-eletmod\/hibak-amelyeket-jobb-ha-nem-kovetsz-el-ha-ujra-formaba-akarsz-lendulni\/"]}]},{"@type":"ImageObject","inLanguage":"hu","@id":"https:\/\/www.welovecycling.com\/hu\/edzes-es-eletmod\/hibak-amelyeket-jobb-ha-nem-kovetsz-el-ha-ujra-formaba-akarsz-lendulni\/#primaryimage","url":"https:\/\/d2p6e6u75xmxt8.cloudfront.net\/12\/2019\/06\/Training-Cycling-CVR-profimedia-0330012699.jpg","contentUrl":"https:\/\/d2p6e6u75xmxt8.cloudfront.net\/12\/2019\/06\/Training-Cycling-CVR-profimedia-0330012699.jpg","width":1366,"height":600},{"@type":"BreadcrumbList","@id":"https:\/\/www.welovecycling.com\/hu\/edzes-es-eletmod\/hibak-amelyeket-jobb-ha-nem-kovetsz-el-ha-ujra-formaba-akarsz-lendulni\/#breadcrumb","itemListElement":[{"@type":"ListItem","position":1,"name":"Home","item":"https:\/\/www.welovecycling.com\/hu\/"},{"@type":"ListItem","position":2,"name":"Hib\u00e1k, amelyeket jobb ha nem k\u00f6vetsz el, ha \u00fajra form\u00e1ba akarsz lend\u00fclni"}]},{"@type":"WebSite","@id":"https:\/\/www.welovecycling.com\/hu\/#website","url":"https:\/\/www.welovecycling.com\/hu\/","name":"\u0160koda We Love Cycling - Magyarorsz\u00e1g","description":"\u0160koda WeLoveCycling","potentialAction":[{"@type":"SearchAction","target":{"@type":"EntryPoint","urlTemplate":"https:\/\/www.welovecycling.com\/hu\/?s={search_term_string}"},"query-input":{"@type":"PropertyValueSpecification","valueRequired":true,"valueName":"search_term_string"}}],"inLanguage":"hu"},{"@type":"Person","@id":"https:\/\/www.welovecycling.com\/hu\/#\/schema\/person\/414a2aebf1801691a5320edb6468e194","name":"hegyizs","image":{"@type":"ImageObject","inLanguage":"hu","@id":"https:\/\/www.welovecycling.com\/hu\/#\/schema\/person\/image\/","url":"https:\/\/secure.gravatar.com\/avatar\/02cf8a7906b8cf90cecb4679defac7cfd33a1c2e3b88e4903d947f3bb58eedd3?s=96&d=mm&r=g","contentUrl":"https:\/\/secure.gravatar.com\/avatar\/02cf8a7906b8cf90cecb4679defac7cfd33a1c2e3b88e4903d947f3bb58eedd3?s=96&d=mm&r=g","caption":"hegyizs"},"url":"https:\/\/www.welovecycling.com\/hu\/author\/hegyizs\/"}]}},"_links":{"self":[{"href":"https:\/\/www.welovecycling.com\/hu\/wp-json\/wp\/v2\/posts\/3970","targetHints":{"allow":["GET"]}}],"collection":[{"href":"https:\/\/www.welovecycling.com\/hu\/wp-json\/wp\/v2\/posts"}],"about":[{"href":"https:\/\/www.welovecycling.com\/hu\/wp-json\/wp\/v2\/types\/post"}],"author":[{"embeddable":true,"href":"https:\/\/www.welovecycling.com\/hu\/wp-json\/wp\/v2\/users\/71"}],"replies":[{"embeddable":true,"href":"https:\/\/www.welovecycling.com\/hu\/wp-json\/wp\/v2\/comments?post=3970"}],"version-history":[{"count":2,"href":"https:\/\/www.welovecycling.com\/hu\/wp-json\/wp\/v2\/posts\/3970\/revisions"}],"predecessor-version":[{"id":3982,"href":"https:\/\/www.welovecycling.com\/hu\/wp-json\/wp\/v2\/posts\/3970\/revisions\/3982"}],"wp:featuredmedia":[{"embeddable":true,"href":"https:\/\/www.welovecycling.com\/hu\/wp-json\/wp\/v2\/media\/3974"}],"wp:attachment":[{"href":"https:\/\/www.welovecycling.com\/hu\/wp-json\/wp\/v2\/media?parent=3970"}],"wp:term":[{"taxonomy":"category","embeddable":true,"href":"https:\/\/www.welovecycling.com\/hu\/wp-json\/wp\/v2\/categories?post=3970"},{"taxonomy":"post_tag","embeddable":true,"href":"https:\/\/www.welovecycling.com\/hu\/wp-json\/wp\/v2\/tags?post=3970"},{"taxonomy":"global-categories","embeddable":true,"href":"https:\/\/www.welovecycling.com\/hu\/wp-json\/wp\/v2\/global-categories?post=3970"}],"curies":[{"name":"wp","href":"https:\/\/api.w.org\/{rel}","templated":true}]}}