{"id":3955,"date":"2019-06-25T08:00:05","date_gmt":"2019-06-25T07:00:05","guid":{"rendered":"https:\/\/www.welovecycling.com\/hu\/?p=3955"},"modified":"2019-06-19T12:18:50","modified_gmt":"2019-06-19T11:18:50","slug":"pedelec-kel-tekerek-akkor-most-csalo-vagyok","status":"publish","type":"post","link":"https:\/\/www.welovecycling.com\/hu\/trekking-mtb\/pedelec-kel-tekerek-akkor-most-csalo-vagyok\/","title":{"rendered":"Pedelec-kel tekerek \u2013 akkor most csal\u00f3 vagyok?"},"content":{"rendered":"<p><strong>Teszten a Winora, a Haibike \u00e9s a Gepida pr\u00e9mium kateg\u00f3ri\u00e1s az elektromos t\u00farabiciklik! A bike4fun csapata t\u00f6bb oldalr\u00f3l is megk\u00f6zel\u00edtette a kett\u0151s \u00e9rz\u00e9seket kiv\u00e1lt\u00f3 j\u00e1rm\u0171veket: vajon amat\u0151r\u00f6knek, profiknak vagy tal\u00e1n mindkett\u0151j\u00fcknek j\u00f3l j\u00f6het a r\u00e1seg\u00edt\u00e9s?<\/strong><!--more--><\/p>\n<p>B\u00e1r a meg\u00edt\u00e9l\u00e9s\u00fck igen v\u00e1ltoz\u00f3, lassan terjednek Magyarorsz\u00e1gon is az elektromos bring\u00e1k. Van, aki szerint csal\u00e1s, nem is igazi ker\u00e9kp\u00e1ros, ha valaki pedelec-kel megy fel a hegyre, m\u00e1sok \u00fagy gondolj\u00e1k, remek lehet\u0151s\u00e9g a k\u00f6nny\u00edt\u00e9s az eg\u00e9szs\u00e9g\u00fcgyi probl\u00e9m\u00e1kkal k\u00fczd\u0151knek, megint m\u00e1sok szerint pedig \u00faj utakat nyitnak meg az e-biciklik minden bring\u00e1s sz\u00e1m\u00e1ra. K\u00fclf\u00f6ld\u00f6n m\u00e1r sok helyen teljesen elfogadott az elektromos ker\u00e9kp\u00e1r, s\u0151t az elad\u00e1sok nagyobb r\u00e9sz\u00e9t ezek teszik ki. Itthon nemcsak az \u00e1ruk t\u00fal magas, a meg\u00edt\u00e9l\u00e9s\u00fck is sokszor negat\u00edv. Hogy hol az igazs\u00e1g? Val\u00f3sz\u00edn\u0171leg valahol a k\u00e9t v\u00e9glet k\u00f6z\u00f6tt.<\/p>\n<p>A h\u00e1rom e-bike tesztel\u00e9s\u00e9t egy amat\u0151r n\u0151i, \u00e9s k\u00e9t tapasztalt f\u00e9rfi ker\u00e9kp\u00e1ros v\u00e9gezte. A helysz\u00edn egy olyan 60 km-es k\u00f6r volt, amelyet m\u00e1r ismertek a tesztel\u0151k, \u00edgy volt viszony\u00edt\u00e1si alapjuk. \u00cdme a h\u00e1rom kipr\u00f3b\u00e1lt modell:<\/p>\n<h3><strong>1. Haibike<\/strong><\/h3>\n<figure id=\"attachment_3962\" aria-describedby=\"caption-attachment-3962\" style=\"width: 768px\" class=\"wp-caption alignnone\"><img loading=\"lazy\" decoding=\"async\" class=\"wp-image-3962 size-full\" src=\"https:\/\/d2p6e6u75xmxt8.cloudfront.net\/12\/2019\/06\/haibike3-768x576.jpg\" alt=\"\" width=\"768\" height=\"576\" srcset=\"https:\/\/d2p6e6u75xmxt8.cloudfront.net\/12\/2019\/06\/haibike3-768x576.jpg 768w, https:\/\/d2p6e6u75xmxt8.cloudfront.net\/12\/2019\/06\/haibike3-768x576-300x225.jpg 300w\" sizes=\"auto, (max-width: 768px) 100vw, 768px\" \/><figcaption id=\"caption-attachment-3962\" class=\"wp-caption-text\">Haibike Sduro Trekking 4.0<\/figcaption><\/figure>\n<p>A Winora anyav\u00e1llalat saj\u00e1t m\u00e1rk\u00e1ja, 36V-os, 250W-os teljes\u00edtm\u00e9ny\u0171 rendszerrel \u00e9s 400 W-os akksival. Yamaha-rendszer\u0171, k\u00f6z\u00e9pmotoros, szenzornyomat\u00e9kos \u00e9s van benne startseg\u00e9d. A r\u00e1seg\u00edt\u00e9s m\u00e9rt\u00e9k\u00e9t 4 szinten lehet \u00e1ll\u00edtani (Eco+:50% \/ Eco:100% \/ Std:190% \/ High:420%). H\u00e1tul nagyon j\u00f3 a fogaskosz\u00fa kioszt\u00e1sa, a legnagyobb fokozat lehet\u0151v\u00e9 teszi a nagyon k\u00f6nny\u0171 felfel\u00e9ket r\u00e1seg\u00edt\u00e9s n\u00e9lk\u00fcl is!<\/p>\n<h3><strong>2. Winora<\/strong><\/h3>\n<figure id=\"attachment_3956\" aria-describedby=\"caption-attachment-3956\" style=\"width: 768px\" class=\"wp-caption alignnone\"><img loading=\"lazy\" decoding=\"async\" class=\"size-full wp-image-3956\" src=\"https:\/\/d2p6e6u75xmxt8.cloudfront.net\/12\/2019\/06\/winora2-768x568.jpg\" alt=\"\" width=\"768\" height=\"568\" srcset=\"https:\/\/d2p6e6u75xmxt8.cloudfront.net\/12\/2019\/06\/winora2-768x568.jpg 768w, https:\/\/d2p6e6u75xmxt8.cloudfront.net\/12\/2019\/06\/winora2-768x568-300x222.jpg 300w\" sizes=\"auto, (max-width: 768px) 100vw, 768px\" \/><figcaption id=\"caption-attachment-3956\" class=\"wp-caption-text\">Winora Y420.X<\/figcaption><\/figure>\n<p>A n\u0151i Winora modell nagyban hasonl\u00edt a Haibike-ra (hiszen ugyanaz a gy\u00e1rt\u00f3juk), azonban ez a g\u00e9p 500W-os akksit \u00e9s 2\u00d710-es v\u00e1lt\u00f3rendszert kapott, teh\u00e1t el\u0151l is k\u00e9t t\u00e1ny\u00e9rja van, azaz els\u0151 v\u00e1lt\u00f3t is haszn\u00e1lni kell. Egy\u00e9b jellemz\u0151iben megegyezik a fent le\u00edrtakkal: 36V-os, 250W-os teljes\u00edtm\u00e9ny\u0171 rendszer, k\u00f6z\u00e9pmotoros, szenzornyomat\u00e9kos \u00e9s van benne startseg\u00e9d. Szint\u00e9n 4 szinten \u00e1ll\u00edthat\u00f3 r\u00e1seg\u00edt\u00e9ssel rendelkezik.<\/p>\n<h3><strong>3. Gepida<\/strong><\/h3>\n<figure id=\"attachment_3960\" aria-describedby=\"caption-attachment-3960\" style=\"width: 600px\" class=\"wp-caption alignnone\"><img loading=\"lazy\" decoding=\"async\" class=\"size-full wp-image-3960\" src=\"https:\/\/d2p6e6u75xmxt8.cloudfront.net\/12\/2019\/06\/Gepida_Alboin_1000_CB_-_Angel_Picture_grande.jpg\" alt=\"\" width=\"600\" height=\"349\" srcset=\"https:\/\/d2p6e6u75xmxt8.cloudfront.net\/12\/2019\/06\/Gepida_Alboin_1000_CB_-_Angel_Picture_grande.jpg 600w, https:\/\/d2p6e6u75xmxt8.cloudfront.net\/12\/2019\/06\/Gepida_Alboin_1000_CB_-_Angel_Picture_grande-300x175.jpg 300w\" sizes=\"auto, (max-width: 600px) 100vw, 600px\" \/><figcaption id=\"caption-attachment-3960\" class=\"wp-caption-text\">Gepida Alboin 1000 SLX<\/figcaption><\/figure>\n<p>A harmadik, n\u0151i modell m\u00e1r t\u00f6bb ter\u00fcleten elt\u00e9r vet\u00e9lyt\u00e1rsait\u00f3l: Bosch-t\u00edpus\u00fa rendszere van 60Nm-es nyomat\u00e9kkal, 36V-os, 250W-os rendszerrel, 400W-os akkumul\u00e1tor teljes\u00edtm\u00e9nnyel. Ez a bicaj is szenzornyomat\u00e9kos, a r\u00e1seg\u00edt\u00e9st itt is 4 szinten tudtuk \u00e1ll\u00edtani: Eco:50% \/ Tour:120% \/ Sport:190% \/ Turbo:275% \u00e9s a startseg\u00e9d itt is m\u0171k\u00f6dik.<\/p>\n<p>K\u00f6z\u00f6s tartoz\u00e9kaik a ledl\u00e1mp\u00e1k, a hidraulikus t\u00e1rcsaf\u00e9k \u00e9s a kijelz\u0151n\/vez\u00e9rl\u0151egys\u00e9g\u00e9n elhelyezett USB-csatlakoz\u00f3.<\/p>\n<h3><strong>Tekerj\u00fcnk!<\/strong><\/h3>\n<p>Az automatikus startseg\u00e9d eredm\u00e9nye: egy \u00f3ri\u00e1si vigyor az arcokon. K\u00fcl\u00f6n\u00f6sen a nagyobb nyomat\u00e9k\u00fa motorral rendelkez\u0151 Haibike \u00e9s Winora seg\u00edt k\u00f6nnyen belend\u00fclni. A nyomat\u00e9kszenzor pedig ann\u00e1l t\u00f6bbet seg\u00edt, min\u00e9l ink\u00e1bb tekered! J\u00f3 motiv\u00e1ci\u00f3 egy emelked\u0151n!<\/p>\n<p>A 60 km-es t\u00e1v k\u00f6r\u00fclbel\u00fcl 600 m\u00e9teresszintk\u00fcl\u00f6nbs\u00e9get foglalt mag\u00e1ban. A h\u00e1rom akksi szinte egyform\u00e1n b\u00edrta: 2,5 \u00f3ra teker\u00e9s ut\u00e1n 50%-on \u00e1lltak. A Winora b\u00edrta legjobban, hiszen az \u0151 akksija volt 500W-os, de a k\u00fcl\u00f6nbs\u00e9g nem volt nagy. Teh\u00e1t egy t\u00f6lt\u00e9ssel megtehet\u00fcnk ak\u00e1r 100-120 km-et is, 1000 m\u00e9teres szintk\u00fcl\u00f6nbs\u00e9ggel!<\/p>\n<figure id=\"attachment_3961\" aria-describedby=\"caption-attachment-3961\" style=\"width: 597px\" class=\"wp-caption alignnone\"><img loading=\"lazy\" decoding=\"async\" class=\"size-full wp-image-3961\" src=\"https:\/\/d2p6e6u75xmxt8.cloudfront.net\/12\/2019\/06\/gepida4.jpg\" alt=\"\" width=\"597\" height=\"562\" srcset=\"https:\/\/d2p6e6u75xmxt8.cloudfront.net\/12\/2019\/06\/gepida4.jpg 597w, https:\/\/d2p6e6u75xmxt8.cloudfront.net\/12\/2019\/06\/gepida4-300x282.jpg 300w\" sizes=\"auto, (max-width: 597px) 100vw, 597px\" \/><figcaption id=\"caption-attachment-3961\" class=\"wp-caption-text\">Gepida Alboin akkumul\u00e1tora<\/figcaption><\/figure>\n<p>Az emelked\u0151k pedig d\u00f6bbenetes \u00e9lm\u00e9nyt ny\u00fajtanak egy pedelac h\u00e1t\u00e1n: ahol orsz\u00e1g\u00fatival egy\u00e9bk\u00e9nt m\u00e1r lelassulunk (5-8%-os emelked\u0151) vagy er\u0151sen visszaesik a sebess\u00e9g\u00fcnk (8-12%), ott a felfel\u00e9 ezekkel a g\u00e9pekkel meg sem kottyan. M\u00e9g egy 10%-os emelked\u0151n is lehet tartani a 20 \u2013 25km\/h-s sebess\u00e9get. Magyarorsz\u00e1gon ilyen emelked\u0151 persze nem sok van\u2026 A r\u00e1seg\u00edt\u00e9s pedig m\u00e9g er\u0151s ellensz\u00e9l eset\u00e9n tud nagyon j\u00f3l j\u00f6nni, ezt az orsz\u00e1g\u00fatisok k\u00f6sz\u00f6nik majd meg!<\/p>\n<p>A tapasztalt bring\u00e1sok sz\u00e1m\u00e1ra azonban nem mindig ny\u00fajt seg\u00edts\u00e9get az e-bike. A norm\u00e1l pedelec ugyanis csak 25 km\/h-ig seg\u00edt r\u00e1, ez\u00e9rt azoknak, akik enn\u00e9l gyorsabban szoktak haladni t\u00e9nyleg csak az emelked\u0151k\u00f6n sz\u00e1m\u00edt, hogy elektromos vagy hagyom\u00e1nyos bring\u00e1n \u00fclnek-e.<\/p>\n<h3><strong>Az eredm\u00e9ny<\/strong><\/h3>\n<figure id=\"attachment_3959\" aria-describedby=\"caption-attachment-3959\" style=\"width: 553px\" class=\"wp-caption alignnone\"><img loading=\"lazy\" decoding=\"async\" class=\"size-full wp-image-3959\" src=\"https:\/\/d2p6e6u75xmxt8.cloudfront.net\/12\/2019\/06\/garmin_ebike2-1.png\" alt=\"\" width=\"553\" height=\"881\" srcset=\"https:\/\/d2p6e6u75xmxt8.cloudfront.net\/12\/2019\/06\/garmin_ebike2-1.png 553w, https:\/\/d2p6e6u75xmxt8.cloudfront.net\/12\/2019\/06\/garmin_ebike2-1-188x300.png 188w\" sizes=\"auto, (max-width: 553px) 100vw, 553px\" \/><figcaption id=\"caption-attachment-3959\" class=\"wp-caption-text\">eBike-teszt: a 60 km-es k\u00f6r adatinak \u00f6sszehasonl\u00edt\u00e1sa.<\/figcaption><\/figure>\n<p>A tesztel\u0151k szerint e-ker\u00e9kp\u00e1rozni nagyon \u00e9lvezetes, a rendszer j\u00f3l kital\u00e1lt, a technol\u00f3gia okos, min\u0151s\u00e9gi. Ett\u0151l f\u00fcggetlen\u00fcl nem val\u00f3 mindenkinek: nem kifejezetten sportol\u00e1sra vagy edz\u00e9sre alkalmas eszk\u00f6z, viszont t\u00far\u00e1z\u00e1sra \u00e9s szabadid\u0151 elt\u00f6lt\u00e9s\u00e9re t\u00f6k\u00e9letes. F\u0151leg bizonyos \u00e9lethelyzetekben hasznosak, akkor viszont nagyonis!<\/p>\n<p><img loading=\"lazy\" decoding=\"async\" class=\"size-full wp-image-3958\" src=\"https:\/\/d2p6e6u75xmxt8.cloudfront.net\/12\/2019\/06\/garmin_ebike1-1-768x864.png\" alt=\"\" width=\"768\" height=\"864\" srcset=\"https:\/\/d2p6e6u75xmxt8.cloudfront.net\/12\/2019\/06\/garmin_ebike1-1-768x864.png 768w, https:\/\/d2p6e6u75xmxt8.cloudfront.net\/12\/2019\/06\/garmin_ebike1-1-768x864-267x300.png 267w\" sizes=\"auto, (max-width: 768px) 100vw, 768px\" \/><\/p>\n<p>A 60 km-es k\u00f6r adatinak \u00f6sszehasonl\u00edt\u00e1sa. Bal oldalt az eBike, jobb oldalt az orsz\u00e1g\u00fati.A h\u00e1rom bringa k\u00f6z\u00fcl a Winora nyerte a szubjekt\u00edv versenyt, a Gepida viszont \u00e1r-\u00e9rt\u00e9k ar\u00e1nyban lett a gy\u0151ztes. Ha kedvet kapt\u00e1l kipr\u00f3b\u00e1lni valamelyik modellt, a bike4fun csapat\u00e1t\u00f3l b\u00e9relhetsz is e-bring\u00e1t!<\/p>\n","protected":false},"excerpt":{"rendered":"<p>Teszten a Winora, a Haibike \u00e9s a Gepida pr\u00e9mium kateg\u00f3ri\u00e1s az elektromos t\u00farabiciklik! A bike4fun csapata t\u00f6bb oldalr\u00f3l is megk\u00f6zel\u00edtette [&hellip;]<\/p>\n","protected":false},"author":71,"featured_media":3957,"comment_status":"open","ping_status":"open","sticky":false,"template":"","format":"standard","meta":{"footnotes":""},"categories":[7],"tags":[292],"global-categories":[],"class_list":["post-3955","post","type-post","status-publish","format-standard","has-post-thumbnail","hentry","category-trekking-mtb","tag-elektromos-bicikli"],"yoast_head":"<!-- This site is optimized with the Yoast SEO Premium plugin v25.3 (Yoast SEO v25.9) - https:\/\/yoast.com\/wordpress\/plugins\/seo\/ -->\n<title>Pedelec-kel tekerek \u2013 akkor most csal\u00f3 vagyok? - \u0160koda We Love Cycling - Magyarorsz\u00e1g<\/title>\n<meta name=\"robots\" content=\"index, follow, max-snippet:-1, max-image-preview:large, max-video-preview:-1\" \/>\n<link rel=\"canonical\" href=\"https:\/\/www.welovecycling.com\/hu\/trekking-mtb\/pedelec-kel-tekerek-akkor-most-csalo-vagyok\/\" \/>\n<meta property=\"og:locale\" content=\"hu_HU\" \/>\n<meta property=\"og:type\" content=\"article\" \/>\n<meta property=\"og:title\" content=\"Pedelec-kel tekerek \u2013 akkor most csal\u00f3 vagyok?\" \/>\n<meta property=\"og:description\" content=\"Teszten a Winora, a Haibike \u00e9s a Gepida pr\u00e9mium kateg\u00f3ri\u00e1s az elektromos t\u00farabiciklik! A bike4fun csapata t\u00f6bb oldalr\u00f3l is megk\u00f6zel\u00edtette [&hellip;]\" \/>\n<meta property=\"og:url\" content=\"https:\/\/www.welovecycling.com\/hu\/trekking-mtb\/pedelec-kel-tekerek-akkor-most-csalo-vagyok\/\" \/>\n<meta property=\"og:site_name\" content=\"\u0160koda We Love Cycling - Magyarorsz\u00e1g\" \/>\n<meta property=\"article:publisher\" content=\"https:\/\/www.facebook.com\/WeLoveCyclingHungary\/\" \/>\n<meta property=\"article:published_time\" content=\"2019-06-25T07:00:05+00:00\" \/>\n<meta property=\"og:image\" content=\"https:\/\/d2p6e6u75xmxt8.cloudfront.net\/12\/2019\/06\/ebike-2261979_1280.jpg\" \/>\n\t<meta property=\"og:image:width\" content=\"1280\" \/>\n\t<meta property=\"og:image:height\" content=\"720\" \/>\n\t<meta property=\"og:image:type\" content=\"image\/jpeg\" \/>\n<meta name=\"author\" content=\"hegyizs\" \/>\n<meta name=\"twitter:card\" content=\"summary_large_image\" \/>\n<meta name=\"twitter:label1\" content=\"Written by\" \/>\n\t<meta name=\"twitter:data1\" content=\"WLC\" \/>\n\t<meta name=\"twitter:label2\" content=\"Est. reading time\" \/>\n\t<meta name=\"twitter:data2\" content=\"5 minutes\" \/>\n<script type=\"application\/ld+json\" class=\"yoast-schema-graph\">{\"@context\":\"https:\/\/schema.org\",\"@graph\":[{\"@type\":\"WebPage\",\"@id\":\"https:\/\/www.welovecycling.com\/hu\/trekking-mtb\/pedelec-kel-tekerek-akkor-most-csalo-vagyok\/\",\"url\":\"https:\/\/www.welovecycling.com\/hu\/trekking-mtb\/pedelec-kel-tekerek-akkor-most-csalo-vagyok\/\",\"name\":\"Pedelec-kel tekerek \u2013 akkor most csal\u00f3 vagyok? - \u0160koda We Love Cycling - Magyarorsz\u00e1g\",\"isPartOf\":{\"@id\":\"https:\/\/www.welovecycling.com\/hu\/#website\"},\"primaryImageOfPage\":{\"@id\":\"https:\/\/www.welovecycling.com\/hu\/trekking-mtb\/pedelec-kel-tekerek-akkor-most-csalo-vagyok\/#primaryimage\"},\"image\":{\"@id\":\"https:\/\/www.welovecycling.com\/hu\/trekking-mtb\/pedelec-kel-tekerek-akkor-most-csalo-vagyok\/#primaryimage\"},\"thumbnailUrl\":\"https:\/\/d2p6e6u75xmxt8.cloudfront.net\/12\/2019\/06\/ebike-2261979_1280.jpg\",\"datePublished\":\"2019-06-25T07:00:05+00:00\",\"author\":{\"@id\":\"https:\/\/www.welovecycling.com\/hu\/#\/schema\/person\/414a2aebf1801691a5320edb6468e194\"},\"breadcrumb\":{\"@id\":\"https:\/\/www.welovecycling.com\/hu\/trekking-mtb\/pedelec-kel-tekerek-akkor-most-csalo-vagyok\/#breadcrumb\"},\"inLanguage\":\"hu\",\"potentialAction\":[{\"@type\":\"ReadAction\",\"target\":[\"https:\/\/www.welovecycling.com\/hu\/trekking-mtb\/pedelec-kel-tekerek-akkor-most-csalo-vagyok\/\"]}]},{\"@type\":\"ImageObject\",\"inLanguage\":\"hu\",\"@id\":\"https:\/\/www.welovecycling.com\/hu\/trekking-mtb\/pedelec-kel-tekerek-akkor-most-csalo-vagyok\/#primaryimage\",\"url\":\"https:\/\/d2p6e6u75xmxt8.cloudfront.net\/12\/2019\/06\/ebike-2261979_1280.jpg\",\"contentUrl\":\"https:\/\/d2p6e6u75xmxt8.cloudfront.net\/12\/2019\/06\/ebike-2261979_1280.jpg\",\"width\":1280,\"height\":720},{\"@type\":\"BreadcrumbList\",\"@id\":\"https:\/\/www.welovecycling.com\/hu\/trekking-mtb\/pedelec-kel-tekerek-akkor-most-csalo-vagyok\/#breadcrumb\",\"itemListElement\":[{\"@type\":\"ListItem\",\"position\":1,\"name\":\"Home\",\"item\":\"https:\/\/www.welovecycling.com\/hu\/\"},{\"@type\":\"ListItem\",\"position\":2,\"name\":\"Pedelec-kel tekerek \u2013 akkor most csal\u00f3 vagyok?\"}]},{\"@type\":\"WebSite\",\"@id\":\"https:\/\/www.welovecycling.com\/hu\/#website\",\"url\":\"https:\/\/www.welovecycling.com\/hu\/\",\"name\":\"\u0160koda We Love Cycling - Magyarorsz\u00e1g\",\"description\":\"\u0160koda WeLoveCycling\",\"potentialAction\":[{\"@type\":\"SearchAction\",\"target\":{\"@type\":\"EntryPoint\",\"urlTemplate\":\"https:\/\/www.welovecycling.com\/hu\/?s={search_term_string}\"},\"query-input\":{\"@type\":\"PropertyValueSpecification\",\"valueRequired\":true,\"valueName\":\"search_term_string\"}}],\"inLanguage\":\"hu\"},{\"@type\":\"Person\",\"@id\":\"https:\/\/www.welovecycling.com\/hu\/#\/schema\/person\/414a2aebf1801691a5320edb6468e194\",\"name\":\"hegyizs\",\"image\":{\"@type\":\"ImageObject\",\"inLanguage\":\"hu\",\"@id\":\"https:\/\/www.welovecycling.com\/hu\/#\/schema\/person\/image\/\",\"url\":\"https:\/\/secure.gravatar.com\/avatar\/02cf8a7906b8cf90cecb4679defac7cfd33a1c2e3b88e4903d947f3bb58eedd3?s=96&d=mm&r=g\",\"contentUrl\":\"https:\/\/secure.gravatar.com\/avatar\/02cf8a7906b8cf90cecb4679defac7cfd33a1c2e3b88e4903d947f3bb58eedd3?s=96&d=mm&r=g\",\"caption\":\"hegyizs\"},\"url\":\"https:\/\/www.welovecycling.com\/hu\/author\/hegyizs\/\"}]}<\/script>\n<!-- \/ Yoast SEO Premium plugin. -->","yoast_head_json":{"title":"Pedelec-kel tekerek \u2013 akkor most csal\u00f3 vagyok? - \u0160koda We Love Cycling - Magyarorsz\u00e1g","robots":{"index":"index","follow":"follow","max-snippet":"max-snippet:-1","max-image-preview":"max-image-preview:large","max-video-preview":"max-video-preview:-1"},"canonical":"https:\/\/www.welovecycling.com\/hu\/trekking-mtb\/pedelec-kel-tekerek-akkor-most-csalo-vagyok\/","og_locale":"hu_HU","og_type":"article","og_title":"Pedelec-kel tekerek \u2013 akkor most csal\u00f3 vagyok?","og_description":"Teszten a Winora, a Haibike \u00e9s a Gepida pr\u00e9mium kateg\u00f3ri\u00e1s az elektromos t\u00farabiciklik! A bike4fun csapata t\u00f6bb oldalr\u00f3l is megk\u00f6zel\u00edtette [&hellip;]","og_url":"https:\/\/www.welovecycling.com\/hu\/trekking-mtb\/pedelec-kel-tekerek-akkor-most-csalo-vagyok\/","og_site_name":"\u0160koda We Love Cycling - Magyarorsz\u00e1g","article_publisher":"https:\/\/www.facebook.com\/WeLoveCyclingHungary\/","article_published_time":"2019-06-25T07:00:05+00:00","og_image":[{"width":1280,"height":720,"url":"https:\/\/d2p6e6u75xmxt8.cloudfront.net\/12\/2019\/06\/ebike-2261979_1280.jpg","type":"image\/jpeg"}],"author":"hegyizs","twitter_card":"summary_large_image","twitter_misc":{"Written by":"WLC","Est. reading time":"5 minutes"},"schema":{"@context":"https:\/\/schema.org","@graph":[{"@type":"WebPage","@id":"https:\/\/www.welovecycling.com\/hu\/trekking-mtb\/pedelec-kel-tekerek-akkor-most-csalo-vagyok\/","url":"https:\/\/www.welovecycling.com\/hu\/trekking-mtb\/pedelec-kel-tekerek-akkor-most-csalo-vagyok\/","name":"Pedelec-kel tekerek \u2013 akkor most csal\u00f3 vagyok? - \u0160koda We Love Cycling - Magyarorsz\u00e1g","isPartOf":{"@id":"https:\/\/www.welovecycling.com\/hu\/#website"},"primaryImageOfPage":{"@id":"https:\/\/www.welovecycling.com\/hu\/trekking-mtb\/pedelec-kel-tekerek-akkor-most-csalo-vagyok\/#primaryimage"},"image":{"@id":"https:\/\/www.welovecycling.com\/hu\/trekking-mtb\/pedelec-kel-tekerek-akkor-most-csalo-vagyok\/#primaryimage"},"thumbnailUrl":"https:\/\/d2p6e6u75xmxt8.cloudfront.net\/12\/2019\/06\/ebike-2261979_1280.jpg","datePublished":"2019-06-25T07:00:05+00:00","author":{"@id":"https:\/\/www.welovecycling.com\/hu\/#\/schema\/person\/414a2aebf1801691a5320edb6468e194"},"breadcrumb":{"@id":"https:\/\/www.welovecycling.com\/hu\/trekking-mtb\/pedelec-kel-tekerek-akkor-most-csalo-vagyok\/#breadcrumb"},"inLanguage":"hu","potentialAction":[{"@type":"ReadAction","target":["https:\/\/www.welovecycling.com\/hu\/trekking-mtb\/pedelec-kel-tekerek-akkor-most-csalo-vagyok\/"]}]},{"@type":"ImageObject","inLanguage":"hu","@id":"https:\/\/www.welovecycling.com\/hu\/trekking-mtb\/pedelec-kel-tekerek-akkor-most-csalo-vagyok\/#primaryimage","url":"https:\/\/d2p6e6u75xmxt8.cloudfront.net\/12\/2019\/06\/ebike-2261979_1280.jpg","contentUrl":"https:\/\/d2p6e6u75xmxt8.cloudfront.net\/12\/2019\/06\/ebike-2261979_1280.jpg","width":1280,"height":720},{"@type":"BreadcrumbList","@id":"https:\/\/www.welovecycling.com\/hu\/trekking-mtb\/pedelec-kel-tekerek-akkor-most-csalo-vagyok\/#breadcrumb","itemListElement":[{"@type":"ListItem","position":1,"name":"Home","item":"https:\/\/www.welovecycling.com\/hu\/"},{"@type":"ListItem","position":2,"name":"Pedelec-kel tekerek \u2013 akkor most csal\u00f3 vagyok?"}]},{"@type":"WebSite","@id":"https:\/\/www.welovecycling.com\/hu\/#website","url":"https:\/\/www.welovecycling.com\/hu\/","name":"\u0160koda We Love Cycling - Magyarorsz\u00e1g","description":"\u0160koda WeLoveCycling","potentialAction":[{"@type":"SearchAction","target":{"@type":"EntryPoint","urlTemplate":"https:\/\/www.welovecycling.com\/hu\/?s={search_term_string}"},"query-input":{"@type":"PropertyValueSpecification","valueRequired":true,"valueName":"search_term_string"}}],"inLanguage":"hu"},{"@type":"Person","@id":"https:\/\/www.welovecycling.com\/hu\/#\/schema\/person\/414a2aebf1801691a5320edb6468e194","name":"hegyizs","image":{"@type":"ImageObject","inLanguage":"hu","@id":"https:\/\/www.welovecycling.com\/hu\/#\/schema\/person\/image\/","url":"https:\/\/secure.gravatar.com\/avatar\/02cf8a7906b8cf90cecb4679defac7cfd33a1c2e3b88e4903d947f3bb58eedd3?s=96&d=mm&r=g","contentUrl":"https:\/\/secure.gravatar.com\/avatar\/02cf8a7906b8cf90cecb4679defac7cfd33a1c2e3b88e4903d947f3bb58eedd3?s=96&d=mm&r=g","caption":"hegyizs"},"url":"https:\/\/www.welovecycling.com\/hu\/author\/hegyizs\/"}]}},"_links":{"self":[{"href":"https:\/\/www.welovecycling.com\/hu\/wp-json\/wp\/v2\/posts\/3955","targetHints":{"allow":["GET"]}}],"collection":[{"href":"https:\/\/www.welovecycling.com\/hu\/wp-json\/wp\/v2\/posts"}],"about":[{"href":"https:\/\/www.welovecycling.com\/hu\/wp-json\/wp\/v2\/types\/post"}],"author":[{"embeddable":true,"href":"https:\/\/www.welovecycling.com\/hu\/wp-json\/wp\/v2\/users\/71"}],"replies":[{"embeddable":true,"href":"https:\/\/www.welovecycling.com\/hu\/wp-json\/wp\/v2\/comments?post=3955"}],"version-history":[{"count":2,"href":"https:\/\/www.welovecycling.com\/hu\/wp-json\/wp\/v2\/posts\/3955\/revisions"}],"predecessor-version":[{"id":3965,"href":"https:\/\/www.welovecycling.com\/hu\/wp-json\/wp\/v2\/posts\/3955\/revisions\/3965"}],"wp:featuredmedia":[{"embeddable":true,"href":"https:\/\/www.welovecycling.com\/hu\/wp-json\/wp\/v2\/media\/3957"}],"wp:attachment":[{"href":"https:\/\/www.welovecycling.com\/hu\/wp-json\/wp\/v2\/media?parent=3955"}],"wp:term":[{"taxonomy":"category","embeddable":true,"href":"https:\/\/www.welovecycling.com\/hu\/wp-json\/wp\/v2\/categories?post=3955"},{"taxonomy":"post_tag","embeddable":true,"href":"https:\/\/www.welovecycling.com\/hu\/wp-json\/wp\/v2\/tags?post=3955"},{"taxonomy":"global-categories","embeddable":true,"href":"https:\/\/www.welovecycling.com\/hu\/wp-json\/wp\/v2\/global-categories?post=3955"}],"curies":[{"name":"wp","href":"https:\/\/api.w.org\/{rel}","templated":true}]}}