{"id":3944,"date":"2019-06-17T08:00:16","date_gmt":"2019-06-17T07:00:16","guid":{"rendered":"https:\/\/www.welovecycling.com\/hu\/?p=3944"},"modified":"2019-06-18T12:13:53","modified_gmt":"2019-06-18T11:13:53","slug":"hogyan-foglaltak-el-amszterdamot-a-bringasok","status":"publish","type":"post","link":"https:\/\/www.welovecycling.com\/hu\/varosi-kerekparozas\/hogyan-foglaltak-el-amszterdamot-a-bringasok\/","title":{"rendered":"Hogyan foglalt\u00e1k el Amszterdamot a bring\u00e1sok?"},"content":{"rendered":"<p><strong>Ha Amszterdamr\u00f3l van sz\u00f3, mindenkinek h\u00e1rom dolog ugrik be azonnal: a csatorn\u00e1k, a coffeeshopok, \u00e9s a mindent ellep\u0151 bring\u00e1s t\u00f6meg. Az embernek olyan \u00e9rz\u00e9se van, hogy aki nem bring\u00e1zik, az m\u00e1sodrend\u0171 k\u00f6zleked\u0151, hiszen az infrastrukt\u00fara annyira j\u00f3l ki\u00e9p\u00edtett, a v\u00e1ros annyira t\u00e1mogatja a bring\u00e1s k\u00f6zleked\u00e9st, hogy t\u00e9nyleg feleslegesnek t\u0171nik m\u00e1s k\u00f6zleked\u00e9si eszk\u00f6zzel pr\u00f3b\u00e1lkozni. Pedig nem volt ez mindig \u00edgy. <\/strong><!--more--><\/p>\n<p>A m\u00e1sodik vil\u00e1gh\u00e1bor\u00fa ut\u00e1n Hollandia komoly gazdas\u00e1gi fellend\u00fcl\u00e9s el\u0151tt \u00e1llt, \u00e9s mint a legt\u00f6bb ilyen orsz\u00e1gban, a j\u00f3l\u00e9t egyik fokm\u00e9r\u0151je a motoriz\u00e1ci\u00f3 volt. A polg\u00e1rok \u00e9s a v\u00e1rosvezet\u00e9s is \u00fagy gondolta, hogy a j\u00f6v\u0151 meghat\u00e1roz\u00f3 k\u00f6zleked\u00e9si eszk\u00f6ze az aut\u00f3 lesz, \u00edgy erre rendezkedett be a k\u00f6zleked\u00e9s. Sokat elmond a helyzetr\u0151l, hogy a hatvanas \u00e9vekre m\u00e1r \u00e9vi hat sz\u00e1zal\u00e9kkal cs\u00f6kkent a bring\u00e1val k\u00f6zleked\u0151k sz\u00e1ma.<\/p>\n<p><img loading=\"lazy\" decoding=\"async\" class=\"alignnone size-full wp-image-3946\" src=\"https:\/\/d2p6e6u75xmxt8.cloudfront.net\/12\/2019\/06\/scotland-1761292_1280-1.jpg\" alt=\"\" width=\"1200\" height=\"791\" srcset=\"https:\/\/d2p6e6u75xmxt8.cloudfront.net\/12\/2019\/06\/scotland-1761292_1280-1.jpg 1200w, https:\/\/d2p6e6u75xmxt8.cloudfront.net\/12\/2019\/06\/scotland-1761292_1280-1-300x198.jpg 300w, https:\/\/d2p6e6u75xmxt8.cloudfront.net\/12\/2019\/06\/scotland-1761292_1280-1-768x506.jpg 768w, https:\/\/d2p6e6u75xmxt8.cloudfront.net\/12\/2019\/06\/scotland-1761292_1280-1-1024x675.jpg 1024w\" sizes=\"auto, (max-width: 1200px) 100vw, 1200px\" \/><\/p>\n<p>Viszont a sok aut\u00f3 sok probl\u00e9m\u00e1t hozott mag\u00e1val, ezek k\u00f6z\u00f6tt a legs\u00falyosabb a k\u00f6z\u00fati balesetek sz\u00e1m\u00e1nak megd\u00f6bbent\u0151 n\u00f6veked\u00e9se volt. 1971-re v\u00e1lt a legs\u00falyosabb\u00e1 a helyzet, 3300-an haltak meg aut\u00f3balesetben, k\u00f6zt\u00fck 400 gyermek. Ekkor alakult meg a <em>Stop de Kindermoord, <\/em>azaz az <em>\u00c1ll\u00edtsuk meg a gyermekgyilkoss\u00e1gokat<\/em> nev\u0171 mozgalom, ennek az \u00e9l\u00e9re \u00e1llt a k\u00e9s\u0151bbi eur\u00f3pa parlamenti k\u00e9pvisel\u0151, Maartje van Puuten.<\/p>\n<p><img loading=\"lazy\" decoding=\"async\" class=\"alignnone wp-image-3953 size-full\" src=\"https:\/\/d2p6e6u75xmxt8.cloudfront.net\/12\/2019\/06\/wlc_025_2-1.jpg\" alt=\"\" width=\"1000\" height=\"574\" srcset=\"https:\/\/d2p6e6u75xmxt8.cloudfront.net\/12\/2019\/06\/wlc_025_2-1.jpg 1000w, https:\/\/d2p6e6u75xmxt8.cloudfront.net\/12\/2019\/06\/wlc_025_2-1-300x172.jpg 300w, https:\/\/d2p6e6u75xmxt8.cloudfront.net\/12\/2019\/06\/wlc_025_2-1-768x441.jpg 768w\" sizes=\"auto, (max-width: 1000px) 100vw, 1000px\" \/><\/p>\n<p>Maartje anyukak\u00e9nt \u00e1t\u00e9rezte a probl\u00e9ma s\u00faly\u00e1t, ez\u00e9rt t\u00fcntet\u00e9seket szervezett, k\u00f6vet\u0151ivel olyan csom\u00f3pontokat foglaltak el, ahol sok baleset t\u00f6rt\u00e9nt, bizonyos utc\u00e1kat pedig egyszer\u0171en egy-egy napra lez\u00e1rtak, \u00e9s piknikeket szerveztek. A mozgalmak hangj\u00e1t id\u0151vel a politikusok is meghallott\u00e1k, \u00edgy m\u00e1r a v\u00e1rosvezet\u00e9s is k\u00e9nytelen volt odafigyelni Maartje\u00e9kre. Az \u00e9rdem persze nem csak az \u00f6v\u00e9k, egyre t\u00f6bben akartak \u00e9lhet\u0151bb v\u00e1rosban lakni, egyesek od\u00e1ig mer\u00e9szkedtek, hogy illeg\u00e1lis ker\u00e9kp\u00e1rs\u00e1vokat festettek fel.<\/p>\n<p><img loading=\"lazy\" decoding=\"async\" class=\"alignnone wp-image-3952 size-full\" src=\"https:\/\/d2p6e6u75xmxt8.cloudfront.net\/12\/2019\/06\/wlc_025_3-1.jpg\" alt=\"\" width=\"1000\" height=\"575\" srcset=\"https:\/\/d2p6e6u75xmxt8.cloudfront.net\/12\/2019\/06\/wlc_025_3-1.jpg 1000w, https:\/\/d2p6e6u75xmxt8.cloudfront.net\/12\/2019\/06\/wlc_025_3-1-300x173.jpg 300w, https:\/\/d2p6e6u75xmxt8.cloudfront.net\/12\/2019\/06\/wlc_025_3-1-768x442.jpg 768w\" sizes=\"auto, (max-width: 1000px) 100vw, 1000px\" \/><\/p>\n<p>A folyamaton nagyot lend\u00edtett az 1973-as olajv\u00e1ls\u00e1g, a hirtelen egekbe sz\u00f6k\u0151 \u00fczemanyag\u00e1rak sok embert \u00fcltettek \u00e1t aut\u00f3b\u00f3l biciklire. T\u00f6bb v\u00e1ros vezet\u00e9se elkezdte t\u00e1mogatni az aut\u00f3mentes napok bevezet\u00e9s\u00e9t, \u00edgy azokon a szakaszokon, ahol kor\u00e1bban l\u00e9pni sem lehetett, vas\u00e1rnaponk\u00e9nt gyerekek fociztak. V\u00e9g\u00fcl Delft ki\u00e9p\u00edtette az els\u0151 ker\u00e9kp\u00e1r\u00fat-h\u00e1l\u00f3zatot, amelyet sorban k\u00f6vetett a t\u00f6bbi nagyv\u00e1ros.<\/p>\n<p>Hollandi\u00e1ban m\u00e1ra t\u00f6bb mint 35 ezer kilom\u00e9ternyi ker\u00e9kp\u00e1r\u00faton gurulhatnak, minden utaz\u00e1s negyede ker\u00e9kp\u00e1rral t\u00f6rt\u00e9nik. Amszterdamban ez a sz\u00e1m 38%, m\u00edg az egyetemv\u00e1rosban, Groningenben 59%. Csak Amszterdamban 400 kilom\u00e9ternyi bringa\u00fat szolg\u00e1lja ki a lakosokat \u00e9s a turizmust, \u00edgy ha valaki odal\u00e1togatna, k\u00e9zenfekv\u0151 ker\u00e9kp\u00e1rral k\u00f6zlekednie. A b\u00e9rl\u00e9s \u00e1ltal\u00e1ban 10 eur\u00f3 k\u00f6r\u00fcl alakul egy napra, de ez mehet lejjebb is, ha t\u00f6bb napra vissz\u00fck a bring\u00e1t.<\/p>\n<p><img loading=\"lazy\" decoding=\"async\" class=\"alignnone size-full wp-image-3950\" src=\"https:\/\/d2p6e6u75xmxt8.cloudfront.net\/12\/2019\/06\/wlc_cikk4.png\" alt=\"\" width=\"828\" height=\"551\" srcset=\"https:\/\/d2p6e6u75xmxt8.cloudfront.net\/12\/2019\/06\/wlc_cikk4.png 828w, https:\/\/d2p6e6u75xmxt8.cloudfront.net\/12\/2019\/06\/wlc_cikk4-300x200.png 300w, https:\/\/d2p6e6u75xmxt8.cloudfront.net\/12\/2019\/06\/wlc_cikk4-768x511.png 768w, https:\/\/d2p6e6u75xmxt8.cloudfront.net\/12\/2019\/06\/wlc_cikk4-272x182.png 272w\" sizes=\"auto, (max-width: 828px) 100vw, 828px\" \/><\/p>\n<p>B\u00e1r sok helyi l\u00e1tv\u00e1nyosan nem foglalkozik a szab\u00e1lyokkal, de ennek ellen\u00e9re \u00e9rdemes nem \u00e1thajtani a piroson. A bringa nagyj\u00e1b\u00f3l b\u00e1rhol lerakhat\u00f3, ahol nem akad\u00e1lyozza a k\u00f6zleked\u00e9st, viszont \u00e9rdemes lakatot haszn\u00e1lni, mert b\u00e1r a k\u00f6zbiztons\u00e1g kiemelked\u0151, sok lop\u00e1s fordul el\u0151. F\u0151leg a buszp\u00e1lyaudvarok \u00e9s vas\u00fat\u00e1llom\u00e1sok k\u00f6rny\u00e9k\u00e9n \u00e9rdemes kihaszn\u00e1lni a hatalmas ker\u00e9kp\u00e1rt\u00e1rol\u00f3kat.<\/p>\n<p><img loading=\"lazy\" decoding=\"async\" class=\"alignnone size-full wp-image-3949\" src=\"https:\/\/d2p6e6u75xmxt8.cloudfront.net\/12\/2019\/06\/wlc_025_5jpg.jpg\" alt=\"\" width=\"1000\" height=\"667\" srcset=\"https:\/\/d2p6e6u75xmxt8.cloudfront.net\/12\/2019\/06\/wlc_025_5jpg.jpg 1000w, https:\/\/d2p6e6u75xmxt8.cloudfront.net\/12\/2019\/06\/wlc_025_5jpg-300x200.jpg 300w, https:\/\/d2p6e6u75xmxt8.cloudfront.net\/12\/2019\/06\/wlc_025_5jpg-768x512.jpg 768w, https:\/\/d2p6e6u75xmxt8.cloudfront.net\/12\/2019\/06\/wlc_025_5jpg-272x182.jpg 272w\" sizes=\"auto, (max-width: 1000px) 100vw, 1000px\" \/><\/p>\n<p>B\u00e1r alapvet\u0151en toler\u00e1ns a v\u00e1ros a bring\u00e1sokkal, zs\u00fafolt helyen illik lesz\u00e1llni, \u00e9s tolni, ellenben a sisak visel\u00e9se csak gyerekek sz\u00e1m\u00e1ra k\u00f6telez\u0151. \u00c9s m\u00e9g egy dolog, ami j\u00f3l mutatja, mekkora t\u00f6megek tekernek Amszterdamban: alkalmank\u00e9nt bizony kialakul bring\u00e1s torl\u00f3d\u00e1s is, f\u0151leg a reggeli \u00f3r\u00e1kban, \u00e9s a munka ut\u00e1ni hazaindul\u00e1sn\u00e1l fordul el\u0151, hogy a bring\u00e1s s\u00e1vok bedugulnak. Val\u00f3sz\u00edn\u0171leg ezt a probl\u00e9m\u00e1t sok nagyv\u00e1ros elcser\u00e9ln\u00e9 a hagyom\u00e1nyos forgalmi dug\u00f3ra.<\/p>\n<p>&nbsp;<\/p>\n<p>&nbsp;<\/p>\n","protected":false},"excerpt":{"rendered":"<p>Ha Amszterdamr\u00f3l van sz\u00f3, mindenkinek h\u00e1rom dolog ugrik be azonnal: a csatorn\u00e1k, a coffeeshopok, \u00e9s a mindent ellep\u0151 bring\u00e1s t\u00f6meg. [&hellip;]<\/p>\n","protected":false},"author":71,"featured_media":3945,"comment_status":"open","ping_status":"open","sticky":false,"template":"","format":"standard","meta":{"footnotes":""},"categories":[9],"tags":[84,104],"global-categories":[],"class_list":["post-3944","post","type-post","status-publish","format-standard","has-post-thumbnail","hentry","category-varosi-kerekparozas","tag-biciklizes-amszterdamban","tag-varosi-kerekparozas"],"yoast_head":"<!-- This site is optimized with the Yoast SEO Premium plugin v25.3 (Yoast SEO v25.9) - https:\/\/yoast.com\/wordpress\/plugins\/seo\/ -->\n<title>Hogyan foglalt\u00e1k el Amszterdamot a bring\u00e1sok? - \u0160koda We Love Cycling - Magyarorsz\u00e1g<\/title>\n<meta name=\"robots\" content=\"index, follow, max-snippet:-1, max-image-preview:large, max-video-preview:-1\" \/>\n<link rel=\"canonical\" href=\"https:\/\/www.welovecycling.com\/hu\/varosi-kerekparozas\/hogyan-foglaltak-el-amszterdamot-a-bringasok\/\" \/>\n<meta property=\"og:locale\" content=\"hu_HU\" \/>\n<meta property=\"og:type\" content=\"article\" \/>\n<meta property=\"og:title\" content=\"Hogyan foglalt\u00e1k el Amszterdamot a bring\u00e1sok?\" \/>\n<meta property=\"og:description\" content=\"Ha Amszterdamr\u00f3l van sz\u00f3, mindenkinek h\u00e1rom dolog ugrik be azonnal: a csatorn\u00e1k, a coffeeshopok, \u00e9s a mindent ellep\u0151 bring\u00e1s t\u00f6meg. [&hellip;]\" \/>\n<meta property=\"og:url\" content=\"https:\/\/www.welovecycling.com\/hu\/varosi-kerekparozas\/hogyan-foglaltak-el-amszterdamot-a-bringasok\/\" \/>\n<meta property=\"og:site_name\" content=\"\u0160koda We Love Cycling - Magyarorsz\u00e1g\" \/>\n<meta property=\"article:publisher\" content=\"https:\/\/www.facebook.com\/WeLoveCyclingHungary\/\" \/>\n<meta property=\"article:published_time\" content=\"2019-06-17T07:00:16+00:00\" \/>\n<meta property=\"article:modified_time\" content=\"2019-06-18T11:13:53+00:00\" \/>\n<meta property=\"og:image\" content=\"https:\/\/d2p6e6u75xmxt8.cloudfront.net\/12\/2019\/06\/amsterdam-1769540_1280.jpg\" \/>\n\t<meta property=\"og:image:width\" content=\"1280\" \/>\n\t<meta property=\"og:image:height\" content=\"854\" \/>\n\t<meta property=\"og:image:type\" content=\"image\/jpeg\" \/>\n<meta name=\"author\" content=\"hegyizs\" \/>\n<meta name=\"twitter:card\" content=\"summary_large_image\" \/>\n<meta name=\"twitter:label1\" content=\"Written by\" \/>\n\t<meta name=\"twitter:data1\" content=\"hegyizs\" \/>\n\t<meta name=\"twitter:label2\" content=\"Est. reading time\" \/>\n\t<meta name=\"twitter:data2\" content=\"4 minutes\" \/>\n<script type=\"application\/ld+json\" class=\"yoast-schema-graph\">{\"@context\":\"https:\/\/schema.org\",\"@graph\":[{\"@type\":\"WebPage\",\"@id\":\"https:\/\/www.welovecycling.com\/hu\/varosi-kerekparozas\/hogyan-foglaltak-el-amszterdamot-a-bringasok\/\",\"url\":\"https:\/\/www.welovecycling.com\/hu\/varosi-kerekparozas\/hogyan-foglaltak-el-amszterdamot-a-bringasok\/\",\"name\":\"Hogyan foglalt\u00e1k el Amszterdamot a bring\u00e1sok? - \u0160koda We Love Cycling - Magyarorsz\u00e1g\",\"isPartOf\":{\"@id\":\"https:\/\/www.welovecycling.com\/hu\/#website\"},\"primaryImageOfPage\":{\"@id\":\"https:\/\/www.welovecycling.com\/hu\/varosi-kerekparozas\/hogyan-foglaltak-el-amszterdamot-a-bringasok\/#primaryimage\"},\"image\":{\"@id\":\"https:\/\/www.welovecycling.com\/hu\/varosi-kerekparozas\/hogyan-foglaltak-el-amszterdamot-a-bringasok\/#primaryimage\"},\"thumbnailUrl\":\"https:\/\/d2p6e6u75xmxt8.cloudfront.net\/12\/2019\/06\/amsterdam-1769540_1280.jpg\",\"datePublished\":\"2019-06-17T07:00:16+00:00\",\"dateModified\":\"2019-06-18T11:13:53+00:00\",\"author\":{\"@id\":\"https:\/\/www.welovecycling.com\/hu\/#\/schema\/person\/414a2aebf1801691a5320edb6468e194\"},\"breadcrumb\":{\"@id\":\"https:\/\/www.welovecycling.com\/hu\/varosi-kerekparozas\/hogyan-foglaltak-el-amszterdamot-a-bringasok\/#breadcrumb\"},\"inLanguage\":\"hu\",\"potentialAction\":[{\"@type\":\"ReadAction\",\"target\":[\"https:\/\/www.welovecycling.com\/hu\/varosi-kerekparozas\/hogyan-foglaltak-el-amszterdamot-a-bringasok\/\"]}]},{\"@type\":\"ImageObject\",\"inLanguage\":\"hu\",\"@id\":\"https:\/\/www.welovecycling.com\/hu\/varosi-kerekparozas\/hogyan-foglaltak-el-amszterdamot-a-bringasok\/#primaryimage\",\"url\":\"https:\/\/d2p6e6u75xmxt8.cloudfront.net\/12\/2019\/06\/amsterdam-1769540_1280.jpg\",\"contentUrl\":\"https:\/\/d2p6e6u75xmxt8.cloudfront.net\/12\/2019\/06\/amsterdam-1769540_1280.jpg\",\"width\":1280,\"height\":854},{\"@type\":\"BreadcrumbList\",\"@id\":\"https:\/\/www.welovecycling.com\/hu\/varosi-kerekparozas\/hogyan-foglaltak-el-amszterdamot-a-bringasok\/#breadcrumb\",\"itemListElement\":[{\"@type\":\"ListItem\",\"position\":1,\"name\":\"Home\",\"item\":\"https:\/\/www.welovecycling.com\/hu\/\"},{\"@type\":\"ListItem\",\"position\":2,\"name\":\"Hogyan foglalt\u00e1k el Amszterdamot a bring\u00e1sok?\"}]},{\"@type\":\"WebSite\",\"@id\":\"https:\/\/www.welovecycling.com\/hu\/#website\",\"url\":\"https:\/\/www.welovecycling.com\/hu\/\",\"name\":\"\u0160koda We Love Cycling - Magyarorsz\u00e1g\",\"description\":\"\u0160koda WeLoveCycling\",\"potentialAction\":[{\"@type\":\"SearchAction\",\"target\":{\"@type\":\"EntryPoint\",\"urlTemplate\":\"https:\/\/www.welovecycling.com\/hu\/?s={search_term_string}\"},\"query-input\":{\"@type\":\"PropertyValueSpecification\",\"valueRequired\":true,\"valueName\":\"search_term_string\"}}],\"inLanguage\":\"hu\"},{\"@type\":\"Person\",\"@id\":\"https:\/\/www.welovecycling.com\/hu\/#\/schema\/person\/414a2aebf1801691a5320edb6468e194\",\"name\":\"hegyizs\",\"image\":{\"@type\":\"ImageObject\",\"inLanguage\":\"hu\",\"@id\":\"https:\/\/www.welovecycling.com\/hu\/#\/schema\/person\/image\/\",\"url\":\"https:\/\/secure.gravatar.com\/avatar\/02cf8a7906b8cf90cecb4679defac7cfd33a1c2e3b88e4903d947f3bb58eedd3?s=96&d=mm&r=g\",\"contentUrl\":\"https:\/\/secure.gravatar.com\/avatar\/02cf8a7906b8cf90cecb4679defac7cfd33a1c2e3b88e4903d947f3bb58eedd3?s=96&d=mm&r=g\",\"caption\":\"hegyizs\"},\"url\":\"https:\/\/www.welovecycling.com\/hu\/author\/hegyizs\/\"}]}<\/script>\n<!-- \/ Yoast SEO Premium plugin. -->","yoast_head_json":{"title":"Hogyan foglalt\u00e1k el Amszterdamot a bring\u00e1sok? - \u0160koda We Love Cycling - Magyarorsz\u00e1g","robots":{"index":"index","follow":"follow","max-snippet":"max-snippet:-1","max-image-preview":"max-image-preview:large","max-video-preview":"max-video-preview:-1"},"canonical":"https:\/\/www.welovecycling.com\/hu\/varosi-kerekparozas\/hogyan-foglaltak-el-amszterdamot-a-bringasok\/","og_locale":"hu_HU","og_type":"article","og_title":"Hogyan foglalt\u00e1k el Amszterdamot a bring\u00e1sok?","og_description":"Ha Amszterdamr\u00f3l van sz\u00f3, mindenkinek h\u00e1rom dolog ugrik be azonnal: a csatorn\u00e1k, a coffeeshopok, \u00e9s a mindent ellep\u0151 bring\u00e1s t\u00f6meg. [&hellip;]","og_url":"https:\/\/www.welovecycling.com\/hu\/varosi-kerekparozas\/hogyan-foglaltak-el-amszterdamot-a-bringasok\/","og_site_name":"\u0160koda We Love Cycling - Magyarorsz\u00e1g","article_publisher":"https:\/\/www.facebook.com\/WeLoveCyclingHungary\/","article_published_time":"2019-06-17T07:00:16+00:00","article_modified_time":"2019-06-18T11:13:53+00:00","og_image":[{"width":1280,"height":854,"url":"https:\/\/d2p6e6u75xmxt8.cloudfront.net\/12\/2019\/06\/amsterdam-1769540_1280.jpg","type":"image\/jpeg"}],"author":"hegyizs","twitter_card":"summary_large_image","twitter_misc":{"Written by":"hegyizs","Est. reading time":"4 minutes"},"schema":{"@context":"https:\/\/schema.org","@graph":[{"@type":"WebPage","@id":"https:\/\/www.welovecycling.com\/hu\/varosi-kerekparozas\/hogyan-foglaltak-el-amszterdamot-a-bringasok\/","url":"https:\/\/www.welovecycling.com\/hu\/varosi-kerekparozas\/hogyan-foglaltak-el-amszterdamot-a-bringasok\/","name":"Hogyan foglalt\u00e1k el Amszterdamot a bring\u00e1sok? - \u0160koda We Love Cycling - Magyarorsz\u00e1g","isPartOf":{"@id":"https:\/\/www.welovecycling.com\/hu\/#website"},"primaryImageOfPage":{"@id":"https:\/\/www.welovecycling.com\/hu\/varosi-kerekparozas\/hogyan-foglaltak-el-amszterdamot-a-bringasok\/#primaryimage"},"image":{"@id":"https:\/\/www.welovecycling.com\/hu\/varosi-kerekparozas\/hogyan-foglaltak-el-amszterdamot-a-bringasok\/#primaryimage"},"thumbnailUrl":"https:\/\/d2p6e6u75xmxt8.cloudfront.net\/12\/2019\/06\/amsterdam-1769540_1280.jpg","datePublished":"2019-06-17T07:00:16+00:00","dateModified":"2019-06-18T11:13:53+00:00","author":{"@id":"https:\/\/www.welovecycling.com\/hu\/#\/schema\/person\/414a2aebf1801691a5320edb6468e194"},"breadcrumb":{"@id":"https:\/\/www.welovecycling.com\/hu\/varosi-kerekparozas\/hogyan-foglaltak-el-amszterdamot-a-bringasok\/#breadcrumb"},"inLanguage":"hu","potentialAction":[{"@type":"ReadAction","target":["https:\/\/www.welovecycling.com\/hu\/varosi-kerekparozas\/hogyan-foglaltak-el-amszterdamot-a-bringasok\/"]}]},{"@type":"ImageObject","inLanguage":"hu","@id":"https:\/\/www.welovecycling.com\/hu\/varosi-kerekparozas\/hogyan-foglaltak-el-amszterdamot-a-bringasok\/#primaryimage","url":"https:\/\/d2p6e6u75xmxt8.cloudfront.net\/12\/2019\/06\/amsterdam-1769540_1280.jpg","contentUrl":"https:\/\/d2p6e6u75xmxt8.cloudfront.net\/12\/2019\/06\/amsterdam-1769540_1280.jpg","width":1280,"height":854},{"@type":"BreadcrumbList","@id":"https:\/\/www.welovecycling.com\/hu\/varosi-kerekparozas\/hogyan-foglaltak-el-amszterdamot-a-bringasok\/#breadcrumb","itemListElement":[{"@type":"ListItem","position":1,"name":"Home","item":"https:\/\/www.welovecycling.com\/hu\/"},{"@type":"ListItem","position":2,"name":"Hogyan foglalt\u00e1k el Amszterdamot a bring\u00e1sok?"}]},{"@type":"WebSite","@id":"https:\/\/www.welovecycling.com\/hu\/#website","url":"https:\/\/www.welovecycling.com\/hu\/","name":"\u0160koda We Love Cycling - Magyarorsz\u00e1g","description":"\u0160koda WeLoveCycling","potentialAction":[{"@type":"SearchAction","target":{"@type":"EntryPoint","urlTemplate":"https:\/\/www.welovecycling.com\/hu\/?s={search_term_string}"},"query-input":{"@type":"PropertyValueSpecification","valueRequired":true,"valueName":"search_term_string"}}],"inLanguage":"hu"},{"@type":"Person","@id":"https:\/\/www.welovecycling.com\/hu\/#\/schema\/person\/414a2aebf1801691a5320edb6468e194","name":"hegyizs","image":{"@type":"ImageObject","inLanguage":"hu","@id":"https:\/\/www.welovecycling.com\/hu\/#\/schema\/person\/image\/","url":"https:\/\/secure.gravatar.com\/avatar\/02cf8a7906b8cf90cecb4679defac7cfd33a1c2e3b88e4903d947f3bb58eedd3?s=96&d=mm&r=g","contentUrl":"https:\/\/secure.gravatar.com\/avatar\/02cf8a7906b8cf90cecb4679defac7cfd33a1c2e3b88e4903d947f3bb58eedd3?s=96&d=mm&r=g","caption":"hegyizs"},"url":"https:\/\/www.welovecycling.com\/hu\/author\/hegyizs\/"}]}},"_links":{"self":[{"href":"https:\/\/www.welovecycling.com\/hu\/wp-json\/wp\/v2\/posts\/3944","targetHints":{"allow":["GET"]}}],"collection":[{"href":"https:\/\/www.welovecycling.com\/hu\/wp-json\/wp\/v2\/posts"}],"about":[{"href":"https:\/\/www.welovecycling.com\/hu\/wp-json\/wp\/v2\/types\/post"}],"author":[{"embeddable":true,"href":"https:\/\/www.welovecycling.com\/hu\/wp-json\/wp\/v2\/users\/71"}],"replies":[{"embeddable":true,"href":"https:\/\/www.welovecycling.com\/hu\/wp-json\/wp\/v2\/comments?post=3944"}],"version-history":[{"count":2,"href":"https:\/\/www.welovecycling.com\/hu\/wp-json\/wp\/v2\/posts\/3944\/revisions"}],"predecessor-version":[{"id":3954,"href":"https:\/\/www.welovecycling.com\/hu\/wp-json\/wp\/v2\/posts\/3944\/revisions\/3954"}],"wp:featuredmedia":[{"embeddable":true,"href":"https:\/\/www.welovecycling.com\/hu\/wp-json\/wp\/v2\/media\/3945"}],"wp:attachment":[{"href":"https:\/\/www.welovecycling.com\/hu\/wp-json\/wp\/v2\/media?parent=3944"}],"wp:term":[{"taxonomy":"category","embeddable":true,"href":"https:\/\/www.welovecycling.com\/hu\/wp-json\/wp\/v2\/categories?post=3944"},{"taxonomy":"post_tag","embeddable":true,"href":"https:\/\/www.welovecycling.com\/hu\/wp-json\/wp\/v2\/tags?post=3944"},{"taxonomy":"global-categories","embeddable":true,"href":"https:\/\/www.welovecycling.com\/hu\/wp-json\/wp\/v2\/global-categories?post=3944"}],"curies":[{"name":"wp","href":"https:\/\/api.w.org\/{rel}","templated":true}]}}