{"id":3922,"date":"2019-06-12T08:00:53","date_gmt":"2019-06-12T07:00:53","guid":{"rendered":"https:\/\/www.welovecycling.com\/hu\/?p=3922"},"modified":"2019-06-11T11:33:35","modified_gmt":"2019-06-11T10:33:35","slug":"3d-vizsgalattal-szemelyre-szabott-bukosisak-es-mas-uj-meno-cuccok-a-bringas-vilagbol","status":"publish","type":"post","link":"https:\/\/www.welovecycling.com\/hu\/biztonsag\/3d-vizsgalattal-szemelyre-szabott-bukosisak-es-mas-uj-meno-cuccok-a-bringas-vilagbol\/","title":{"rendered":"3D vizsg\u00e1lattal szem\u00e9lyre szabott buk\u00f3sisak \u00e9s m\u00e1s \u00faj men\u0151 cuccok a bring\u00e1s vil\u00e1gb\u00f3l"},"content":{"rendered":"<p><strong>A Hexo nev\u0171 startup \u00faj fajta buk\u00f3sisakot k\u00edn\u00e1l<\/strong><\/p>\n<p><!--more--><\/p>\n<p>A megfelel\u0151 buk\u00f3sisak megtal\u00e1l\u00e1sa gy\u00f6trelmes lehet. A gy\u00e1rt\u00f3k gyakran egy szabv\u00e1ny form\u00e1t haszn\u00e1lnak, ami egyszer\u0171en nem lehet j\u00f3 mindenkinek. \u00c1m egy \u00faj brit startup, a Hexo kital\u00e1lt erre valamit. Egy olyan applik\u00e1ci\u00f3t haszn\u00e1lnak, amely k\u00e9pes h\u00e1romdimenzi\u00f3s mint\u00e1t venni a fejedr\u0151l. \u00cdgy rendelhetsz olyan sisakot, amely t\u00f6k\u00e9letesen passzol a fejform\u00e1dhoz.<\/p>\n<p>https:\/\/www.instagram.com\/p\/Bpy3r8IAEZX\/<\/p>\n<p>\u00c1m a j\u00f3 h\u00edreknek nincs m\u00e9g v\u00e9ge ezzel. A Hexo ezut\u00e1n 3 dimenzi\u00f3ban kinyomtatja a sisakot egy hatsz\u00f6glet\u0171 m\u00e9hsejtet haszn\u00e1lva bels\u0151 burkolatk\u00e9nt. Ez a fajta fel\u00e9p\u00edt\u00e9s elvileg 68 sz\u00e1zal\u00e9kkal jobban kontroll\u00e1lja a k\u00fcls\u0151 behat\u00e1sok erej\u00e9t, mint a hagyom\u00e1nyos hungarocell. Emellett sokkal aerodinamikusabb is. A Hexo szerint egy 40 km-es id\u0151m\u00e9r\u0151n 10 m\u00e1sodpercet nyerhetsz a Giro Aetherhez \u00e9s a Kask Protone-hoz viszony\u00edtva.<\/p>\n<p>Szeretn\u00e9l egyet?<\/p>\n","protected":false},"excerpt":{"rendered":"<p>A Hexo nev\u0171 startup \u00faj fajta buk\u00f3sisakot k\u00edn\u00e1l<\/p>\n","protected":false},"author":71,"featured_media":3928,"comment_status":"open","ping_status":"open","sticky":false,"template":"","format":"standard","meta":{"footnotes":""},"categories":[10],"tags":[],"global-categories":[],"class_list":["post-3922","post","type-post","status-publish","format-standard","has-post-thumbnail","hentry","category-biztonsag"],"yoast_head":"<!-- This site is optimized with the Yoast SEO Premium plugin v25.3 (Yoast SEO v25.9) - https:\/\/yoast.com\/wordpress\/plugins\/seo\/ -->\n<title>3D vizsg\u00e1lattal szem\u00e9lyre szabott buk\u00f3sisak \u00e9s m\u00e1s \u00faj men\u0151 cuccok a bring\u00e1s vil\u00e1gb\u00f3l - \u0160koda We Love Cycling - Magyarorsz\u00e1g<\/title>\n<meta name=\"robots\" content=\"index, follow, max-snippet:-1, max-image-preview:large, max-video-preview:-1\" \/>\n<link rel=\"canonical\" href=\"https:\/\/www.welovecycling.com\/hu\/biztonsag\/3d-vizsgalattal-szemelyre-szabott-bukosisak-es-mas-uj-meno-cuccok-a-bringas-vilagbol\/\" \/>\n<meta property=\"og:locale\" content=\"hu_HU\" \/>\n<meta property=\"og:type\" content=\"article\" \/>\n<meta property=\"og:title\" content=\"3D vizsg\u00e1lattal szem\u00e9lyre szabott buk\u00f3sisak \u00e9s m\u00e1s \u00faj men\u0151 cuccok a bring\u00e1s vil\u00e1gb\u00f3l\" \/>\n<meta property=\"og:description\" content=\"A Hexo nev\u0171 startup \u00faj fajta buk\u00f3sisakot k\u00edn\u00e1l\" \/>\n<meta property=\"og:url\" content=\"https:\/\/www.welovecycling.com\/hu\/biztonsag\/3d-vizsgalattal-szemelyre-szabott-bukosisak-es-mas-uj-meno-cuccok-a-bringas-vilagbol\/\" \/>\n<meta property=\"og:site_name\" content=\"\u0160koda We Love Cycling - Magyarorsz\u00e1g\" \/>\n<meta property=\"article:publisher\" content=\"https:\/\/www.facebook.com\/WeLoveCyclingHungary\/\" \/>\n<meta property=\"article:published_time\" content=\"2019-06-12T07:00:53+00:00\" \/>\n<meta property=\"og:image\" content=\"https:\/\/d2p6e6u75xmxt8.cloudfront.net\/12\/2019\/06\/HexoHelmetCVR.jpg\" \/>\n\t<meta property=\"og:image:width\" content=\"1366\" \/>\n\t<meta property=\"og:image:height\" content=\"600\" \/>\n\t<meta property=\"og:image:type\" content=\"image\/jpeg\" \/>\n<meta name=\"author\" content=\"hegyizs\" \/>\n<meta name=\"twitter:card\" content=\"summary_large_image\" \/>\n<meta name=\"twitter:label1\" content=\"Written by\" \/>\n\t<meta name=\"twitter:data1\" content=\"Monica Buck\" \/>\n\t<meta name=\"twitter:label2\" content=\"Est. reading time\" \/>\n\t<meta name=\"twitter:data2\" content=\"3\" \/>\n<script type=\"application\/ld+json\" class=\"yoast-schema-graph\">{\"@context\":\"https:\/\/schema.org\",\"@graph\":[{\"@type\":\"WebPage\",\"@id\":\"https:\/\/www.welovecycling.com\/hu\/biztonsag\/3d-vizsgalattal-szemelyre-szabott-bukosisak-es-mas-uj-meno-cuccok-a-bringas-vilagbol\/\",\"url\":\"https:\/\/www.welovecycling.com\/hu\/biztonsag\/3d-vizsgalattal-szemelyre-szabott-bukosisak-es-mas-uj-meno-cuccok-a-bringas-vilagbol\/\",\"name\":\"3D vizsg\u00e1lattal szem\u00e9lyre szabott buk\u00f3sisak \u00e9s m\u00e1s \u00faj men\u0151 cuccok a bring\u00e1s vil\u00e1gb\u00f3l - \u0160koda We Love Cycling - Magyarorsz\u00e1g\",\"isPartOf\":{\"@id\":\"https:\/\/www.welovecycling.com\/hu\/#website\"},\"primaryImageOfPage\":{\"@id\":\"https:\/\/www.welovecycling.com\/hu\/biztonsag\/3d-vizsgalattal-szemelyre-szabott-bukosisak-es-mas-uj-meno-cuccok-a-bringas-vilagbol\/#primaryimage\"},\"image\":{\"@id\":\"https:\/\/www.welovecycling.com\/hu\/biztonsag\/3d-vizsgalattal-szemelyre-szabott-bukosisak-es-mas-uj-meno-cuccok-a-bringas-vilagbol\/#primaryimage\"},\"thumbnailUrl\":\"https:\/\/d2p6e6u75xmxt8.cloudfront.net\/12\/2019\/06\/HexoHelmetCVR.jpg\",\"datePublished\":\"2019-06-12T07:00:53+00:00\",\"author\":{\"@id\":\"https:\/\/www.welovecycling.com\/hu\/#\/schema\/person\/414a2aebf1801691a5320edb6468e194\"},\"breadcrumb\":{\"@id\":\"https:\/\/www.welovecycling.com\/hu\/biztonsag\/3d-vizsgalattal-szemelyre-szabott-bukosisak-es-mas-uj-meno-cuccok-a-bringas-vilagbol\/#breadcrumb\"},\"inLanguage\":\"hu\",\"potentialAction\":[{\"@type\":\"ReadAction\",\"target\":[\"https:\/\/www.welovecycling.com\/hu\/biztonsag\/3d-vizsgalattal-szemelyre-szabott-bukosisak-es-mas-uj-meno-cuccok-a-bringas-vilagbol\/\"]}]},{\"@type\":\"ImageObject\",\"inLanguage\":\"hu\",\"@id\":\"https:\/\/www.welovecycling.com\/hu\/biztonsag\/3d-vizsgalattal-szemelyre-szabott-bukosisak-es-mas-uj-meno-cuccok-a-bringas-vilagbol\/#primaryimage\",\"url\":\"https:\/\/d2p6e6u75xmxt8.cloudfront.net\/12\/2019\/06\/HexoHelmetCVR.jpg\",\"contentUrl\":\"https:\/\/d2p6e6u75xmxt8.cloudfront.net\/12\/2019\/06\/HexoHelmetCVR.jpg\",\"width\":1366,\"height\":600},{\"@type\":\"BreadcrumbList\",\"@id\":\"https:\/\/www.welovecycling.com\/hu\/biztonsag\/3d-vizsgalattal-szemelyre-szabott-bukosisak-es-mas-uj-meno-cuccok-a-bringas-vilagbol\/#breadcrumb\",\"itemListElement\":[{\"@type\":\"ListItem\",\"position\":1,\"name\":\"Home\",\"item\":\"https:\/\/www.welovecycling.com\/hu\/\"},{\"@type\":\"ListItem\",\"position\":2,\"name\":\"3D vizsg\u00e1lattal szem\u00e9lyre szabott buk\u00f3sisak \u00e9s m\u00e1s \u00faj men\u0151 cuccok a bring\u00e1s vil\u00e1gb\u00f3l\"}]},{\"@type\":\"WebSite\",\"@id\":\"https:\/\/www.welovecycling.com\/hu\/#website\",\"url\":\"https:\/\/www.welovecycling.com\/hu\/\",\"name\":\"\u0160koda We Love Cycling - Magyarorsz\u00e1g\",\"description\":\"\u0160koda WeLoveCycling\",\"potentialAction\":[{\"@type\":\"SearchAction\",\"target\":{\"@type\":\"EntryPoint\",\"urlTemplate\":\"https:\/\/www.welovecycling.com\/hu\/?s={search_term_string}\"},\"query-input\":{\"@type\":\"PropertyValueSpecification\",\"valueRequired\":true,\"valueName\":\"search_term_string\"}}],\"inLanguage\":\"hu\"},{\"@type\":\"Person\",\"@id\":\"https:\/\/www.welovecycling.com\/hu\/#\/schema\/person\/414a2aebf1801691a5320edb6468e194\",\"name\":\"hegyizs\",\"image\":{\"@type\":\"ImageObject\",\"inLanguage\":\"hu\",\"@id\":\"https:\/\/www.welovecycling.com\/hu\/#\/schema\/person\/image\/\",\"url\":\"https:\/\/secure.gravatar.com\/avatar\/02cf8a7906b8cf90cecb4679defac7cfd33a1c2e3b88e4903d947f3bb58eedd3?s=96&d=mm&r=g\",\"contentUrl\":\"https:\/\/secure.gravatar.com\/avatar\/02cf8a7906b8cf90cecb4679defac7cfd33a1c2e3b88e4903d947f3bb58eedd3?s=96&d=mm&r=g\",\"caption\":\"hegyizs\"},\"url\":\"https:\/\/www.welovecycling.com\/hu\/author\/hegyizs\/\"}]}<\/script>\n<!-- \/ Yoast SEO Premium plugin. -->","yoast_head_json":{"title":"3D vizsg\u00e1lattal szem\u00e9lyre szabott buk\u00f3sisak \u00e9s m\u00e1s \u00faj men\u0151 cuccok a bring\u00e1s vil\u00e1gb\u00f3l - \u0160koda We Love Cycling - Magyarorsz\u00e1g","robots":{"index":"index","follow":"follow","max-snippet":"max-snippet:-1","max-image-preview":"max-image-preview:large","max-video-preview":"max-video-preview:-1"},"canonical":"https:\/\/www.welovecycling.com\/hu\/biztonsag\/3d-vizsgalattal-szemelyre-szabott-bukosisak-es-mas-uj-meno-cuccok-a-bringas-vilagbol\/","og_locale":"hu_HU","og_type":"article","og_title":"3D vizsg\u00e1lattal szem\u00e9lyre szabott buk\u00f3sisak \u00e9s m\u00e1s \u00faj men\u0151 cuccok a bring\u00e1s vil\u00e1gb\u00f3l","og_description":"A Hexo nev\u0171 startup \u00faj fajta buk\u00f3sisakot k\u00edn\u00e1l","og_url":"https:\/\/www.welovecycling.com\/hu\/biztonsag\/3d-vizsgalattal-szemelyre-szabott-bukosisak-es-mas-uj-meno-cuccok-a-bringas-vilagbol\/","og_site_name":"\u0160koda We Love Cycling - Magyarorsz\u00e1g","article_publisher":"https:\/\/www.facebook.com\/WeLoveCyclingHungary\/","article_published_time":"2019-06-12T07:00:53+00:00","og_image":[{"width":1366,"height":600,"url":"https:\/\/d2p6e6u75xmxt8.cloudfront.net\/12\/2019\/06\/HexoHelmetCVR.jpg","type":"image\/jpeg"}],"author":"hegyizs","twitter_card":"summary_large_image","twitter_misc":{"Written by":"Monica Buck","Est. reading time":"3"},"schema":{"@context":"https:\/\/schema.org","@graph":[{"@type":"WebPage","@id":"https:\/\/www.welovecycling.com\/hu\/biztonsag\/3d-vizsgalattal-szemelyre-szabott-bukosisak-es-mas-uj-meno-cuccok-a-bringas-vilagbol\/","url":"https:\/\/www.welovecycling.com\/hu\/biztonsag\/3d-vizsgalattal-szemelyre-szabott-bukosisak-es-mas-uj-meno-cuccok-a-bringas-vilagbol\/","name":"3D vizsg\u00e1lattal szem\u00e9lyre szabott buk\u00f3sisak \u00e9s m\u00e1s \u00faj men\u0151 cuccok a bring\u00e1s vil\u00e1gb\u00f3l - \u0160koda We Love Cycling - Magyarorsz\u00e1g","isPartOf":{"@id":"https:\/\/www.welovecycling.com\/hu\/#website"},"primaryImageOfPage":{"@id":"https:\/\/www.welovecycling.com\/hu\/biztonsag\/3d-vizsgalattal-szemelyre-szabott-bukosisak-es-mas-uj-meno-cuccok-a-bringas-vilagbol\/#primaryimage"},"image":{"@id":"https:\/\/www.welovecycling.com\/hu\/biztonsag\/3d-vizsgalattal-szemelyre-szabott-bukosisak-es-mas-uj-meno-cuccok-a-bringas-vilagbol\/#primaryimage"},"thumbnailUrl":"https:\/\/d2p6e6u75xmxt8.cloudfront.net\/12\/2019\/06\/HexoHelmetCVR.jpg","datePublished":"2019-06-12T07:00:53+00:00","author":{"@id":"https:\/\/www.welovecycling.com\/hu\/#\/schema\/person\/414a2aebf1801691a5320edb6468e194"},"breadcrumb":{"@id":"https:\/\/www.welovecycling.com\/hu\/biztonsag\/3d-vizsgalattal-szemelyre-szabott-bukosisak-es-mas-uj-meno-cuccok-a-bringas-vilagbol\/#breadcrumb"},"inLanguage":"hu","potentialAction":[{"@type":"ReadAction","target":["https:\/\/www.welovecycling.com\/hu\/biztonsag\/3d-vizsgalattal-szemelyre-szabott-bukosisak-es-mas-uj-meno-cuccok-a-bringas-vilagbol\/"]}]},{"@type":"ImageObject","inLanguage":"hu","@id":"https:\/\/www.welovecycling.com\/hu\/biztonsag\/3d-vizsgalattal-szemelyre-szabott-bukosisak-es-mas-uj-meno-cuccok-a-bringas-vilagbol\/#primaryimage","url":"https:\/\/d2p6e6u75xmxt8.cloudfront.net\/12\/2019\/06\/HexoHelmetCVR.jpg","contentUrl":"https:\/\/d2p6e6u75xmxt8.cloudfront.net\/12\/2019\/06\/HexoHelmetCVR.jpg","width":1366,"height":600},{"@type":"BreadcrumbList","@id":"https:\/\/www.welovecycling.com\/hu\/biztonsag\/3d-vizsgalattal-szemelyre-szabott-bukosisak-es-mas-uj-meno-cuccok-a-bringas-vilagbol\/#breadcrumb","itemListElement":[{"@type":"ListItem","position":1,"name":"Home","item":"https:\/\/www.welovecycling.com\/hu\/"},{"@type":"ListItem","position":2,"name":"3D vizsg\u00e1lattal szem\u00e9lyre szabott buk\u00f3sisak \u00e9s m\u00e1s \u00faj men\u0151 cuccok a bring\u00e1s vil\u00e1gb\u00f3l"}]},{"@type":"WebSite","@id":"https:\/\/www.welovecycling.com\/hu\/#website","url":"https:\/\/www.welovecycling.com\/hu\/","name":"\u0160koda We Love Cycling - Magyarorsz\u00e1g","description":"\u0160koda WeLoveCycling","potentialAction":[{"@type":"SearchAction","target":{"@type":"EntryPoint","urlTemplate":"https:\/\/www.welovecycling.com\/hu\/?s={search_term_string}"},"query-input":{"@type":"PropertyValueSpecification","valueRequired":true,"valueName":"search_term_string"}}],"inLanguage":"hu"},{"@type":"Person","@id":"https:\/\/www.welovecycling.com\/hu\/#\/schema\/person\/414a2aebf1801691a5320edb6468e194","name":"hegyizs","image":{"@type":"ImageObject","inLanguage":"hu","@id":"https:\/\/www.welovecycling.com\/hu\/#\/schema\/person\/image\/","url":"https:\/\/secure.gravatar.com\/avatar\/02cf8a7906b8cf90cecb4679defac7cfd33a1c2e3b88e4903d947f3bb58eedd3?s=96&d=mm&r=g","contentUrl":"https:\/\/secure.gravatar.com\/avatar\/02cf8a7906b8cf90cecb4679defac7cfd33a1c2e3b88e4903d947f3bb58eedd3?s=96&d=mm&r=g","caption":"hegyizs"},"url":"https:\/\/www.welovecycling.com\/hu\/author\/hegyizs\/"}]}},"_links":{"self":[{"href":"https:\/\/www.welovecycling.com\/hu\/wp-json\/wp\/v2\/posts\/3922","targetHints":{"allow":["GET"]}}],"collection":[{"href":"https:\/\/www.welovecycling.com\/hu\/wp-json\/wp\/v2\/posts"}],"about":[{"href":"https:\/\/www.welovecycling.com\/hu\/wp-json\/wp\/v2\/types\/post"}],"author":[{"embeddable":true,"href":"https:\/\/www.welovecycling.com\/hu\/wp-json\/wp\/v2\/users\/71"}],"replies":[{"embeddable":true,"href":"https:\/\/www.welovecycling.com\/hu\/wp-json\/wp\/v2\/comments?post=3922"}],"version-history":[{"count":1,"href":"https:\/\/www.welovecycling.com\/hu\/wp-json\/wp\/v2\/posts\/3922\/revisions"}],"predecessor-version":[{"id":3929,"href":"https:\/\/www.welovecycling.com\/hu\/wp-json\/wp\/v2\/posts\/3922\/revisions\/3929"}],"wp:featuredmedia":[{"embeddable":true,"href":"https:\/\/www.welovecycling.com\/hu\/wp-json\/wp\/v2\/media\/3928"}],"wp:attachment":[{"href":"https:\/\/www.welovecycling.com\/hu\/wp-json\/wp\/v2\/media?parent=3922"}],"wp:term":[{"taxonomy":"category","embeddable":true,"href":"https:\/\/www.welovecycling.com\/hu\/wp-json\/wp\/v2\/categories?post=3922"},{"taxonomy":"post_tag","embeddable":true,"href":"https:\/\/www.welovecycling.com\/hu\/wp-json\/wp\/v2\/tags?post=3922"},{"taxonomy":"global-categories","embeddable":true,"href":"https:\/\/www.welovecycling.com\/hu\/wp-json\/wp\/v2\/global-categories?post=3922"}],"curies":[{"name":"wp","href":"https:\/\/api.w.org\/{rel}","templated":true}]}}