{"id":3886,"date":"2019-06-19T08:00:35","date_gmt":"2019-06-19T07:00:35","guid":{"rendered":"https:\/\/www.welovecycling.com\/hu\/?p=3886"},"modified":"2019-06-14T12:46:16","modified_gmt":"2019-06-14T11:46:16","slug":"mennyire-veszelyes-ha-jardan-kerekparozunk","status":"publish","type":"post","link":"https:\/\/www.welovecycling.com\/hu\/biztonsag\/mennyire-veszelyes-ha-jardan-kerekparozunk\/","title":{"rendered":"Mennyire vesz\u00e9lyes, ha j\u00e1rd\u00e1n ker\u00e9kp\u00e1rozunk?"},"content":{"rendered":"<p><strong>Nem sz\u00e1m\u00edt, hogy mennyire im\u00e1dunk ker\u00e9kp\u00e1rozni, n\u00e9ha (vagy n\u00e9h\u00e1ny helyen) a v\u00e1rosi k\u00f6zleked\u00e9sben tekerni nem t\u00fal kellemes. A villamosok csilingelnek, az aut\u00f3k kanyarodnak&#8230; term\u00e9szetes, hogy legsz\u00edvesebben elmenek\u00fcln\u00e9l. De hova? H\u00e1t persze, hogy a j\u00e1rd\u00e1ra! De val\u00f3ban biztons\u00e1gosabb ott? <\/strong><\/p>\n<p><!--more--><\/p>\n<p>Nehezen tal\u00e1ln\u00e1l olyan ker\u00e9kp\u00e1rost, aki soha nem tekert m\u00e9g j\u00e1rd\u00e1n, annak ellen\u00e9re, hogy a legt\u00f6bb orsz\u00e1gban ez tilos. A gyerekek is a j\u00e1rd\u00e1n tekernek, nemcsak az\u00e9rt, mert egy bizonyos kor alatt nem haszn\u00e1lhatj\u00e1k az \u00fattestet, hanem mert nem is mernek a forgalomban haladni. A feln\u0151ttek az\u00e9rt d\u00f6ntenek a j\u00e1rda mellett, mert \u00fagy \u00e9rzik, az kev\u00e9sb\u00e9 kock\u00e1zatos.<\/p>\n<figure id=\"attachment_3887\" aria-describedby=\"caption-attachment-3887\" style=\"width: 1250px\" class=\"wp-caption alignnone\"><a href=\"https:\/\/d2p6e6u75xmxt8.cloudfront.net\/12\/2019\/06\/Cyclist-Pavement-profimedia-0178891238.jpg\"><img loading=\"lazy\" decoding=\"async\" class=\"size-full wp-image-3887\" src=\"https:\/\/d2p6e6u75xmxt8.cloudfront.net\/12\/2019\/06\/Cyclist-Pavement-profimedia-0178891238.jpg\" alt=\"\" width=\"1250\" height=\"830\" srcset=\"https:\/\/d2p6e6u75xmxt8.cloudfront.net\/12\/2019\/06\/Cyclist-Pavement-profimedia-0178891238.jpg 1250w, https:\/\/d2p6e6u75xmxt8.cloudfront.net\/12\/2019\/06\/Cyclist-Pavement-profimedia-0178891238-300x199.jpg 300w, https:\/\/d2p6e6u75xmxt8.cloudfront.net\/12\/2019\/06\/Cyclist-Pavement-profimedia-0178891238-768x510.jpg 768w, https:\/\/d2p6e6u75xmxt8.cloudfront.net\/12\/2019\/06\/Cyclist-Pavement-profimedia-0178891238-1024x680.jpg 1024w, https:\/\/d2p6e6u75xmxt8.cloudfront.net\/12\/2019\/06\/Cyclist-Pavement-profimedia-0178891238-272x182.jpg 272w\" sizes=\"auto, (max-width: 1250px) 100vw, 1250px\" \/><\/a><figcaption id=\"caption-attachment-3887\" class=\"wp-caption-text\">\u00a9 Profimedia, Alamy<\/figcaption><\/figure>\n<p>Mindazon\u00e1ltal a j\u00e1rd\u00e1n ker\u00e9kp\u00e1roz\u00e1snak is k\u00e9t oldala van. M\u00edg a ker\u00e9kp\u00e1roz\u00f3k biztons\u00e1g\u00e9rzet\u00e9t n\u00f6veli, addig a gyalogosok hirtelen vesz\u00e9lyhelyzetbe ker\u00fclnek, ugyanis lassabbak, teh\u00e1t s\u00e9r\u00fcl\u00e9kenyebbek a biciklist\u00e1kn\u00e1l. &#8220;Nagyon fontos, hogy tiszt\u00e1ban legy\u00fcnk azzal, mi a j\u00e1rda \u00e9s, hogy milyen c\u00e9lb\u00f3l hozt\u00e1k l\u00e9tre. A t\u00f6rv\u00e9ny egy\u00e9rtelm\u0171en megfogalmazott szab\u00e1lyokat tartalmaz a j\u00e1rda haszn\u00e1lat\u00e1t illet\u0151en.&#8221; &#8211; nyilatkozta Ji\u0159\u00ed Pilomis a BESIP nev\u0171 cseh \u00fcgyn\u00f6ks\u00e9gt\u0151l, amelynek c\u00e9lja a k\u00f6zleked\u00e9sbiztons\u00e1g fejleszt\u00e9se.<\/p>\n<p>Fontos, hogy minden \u00fathaszn\u00e1l\u00f3 a saj\u00e1t biztons\u00e1g\u00e9rzet\u00e9t figyelembe v\u00e9ve k\u00f6zlekedjen. &#8220;A ker\u00e9kp\u00e1roz\u00f3 szemsz\u00f6g\u00e9b\u0151l egy\u00e9rtelm\u0171en biztons\u00e1gosabb a kihalt j\u00e1rd\u00e1n tekerni egy olyan helyen, ahol nagy \u00e9s bonyolult a forgalom. Ugyanakkor, a j\u00e1rda nem mindig elhagyatott, ez pedig esetleges ellent\u00e9thez vezethet a ker\u00e9kp\u00e1roz\u00f3 \u00e9s a gyalogos biztons\u00e1g\u00e9rzete k\u00f6z\u00f6tt. A felsz\u00edn alatt ez k\u00f6lcs\u00f6n\u00f6s ellenszenvet eredm\u00e9nyez.&#8221; &#8211; magyar\u00e1zza Ji\u0159\u00ed Polomis.<\/p>\n<p>Hozz\u00e1f\u0171zte, hogy egy m\u00e1sik jelent\u0151s ok, ami\u00e9rt a ker\u00e9kp\u00e1rosok a j\u00e1rd\u00e1t v\u00e1lasztj\u00e1k az, hogy tudat alatt kisz\u00e1m\u00edtj\u00e1k a befektetett energi\u00e1t. Ink\u00e1bb tekernek 50 m\u00e9tert a j\u00e1rd\u00e1n, mint, hogy a szab\u00e1lyokat betartva egy 200 m\u00e9teres ker\u00fcl\u0151t kelljen tenni\u00fck.<\/p>\n<figure id=\"attachment_3888\" aria-describedby=\"caption-attachment-3888\" style=\"width: 1250px\" class=\"wp-caption alignnone\"><a href=\"https:\/\/d2p6e6u75xmxt8.cloudfront.net\/12\/2019\/06\/profimedia-0256406524.jpg\"><img loading=\"lazy\" decoding=\"async\" class=\"wp-image-3888 size-full\" src=\"https:\/\/d2p6e6u75xmxt8.cloudfront.net\/12\/2019\/06\/profimedia-0256406524.jpg\" alt=\"\" width=\"1250\" height=\"833\" srcset=\"https:\/\/d2p6e6u75xmxt8.cloudfront.net\/12\/2019\/06\/profimedia-0256406524.jpg 1250w, https:\/\/d2p6e6u75xmxt8.cloudfront.net\/12\/2019\/06\/profimedia-0256406524-300x200.jpg 300w, https:\/\/d2p6e6u75xmxt8.cloudfront.net\/12\/2019\/06\/profimedia-0256406524-768x512.jpg 768w, https:\/\/d2p6e6u75xmxt8.cloudfront.net\/12\/2019\/06\/profimedia-0256406524-1024x682.jpg 1024w, https:\/\/d2p6e6u75xmxt8.cloudfront.net\/12\/2019\/06\/profimedia-0256406524-272x182.jpg 272w\" sizes=\"auto, (max-width: 1250px) 100vw, 1250px\" \/><\/a><figcaption id=\"caption-attachment-3888\" class=\"wp-caption-text\">\u00a9 Profimedia<\/figcaption><\/figure>\n<h2><strong>Szab\u00e1lys\u00e9rt\u00e9s <\/strong><\/h2>\n<p>B\u00e1rmilyen okb\u00f3l d\u00f6nts\u00fcnk is a j\u00e1rd\u00e1n ker\u00e9kp\u00e1roz\u00e1s mellett, nem \u00e1rt tudni, hogy ez csak n\u00e9h\u00e1ny kijel\u00f6lt r\u00e9szen szab\u00e1lyos. Minden m\u00e1s esetben tilos a j\u00e1rd\u00e1n tekerni, \u00e9s az adott orsz\u00e1g \u00e1ltal meghat\u00e1rozott b\u00fcntet\u00e9st vonja maga ut\u00e1n.<\/p>\n<p>2017 elej\u00e9n a londoni Metropolitan Police szokatlan m\u00f3don k\u00f6zel\u00edtette meg a jelens\u00e9get: elhat\u00e1rozt\u00e1k, hogy kider\u00edtik, mi\u00e9rt szegi meg olyan sok ker\u00e9kp\u00e1ros a tilt\u00e1st. Meg\u00e1ll\u00edtott\u00e1k a szab\u00e1lys\u00e9rt\u0151ket, de helysz\u00edni b\u00fcntet\u00e9s helyett, csak megk\u00e9rdezt\u00e9k, mi\u00e9rt tett\u00e9k. A kezdem\u00e9nyez\u00e9s seg\u00edtett beazonos\u00edtani a legvesz\u00e9lyesebb londoni \u00fatszakaszokat, ahol p\u00e9ld\u00e1ul a csal\u00e1dok nem mernek gyerekekkel egy\u00fctt tekerni.<\/p>\n<p>Kiket vesz\u00e9lyeztetnek legink\u00e1bb a j\u00e1rd\u00e1n ker\u00e9kp\u00e1roz\u00f3k? Els\u0151sorban a l\u00e1t\u00e1s- \u00e9s hall\u00e1ss\u00e9r\u00fclteket, akik sz\u00e1m\u00e1ra n\u00e9ha k\u00fcl\u00f6n\u00f6sen neh\u00e9z a gyalogosok k\u00f6zti t\u00e1j\u00e9koz\u00f3d\u00e1s, \u00e9s reag\u00e1lni sem tudnak olyan gyorsan egy k\u00f6zeled\u0151 j\u00e1rm\u0171re, p\u00e9ld\u00e1ul egy ker\u00e9kp\u00e1rra. A j\u00e1rd\u00e1n ker\u00e9kp\u00e1roz\u00e1st \u00e9pp emiatt a vesz\u00e9ly miatt tiltj\u00e1k. Minden m\u00e9ter, amit lakott ter\u00fcleten a j\u00e1rd\u00e1n ker\u00e9kp\u00e1rozva teszel meg, egy lehets\u00e9ges \u00fctk\u00f6z\u00e9sbe torkollhat, ennyit pedig nem \u00e9r az eg\u00e9sz.<\/p>\n<figure id=\"attachment_3889\" aria-describedby=\"caption-attachment-3889\" style=\"width: 1250px\" class=\"wp-caption alignnone\"><a href=\"https:\/\/d2p6e6u75xmxt8.cloudfront.net\/12\/2019\/06\/cycling-pavement-profimedia-0106643419.jpg\"><img loading=\"lazy\" decoding=\"async\" class=\"size-full wp-image-3889\" src=\"https:\/\/d2p6e6u75xmxt8.cloudfront.net\/12\/2019\/06\/cycling-pavement-profimedia-0106643419.jpg\" alt=\"\" width=\"1250\" height=\"763\" srcset=\"https:\/\/d2p6e6u75xmxt8.cloudfront.net\/12\/2019\/06\/cycling-pavement-profimedia-0106643419.jpg 1250w, https:\/\/d2p6e6u75xmxt8.cloudfront.net\/12\/2019\/06\/cycling-pavement-profimedia-0106643419-300x183.jpg 300w, https:\/\/d2p6e6u75xmxt8.cloudfront.net\/12\/2019\/06\/cycling-pavement-profimedia-0106643419-768x469.jpg 768w, https:\/\/d2p6e6u75xmxt8.cloudfront.net\/12\/2019\/06\/cycling-pavement-profimedia-0106643419-1024x625.jpg 1024w\" sizes=\"auto, (max-width: 1250px) 100vw, 1250px\" \/><\/a><figcaption id=\"caption-attachment-3889\" class=\"wp-caption-text\">\u00a9 Profimedia, Alamy<\/figcaption><\/figure>\n<h2><strong>Meglep\u0151 eredm\u00e9nyek: val\u00f3j\u00e1ban nem biztons\u00e1gosabb <\/strong><\/h2>\n<p>\u00dagy t\u0171nhet, a ker\u00e9kp\u00e1rosok f\u0151k\u00e9nt a biztons\u00e1goss\u00e1g miatt tekernek a j\u00e1rd\u00e1kon, \u00e1m sz\u00e1mos kutat\u00e1s bizony\u00edtja ennek az ellenkez\u0151j\u00e9t. 1998-ban Lisa Aultman-Hall a University of Vermont professzora k\u00f6zz\u00e9tett egy kutat\u00e1st, amely 1600 kanadai, Ottaw\u00e1ban \u00e9l\u0151 r\u00e9sztvev\u0151 besz\u00e1mol\u00f3it \u00e9s tapasztalatait r\u00f6gz\u00edtette. A kutat\u00e1s a v\u00e1rosi ker\u00e9kp\u00e1roz\u00f3k viselked\u00e9si mint\u00e1zatait vizsg\u00e1lta, melynek sor\u00e1n \u00e9rdekes eredm\u00e9nyek sz\u00fclettek: n\u00e9gyszer nagyobb ar\u00e1nyban vezetett s\u00e9r\u00fcl\u00e9shez a j\u00e1rd\u00e1n val\u00f3 ker\u00e9kp\u00e1roz\u00e1s, mint az \u00fattesten. Hogyan lehets\u00e9ges ez?<\/p>\n<p>A sz\u00e1mos ok k\u00f6z\u00fcl a legjelent\u0151sebb az volt, hogy a legt\u00f6bb esetben a ker\u00e9kp\u00e1rosok a saj\u00e1t hib\u00e1jukb\u00f3l s\u00e9r\u00fclnek meg egy \u00fctk\u00f6z\u00e9s sor\u00e1n, nem pedig m\u00e1s \u00fathaszn\u00e1l\u00f3k miatt. Elvesz\u00edtik az ir\u00e1ny\u00edt\u00e1st a ker\u00e9kp\u00e1r f\u00f6l\u00f6tt, elvesztik az egyens\u00falyt, megcs\u00fasznak, rosszul m\u00e9rik fel a sebess\u00e9g\u00fcket, neki\u00fctk\u00f6znek valaminek, nem vesznek \u00e9szre egy csatorn\u00e1t, egysz\u00f3val: elesnek. Tov\u00e1bb\u00e1 a j\u00e1rd\u00e1n ker\u00e9kp\u00e1roz\u00f3k sokszor tapasztalatlanok is, \u00e9s pont ez\u00e9rt nem mernek \u00e1lland\u00f3 forgalomban k\u00f6zlekedni. Aultman-Hall szerint az ilyen ker\u00e9kp\u00e1rosok m\u00e9g nem k\u00e9pesek helyesen felm\u00e9rni a dolgokat, nem el\u00e9g magabiztosak az aut\u00f3kkal szemben, ez pedig k\u00f6nnyen bajhoz vezethet.<\/p>\n<h2><strong>Tolerancia mindenekfelett <\/strong><\/h2>\n<p>A tanulm\u00e1nyok \u00e9s szab\u00e1lyoz\u00e1sok ellen\u00e9re, a ker\u00e9kp\u00e1rosok sosem fognak teljesen elt\u0171nni a j\u00e1rd\u00e1kr\u00f3l. \u00c1m nagy k\u00fcl\u00f6nbs\u00e9g van az agressz\u00edv, a j\u00e1rd\u00e1t bicikli\u00fatnak tekint\u0151 ker\u00e9kp\u00e1roz\u00f3k \u00e9s azok k\u00f6z\u00f6tt, akik sebess\u00e9g\u00fcket a gyalogosokhoz igaz\u00edtj\u00e1k, \u00e9s nem haboznak, ha le kell sz\u00e1llniuk egy nagyobb csoporttal val\u00f3 tal\u00e1lkoz\u00e1s sor\u00e1n.<\/p>\n<figure id=\"attachment_3890\" aria-describedby=\"caption-attachment-3890\" style=\"width: 1250px\" class=\"wp-caption alignnone\"><a href=\"https:\/\/d2p6e6u75xmxt8.cloudfront.net\/12\/2019\/06\/Pavement-cycling-profimedia-0001639485.jpg\"><img loading=\"lazy\" decoding=\"async\" class=\"size-full wp-image-3890\" src=\"https:\/\/d2p6e6u75xmxt8.cloudfront.net\/12\/2019\/06\/Pavement-cycling-profimedia-0001639485.jpg\" alt=\"\" width=\"1250\" height=\"937\" srcset=\"https:\/\/d2p6e6u75xmxt8.cloudfront.net\/12\/2019\/06\/Pavement-cycling-profimedia-0001639485.jpg 1250w, https:\/\/d2p6e6u75xmxt8.cloudfront.net\/12\/2019\/06\/Pavement-cycling-profimedia-0001639485-300x225.jpg 300w, https:\/\/d2p6e6u75xmxt8.cloudfront.net\/12\/2019\/06\/Pavement-cycling-profimedia-0001639485-768x576.jpg 768w, https:\/\/d2p6e6u75xmxt8.cloudfront.net\/12\/2019\/06\/Pavement-cycling-profimedia-0001639485-1024x768.jpg 1024w\" sizes=\"auto, (max-width: 1250px) 100vw, 1250px\" \/><\/a><figcaption id=\"caption-attachment-3890\" class=\"wp-caption-text\">\u00a9 Profimedia, Alamy<\/figcaption><\/figure>\n<p>&#8220;Mindent egybev\u00e9ve, a helyzet kulcsa a k\u00f6lcs\u00f6n\u00f6s toleranci\u00e1ban \u00e9s a szab\u00e1lyok tiszteletben tart\u00e1s\u00e1ban rejlik&#8221; &#8211; fogalmaz Ji\u0159\u00ed Polomis, aki szerint a legjobb megold\u00e1s a megel\u0151z\u00e9s \u00e9s a tudatoss\u00e1g n\u00f6vel\u00e9se. Egy m\u00e1sik \u00f3vint\u00e9zked\u00e9s a ker\u00e9kp\u00e1ros infrastrukt\u00far\u00e1hoz k\u00f6thet\u0151: k\u00fcl\u00f6n s\u00e1vok l\u00e9trehoz\u00e1sa a ker\u00e9kp\u00e1roz\u00f3k sz\u00e1m\u00e1ra, ak\u00e1r a j\u00e1rd\u00e1n, ak\u00e1r az \u00fattesten. &#8220;Ugyanakkor a legfontosabb mindig a k\u00f6lcs\u00f6n\u00f6s tisztelet \u00e9s az egym\u00e1sra figyel\u00e9s lesz&#8221; -foglalta \u00f6ssze Ji\u0159\u00ed Polomis.<\/p>\n<p>Te mit gondolsz? A j\u00e1rd\u00e1n ker\u00e9kp\u00e1roz\u00e1s egy elfogadhatatlan kock\u00e1zat, vagy egy olyan bocs\u00e1natos b\u0171n, amit id\u0151r\u0151l id\u0151re te is elk\u00f6vetsz?<\/p>\n","protected":false},"excerpt":{"rendered":"<p>Nem sz\u00e1m\u00edt, hogy mennyire im\u00e1dunk ker\u00e9kp\u00e1rozni, n\u00e9ha (vagy n\u00e9h\u00e1ny helyen) a v\u00e1rosi k\u00f6zleked\u00e9sben tekerni nem t\u00fal kellemes. A villamosok csilingelnek, [&hellip;]<\/p>\n","protected":false},"author":71,"featured_media":3892,"comment_status":"open","ping_status":"open","sticky":false,"template":"","format":"standard","meta":{"footnotes":""},"categories":[10],"tags":[],"global-categories":[],"class_list":["post-3886","post","type-post","status-publish","format-standard","has-post-thumbnail","hentry","category-biztonsag"],"yoast_head":"<!-- This site is optimized with the Yoast SEO Premium plugin v25.3 (Yoast SEO v25.9) - https:\/\/yoast.com\/wordpress\/plugins\/seo\/ -->\n<title>Mennyire vesz\u00e9lyes, ha j\u00e1rd\u00e1n ker\u00e9kp\u00e1rozunk? - \u0160koda We Love Cycling - Magyarorsz\u00e1g<\/title>\n<meta name=\"robots\" content=\"index, follow, max-snippet:-1, max-image-preview:large, max-video-preview:-1\" \/>\n<link rel=\"canonical\" href=\"https:\/\/www.welovecycling.com\/hu\/biztonsag\/mennyire-veszelyes-ha-jardan-kerekparozunk\/\" \/>\n<meta property=\"og:locale\" content=\"hu_HU\" \/>\n<meta property=\"og:type\" content=\"article\" \/>\n<meta property=\"og:title\" content=\"Mennyire vesz\u00e9lyes, ha j\u00e1rd\u00e1n ker\u00e9kp\u00e1rozunk?\" \/>\n<meta property=\"og:description\" content=\"Nem sz\u00e1m\u00edt, hogy mennyire im\u00e1dunk ker\u00e9kp\u00e1rozni, n\u00e9ha (vagy n\u00e9h\u00e1ny helyen) a v\u00e1rosi k\u00f6zleked\u00e9sben tekerni nem t\u00fal kellemes. A villamosok csilingelnek, [&hellip;]\" \/>\n<meta property=\"og:url\" content=\"https:\/\/www.welovecycling.com\/hu\/biztonsag\/mennyire-veszelyes-ha-jardan-kerekparozunk\/\" \/>\n<meta property=\"og:site_name\" content=\"\u0160koda We Love Cycling - Magyarorsz\u00e1g\" \/>\n<meta property=\"article:publisher\" content=\"https:\/\/www.facebook.com\/WeLoveCyclingHungary\/\" \/>\n<meta property=\"article:published_time\" content=\"2019-06-19T07:00:35+00:00\" \/>\n<meta property=\"og:image\" content=\"https:\/\/d2p6e6u75xmxt8.cloudfront.net\/12\/2019\/06\/5878757.jpg\" \/>\n\t<meta property=\"og:image:width\" content=\"1375\" \/>\n\t<meta property=\"og:image:height\" content=\"600\" \/>\n\t<meta property=\"og:image:type\" content=\"image\/jpeg\" \/>\n<meta name=\"author\" content=\"hegyizs\" \/>\n<meta name=\"twitter:card\" content=\"summary_large_image\" \/>\n<meta name=\"twitter:label1\" content=\"Written by\" \/>\n\t<meta name=\"twitter:data1\" content=\"Adam Marsal\" \/>\n\t<meta name=\"twitter:label2\" content=\"Est. reading time\" \/>\n\t<meta name=\"twitter:data2\" content=\"6\" \/>\n<script type=\"application\/ld+json\" class=\"yoast-schema-graph\">{\"@context\":\"https:\/\/schema.org\",\"@graph\":[{\"@type\":\"WebPage\",\"@id\":\"https:\/\/www.welovecycling.com\/hu\/biztonsag\/mennyire-veszelyes-ha-jardan-kerekparozunk\/\",\"url\":\"https:\/\/www.welovecycling.com\/hu\/biztonsag\/mennyire-veszelyes-ha-jardan-kerekparozunk\/\",\"name\":\"Mennyire vesz\u00e9lyes, ha j\u00e1rd\u00e1n ker\u00e9kp\u00e1rozunk? - \u0160koda We Love Cycling - Magyarorsz\u00e1g\",\"isPartOf\":{\"@id\":\"https:\/\/www.welovecycling.com\/hu\/#website\"},\"primaryImageOfPage\":{\"@id\":\"https:\/\/www.welovecycling.com\/hu\/biztonsag\/mennyire-veszelyes-ha-jardan-kerekparozunk\/#primaryimage\"},\"image\":{\"@id\":\"https:\/\/www.welovecycling.com\/hu\/biztonsag\/mennyire-veszelyes-ha-jardan-kerekparozunk\/#primaryimage\"},\"thumbnailUrl\":\"https:\/\/d2p6e6u75xmxt8.cloudfront.net\/12\/2019\/06\/5878757.jpg\",\"datePublished\":\"2019-06-19T07:00:35+00:00\",\"author\":{\"@id\":\"https:\/\/www.welovecycling.com\/hu\/#\/schema\/person\/414a2aebf1801691a5320edb6468e194\"},\"breadcrumb\":{\"@id\":\"https:\/\/www.welovecycling.com\/hu\/biztonsag\/mennyire-veszelyes-ha-jardan-kerekparozunk\/#breadcrumb\"},\"inLanguage\":\"hu\",\"potentialAction\":[{\"@type\":\"ReadAction\",\"target\":[\"https:\/\/www.welovecycling.com\/hu\/biztonsag\/mennyire-veszelyes-ha-jardan-kerekparozunk\/\"]}]},{\"@type\":\"ImageObject\",\"inLanguage\":\"hu\",\"@id\":\"https:\/\/www.welovecycling.com\/hu\/biztonsag\/mennyire-veszelyes-ha-jardan-kerekparozunk\/#primaryimage\",\"url\":\"https:\/\/d2p6e6u75xmxt8.cloudfront.net\/12\/2019\/06\/5878757.jpg\",\"contentUrl\":\"https:\/\/d2p6e6u75xmxt8.cloudfront.net\/12\/2019\/06\/5878757.jpg\",\"width\":1375,\"height\":600},{\"@type\":\"BreadcrumbList\",\"@id\":\"https:\/\/www.welovecycling.com\/hu\/biztonsag\/mennyire-veszelyes-ha-jardan-kerekparozunk\/#breadcrumb\",\"itemListElement\":[{\"@type\":\"ListItem\",\"position\":1,\"name\":\"Home\",\"item\":\"https:\/\/www.welovecycling.com\/hu\/\"},{\"@type\":\"ListItem\",\"position\":2,\"name\":\"Mennyire vesz\u00e9lyes, ha j\u00e1rd\u00e1n ker\u00e9kp\u00e1rozunk?\"}]},{\"@type\":\"WebSite\",\"@id\":\"https:\/\/www.welovecycling.com\/hu\/#website\",\"url\":\"https:\/\/www.welovecycling.com\/hu\/\",\"name\":\"\u0160koda We Love Cycling - Magyarorsz\u00e1g\",\"description\":\"\u0160koda WeLoveCycling\",\"potentialAction\":[{\"@type\":\"SearchAction\",\"target\":{\"@type\":\"EntryPoint\",\"urlTemplate\":\"https:\/\/www.welovecycling.com\/hu\/?s={search_term_string}\"},\"query-input\":{\"@type\":\"PropertyValueSpecification\",\"valueRequired\":true,\"valueName\":\"search_term_string\"}}],\"inLanguage\":\"hu\"},{\"@type\":\"Person\",\"@id\":\"https:\/\/www.welovecycling.com\/hu\/#\/schema\/person\/414a2aebf1801691a5320edb6468e194\",\"name\":\"hegyizs\",\"image\":{\"@type\":\"ImageObject\",\"inLanguage\":\"hu\",\"@id\":\"https:\/\/www.welovecycling.com\/hu\/#\/schema\/person\/image\/\",\"url\":\"https:\/\/secure.gravatar.com\/avatar\/02cf8a7906b8cf90cecb4679defac7cfd33a1c2e3b88e4903d947f3bb58eedd3?s=96&d=mm&r=g\",\"contentUrl\":\"https:\/\/secure.gravatar.com\/avatar\/02cf8a7906b8cf90cecb4679defac7cfd33a1c2e3b88e4903d947f3bb58eedd3?s=96&d=mm&r=g\",\"caption\":\"hegyizs\"},\"url\":\"https:\/\/www.welovecycling.com\/hu\/author\/hegyizs\/\"}]}<\/script>\n<!-- \/ Yoast SEO Premium plugin. -->","yoast_head_json":{"title":"Mennyire vesz\u00e9lyes, ha j\u00e1rd\u00e1n ker\u00e9kp\u00e1rozunk? - \u0160koda We Love Cycling - Magyarorsz\u00e1g","robots":{"index":"index","follow":"follow","max-snippet":"max-snippet:-1","max-image-preview":"max-image-preview:large","max-video-preview":"max-video-preview:-1"},"canonical":"https:\/\/www.welovecycling.com\/hu\/biztonsag\/mennyire-veszelyes-ha-jardan-kerekparozunk\/","og_locale":"hu_HU","og_type":"article","og_title":"Mennyire vesz\u00e9lyes, ha j\u00e1rd\u00e1n ker\u00e9kp\u00e1rozunk?","og_description":"Nem sz\u00e1m\u00edt, hogy mennyire im\u00e1dunk ker\u00e9kp\u00e1rozni, n\u00e9ha (vagy n\u00e9h\u00e1ny helyen) a v\u00e1rosi k\u00f6zleked\u00e9sben tekerni nem t\u00fal kellemes. A villamosok csilingelnek, [&hellip;]","og_url":"https:\/\/www.welovecycling.com\/hu\/biztonsag\/mennyire-veszelyes-ha-jardan-kerekparozunk\/","og_site_name":"\u0160koda We Love Cycling - Magyarorsz\u00e1g","article_publisher":"https:\/\/www.facebook.com\/WeLoveCyclingHungary\/","article_published_time":"2019-06-19T07:00:35+00:00","og_image":[{"width":1375,"height":600,"url":"https:\/\/d2p6e6u75xmxt8.cloudfront.net\/12\/2019\/06\/5878757.jpg","type":"image\/jpeg"}],"author":"hegyizs","twitter_card":"summary_large_image","twitter_misc":{"Written by":"Adam Marsal","Est. reading time":"6"},"schema":{"@context":"https:\/\/schema.org","@graph":[{"@type":"WebPage","@id":"https:\/\/www.welovecycling.com\/hu\/biztonsag\/mennyire-veszelyes-ha-jardan-kerekparozunk\/","url":"https:\/\/www.welovecycling.com\/hu\/biztonsag\/mennyire-veszelyes-ha-jardan-kerekparozunk\/","name":"Mennyire vesz\u00e9lyes, ha j\u00e1rd\u00e1n ker\u00e9kp\u00e1rozunk? - \u0160koda We Love Cycling - Magyarorsz\u00e1g","isPartOf":{"@id":"https:\/\/www.welovecycling.com\/hu\/#website"},"primaryImageOfPage":{"@id":"https:\/\/www.welovecycling.com\/hu\/biztonsag\/mennyire-veszelyes-ha-jardan-kerekparozunk\/#primaryimage"},"image":{"@id":"https:\/\/www.welovecycling.com\/hu\/biztonsag\/mennyire-veszelyes-ha-jardan-kerekparozunk\/#primaryimage"},"thumbnailUrl":"https:\/\/d2p6e6u75xmxt8.cloudfront.net\/12\/2019\/06\/5878757.jpg","datePublished":"2019-06-19T07:00:35+00:00","author":{"@id":"https:\/\/www.welovecycling.com\/hu\/#\/schema\/person\/414a2aebf1801691a5320edb6468e194"},"breadcrumb":{"@id":"https:\/\/www.welovecycling.com\/hu\/biztonsag\/mennyire-veszelyes-ha-jardan-kerekparozunk\/#breadcrumb"},"inLanguage":"hu","potentialAction":[{"@type":"ReadAction","target":["https:\/\/www.welovecycling.com\/hu\/biztonsag\/mennyire-veszelyes-ha-jardan-kerekparozunk\/"]}]},{"@type":"ImageObject","inLanguage":"hu","@id":"https:\/\/www.welovecycling.com\/hu\/biztonsag\/mennyire-veszelyes-ha-jardan-kerekparozunk\/#primaryimage","url":"https:\/\/d2p6e6u75xmxt8.cloudfront.net\/12\/2019\/06\/5878757.jpg","contentUrl":"https:\/\/d2p6e6u75xmxt8.cloudfront.net\/12\/2019\/06\/5878757.jpg","width":1375,"height":600},{"@type":"BreadcrumbList","@id":"https:\/\/www.welovecycling.com\/hu\/biztonsag\/mennyire-veszelyes-ha-jardan-kerekparozunk\/#breadcrumb","itemListElement":[{"@type":"ListItem","position":1,"name":"Home","item":"https:\/\/www.welovecycling.com\/hu\/"},{"@type":"ListItem","position":2,"name":"Mennyire vesz\u00e9lyes, ha j\u00e1rd\u00e1n ker\u00e9kp\u00e1rozunk?"}]},{"@type":"WebSite","@id":"https:\/\/www.welovecycling.com\/hu\/#website","url":"https:\/\/www.welovecycling.com\/hu\/","name":"\u0160koda We Love Cycling - Magyarorsz\u00e1g","description":"\u0160koda WeLoveCycling","potentialAction":[{"@type":"SearchAction","target":{"@type":"EntryPoint","urlTemplate":"https:\/\/www.welovecycling.com\/hu\/?s={search_term_string}"},"query-input":{"@type":"PropertyValueSpecification","valueRequired":true,"valueName":"search_term_string"}}],"inLanguage":"hu"},{"@type":"Person","@id":"https:\/\/www.welovecycling.com\/hu\/#\/schema\/person\/414a2aebf1801691a5320edb6468e194","name":"hegyizs","image":{"@type":"ImageObject","inLanguage":"hu","@id":"https:\/\/www.welovecycling.com\/hu\/#\/schema\/person\/image\/","url":"https:\/\/secure.gravatar.com\/avatar\/02cf8a7906b8cf90cecb4679defac7cfd33a1c2e3b88e4903d947f3bb58eedd3?s=96&d=mm&r=g","contentUrl":"https:\/\/secure.gravatar.com\/avatar\/02cf8a7906b8cf90cecb4679defac7cfd33a1c2e3b88e4903d947f3bb58eedd3?s=96&d=mm&r=g","caption":"hegyizs"},"url":"https:\/\/www.welovecycling.com\/hu\/author\/hegyizs\/"}]}},"_links":{"self":[{"href":"https:\/\/www.welovecycling.com\/hu\/wp-json\/wp\/v2\/posts\/3886","targetHints":{"allow":["GET"]}}],"collection":[{"href":"https:\/\/www.welovecycling.com\/hu\/wp-json\/wp\/v2\/posts"}],"about":[{"href":"https:\/\/www.welovecycling.com\/hu\/wp-json\/wp\/v2\/types\/post"}],"author":[{"embeddable":true,"href":"https:\/\/www.welovecycling.com\/hu\/wp-json\/wp\/v2\/users\/71"}],"replies":[{"embeddable":true,"href":"https:\/\/www.welovecycling.com\/hu\/wp-json\/wp\/v2\/comments?post=3886"}],"version-history":[{"count":2,"href":"https:\/\/www.welovecycling.com\/hu\/wp-json\/wp\/v2\/posts\/3886\/revisions"}],"predecessor-version":[{"id":3894,"href":"https:\/\/www.welovecycling.com\/hu\/wp-json\/wp\/v2\/posts\/3886\/revisions\/3894"}],"wp:featuredmedia":[{"embeddable":true,"href":"https:\/\/www.welovecycling.com\/hu\/wp-json\/wp\/v2\/media\/3892"}],"wp:attachment":[{"href":"https:\/\/www.welovecycling.com\/hu\/wp-json\/wp\/v2\/media?parent=3886"}],"wp:term":[{"taxonomy":"category","embeddable":true,"href":"https:\/\/www.welovecycling.com\/hu\/wp-json\/wp\/v2\/categories?post=3886"},{"taxonomy":"post_tag","embeddable":true,"href":"https:\/\/www.welovecycling.com\/hu\/wp-json\/wp\/v2\/tags?post=3886"},{"taxonomy":"global-categories","embeddable":true,"href":"https:\/\/www.welovecycling.com\/hu\/wp-json\/wp\/v2\/global-categories?post=3886"}],"curies":[{"name":"wp","href":"https:\/\/api.w.org\/{rel}","templated":true}]}}